{"id":54363,"date":"2020-10-20T21:15:44","date_gmt":"2020-10-21T02:15:44","guid":{"rendered":"http:\/\/www.grieta.org.mx\/?p=54363"},"modified":"2020-10-21T21:20:03","modified_gmt":"2020-10-22T02:20:03","slug":"desplazamiento-forzado-en-la-tarahumara-obligados-a-dejar-su-comunidad-y-su-bosque-chihuahua","status":"publish","type":"post","link":"https:\/\/www.grieta.org.mx\/index.php\/2020\/10\/20\/desplazamiento-forzado-en-la-tarahumara-obligados-a-dejar-su-comunidad-y-su-bosque-chihuahua\/","title":{"rendered":"Desplazamiento forzado en la Tarahumara: obligados a dejar su comunidad y su bosque (Chihuahua)"},"content":{"rendered":"<div class=\"ap_desktop_container\">\n<div class=\"ap_single_first_excerpt ap_mobile_noshow\">En el estado de Chihuahua, al norte de M\u00e9xico, la expansi\u00f3n de los grupos dedicados a la producci\u00f3n de drogas ha provocado el desplazamiento forzado de, por lo menos, 400 personas.<\/div>\n<\/div>\n<div class=\"ap_desktop_container\">\n<div class=\"ap_single_thumbnail ap_mobile_noshow\"><img loading=\"lazy\" decoding=\"async\" class=\"lazy\" src=\"https:\/\/www.animalpolitico.com\/wp-content\/uploads\/2020\/10\/Chiapas-3-1536x1152-1.jpg\" width=\"794\" height=\"596\" \/><\/div>\n<div class=\"ap_single_credits ap_mobile_noshow\">Foto: Thelma G\u00f3mez Dur\u00e1n.<\/div>\n<div class=\"ap_single_first_info\">\n<div class=\"ap_single_first_info_author\">Por: <strong>Patricia Mayorga (Mongabay)<\/strong><\/div>\n<\/div>\n<div>\n<p>En la Sierra Tarahumara, el pinole es un alimento vital. Es tanto el aprecio que se le tiene a esta harina elaborada con ma\u00edz que las mujeres ind\u00edgenas la utilizan para \u201calimentar\u201d a los aguajes: la esparcen en los lugares donde hay agua, para que no dejen de dar vida a las comunidades. Con el pinole tambi\u00e9n \u201calimentan\u201d a los pinos, porque ellos traen el agua. Este ritual dej\u00f3 de hacerse en los poblados donde sus habitantes fueron obligados a dejar sus r\u00edos, sus bosques y sus tierras.<\/p>\n<p>Desde 2017, por lo menos\u00a0<strong>410 personas fueron forzadas a desplazarse<\/strong>\u00a0de sus comunidades en la Sierra Tarahumara \u2014la cadena monta\u00f1osa y \u00e1rea forestal que se extiende a lo largo de Chihuahua, al norte de M\u00e9xico\u2014, de acuerdo con datos de la\u00a0Comisi\u00f3n Ejecutiva de Atenci\u00f3n a V\u00edctimas del Estado\u00a0(CEAVE).<\/p>\n<p>Tan solo en 2019, alrededor de 100 familias (300 personas) fueron obligadas a desplazarse de tres comunidades del municipio de Guadalupe y Calvo, de acuerdo con el informe\u00a0<strong><em>Episodios de Desplazamiento Interno Forzado Masivo en M\u00e9xico 2019<\/em><\/strong>, elaborado por la Comisi\u00f3n Mexicana de Defensa y Promoci\u00f3n de los Derechos Humanos (CMDPDH).<\/p>\n<p>Testimonios de personas desplazadas, as\u00ed como lo documentado por organizaciones no gubernamentales y dependencias estatales, se\u00f1alan que el principal detonante del desplazamiento forzado en la regi\u00f3n es el\u00a0<strong>control del territorio por parte de los grupos que se dedican al tr\u00e1fico de drogas;<\/strong>\u00a0los cuales, adem\u00e1s, han diversificado sus actividades y ahora tambi\u00e9n manejan la tala ilegal.<\/p>\n<p>En el informe elaborado por la CMDPDH, y publicado en agosto de 2020, se se\u00f1ala que \u201clos desplazamientos de comunidades ind\u00edgenas, ocasionados por\u00a0<strong>disputas territoriales entre grupos delictivos,<\/strong>\u00a0suelen ser comunes en la regi\u00f3n serrana de Chihuahua, debido a que se trata de una zona de siembra de amapola y es parte de la regi\u00f3n conocida como el Tri\u00e1ngulo Dorado (ubicada entre los estados de Chihuahua, Durango y Sinaloa), caracterizada por la presencia de grupos ligados al narcotr\u00e1fico\u201d.<\/p>\n<p>Organizaciones no gubernamentales dedicadas a la defensa de los derechos humanos en Chihuahua \u2014entre ellas\u00a0Consultor\u00eda T\u00e9cnica Comunitaria (Contec), la\u00a0<a href=\"http:\/\/alianzasierramadre.org\/en\/\" target=\"_blank\" rel=\"noopener noreferrer\">Alianza Sierra Madre<\/a>\u00a0y el Centro de Derechos Humanos de las Mujeres (Cedehm)\u2014 han documentado que el desplazamiento forzado en la Tarahumara comenz\u00f3 a ser m\u00e1s evidente a partir de 2011.<\/p>\n<p>La CEAVE tiene registrados casos de\u00a0<strong>desplazamiento forzado en 56 comunidades<\/strong>\u00a0de municipios como Guadalupe y Calvo, Uruachi, Balleza, Saucillo, Delicias y Guachochi. A ese mapa se suman los municipios de Madera, Guazapares, Batopilas, Urique y Bocoyna, de acuerdo con lo documentado por organizaciones no gubernamentales.<\/p>\n<h2><strong>Dejar la comunidad y el bosque<\/strong><\/h2>\n<p>Desde hace poco m\u00e1s de cinco a\u00f1os, Cruz S\u00e1nchez Lagarda, ind\u00edgena rar\u00e1muri, conoce lo que es el desplazamiento forzado. Su familia y otras m\u00e1s tuvieron que dejar\u00a0<a href=\"https:\/\/diario.mx\/Estado\/2016-03-22_045f2915\/dan-refugio-a-109-desplazados-de-urique\/\" target=\"_blank\" rel=\"noopener noreferrer\">El Manzano<\/a>, en el municipio de Uruachi, al oeste de Chihuahua.<\/p>\n<p>En entrevista, desde la ciudad donde est\u00e1 refugiado con su familia, Cruz S\u00e1nchez cuenta que el desplazamiento de los habitantes del Manzano comenz\u00f3 a gestarse desde principios de 2015, cuando miembros de uno de los carteles de narcotr\u00e1fico amenazaron a j\u00f3venes de la comunidad que se negaban a ser reclutados por ese grupo. En febrero de ese a\u00f1o, uno de los hijos de Cruz S\u00e1nchez fue asesinado.<\/p>\n<p>Un mes despu\u00e9s, alrededor de<strong>\u00a050 hombres armados<\/strong>\u00a0y con el rostro cubierto irrumpieron en El Manzano, comunidad que forma parte del ejido Rogoroyvo. Los habitantes se defendieron y se dio un enfrentamiento que dur\u00f3 alrededor de siete horas. Los miembros del cartel advirtieron que regresar\u00edan. Fue por eso que alrededor de 36 personas, entre ellas la familia de Cruz S\u00e1nchez, fueron la primeras en dejar El Manzano.<\/p>\n<p>Las amenazas contra la comunidad no cesaron. Por lo que, durante 2016 otras familias salieron del poblado.<\/p>\n<div class=\"app_box_banner\">\n<div class=\"app_box_banner_content\">\n<p>El periodismo libre necesita de sus lectores.<\/p>\n<p>Sigamos contando las historias que importan.<\/p>\n<div class=\"app_box_banner_content_cta\"><a href=\"https:\/\/www.animalpolitico.com\/suscribete\" target=\"_blank\" rel=\"noopener noreferrer\">Suscr\u00edbete<\/a><br \/>\na Animal Pol\u00edtico.<\/div>\n<p class=\"app_box_banner_sp\">#YoSoy<em>Animal<\/em><\/p>\n<\/div>\n<\/div>\n<p>Las personas desplazadas del Manzano dejaron sus casas, sus cultivos, su ganado y su bosque comunitario. Aquellos que, como Cruz S\u00e1nchez Lagarda, son ejidatarios de Rogoroyvo tambi\u00e9n dejaron vac\u00edo su lugar en las asambleas ejidales.<\/p>\n<p>S\u00e1nchez Lagarda fue comisariado ejidal de Rogoroyvo de 1999 a 2000. Durante ese tiempo, una de las acciones que realizaron los integrantes del comisariado fue impulsar<strong>\u00a0el aprovechamiento forestal en su territorio colectivo<\/strong>.<\/p>\n<p><a href=\"https:\/\/www.animalpolitico.com\/2020\/07\/mexico-entre-5-paises-america-latina-perdieron-bosques-2019\/\" target=\"_blank\" rel=\"noopener noreferrer\">Ent\u00e9rate: M\u00e9xico, entre los 5 pa\u00edses de Am\u00e9rica Latina que perdieron la mayor cantidad de bosques primarios en 2019<\/a><\/p>\n<p>El ind\u00edgena rar\u00e1muri recuerda que, adem\u00e1s de contar con un plan de manejo forestal,\u00a0<strong>se impuls\u00f3 la compra de un aserradero<\/strong>\u00a0para dar valor agregado a la madera que produc\u00eda la comunidad.<\/p>\n<p>\u201cProduc\u00edamos madera y la vend\u00edamos a empresas de Parral y Delicias\u2026 Todos gan\u00e1bamos\u201d, cuenta Cruz S\u00e1nchez. El dinero que se obten\u00eda por la venta de la madera se distribu\u00eda entre los ejidatarios. A la par, cada uno ten\u00eda su parcela donde sembraba principalmente ma\u00edz y otros productos, seg\u00fan la temporada.<\/p>\n<p>Los ejidatarios tuvieron diferencias por cambio de sus autoridades; aun as\u00ed, el trabajo forestal sigui\u00f3 adelante. Entre 2010 y 2011, decidieron adquirir un nuevo aserradero, a trav\u00e9s de un programa del gobierno estatal que les permit\u00eda pagar la mitad del costo.<\/p>\n<p>Sin embargo, apunta Cruz S\u00e1nchez, fue durante esos a\u00f1os que la situaci\u00f3n comenz\u00f3 a descomponerse en la regi\u00f3n.\u00a0<strong>La violencia, los asesinatos y las amenazas se incrementaron.<\/strong><\/p>\n<p>El proyecto forestal que ten\u00eda la comunidad El Manzano se paraliz\u00f3 hace poco m\u00e1s de tres a\u00f1os.\u00a0<strong>De los 445 ejidatarios de Rogoroyvo solo quedaron alrededor de 300.<\/strong>\u00a0La mayor\u00eda dej\u00f3 la comunidad por la violencia y otros m\u00e1s por la falta de trabajo.<\/p>\n<p>El territorio comunitario comenz\u00f3 a resentir los nuevos tiempos: \u201c<strong>Empezaron a derribar pinos para sembrar amapola<\/strong>\u00a0(flor de la cual se extrae el l\u00e1tex con el que se produce la goma de opio)\u2026 Los arroyos se fueron secando.\u00a0<strong>El bosque est\u00e1 abandonado<\/strong>\u201d, lamenta Cruz S\u00e1nchez.<\/p>\n<p>El desplazamiento forzado no solo golpea la vida de las comunidades y de las personas. Su onda expansiva tambi\u00e9n la resienten los bosques.<\/p>\n<p>Cuando una comunidad que ha realizado\u00a0<strong>manejo forestal<\/strong>\u00a0se ve obligada a dejar su territorio, \u201cno hay quien cuide en forma ordenada el bosque\u201d, resalta Federico Mancera-Valencia, investigador del\u00a0Centro de Investigaci\u00f3n y Docencia (CID), que depende de los Servicios Educativos del Estado de Chihuahua.<\/p>\n<p>Para tener un bosque sano, explica el investigador, es necesario realizar diversos trabajos, entre ellos la poda de los \u00e1rboles. Si no tienen ese cuidado, los bosques est\u00e1n expuestos y m\u00e1s vulnerables a incendios y plagas.<\/p>\n<p>En Uruachi, el municipio donde se encuentra el ejido de Rocoroyvo, desde hace cinco a\u00f1os no se realiza aprovechamiento forestal; por lo tanto, tampoco se ha reforestado en los bosques de la zona, de acuerdo con Refugio Luna Garc\u00eda, director forestal de la Secretar\u00eda de Desarrollo Rural del gobierno de Chihuahua.<\/p>\n<p>Lo mismo sucede en los municipios de Guazapares y Urique, donde comunidades completas \u2014de ind\u00edgenas y mestizos\u2014, han huido porque les han arrebatado sus tierras, como lo han documentado organizaciones como el Cedehm y la Comisi\u00f3n de Solidaridad y Defensa de los Derechos Humanos A.C (Cosyddhac).https:\/\/www.animalpolitico.com\/2020\/10\/desplazamiento-forzado-tarahumara-obligados-a-dejar-su-comunidad-bosque\/<\/p>\n<\/div>\n<\/div>\n","protected":false},"excerpt":{"rendered":"<p>En el estado de Chihuahua, al norte de M\u00e9xico, la expansi\u00f3n de los grupos dedicados a la producci\u00f3n de drogas ha provocado el desplazamiento forzado de, por lo menos, 400 &hellip; <a href=\"https:\/\/www.grieta.org.mx\/index.php\/2020\/10\/20\/desplazamiento-forzado-en-la-tarahumara-obligados-a-dejar-su-comunidad-y-su-bosque-chihuahua\/\" class=\"more-link\">Leer m\u00e1s<\/a><\/p>\n","protected":false},"author":2,"featured_media":54364,"comment_status":"closed","ping_status":"closed","sticky":false,"template":"","format":"standard","meta":{"ngg_post_thumbnail":0,"_jetpack_newsletter_access":"","_jetpack_dont_email_post_to_subs":false,"_jetpack_newsletter_tier_id":0,"_jetpack_memberships_contains_paywalled_content":false,"_jetpack_memberships_contains_paid_content":false,"footnotes":""},"categories":[12,80,2655,2211],"tags":[184,3157],"class_list":["post-54363","post","type-post","status-publish","format-standard","has-post-thumbnail","hentry","category-chihuahua","category-cintillo","category-desplazados-por-violencia-en-chihuahua","category-tala-ilegal-en-la-tarahumara","tag-despojo","tag-tala-de-los-bosques","entry"],"jetpack_featured_media_url":"https:\/\/www.grieta.org.mx\/wp-content\/uploads\/2020\/10\/Chiapas-3-1536x1152-1.jpg","jetpack_sharing_enabled":true,"jetpack_shortlink":"https:\/\/wp.me\/p7ZJR4-e8P","jetpack_likes_enabled":false,"jetpack-related-posts":[{"id":9881,"url":"https:\/\/www.grieta.org.mx\/index.php\/2016\/07\/22\/despojo-en-la-sierra-tarahumara\/","url_meta":{"origin":54363,"position":0},"title":"Despojo en la Sierra Tarahumara","author":"grieta","date":"22 julio, 2016","format":false,"excerpt":"22\/07\/16. Huyen tarahumaras de violencia y hambre para asentarse en SamalayucaEntrelineas 23\/05\/16. Tala clandestina tiene la sierra Tarahumara en situaci\u00f3n de riesgoFrontenet 21\/05\/16. Aumenta desplazamiento forzado en la Tarahumara en pleno proceso electoralProceso 27\/03\/16. Habitantes de la Sierra viven en una constante intimidaci\u00f3n por parte del crimen organizadoEntrelineas 8\/03\/16. Sierra\u2026","rel":"","context":"En &quot;Chihuahua&quot;","block_context":{"text":"Chihuahua","link":"https:\/\/www.grieta.org.mx\/index.php\/category\/noticias-nacionales\/chihuahua\/"},"img":{"alt_text":"","src":"https:\/\/i0.wp.com\/www.grieta.org.mx\/wp-content\/uploads\/2018\/03\/14524434_1106112876131411_958039263622046936_o.jpg?resize=350%2C200&ssl=1","width":350,"height":200,"srcset":"https:\/\/i0.wp.com\/www.grieta.org.mx\/wp-content\/uploads\/2018\/03\/14524434_1106112876131411_958039263622046936_o.jpg?resize=350%2C200&ssl=1 1x, https:\/\/i0.wp.com\/www.grieta.org.mx\/wp-content\/uploads\/2018\/03\/14524434_1106112876131411_958039263622046936_o.jpg?resize=525%2C300&ssl=1 1.5x, https:\/\/i0.wp.com\/www.grieta.org.mx\/wp-content\/uploads\/2018\/03\/14524434_1106112876131411_958039263622046936_o.jpg?resize=700%2C400&ssl=1 2x"},"classes":[]},{"id":35011,"url":"https:\/\/www.grieta.org.mx\/index.php\/2019\/06\/18\/desplazamiento-en-la-tarahumara-perder-la-paz-el-patrimonio-y-la-identidad-chihuahua\/","url_meta":{"origin":54363,"position":1},"title":"Desplazamiento en la tarahumara: perder la paz, el patrimonio y la identidad (Chihuahua)","author":"grieta","date":"18 junio, 2019","format":false,"excerpt":"Ra\u00edchali\/ LA VERDAD Chihuahua \u2013 Huyen por el monte, como ganado. \u2013A veces se pasan semanas enteras caminado, escondi\u00e9ndose. \u2013Comen lo que pueden: nopales, plantas, lo que encentran en el camino. \u2013Se van apenas con lo que llevan puesto. Son pocos los que logran planear su salida. \u2013Pasan de comunidad\u2026","rel":"","context":"En &quot;Chihuahua&quot;","block_context":{"text":"Chihuahua","link":"https:\/\/www.grieta.org.mx\/index.php\/category\/noticias-nacionales\/chihuahua\/"},"img":{"alt_text":"","src":"https:\/\/i0.wp.com\/www.grieta.org.mx\/wp-content\/uploads\/2019\/06\/Operativo-coordinado-Atascaderos-2.jpeg?resize=350%2C200&ssl=1","width":350,"height":200,"srcset":"https:\/\/i0.wp.com\/www.grieta.org.mx\/wp-content\/uploads\/2019\/06\/Operativo-coordinado-Atascaderos-2.jpeg?resize=350%2C200&ssl=1 1x, https:\/\/i0.wp.com\/www.grieta.org.mx\/wp-content\/uploads\/2019\/06\/Operativo-coordinado-Atascaderos-2.jpeg?resize=525%2C300&ssl=1 1.5x, https:\/\/i0.wp.com\/www.grieta.org.mx\/wp-content\/uploads\/2019\/06\/Operativo-coordinado-Atascaderos-2.jpeg?resize=700%2C400&ssl=1 2x"},"classes":[]},{"id":29881,"url":"https:\/\/www.grieta.org.mx\/index.php\/2019\/02\/02\/denuncian-ecocidio-en-la-sierra-tarahumara-chihuahua\/","url_meta":{"origin":54363,"position":2},"title":"Denuncian ecocidio en la sierra tarahumara (Chihuahua)","author":"grieta","date":"2 febrero, 2019","format":false,"excerpt":"La Opci\u00f3n de Chihuahua Chihuahua.- La destrucci\u00f3n de la Sierra Tarahumara contin\u00faa; a trav\u00e9s de fotograf\u00edas que circulan en redes sociales se muestran numerosos \u00e1rboles cortados. De acuerdo con la publicaci\u00f3n Semarnat, Profepa y Desarrollo Forestal del Estado no hacen nada para detener la tala ilegal de \u00e1rboles de la\u2026","rel":"","context":"En &quot;Chihuahua&quot;","block_context":{"text":"Chihuahua","link":"https:\/\/www.grieta.org.mx\/index.php\/category\/noticias-nacionales\/chihuahua\/"},"img":{"alt_text":"","src":"https:\/\/i0.wp.com\/www.grieta.org.mx\/wp-content\/uploads\/2019\/03\/Sierra-Tarahu.jpeg?resize=350%2C200&ssl=1","width":350,"height":200,"srcset":"https:\/\/i0.wp.com\/www.grieta.org.mx\/wp-content\/uploads\/2019\/03\/Sierra-Tarahu.jpeg?resize=350%2C200&ssl=1 1x, https:\/\/i0.wp.com\/www.grieta.org.mx\/wp-content\/uploads\/2019\/03\/Sierra-Tarahu.jpeg?resize=525%2C300&ssl=1 1.5x, https:\/\/i0.wp.com\/www.grieta.org.mx\/wp-content\/uploads\/2019\/03\/Sierra-Tarahu.jpeg?resize=700%2C400&ssl=1 2x"},"classes":[]},{"id":48012,"url":"https:\/\/www.grieta.org.mx\/index.php\/2020\/04\/20\/exigen-justicia-por-multihomicidio-en-la-tarahumara-chihuahua\/","url_meta":{"origin":54363,"position":3},"title":"Exigen justicia por multihomicidio en la Tarahumara (Chihuahua)","author":"grieta","date":"20 abril, 2020","format":false,"excerpt":"Patricia Mayorga (Proceso) Foto tomada de SinEmbargo CIUDAD DE M\u00c9XICO (apro).- .\u00a0El obispo de la Tarahumara, Juan Manuel Gonz\u00e1lez Sandoval, exigi\u00f3 justicia y pidi\u00f3 que las autoridades ejerzan su trabajo para dar una respuesta pronta y eficaz a las familias de las v\u00edctimas que fueron asesinadas por un grupo armado\u2026","rel":"","context":"En &quot;Chihuahua&quot;","block_context":{"text":"Chihuahua","link":"https:\/\/www.grieta.org.mx\/index.php\/category\/noticias-nacionales\/chihuahua\/"},"img":{"alt_text":"","src":"https:\/\/i0.wp.com\/www.grieta.org.mx\/wp-content\/uploads\/2020\/04\/foto-principal-1024x683.jpg?resize=350%2C200&ssl=1","width":350,"height":200,"srcset":"https:\/\/i0.wp.com\/www.grieta.org.mx\/wp-content\/uploads\/2020\/04\/foto-principal-1024x683.jpg?resize=350%2C200&ssl=1 1x, https:\/\/i0.wp.com\/www.grieta.org.mx\/wp-content\/uploads\/2020\/04\/foto-principal-1024x683.jpg?resize=525%2C300&ssl=1 1.5x, https:\/\/i0.wp.com\/www.grieta.org.mx\/wp-content\/uploads\/2020\/04\/foto-principal-1024x683.jpg?resize=700%2C400&ssl=1 2x, https:\/\/i0.wp.com\/www.grieta.org.mx\/wp-content\/uploads\/2020\/04\/foto-principal-1024x683.jpg?resize=1050%2C600&ssl=1 3x"},"classes":[]},{"id":33741,"url":"https:\/\/www.grieta.org.mx\/index.php\/2019\/04\/25\/secuestran-al-hijo-de-cruz-sanchez-defensor-indigena-en-chihuahua\/","url_meta":{"origin":54363,"position":4},"title":"Secuestran al hijo de Cruz S\u00e1nchez, defensor ind\u00edgena en Chihuahua","author":"grieta","date":"25 abril, 2019","format":false,"excerpt":"Hombres armados sacaron a la fuerza de su casa a Joel S\u00e1nchez. La familia es parte de la comunidad El Manzano, cuyos habitantes son v\u00edctimas de desplazamiento por la violencia del crimen organizado. Redacci\u00f3n\/ ANIMAL POL\u00cdTICO Hombres armados secuestraron este mi\u00e9rcoles a Joel S\u00e1nchez Cruz, hijo del defensor y activista\u2026","rel":"","context":"En &quot;Chihuahua&quot;","block_context":{"text":"Chihuahua","link":"https:\/\/www.grieta.org.mx\/index.php\/category\/noticias-nacionales\/chihuahua\/"},"img":{"alt_text":"","src":"https:\/\/i0.wp.com\/www.grieta.org.mx\/wp-content\/uploads\/2019\/05\/Secuestro.jpg?resize=350%2C200&ssl=1","width":350,"height":200,"srcset":"https:\/\/i0.wp.com\/www.grieta.org.mx\/wp-content\/uploads\/2019\/05\/Secuestro.jpg?resize=350%2C200&ssl=1 1x, https:\/\/i0.wp.com\/www.grieta.org.mx\/wp-content\/uploads\/2019\/05\/Secuestro.jpg?resize=525%2C300&ssl=1 1.5x, https:\/\/i0.wp.com\/www.grieta.org.mx\/wp-content\/uploads\/2019\/05\/Secuestro.jpg?resize=700%2C400&ssl=1 2x, https:\/\/i0.wp.com\/www.grieta.org.mx\/wp-content\/uploads\/2019\/05\/Secuestro.jpg?resize=1050%2C600&ssl=1 3x, https:\/\/i0.wp.com\/www.grieta.org.mx\/wp-content\/uploads\/2019\/05\/Secuestro.jpg?resize=1400%2C800&ssl=1 4x"},"classes":[]},{"id":33698,"url":"https:\/\/www.grieta.org.mx\/index.php\/2019\/05\/17\/mexico-asesinan-a-madre-e-hijo-defensores-de-tierra-y-territorio-de-la-sierra-tarahumara-y-familiares-de-lider-julian-carrillo-martinez-asesinado-en-2018\/","url_meta":{"origin":54363,"position":5},"title":"M\u00e9xico: Asesinan a madre e hijo, defensores de tierra y territorio de la Sierra Tarahumara y familiares de l\u00edder Juli\u00e1n Carrillo Mart\u00ednez asesinado en 2018","author":"grieta","date":"17 mayo, 2019","format":false,"excerpt":"BUSINESS-HUMANRIGHT\/ LA JORNADA \u201cMatan a madre e hijo, defensores de bosques en Chihuahua\u201d, 4 de mayo de 2019 \u2026Asesinos a sueldo ultimaron a Otilia Mart\u00ednez Cruz\u2026y a su hijo Gregorio Chaparro Cruz, de 20, en el municipio de Guadalupe y Calvo, en los l\u00edmites de Chihuahua y Sinaloa. Las v\u00edctimas\u2026","rel":"","context":"En &quot;Chihuahua&quot;","block_context":{"text":"Chihuahua","link":"https:\/\/www.grieta.org.mx\/index.php\/category\/noticias-nacionales\/chihuahua\/"},"img":{"alt_text":"","src":"https:\/\/i0.wp.com\/www.grieta.org.mx\/wp-content\/uploads\/2018\/03\/14524434_1106112876131411_958039263622046936_o.jpg?resize=350%2C200&ssl=1","width":350,"height":200,"srcset":"https:\/\/i0.wp.com\/www.grieta.org.mx\/wp-content\/uploads\/2018\/03\/14524434_1106112876131411_958039263622046936_o.jpg?resize=350%2C200&ssl=1 1x, https:\/\/i0.wp.com\/www.grieta.org.mx\/wp-content\/uploads\/2018\/03\/14524434_1106112876131411_958039263622046936_o.jpg?resize=525%2C300&ssl=1 1.5x, https:\/\/i0.wp.com\/www.grieta.org.mx\/wp-content\/uploads\/2018\/03\/14524434_1106112876131411_958039263622046936_o.jpg?resize=700%2C400&ssl=1 2x"},"classes":[]}],"_links":{"self":[{"href":"https:\/\/www.grieta.org.mx\/index.php\/wp-json\/wp\/v2\/posts\/54363","targetHints":{"allow":["GET"]}}],"collection":[{"href":"https:\/\/www.grieta.org.mx\/index.php\/wp-json\/wp\/v2\/posts"}],"about":[{"href":"https:\/\/www.grieta.org.mx\/index.php\/wp-json\/wp\/v2\/types\/post"}],"author":[{"embeddable":true,"href":"https:\/\/www.grieta.org.mx\/index.php\/wp-json\/wp\/v2\/users\/2"}],"replies":[{"embeddable":true,"href":"https:\/\/www.grieta.org.mx\/index.php\/wp-json\/wp\/v2\/comments?post=54363"}],"version-history":[{"count":1,"href":"https:\/\/www.grieta.org.mx\/index.php\/wp-json\/wp\/v2\/posts\/54363\/revisions"}],"predecessor-version":[{"id":54365,"href":"https:\/\/www.grieta.org.mx\/index.php\/wp-json\/wp\/v2\/posts\/54363\/revisions\/54365"}],"wp:featuredmedia":[{"embeddable":true,"href":"https:\/\/www.grieta.org.mx\/index.php\/wp-json\/wp\/v2\/media\/54364"}],"wp:attachment":[{"href":"https:\/\/www.grieta.org.mx\/index.php\/wp-json\/wp\/v2\/media?parent=54363"}],"wp:term":[{"taxonomy":"category","embeddable":true,"href":"https:\/\/www.grieta.org.mx\/index.php\/wp-json\/wp\/v2\/categories?post=54363"},{"taxonomy":"post_tag","embeddable":true,"href":"https:\/\/www.grieta.org.mx\/index.php\/wp-json\/wp\/v2\/tags?post=54363"}],"curies":[{"name":"wp","href":"https:\/\/api.w.org\/{rel}","templated":true}]}}