{"id":54352,"date":"2020-10-20T11:36:06","date_gmt":"2020-10-20T16:36:06","guid":{"rendered":"http:\/\/www.grieta.org.mx\/?p=54352"},"modified":"2020-10-20T21:42:10","modified_gmt":"2020-10-21T02:42:10","slug":"se-acerca-la-costa-a-mil-casos-de-coronavirus-hospital-de-pinotepa-al-100-por-ciento-de-su-capacidad-oaxaca","status":"publish","type":"post","link":"https:\/\/www.grieta.org.mx\/index.php\/2020\/10\/20\/se-acerca-la-costa-a-mil-casos-de-coronavirus-hospital-de-pinotepa-al-100-por-ciento-de-su-capacidad-oaxaca\/","title":{"rendered":"Se acerca la Costa a mil casos de coronavirus; hospital de Pinotepa al 100 por ciento de su capacidad (Oaxaca)"},"content":{"rendered":"<p>Noticias \/ Li Valenzuela \/ Corresponsal.<\/p>\n<p><img loading=\"lazy\" decoding=\"async\" data-attachment-id=\"54353\" data-permalink=\"https:\/\/www.grieta.org.mx\/index.php\/2020\/10\/20\/se-acerca-la-costa-a-mil-casos-de-coronavirus-hospital-de-pinotepa-al-100-por-ciento-de-su-capacidad-oaxaca\/x-10\/\" data-orig-file=\"https:\/\/www.grieta.org.mx\/wp-content\/uploads\/2020\/10\/x-1.jpg\" data-orig-size=\"1144,645\" data-comments-opened=\"0\" data-image-meta=\"{&quot;aperture&quot;:&quot;0&quot;,&quot;credit&quot;:&quot;&quot;,&quot;camera&quot;:&quot;&quot;,&quot;caption&quot;:&quot;&quot;,&quot;created_timestamp&quot;:&quot;0&quot;,&quot;copyright&quot;:&quot;&quot;,&quot;focal_length&quot;:&quot;0&quot;,&quot;iso&quot;:&quot;0&quot;,&quot;shutter_speed&quot;:&quot;0&quot;,&quot;title&quot;:&quot;&quot;,&quot;orientation&quot;:&quot;0&quot;}\" data-image-title=\"x\" data-image-description=\"\" data-image-caption=\"\" data-medium-file=\"https:\/\/www.grieta.org.mx\/wp-content\/uploads\/2020\/10\/x-1-300x169.jpg\" data-large-file=\"https:\/\/www.grieta.org.mx\/wp-content\/uploads\/2020\/10\/x-1-1024x577.jpg\" class=\"alignnone wp-image-54353\" src=\"http:\/\/www.grieta.org.mx\/wp-content\/uploads\/2020\/10\/x-1.jpg\" alt=\"\" width=\"800\" height=\"451\" srcset=\"https:\/\/www.grieta.org.mx\/wp-content\/uploads\/2020\/10\/x-1.jpg 1144w, https:\/\/www.grieta.org.mx\/wp-content\/uploads\/2020\/10\/x-1-300x169.jpg 300w, https:\/\/www.grieta.org.mx\/wp-content\/uploads\/2020\/10\/x-1-1024x577.jpg 1024w, https:\/\/www.grieta.org.mx\/wp-content\/uploads\/2020\/10\/x-1-768x433.jpg 768w, https:\/\/www.grieta.org.mx\/wp-content\/uploads\/2020\/10\/x-1-887x500.jpg 887w\" sizes=\"auto, (max-width: 800px) 100vw, 800px\" \/><\/p>\n<p>PUERTO ESCONDIDO, Oaxaca.- Este lunes, la Jurisdicci\u00f3n Sanitaria Costa inform\u00f3 que se agregan cuatro casos nuevos al panorama epidemiol\u00f3gico, acumulando 988 pacientes de COVID-19 en 38 municipios; a su vez, el coordinador de Epidemiolog\u00eda, Yahir M\u00e9ndez Ram\u00edrez, indic\u00f3 que, al corte del d\u00eda 18, son 60 los casos activos distribuidos en 13 municipios, entre \u00e9stos San Pedro Mixtepec y San Pedro Pochutla, que registran 10 cada uno, Santiago Pinotepa Nacional 9, Villa de Tututepec 7, Santa Mar\u00eda Colotepec y Santa Mar\u00eda Huatulco 6 respectivamente.<\/p>\n<p>\u201cTuvimos un incremento importante en el n\u00famero de casos, se debe a que se incorpor\u00f3 la variable de casos confirmados por variable epidemiol\u00f3gica y casos confirmados por dictaminaci\u00f3n cl\u00ednico epidemiol\u00f3gica; estas variables ya se estaban reportando, sin embargo, no se hab\u00edan agregado al panorama epidemiol\u00f3gico; los 60 casos activos est\u00e1n en aislamiento y en seguimiento epidemiol\u00f3gico\u201d, se\u00f1al\u00f3.<\/p>\n<p>Agreg\u00f3 que las \u00faltimas defunciones corresponden a tres masculinos y se notificaron en los cortes del 13 y 15 de octubre, dando un total de 82 defunciones; corresponden a un masculino de 57 a\u00f1os de edad, de Pinotepa de Don Luis con comorbilidades de diabetes, hipertensi\u00f3n e insu,ficiencia renal cr\u00f3nica; otro de 59 a\u00f1os de Santiago Jamiltepec que padec\u00eda diabetes y la \u00faltima, un masculino de 78 a\u00f1os, residente de San Pedro Mixtepec sin comorbilidades aparentes.<\/p>\n<p><strong>Se acerca la Costa a mil casos de coronavirus; hospital de Pinotepa al 100 por ciento de su capacidad<\/strong><\/p>\n<p>PUERTO ESCONDIDO, Oaxaca.- Este lunes, la Jurisdicci\u00f3n Sanitaria Costa inform\u00f3 que se agregan cuatro casos nuevos al panorama epidemiol\u00f3gico, acumulando 988 pacientes de COVID-19 en 38 municipios; a su vez, el coordinador de Epidemiolog\u00eda, Yahir M\u00e9ndez Ram\u00edrez, indic\u00f3 que, al corte del d\u00eda 18, son 60 los casos activos distribuidos en 13 municipios, entre \u00e9stos San Pedro Mixtepec y San Pedro Pochutla, que registran 10 cada uno, Santiago Pinotepa Nacional 9, Villa de Tututepec 7, Santa Mar\u00eda Colotepec y Santa Mar\u00eda Huatulco 6 respectivamente.<\/p>\n<p>\u201cTuvimos un incremento importante en el n\u00famero de casos, se debe a que se incorpor\u00f3 la variable de casos confirmados por variable epidemiol\u00f3gica y casos confirmados por dictaminaci\u00f3n cl\u00ednico epidemiol\u00f3gica; estas variables ya se estaban reportando, sin embargo, no se hab\u00edan agregado al panorama epidemiol\u00f3gico; los 60 casos activos est\u00e1n en aislamiento y en seguimiento epidemiol\u00f3gico\u201d, se\u00f1al\u00f3.<\/p>\n<p>Agreg\u00f3 que las \u00faltimas defunciones corresponden a tres masculinos y se notificaron en los cortes del 13 y 15 de octubre, dando un total de 82 defunciones; corresponden a un masculino de 57 a\u00f1os de edad, de Pinotepa de Don Luis con comorbilidades de diabetes, hipertensi\u00f3n e insu,ficiencia renal cr\u00f3nica; otro de 59 a\u00f1os de Santiago Jamiltepec que padec\u00eda diabetes y la \u00faltima, un masculino de 78 a\u00f1os, residente de San Pedro Mixtepec sin comorbilidades aparentes.<\/p>\n<p>Refiri\u00f3 que la atenci\u00f3n hospitalaria en las \u00e1reas COVID alcanz\u00f3 una ocupaci\u00f3n del 100 por ciento en el Hospital General de Pinotepa Nacional y que el de San Pedro Pochutla registr\u00f3 30 por ciento. \u201cHasta ahora, el hospital de Pinotepa Nacional que tiene el 100 por ciento de ocupaci\u00f3n, ha estado dando resoluci\u00f3n a los pacientes que han acudido por sospecha de COVID\u201d.<\/p>\n<p><img loading=\"lazy\" decoding=\"async\" data-attachment-id=\"54354\" data-permalink=\"https:\/\/www.grieta.org.mx\/index.php\/2020\/10\/20\/se-acerca-la-costa-a-mil-casos-de-coronavirus-hospital-de-pinotepa-al-100-por-ciento-de-su-capacidad-oaxaca\/y-2\/\" data-orig-file=\"https:\/\/www.grieta.org.mx\/wp-content\/uploads\/2020\/10\/y-1.jpg\" data-orig-size=\"2558,2116\" data-comments-opened=\"0\" data-image-meta=\"{&quot;aperture&quot;:&quot;0&quot;,&quot;credit&quot;:&quot;&quot;,&quot;camera&quot;:&quot;&quot;,&quot;caption&quot;:&quot;&quot;,&quot;created_timestamp&quot;:&quot;0&quot;,&quot;copyright&quot;:&quot;&quot;,&quot;focal_length&quot;:&quot;0&quot;,&quot;iso&quot;:&quot;0&quot;,&quot;shutter_speed&quot;:&quot;0&quot;,&quot;title&quot;:&quot;&quot;,&quot;orientation&quot;:&quot;1&quot;}\" data-image-title=\"y\" data-image-description=\"\" data-image-caption=\"\" data-medium-file=\"https:\/\/www.grieta.org.mx\/wp-content\/uploads\/2020\/10\/y-1-300x248.jpg\" data-large-file=\"https:\/\/www.grieta.org.mx\/wp-content\/uploads\/2020\/10\/y-1-1024x847.jpg\" class=\"alignnone wp-image-54354\" src=\"http:\/\/www.grieta.org.mx\/wp-content\/uploads\/2020\/10\/y-1.jpg\" alt=\"\" width=\"800\" height=\"662\" srcset=\"https:\/\/www.grieta.org.mx\/wp-content\/uploads\/2020\/10\/y-1.jpg 2558w, https:\/\/www.grieta.org.mx\/wp-content\/uploads\/2020\/10\/y-1-300x248.jpg 300w, https:\/\/www.grieta.org.mx\/wp-content\/uploads\/2020\/10\/y-1-1024x847.jpg 1024w, https:\/\/www.grieta.org.mx\/wp-content\/uploads\/2020\/10\/y-1-768x635.jpg 768w, https:\/\/www.grieta.org.mx\/wp-content\/uploads\/2020\/10\/y-1-1536x1271.jpg 1536w, https:\/\/www.grieta.org.mx\/wp-content\/uploads\/2020\/10\/y-1-2048x1694.jpg 2048w, https:\/\/www.grieta.org.mx\/wp-content\/uploads\/2020\/10\/y-1-604x500.jpg 604w\" sizes=\"auto, (max-width: 800px) 100vw, 800px\" \/><\/p>\n<p>Incrementa demanda de vacunas contra la influenza<\/p>\n<p>A la fecha, la Jurisdicci\u00f3n Sanitaria Costa ha recibido 27 mil 140 dosis de vacunas contra la influenza y han distribuido m\u00e1s de 23 mil dosis que se han aplicado desde la semana pasada. \u201cHemos visto que hay una demanda de atenci\u00f3n importante de la vacuna contra la influenza, las personas est\u00e1n acudiendo y la est\u00e1n solicitando\u201d, observ\u00f3 el epidemi\u00f3logo y record\u00f3 que est\u00e1 dirigida a grupos de riesgo como son personas de m\u00e1s de 60 a\u00f1os de edad, menores de 5 a\u00f1os, personas de cualquier edad que tengan alguna comorbilidad, mujeres embarazadas, pacientes con VIH, c\u00e1ncer o con alguna otra enfermedad y al personal de salud.<\/p>\n<p>La Red Coste\u00f1a de Municipios por la Salud reporta, a trav\u00e9s del delegado de atenci\u00f3n regional Jes\u00fas Irving Mendoza, que Santa Mar\u00eda Colotepec mantiene filtros sanitarios as\u00ed como cierre de sus playas -entre Bah\u00eda Principal y El Puertecito- hasta el 31 del mes; este ayuntamiento acumula 54 casos positivos. Igualmente mantienen filtros San Miguel Tlacamama, con 5 casos acumulados; Santa Mar\u00eda Huazolotitl\u00e1n, con 4 casos y San Andr\u00e9s Huaxpaltepec que suma 3 positivos.<\/p>\n<p>En tanto, la Patrulla COVID habilitada por San Pedro Mixtepec, recorre la demarcaci\u00f3n verificando el uso obligatorio del cubrebocas por 30 d\u00edas, so pena de distintas sanciones. De acuerdo a su red social oficial, al d\u00eda 18 han detenido 176 personas; 9 optaron por trabajo comunitario; 140 pagaron multa de 150 pesos, que destinar\u00e1n a una causa social y otros 27 figuran con \u201csanci\u00f3n corporal\u201d. Este ayuntamiento acumula 183 casos positivos.<\/p>\n<p>* 988 casos de COVID-19 acumula la Costa<br \/>\n* 82 personas han muerto por esta enfermedad<\/p>\n<p><a href=\"https:\/\/www.nvinoticias.com\/nota\/163916\/se-acerca-la-costa-mil-casos-de-coronavirus-hospital-de-pinotepa-al-100-por-ciento-de-su\" target=\"_blank\" rel=\"noopener noreferrer\">https:\/\/www.nvinoticias.com\/nota\/163916\/se-acerca-la-costa-mil-casos-de-coronavirus-hospital-de-pinotepa-al-100-por-ciento-de-su<\/a><\/p>\n","protected":false},"excerpt":{"rendered":"<p>Noticias \/ Li Valenzuela \/ Corresponsal. PUERTO ESCONDIDO, Oaxaca.- Este lunes, la Jurisdicci\u00f3n Sanitaria Costa inform\u00f3 que se agregan cuatro casos nuevos al panorama epidemiol\u00f3gico, acumulando 988 pacientes de COVID-19 &hellip; <a href=\"https:\/\/www.grieta.org.mx\/index.php\/2020\/10\/20\/se-acerca-la-costa-a-mil-casos-de-coronavirus-hospital-de-pinotepa-al-100-por-ciento-de-su-capacidad-oaxaca\/\" class=\"more-link\">Leer m\u00e1s<\/a><\/p>\n","protected":false},"author":2,"featured_media":54353,"comment_status":"closed","ping_status":"closed","sticky":false,"template":"","format":"standard","meta":{"ngg_post_thumbnail":0,"_jetpack_newsletter_access":"","_jetpack_dont_email_post_to_subs":false,"_jetpack_newsletter_tier_id":0,"_jetpack_memberships_contains_paywalled_content":false,"_jetpack_memberships_contains_paid_content":false,"footnotes":""},"categories":[80,3262,1728,2,25],"tags":[],"class_list":["post-54352","post","type-post","status-publish","format-standard","has-post-thumbnail","hentry","category-cintillo","category-crisis-covid-19-en-oaxaca","category-crisis-del-sector-salud-en-oaxaca","category-noticias-nacionales","category-oaxaca","entry"],"jetpack_featured_media_url":"https:\/\/www.grieta.org.mx\/wp-content\/uploads\/2020\/10\/x-1.jpg","jetpack_sharing_enabled":true,"jetpack_shortlink":"https:\/\/wp.me\/p7ZJR4-e8E","jetpack_likes_enabled":false,"jetpack-related-posts":[{"id":38858,"url":"https:\/\/www.grieta.org.mx\/index.php\/2019\/09\/02\/no-cesa-la-violencia-feminicida-ahora-aparece-mujer-degollada-en-pinotepa-oaxaca\/","url_meta":{"origin":54352,"position":0},"title":"No cesa la violencia feminicida, ahora aparece mujer degollada en Pinotepa (Oaxaca)","author":"grieta","date":"2 septiembre, 2019","format":false,"excerpt":"Pedro Mat\u00edas \/ P\u00e1gina 3. Oaxaca.- Una mujer fue degollada de la comunidad de Motillas, perteneciente a Pinotepa Nacional, en la regi\u00f3n de la Costa; con lo que suman 127 mujeres y ni\u00f1as que han sido asesinadas de manera violenta, desde la Declaraci\u00f3n de la Alerta por Violencia de G\u00e9nero\u2026","rel":"","context":"En &quot;CINTILLO&quot;","block_context":{"text":"CINTILLO","link":"https:\/\/www.grieta.org.mx\/index.php\/category\/cintillo\/"},"img":{"alt_text":"","src":"https:\/\/i0.wp.com\/www.grieta.org.mx\/wp-content\/uploads\/2018\/03\/14524434_1106112876131411_958039263622046936_o.jpg?resize=350%2C200&ssl=1","width":350,"height":200,"srcset":"https:\/\/i0.wp.com\/www.grieta.org.mx\/wp-content\/uploads\/2018\/03\/14524434_1106112876131411_958039263622046936_o.jpg?resize=350%2C200&ssl=1 1x, https:\/\/i0.wp.com\/www.grieta.org.mx\/wp-content\/uploads\/2018\/03\/14524434_1106112876131411_958039263622046936_o.jpg?resize=525%2C300&ssl=1 1.5x, https:\/\/i0.wp.com\/www.grieta.org.mx\/wp-content\/uploads\/2018\/03\/14524434_1106112876131411_958039263622046936_o.jpg?resize=700%2C400&ssl=1 2x"},"classes":[]},{"id":49084,"url":"https:\/\/www.grieta.org.mx\/index.php\/2020\/05\/13\/dos-de-los-principales-hospitales-para-atencion-del-covid-19-en-oaxaca-a-punto-de-colapsar\/","url_meta":{"origin":54352,"position":1},"title":"Dos de los principales hospitales para atenci\u00f3n del covid-19 en Oaxaca, a punto de colapsar","author":"grieta","date":"13 mayo, 2020","format":false,"excerpt":"Proceso \/ Pedro Mat\u00edas. El General de Zona 1 del IMSS, es uno de los hospitales que est\u00e1n a punto de colapsar por la atenci\u00f3n a pacientes con covid-19. Foto: Google Maps. OAXACA, Oax. (apro).- La Secretar\u00eda de Salud de Oaxaca reconoci\u00f3 que los hospitales Regional de Alta Especialidad de\u2026","rel":"","context":"En &quot;CINTILLO&quot;","block_context":{"text":"CINTILLO","link":"https:\/\/www.grieta.org.mx\/index.php\/category\/cintillo\/"},"img":{"alt_text":"","src":"https:\/\/i0.wp.com\/www.grieta.org.mx\/wp-content\/uploads\/2020\/05\/IMSS-hospital-general.jpg?resize=350%2C200&ssl=1","width":350,"height":200,"srcset":"https:\/\/i0.wp.com\/www.grieta.org.mx\/wp-content\/uploads\/2020\/05\/IMSS-hospital-general.jpg?resize=350%2C200&ssl=1 1x, https:\/\/i0.wp.com\/www.grieta.org.mx\/wp-content\/uploads\/2020\/05\/IMSS-hospital-general.jpg?resize=525%2C300&ssl=1 1.5x"},"classes":[]},{"id":49243,"url":"https:\/\/www.grieta.org.mx\/index.php\/2020\/05\/08\/oaxaca-de-los-estados-con-mas-muertes-por-covid-19-del-pais\/","url_meta":{"origin":54352,"position":2},"title":"Oaxaca, de los estados con m\u00e1s muertes por COVID-19 del pa\u00eds","author":"grieta","date":"8 mayo, 2020","format":false,"excerpt":"Noticias \/ Citlalli Luciana. Es de las 7 entidades del pa\u00eds con mayor tasa de defunci\u00f3n Oaxaca se ubica entre los siete estados con mayor tasa de defunci\u00f3n por cada 100 casos positivos del virus SARS-COV-2 (COVID-19) registrados hasta el pasado 5 de mayo. La lista la integran Chihuahua, Campeche,\u2026","rel":"","context":"En &quot;CINTILLO&quot;","block_context":{"text":"CINTILLO","link":"https:\/\/www.grieta.org.mx\/index.php\/category\/cintillo\/"},"img":{"alt_text":"","src":"https:\/\/i0.wp.com\/www.grieta.org.mx\/wp-content\/uploads\/2018\/03\/14524434_1106112876131411_958039263622046936_o.jpg?resize=350%2C200&ssl=1","width":350,"height":200,"srcset":"https:\/\/i0.wp.com\/www.grieta.org.mx\/wp-content\/uploads\/2018\/03\/14524434_1106112876131411_958039263622046936_o.jpg?resize=350%2C200&ssl=1 1x, https:\/\/i0.wp.com\/www.grieta.org.mx\/wp-content\/uploads\/2018\/03\/14524434_1106112876131411_958039263622046936_o.jpg?resize=525%2C300&ssl=1 1.5x, https:\/\/i0.wp.com\/www.grieta.org.mx\/wp-content\/uploads\/2018\/03\/14524434_1106112876131411_958039263622046936_o.jpg?resize=700%2C400&ssl=1 2x"},"classes":[]},{"id":55284,"url":"https:\/\/www.grieta.org.mx\/index.php\/2020\/11\/16\/denuncia-consorcio-para-el-dialogo-253-mujeres-desaparecidas-en-oaxaca-durante-la-pandemia\/","url_meta":{"origin":54352,"position":3},"title":"Denuncia Consorcio para el Di\u00e1logo 253 mujeres desaparecidas en Oaxaca durante la pandemia","author":"grieta","date":"16 noviembre, 2020","format":false,"excerpt":"P\u00e1gina 3 \/ Pedro Mat\u00edas. *Suman 984 caso solo en el gobierno de Alejandro Murat OAXACA, Oax.- Consorcio para el Di\u00e1logo Parlamentario y la Equidad Oaxaca denunci\u00f3 que al menos 253 mujeres han sido reportadas como desaparecidas solo en el periodo de pandemia lo que resulta alarmante porque en muchos\u2026","rel":"","context":"En &quot;CINTILLO&quot;","block_context":{"text":"CINTILLO","link":"https:\/\/www.grieta.org.mx\/index.php\/category\/cintillo\/"},"img":{"alt_text":"","src":"https:\/\/i0.wp.com\/www.grieta.org.mx\/wp-content\/uploads\/2020\/11\/1-3.jpg?resize=350%2C200&ssl=1","width":350,"height":200,"srcset":"https:\/\/i0.wp.com\/www.grieta.org.mx\/wp-content\/uploads\/2020\/11\/1-3.jpg?resize=350%2C200&ssl=1 1x, https:\/\/i0.wp.com\/www.grieta.org.mx\/wp-content\/uploads\/2020\/11\/1-3.jpg?resize=525%2C300&ssl=1 1.5x, https:\/\/i0.wp.com\/www.grieta.org.mx\/wp-content\/uploads\/2020\/11\/1-3.jpg?resize=700%2C400&ssl=1 2x"},"classes":[]},{"id":49588,"url":"https:\/\/www.grieta.org.mx\/index.php\/2020\/05\/18\/entre-personal-medico-suman-113-casos-de-contagiados-por-covid-19-donato-casas-oaxaca\/","url_meta":{"origin":54352,"position":4},"title":"Entre personal m\u00e9dico suman 113 casos de contagiados por Covid-19: Donato Casas  (Oaxaca)","author":"grieta","date":"18 mayo, 2020","format":false,"excerpt":"P\u00e1gina 3 \/ Pedro Mat\u00edas. *Al estar contagiado el personal m\u00e9dico se limita la atenci\u00f3n en el sector hospitalario. Pedro MAT\u00cdAS OAXACA, Oax.- El secretario de Salud de Oaxaca (SSO), Donato Casas Escamilla, reconoci\u00f3 que el personal m\u00e9dico ha sido afectado por Covid-19 al contabilizar con por lo menos 113\u2026","rel":"","context":"En &quot;CINTILLO&quot;","block_context":{"text":"CINTILLO","link":"https:\/\/www.grieta.org.mx\/index.php\/category\/cintillo\/"},"img":{"alt_text":"","src":"https:\/\/i0.wp.com\/www.grieta.org.mx\/wp-content\/uploads\/2020\/05\/777.jpg?resize=350%2C200&ssl=1","width":350,"height":200,"srcset":"https:\/\/i0.wp.com\/www.grieta.org.mx\/wp-content\/uploads\/2020\/05\/777.jpg?resize=350%2C200&ssl=1 1x, https:\/\/i0.wp.com\/www.grieta.org.mx\/wp-content\/uploads\/2020\/05\/777.jpg?resize=525%2C300&ssl=1 1.5x, https:\/\/i0.wp.com\/www.grieta.org.mx\/wp-content\/uploads\/2020\/05\/777.jpg?resize=700%2C400&ssl=1 2x"},"classes":[]},{"id":60855,"url":"https:\/\/www.grieta.org.mx\/index.php\/2021\/07\/31\/oaxaca-a-punto-del-semaforo-rojo-y-con-19-hospitales-saturados\/","url_meta":{"origin":54352,"position":5},"title":"Oaxaca, a punto del sem\u00e1foro rojo y con 19 hospitales saturados","author":"grieta","date":"31 julio, 2021","format":false,"excerpt":"Proceso \/ Pedro Mat\u00edas. Oaxaca se encuentra en la antesala del sem\u00e1foro epidemiol\u00f3gico rojo, al registrar dos mil 454 casos activos de coronavirus y 19 de sus hospitales con una ocupaci\u00f3n de 100%. OAXACA, Oax. (proceso.com.mx).\u2013 Oaxaca se encuentra en la antesala del sem\u00e1foro epidemiol\u00f3gico rojo, al registrar dos mil\u2026","rel":"","context":"En &quot;CINTILLO&quot;","block_context":{"text":"CINTILLO","link":"https:\/\/www.grieta.org.mx\/index.php\/category\/cintillo\/"},"img":{"alt_text":"","src":"https:\/\/i0.wp.com\/www.grieta.org.mx\/wp-content\/uploads\/2021\/08\/1.jpg?resize=350%2C200&ssl=1","width":350,"height":200,"srcset":"https:\/\/i0.wp.com\/www.grieta.org.mx\/wp-content\/uploads\/2021\/08\/1.jpg?resize=350%2C200&ssl=1 1x, https:\/\/i0.wp.com\/www.grieta.org.mx\/wp-content\/uploads\/2021\/08\/1.jpg?resize=525%2C300&ssl=1 1.5x, https:\/\/i0.wp.com\/www.grieta.org.mx\/wp-content\/uploads\/2021\/08\/1.jpg?resize=700%2C400&ssl=1 2x"},"classes":[]}],"_links":{"self":[{"href":"https:\/\/www.grieta.org.mx\/index.php\/wp-json\/wp\/v2\/posts\/54352","targetHints":{"allow":["GET"]}}],"collection":[{"href":"https:\/\/www.grieta.org.mx\/index.php\/wp-json\/wp\/v2\/posts"}],"about":[{"href":"https:\/\/www.grieta.org.mx\/index.php\/wp-json\/wp\/v2\/types\/post"}],"author":[{"embeddable":true,"href":"https:\/\/www.grieta.org.mx\/index.php\/wp-json\/wp\/v2\/users\/2"}],"replies":[{"embeddable":true,"href":"https:\/\/www.grieta.org.mx\/index.php\/wp-json\/wp\/v2\/comments?post=54352"}],"version-history":[{"count":1,"href":"https:\/\/www.grieta.org.mx\/index.php\/wp-json\/wp\/v2\/posts\/54352\/revisions"}],"predecessor-version":[{"id":54355,"href":"https:\/\/www.grieta.org.mx\/index.php\/wp-json\/wp\/v2\/posts\/54352\/revisions\/54355"}],"wp:featuredmedia":[{"embeddable":true,"href":"https:\/\/www.grieta.org.mx\/index.php\/wp-json\/wp\/v2\/media\/54353"}],"wp:attachment":[{"href":"https:\/\/www.grieta.org.mx\/index.php\/wp-json\/wp\/v2\/media?parent=54352"}],"wp:term":[{"taxonomy":"category","embeddable":true,"href":"https:\/\/www.grieta.org.mx\/index.php\/wp-json\/wp\/v2\/categories?post=54352"},{"taxonomy":"post_tag","embeddable":true,"href":"https:\/\/www.grieta.org.mx\/index.php\/wp-json\/wp\/v2\/tags?post=54352"}],"curies":[{"name":"wp","href":"https:\/\/api.w.org\/{rel}","templated":true}]}}