{"id":54316,"date":"2020-09-21T18:37:22","date_gmt":"2020-09-21T23:37:22","guid":{"rendered":"http:\/\/www.grieta.org.mx\/?p=54316"},"modified":"2020-10-18T18:40:29","modified_gmt":"2020-10-18T23:40:29","slug":"pese-a-cuestionamiento-en-palacio-nacional-minera-cuzcatlan-ingresa-permiso-ambiental-en-semarnat-para-ampliarse-en-oaxaca-2","status":"publish","type":"post","link":"https:\/\/www.grieta.org.mx\/index.php\/2020\/09\/21\/pese-a-cuestionamiento-en-palacio-nacional-minera-cuzcatlan-ingresa-permiso-ambiental-en-semarnat-para-ampliarse-en-oaxaca-2\/","title":{"rendered":"Pese a cuestionamiento en Palacio Nacional, Minera Cuzcatl\u00e1n ingresa permiso ambiental en SEMARNAT para ampliarse en Oaxaca"},"content":{"rendered":"<p>Regeneraci\u00f3n Radio \/ Daniel Arellano.<\/p>\n<p>Durante la conferencia ma\u00f1anera del 9 de septiembre, el presidente Andr\u00e9s Manuel L\u00f3pez Obrador fue cuestionado respecto a la falta de atenci\u00f3n para solucionar las problem\u00e1ticas ambientales derivadas de la operaci\u00f3n de Minera Cuzcatl\u00e1n (Fortuna Silver Mines), en la comunidad de Magdalena Ocotl\u00e1n; sitio en que la empresa derram\u00f3 residuos mineros en 2018.<\/p>\n<p>El 10 de septiembre, la Secretar\u00eda de Medio Ambiente y Recursos Naturales (SEMARNAT) public\u00f3 la solicitud para obtener permisos ambientales a trav\u00e9s de una Manifestaci\u00f3n de Impacto Ambiental (MIA) Regional, tr\u00e1mite con el que esta minera pretende ampliarse.<\/p>\n<p>\u201cS\u00ed, es cierto lo que planteas. En Oaxaca, en una gira, no s\u00e9 cu\u00e1ndo exactamente, pero s\u00ed me hicieron un planteamiento, me esperaron en la carretera para denunciar lo de esta mina que contamina, que afecta en Oaxaca y le ped\u00ed al secretario de Medio Ambiente que fuera, creo que estuvo, no s\u00e9 si es este caso u otro, porque hay varios\u201d, dijo el presidente ante el cuestionamiento.  El 28 de junio de 2019, la comunidad de Magdalena Ocotl\u00e1n realiz\u00f3 un cierre carretero en el trayecto del convoy presidencial, para informar de manera directa la problem\u00e1tica.<\/p>\n<p>Pese a que el Ejecutivo Federal afirm\u00f3 que el caso tendr\u00eda atenci\u00f3n personal de la titular de SEMARNAT, Mar\u00eda Luisa Albores, el permiso ambiental para la ampliaci\u00f3n del proyecto minero en el Valle de Ocotl\u00e1n, se encuentra en tr\u00e1mite.<\/p>\n<p>SAN JOSE II -as\u00ed nombrado por la empresa canadiense- \u201cenmarca diferentes obras y actividades del sector minero\u201d y corresponde a la operaci\u00f3n minera para la explotaci\u00f3n plata y oro en mina subterr\u00e1nea.<\/p>\n<p>De acuerdo con los informes t\u00e9cnicos publicados por Fortuna Silver Mines, el yacimiento ubicado en San Jos\u00e9 del Progreso se encuentra pr\u00e1cticamente agotado, por ello le es indispensables ampliar los permisos ambientales para as\u00ed extender la explotaci\u00f3n de minerales en otros municipios circundantes: \u201cen los \u00faltimos a\u00f1os la capacidad de producci\u00f3n aument\u00f3 y por ende la necesidad del desarrollo de nueva infraestructura y ampliaciones de algunas obras ya existentes.<\/p>\n<p>Las obras que enmarca este proyecto se encuentran  \u00edntimamente  relacionadas  a  la actividad minera y todo lo que en ella se engloba, desde infraestructura para la ventilaci\u00f3n de t\u00faneles de la mina, hasta \u00e1reas destinadas para la preparaci\u00f3n de muestras para el control del proceso de beneficio, e incluso \u00e1reas de planeaci\u00f3n y capacitaci\u00f3n de personal.\u201d<\/p>\n<p>Cabe mencionar que existe una multitud de denuncias p\u00fablicas por las afectaciones al tejido social de las comunidades, un operativo polic\u00edaco-militar para imponer a la minera en mayo de 2009, denuncias comunitarias de asesinatos vinculados con la instalaci\u00f3n de la mina, un derrame qu\u00edmico ocurrido en octubre de 2018 y otro denunciado en julio de 2020, la muerte de un trabajador en sus t\u00faneles en agosto de 2019  y denuncias de presi\u00f3n a comunidades cercanas para que se abran \u201crespiraderos\u201d de los t\u00faneles.<\/p>\n<p>La solicitud menciona tambi\u00e9n \u201cen este sentido, el proyecto se concibe como una  aglutinaci\u00f3n  de  obras  mineras  que  dan  sost\u00e9n  y  contribuyen de manera integral  al seguimiento de las actividades en la mina San Jos\u00e9\u201d  y que dichas obras ocupar\u00e1n una superficie de 16.8833 hect\u00e1reas distribuidas en diferentes pol\u00edgonos.<\/p>\n<p>Las denuncias que han llegado de diferentes maneras hasta la presidencia de la Republica, que van desde cartas que no obtuvieron respuesta, un cierre carretero durante una gira presidencial, hasta la denuncia period\u00edstica en una conferencia matutina, centran su atenci\u00f3n en impedir la autorizaci\u00f3n de permisos ambientales que permitan a la empresa canadiense extenderse en los municipios donde posee al menos 91 mil hect\u00e1reas concesionadas, el anterior titular de SEMARNAT V\u00edctor Manuel Toledo hab\u00eda otorgado su palabra a las comunidades del Valle de Ocotl\u00e1n de que tales permisos no ser\u00edan autorizados, a tan solo unos d\u00edas de su renuncia \u201cpor estr\u00e9s\u201d y de la instrucci\u00f3n del ejecutivo federal de revisar el tema, dichos permisos se encuentran en tr\u00e1mite en SEMARNAT.<\/p>\n<p><a href=\"https:\/\/regeneracionradio.org\/archivos\/10340\" rel=\"noopener noreferrer\" target=\"_blank\">https:\/\/regeneracionradio.org\/archivos\/10340<\/a><\/p>\n","protected":false},"excerpt":{"rendered":"<p>Regeneraci\u00f3n Radio \/ Daniel Arellano. Durante la conferencia ma\u00f1anera del 9 de septiembre, el presidente Andr\u00e9s Manuel L\u00f3pez Obrador fue cuestionado respecto a la falta de atenci\u00f3n para solucionar las &hellip; <a href=\"https:\/\/www.grieta.org.mx\/index.php\/2020\/09\/21\/pese-a-cuestionamiento-en-palacio-nacional-minera-cuzcatlan-ingresa-permiso-ambiental-en-semarnat-para-ampliarse-en-oaxaca-2\/\" class=\"more-link\">Leer m\u00e1s<\/a><\/p>\n","protected":false},"author":2,"featured_media":21928,"comment_status":"closed","ping_status":"closed","sticky":false,"template":"","format":"standard","meta":{"ngg_post_thumbnail":0,"_jetpack_newsletter_access":"","_jetpack_dont_email_post_to_subs":false,"_jetpack_newsletter_tier_id":0,"_jetpack_memberships_contains_paywalled_content":false,"_jetpack_memberships_contains_paid_content":false,"footnotes":""},"categories":[80,1357,2,25,83],"tags":[],"class_list":["post-54316","post","type-post","status-publish","format-standard","has-post-thumbnail","hentry","category-cintillo","category-conflictos-mineros-en-oaxaca","category-noticias-nacionales","category-oaxaca","category-temas-nacionales","entry"],"jetpack_featured_media_url":"https:\/\/www.grieta.org.mx\/wp-content\/uploads\/2018\/03\/14524434_1106112876131411_958039263622046936_o.jpg","jetpack_sharing_enabled":true,"jetpack_shortlink":"https:\/\/wp.me\/p7ZJR4-e84","jetpack_likes_enabled":false,"jetpack-related-posts":[{"id":53780,"url":"https:\/\/www.grieta.org.mx\/index.php\/2020\/09\/21\/pese-a-cuestionamiento-en-palacio-nacional-minera-cuzcatlan-ingresa-permiso-ambiental-en-semarnat-para-ampliarse-en-oaxaca\/","url_meta":{"origin":54316,"position":0},"title":"Pese a cuestionamiento en Palacio Nacional, Minera Cuzcatl\u00e1n ingresa permiso ambiental en SEMARNAT para ampliarse en Oaxaca","author":"grieta","date":"21 septiembre, 2020","format":false,"excerpt":"Regeneraci\u00f3n Radio \/ Daniel Arellano Durante la conferencia ma\u00f1anera del 9 de septiembre, el presidente Andr\u00e9s Manuel L\u00f3pez Obrador fue cuestionado respecto a la falta de atenci\u00f3n para solucionar las problem\u00e1ticas ambientales derivadas de la operaci\u00f3n de Minera Cuzcatl\u00e1n (Fortuna Silver Mines), en la comunidad de Magdalena Ocotl\u00e1n; sitio en\u2026","rel":"","context":"En &quot;CINTILLO&quot;","block_context":{"text":"CINTILLO","link":"https:\/\/www.grieta.org.mx\/index.php\/category\/cintillo\/"},"img":{"alt_text":"","src":"https:\/\/i0.wp.com\/www.grieta.org.mx\/wp-content\/uploads\/2020\/09\/1-8.jpg?resize=350%2C200&ssl=1","width":350,"height":200,"srcset":"https:\/\/i0.wp.com\/www.grieta.org.mx\/wp-content\/uploads\/2020\/09\/1-8.jpg?resize=350%2C200&ssl=1 1x, https:\/\/i0.wp.com\/www.grieta.org.mx\/wp-content\/uploads\/2020\/09\/1-8.jpg?resize=525%2C300&ssl=1 1.5x, https:\/\/i0.wp.com\/www.grieta.org.mx\/wp-content\/uploads\/2020\/09\/1-8.jpg?resize=700%2C400&ssl=1 2x, https:\/\/i0.wp.com\/www.grieta.org.mx\/wp-content\/uploads\/2020\/09\/1-8.jpg?resize=1050%2C600&ssl=1 3x, https:\/\/i0.wp.com\/www.grieta.org.mx\/wp-content\/uploads\/2020\/09\/1-8.jpg?resize=1400%2C800&ssl=1 4x"},"classes":[]},{"id":63723,"url":"https:\/\/www.grieta.org.mx\/index.php\/2022\/03\/03\/oaxaca-comunidades-afectadas-por-cuzcatlan-acusan-a-semarnat-de-traicion\/","url_meta":{"origin":54316,"position":1},"title":"Oaxaca: Comunidades afectadas por Cuzcatl\u00e1n acusan a Semarnat de traici\u00f3n","author":"grieta","date":"3 marzo, 2022","format":false,"excerpt":"Avispa Midia \/ Sara Frabes. La ma\u00f1ana de este mi\u00e9rcoles (2), doce comunidades afectadas por minera Cuzcatl\u00e1n, filial de la canadiense Fortuna Silver Mines, realizaron la ocupaci\u00f3n simb\u00f3lica de la sede de la Secretar\u00eda de Medio Ambiente y Recursos Naturales (Semarnat), en la ciudad de Oaxaca, en protesta contra la\u2026","rel":"","context":"En &quot;CINTILLO&quot;","block_context":{"text":"CINTILLO","link":"https:\/\/www.grieta.org.mx\/index.php\/category\/cintillo\/"},"img":{"alt_text":"","src":"https:\/\/i0.wp.com\/www.grieta.org.mx\/wp-content\/uploads\/2022\/03\/2.jpeg?resize=350%2C200&ssl=1","width":350,"height":200,"srcset":"https:\/\/i0.wp.com\/www.grieta.org.mx\/wp-content\/uploads\/2022\/03\/2.jpeg?resize=350%2C200&ssl=1 1x, https:\/\/i0.wp.com\/www.grieta.org.mx\/wp-content\/uploads\/2022\/03\/2.jpeg?resize=525%2C300&ssl=1 1.5x, https:\/\/i0.wp.com\/www.grieta.org.mx\/wp-content\/uploads\/2022\/03\/2.jpeg?resize=700%2C400&ssl=1 2x"},"classes":[]},{"id":54577,"url":"https:\/\/www.grieta.org.mx\/index.php\/2020\/10\/27\/minera-cuzcatlan-busca-ampliar-explotacion-por-10-anos-mas-frente-de-comunidades-la-rechazan-oaxaca\/","url_meta":{"origin":54316,"position":2},"title":"Minera Cuzcatl\u00e1n busca ampliar explotaci\u00f3n por 10 a\u00f1os m\u00e1s; Frente de comunidades la rechazan (Oaxaca)","author":"grieta","date":"27 octubre, 2020","format":false,"excerpt":"P\u00e1gina 3 \/ Pedro Mat\u00edas. OAXACA.- El Frente No a la Miner\u00eda por un Futuro de Todas y Todos exigi\u00f3 a la Semarnat negar un nuevo permiso ambiental a la minera Cuzcatl\u00e1n. Argumentaron a la Secretar\u00eda del Medio Ambiente y Recursos Naturales (Semarnat) que la filial de la canadiense Fortuna\u2026","rel":"","context":"En &quot;CINTILLO&quot;","block_context":{"text":"CINTILLO","link":"https:\/\/www.grieta.org.mx\/index.php\/category\/cintillo\/"},"img":{"alt_text":"","src":"https:\/\/i0.wp.com\/www.grieta.org.mx\/wp-content\/uploads\/2018\/03\/14524434_1106112876131411_958039263622046936_o.jpg?resize=350%2C200&ssl=1","width":350,"height":200,"srcset":"https:\/\/i0.wp.com\/www.grieta.org.mx\/wp-content\/uploads\/2018\/03\/14524434_1106112876131411_958039263622046936_o.jpg?resize=350%2C200&ssl=1 1x, https:\/\/i0.wp.com\/www.grieta.org.mx\/wp-content\/uploads\/2018\/03\/14524434_1106112876131411_958039263622046936_o.jpg?resize=525%2C300&ssl=1 1.5x, https:\/\/i0.wp.com\/www.grieta.org.mx\/wp-content\/uploads\/2018\/03\/14524434_1106112876131411_958039263622046936_o.jpg?resize=700%2C400&ssl=1 2x"},"classes":[]},{"id":55655,"url":"https:\/\/www.grieta.org.mx\/index.php\/2020\/12\/08\/gobierno-de-la-4t-favorece-intereses-mineros-y-a-comunidades-les-niega-audiencia-frente-no-a-la-mineria-oaxaca\/","url_meta":{"origin":54316,"position":3},"title":"Gobierno de la 4T favorece intereses mineros y a comunidades les niega audiencia: Frente no a la Miner\u00eda  (Oaxaca)","author":"grieta","date":"8 diciembre, 2020","format":false,"excerpt":"P\u00e1gina 3 \/ Pedro Mat\u00edas. OAXACA, Oax.- El Frente No a la Miner\u00eda denunci\u00f3 que el gobierno de la 4T favorece los intereses mineros. La Secretar\u00eda de Medio Ambiente y Recursos Naturales (Semarnat) organiz\u00f3 una consulta expr\u00e9s en el marco de la expansi\u00f3n del proyecto \u201cSan Jos\u00e9\u201d de la Compa\u00f1\u00eda\u2026","rel":"","context":"En &quot;CINTILLO&quot;","block_context":{"text":"CINTILLO","link":"https:\/\/www.grieta.org.mx\/index.php\/category\/cintillo\/"},"img":{"alt_text":"","src":"https:\/\/i0.wp.com\/www.grieta.org.mx\/wp-content\/uploads\/2020\/12\/A-1.jpg?resize=350%2C200&ssl=1","width":350,"height":200,"srcset":"https:\/\/i0.wp.com\/www.grieta.org.mx\/wp-content\/uploads\/2020\/12\/A-1.jpg?resize=350%2C200&ssl=1 1x, https:\/\/i0.wp.com\/www.grieta.org.mx\/wp-content\/uploads\/2020\/12\/A-1.jpg?resize=525%2C300&ssl=1 1.5x, https:\/\/i0.wp.com\/www.grieta.org.mx\/wp-content\/uploads\/2020\/12\/A-1.jpg?resize=700%2C400&ssl=1 2x"},"classes":[]},{"id":55652,"url":"https:\/\/www.grieta.org.mx\/index.php\/2020\/12\/07\/zapotecos-emplazan-a-semarnat-a-una-mesa-de-dialogo-para-exponer-afectaciones-de-minera-cuzcatlan-oaxaca\/","url_meta":{"origin":54316,"position":4},"title":"Zapotecos emplazan a Semarnat a una mesa de di\u00e1logo para exponer afectaciones de minera Cuzcatl\u00e1n (Oaxaca)","author":"grieta","date":"7 diciembre, 2020","format":false,"excerpt":"Avispa Midia \/ \u00d1an\u00ed Pinto. Foto: Archivo de Avispa Midia Pese a que Obrador se comprometi\u00f3 en dos momentos distintos a establecer el di\u00e1logo con las comunidades que denuncian afectaciones por la empresa de capital canadiense Minera Cuzcatl\u00e1n, Semarnat se ha negado a abrir un canal de comunicaci\u00f3n. El Frente\u2026","rel":"","context":"En &quot;CINTILLO&quot;","block_context":{"text":"CINTILLO","link":"https:\/\/www.grieta.org.mx\/index.php\/category\/cintillo\/"},"img":{"alt_text":"","src":"https:\/\/i0.wp.com\/www.grieta.org.mx\/wp-content\/uploads\/2020\/12\/1-2.jpg?resize=350%2C200&ssl=1","width":350,"height":200,"srcset":"https:\/\/i0.wp.com\/www.grieta.org.mx\/wp-content\/uploads\/2020\/12\/1-2.jpg?resize=350%2C200&ssl=1 1x, https:\/\/i0.wp.com\/www.grieta.org.mx\/wp-content\/uploads\/2020\/12\/1-2.jpg?resize=525%2C300&ssl=1 1.5x, https:\/\/i0.wp.com\/www.grieta.org.mx\/wp-content\/uploads\/2020\/12\/1-2.jpg?resize=700%2C400&ssl=1 2x, https:\/\/i0.wp.com\/www.grieta.org.mx\/wp-content\/uploads\/2020\/12\/1-2.jpg?resize=1050%2C600&ssl=1 3x"},"classes":[]},{"id":70110,"url":"https:\/\/www.grieta.org.mx\/index.php\/2024\/10\/08\/minera-cuzcatlan-contamina-arroyo-en-oaxaca-y-profepa-ignora-la-denuncia-de-los-pueblos-afectados\/","url_meta":{"origin":54316,"position":5},"title":"Minera Cuzcatl\u00e1n contamina arroyo en Oaxaca y Profepa ignora la denuncia de los pueblos afectados","author":"grieta","date":"8 octubre, 2024","format":false,"excerpt":"Imagen: Istmo Press Diana Manzo \/ Itsmo Press #Oaxaca 8 Oct (#Istmopress) \u2013 Ante la indiferencia y omisi\u00f3n de la Procuradur\u00eda Federal de Protecci\u00f3n Ambiental (Profepa), pueblos zapotecas que integran el Frente No a la Miner\u00eda por un Futuro de Todas y Todos, denunciaron que dicha dependencia no ha entregado\u2026","rel":"","context":"En &quot;CINTILLO&quot;","block_context":{"text":"CINTILLO","link":"https:\/\/www.grieta.org.mx\/index.php\/category\/cintillo\/"},"img":{"alt_text":"","src":"https:\/\/i0.wp.com\/www.grieta.org.mx\/wp-content\/uploads\/2024\/10\/1728478024028-1024x576-1.jpg?resize=350%2C200&ssl=1","width":350,"height":200,"srcset":"https:\/\/i0.wp.com\/www.grieta.org.mx\/wp-content\/uploads\/2024\/10\/1728478024028-1024x576-1.jpg?resize=350%2C200&ssl=1 1x, https:\/\/i0.wp.com\/www.grieta.org.mx\/wp-content\/uploads\/2024\/10\/1728478024028-1024x576-1.jpg?resize=525%2C300&ssl=1 1.5x, https:\/\/i0.wp.com\/www.grieta.org.mx\/wp-content\/uploads\/2024\/10\/1728478024028-1024x576-1.jpg?resize=700%2C400&ssl=1 2x"},"classes":[]}],"_links":{"self":[{"href":"https:\/\/www.grieta.org.mx\/index.php\/wp-json\/wp\/v2\/posts\/54316","targetHints":{"allow":["GET"]}}],"collection":[{"href":"https:\/\/www.grieta.org.mx\/index.php\/wp-json\/wp\/v2\/posts"}],"about":[{"href":"https:\/\/www.grieta.org.mx\/index.php\/wp-json\/wp\/v2\/types\/post"}],"author":[{"embeddable":true,"href":"https:\/\/www.grieta.org.mx\/index.php\/wp-json\/wp\/v2\/users\/2"}],"replies":[{"embeddable":true,"href":"https:\/\/www.grieta.org.mx\/index.php\/wp-json\/wp\/v2\/comments?post=54316"}],"version-history":[{"count":1,"href":"https:\/\/www.grieta.org.mx\/index.php\/wp-json\/wp\/v2\/posts\/54316\/revisions"}],"predecessor-version":[{"id":54317,"href":"https:\/\/www.grieta.org.mx\/index.php\/wp-json\/wp\/v2\/posts\/54316\/revisions\/54317"}],"wp:featuredmedia":[{"embeddable":true,"href":"https:\/\/www.grieta.org.mx\/index.php\/wp-json\/wp\/v2\/media\/21928"}],"wp:attachment":[{"href":"https:\/\/www.grieta.org.mx\/index.php\/wp-json\/wp\/v2\/media?parent=54316"}],"wp:term":[{"taxonomy":"category","embeddable":true,"href":"https:\/\/www.grieta.org.mx\/index.php\/wp-json\/wp\/v2\/categories?post=54316"},{"taxonomy":"post_tag","embeddable":true,"href":"https:\/\/www.grieta.org.mx\/index.php\/wp-json\/wp\/v2\/tags?post=54316"}],"curies":[{"name":"wp","href":"https:\/\/api.w.org\/{rel}","templated":true}]}}