{"id":54267,"date":"2020-10-15T12:20:54","date_gmt":"2020-10-15T17:20:54","guid":{"rendered":"http:\/\/www.grieta.org.mx\/?p=54267"},"modified":"2020-10-16T12:29:26","modified_gmt":"2020-10-16T17:29:26","slug":"pese-a-contagios-no-se-hacen-pruebas-covid-a-migrantes-denuncian-osc-cumplimos-con-medidas-dice-el-inm","status":"publish","type":"post","link":"https:\/\/www.grieta.org.mx\/index.php\/2020\/10\/15\/pese-a-contagios-no-se-hacen-pruebas-covid-a-migrantes-denuncian-osc-cumplimos-con-medidas-dice-el-inm\/","title":{"rendered":"Pese a contagios, no se hacen pruebas COVID a migrantes, denuncian OSC; \u201ccumplimos con medidas\u201d, dice el INM"},"content":{"rendered":"<p><strong>Las organizaciones tambi\u00e9n documentaron que de las 35 estaciones migratorias que hay en el pa\u00eds, solo dos llevan un registro diario de la temperatura de las personas detenidas.<\/strong><\/p>\n<figure id=\"attachment_54268\" aria-describedby=\"caption-attachment-54268\" style=\"width: 800px\" class=\"wp-caption alignnone\"><img loading=\"lazy\" decoding=\"async\" data-attachment-id=\"54268\" data-permalink=\"https:\/\/www.grieta.org.mx\/index.php\/2020\/10\/15\/pese-a-contagios-no-se-hacen-pruebas-covid-a-migrantes-denuncian-osc-cumplimos-con-medidas-dice-el-inm\/cuartoscuro_753033_digital-e1602730248782\/\" data-orig-file=\"https:\/\/www.grieta.org.mx\/wp-content\/uploads\/2020\/10\/cuartoscuro_753033_digital-e1602730248782.jpeg\" data-orig-size=\"1910,993\" data-comments-opened=\"0\" data-image-meta=\"{&quot;aperture&quot;:&quot;0&quot;,&quot;credit&quot;:&quot;&quot;,&quot;camera&quot;:&quot;&quot;,&quot;caption&quot;:&quot;&quot;,&quot;created_timestamp&quot;:&quot;0&quot;,&quot;copyright&quot;:&quot;&quot;,&quot;focal_length&quot;:&quot;0&quot;,&quot;iso&quot;:&quot;0&quot;,&quot;shutter_speed&quot;:&quot;0&quot;,&quot;title&quot;:&quot;&quot;,&quot;orientation&quot;:&quot;0&quot;}\" data-image-title=\"cuartoscuro_753033_digital-e1602730248782\" data-image-description=\"\" data-image-caption=\"&lt;p&gt;Cuartoscuro&lt;\/p&gt;\n\" data-medium-file=\"https:\/\/www.grieta.org.mx\/wp-content\/uploads\/2020\/10\/cuartoscuro_753033_digital-e1602730248782-300x156.jpeg\" data-large-file=\"https:\/\/www.grieta.org.mx\/wp-content\/uploads\/2020\/10\/cuartoscuro_753033_digital-e1602730248782-1024x532.jpeg\" class=\"wp-image-54268\" src=\"http:\/\/www.grieta.org.mx\/wp-content\/uploads\/2020\/10\/cuartoscuro_753033_digital-e1602730248782-300x156.jpeg\" alt=\"\" width=\"800\" height=\"416\" srcset=\"https:\/\/www.grieta.org.mx\/wp-content\/uploads\/2020\/10\/cuartoscuro_753033_digital-e1602730248782-300x156.jpeg 300w, https:\/\/www.grieta.org.mx\/wp-content\/uploads\/2020\/10\/cuartoscuro_753033_digital-e1602730248782-1024x532.jpeg 1024w, https:\/\/www.grieta.org.mx\/wp-content\/uploads\/2020\/10\/cuartoscuro_753033_digital-e1602730248782-768x399.jpeg 768w, https:\/\/www.grieta.org.mx\/wp-content\/uploads\/2020\/10\/cuartoscuro_753033_digital-e1602730248782-1536x799.jpeg 1536w, https:\/\/www.grieta.org.mx\/wp-content\/uploads\/2020\/10\/cuartoscuro_753033_digital-e1602730248782-962x500.jpeg 962w, https:\/\/www.grieta.org.mx\/wp-content\/uploads\/2020\/10\/cuartoscuro_753033_digital-e1602730248782.jpeg 1910w\" sizes=\"auto, (max-width: 800px) 100vw, 800px\" \/><figcaption id=\"caption-attachment-54268\" class=\"wp-caption-text\">Cuartoscuro<\/figcaption><\/figure>\n<p>Manu Ureste\/ ANIMAL POL\u00cdTICO<\/p>\n<p>A pesar de que desde marzo de este a\u00f1o se han registrado contagios por el nuevo coronavirus en estaciones migratorias mexicanas, y a que al menos un migrante muri\u00f3 como consecuencia de un contagio, ni el Instituto Nacional de Migraci\u00f3n (INM), ni ninguna autoridad sanitaria, hacen con regularidad pruebas Covid a los migrantes detenidos.<\/p>\n<p>As\u00ed lo denunciaron organizaciones de la sociedad civil en un informe sobre los efectos de la pandemia en la poblaci\u00f3n migrante y solicitante de refugio en M\u00e9xico, en el que tambi\u00e9n documentaron que\u00a0de\u00a0las 35 estaciones migratorias que hay en el pa\u00eds, solo dos llevan un registro diario de la temperatura de las personas detenidas, y solo una, la de Saltillo, tiene servicio m\u00e9dico las 24 horas.<\/p>\n<p>En cuanto a los insumos para evitar los contagios, el estudio apunta que el suministro de jab\u00f3n y agua en los centros de detenci\u00f3n es \u201cmuy limitado\u201d, y que en estaciones como\u00a0<i>Las Agujas<\/i>, uno de los centros m\u00e1s grandes del pa\u00eds ubicado en la Ciudad de M\u00e9xico, el reparto de cubrebocas es escaso.<\/p>\n<p>Asimismo, aunque el INM comenz\u00f3 en abril pasado a vaciar las estaciones ante las recomendaciones sanitarias de autoridades mexicanas y organismos internacionales, los agentes migratorios contin\u00faan realizando miles de detenciones en plena pandemia, mientras prevalece el hacinamiento en las estancias migratorias provisionales.<\/p>\n<p>Por su parte, el INM, en respuesta a una solicitud de entrevista de\u00a0<i>Animal Pol\u00edtico<\/i>, asegur\u00f3 por medio de una tarjeta informativa que, pese a lo documentado en el informe, s\u00ed lleva registros de temperatura -sin precisar en qu\u00e9 estaciones-, y s\u00ed realiza acciones para la \u201climpieza de manos, sana distancia, y uso de cubrebocas y tapete para higienizar los zapatos\u201d.<\/p>\n<p>\u201cCada d\u00eda se implementan tareas de limpieza y acciones de desinfecci\u00f3n, prevenci\u00f3n, control y supervisi\u00f3n en todos los inmuebles del Instituto\u201d, resalt\u00f3 el INM en su comunicado.<\/p>\n<h2><b>Medidas de higiene insuficientes<\/b><\/h2>\n<p>Ayer mi\u00e9rcoles, las organizaciones civiles Sin Fronteras, el Instituto para las Mujeres en la Migraci\u00f3n (IMUMI), la Fundaci\u00f3n para la Justicia y el Estado Democr\u00e1tico de Derecho, y Asylum Access, entre otras, presentaron el informe\u00a0<i>Sobre los efectos de la pandemia de Covid 19 en las personas migrantes y refugiadas\u2019<\/i>.<\/p>\n<p>En el estudio se plantea que, hist\u00f3ricamente, las estaciones migratorias enfrentan problemas de higiene y de hacinamiento por la gran cantidad de migrantes detenidos cada a\u00f1o en M\u00e9xico por transitar sin documentaci\u00f3n en su camino a Estados Unidos: tan solo en 2019, hasta 182 mil 940 personas extranjeras pasaron por los centros de detenci\u00f3n mexicanos, seg\u00fan datos de la Secretar\u00eda de Gobernaci\u00f3n.<\/p>\n<p>Por ello, la Comisi\u00f3n Nacional de Derechos Humanos (CNDH) emiti\u00f3 el 17 de marzo de este 2020, al inicio de la pandemia, medidas cautelares para que el INM garantizara \u201cla integridad f\u00edsica, psicol\u00f3gica y el estado de salud y la vida, de las personas migrantes\u201d, incluyendo en esa garant\u00eda a quienes est\u00e1n en los centros de detenci\u00f3n.<\/p>\n<p>El Instituto, por su parte, respondi\u00f3\u00a0<a href=\"https:\/\/www.gob.mx\/inm\/prensa\/actua-inm-con-responsabilidad-ante-la-contingencia-por-covid-19-241034\" target=\"_blank\" rel=\"noopener noreferrer\">en un comunicado<\/a>\u00a0a finales de abril se\u00f1alando que dio salida \u201ca algunas personas migrantes\u201d alojadas en las estaciones, a fin de evitar el hacinamiento y cumplir con las medidas cautelares de la CNDH.<\/p>\n<p>Sin embargo, Alejandra Mac\u00edas, directora de Asylum Access, advirti\u00f3 que el INM contin\u00faa haciendo detenciones de migrantes, a los que recluye en estaciones, como las de Villahermosa, Tabasco, Iztapalapa, Ciudad de M\u00e9xico, y Tijuana, Baja California, donde \u201cno se est\u00e1n respetando las medidas de higiene y de prevenci\u00f3n del Covid\u201d.<\/p>\n<p>Esta organizaci\u00f3n civil tambi\u00e9n detect\u00f3 que, al menos en la estaci\u00f3n migratoria de las Agujas, en la Ciudad de M\u00e9xico, la distribuci\u00f3n de cubrebocas entre la poblaci\u00f3n migrante es deficiente.<\/p>\n<p>Alejandra Mac\u00edas cont\u00f3 que en una visita en septiembre pasado a la estaci\u00f3n de Las Agujas los migrantes entrevistados refirieron que estaban usando un cubrebocas que les dio la autoridad migratoria, pero de Estados Unidos. Y que, despu\u00e9s de haber pasado por un periplo en el que estuvieron recluidos hasta en tres diferentes centros de detenci\u00f3n en M\u00e9xico, a su llegada a la estaci\u00f3n de Iztapalapa a\u00fan segu\u00edan usando el mismo cubrebocas porque la autoridad mexicana no les proporcion\u00f3 insumos nuevos.<\/p>\n<p>Por su parte, Gretchen Kuhner, directora del IMUMI, apunt\u00f3 ante una pregunta de\u00a0<i>Animal Pol\u00edtico<\/i>\u00a0que \u201cen las estaciones migratorias no est\u00e1n haciendo pruebas de Covid de forma sistem\u00e1tica\u201d, por lo que puede existir un subregistro de personas migrantes contagiadas en las estaciones. Kuhner dijo que tampoco hay reportes de si elementos del INM se han contagiado de Covid en los \u00faltimos ocho meses de pandemia.<\/p>\n<p>Este medio busc\u00f3 al INM para preguntarle si se est\u00e1n llevando a cabo pruebas Covid en sus estaciones.<\/p>\n<p>Pero en la tarjeta informativa remitida a este medio no dio respuesta a esta pregunta concreta, aunque s\u00ed dijo que \u201cse cuenta con personal m\u00e9dico para atender cualquier sospecha de contagio al interior de sus inmuebles\u201d y que est\u00e1n promoviendo \u201ctodas las acciones que permitan salvaguardar la integridad de su personal y de todas las personas migrantes mexicanas y extranjeras que asisten a sus instalaciones\u201d.<\/p>\n<h2><b>Miedo a los contagios masivos<\/b><\/h2>\n<p>En paralelo a la falta de higiene y de insumos para evitar contagios, el informe se\u00f1ala que se han detectado casos de Covid en varias estaciones.<\/p>\n<p>Por ejemplo, en agosto pasado se detect\u00f3 un caso de coronavirus en un migrante cubano retenido en la estaci\u00f3n de Ciudad Ju\u00e1rez, en Chihuahua, \u201csin que las autoridades tomaran las medidas necesarias para su liberaci\u00f3n, generando focos de infecci\u00f3n entre el resto de la poblaci\u00f3n migrante\u201d.<\/p>\n<p>Y el 11 de septiembre pasado, por otro caso, la CNDH responsabiliz\u00f3 al INM de la muerte el 22 de abril de un migrante salvadore\u00f1o con Covid que estaba detenido en la estaci\u00f3n de Tijuana, Baja California.<\/p>\n<p>Por este caso, el organismo de derechos humanos emiti\u00f3 una recomendaci\u00f3n al Instituto que supuso\u00a0<a href=\"https:\/\/www.animalpolitico.com\/2020\/09\/cndh-responsabiliza-inm-muerte-migrante-covid\/\" target=\"_blank\" rel=\"noopener noreferrer\">el primer reconocimiento oficial de la muerte de un migrante por el virus<\/a>\u00a0tras su ingreso en un centro de detenci\u00f3n mexicano.<\/p>\n<p>No obstante, las autoridades del INM han negado los contagios en las estaciones. De hecho, el 6 de agosto de este a\u00f1o, cuatro meses despu\u00e9s de la muerte por Covid de este migrante, el INM apunt\u00f3 en otro comunicado que no ten\u00eda hasta esa fecha \u201cregistro alguno\u201d de contagios entre la poblaci\u00f3n migrante alojada en estaciones o estancias provisionales.<\/p>\n<p>Graciela Rodr\u00edguez, de la Comisi\u00f3n Mexicana de Defensa y Promoci\u00f3n de los Derechos Humanos, explic\u00f3 que por la falta de medidas de higiene y de sana distancia, y por el temor a los contagios masivos, este a\u00f1o han tenido lugar m\u00faltiples protestas, motines, e incendios al interior de diversas estaciones migratorias.<\/p>\n<p>Una de esas protestas sucedi\u00f3 el 31 de marzo en la estaci\u00f3n de Tenosique, en Tabasco, en la que 14 migrantes resultaron lesionados y un solicitante de asilo guatemalteco, Rolando Barrientos, muri\u00f3 por asfixia tras un incendio registrado cuando otros migrantes protestaban por las condiciones de encierro.<\/p>\n<p>Otras protestas estallaron entre marzo y abril pasado en las estaciones migratorias de Villahermosa, Tabasco, Tapachula, Chiapas, Hermosillo, Sonora, y en Piedras Negras, Coahuila.<\/p>\n<p>En todas las protestas, el informe refiere que el elemento com\u00fan que las deton\u00f3 fueron las condiciones de hacinamiento y la falta de higiene, y \u201cla desesperaci\u00f3n y el miedo ante la posibilidad de contagio de Covid-19\u201d.<\/p>\n<h2><b>Albergues sin agua y sin espacio para sana distancia<\/b><\/h2>\n<p>Por otra parte, las organizaciones civiles se\u00f1alan que m\u00faltiples albergues de la sociedad civil han mantenido abiertas sus puertas durante la pandemia, aunque sin el apoyo gubernamental y con complicaciones severas para atender a personas migrantes debido a la falta de agua, material sanitizante, y de espacios adecuados para mantener la sana distancia.<\/p>\n<p>Adem\u00e1s, el personal voluntario que trabaja en estos albergues no cuenta en su mayor\u00eda con los insumos b\u00e1sicos para evitar contagios, como cubrebocas, guantes, o productos para la desinfecci\u00f3n de las instalaciones.<\/p>\n<p>Mientras tanto, las autoridades migratorias de Estados Unidos no han detenido las deportaciones, a pesar de los brotes de Covid registrados en sus centros de detenci\u00f3n. Situaci\u00f3n que ya ha tenido consecuencias en M\u00e9xico: el 20 de abril pasado, un migrante fue deportado a pesar de ser portador de Covid y contagi\u00f3 a al menos 14 personas en un albergue de Nuevo Laredo, Tamaulipas.<\/p>\n<p>Ante esta situaci\u00f3n, Ana Saiz, directora de Sin Fronteras, explic\u00f3 que entre abril y mayo diversas organizaciones civiles promovieron diez amparos para proteger la vida y la salud de las personas migrantes en el contexto de la pandemia, de los cuales siete fueron favorables.<\/p>\n<p>No obstante, concluy\u00f3 Saiz, las resoluciones de los jueces \u201chan sido incumplidas sistem\u00e1ticamente por las autoridades mexicanas, principalmente por el INM y el gobierno federal, restando importancia a la figura del juicio de amparo al no cumplir con su finalidad, la protecci\u00f3n\u201d.<\/p>\n<p>El informe completo puede consultarse <a href=\"https:\/\/issuu.com\/pajaropolitico\/docs\/informe-final-migraci_n-y-covid-23sep\" target=\"_blank\" rel=\"noopener noreferrer\">aqu\u00ed<\/a>.<\/p>\n<p><a href=\"https:\/\/www.animalpolitico.com\/2020\/10\/pese-a-contagios-no-se-hacen-pruebas-covid-a-migrantes-denuncian-osc-cumplimos-con-medidas-dice-el-inm\/\" target=\"_blank\" rel=\"noopener noreferrer\">https:\/\/www.animalpolitico.com\/2020\/10\/pese-a-contagios-no-se-hacen-pruebas-covid-a-migrantes-denuncian-osc-cumplimos-con-medidas-dice-el-inm\/<\/a><br \/>\n&nbsp;<\/p>\n","protected":false},"excerpt":{"rendered":"<p>Las organizaciones tambi\u00e9n documentaron que de las 35 estaciones migratorias que hay en el pa\u00eds, solo dos llevan un registro diario de la temperatura de las personas detenidas. Manu Ureste\/ &hellip; <a href=\"https:\/\/www.grieta.org.mx\/index.php\/2020\/10\/15\/pese-a-contagios-no-se-hacen-pruebas-covid-a-migrantes-denuncian-osc-cumplimos-con-medidas-dice-el-inm\/\" class=\"more-link\">Leer m\u00e1s<\/a><\/p>\n","protected":false},"author":2,"featured_media":54268,"comment_status":"closed","ping_status":"closed","sticky":false,"template":"","format":"standard","meta":{"ngg_post_thumbnail":0,"_jetpack_newsletter_access":"","_jetpack_dont_email_post_to_subs":false,"_jetpack_newsletter_tier_id":0,"_jetpack_memberships_contains_paywalled_content":false,"_jetpack_memberships_contains_paid_content":false,"footnotes":""},"categories":[80,86,370],"tags":[3243,3241,3694,3688,3691,3693,3690,2600,783,158,2352,735,3689,298,847,3692],"class_list":["post-54267","post","type-post","status-publish","format-standard","has-post-thumbnail","hentry","category-cintillo","category-migrantes","category-migrantes-analisis","tag-contagios","tag-covid-19","tag-deportacion-de-contagiados","tag-detenidos","tag-estaciones-migratoria","tag-hermosillo","tag-higiene-insuficiente","tag-inm","tag-iztapalapa","tag-migrantes","tag-muerte-de-migrantes","tag-nuevo-laredo","tag-pandemia","tag-piedras-negras","tag-tijuana","tag-villahermosa","entry"],"jetpack_featured_media_url":"https:\/\/www.grieta.org.mx\/wp-content\/uploads\/2020\/10\/cuartoscuro_753033_digital-e1602730248782.jpeg","jetpack_sharing_enabled":true,"jetpack_shortlink":"https:\/\/wp.me\/p7ZJR4-e7h","jetpack_likes_enabled":false,"jetpack-related-posts":[{"id":48001,"url":"https:\/\/www.grieta.org.mx\/index.php\/2020\/04\/18\/juez-ordena-al-inm-la-liberacion-de-migrantes-detenidos-en-estaciones-migratorias\/","url_meta":{"origin":54267,"position":0},"title":"Juez ordena al INM la liberaci\u00f3n de migrantes detenidos en estaciones migratorias","author":"grieta","date":"18 abril, 2020","format":false,"excerpt":"En una resoluci\u00f3n hist\u00f3rica, un juez ordena la liberaci\u00f3n inmediata de migrantes ante la crisis sanitaria por el COVID-19 El juez de distrito en materia administrativa, Arturo Israel Dom\u00ednguez Adame resolvi\u00f3 un acuerdo sin precedentes para, entre otras cosas, liberar a los migrantes detenidos en estaciones migratorias y que se\u2026","rel":"","context":"En &quot;CINTILLO&quot;","block_context":{"text":"CINTILLO","link":"https:\/\/www.grieta.org.mx\/index.php\/category\/cintillo\/"},"img":{"alt_text":"","src":"https:\/\/i0.wp.com\/www.grieta.org.mx\/wp-content\/uploads\/2020\/04\/cuartoscuro_751843_digital-e1587241096266.jpeg?resize=350%2C200&ssl=1","width":350,"height":200,"srcset":"https:\/\/i0.wp.com\/www.grieta.org.mx\/wp-content\/uploads\/2020\/04\/cuartoscuro_751843_digital-e1587241096266.jpeg?resize=350%2C200&ssl=1 1x, https:\/\/i0.wp.com\/www.grieta.org.mx\/wp-content\/uploads\/2020\/04\/cuartoscuro_751843_digital-e1587241096266.jpeg?resize=525%2C300&ssl=1 1.5x, https:\/\/i0.wp.com\/www.grieta.org.mx\/wp-content\/uploads\/2020\/04\/cuartoscuro_751843_digital-e1587241096266.jpeg?resize=700%2C400&ssl=1 2x, https:\/\/i0.wp.com\/www.grieta.org.mx\/wp-content\/uploads\/2020\/04\/cuartoscuro_751843_digital-e1587241096266.jpeg?resize=1050%2C600&ssl=1 3x, https:\/\/i0.wp.com\/www.grieta.org.mx\/wp-content\/uploads\/2020\/04\/cuartoscuro_751843_digital-e1587241096266.jpeg?resize=1400%2C800&ssl=1 4x"},"classes":[]},{"id":54501,"url":"https:\/\/www.grieta.org.mx\/index.php\/2020\/10\/24\/cndh-detecta-19-contagios-de-covid-en-centros-de-detencion-de-migrantes-inm-negaba-casos\/","url_meta":{"origin":54267,"position":1},"title":"CNDH detecta 19 contagios de COVID en centros de detenci\u00f3n de migrantes; INM negaba casos","author":"grieta","date":"24 octubre, 2020","format":false,"excerpt":"Los migrantes contagiados con el virus ya fueron trasladados de la estaci\u00f3n Siglo XXI, a la Estancia Provisional denominada \u2018El Hueyate\u2019, ubicada en la carretera Huixtla-Tapachula. Manu Ureste y Alberto Pradilla\/ ANIMAL POL\u00cdTICO A pesar de que el Instituto Nacional de Migraci\u00f3n (INM) ha negado p\u00fablicamente que existan contagios de\u2026","rel":"","context":"En &quot;CINTILLO&quot;","block_context":{"text":"CINTILLO","link":"https:\/\/www.grieta.org.mx\/index.php\/category\/cintillo\/"},"img":{"alt_text":"","src":"https:\/\/i0.wp.com\/www.grieta.org.mx\/wp-content\/uploads\/2020\/10\/cuartoscuro_782317_digital-e1603504875224.jpeg?resize=350%2C200&ssl=1","width":350,"height":200,"srcset":"https:\/\/i0.wp.com\/www.grieta.org.mx\/wp-content\/uploads\/2020\/10\/cuartoscuro_782317_digital-e1603504875224.jpeg?resize=350%2C200&ssl=1 1x, https:\/\/i0.wp.com\/www.grieta.org.mx\/wp-content\/uploads\/2020\/10\/cuartoscuro_782317_digital-e1603504875224.jpeg?resize=525%2C300&ssl=1 1.5x, https:\/\/i0.wp.com\/www.grieta.org.mx\/wp-content\/uploads\/2020\/10\/cuartoscuro_782317_digital-e1603504875224.jpeg?resize=700%2C400&ssl=1 2x, https:\/\/i0.wp.com\/www.grieta.org.mx\/wp-content\/uploads\/2020\/10\/cuartoscuro_782317_digital-e1603504875224.jpeg?resize=1050%2C600&ssl=1 3x"},"classes":[]},{"id":47275,"url":"https:\/\/www.grieta.org.mx\/index.php\/2020\/04\/01\/muerte-de-migrante-en-tabasco-fue-por-la-falta-de-acciones-del-inm-la-72\/","url_meta":{"origin":54267,"position":2},"title":"Muerte de migrante en Tabasco fue por la falta de acciones del INM: La 72","author":"Admin","date":"1 abril, 2020","format":false,"excerpt":"Redacci\u00f3n \/ Conexionmigrante \u201cLa muerte sucedida en la estaci\u00f3n migratoria de Tenosique es responsabilidad directa del INM y de su m\u00e1ximo responsable. Francisco Gardu\u00f1o Ya\u00f1ez\u201d La 72 hogar refugio para personas migrantes en Tabasco, responsabiliz\u00f3 al Instituto Nacional de Migraci\u00f3n (INM) por la muerte de un migrante guatemalteco en la\u2026","rel":"","context":"En &quot;Abuso de fuerzas represivas en Tabasco&quot;","block_context":{"text":"Abuso de fuerzas represivas en Tabasco","link":"https:\/\/www.grieta.org.mx\/index.php\/category\/noticias-nacionales\/tabasco\/abuso-de-fuerzas-represivas-en-tabasco\/"},"img":{"alt_text":"","src":"https:\/\/i0.wp.com\/www.grieta.org.mx\/wp-content\/uploads\/2020\/04\/Screenshot_2020-04-06-Muerte-de-migrante-en-Tabasco-fue-por-la-falta-de-acciones-del-INM-La-72.png?resize=350%2C200&ssl=1","width":350,"height":200,"srcset":"https:\/\/i0.wp.com\/www.grieta.org.mx\/wp-content\/uploads\/2020\/04\/Screenshot_2020-04-06-Muerte-de-migrante-en-Tabasco-fue-por-la-falta-de-acciones-del-INM-La-72.png?resize=350%2C200&ssl=1 1x, https:\/\/i0.wp.com\/www.grieta.org.mx\/wp-content\/uploads\/2020\/04\/Screenshot_2020-04-06-Muerte-de-migrante-en-Tabasco-fue-por-la-falta-de-acciones-del-INM-La-72.png?resize=525%2C300&ssl=1 1.5x, https:\/\/i0.wp.com\/www.grieta.org.mx\/wp-content\/uploads\/2020\/04\/Screenshot_2020-04-06-Muerte-de-migrante-en-Tabasco-fue-por-la-falta-de-acciones-del-INM-La-72.png?resize=700%2C400&ssl=1 2x"},"classes":[]},{"id":55571,"url":"https:\/\/www.grieta.org.mx\/index.php\/2020\/11\/30\/migracion-no-reporta-casos-covid-pero-documentos-revelan-52-contagios\/","url_meta":{"origin":54267,"position":3},"title":"Migraci\u00f3n no reporta casos COVID, pero documentos revelan 52 contagios","author":"grieta","date":"30 noviembre, 2020","format":false,"excerpt":"Manu Ureste y Alberto Pradilla\/ ANIMAL POL\u00cdTICO M\u00e9xico deport\u00f3 a miles de personas desde el inicio de la pandemia sin hacerles PCR, el INM reconoce que solo realiz\u00f3 78 pruebas. En lo que va de la pandemia, el Instituto Nacional de Migraci\u00f3n (INM) no ha reportado de manera oficial cu\u00e1ntos\u2026","rel":"","context":"En &quot;CINTILLO&quot;","block_context":{"text":"CINTILLO","link":"https:\/\/www.grieta.org.mx\/index.php\/category\/cintillo\/"},"img":{"alt_text":"","src":"https:\/\/i0.wp.com\/www.grieta.org.mx\/wp-content\/uploads\/2020\/12\/cuartoscuro_701202_digital-e1606786658436.jpeg?resize=350%2C200&ssl=1","width":350,"height":200,"srcset":"https:\/\/i0.wp.com\/www.grieta.org.mx\/wp-content\/uploads\/2020\/12\/cuartoscuro_701202_digital-e1606786658436.jpeg?resize=350%2C200&ssl=1 1x, https:\/\/i0.wp.com\/www.grieta.org.mx\/wp-content\/uploads\/2020\/12\/cuartoscuro_701202_digital-e1606786658436.jpeg?resize=525%2C300&ssl=1 1.5x, https:\/\/i0.wp.com\/www.grieta.org.mx\/wp-content\/uploads\/2020\/12\/cuartoscuro_701202_digital-e1606786658436.jpeg?resize=700%2C400&ssl=1 2x, https:\/\/i0.wp.com\/www.grieta.org.mx\/wp-content\/uploads\/2020\/12\/cuartoscuro_701202_digital-e1606786658436.jpeg?resize=1050%2C600&ssl=1 3x, https:\/\/i0.wp.com\/www.grieta.org.mx\/wp-content\/uploads\/2020\/12\/cuartoscuro_701202_digital-e1606786658436.jpeg?resize=1400%2C800&ssl=1 4x"},"classes":[]},{"id":53720,"url":"https:\/\/www.grieta.org.mx\/index.php\/2020\/09\/11\/cndh-responsabiliza-al-inm-de-muerte-de-migrante-con-covid-migracion-niega-contagios\/","url_meta":{"origin":54267,"position":4},"title":"CNDH responsabiliza al INM de muerte de migrante con COVID; Migraci\u00f3n niega contagios","author":"grieta","date":"11 septiembre, 2020","format":false,"excerpt":"Alberto Pradilla \/ Animal Pol\u00edtico El organismo responsabiliza al personal de la estaci\u00f3n migratoria de la CDMX de \u201comitir brindar una atenci\u00f3n m\u00e9dica adecuada conforme a los m\u00faltiples factores de riesgo que sufr\u00eda la v\u00edctima\". Un migrante salvadore\u00f1o muri\u00f3 el 22 de abril en el hospital Enrique Cabrera de la\u2026","rel":"","context":"En &quot;CINTILLO&quot;","block_context":{"text":"CINTILLO","link":"https:\/\/www.grieta.org.mx\/index.php\/category\/cintillo\/"},"img":{"alt_text":"","src":"https:\/\/i0.wp.com\/www.grieta.org.mx\/wp-content\/uploads\/2020\/09\/CNDH-responsabiliza-al-INM-de-muerte-de-migrante-con-COVID-Migracion-niega-contagios-cdmx-sept.jpeg?resize=350%2C200&ssl=1","width":350,"height":200,"srcset":"https:\/\/i0.wp.com\/www.grieta.org.mx\/wp-content\/uploads\/2020\/09\/CNDH-responsabiliza-al-INM-de-muerte-de-migrante-con-COVID-Migracion-niega-contagios-cdmx-sept.jpeg?resize=350%2C200&ssl=1 1x, https:\/\/i0.wp.com\/www.grieta.org.mx\/wp-content\/uploads\/2020\/09\/CNDH-responsabiliza-al-INM-de-muerte-de-migrante-con-COVID-Migracion-niega-contagios-cdmx-sept.jpeg?resize=525%2C300&ssl=1 1.5x, https:\/\/i0.wp.com\/www.grieta.org.mx\/wp-content\/uploads\/2020\/09\/CNDH-responsabiliza-al-INM-de-muerte-de-migrante-con-COVID-Migracion-niega-contagios-cdmx-sept.jpeg?resize=700%2C400&ssl=1 2x, https:\/\/i0.wp.com\/www.grieta.org.mx\/wp-content\/uploads\/2020\/09\/CNDH-responsabiliza-al-INM-de-muerte-de-migrante-con-COVID-Migracion-niega-contagios-cdmx-sept.jpeg?resize=1050%2C600&ssl=1 3x, https:\/\/i0.wp.com\/www.grieta.org.mx\/wp-content\/uploads\/2020\/09\/CNDH-responsabiliza-al-INM-de-muerte-de-migrante-con-COVID-Migracion-niega-contagios-cdmx-sept.jpeg?resize=1400%2C800&ssl=1 4x"},"classes":[]},{"id":52426,"url":"https:\/\/www.grieta.org.mx\/index.php\/2020\/08\/05\/da-jueza-24-horas-a-titular-de-inm-para-garantizar-seguridad-de-migrantes-ante-pandemia\/","url_meta":{"origin":54267,"position":5},"title":"Da jueza 24 horas a titular de INM para garantizar seguridad de migrantes ante pandemia","author":"grieta","date":"5 agosto, 2020","format":false,"excerpt":"Una jueza orden\u00f3 al titular del Instituto Nacional de Migraci\u00f3n, Francisco Gardu\u00f1o, comprobar las medidas realizadas para salvaguardar la salud e integridad de personas detenidas en estaciones y estancias migratorias, ante la pandemia de covid-19. Si el funcionario no acata la resoluci\u00f3n, puede ser privado de la libertad Redacci\u00f3n PIE\u2026","rel":"","context":"En &quot;CINTILLO&quot;","block_context":{"text":"CINTILLO","link":"https:\/\/www.grieta.org.mx\/index.php\/category\/cintillo\/"},"img":{"alt_text":"","src":"https:\/\/i0.wp.com\/www.grieta.org.mx\/wp-content\/uploads\/2020\/08\/Inm_comisionado04.jpg?resize=350%2C200&ssl=1","width":350,"height":200,"srcset":"https:\/\/i0.wp.com\/www.grieta.org.mx\/wp-content\/uploads\/2020\/08\/Inm_comisionado04.jpg?resize=350%2C200&ssl=1 1x, https:\/\/i0.wp.com\/www.grieta.org.mx\/wp-content\/uploads\/2020\/08\/Inm_comisionado04.jpg?resize=525%2C300&ssl=1 1.5x, https:\/\/i0.wp.com\/www.grieta.org.mx\/wp-content\/uploads\/2020\/08\/Inm_comisionado04.jpg?resize=700%2C400&ssl=1 2x, https:\/\/i0.wp.com\/www.grieta.org.mx\/wp-content\/uploads\/2020\/08\/Inm_comisionado04.jpg?resize=1050%2C600&ssl=1 3x"},"classes":[]}],"_links":{"self":[{"href":"https:\/\/www.grieta.org.mx\/index.php\/wp-json\/wp\/v2\/posts\/54267","targetHints":{"allow":["GET"]}}],"collection":[{"href":"https:\/\/www.grieta.org.mx\/index.php\/wp-json\/wp\/v2\/posts"}],"about":[{"href":"https:\/\/www.grieta.org.mx\/index.php\/wp-json\/wp\/v2\/types\/post"}],"author":[{"embeddable":true,"href":"https:\/\/www.grieta.org.mx\/index.php\/wp-json\/wp\/v2\/users\/2"}],"replies":[{"embeddable":true,"href":"https:\/\/www.grieta.org.mx\/index.php\/wp-json\/wp\/v2\/comments?post=54267"}],"version-history":[{"count":1,"href":"https:\/\/www.grieta.org.mx\/index.php\/wp-json\/wp\/v2\/posts\/54267\/revisions"}],"predecessor-version":[{"id":54269,"href":"https:\/\/www.grieta.org.mx\/index.php\/wp-json\/wp\/v2\/posts\/54267\/revisions\/54269"}],"wp:featuredmedia":[{"embeddable":true,"href":"https:\/\/www.grieta.org.mx\/index.php\/wp-json\/wp\/v2\/media\/54268"}],"wp:attachment":[{"href":"https:\/\/www.grieta.org.mx\/index.php\/wp-json\/wp\/v2\/media?parent=54267"}],"wp:term":[{"taxonomy":"category","embeddable":true,"href":"https:\/\/www.grieta.org.mx\/index.php\/wp-json\/wp\/v2\/categories?post=54267"},{"taxonomy":"post_tag","embeddable":true,"href":"https:\/\/www.grieta.org.mx\/index.php\/wp-json\/wp\/v2\/tags?post=54267"}],"curies":[{"name":"wp","href":"https:\/\/api.w.org\/{rel}","templated":true}]}}