{"id":54244,"date":"2020-10-08T11:12:36","date_gmt":"2020-10-08T16:12:36","guid":{"rendered":"http:\/\/www.grieta.org.mx\/?p=54244"},"modified":"2020-10-16T11:36:55","modified_gmt":"2020-10-16T16:36:55","slug":"tres-meses-de-camino-esquivando-la-pandemia","status":"publish","type":"post","link":"https:\/\/www.grieta.org.mx\/index.php\/2020\/10\/08\/tres-meses-de-camino-esquivando-la-pandemia\/","title":{"rendered":"Tres meses de camino esquivando la pandemia"},"content":{"rendered":"<figure id=\"attachment_54246\" aria-describedby=\"caption-attachment-54246\" style=\"width: 800px\" class=\"wp-caption alignnone\"><img loading=\"lazy\" decoding=\"async\" data-attachment-id=\"54246\" data-permalink=\"https:\/\/www.grieta.org.mx\/index.php\/2020\/10\/08\/tres-meses-de-camino-esquivando-la-pandemia\/quintoelemento_especialmigracion02_00\/\" data-orig-file=\"https:\/\/www.grieta.org.mx\/wp-content\/uploads\/2020\/10\/quintoelemento_especialmigracion02_00.jpg\" data-orig-size=\"1200,800\" data-comments-opened=\"0\" data-image-meta=\"{&quot;aperture&quot;:&quot;10&quot;,&quot;credit&quot;:&quot;&quot;,&quot;camera&quot;:&quot;Canon EOS 6D Mark II&quot;,&quot;caption&quot;:&quot;&quot;,&quot;created_timestamp&quot;:&quot;0&quot;,&quot;copyright&quot;:&quot;&quot;,&quot;focal_length&quot;:&quot;28&quot;,&quot;iso&quot;:&quot;100&quot;,&quot;shutter_speed&quot;:&quot;0.025&quot;,&quot;title&quot;:&quot;&quot;,&quot;orientation&quot;:&quot;0&quot;}\" data-image-title=\"quintoelemento_especialmigracion02_00\" data-image-description=\"\" data-image-caption=\"&lt;p&gt;\u00d3scar Rivas, al t\u00e9rmino de su traves\u00eda a pie, en el albergue de Las Patronas donde se recuper\u00f3 durante dos meses.&lt;\/p&gt;\n\" data-medium-file=\"https:\/\/www.grieta.org.mx\/wp-content\/uploads\/2020\/10\/quintoelemento_especialmigracion02_00-300x200.jpg\" data-large-file=\"https:\/\/www.grieta.org.mx\/wp-content\/uploads\/2020\/10\/quintoelemento_especialmigracion02_00-1024x683.jpg\" class=\"wp-image-54246\" src=\"http:\/\/www.grieta.org.mx\/wp-content\/uploads\/2020\/10\/quintoelemento_especialmigracion02_00.jpg\" alt=\"\" width=\"800\" height=\"533\" srcset=\"https:\/\/www.grieta.org.mx\/wp-content\/uploads\/2020\/10\/quintoelemento_especialmigracion02_00.jpg 1200w, https:\/\/www.grieta.org.mx\/wp-content\/uploads\/2020\/10\/quintoelemento_especialmigracion02_00-300x200.jpg 300w, https:\/\/www.grieta.org.mx\/wp-content\/uploads\/2020\/10\/quintoelemento_especialmigracion02_00-1024x683.jpg 1024w, https:\/\/www.grieta.org.mx\/wp-content\/uploads\/2020\/10\/quintoelemento_especialmigracion02_00-768x512.jpg 768w, https:\/\/www.grieta.org.mx\/wp-content\/uploads\/2020\/10\/quintoelemento_especialmigracion02_00-750x500.jpg 750w\" sizes=\"auto, (max-width: 800px) 100vw, 800px\" \/><figcaption id=\"caption-attachment-54246\" class=\"wp-caption-text\">\u00d3scar Rivas, al t\u00e9rmino de su traves\u00eda a pie, en el albergue de Las Patronas donde se recuper\u00f3 durante dos meses.<\/figcaption><\/figure>\n<p><strong>En esta segunda parte de Migrar bajo las leyes de covid, en la que un periodista y un fot\u00f3grafo recorrieron la frontera sur mexicana entre julio y agosto, encontraron a \u00d3scar*, un migrante salvadore\u00f1o que camin\u00f3 m\u00e1s de 800 kil\u00f3metros en plena pandemia, vivi\u00f3 como ermita\u00f1o, se alej\u00f3 de las aglomeraciones para evitar el contagio y los brotes de xenofobia, y encontr\u00f3 los albergues cerrados<\/strong><\/p>\n<p>Texto: Rodrigo Soberanes\/ Fotos y videos: Javier Garc\u00eda \/ Quinto Elemento Lab\/ PIE DE P\u00c1GINA<\/p>\n<p>CIUDAD HIDALGO, CHIAPAS.- \u201cVengo de El Salvador y camin\u00e9 mucho\u201d, se present\u00f3 \u00d3scar Rivas*, un campesino de 53 a\u00f1os que inici\u00f3 su marcha en invierno de 2019 y recibi\u00f3 la primavera de 2020 en M\u00e9xico en plena pandemia. Luego de caminar sobre v\u00edas del tren, terracer\u00edas, carreteras y potreros a m\u00e1s de 1 mil 200 kil\u00f3metros de casa y dormir al aire libre sobre piedras, procurando evitar el contacto con otras personas.<\/p>\n<p>Rivas dej\u00f3 su casa de San Salvador el 24 de diciembre de 2019, ten\u00eda entonces 52 a\u00f1os de edad. Antes de emprender la ruta migratoria hab\u00eda intentado vivir del trabajo en el campo, en la construcci\u00f3n y en la guerra, como soldado combatiente durante el conflicto civil de su pa\u00eds.<\/p>\n<p>Al inicio, el viaje fue veloz. A los cinco d\u00edas de paso r\u00e1pido por Guatemala dej\u00f3 atr\u00e1s el Tri\u00e1ngulo Norte de Centroam\u00e9rica. Pod\u00eda viajar en transporte p\u00fablico sin temor a que lo detuvieran. Los primeros casos positivos por covid estaban del otro lado del mundo, en Asia y Europa. Durante esos d\u00edas recorri\u00f3 casi 500 kil\u00f3metros sin sobresaltos.<\/p>\n<p>Esa forma de viajar se termin\u00f3 en cuanto cruz\u00f3 el r\u00edo Suchiate y entr\u00f3 a M\u00e9xico por Ciudad Hidalgo, Chiapas. En territorio mexicano el Instituto Nacional de Migraci\u00f3n (INM), apoyado por Polic\u00eda Federal, a veces del Ej\u00e9rcito, dificulta el tr\u00e1nsito de personas como \u00e9l, en circunstancias de migraci\u00f3n forzada. Las detienen, confinan y deportan.<\/p>\n<p>\u00d3scar Rivas nos cont\u00f3 su historia al final de su traves\u00eda desde un punto de la ruta migratoria donde finalmente encontr\u00f3 un techo y pudo quedarse un tiempo para recuperarse.<\/p>\n<p>\u201cReforzaron los puestos de seguridad de Migraci\u00f3n, la Guardia Nacional. Todo eso se les dificulta a las personas para avanzar. Entonces uno tiene que hacer el esfuerzo sea como sea\u201d, afirm\u00f3 \u00d3scar, quien estaba sorprendido por el aumento en la vigilancia que percibi\u00f3 hacia personas viajando sin documentos. No era novato, ya una vez antes hab\u00eda intentado emigrar.<\/p>\n<p>Las carreteras no eran opci\u00f3n, entonces busc\u00f3 las v\u00edas del tren, no para subirse a un vag\u00f3n -en su viaje previo, durante 2019, presenci\u00f3 un asalto con disparos y desbandada de migrantes hacia el monte- sino para seguir a pie la ruta regular del migrante: las v\u00edas del ferrocarril.<\/p>\n<figure id=\"attachment_54247\" aria-describedby=\"caption-attachment-54247\" style=\"width: 800px\" class=\"wp-caption alignnone\"><img loading=\"lazy\" decoding=\"async\" data-attachment-id=\"54247\" data-permalink=\"https:\/\/www.grieta.org.mx\/index.php\/2020\/10\/08\/tres-meses-de-camino-esquivando-la-pandemia\/image2-3\/\" data-orig-file=\"https:\/\/www.grieta.org.mx\/wp-content\/uploads\/2020\/10\/image2.jpg\" data-orig-size=\"1350,900\" data-comments-opened=\"0\" data-image-meta=\"{&quot;aperture&quot;:&quot;0&quot;,&quot;credit&quot;:&quot;&quot;,&quot;camera&quot;:&quot;&quot;,&quot;caption&quot;:&quot;&quot;,&quot;created_timestamp&quot;:&quot;0&quot;,&quot;copyright&quot;:&quot;&quot;,&quot;focal_length&quot;:&quot;0&quot;,&quot;iso&quot;:&quot;0&quot;,&quot;shutter_speed&quot;:&quot;0&quot;,&quot;title&quot;:&quot;&quot;,&quot;orientation&quot;:&quot;0&quot;}\" data-image-title=\"image2\" data-image-description=\"\" data-image-caption=\"&lt;p&gt;Tramo ferroviario en un despoblado ubicado entre Tierra Blanca y Amatl\u00e1n, por donde pas\u00f3 caminando \u00d3scar.&lt;\/p&gt;\n\" data-medium-file=\"https:\/\/www.grieta.org.mx\/wp-content\/uploads\/2020\/10\/image2-300x200.jpg\" data-large-file=\"https:\/\/www.grieta.org.mx\/wp-content\/uploads\/2020\/10\/image2-1024x683.jpg\" class=\"wp-image-54247\" src=\"http:\/\/www.grieta.org.mx\/wp-content\/uploads\/2020\/10\/image2.jpg\" alt=\"\" width=\"800\" height=\"533\" srcset=\"https:\/\/www.grieta.org.mx\/wp-content\/uploads\/2020\/10\/image2.jpg 1350w, https:\/\/www.grieta.org.mx\/wp-content\/uploads\/2020\/10\/image2-300x200.jpg 300w, https:\/\/www.grieta.org.mx\/wp-content\/uploads\/2020\/10\/image2-1024x683.jpg 1024w, https:\/\/www.grieta.org.mx\/wp-content\/uploads\/2020\/10\/image2-768x512.jpg 768w, https:\/\/www.grieta.org.mx\/wp-content\/uploads\/2020\/10\/image2-750x500.jpg 750w\" sizes=\"auto, (max-width: 800px) 100vw, 800px\" \/><figcaption id=\"caption-attachment-54247\" class=\"wp-caption-text\">Tramo ferroviario en un despoblado ubicado entre Tierra Blanca y Amatl\u00e1n, por donde pas\u00f3 caminando \u00d3scar.<\/figcaption><\/figure>\n<p>Inici\u00f3 su marcha para llegar a Villa Comaltitl\u00e1n, a 98 kil\u00f3metros de la frontera donde viv\u00eda una familia conocida. \u201cTen\u00eda una mochila, no tra\u00eda unos buenos zapatos, ven\u00eda enhuarachado\u201d, explic\u00f3 \u00d3scar: estaba en plena traves\u00eda sin dinero y \u00fanicamente con una muda de ropa como equipaje. Tard\u00f3 tres d\u00edas en llegar.<\/p>\n<p>Es un tramo de la v\u00eda del tren a un costado de la Sierra Madre, atravesando por numerosos r\u00edos y riachuelos que se abren paso desde las monta\u00f1as hacia el mar. A su derecha encontraba las monta\u00f1as coronadas con nubes o neblina, hacia la izquierda ten\u00eda un paisaje extendido hacia la playa.<\/p>\n<p>Era mediados de marzo de 2020 y la pandemia estaba en marcha. La Organizaci\u00f3n Mundial de la Salud no tardar\u00eda en declarar emergencia internacional por la propagaci\u00f3n del COVID-19, con casi 8 mil contagios y 170 muertes en China. Mientras tanto, en M\u00e9xico, el subsecretario de Salud, Hugo L\u00f3pez-Gatell, informaba sobre el inicio del proceso de preparaci\u00f3n de la estrategia para combatir el nuevo coronavirus.<\/p>\n<p>Comer iguanas, dormir a la intemperie<br \/>\n\u00d3scar se intern\u00f3 por tramos de selva mediana y baja con parajes de manglares, lagunas costeras, y esteros. A su alrededor ten\u00eda una vasta cantidad de fauna conformada por especies de aves end\u00e9micas y migratorias, incluso, por el jaguar. De ah\u00ed en adelante, las condiciones naturales del camino, junto con su capacidad de supervivencia aprendida en el ej\u00e9rcito salvadore\u00f1o, le dieron la posibilidad de sobrevivir durante su traves\u00eda, que sucedi\u00f3 en su mayor\u00eda alejada de lugares poblados. Esa fue su \u201csana distancia\u201d.<\/p>\n<p>Cuando \u00d3scar estaba en la guerra, en las monta\u00f1as de El Salvador, hab\u00eda d\u00edas en que el helic\u00f3ptero que llevaba el alimento, no llegaba. Por eso com\u00eda animales asados y hierbas del monte hervidas con sal.<\/p>\n<p>\u201cSi traigo con qu\u00e9 matarme un pajarito, lo cocino y me lo como. Por ah\u00ed abundan muchas iguanas. Me hac\u00eda una lumbre y ya, me las com\u00eda asadas en una estaca. Con el hambre todo sabe bueno. Esto fue cuando ya me qued\u00e9 sin dinero\u201d, relat\u00f3 tres meses despu\u00e9s del fin de su traves\u00eda.<\/p>\n<p>A\u00f1os atr\u00e1s, durante la guerra, en las ocasiones en que el helic\u00f3ptero no llegaba, hac\u00eda caminatas de hasta 15 d\u00edas y lleg\u00f3 a pasar, seg\u00fan cont\u00f3, hasta tres meses \u201cdurmiendo en el monte\u201d.<\/p>\n<p>Para dormir, tanto en el conflicto armado como en su traves\u00eda por el sur de M\u00e9xico, en medio de la pandemia, buscaba un descampado donde no hubieran demasiadas piedras amontonadas u otros recovecos que pudieran ser guaridas de animales. Por el mismo motivo, evitaba quedarse bajo los \u00e1rboles. Peque\u00f1as planicies con hierba crecida alrededor eran el lugar ideal.<\/p>\n<p>El mejor horario para descansar era antes de que comenzara a oscurecer, alrededor de las 17:30, porque as\u00ed pod\u00eda controlar mejor sus condiciones de seguridad. Normalmente, a las 04:00 de la ma\u00f1ana ya estaba en marcha sobre las v\u00edas.<\/p>\n<p>En una ocasi\u00f3n durante la guerra -cont\u00f3 \u00d3scar- se separ\u00f3 de su pelot\u00f3n cerca de un poblado, dej\u00f3 su zona de seguridad porque oli\u00f3 tortillas reci\u00e9n hechas. Cuando volvi\u00f3 con ellas, sus superiores lo castigaron por haber pasado por alto una t\u00e1ctica del enemigo, que envenenaba soldados luego de atraerlos de forma parecida a como \u00d3scar fue atra\u00eddo por el aroma a ma\u00edz reci\u00e9n cocinado. Fue as\u00ed como aprendi\u00f3 a no salirse de su zona de seguridad.<\/p>\n<p>-\u00bfUtilizaste esa ense\u00f1anza para no exponerte a autoridades y pobladores durante tu viaje?- preguntamos.<\/p>\n<p>-\u00a1Exactamente! Exactamente\u2026<\/p>\n<p>Lleg\u00f3 a principios de enero a Villa Comaltitl\u00e1n, Chiapas, un caluroso y peque\u00f1o municipio coste\u00f1o de actividad ca\u00f1era y comercial, donde trabaj\u00f3 dos meses en la construcci\u00f3n. Decidi\u00f3 quedarse ese tiempo porque se enter\u00f3 del avance del Covid y de las dificultades que enfrentaban otros migrantes para seguir su camino.<\/p>\n<p>\u201cEscuch\u00e9 las noticias y estaban diciendo de eso. Ven\u00eda una caravana que no la dejaron pasar por lo mismo, me qued\u00e9 de mientras dos meses trabajando\u201d, explic\u00f3.<\/p>\n<p>El 30 de enero se instal\u00f3 el Comit\u00e9 Nacional para Seguridad en Salud, una instancia creada para atender la emergencia sanitaria. El 28 de febrero M\u00e9xico registr\u00f3 su primer caso positivo por covid-19. \u00d3scar empez\u00f3 su camino de nuevo a pie a inicios de marzo y el mundo ya era otro. No encontr\u00f3 albergues para migrantes donde poder dormir, asearse y descansar. Estaban cerrados debido a la contingencia.<\/p>\n<p>Sigui\u00f3 su camino por las v\u00edas, que tienen un trazo paralelo a la carretera donde, de haber sido ser una persona con papeles, podr\u00eda viajar sin el riesgo de ser asegurado por el INM en uno de los nueve puestos de control que hay entre Tapachula y el l\u00edmite de Chiapas con Oaxaca.<\/p>\n<p>\u201cHab\u00edan muchos puestos [de control migratorio] y ten\u00eda que venir sac\u00e1ndoles la vuelta\u201d, record\u00f3 el salvadore\u00f1o. Humedales, potreros y terracer\u00edas iban quedando atr\u00e1s mientras transcurr\u00eda su marcha, paso a paso, hacia norte del continente.<\/p>\n<figure id=\"attachment_54248\" aria-describedby=\"caption-attachment-54248\" style=\"width: 800px\" class=\"wp-caption alignnone\"><img loading=\"lazy\" decoding=\"async\" data-attachment-id=\"54248\" data-permalink=\"https:\/\/www.grieta.org.mx\/index.php\/2020\/10\/08\/tres-meses-de-camino-esquivando-la-pandemia\/image5-1\/\" data-orig-file=\"https:\/\/www.grieta.org.mx\/wp-content\/uploads\/2020\/10\/image5-1.jpg\" data-orig-size=\"1600,900\" data-comments-opened=\"0\" data-image-meta=\"{&quot;aperture&quot;:&quot;0&quot;,&quot;credit&quot;:&quot;&quot;,&quot;camera&quot;:&quot;&quot;,&quot;caption&quot;:&quot;&quot;,&quot;created_timestamp&quot;:&quot;0&quot;,&quot;copyright&quot;:&quot;&quot;,&quot;focal_length&quot;:&quot;0&quot;,&quot;iso&quot;:&quot;0&quot;,&quot;shutter_speed&quot;:&quot;0&quot;,&quot;title&quot;:&quot;&quot;,&quot;orientation&quot;:&quot;0&quot;}\" data-image-title=\"image5 (1)\" data-image-description=\"\" data-image-caption=\"&lt;p&gt;Puesto de control migratorio del Instituto Nacional de Migraci\u00f3n ubicado en las inmediaciones de Acayucan, Veracruz.&lt;\/p&gt;\n\" data-medium-file=\"https:\/\/www.grieta.org.mx\/wp-content\/uploads\/2020\/10\/image5-1-300x169.jpg\" data-large-file=\"https:\/\/www.grieta.org.mx\/wp-content\/uploads\/2020\/10\/image5-1-1024x576.jpg\" class=\"wp-image-54248\" src=\"http:\/\/www.grieta.org.mx\/wp-content\/uploads\/2020\/10\/image5-1.jpg\" alt=\"\" width=\"800\" height=\"450\" srcset=\"https:\/\/www.grieta.org.mx\/wp-content\/uploads\/2020\/10\/image5-1.jpg 1600w, https:\/\/www.grieta.org.mx\/wp-content\/uploads\/2020\/10\/image5-1-300x169.jpg 300w, https:\/\/www.grieta.org.mx\/wp-content\/uploads\/2020\/10\/image5-1-1024x576.jpg 1024w, https:\/\/www.grieta.org.mx\/wp-content\/uploads\/2020\/10\/image5-1-768x432.jpg 768w, https:\/\/www.grieta.org.mx\/wp-content\/uploads\/2020\/10\/image5-1-1536x864.jpg 1536w, https:\/\/www.grieta.org.mx\/wp-content\/uploads\/2020\/10\/image5-1-889x500.jpg 889w\" sizes=\"auto, (max-width: 800px) 100vw, 800px\" \/><figcaption id=\"caption-attachment-54248\" class=\"wp-caption-text\">Puesto de control migratorio del Instituto Nacional de Migraci\u00f3n ubicado en las inmediaciones de Acayucan, Veracruz.<\/figcaption><\/figure>\n<p>Despu\u00e9s de m\u00e1s de 50 kil\u00f3metros de marcha, pas\u00f3 por Mapastepec, donde en 2018 se ubic\u00f3 un campo de 3 mil 500 refugiados de la primera caravana migrante. Una parte de ellos fueron reubicados antes de la pandemia en un centro de detenci\u00f3n instalado en Tuxtla Guti\u00e9rrez. Para \u00d3scar, a estas alturas, tras recorrer unos 450 kil\u00f3metros, el calzado ya era un problema. Necesitaba zapatos nuevos.<\/p>\n<p>\u00d3scar sigui\u00f3 su marcha apartado de los puestos de control migratorio, que ejerc\u00edan la vigilancia con mayor intensidad a ra\u00edz de la emergencia por la covid-19. Camin\u00f3 por las v\u00edas, aliment\u00e1ndose de iguanas y comida que consegu\u00eda de manera espor\u00e1dica en alg\u00fan caser\u00edo, ase\u00e1ndose en los r\u00edos y durmiendo en recovecos descampados, a merced de la lluvia y los zancudos.<\/p>\n<p>\u201cCuando me agarraba la noche buscaba en el monte, y para ba\u00f1arme, los r\u00edos. Es que por Chiapas y parte de Oaxaca hay muchos r\u00edos. Traigo mi jab\u00f3n y mi pasta de dientes. Lavaba mi ropa porque s\u00f3lo tra\u00eda dos cambios\u201d, cont\u00f3.<\/p>\n<p>Era, en parte, como estar en la guerra. As\u00ed que esa experiencia, que le dej\u00f3 una lesi\u00f3n de bala en la parte izquierda del t\u00f3rax, le sirvi\u00f3 para realizar una marcha de aproximadamente 870 kil\u00f3metros por parajes deshabitados, esquivando ciudades y poblados donde los casos positivos de covid iban creciendo junto con el rechazo a la presencia de migrantes, quienes eran percibidos entre los pobladores como vectores de contagio.<\/p>\n<p>\u201cLo que aprend\u00ed ah\u00ed [en la guerra] nunca se me olvida y siempre lo pongo en pr\u00e1ctica para bien porque tengo entrenamiento en sobrevivencia y eso me ayuda mucho. Dorm\u00edamos en el monte todos mojados, sal\u00edamos al lodo. Eran los zancudos y todo eso\u201d, record\u00f3.<\/p>\n<p>Las v\u00edas lo llevaron a Arriaga, Chiapas, una poblaci\u00f3n que en los \u00faltimos a\u00f1os ha sido un lugar importante en la ruta migratoria. Al llegar ah\u00ed, \u00d3scar ya se encontraba a m\u00e1s de 700 kil\u00f3metros de casa.<\/p>\n<figure id=\"attachment_54249\" aria-describedby=\"caption-attachment-54249\" style=\"width: 800px\" class=\"wp-caption alignnone\"><img loading=\"lazy\" decoding=\"async\" data-attachment-id=\"54249\" data-permalink=\"https:\/\/www.grieta.org.mx\/index.php\/2020\/10\/08\/tres-meses-de-camino-esquivando-la-pandemia\/image4-1\/\" data-orig-file=\"https:\/\/www.grieta.org.mx\/wp-content\/uploads\/2020\/10\/image4-1.jpg\" data-orig-size=\"1350,900\" data-comments-opened=\"0\" data-image-meta=\"{&quot;aperture&quot;:&quot;0&quot;,&quot;credit&quot;:&quot;&quot;,&quot;camera&quot;:&quot;&quot;,&quot;caption&quot;:&quot;&quot;,&quot;created_timestamp&quot;:&quot;0&quot;,&quot;copyright&quot;:&quot;&quot;,&quot;focal_length&quot;:&quot;0&quot;,&quot;iso&quot;:&quot;0&quot;,&quot;shutter_speed&quot;:&quot;0&quot;,&quot;title&quot;:&quot;&quot;,&quot;orientation&quot;:&quot;0&quot;}\" data-image-title=\"image4 (1)\" data-image-description=\"\" data-image-caption=\"&lt;p&gt;En Arriaga, Chiapas, hay una calma total en las v\u00edas del tren, donde antes la presencia migrante era notable.&lt;\/p&gt;\n\" data-medium-file=\"https:\/\/www.grieta.org.mx\/wp-content\/uploads\/2020\/10\/image4-1-300x200.jpg\" data-large-file=\"https:\/\/www.grieta.org.mx\/wp-content\/uploads\/2020\/10\/image4-1-1024x683.jpg\" class=\"wp-image-54249\" src=\"http:\/\/www.grieta.org.mx\/wp-content\/uploads\/2020\/10\/image4-1.jpg\" alt=\"\" width=\"800\" height=\"533\" srcset=\"https:\/\/www.grieta.org.mx\/wp-content\/uploads\/2020\/10\/image4-1.jpg 1350w, https:\/\/www.grieta.org.mx\/wp-content\/uploads\/2020\/10\/image4-1-300x200.jpg 300w, https:\/\/www.grieta.org.mx\/wp-content\/uploads\/2020\/10\/image4-1-1024x683.jpg 1024w, https:\/\/www.grieta.org.mx\/wp-content\/uploads\/2020\/10\/image4-1-768x512.jpg 768w, https:\/\/www.grieta.org.mx\/wp-content\/uploads\/2020\/10\/image4-1-750x500.jpg 750w\" sizes=\"auto, (max-width: 800px) 100vw, 800px\" \/><figcaption id=\"caption-attachment-54249\" class=\"wp-caption-text\">En Arriaga, Chiapas, hay una calma total en las v\u00edas del tren, donde antes la presencia migrante era notable.<\/figcaption><\/figure>\n<p>Durante d\u00e9cadas, a Arriaga llegaban miles de migrantes cada semana despu\u00e9s de una peligrosa caminata desde Tapachula. Hab\u00edan hoteles y posadas para migrantes, tiendas con comida t\u00edpica de diversas regiones, oficinas de las embajadas de El Salvador y Honduras. Toda una econom\u00eda local alrededor del fen\u00f3meno migratorio. Desde que en 2005 el hurac\u00e1n Stan inhabilit\u00f3 el paso de los vagones en el tramo que une Guatemala con la frontera del lado mexicano, es ah\u00ed, en Arriaga, donde comienza el viaje en tren para los migrantes.<\/p>\n<p>El albergue de Arriaga, con cupo para unas 100 personas, suele estar siempre rebasado, pero sigue cerrado hasta hoy. Nadie contesta el tel\u00e9fono. La pintura blanca de su fachada luce vieja y descuidada, al igual que sus puertas rojas de l\u00e1mina, que entre las rendijas dejan ver hierbas crecidas y superficies empolvadas en el interior. Un lugar abandonado.<\/p>\n<p>Las fuerzas, sus huaraches y sus habilidades de supervivencia le alcanzaron a \u00d3scar para salir de Chiapas y llegar a Chahuites, Oaxaca. En este punto, tras 324 kil\u00f3metros de viaje dentro de territorio mexicano, est\u00e1 el peor recuerdo de su traves\u00eda: las ampollas y el sangrado de los pies. En la guerra nunca le falt\u00f3 el calzado, en la ruta migratoria, s\u00ed.<\/p>\n<p>\u201cLo m\u00e1s dif\u00edcil de todo el viaje fueron las ampollas, llegu\u00e9 a Chahuites sangrando de los dedos y los talones\u201d, cont\u00f3.<\/p>\n<p>En Chahuites, trabaj\u00f3 dos semanas y compr\u00f3 unas botas de trabajo negras, con suela gruesa, nuevas, que le costaron 450 pesos, unos veinte d\u00f3lares americanos. Las conserva. Est\u00e1n impregnadas de polvo de cemento y a\u00fan las utiliza.<\/p>\n<p>En ese tramo de su viaje -seg\u00fan relat\u00f3- ya hab\u00eda perdido la cuenta de los d\u00edas. La cuenta que no se le escapa es la del n\u00famero de personas migrantes que vi\u00f3 en ese en esa parte del camino, ocho exactamente.<\/p>\n<p>Estaba a 405 kil\u00f3metros de distancia del que, sin saberlo a\u00fan, ser\u00eda su destino: el albergue veracruzano de Las Patronas. Pero antes de llegar a Veracruz pasar\u00eda por Oaxaca.<\/p>\n<p>La Jornada de Sana Distancia en M\u00e9xico por el COVID-19, que empez\u00f3 el 23 de marzo, ya estaba en marcha.<\/p>\n<p>870 kil\u00f3metros despu\u00e9s<br \/>\nEn la comunidad de La Patrona, municipio de Amatl\u00e1n, en el centro de Veracruz, el grupo de mujeres que desde hace 25 a\u00f1os da alimentos y brinda albergue a la poblaci\u00f3n migrante, conocido como Las Patronas, ya notaba el cambio en las din\u00e1micas de la ruta migratoria.<\/p>\n<p>Hab\u00eda preocupaci\u00f3n y confusi\u00f3n entre los grupos que se encargan de la ayuda humanitaria en las rutas migratorias. Norma Romero, l\u00edder de Las Patronas, entendi\u00f3, gracias a la informaci\u00f3n que llegaba desde el sur a trav\u00e9s de sus contactos, que la situaci\u00f3n de los migrantes se hab\u00eda complicado a\u00fan m\u00e1s.<\/p>\n<p>\u201cDe por s\u00ed mucha gente ya hab\u00eda discriminado al migrante porque dec\u00edan que la mayor parte de las enfermedades que se hab\u00edan visto eran enfermedades que ellos tra\u00edan. Despu\u00e9s dec\u00edan que ven\u00edan a robar el trabajo. Ya hab\u00edan antecedentes en contra de migrantes, luego con la pandemia, la militarizaci\u00f3n vino a ocasionar m\u00e1s problemas y ponerlos m\u00e1s en riesgo\u201d, dijo Romero entrevistada en el comedor de Las Patronas, a finales de julio.<\/p>\n<figure id=\"attachment_54250\" aria-describedby=\"caption-attachment-54250\" style=\"width: 800px\" class=\"wp-caption alignnone\"><img loading=\"lazy\" decoding=\"async\" data-attachment-id=\"54250\" data-permalink=\"https:\/\/www.grieta.org.mx\/index.php\/2020\/10\/08\/tres-meses-de-camino-esquivando-la-pandemia\/image3-3\/\" data-orig-file=\"https:\/\/www.grieta.org.mx\/wp-content\/uploads\/2020\/10\/image3.jpg\" data-orig-size=\"1350,900\" data-comments-opened=\"0\" data-image-meta=\"{&quot;aperture&quot;:&quot;0&quot;,&quot;credit&quot;:&quot;&quot;,&quot;camera&quot;:&quot;&quot;,&quot;caption&quot;:&quot;&quot;,&quot;created_timestamp&quot;:&quot;0&quot;,&quot;copyright&quot;:&quot;&quot;,&quot;focal_length&quot;:&quot;0&quot;,&quot;iso&quot;:&quot;0&quot;,&quot;shutter_speed&quot;:&quot;0&quot;,&quot;title&quot;:&quot;&quot;,&quot;orientation&quot;:&quot;0&quot;}\" data-image-title=\"image3\" data-image-description=\"\" data-image-caption=\"&lt;p&gt;En Ixtepec, Oaxaca, el albergue Hermanos en el Camino cerr\u00f3 su oferta de acogida. Por aqu\u00ed pas\u00f3 \u00d3scar.&lt;\/p&gt;\n\" data-medium-file=\"https:\/\/www.grieta.org.mx\/wp-content\/uploads\/2020\/10\/image3-300x200.jpg\" data-large-file=\"https:\/\/www.grieta.org.mx\/wp-content\/uploads\/2020\/10\/image3-1024x683.jpg\" class=\"wp-image-54250\" src=\"http:\/\/www.grieta.org.mx\/wp-content\/uploads\/2020\/10\/image3.jpg\" alt=\"\" width=\"800\" height=\"533\" srcset=\"https:\/\/www.grieta.org.mx\/wp-content\/uploads\/2020\/10\/image3.jpg 1350w, https:\/\/www.grieta.org.mx\/wp-content\/uploads\/2020\/10\/image3-300x200.jpg 300w, https:\/\/www.grieta.org.mx\/wp-content\/uploads\/2020\/10\/image3-1024x683.jpg 1024w, https:\/\/www.grieta.org.mx\/wp-content\/uploads\/2020\/10\/image3-768x512.jpg 768w, https:\/\/www.grieta.org.mx\/wp-content\/uploads\/2020\/10\/image3-750x500.jpg 750w\" sizes=\"auto, (max-width: 800px) 100vw, 800px\" \/><figcaption id=\"caption-attachment-54250\" class=\"wp-caption-text\">En Ixtepec, Oaxaca, el albergue Hermanos en el Camino cerr\u00f3 su oferta de acogida. Por aqu\u00ed pas\u00f3 \u00d3scar.<\/figcaption><\/figure>\n<p>All\u00e1 en la ruta migratoria de donde llegaban noticias a Las Patronas, estaba \u00d3scar caminado hacia Ixtepec, Oaxaca, en la cintura de la Rep\u00fablica, donde visit\u00f3 el albergue Hermanos en el Camino, del famoso padre Alejandro Solalinde, en busca de descanso. Pero, igual que el de Arriaga, lo encontr\u00f3 cerrado.<\/p>\n<p>\u201cEn Ixtepec me quise quedar pero nom\u00e1s estuve tres horas y me vine en la noche\u201d, dijo.<\/p>\n<p>Hermanos en el Camino tiene una puerta al costado de la v\u00eda f\u00e9rrea y otra -la principal- en una calle paralela. Ambos sitios suelen tener un intenso tr\u00e1nsito de personas que entran y salen. Es una presencia migrante que se extiende hacia las v\u00edas, donde est\u00e1n los vagones, y hacia el centro de Ixtepec. A finales de julio, cuando lo visitamos, no hab\u00eda nadie afuera.<\/p>\n<p>Cuando \u00d3scar pas\u00f3 por ah\u00ed cuatro meses antes de nuestra llegada, vio a una treintena de personas migrantes en las inmediaciones del albergue que, como \u00e9l, no pudieron entrar. No interactu\u00f3 con ellas, arranc\u00f3 en la oscuridad y amaneci\u00f3 en Mat\u00edas Romero, lo que significa que atraves\u00f3 61 kil\u00f3metros de camino sobre las v\u00edas en una noche.<\/p>\n<p>Mientras tanto, Norma Romero, l\u00edder de Las Patronas, escuchaba penurias de boca de migrantes y llamadas preocupadas de otras personas defensoras de Derechos Humanos que dan ayuda humanitaria en la ruta migratoria.<\/p>\n<p>\u201cAlgunos [migrantes] nos dec\u00edan que llegaban en autob\u00fas, algunos nos dec\u00edan que no ten\u00edan dinero y llegaban caminando. Est\u00e1 el cierre de los albergues, que afecta mucho, en el cansancio, la comida, el aseo personal\u201d, dijo cuando la encontramos.<\/p>\n<p>En \u00e9pocas normales, a lo largo del trayecto desde la frontera hasta Las Patronas, en el camino recorrido por \u00d3scar, las y los migrantes encuentran por lo menos seis albergues en donde, en otras circunstancias habr\u00eda encontrado refugio. Pero en ese momento estaban completamente cerrados o s\u00f3lo ofrec\u00edan alimentos y medicina fuera de sus instalaciones.<\/p>\n<p>A Norma Romero le inquietaba el cierre de los albergues. \u201cNo vimos bien esa idea de que se cerraran los albergues. Si queremos saber cu\u00e1ntos migrantes vienen contagiados, \u00bfc\u00f3mo vamos a enterarnos?\u201d, explic\u00f3, sentada en una mesa vac\u00eda del comedor, ya entrada la noche. Para ella, esas medidas s\u00f3lo descontrolaron invisibiliz\u00f3 la traves\u00eda migrante empuj\u00e1ndola a rutas m\u00e1s peligrosas,y descontrol\u00f3 la ayuda humanitaria.<\/p>\n<p>Es el caso de \u00d3scar, quien recorri\u00f3 rutas peligrosas y en ning\u00fan momento recibi\u00f3 ayuda humanitaria.<\/p>\n<p>Su relato sobre el resto del viaje es breve. Desde Oaxaca enfil\u00f3 rumbo a Veracruz y pas\u00f3, por ejemplo, por la comunidad de Medias Aguas, un peque\u00f1o poblado del que se oye hablar hasta Centroam\u00e9rica por su fama de peligroso.<\/p>\n<p>Visitamos esa comunidad con una comitiva de la Cruz Roja para constatar las circunstancias de la poblaci\u00f3n en tr\u00e1nsito que, como \u00d3scar, pasa por ah\u00ed ya sea caminando o sobre el tren. En una esquina de la comunidad, el conductor fren\u00f3, dijo que no pod\u00edamos seguir porque est\u00e1bamos entrando a territorio controlado por la delincuencia y gir\u00f3 de inmediato hacia la entrada del pueblo.<\/p>\n<p>El siguiente punto de parada en la ruta migratoria es Tierra Blanca, a 218 kil\u00f3metros. Ah\u00ed -que es otro lugar insigne de la ruta por la cantidad de migrantes que llegan ah\u00ed desde hace d\u00e9cadas- \u00d3scar pas\u00f3 de largo. El albergue estaba cerrado por el covid y s\u00f3lo se ofrec\u00eda comida en la puerta.<\/p>\n<p>El campesino y exmilitar dej\u00f3 esas tierras calientes y sigui\u00f3 camino hacia las monta\u00f1as del centro de Veracruz donde, alg\u00fan d\u00eda de abril, en alg\u00fan paraje surcado por v\u00edas del tren, encontr\u00f3 a un grupo de cuatro personas que se hab\u00edan ido juntando en el camino. A uno de ellos -record\u00f3- \u201clo hab\u00eda correteado la Guardia Nacional y por eso se hab\u00eda ido a las v\u00edas\u201d.<\/p>\n<p>Despu\u00e9s encontr\u00f3 un inmenso ingenio azucarero con un poblado construido a su alrededor, llamado Motzorongo, un lugar entre monta\u00f1as al que se llega por las v\u00edas o por una vieja carretera desgastada por los veh\u00edculos de carga.<\/p>\n<figure id=\"attachment_54252\" aria-describedby=\"caption-attachment-54252\" style=\"width: 800px\" class=\"wp-caption alignnone\"><img loading=\"lazy\" decoding=\"async\" data-attachment-id=\"54252\" data-permalink=\"https:\/\/www.grieta.org.mx\/index.php\/2020\/10\/08\/tres-meses-de-camino-esquivando-la-pandemia\/image1-5\/\" data-orig-file=\"https:\/\/www.grieta.org.mx\/wp-content\/uploads\/2020\/10\/image1-1.jpg\" data-orig-size=\"1061,707\" data-comments-opened=\"0\" data-image-meta=\"{&quot;aperture&quot;:&quot;0&quot;,&quot;credit&quot;:&quot;&quot;,&quot;camera&quot;:&quot;&quot;,&quot;caption&quot;:&quot;&quot;,&quot;created_timestamp&quot;:&quot;0&quot;,&quot;copyright&quot;:&quot;&quot;,&quot;focal_length&quot;:&quot;0&quot;,&quot;iso&quot;:&quot;0&quot;,&quot;shutter_speed&quot;:&quot;0&quot;,&quot;title&quot;:&quot;&quot;,&quot;orientation&quot;:&quot;0&quot;}\" data-image-title=\"image1\" data-image-description=\"\" data-image-caption=\"&lt;p&gt;\u00d3scar sostiene una coa durante su jornal en un predio sembrado con ca\u00f1a de az\u00facar, en Amatl\u00e1n, Veracruz.&lt;\/p&gt;\n\" data-medium-file=\"https:\/\/www.grieta.org.mx\/wp-content\/uploads\/2020\/10\/image1-1-300x200.jpg\" data-large-file=\"https:\/\/www.grieta.org.mx\/wp-content\/uploads\/2020\/10\/image1-1-1024x682.jpg\" class=\"wp-image-54252\" src=\"http:\/\/www.grieta.org.mx\/wp-content\/uploads\/2020\/10\/image1-1.jpg\" alt=\"\" width=\"800\" height=\"533\" srcset=\"https:\/\/www.grieta.org.mx\/wp-content\/uploads\/2020\/10\/image1-1.jpg 1061w, https:\/\/www.grieta.org.mx\/wp-content\/uploads\/2020\/10\/image1-1-300x200.jpg 300w, https:\/\/www.grieta.org.mx\/wp-content\/uploads\/2020\/10\/image1-1-1024x682.jpg 1024w, https:\/\/www.grieta.org.mx\/wp-content\/uploads\/2020\/10\/image1-1-768x512.jpg 768w, https:\/\/www.grieta.org.mx\/wp-content\/uploads\/2020\/10\/image1-1-750x500.jpg 750w\" sizes=\"auto, (max-width: 800px) 100vw, 800px\" \/><figcaption id=\"caption-attachment-54252\" class=\"wp-caption-text\">\u00d3scar sostiene una coa durante su jornal en un predio sembrado con ca\u00f1a de az\u00facar, en Amatl\u00e1n, Veracruz.<\/figcaption><\/figure>\n<p><img loading=\"lazy\" decoding=\"async\" data-attachment-id=\"54253\" data-permalink=\"https:\/\/www.grieta.org.mx\/index.php\/2020\/10\/08\/tres-meses-de-camino-esquivando-la-pandemia\/image6-1\/\" data-orig-file=\"https:\/\/www.grieta.org.mx\/wp-content\/uploads\/2020\/10\/image6-1.jpg\" data-orig-size=\"1600,900\" data-comments-opened=\"0\" data-image-meta=\"{&quot;aperture&quot;:&quot;0&quot;,&quot;credit&quot;:&quot;&quot;,&quot;camera&quot;:&quot;&quot;,&quot;caption&quot;:&quot;&quot;,&quot;created_timestamp&quot;:&quot;0&quot;,&quot;copyright&quot;:&quot;&quot;,&quot;focal_length&quot;:&quot;0&quot;,&quot;iso&quot;:&quot;0&quot;,&quot;shutter_speed&quot;:&quot;0&quot;,&quot;title&quot;:&quot;&quot;,&quot;orientation&quot;:&quot;0&quot;}\" data-image-title=\"image6 (1)\" data-image-description=\"\" data-image-caption=\"\" data-medium-file=\"https:\/\/www.grieta.org.mx\/wp-content\/uploads\/2020\/10\/image6-1-300x169.jpg\" data-large-file=\"https:\/\/www.grieta.org.mx\/wp-content\/uploads\/2020\/10\/image6-1-1024x576.jpg\" class=\"alignnone wp-image-54253\" src=\"http:\/\/www.grieta.org.mx\/wp-content\/uploads\/2020\/10\/image6-1.jpg\" alt=\"\" width=\"800\" height=\"450\" srcset=\"https:\/\/www.grieta.org.mx\/wp-content\/uploads\/2020\/10\/image6-1.jpg 1600w, https:\/\/www.grieta.org.mx\/wp-content\/uploads\/2020\/10\/image6-1-300x169.jpg 300w, https:\/\/www.grieta.org.mx\/wp-content\/uploads\/2020\/10\/image6-1-1024x576.jpg 1024w, https:\/\/www.grieta.org.mx\/wp-content\/uploads\/2020\/10\/image6-1-768x432.jpg 768w, https:\/\/www.grieta.org.mx\/wp-content\/uploads\/2020\/10\/image6-1-1536x864.jpg 1536w, https:\/\/www.grieta.org.mx\/wp-content\/uploads\/2020\/10\/image6-1-889x500.jpg 889w\" sizes=\"auto, (max-width: 800px) 100vw, 800px\" \/><\/p>\n<p>Hab\u00eda completado 431 kil\u00f3metros de marcha a pie desde Ixtepec esquivando a la pandemia y puestos de control. Un viaje de 870 kil\u00f3metros en total desde que sali\u00f3 de la frontera sur de M\u00e9xico.<\/p>\n<p>Seg\u00fan cont\u00f3 \u00d3scar, trabajadores del ferrocarril le hablaron de Las Patronas, famosas por alimentar diariamente a migrantes que cruzan colgados de los techos de los trenes desde hace 25 a\u00f1os, y se ofrecieron a llevarlo en una camioneta adaptada que rueda sobre las v\u00edas en labores de reparaci\u00f3n. Termin\u00f3 su viaje a pie.<\/p>\n<p>Pas\u00f3 por una enorme estatua de Cristo que, en tiempos anteriores a la pandemia levantaba el \u00e1nimo a las multitudes migrantes que viajaban por ah\u00ed en trenes, se acerc\u00f3 al pie de la Sierra de Zongolica por parajes exuberantes, zonas de ductos y robo de combustible y emblema de la pobreza. Recorri\u00f3 45 kil\u00f3metros m\u00e1s en un suspiro. Le dijeron que preguntara por Norma Romero.<\/p>\n<p>En un momento de abril, cuya fecha exacta escapa a su memoria, la traves\u00eda termin\u00f3: Las Patronas lo recibieron con arroz, frijoles y pan; hospedaje y cuidados m\u00e9dicos. Veracruz estaba en fase roja por el Covid. \u00d3scar hizo dos cosas: se cur\u00f3 los pies maltratados y mand\u00f3 a arreglar sus botas negras para ir a trabajar a un campo ca\u00f1ero.<\/p>\n<p>La primavera le alcanz\u00f3 para reunir un dinero y, a partir de ah\u00ed, ya con 53 a\u00f1os de edad, cumplidos el 20 de junio, seguir su viaje en transporte hacia el centro de M\u00e9xico. Ahora ya est\u00e1 donde quer\u00eda.<\/p>\n<p>*El nombre de Oscar Rivas fue cambiado a solicitud suya para proteger su identidad.<\/p>\n<p>Rodrigo Soberanes es un periodista mexicano que vive en el estado de Veracruz. Su trabajo se centra en coberturas y reportajes sobre migraci\u00f3n y desplazamiento forzado dentro y fuera de M\u00e9xico. Se ha especializado en coberturas de comunidades ind\u00edgenas sobre violencia y territorio, as\u00ed como en temas sociales y ambientales.<\/p>\n<p>Javier Garc\u00eda es fot\u00f3grafo y videorreportero desde 1994. En 2007, fund\u00f3 el Colectivo Audiovisual \u00abSacb\u00e9 Producciones\u00bb, enfocado en la producci\u00f3n de cortometrajes y documentales sobre migraci\u00f3n y temas sociales en M\u00e9xico. En 2016 dirigi\u00f3 el premiado documental La cocina de Las Patronas, sobre la comunidad de mujeres que asisten a migrantes centroamericanos en Amatl\u00e1n de Los Reyes, Veracruz.<\/p>\n<p>Quinto Elemento Lab es un laboratorio de investigaci\u00f3n e innovaci\u00f3n period\u00edstica con sede en M\u00e9xico. Este reportaje forma parte de la serie de cinco partes \u201cMigrar bajo las reglas del covid\u201d.<\/p>\n<p><a href=\"https:\/\/piedepagina.mx\/tres-meses-de-camino-esquivando-la-pandemia\/\" target=\"_blank\" rel=\"noopener noreferrer\">https:\/\/piedepagina.mx\/tres-meses-de-camino-esquivando-la-pandemia\/<\/a><\/p>\n","protected":false},"excerpt":{"rendered":"<p>En esta segunda parte de Migrar bajo las leyes de covid, en la que un periodista y un fot\u00f3grafo recorrieron la frontera sur mexicana entre julio y agosto, encontraron a &hellip; <a href=\"https:\/\/www.grieta.org.mx\/index.php\/2020\/10\/08\/tres-meses-de-camino-esquivando-la-pandemia\/\" class=\"more-link\">Leer m\u00e1s<\/a><\/p>\n","protected":false},"author":2,"featured_media":54246,"comment_status":"closed","ping_status":"closed","sticky":false,"template":"","format":"standard","meta":{"ngg_post_thumbnail":0,"_jetpack_newsletter_access":"","_jetpack_dont_email_post_to_subs":false,"_jetpack_newsletter_tier_id":0,"_jetpack_memberships_contains_paywalled_content":false,"_jetpack_memberships_contains_paid_content":false,"footnotes":""},"categories":[1860,1857,80,86,25,83,35],"tags":[3659,2253,3681,3241,2812,3682,3680,512,158,3677,3683,258],"class_list":["post-54244","post","type-post","status-publish","format-standard","has-post-thumbnail","hentry","category-caravana-de-poblaciones-migrantes-en-veracruz","category-caravanas-de-poblaciones-migrantes-en-oaxaca","category-cintillo","category-migrantes","category-oaxaca","category-temas-nacionales","category-veracruz","tag-albergues","tag-centroamericanos","tag-chiapas","tag-covid-19","tag-frontera-sur","tag-huracan","tag-ixtepec","tag-las-patronas","tag-migrantes","tag-rutas","tag-salvadorenos","tag-tierra-blanca","entry"],"jetpack_featured_media_url":"https:\/\/www.grieta.org.mx\/wp-content\/uploads\/2020\/10\/quintoelemento_especialmigracion02_00.jpg","jetpack_sharing_enabled":true,"jetpack_shortlink":"https:\/\/wp.me\/p7ZJR4-e6U","jetpack_likes_enabled":false,"jetpack-related-posts":[{"id":36465,"url":"https:\/\/www.grieta.org.mx\/index.php\/2019\/07\/15\/trump-esta-loco-vamos-a-seguir-ayudando-a-los-migrantes-las-patronas-veracruz\/","url_meta":{"origin":54244,"position":0},"title":"\u201cTrump est\u00e1 loco, vamos a seguir ayudando a los migrantes\u201d: Las Patronas (Veracruz)","author":"grieta","date":"15 julio, 2019","format":false,"excerpt":"Farid Reyes \/ La izquierda radio Las Patronas, como son conocidas mujeres que apoyan con comida y agua a migrantes centroamericanos, han declarado que seguir\u00e1n solidariz\u00e1ndose. Las Patronas comenzaron a existir desde 1995 como un grupo de mujeres que comparten tortas, arroz y botellas de agua a migrantes que pasan\u2026","rel":"","context":"En &quot;Caravana de poblaciones migrantes en Veracruz&quot;","block_context":{"text":"Caravana de poblaciones migrantes en Veracruz","link":"https:\/\/www.grieta.org.mx\/index.php\/category\/noticias-nacionales\/veracruz\/caravana-de-poblaciones-migrantes-en-veracruz\/"},"img":{"alt_text":"","src":"https:\/\/i0.wp.com\/www.grieta.org.mx\/wp-content\/uploads\/2019\/07\/https-_www.laizquierdadiario.mx_IMG_arton134129.jpg?resize=350%2C200&ssl=1","width":350,"height":200,"srcset":"https:\/\/i0.wp.com\/www.grieta.org.mx\/wp-content\/uploads\/2019\/07\/https-_www.laizquierdadiario.mx_IMG_arton134129.jpg?resize=350%2C200&ssl=1 1x, https:\/\/i0.wp.com\/www.grieta.org.mx\/wp-content\/uploads\/2019\/07\/https-_www.laizquierdadiario.mx_IMG_arton134129.jpg?resize=525%2C300&ssl=1 1.5x, https:\/\/i0.wp.com\/www.grieta.org.mx\/wp-content\/uploads\/2019\/07\/https-_www.laizquierdadiario.mx_IMG_arton134129.jpg?resize=700%2C400&ssl=1 2x"},"classes":[]},{"id":63465,"url":"https:\/\/www.grieta.org.mx\/index.php\/2022\/02\/20\/ahora-la-bestia-pasa-a-alta-velocidad-y-pone-en-riesgo-a-las-patronas-veracruz\/","url_meta":{"origin":54244,"position":1},"title":"Ahora La Bestia pasa a alta velocidad y pone en riesgo a Las Patronas  (Veracruz)","author":"grieta","date":"20 febrero, 2022","format":false,"excerpt":"Guadalupe Castillo | El Sol de C\u00f3rdoba La coordinadora de Las Patronas manifest\u00f3 que los trenes pasan a una velocidad r\u00e1pida, lo cual es un riesgo para su grupo de apoyo y los migrantes que viajan \"en el lomo\" C\u00f3rdoba, Ver. - En este primer bimestre del a\u00f1o, la afluencia\u2026","rel":"","context":"En &quot;Caravana de poblaciones migrantes en Veracruz&quot;","block_context":{"text":"Caravana de poblaciones migrantes en Veracruz","link":"https:\/\/www.grieta.org.mx\/index.php\/category\/noticias-nacionales\/veracruz\/caravana-de-poblaciones-migrantes-en-veracruz\/"},"img":{"alt_text":"","src":"https:\/\/i0.wp.com\/www.grieta.org.mx\/wp-content\/uploads\/2022\/02\/Tren-que-pasa-por-la-comunidad-de-la-Patrona-en-Amatla%CC%81n-de-los-Reyes.jpg?resize=350%2C200&ssl=1","width":350,"height":200,"srcset":"https:\/\/i0.wp.com\/www.grieta.org.mx\/wp-content\/uploads\/2022\/02\/Tren-que-pasa-por-la-comunidad-de-la-Patrona-en-Amatla%CC%81n-de-los-Reyes.jpg?resize=350%2C200&ssl=1 1x, https:\/\/i0.wp.com\/www.grieta.org.mx\/wp-content\/uploads\/2022\/02\/Tren-que-pasa-por-la-comunidad-de-la-Patrona-en-Amatla%CC%81n-de-los-Reyes.jpg?resize=525%2C300&ssl=1 1.5x, https:\/\/i0.wp.com\/www.grieta.org.mx\/wp-content\/uploads\/2022\/02\/Tren-que-pasa-por-la-comunidad-de-la-Patrona-en-Amatla%CC%81n-de-los-Reyes.jpg?resize=700%2C400&ssl=1 2x"},"classes":[]},{"id":39558,"url":"https:\/\/www.grieta.org.mx\/index.php\/2019\/09\/10\/roban-a-dona-blanca-camioneta-del-grupo-humanitario-las-patronas-veracruz\/","url_meta":{"origin":54244,"position":2},"title":"Roban a \u201cDo\u00f1a Blanca\u201d, camioneta del grupo humanitario Las Patronas (Veracruz)","author":"grieta","date":"10 septiembre, 2019","format":false,"excerpt":"Redacci\u00f3n \/ S\u00edntesis El colectivo de mujeres que asiste a migrantes centroamericanos, Las Patronas, denunci\u00f3 el robo de su \u00fanica camioneta, ocurrido en la ciudad de C\u00f3rdoba Las Patronas, colectivo de mujeres que ofrece alimentos a migrantes centroamericanos indocumentados que cruzan M\u00e9xico trepados en el tren de carga La Bestia,\u2026","rel":"","context":"En &quot;Caravana de poblaciones migrantes en Veracruz&quot;","block_context":{"text":"Caravana de poblaciones migrantes en Veracruz","link":"https:\/\/www.grieta.org.mx\/index.php\/category\/noticias-nacionales\/veracruz\/caravana-de-poblaciones-migrantes-en-veracruz\/"},"img":{"alt_text":"","src":"https:\/\/i0.wp.com\/www.grieta.org.mx\/wp-content\/uploads\/2019\/09\/Las-Patronas.jpeg?resize=350%2C200&ssl=1","width":350,"height":200,"srcset":"https:\/\/i0.wp.com\/www.grieta.org.mx\/wp-content\/uploads\/2019\/09\/Las-Patronas.jpeg?resize=350%2C200&ssl=1 1x, https:\/\/i0.wp.com\/www.grieta.org.mx\/wp-content\/uploads\/2019\/09\/Las-Patronas.jpeg?resize=525%2C300&ssl=1 1.5x, https:\/\/i0.wp.com\/www.grieta.org.mx\/wp-content\/uploads\/2019\/09\/Las-Patronas.jpeg?resize=700%2C400&ssl=1 2x"},"classes":[]},{"id":35627,"url":"https:\/\/www.grieta.org.mx\/index.php\/2019\/06\/19\/ante-militarizacion-los-migrantes-se-arriesgan-por-rutas-mas-peligrosas-advierte-lider-de-las-patronas\/","url_meta":{"origin":54244,"position":3},"title":"Ante militarizaci\u00f3n los migrantes se arriesgan por rutas m\u00e1s peligrosas, advierte l\u00edder de Las Patronas","author":"Admin","date":"19 junio, 2019","format":false,"excerpt":"Elizabeth Rodr\u00edguez Lezama \/ La Jornada de Oriente Tehuac\u00e1n. Puede ser que el gobierno insista en detener la migraci\u00f3n, pero eso no amedrenta a los migrantes que procedentes de pa\u00edses de Centroam\u00e9rica y hasta de \u00c1frica, buscan la manera de cruzar pa\u00eds para llegar a Estados Unidos, a\u00fan si ello\u2026","rel":"","context":"En &quot;CINTILLO&quot;","block_context":{"text":"CINTILLO","link":"https:\/\/www.grieta.org.mx\/index.php\/category\/cintillo\/"},"img":{"alt_text":"","src":"https:\/\/i0.wp.com\/www.grieta.org.mx\/wp-content\/uploads\/2019\/06\/Captura-de-Pantalla-2019-06-19-a-las-10.44.20.png?resize=350%2C200&ssl=1","width":350,"height":200,"srcset":"https:\/\/i0.wp.com\/www.grieta.org.mx\/wp-content\/uploads\/2019\/06\/Captura-de-Pantalla-2019-06-19-a-las-10.44.20.png?resize=350%2C200&ssl=1 1x, https:\/\/i0.wp.com\/www.grieta.org.mx\/wp-content\/uploads\/2019\/06\/Captura-de-Pantalla-2019-06-19-a-las-10.44.20.png?resize=525%2C300&ssl=1 1.5x, https:\/\/i0.wp.com\/www.grieta.org.mx\/wp-content\/uploads\/2019\/06\/Captura-de-Pantalla-2019-06-19-a-las-10.44.20.png?resize=700%2C400&ssl=1 2x, https:\/\/i0.wp.com\/www.grieta.org.mx\/wp-content\/uploads\/2019\/06\/Captura-de-Pantalla-2019-06-19-a-las-10.44.20.png?resize=1050%2C600&ssl=1 3x"},"classes":[]},{"id":54222,"url":"https:\/\/www.grieta.org.mx\/index.php\/2020\/10\/08\/las-patronas-sobreviven-y-se-reinventan-durante-la-pandemia\/","url_meta":{"origin":54244,"position":4},"title":"Las Patronas sobreviven y se reinventan durante la pandemia","author":"grieta","date":"8 octubre, 2020","format":false,"excerpt":"Las Patronas, mujeres que hace 25 a\u00f1os dan agua y comida a migrantes que viajan en el tren, habilitaron durante la pandemia una capilla que se convirti\u00f3 en el \u00fanico albergue a cientos de kil\u00f3metros a la redonda. Ahora la comida que ten\u00edan para donar se acumula y los pocos\u2026","rel":"","context":"En &quot;Caravana de poblaciones migrantes en Veracruz&quot;","block_context":{"text":"Caravana de poblaciones migrantes en Veracruz","link":"https:\/\/www.grieta.org.mx\/index.php\/category\/noticias-nacionales\/veracruz\/caravana-de-poblaciones-migrantes-en-veracruz\/"},"img":{"alt_text":"","src":"https:\/\/i0.wp.com\/www.grieta.org.mx\/wp-content\/uploads\/2020\/10\/quintoelemento_especialdemigracion_laspatronas03.jpg?resize=350%2C200&ssl=1","width":350,"height":200,"srcset":"https:\/\/i0.wp.com\/www.grieta.org.mx\/wp-content\/uploads\/2020\/10\/quintoelemento_especialdemigracion_laspatronas03.jpg?resize=350%2C200&ssl=1 1x, https:\/\/i0.wp.com\/www.grieta.org.mx\/wp-content\/uploads\/2020\/10\/quintoelemento_especialdemigracion_laspatronas03.jpg?resize=525%2C300&ssl=1 1.5x, https:\/\/i0.wp.com\/www.grieta.org.mx\/wp-content\/uploads\/2020\/10\/quintoelemento_especialdemigracion_laspatronas03.jpg?resize=700%2C400&ssl=1 2x, https:\/\/i0.wp.com\/www.grieta.org.mx\/wp-content\/uploads\/2020\/10\/quintoelemento_especialdemigracion_laspatronas03.jpg?resize=1050%2C600&ssl=1 3x"},"classes":[]},{"id":8624,"url":"https:\/\/www.grieta.org.mx\/index.php\/2015\/02\/09\/migrantes-en-veracruz\/","url_meta":{"origin":54244,"position":5},"title":"Migrantes en Veracruz","author":"Admin","date":"9 febrero, 2015","format":false,"excerpt":"Las Patronas: 20 a\u00f1os de entrega a los migrantes indocumentados 09\/02\/15. Las Patronas: 20 a\u00f1os de entrega a los migrantes indocumentados Kaos en la red","rel":"","context":"En &quot;Migrantes&quot;","block_context":{"text":"Migrantes","link":"https:\/\/www.grieta.org.mx\/index.php\/category\/temas-nacionales\/migrantes\/"},"img":{"alt_text":"","src":"https:\/\/i0.wp.com\/www.grieta.org.mx\/wp-content\/uploads\/2018\/03\/14524434_1106112876131411_958039263622046936_o.jpg?resize=350%2C200&ssl=1","width":350,"height":200,"srcset":"https:\/\/i0.wp.com\/www.grieta.org.mx\/wp-content\/uploads\/2018\/03\/14524434_1106112876131411_958039263622046936_o.jpg?resize=350%2C200&ssl=1 1x, https:\/\/i0.wp.com\/www.grieta.org.mx\/wp-content\/uploads\/2018\/03\/14524434_1106112876131411_958039263622046936_o.jpg?resize=525%2C300&ssl=1 1.5x, https:\/\/i0.wp.com\/www.grieta.org.mx\/wp-content\/uploads\/2018\/03\/14524434_1106112876131411_958039263622046936_o.jpg?resize=700%2C400&ssl=1 2x"},"classes":[]}],"_links":{"self":[{"href":"https:\/\/www.grieta.org.mx\/index.php\/wp-json\/wp\/v2\/posts\/54244","targetHints":{"allow":["GET"]}}],"collection":[{"href":"https:\/\/www.grieta.org.mx\/index.php\/wp-json\/wp\/v2\/posts"}],"about":[{"href":"https:\/\/www.grieta.org.mx\/index.php\/wp-json\/wp\/v2\/types\/post"}],"author":[{"embeddable":true,"href":"https:\/\/www.grieta.org.mx\/index.php\/wp-json\/wp\/v2\/users\/2"}],"replies":[{"embeddable":true,"href":"https:\/\/www.grieta.org.mx\/index.php\/wp-json\/wp\/v2\/comments?post=54244"}],"version-history":[{"count":1,"href":"https:\/\/www.grieta.org.mx\/index.php\/wp-json\/wp\/v2\/posts\/54244\/revisions"}],"predecessor-version":[{"id":54255,"href":"https:\/\/www.grieta.org.mx\/index.php\/wp-json\/wp\/v2\/posts\/54244\/revisions\/54255"}],"wp:featuredmedia":[{"embeddable":true,"href":"https:\/\/www.grieta.org.mx\/index.php\/wp-json\/wp\/v2\/media\/54246"}],"wp:attachment":[{"href":"https:\/\/www.grieta.org.mx\/index.php\/wp-json\/wp\/v2\/media?parent=54244"}],"wp:term":[{"taxonomy":"category","embeddable":true,"href":"https:\/\/www.grieta.org.mx\/index.php\/wp-json\/wp\/v2\/categories?post=54244"},{"taxonomy":"post_tag","embeddable":true,"href":"https:\/\/www.grieta.org.mx\/index.php\/wp-json\/wp\/v2\/tags?post=54244"}],"curies":[{"name":"wp","href":"https:\/\/api.w.org\/{rel}","templated":true}]}}