{"id":5422,"date":"2015-02-13T02:57:44","date_gmt":"2015-02-13T02:57:44","guid":{"rendered":"http:\/\/50.22.11.12\/~grietaor\/?p=5422"},"modified":"2016-04-24T23:59:14","modified_gmt":"2016-04-24T23:59:14","slug":"denuncian-que-mexico-sustentable-es-una-falsa-defensora-ambiental","status":"publish","type":"post","link":"https:\/\/www.grieta.org.mx\/index.php\/2015\/02\/13\/denuncian-que-mexico-sustentable-es-una-falsa-defensora-ambiental\/","title":{"rendered":"Denuncian que M\u00e9xico Sustentable es una falsa defensora ambiental"},"content":{"rendered":"<p>Por: Elizabeth Rivera. La Jornada Jalisco<\/p>\n<p>13 de febrero del 2015.-<\/p>\n<p>El presidente de la asociaci\u00f3n civil Salvemos Temacapul\u00edn, Acasico y Palmarejo, Gabriel Espinoza I\u00f1iguez denunci\u00f3 a la organizaci\u00f3n M\u00e9xico Sustentable, la cual dijo se hace pasar por defensora de las causas ambientales, cuando en realidad es un \u201cbrazo ejecutor\u201d de las autoridades, como la Comisi\u00f3n Nacional del Agua (Conagua).<\/p>\n<p>\u201cEsta fundaci\u00f3n se vali\u00f3 de su trabajo con Conagua, y con algunas autoridades eclesi\u00e1sticas de San Juan de los Lagos, para convencer a la gente que no hab\u00eda otro camino m\u00e1s que la reubicaci\u00f3n, m\u00e1s que ceder sus derechos y reubicarse\u201d, expres\u00f3 el vocero del Comit\u00e9.<br \/>\nGarbriel Espinoza coment\u00f3 que la organizaci\u00f3n se acerca a las comunidades con un discurso de respeto al medio ambiente y de empat\u00eda con los problemas sociales y luego los convence de aceptar los proyectos.<\/p>\n<p>El padre se\u00f1al\u00f3 que la empresa se acerc\u00f3 a los pobladores de Acasico, poblado que ser\u00e1 desplazado por el proyecto de construcci\u00f3n de la presa El Zapotillo, y ofrecieron apoyo a los pobladores.<\/p>\n<p>\u201cEsa fundaci\u00f3n ha provocado conflictos grav\u00edsimos, de los que somos testigos nosotros, en la regi\u00f3n de Los Altos, y ya se han emitido oficios al Observatorio del Agua y lo seguimos denunciado; llegan con la nobleza de defender los derechos humanos, dicen que no est\u00e1n de acuerdo con el proyecto, pero que ya no hay vuelta de hoja\u201d, declar\u00f3.<\/p>\n<p>Explic\u00f3 que la organizaci\u00f3n incluso se ofreci\u00f3 a pagar tratamientos m\u00e9dicos en hospitales de Guadalajara, Jalisco para los pobladores enfermos y tambi\u00e9n a sufragar los gastos funerarios de los familiares de los habitantes del pueblo.<\/p>\n<p>\u201cEst\u00e1 integrada por etn\u00f3logos, antrop\u00f3logos, psic\u00f3logos, cuyo trabajo es convencer; juegan con los sentimientos de las personas para ganarse su apoyo de forma desleal\u201d, dijo.<br \/>\nEl sacerdote manifest\u00f3 que los integrantes de la organizaci\u00f3n se al\u00edan con algunos padres para lograr la aceptaci\u00f3n de las comunidades. Espinosa I\u00f1iguez indic\u00f3 que en el caso de Acasico M\u00e9xico Sustentable enga\u00f1\u00f3 a los vecinos del pueblo, pues les ofreci\u00f3 asesor\u00eda para que recibieran un precio justo por sus casas y terrenos y hasta el momento muchos no han obtenido el pago prometido.<\/p>\n<p>La organizaci\u00f3n est\u00e1 financiada con dinero federal, la delegaci\u00f3n de la Conagua en Jalisco le pag\u00f3 4 millones 125 mil pesos para que supuestamente realizara estudios de investigaci\u00f3n en materia social, antropol\u00f3gica y productiva, sin embargo, la tarea real que aplica es \u201cconvencer\u201d para que los pobladores acepten los proyectos de infraestructura que quiere realizar el gobierno.<\/p>\n<p><a href=\"http:\/\/lajornadajalisco.com.mx\/2015\/02\/denuncian-que-mexico-sustentable-es-una-falsa-defensora-ambiental\/\" target=\"_blank\">http:\/\/lajornadajalisco.com.mx\/2015\/02\/denuncian-que-mexico-sustentable-es-una-falsa-defensora-ambiental\/<\/a><\/p>\n","protected":false},"excerpt":{"rendered":"<p>Por: Elizabeth Rivera. La Jornada Jalisco 13 de febrero del 2015.- El presidente de la asociaci\u00f3n civil Salvemos Temacapul\u00edn, Acasico y Palmarejo, Gabriel Espinoza I\u00f1iguez denunci\u00f3 a la organizaci\u00f3n M\u00e9xico &hellip; <a href=\"https:\/\/www.grieta.org.mx\/index.php\/2015\/02\/13\/denuncian-que-mexico-sustentable-es-una-falsa-defensora-ambiental\/\" class=\"more-link\">Leer m\u00e1s<\/a><\/p>\n","protected":false},"author":2,"featured_media":21928,"comment_status":"closed","ping_status":"open","sticky":false,"template":"","format":"standard","meta":{"ngg_post_thumbnail":0,"_jetpack_newsletter_access":"","_jetpack_dont_email_post_to_subs":false,"_jetpack_newsletter_tier_id":0,"_jetpack_memberships_contains_paywalled_content":false,"_jetpack_memberships_contains_paid_content":false,"footnotes":""},"categories":[80,230],"tags":[313],"class_list":["post-5422","post","type-post","status-publish","format-standard","has-post-thumbnail","hentry","category-cintillo","category-jalisco","tag-presa-y-acueducto-del-zapotillo","entry"],"jetpack_featured_media_url":"https:\/\/www.grieta.org.mx\/wp-content\/uploads\/2018\/03\/14524434_1106112876131411_958039263622046936_o.jpg","jetpack_sharing_enabled":true,"jetpack_shortlink":"https:\/\/wp.me\/p7ZJR4-1ps","jetpack_likes_enabled":false,"jetpack-related-posts":[{"id":5415,"url":"https:\/\/www.grieta.org.mx\/index.php\/2014\/04\/10\/mexico-sustentable-como-negocio-de-la-familia-valenzuela-robles\/","url_meta":{"origin":5422,"position":0},"title":"\u201cM\u00e9xico sustentable\u201d como negocio de la familia Valenzuela Robles","author":"grieta","date":"10 abril, 2014","format":false,"excerpt":"Por: Miguel \u00c1ngel Casillas B\u00e1ez 10 de abril de 2014.- Las comunidades alte\u00f1as de Acasico y Palmarejo reciben ayuda del gobierno federal. Ubicadas en Los Altos de Jalisco, las dos comunidades est\u00e1n emplazadas en superficies en las que el gobierno de M\u00e9xico tiene proyectada la anegaci\u00f3n por la presa El\u2026","rel":"","context":"En &quot;CINTILLO&quot;","block_context":{"text":"CINTILLO","link":"https:\/\/www.grieta.org.mx\/index.php\/category\/cintillo\/"},"img":{"alt_text":"","src":"https:\/\/i0.wp.com\/www.grieta.org.mx\/wp-content\/uploads\/2018\/03\/14524434_1106112876131411_958039263622046936_o.jpg?resize=350%2C200&ssl=1","width":350,"height":200,"srcset":"https:\/\/i0.wp.com\/www.grieta.org.mx\/wp-content\/uploads\/2018\/03\/14524434_1106112876131411_958039263622046936_o.jpg?resize=350%2C200&ssl=1 1x, https:\/\/i0.wp.com\/www.grieta.org.mx\/wp-content\/uploads\/2018\/03\/14524434_1106112876131411_958039263622046936_o.jpg?resize=525%2C300&ssl=1 1.5x, https:\/\/i0.wp.com\/www.grieta.org.mx\/wp-content\/uploads\/2018\/03\/14524434_1106112876131411_958039263622046936_o.jpg?resize=700%2C400&ssl=1 2x"},"classes":[]},{"id":3573,"url":"https:\/\/www.grieta.org.mx\/index.php\/2016\/09\/12\/presa-y-acueducto-el-zapotillo\/","url_meta":{"origin":5422,"position":1},"title":"Resistencia contra la presa y el acueducto El Zapotillo","author":"grieta","date":"12 septiembre, 2016","format":false,"excerpt":"12\/09\/16. Dan facilidades financieras a AbengoaNtr Guadalajara 22\/08\/16. \u201cJam\u00e1s nos iremos de\u00a0Temacapul\u00edn\u201dP\u00e1gina 24 13\/08\/16. Unops \u201cchantajea\u201d a los habitantes de Los\u00a0Altos Sitio Agustin del Castillo 12\/08\/16. Detienen proyecto del Zapotillo am Le\u00f3n 27\/07\/16. Piden que Comisi\u00f3n sobre Presa Zapotillo sea abierta Canal 44 02\/05\/16. Jalisco, el desag\u00fce de El Zapotillo\u2026","rel":"","context":"En &quot;Jalisco&quot;","block_context":{"text":"Jalisco","link":"https:\/\/www.grieta.org.mx\/index.php\/category\/noticias-nacionales\/jalisco\/"},"img":{"alt_text":"","src":"https:\/\/i0.wp.com\/www.grieta.org.mx\/wp-content\/uploads\/2018\/03\/14524434_1106112876131411_958039263622046936_o.jpg?resize=350%2C200&ssl=1","width":350,"height":200,"srcset":"https:\/\/i0.wp.com\/www.grieta.org.mx\/wp-content\/uploads\/2018\/03\/14524434_1106112876131411_958039263622046936_o.jpg?resize=350%2C200&ssl=1 1x, https:\/\/i0.wp.com\/www.grieta.org.mx\/wp-content\/uploads\/2018\/03\/14524434_1106112876131411_958039263622046936_o.jpg?resize=525%2C300&ssl=1 1.5x, https:\/\/i0.wp.com\/www.grieta.org.mx\/wp-content\/uploads\/2018\/03\/14524434_1106112876131411_958039263622046936_o.jpg?resize=700%2C400&ssl=1 2x"},"classes":[]},{"id":5402,"url":"https:\/\/www.grieta.org.mx\/index.php\/2015\/03\/03\/oficializa-conagua-entrega-de-agua-de-el-zapotillo-a-leon\/","url_meta":{"origin":5422,"position":2},"title":"Oficializa Conagua entrega de agua de El Zapotillo a Le\u00f3n \u2013","author":"grieta","date":"3 marzo, 2015","format":false,"excerpt":"Alejandra Guill\u00e9n El t\u00edtulo de asignaci\u00f3n le permitir\u00e1 llevarse casi 120 millones de metros c\u00fabicos al a\u00f1o; Los Altos de Jalisco ser\u00e1 la zona m\u00e1s perjudicada, seg\u00fan abogado 3 de Marzo 2015 La Comisi\u00f3n Nacional del Agua (Conagua) otorg\u00f3 a Le\u00f3n un t\u00edtulo de asignaci\u00f3n para usar un volumen total\u2026","rel":"","context":"En &quot;CINTILLO&quot;","block_context":{"text":"CINTILLO","link":"https:\/\/www.grieta.org.mx\/index.php\/category\/cintillo\/"},"img":{"alt_text":"","src":"https:\/\/i0.wp.com\/www.grieta.org.mx\/wp-content\/uploads\/2018\/03\/14524434_1106112876131411_958039263622046936_o.jpg?resize=350%2C200&ssl=1","width":350,"height":200,"srcset":"https:\/\/i0.wp.com\/www.grieta.org.mx\/wp-content\/uploads\/2018\/03\/14524434_1106112876131411_958039263622046936_o.jpg?resize=350%2C200&ssl=1 1x, https:\/\/i0.wp.com\/www.grieta.org.mx\/wp-content\/uploads\/2018\/03\/14524434_1106112876131411_958039263622046936_o.jpg?resize=525%2C300&ssl=1 1.5x, https:\/\/i0.wp.com\/www.grieta.org.mx\/wp-content\/uploads\/2018\/03\/14524434_1106112876131411_958039263622046936_o.jpg?resize=700%2C400&ssl=1 2x"},"classes":[]},{"id":19832,"url":"https:\/\/www.grieta.org.mx\/index.php\/2016\/08\/13\/unops-chantajea-a-los-habitantes-de-los-altos-jalisco\/","url_meta":{"origin":5422,"position":3},"title":"Unops \u201cchantajea\u201d a los habitantes de Los Altos (Jalisco)","author":"grieta","date":"13 agosto, 2016","format":false,"excerpt":"Conredes y Colectivo de Abogados cuestionan el trabajo de la agencia de ONU, por costoso y sospechoso de servir a los intereses del proyecto de extracci\u00f3n de agua del r\u00edo Verde. Agust\u00edn del Castillo El \"producto temprano\" de la Unops (Oficina de Naciones Unidas de Servicios para Proyectos) que recomienda\u2026","rel":"","context":"En &quot;CINTILLO&quot;","block_context":{"text":"CINTILLO","link":"https:\/\/www.grieta.org.mx\/index.php\/category\/cintillo\/"},"img":{"alt_text":"","src":"https:\/\/i0.wp.com\/www.grieta.org.mx\/wp-content\/uploads\/2018\/03\/14524434_1106112876131411_958039263622046936_o.jpg?resize=350%2C200&ssl=1","width":350,"height":200,"srcset":"https:\/\/i0.wp.com\/www.grieta.org.mx\/wp-content\/uploads\/2018\/03\/14524434_1106112876131411_958039263622046936_o.jpg?resize=350%2C200&ssl=1 1x, https:\/\/i0.wp.com\/www.grieta.org.mx\/wp-content\/uploads\/2018\/03\/14524434_1106112876131411_958039263622046936_o.jpg?resize=525%2C300&ssl=1 1.5x, https:\/\/i0.wp.com\/www.grieta.org.mx\/wp-content\/uploads\/2018\/03\/14524434_1106112876131411_958039263622046936_o.jpg?resize=700%2C400&ssl=1 2x"},"classes":[]},{"id":5365,"url":"https:\/\/www.grieta.org.mx\/index.php\/2015\/11\/28\/acasico-y-palmarejo-si-quedaran-bajo-el-agua\/","url_meta":{"origin":5422,"position":4},"title":"Acasico y Palmarejo s\u00ed quedar\u00e1n bajo el agua","author":"grieta","date":"28 noviembre, 2015","format":false,"excerpt":"Celina G\u00f3mez Luego del fallo emitido por la Suprema Corte de Justicia de la Naci\u00f3n (SCJN) en el que rechaza la inundaci\u00f3n de Temacapul\u00edn por la construcci\u00f3n de la presa \u201cEl Zapotillo\u201d, las localidades de Acasico y Palmarejo no se salvaron, y es que a pesar de que la cortina\u2026","rel":"","context":"En &quot;CINTILLO&quot;","block_context":{"text":"CINTILLO","link":"https:\/\/www.grieta.org.mx\/index.php\/category\/cintillo\/"},"img":{"alt_text":"","src":"https:\/\/i0.wp.com\/www.grieta.org.mx\/wp-content\/uploads\/2018\/03\/14524434_1106112876131411_958039263622046936_o.jpg?resize=350%2C200&ssl=1","width":350,"height":200,"srcset":"https:\/\/i0.wp.com\/www.grieta.org.mx\/wp-content\/uploads\/2018\/03\/14524434_1106112876131411_958039263622046936_o.jpg?resize=350%2C200&ssl=1 1x, https:\/\/i0.wp.com\/www.grieta.org.mx\/wp-content\/uploads\/2018\/03\/14524434_1106112876131411_958039263622046936_o.jpg?resize=525%2C300&ssl=1 1.5x, https:\/\/i0.wp.com\/www.grieta.org.mx\/wp-content\/uploads\/2018\/03\/14524434_1106112876131411_958039263622046936_o.jpg?resize=700%2C400&ssl=1 2x"},"classes":[]},{"id":61348,"url":"https:\/\/www.grieta.org.mx\/index.php\/2021\/08\/26\/comunidades-riberenas-del-lago-de-chapala-exigen-a-conagua-liberar-playas-invadidas-por-particulares-jalisco\/","url_meta":{"origin":5422,"position":5},"title":"Comunidades ribere\u00f1as del Lago de Chapala exigen a Conagua liberar playas invadidas por particulares (Jalisco)","author":"grieta","date":"26 agosto, 2021","format":false,"excerpt":"Foto: Mario Marlo Mario Marlo \/ Zona Docs Guadalajara, Jalisco, 26 de agosto 2021.-\u00a0Esta ma\u00f1ana,\u00a0pobladores de comunidades ribere\u00f1as del Lago de Chapala, marcharon del Parque Rojo a las oficinas de la\u00a0Comisi\u00f3n Nacional del Agua (Conagua), en la ciudad de Guadalajara, donde exigieron que la instituci\u00f3n\u00a0tome inmediatamente las medidas necesarias, para\u2026","rel":"","context":"En &quot;CINTILLO&quot;","block_context":{"text":"CINTILLO","link":"https:\/\/www.grieta.org.mx\/index.php\/category\/cintillo\/"},"img":{"alt_text":"","src":"https:\/\/i0.wp.com\/www.grieta.org.mx\/wp-content\/uploads\/2021\/08\/Protesta-Pueblos-Chapala-3-scaled-1.jpg?resize=350%2C200&ssl=1","width":350,"height":200,"srcset":"https:\/\/i0.wp.com\/www.grieta.org.mx\/wp-content\/uploads\/2021\/08\/Protesta-Pueblos-Chapala-3-scaled-1.jpg?resize=350%2C200&ssl=1 1x, https:\/\/i0.wp.com\/www.grieta.org.mx\/wp-content\/uploads\/2021\/08\/Protesta-Pueblos-Chapala-3-scaled-1.jpg?resize=525%2C300&ssl=1 1.5x, https:\/\/i0.wp.com\/www.grieta.org.mx\/wp-content\/uploads\/2021\/08\/Protesta-Pueblos-Chapala-3-scaled-1.jpg?resize=700%2C400&ssl=1 2x, https:\/\/i0.wp.com\/www.grieta.org.mx\/wp-content\/uploads\/2021\/08\/Protesta-Pueblos-Chapala-3-scaled-1.jpg?resize=1050%2C600&ssl=1 3x"},"classes":[]}],"_links":{"self":[{"href":"https:\/\/www.grieta.org.mx\/index.php\/wp-json\/wp\/v2\/posts\/5422","targetHints":{"allow":["GET"]}}],"collection":[{"href":"https:\/\/www.grieta.org.mx\/index.php\/wp-json\/wp\/v2\/posts"}],"about":[{"href":"https:\/\/www.grieta.org.mx\/index.php\/wp-json\/wp\/v2\/types\/post"}],"author":[{"embeddable":true,"href":"https:\/\/www.grieta.org.mx\/index.php\/wp-json\/wp\/v2\/users\/2"}],"replies":[{"embeddable":true,"href":"https:\/\/www.grieta.org.mx\/index.php\/wp-json\/wp\/v2\/comments?post=5422"}],"version-history":[{"count":1,"href":"https:\/\/www.grieta.org.mx\/index.php\/wp-json\/wp\/v2\/posts\/5422\/revisions"}],"predecessor-version":[{"id":10782,"href":"https:\/\/www.grieta.org.mx\/index.php\/wp-json\/wp\/v2\/posts\/5422\/revisions\/10782"}],"wp:featuredmedia":[{"embeddable":true,"href":"https:\/\/www.grieta.org.mx\/index.php\/wp-json\/wp\/v2\/media\/21928"}],"wp:attachment":[{"href":"https:\/\/www.grieta.org.mx\/index.php\/wp-json\/wp\/v2\/media?parent=5422"}],"wp:term":[{"taxonomy":"category","embeddable":true,"href":"https:\/\/www.grieta.org.mx\/index.php\/wp-json\/wp\/v2\/categories?post=5422"},{"taxonomy":"post_tag","embeddable":true,"href":"https:\/\/www.grieta.org.mx\/index.php\/wp-json\/wp\/v2\/tags?post=5422"}],"curies":[{"name":"wp","href":"https:\/\/api.w.org\/{rel}","templated":true}]}}