{"id":54214,"date":"2020-10-14T13:21:14","date_gmt":"2020-10-14T18:21:14","guid":{"rendered":"http:\/\/www.grieta.org.mx\/?p=54214"},"modified":"2020-10-15T13:34:02","modified_gmt":"2020-10-15T18:34:02","slug":"no-quieren-el-tren-maya-y-rechazan-salir-de-sus-casas","status":"publish","type":"post","link":"https:\/\/www.grieta.org.mx\/index.php\/2020\/10\/14\/no-quieren-el-tren-maya-y-rechazan-salir-de-sus-casas\/","title":{"rendered":"No quieren el Tren Maya y rechazan salir de sus casas"},"content":{"rendered":"<p><img loading=\"lazy\" decoding=\"async\" data-attachment-id=\"54215\" data-permalink=\"https:\/\/www.grieta.org.mx\/index.php\/2020\/10\/14\/no-quieren-el-tren-maya-y-rechazan-salir-de-sus-casas\/familiastren\/\" data-orig-file=\"https:\/\/www.grieta.org.mx\/wp-content\/uploads\/2020\/10\/FamiliasTren.png\" data-orig-size=\"532,399\" data-comments-opened=\"0\" data-image-meta=\"{&quot;aperture&quot;:&quot;0&quot;,&quot;credit&quot;:&quot;&quot;,&quot;camera&quot;:&quot;&quot;,&quot;caption&quot;:&quot;&quot;,&quot;created_timestamp&quot;:&quot;0&quot;,&quot;copyright&quot;:&quot;&quot;,&quot;focal_length&quot;:&quot;0&quot;,&quot;iso&quot;:&quot;0&quot;,&quot;shutter_speed&quot;:&quot;0&quot;,&quot;title&quot;:&quot;&quot;,&quot;orientation&quot;:&quot;0&quot;}\" data-image-title=\"FamiliasTren\" data-image-description=\"\" data-image-caption=\"\" data-medium-file=\"https:\/\/www.grieta.org.mx\/wp-content\/uploads\/2020\/10\/FamiliasTren-300x225.png\" data-large-file=\"https:\/\/www.grieta.org.mx\/wp-content\/uploads\/2020\/10\/FamiliasTren.png\" src=\"http:\/\/www.grieta.org.mx\/wp-content\/uploads\/2020\/10\/FamiliasTren.png\" alt=\"\" width=\"532\" height=\"399\" class=\"alignnone size-full wp-image-54215\" srcset=\"https:\/\/www.grieta.org.mx\/wp-content\/uploads\/2020\/10\/FamiliasTren.png 532w, https:\/\/www.grieta.org.mx\/wp-content\/uploads\/2020\/10\/FamiliasTren-300x225.png 300w\" sizes=\"auto, (max-width: 532px) 100vw, 532px\" \/><br \/>\nST \/ Meganews<br \/>\nCon fuerza, contin\u00faa el rechazo de vecinos de la Estaci\u00f3n Antigua y Cuatro Caminos en contra de la construcci\u00f3n del tren maya en la zona. Molestos aseguran que no habr\u00e1 poder humano que los convenza de salir de sus casas en esta marcaci\u00f3n, que con esfuerzo y sacrificio levantaron, adem\u00e1s del valor sentimental que ello representa.<\/p>\n<p>Repudiaron y reclamaron el hecho de que en su visita a Campeche para supervisar el tramo 2, Esc\u00e1rcega-Calakmul, el presidente de la Rep\u00fablica, Andr\u00e9s Manuel L\u00f3pez Obrador no los haya tomado en cuenta.<\/p>\n<p>Comentaron que AMLO ni siquiera se acerc\u00f3 a recibir los argumentos de los vecinos que se niegan a dejar su patrimonio.<\/p>\n<p>Indignados aseguran que los \u00fanicos cuidados que se muestran a favor de la construcci\u00f3n del Tren Maya, son los que no tiene sus casas edificadas en el tramo y que sus bienes no se les ver\u00e1n afectados.<\/p>\n<p>Tambi\u00e9n advirtieron ser\u00edas movilizaciones y amenazaron que ni siquiera la fuerza p\u00fablica los podr\u00e1 desalojar.<\/p>\n<p>\u201cEsto se va poner feo, la gente est\u00e1 molesta, familias enteras y pescadores, estamos dispuestos a pelear, no es tan f\u00e1cil que nos quiten y reubiquen solo para que pase el Tren Maya.\u201d<\/p>\n<p>No saldr\u00e1 de casa por el Tren Maya<\/p>\n<p>Don Felipe Campos, que por m\u00e1s de 7 d\u00e9cadas ha vivido en el lugar dio a conocer que las autoridades nunca han acudido a mediar el asunto, que no hay certeza de d\u00f3nde ser\u00e1n llevados.<\/p>\n<p>Adem\u00e1s de que por su edad, asegur\u00f3 que ning\u00fan tren lo har\u00e1 dejar su vivienda.<\/p>\n<p>\u201cDesde hace m\u00e1s de 74 a\u00f1os vivo aqu\u00ed, y no es justo que de la noche a la ma\u00f1ana nos vengan a quitar a las casas, ya somos grandes, estamos acostumbrados a nuestro estilo de vida cercano casi al centro de la ciudad\u201d dijo el hombre.<\/p>\n<p>Tambipen coment\u00f3 que por esa zona pasa su cami\u00f3n y le queda cerca mi taller.<\/p>\n<p>\u201cDicen que van agarrar 20 metros y afectar\u00eda mi propiedad, vamos a quedar encerrados yo de plano no estoy de acuerdo\u201d, finaliz\u00f3.<\/p>\n<p><a href=\"https:\/\/www.meganews.mx\/campeche\/no-quieren-el-tren-maya-y-rechazan-salir-de-sus-casas\/\" rel=\"noopener noreferrer\" target=\"_blank\">https:\/\/www.meganews.mx\/campeche\/no-quieren-el-tren-maya-y-rechazan-salir-de-sus-casas\/<\/a><\/p>\n","protected":false},"excerpt":{"rendered":"<p>ST \/ Meganews Con fuerza, contin\u00faa el rechazo de vecinos de la Estaci\u00f3n Antigua y Cuatro Caminos en contra de la construcci\u00f3n del tren maya en la zona. Molestos aseguran &hellip; <a href=\"https:\/\/www.grieta.org.mx\/index.php\/2020\/10\/14\/no-quieren-el-tren-maya-y-rechazan-salir-de-sus-casas\/\" class=\"more-link\">Leer m\u00e1s<\/a><\/p>\n","protected":false},"author":2,"featured_media":54215,"comment_status":"closed","ping_status":"closed","sticky":false,"template":"","format":"standard","meta":{"ngg_post_thumbnail":0,"_jetpack_newsletter_access":"","_jetpack_dont_email_post_to_subs":false,"_jetpack_newsletter_tier_id":0,"_jetpack_memberships_contains_paywalled_content":false,"_jetpack_memberships_contains_paid_content":false,"footnotes":""},"categories":[11,80,3,922,926,944,952,2,1877,2026],"tags":[2616,2727,1878],"class_list":["post-54214","post","type-post","status-publish","format-standard","has-post-thumbnail","hentry","category-campeche","category-cintillo","category-megaproyectos","category-megaproyectos-estados","category-mp-campeche","category-mp-quintana-roo","category-mp-yucatan","category-noticias-nacionales","category-resistencia-al-tren-maya-en-la-peninsula-de-yucatan-campeche","category-tren-maya","tag-desalojos","tag-despojo-de-vivienda","tag-tren-maya","entry"],"jetpack_featured_media_url":"https:\/\/www.grieta.org.mx\/wp-content\/uploads\/2020\/10\/FamiliasTren.png","jetpack_sharing_enabled":true,"jetpack_shortlink":"https:\/\/wp.me\/p7ZJR4-e6q","jetpack_likes_enabled":false,"jetpack-related-posts":[{"id":47874,"url":"https:\/\/www.grieta.org.mx\/index.php\/2020\/04\/13\/las-vias-torcidas-del-tren-maya-video\/","url_meta":{"origin":54214,"position":0},"title":"Las v\u00edas torcidas del tren maya (Video)","author":"grieta","date":"13 abril, 2020","format":false,"excerpt":"https:\/\/www.youtube.com\/watch?v=k8FRX9eT0YY","rel":"","context":"En &quot;16. Pueblo Maya&quot;","block_context":{"text":"16. Pueblo Maya","link":"https:\/\/www.grieta.org.mx\/index.php\/category\/espejos-de-la-resistencia\/16-pueblo-maya\/"},"img":{"alt_text":"","src":"https:\/\/i0.wp.com\/www.grieta.org.mx\/wp-content\/uploads\/2020\/04\/ViasTorcidasTrenMaya.png?resize=350%2C200&ssl=1","width":350,"height":200,"srcset":"https:\/\/i0.wp.com\/www.grieta.org.mx\/wp-content\/uploads\/2020\/04\/ViasTorcidasTrenMaya.png?resize=350%2C200&ssl=1 1x, https:\/\/i0.wp.com\/www.grieta.org.mx\/wp-content\/uploads\/2020\/04\/ViasTorcidasTrenMaya.png?resize=525%2C300&ssl=1 1.5x, https:\/\/i0.wp.com\/www.grieta.org.mx\/wp-content\/uploads\/2020\/04\/ViasTorcidasTrenMaya.png?resize=700%2C400&ssl=1 2x"},"classes":[]},{"id":35945,"url":"https:\/\/www.grieta.org.mx\/index.php\/2019\/07\/05\/expansion-de-megaproyectos-en-la-peninsula-de-yucatan-video\/","url_meta":{"origin":54214,"position":1},"title":"Expansi\u00f3n de Megaproyectos en la Pen\u00ednsula de Yucat\u00e1n (Video)","author":"grieta","date":"5 julio, 2019","format":false,"excerpt":"https:\/\/youtu.be\/qLBARIAaBsI","rel":"","context":"En &quot;Campeche&quot;","block_context":{"text":"Campeche","link":"https:\/\/www.grieta.org.mx\/index.php\/category\/noticias-nacionales\/campeche\/"},"img":{"alt_text":"","src":"https:\/\/i0.wp.com\/img.youtube.com\/vi\/qLBARIAaBsI\/0.jpg?resize=350%2C200","width":350,"height":200},"classes":[]},{"id":35613,"url":"https:\/\/www.grieta.org.mx\/index.php\/2019\/06\/27\/impactos-sociales-y-territoriales-del-proyecto-tren-maya-video\/","url_meta":{"origin":54214,"position":2},"title":"Impactos sociales y territoriales del proyecto tren maya (Video)","author":"grieta","date":"27 junio, 2019","format":false,"excerpt":"https:\/\/youtu.be\/FPH4ZTKgMPc","rel":"","context":"En &quot;CINTILLO&quot;","block_context":{"text":"CINTILLO","link":"https:\/\/www.grieta.org.mx\/index.php\/category\/cintillo\/"},"img":{"alt_text":"","src":"https:\/\/i0.wp.com\/www.grieta.org.mx\/wp-content\/uploads\/2018\/03\/14524434_1106112876131411_958039263622046936_o.jpg?resize=350%2C200&ssl=1","width":350,"height":200,"srcset":"https:\/\/i0.wp.com\/www.grieta.org.mx\/wp-content\/uploads\/2018\/03\/14524434_1106112876131411_958039263622046936_o.jpg?resize=350%2C200&ssl=1 1x, https:\/\/i0.wp.com\/www.grieta.org.mx\/wp-content\/uploads\/2018\/03\/14524434_1106112876131411_958039263622046936_o.jpg?resize=525%2C300&ssl=1 1.5x, https:\/\/i0.wp.com\/www.grieta.org.mx\/wp-content\/uploads\/2018\/03\/14524434_1106112876131411_958039263622046936_o.jpg?resize=700%2C400&ssl=1 2x"},"classes":[]},{"id":55389,"url":"https:\/\/www.grieta.org.mx\/index.php\/2020\/11\/19\/habitantes-de-campeche-bloquean-obras-del-tren-maya\/","url_meta":{"origin":54214,"position":3},"title":"Habitantes de Campeche bloquean obras del Tren Maya","author":"grieta","date":"19 noviembre, 2020","format":false,"excerpt":"Obras del Tren Maya. Foto:Facebook @TrenMayaOficial Rosa Santana \/ Proceso CHAMPOT\u00d3N, Camp. (apro).- Pobladores de las comunidades Xbacab, Miguel Colorado, 5 de febrero y Pixoyal bloquearon el paso a veh\u00edculos y maquinaria utilizada en la construcci\u00f3n del Tren Maya, en protesta por la destrucci\u00f3n de sus caminos de acceso. El\u2026","rel":"","context":"En &quot;Campeche&quot;","block_context":{"text":"Campeche","link":"https:\/\/www.grieta.org.mx\/index.php\/category\/noticias-nacionales\/campeche\/"},"img":{"alt_text":"","src":"https:\/\/i0.wp.com\/www.grieta.org.mx\/wp-content\/uploads\/2020\/11\/f800x450-125136_176582_5050.jpg?resize=350%2C200&ssl=1","width":350,"height":200,"srcset":"https:\/\/i0.wp.com\/www.grieta.org.mx\/wp-content\/uploads\/2020\/11\/f800x450-125136_176582_5050.jpg?resize=350%2C200&ssl=1 1x, https:\/\/i0.wp.com\/www.grieta.org.mx\/wp-content\/uploads\/2020\/11\/f800x450-125136_176582_5050.jpg?resize=525%2C300&ssl=1 1.5x, https:\/\/i0.wp.com\/www.grieta.org.mx\/wp-content\/uploads\/2020\/11\/f800x450-125136_176582_5050.jpg?resize=700%2C400&ssl=1 2x"},"classes":[]},{"id":60441,"url":"https:\/\/www.grieta.org.mx\/index.php\/2021\/07\/10\/mandan-mensaje-contra-tren-maya-para-que-amlo-lo-vea-desde-el-aire-campeche\/","url_meta":{"origin":54214,"position":4},"title":"Mandan mensaje contra Tren Maya para que AMLO lo vea desde el aire (Campeche)","author":"grieta","date":"10 julio, 2021","format":false,"excerpt":"Herbeth Escalante \/ Haz Ruido Vecinas y vecinos de los barrios de Campeche aprovecharon que el presidente sobrevol\u00f3 la Pen\u00ednsula para exigirle que detenga el desalojo forzado y que reubique las v\u00edas del tren, no sus viviendas. San Francisco de Campeche, Campeche, 10 de junio de 2021.-Vecinas y Vecinos del\u2026","rel":"","context":"En &quot;Campeche&quot;","block_context":{"text":"Campeche","link":"https:\/\/www.grieta.org.mx\/index.php\/category\/noticias-nacionales\/campeche\/"},"img":{"alt_text":"","src":"https:\/\/i0.wp.com\/www.grieta.org.mx\/wp-content\/uploads\/2021\/07\/MantasTren.png?resize=350%2C200&ssl=1","width":350,"height":200,"srcset":"https:\/\/i0.wp.com\/www.grieta.org.mx\/wp-content\/uploads\/2021\/07\/MantasTren.png?resize=350%2C200&ssl=1 1x, https:\/\/i0.wp.com\/www.grieta.org.mx\/wp-content\/uploads\/2021\/07\/MantasTren.png?resize=525%2C300&ssl=1 1.5x, https:\/\/i0.wp.com\/www.grieta.org.mx\/wp-content\/uploads\/2021\/07\/MantasTren.png?resize=700%2C400&ssl=1 2x"},"classes":[]},{"id":49173,"url":"https:\/\/www.grieta.org.mx\/index.php\/2020\/05\/11\/suspenden-reubicacion-de-pobladores-de-campeche-por-el-tren-maya\/","url_meta":{"origin":54214,"position":5},"title":"Suspenden reubicaci\u00f3n de pobladores de Campeche por el Tren Maya","author":"grieta","date":"11 mayo, 2020","format":false,"excerpt":"Informe Fracto La medida es temporal y el pr\u00f3ximo 15 de junio el Juzgado Primero de Distrito de Campeche deber\u00e1 decidir si la mantiene. El proceso de reubicaci\u00f3n de pobladores de la ciudad de Campeche por el proyecto del Tren Maya ser\u00e1 suspendido durante la contingencia del COVID-19 (coronavirus), inform\u00f3\u2026","rel":"","context":"En &quot;Campeche&quot;","block_context":{"text":"Campeche","link":"https:\/\/www.grieta.org.mx\/index.php\/category\/noticias-nacionales\/campeche\/"},"img":{"alt_text":"","src":"https:\/\/i0.wp.com\/www.grieta.org.mx\/wp-content\/uploads\/2020\/05\/ruta-del-tren-maya-especial-1_0_21_677_421-e1589495660951.jpeg?resize=350%2C200&ssl=1","width":350,"height":200,"srcset":"https:\/\/i0.wp.com\/www.grieta.org.mx\/wp-content\/uploads\/2020\/05\/ruta-del-tren-maya-especial-1_0_21_677_421-e1589495660951.jpeg?resize=350%2C200&ssl=1 1x, https:\/\/i0.wp.com\/www.grieta.org.mx\/wp-content\/uploads\/2020\/05\/ruta-del-tren-maya-especial-1_0_21_677_421-e1589495660951.jpeg?resize=525%2C300&ssl=1 1.5x, https:\/\/i0.wp.com\/www.grieta.org.mx\/wp-content\/uploads\/2020\/05\/ruta-del-tren-maya-especial-1_0_21_677_421-e1589495660951.jpeg?resize=700%2C400&ssl=1 2x"},"classes":[]}],"_links":{"self":[{"href":"https:\/\/www.grieta.org.mx\/index.php\/wp-json\/wp\/v2\/posts\/54214","targetHints":{"allow":["GET"]}}],"collection":[{"href":"https:\/\/www.grieta.org.mx\/index.php\/wp-json\/wp\/v2\/posts"}],"about":[{"href":"https:\/\/www.grieta.org.mx\/index.php\/wp-json\/wp\/v2\/types\/post"}],"author":[{"embeddable":true,"href":"https:\/\/www.grieta.org.mx\/index.php\/wp-json\/wp\/v2\/users\/2"}],"replies":[{"embeddable":true,"href":"https:\/\/www.grieta.org.mx\/index.php\/wp-json\/wp\/v2\/comments?post=54214"}],"version-history":[{"count":1,"href":"https:\/\/www.grieta.org.mx\/index.php\/wp-json\/wp\/v2\/posts\/54214\/revisions"}],"predecessor-version":[{"id":54216,"href":"https:\/\/www.grieta.org.mx\/index.php\/wp-json\/wp\/v2\/posts\/54214\/revisions\/54216"}],"wp:featuredmedia":[{"embeddable":true,"href":"https:\/\/www.grieta.org.mx\/index.php\/wp-json\/wp\/v2\/media\/54215"}],"wp:attachment":[{"href":"https:\/\/www.grieta.org.mx\/index.php\/wp-json\/wp\/v2\/media?parent=54214"}],"wp:term":[{"taxonomy":"category","embeddable":true,"href":"https:\/\/www.grieta.org.mx\/index.php\/wp-json\/wp\/v2\/categories?post=54214"},{"taxonomy":"post_tag","embeddable":true,"href":"https:\/\/www.grieta.org.mx\/index.php\/wp-json\/wp\/v2\/tags?post=54214"}],"curies":[{"name":"wp","href":"https:\/\/api.w.org\/{rel}","templated":true}]}}