{"id":54210,"date":"2020-10-13T12:16:18","date_gmt":"2020-10-13T17:16:18","guid":{"rendered":"http:\/\/www.grieta.org.mx\/?p=54210"},"modified":"2020-10-14T12:45:38","modified_gmt":"2020-10-14T17:45:38","slug":"organizaciones-indigenas-en-campeche-acusan-que-el-tren-maya-violenta-derechos-humanos","status":"publish","type":"post","link":"https:\/\/www.grieta.org.mx\/index.php\/2020\/10\/13\/organizaciones-indigenas-en-campeche-acusan-que-el-tren-maya-violenta-derechos-humanos\/","title":{"rendered":"Organizaciones ind\u00edgenas en Campeche acusan que el Tren Maya violenta derechos humanos"},"content":{"rendered":"<p><img loading=\"lazy\" decoding=\"async\" data-attachment-id=\"54211\" data-permalink=\"https:\/\/www.grieta.org.mx\/index.php\/2020\/10\/13\/organizaciones-indigenas-en-campeche-acusan-que-el-tren-maya-violenta-derechos-humanos\/xpujil12oct20\/\" data-orig-file=\"https:\/\/www.grieta.org.mx\/wp-content\/uploads\/2020\/10\/Xpujil12oct20.png\" data-orig-size=\"615,344\" data-comments-opened=\"0\" data-image-meta=\"{&quot;aperture&quot;:&quot;0&quot;,&quot;credit&quot;:&quot;&quot;,&quot;camera&quot;:&quot;&quot;,&quot;caption&quot;:&quot;&quot;,&quot;created_timestamp&quot;:&quot;0&quot;,&quot;copyright&quot;:&quot;&quot;,&quot;focal_length&quot;:&quot;0&quot;,&quot;iso&quot;:&quot;0&quot;,&quot;shutter_speed&quot;:&quot;0&quot;,&quot;title&quot;:&quot;&quot;,&quot;orientation&quot;:&quot;0&quot;}\" data-image-title=\"Xpujil12oct20\" data-image-description=\"\" data-image-caption=\"\" data-medium-file=\"https:\/\/www.grieta.org.mx\/wp-content\/uploads\/2020\/10\/Xpujil12oct20-300x168.png\" data-large-file=\"https:\/\/www.grieta.org.mx\/wp-content\/uploads\/2020\/10\/Xpujil12oct20.png\" src=\"http:\/\/www.grieta.org.mx\/wp-content\/uploads\/2020\/10\/Xpujil12oct20.png\" alt=\"\" width=\"615\" height=\"344\" class=\"alignnone size-full wp-image-54211\" srcset=\"https:\/\/www.grieta.org.mx\/wp-content\/uploads\/2020\/10\/Xpujil12oct20.png 615w, https:\/\/www.grieta.org.mx\/wp-content\/uploads\/2020\/10\/Xpujil12oct20-300x168.png 300w\" sizes=\"auto, (max-width: 615px) 100vw, 615px\" \/><br \/>\nJuan Garc\u00eda \/ Por Esto!<\/p>\n<p>La construcci\u00f3n del \u201cTren Maya\u201d es una violaci\u00f3n a los derechos humanos de los pueblos originarios, acusan organizaciones ind\u00edgenas de la Pen\u00ednsula de Yucat\u00e1n, como el Consejo Regional Ind\u00edgena y Popular de Xpujil (CRIPX), ya que hasta ahora, cuando ya se ha iniciado con los trabajos, no se cumpli\u00f3 con informar sobre las afectaciones a los territorios que traer\u00e1 consigo el megaproyecto.<\/p>\n<p>Los integrantes de la organizaci\u00f3n se\u00f1alan que cuando se cuestiona a los ind\u00edgenas sobre la obra, estos dicen no saber nada, quienes la dirigen no han entablado comunicaci\u00f3n con los pueblos originarios; incluso algunos pobladores mayas ni si quiera est\u00e1n enterados de que en sus comunidades se construir\u00e1 un tren.<\/p>\n<p>En el marco del 12 de octubre D\u00eda de los Pueblos Ind\u00edgenas, fecha en la que se conmemoran 528 a\u00f1os de la lucha de los pueblos originarios contra el colonialismo, denunciaron que el Fondo Nacional de Fomento al Turismo (Fonatur) utiliza la presi\u00f3n pol\u00edtica para perjudicar las acciones legales de defensa del territorio que estas organizaciones emprenden.<\/p>\n<p>As\u00ed sucedi\u00f3 cuando presentaron un amparo para detener la construcci\u00f3n del tren por la falta de informaci\u00f3n al respecto, ya que el Fonatur se quej\u00f3 con la jueza del Juzgado Primero de Distrito en el estado de Campeche, bajo el argumento de que da\u00f1aban el inter\u00e9s p\u00fablico, por lo que la medida cautelar s\u00f3lo procedi\u00f3 en Xpujil, pero la obra continu\u00f3 en otras zonas.<\/p>\n<p>Divisionismo entre los pueblos<\/p>\n<p>El inicio de la obra ha tra\u00eddo consigo problem\u00e1ticas sociales como el divisionismo de los pueblos, ya que cuando las autoridades acuden a los comisarios para conversar sobre el tren, reunir firmas para solicitar o permitir alg\u00fan acuerdo, algunos s\u00f3lo toman en cuenta a una o dos personas, y dicen que esta minor\u00eda representa a toda una comunidad. Incluso se ha comprado que incluyen firmas de personas fallecidas, \u201calgunos comisarios est\u00e1n coludidos con los pol\u00edticos\u201d, detall\u00f3 Ernesto Mart\u00ednez, uno de los integrantes del CRIPX que realizaron ayer una asamblea informativa.<\/p>\n<p>Ante la aparici\u00f3n de contra organismos como el \u201cPro Defensa del Tren Maya\u201d, se\u00f1alan que aquellos que se dicen a favor de la construcci\u00f3n son simpatizantes del partido oficial y que tienen esa postura por conveniencia pol\u00edtica.<\/p>\n<p>Por tal motivo, expresaron que su principal objetivo no es desunir a las comunidades pues esa ha sido la estrategia para no hacer valer sus derechos, sino entablar el di\u00e1logo para que se aclaren los impactos ambientales, econ\u00f3micos y sociales que oculta la mega-obra ferroviaria.<\/p>\n<p>Precisaron que todas las acciones de los grupos de defensa contra la imposici\u00f3n del Tren Maya se han hecho apegadas al marco jur\u00eddico de las leyes mexicanas, por lo que su pelea es pac\u00edfica. Su \u00fanico objetivo, como se le\u00eda en una de sus pancartas, es frenar la divisi\u00f3n de los pueblos de la Pen\u00ednsula y dar a conocer a la sociedad el atropello que significa este megaproyecto.<\/p>\n<p>Desinformaci\u00f3n<\/p>\n<p>Seg\u00fan miembros de estas organizaciones, no tomar en cuenta las comunidades ind\u00edgenas sobre la realizaci\u00f3n del proyecto, as\u00ed como la desinformaci\u00f3n sobre las afectaciones que provocar\u00e1 en las zonas que ellos habitan, es el motivo de su lucha que quieren dar a conocer para romper el cerco medi\u00e1tico sobre su postura.<\/p>\n<p>    \u201cVenimos a decirle a los gobiernos, a la sociedad, que nuestra lucha continua, se fortalece, cada vez que encontramos esa raz\u00f3n que es la defensa de la vida y que es al amor por el territorio en el que nos encontramos que es el legado de nuestros ancestros\u201d, dijo \u00c1ngel Dzul, ind\u00edgena de Felipe Carrillo Puerto, Quintana Roo. <\/p>\n<p>Por su parte, Ernesto Mart\u00ednez, miembro del CRIPX, mencion\u00f3 que el proyecto est\u00e1 mal llamado Tren Maya, ya que los pueblos originarios no lo planearon ni dise\u00f1aron, mucho menos van a ser los inversores que se lleven las ganancias, \u201ces un insulto a nuestros ancestros y a nuestra cultura\u201d, agreg\u00f3.<\/p>\n<p>En este tenor, Alfredo D\u00edaz, dijo que violan incluso tratados internacionales, como sucede en el caso del Convenio 169 de la Organizaci\u00f3n Internacional del Trabajo (OIT), sobre Pueblos Ind\u00edgenas y Tribales, que fue firmado por varios pa\u00edses, entre ellos M\u00e9xico, en Ginebra, Suiza, en 1989.<\/p>\n<p>Este acuerdo mundial declara entre otros aspectos, el derecho de los pueblos ind\u00edgenas para participar con soberan\u00eda, de acuerdo a su cultura, en la toma de decisiones con el Estado sobre la modificaci\u00f3n del territorio que habitan; les garantiza el acceso a la informaci\u00f3n sobre las acciones de la federaci\u00f3n en sus comunidades y adem\u00e1s, protege el cumplimiento de estos derechos.<\/p>\n<p>Como ejemplo de estas omisiones, se habl\u00f3 de la consulta ciudadana sobre el Tren Maya, consulta que nunca lleg\u00f3 a las comunidades ind\u00edgenas para que sus miembros puedan informarse y votar si era ben\u00e9fico o perjudicial.<\/p>\n<p>Lucha por la vida<\/p>\n<p>Esto expresaron diversos organismos defensores de los derechos de los pueblos originarios de los tres estados que forman parte de la Pen\u00ednsula de Yucat\u00e1n, que se reunieron ayer por la ma\u00f1ana en Xpujil, Calakmul, unidos a la Jornada Nacional de Movilizaci\u00f3n en Defensa de la Madre Tierra, Contra la Guerra al EZLN, los pueblos y comunidades ind\u00edgenas que promovi\u00f3 el Congreso Nacional Ind\u00edgena (CNI) en diversos estados del pa\u00eds.<\/p>\n<p>Los ponentes aseguraron no estar en contra del Presidente Andr\u00e9s Manuel L\u00f3pez Obrador, est\u00e1n en contra del sistema econ\u00f3mico porque dijeron no sentirse representados, sino excluidos y minimizados.<\/p>\n<p>Asimismo, puntualizaron que se ha intensificado el acoso por parte del gobierno o personas ligadas a las autoridades, pues tras el robo de documentos, equipo e informaci\u00f3n financiera en sus instalaciones el pasado septiembre, tambi\u00e9n han encontrado amenazas escritas contra algunos integrantes.<\/p>\n<p><a href=\"https:\/\/www.poresto.net\/tren-maya\/2020\/10\/13\/organizaciones-indigenas-en-campeche-acusan-que-el-tren-maya-violenta-derechos-humanos-217180.html\" rel=\"noopener noreferrer\" target=\"_blank\">https:\/\/www.poresto.net\/tren-maya\/2020\/10\/13\/organizaciones-indigenas-en-campeche-acusan-que-el-tren-maya-violenta-derechos-humanos-217180.html<\/a><\/p>\n","protected":false},"excerpt":{"rendered":"<p>Juan Garc\u00eda \/ Por Esto! La construcci\u00f3n del \u201cTren Maya\u201d es una violaci\u00f3n a los derechos humanos de los pueblos originarios, acusan organizaciones ind\u00edgenas de la Pen\u00ednsula de Yucat\u00e1n, como &hellip; <a href=\"https:\/\/www.grieta.org.mx\/index.php\/2020\/10\/13\/organizaciones-indigenas-en-campeche-acusan-que-el-tren-maya-violenta-derechos-humanos\/\" class=\"more-link\">Leer m\u00e1s<\/a><\/p>\n","protected":false},"author":2,"featured_media":54211,"comment_status":"closed","ping_status":"closed","sticky":false,"template":"","format":"standard","meta":{"ngg_post_thumbnail":0,"_jetpack_newsletter_access":"","_jetpack_dont_email_post_to_subs":false,"_jetpack_newsletter_tier_id":0,"_jetpack_memberships_contains_paywalled_content":false,"_jetpack_memberships_contains_paid_content":false,"footnotes":""},"categories":[69,11,80,958,976,984,1,954,3,922,926,944,952,2,28,1875,1876,1877,2026,36],"tags":[384,3109,398,1878,200],"class_list":["post-54210","post","type-post","status-publish","format-standard","has-post-thumbnail","hentry","category-25-xpujil","category-campeche","category-cintillo","category-esp-campeche","category-esp-quintana-roo","category-esp-yucatan","category-espejos-de-la-resistencia","category-espejos-estados","category-megaproyectos","category-megaproyectos-estados","category-mp-campeche","category-mp-quintana-roo","category-mp-yucatan","category-noticias-nacionales","category-quintana-roo","category-resistencia-al-tren-maya-en-la-peninsula-de-yucatan","category-resistencia-al-tren-maya-en-la-peninsula-de-yucatan-quintana-roo","category-resistencia-al-tren-maya-en-la-peninsula-de-yucatan-campeche","category-tren-maya","category-yucatan","tag-amparo","tag-consejo-regional-iidigena-y-popular-de-xpujil","tag-fonatur","tag-tren-maya","tag-xpujil","entry"],"jetpack_featured_media_url":"https:\/\/www.grieta.org.mx\/wp-content\/uploads\/2020\/10\/Xpujil12oct20.png","jetpack_sharing_enabled":true,"jetpack_shortlink":"https:\/\/wp.me\/p7ZJR4-e6m","jetpack_likes_enabled":false,"jetpack-related-posts":[{"id":47874,"url":"https:\/\/www.grieta.org.mx\/index.php\/2020\/04\/13\/las-vias-torcidas-del-tren-maya-video\/","url_meta":{"origin":54210,"position":0},"title":"Las v\u00edas torcidas del tren maya (Video)","author":"grieta","date":"13 abril, 2020","format":false,"excerpt":"https:\/\/www.youtube.com\/watch?v=k8FRX9eT0YY","rel":"","context":"En &quot;16. Pueblo Maya&quot;","block_context":{"text":"16. Pueblo Maya","link":"https:\/\/www.grieta.org.mx\/index.php\/category\/espejos-de-la-resistencia\/16-pueblo-maya\/"},"img":{"alt_text":"","src":"https:\/\/i0.wp.com\/www.grieta.org.mx\/wp-content\/uploads\/2020\/04\/ViasTorcidasTrenMaya.png?resize=350%2C200&ssl=1","width":350,"height":200,"srcset":"https:\/\/i0.wp.com\/www.grieta.org.mx\/wp-content\/uploads\/2020\/04\/ViasTorcidasTrenMaya.png?resize=350%2C200&ssl=1 1x, https:\/\/i0.wp.com\/www.grieta.org.mx\/wp-content\/uploads\/2020\/04\/ViasTorcidasTrenMaya.png?resize=525%2C300&ssl=1 1.5x, https:\/\/i0.wp.com\/www.grieta.org.mx\/wp-content\/uploads\/2020\/04\/ViasTorcidasTrenMaya.png?resize=700%2C400&ssl=1 2x"},"classes":[]},{"id":45360,"url":"https:\/\/www.grieta.org.mx\/index.php\/2020\/02\/27\/no-estamos-peleando-la-suspension-provisional-del-tren-maya-sino-la-definitiva-cruz-rueda\/","url_meta":{"origin":54210,"position":1},"title":"&#8220;No estamos peleando la suspensi\u00f3n provisional del Tren Maya, sino la definitiva&#8221;: Cruz Rueda","author":"grieta","date":"27 febrero, 2020","format":false,"excerpt":"Impugnaci\u00f3n de Presidencia \"no nos quita el sue\u00f1o\" Abraham Bote \/Foto: Tomada de Twitter \/La Jornada Maya M\u00e9rida, Yucat\u00e1n Respecto a la impugnaci\u00f3n que realiz\u00f3 la Presidencia de la Rep\u00fablica y el apoderado de la Naci\u00f3n Financiera (Nafin), contra la suspensi\u00f3n provisional del proyecto de Tren Maya, la asesora jur\u00eddica\u2026","rel":"","context":"En &quot;16. Pueblo Maya&quot;","block_context":{"text":"16. Pueblo Maya","link":"https:\/\/www.grieta.org.mx\/index.php\/category\/espejos-de-la-resistencia\/16-pueblo-maya\/"},"img":{"alt_text":"","src":"https:\/\/i0.wp.com\/www.grieta.org.mx\/wp-content\/uploads\/2020\/02\/TrenMallaCampeche.png?resize=350%2C200&ssl=1","width":350,"height":200,"srcset":"https:\/\/i0.wp.com\/www.grieta.org.mx\/wp-content\/uploads\/2020\/02\/TrenMallaCampeche.png?resize=350%2C200&ssl=1 1x, https:\/\/i0.wp.com\/www.grieta.org.mx\/wp-content\/uploads\/2020\/02\/TrenMallaCampeche.png?resize=525%2C300&ssl=1 1.5x, https:\/\/i0.wp.com\/www.grieta.org.mx\/wp-content\/uploads\/2020\/02\/TrenMallaCampeche.png?resize=700%2C400&ssl=1 2x"},"classes":[]},{"id":35945,"url":"https:\/\/www.grieta.org.mx\/index.php\/2019\/07\/05\/expansion-de-megaproyectos-en-la-peninsula-de-yucatan-video\/","url_meta":{"origin":54210,"position":2},"title":"Expansi\u00f3n de Megaproyectos en la Pen\u00ednsula de Yucat\u00e1n (Video)","author":"grieta","date":"5 julio, 2019","format":false,"excerpt":"https:\/\/youtu.be\/qLBARIAaBsI","rel":"","context":"En &quot;Campeche&quot;","block_context":{"text":"Campeche","link":"https:\/\/www.grieta.org.mx\/index.php\/category\/noticias-nacionales\/campeche\/"},"img":{"alt_text":"","src":"https:\/\/i0.wp.com\/img.youtube.com\/vi\/qLBARIAaBsI\/0.jpg?resize=350%2C200","width":350,"height":200},"classes":[]},{"id":69349,"url":"https:\/\/www.grieta.org.mx\/index.php\/2024\/07\/15\/construccion-del-tramo-7-del-tren-maya-sigue-pese-a-suspension-judicial-y-denuncia-de-desacato\/","url_meta":{"origin":54210,"position":3},"title":"Construcci\u00f3n del Tramo 7 del Tren Maya sigue pese a suspensi\u00f3n judicial y denuncia de desacato","author":"grieta","date":"15 julio, 2024","format":false,"excerpt":"La construcci\u00f3n de las obras del tramo 7 del Tren Maya contin\u00faan, pese a que existe una suspensi\u00f3n definitiva. Por ello, comunidades mayas de Campeche, en la Reserva de la Biosfera de Calakmul, siguen con la batalla legal y denuncian al gobierno de desacato. Despu\u00e9s de 4 a\u00f1os y medio\u2026","rel":"","context":"En &quot;25. Xpujil&quot;","block_context":{"text":"25. Xpujil","link":"https:\/\/www.grieta.org.mx\/index.php\/category\/espejos-de-la-resistencia\/25-xpujil\/"},"img":{"alt_text":"","src":"https:\/\/i0.wp.com\/www.grieta.org.mx\/wp-content\/uploads\/2024\/07\/TrenAmparo-e1722100744359.jpg?resize=350%2C200&ssl=1","width":350,"height":200,"srcset":"https:\/\/i0.wp.com\/www.grieta.org.mx\/wp-content\/uploads\/2024\/07\/TrenAmparo-e1722100744359.jpg?resize=350%2C200&ssl=1 1x, https:\/\/i0.wp.com\/www.grieta.org.mx\/wp-content\/uploads\/2024\/07\/TrenAmparo-e1722100744359.jpg?resize=525%2C300&ssl=1 1.5x, https:\/\/i0.wp.com\/www.grieta.org.mx\/wp-content\/uploads\/2024\/07\/TrenAmparo-e1722100744359.jpg?resize=700%2C400&ssl=1 2x"},"classes":[]},{"id":67059,"url":"https:\/\/www.grieta.org.mx\/index.php\/2023\/05\/03\/caravana-el-sur-resiste-pide-a-la-sedena-suspender-obras-en-el-tramo-7-del-tren-maya-campeche\/","url_meta":{"origin":54210,"position":4},"title":"Caravana El Sur Resiste pide a la Sedena suspender obras en el Tramo 7 del Tren Maya (Campeche)","author":"grieta","date":"3 mayo, 2023","format":false,"excerpt":"Cambio 22 XPUJIL, CAMPECHE, 3 de mayo.- Los integrantes del movimiento Caravana El Sur Resiste llegaron al campamento de la Secretar\u00eda de la Defensa Nacional (Sedena) en Xpujil, municipio de Calakmul, Campeche, para hacer entrega a los ingenieros militares de documentos que acreditan que el Tramo 7 del Tren Maya\u2026","rel":"","context":"En &quot;25. Xpujil&quot;","block_context":{"text":"25. Xpujil","link":"https:\/\/www.grieta.org.mx\/index.php\/category\/espejos-de-la-resistencia\/25-xpujil\/"},"img":{"alt_text":"","src":"https:\/\/i0.wp.com\/www.grieta.org.mx\/wp-content\/uploads\/2023\/06\/SurResiste-e1687537548743.jpg?resize=350%2C200&ssl=1","width":350,"height":200,"srcset":"https:\/\/i0.wp.com\/www.grieta.org.mx\/wp-content\/uploads\/2023\/06\/SurResiste-e1687537548743.jpg?resize=350%2C200&ssl=1 1x, https:\/\/i0.wp.com\/www.grieta.org.mx\/wp-content\/uploads\/2023\/06\/SurResiste-e1687537548743.jpg?resize=525%2C300&ssl=1 1.5x, https:\/\/i0.wp.com\/www.grieta.org.mx\/wp-content\/uploads\/2023\/06\/SurResiste-e1687537548743.jpg?resize=700%2C400&ssl=1 2x"},"classes":[]},{"id":48940,"url":"https:\/\/www.grieta.org.mx\/index.php\/2020\/05\/11\/interponen-queja-ante-la-cndh-contra-obras-del-tren-maya\/","url_meta":{"origin":54210,"position":5},"title":"Interponen queja ante la CNDH contra obras del Tren Maya","author":"grieta","date":"11 mayo, 2020","format":false,"excerpt":"Lilia Balam \/ Informe Fracto Colectivos ind\u00edgenas y organizaciones civiles argumentaron que continuar con la construcci\u00f3n del proyecto durante la pandemia vulnera los derechos de los pobladores de la regi\u00f3n. Colectivos ind\u00edgenas y organizaciones civiles de la Pen\u00ednsula de Yucat\u00e1n interpusieron una queja ante la Comisi\u00f3n Nacional de los Derechos\u2026","rel":"","context":"En &quot;Campeche&quot;","block_context":{"text":"Campeche","link":"https:\/\/www.grieta.org.mx\/index.php\/category\/noticias-nacionales\/campeche\/"},"img":{"alt_text":"","src":"https:\/\/i0.wp.com\/www.grieta.org.mx\/wp-content\/uploads\/2020\/05\/tren_maya.jpg1_-640x360-1-e1589284542406.jpg?resize=350%2C200&ssl=1","width":350,"height":200,"srcset":"https:\/\/i0.wp.com\/www.grieta.org.mx\/wp-content\/uploads\/2020\/05\/tren_maya.jpg1_-640x360-1-e1589284542406.jpg?resize=350%2C200&ssl=1 1x, https:\/\/i0.wp.com\/www.grieta.org.mx\/wp-content\/uploads\/2020\/05\/tren_maya.jpg1_-640x360-1-e1589284542406.jpg?resize=525%2C300&ssl=1 1.5x, https:\/\/i0.wp.com\/www.grieta.org.mx\/wp-content\/uploads\/2020\/05\/tren_maya.jpg1_-640x360-1-e1589284542406.jpg?resize=700%2C400&ssl=1 2x"},"classes":[]}],"_links":{"self":[{"href":"https:\/\/www.grieta.org.mx\/index.php\/wp-json\/wp\/v2\/posts\/54210","targetHints":{"allow":["GET"]}}],"collection":[{"href":"https:\/\/www.grieta.org.mx\/index.php\/wp-json\/wp\/v2\/posts"}],"about":[{"href":"https:\/\/www.grieta.org.mx\/index.php\/wp-json\/wp\/v2\/types\/post"}],"author":[{"embeddable":true,"href":"https:\/\/www.grieta.org.mx\/index.php\/wp-json\/wp\/v2\/users\/2"}],"replies":[{"embeddable":true,"href":"https:\/\/www.grieta.org.mx\/index.php\/wp-json\/wp\/v2\/comments?post=54210"}],"version-history":[{"count":1,"href":"https:\/\/www.grieta.org.mx\/index.php\/wp-json\/wp\/v2\/posts\/54210\/revisions"}],"predecessor-version":[{"id":54212,"href":"https:\/\/www.grieta.org.mx\/index.php\/wp-json\/wp\/v2\/posts\/54210\/revisions\/54212"}],"wp:featuredmedia":[{"embeddable":true,"href":"https:\/\/www.grieta.org.mx\/index.php\/wp-json\/wp\/v2\/media\/54211"}],"wp:attachment":[{"href":"https:\/\/www.grieta.org.mx\/index.php\/wp-json\/wp\/v2\/media?parent=54210"}],"wp:term":[{"taxonomy":"category","embeddable":true,"href":"https:\/\/www.grieta.org.mx\/index.php\/wp-json\/wp\/v2\/categories?post=54210"},{"taxonomy":"post_tag","embeddable":true,"href":"https:\/\/www.grieta.org.mx\/index.php\/wp-json\/wp\/v2\/tags?post=54210"}],"curies":[{"name":"wp","href":"https:\/\/api.w.org\/{rel}","templated":true}]}}