{"id":5421,"date":"2015-08-06T02:56:45","date_gmt":"2015-08-06T02:56:45","guid":{"rendered":"http:\/\/50.22.11.12\/~grietaor\/?p=5421"},"modified":"2018-06-13T01:16:13","modified_gmt":"2018-06-13T06:16:13","slug":"realizan-en-oaxaca-velada-por-periodistas-asesinados-en-el-pais","status":"publish","type":"post","link":"https:\/\/www.grieta.org.mx\/index.php\/2015\/08\/06\/realizan-en-oaxaca-velada-por-periodistas-asesinados-en-el-pais\/","title":{"rendered":"Realizan en Oaxaca velada por periodistas asesinados en el pa\u00eds"},"content":{"rendered":"<p>Proceso.<\/p>\n<p>Pedro Mat\u00edas, <\/p>\n<p>Oaxaca, (apro).- El apoderado legal de la arquidi\u00f3cesis de Antequera-Oaxaca, Francisco Wilfrido Mayr\u00e9n Pel\u00e1ez, mejor conocido como el \u201cpadre Uvi\u201d, encabez\u00f3 anoche una velada en memoria de los periodistas asesinados en el pa\u00eds, acto al que asisti\u00f3, entre otros, el pintor Francisco Toledo.<\/p>\n<p>En el exconvento de Santo Domingo, el padre Uvi hizo un llamado \u201ca poner un alto a los asesinatos, alto a los agravios, alto a las amenazas y \u00a1que viva la libertad de expresi\u00f3n!\u201d.<\/p>\n<p>Frente a un f\u00e9retro rodeado de flores y veladoras, as\u00ed como de una lona donde reclaman justicia, y de otra con los rostros del fotoperiodista Rub\u00e9n Espinosa y de la activista Nadia Vera, el religioso conden\u00f3 \u201ca los gobiernos tir\u00e1nicos que pretenden sepultar la libertad de \u201cexpresi\u00f3n\u201d.<\/p>\n<p>\u201cUna sociedad que no defiende la libertad de expresi\u00f3n, que no valora a sus periodistas, es una sociedad que est\u00e1 condenada a que la pisoteen. Y no puede haber democracia sin respeto al ejercicio period\u00edstico y a la libertad de expresi\u00f3n\u201d, reforz\u00f3.<\/p>\n<p>Ataviado en una sotana blanca, el padre Uvi dijo: \u201cHoy quiero orar en esta velada de apoyo a los compa\u00f1eros ca\u00eddos, quiero orar para pedirle a Dios que ponga un freno, un alto a los asesinatos, a todos los gobiernos tir\u00e1nicos, poderes f\u00e1cticos que aplastan la libertad de expresi\u00f3n\u201d.<\/p>\n<p>\u201cQuiero orar por todos ustedes para que el trabajo que realicen siga siendo conocer la verdad en esta sociedad tan agraviada\u201d.<\/p>\n<p>Francisco Toledo, con una imagen de Rub\u00e9n y una vela blanca entre sus manos, tambi\u00e9n se solidariz\u00f3 con el gremio period\u00edstico y las cuatro mujeres que fueron asesinadas el 31 de julio en la Ciudad de M\u00e9xico.<\/p>\n<p>Cientos de acad\u00e9micos, artistas, defensores de derechos humanos y periodistas de distintas agrupaciones atestiguaron el acto a la luz de veladoras y un rayo l\u00e1ser que proyect\u00f3 frases que sintetizaban la rabia por la agresi\u00f3n y muerte de comunicadores.<\/p>\n<p>En una de las secuencias expuestas en los muros del templo, bajo una imagen del gobernador Javier Duarte, se advert\u00eda: \u201cVeracruz, 62% del total de periodistas asesinados\u201d, \u201cEl 31 de julio de 2015 torturaron y ejecutaron a cinco personas en el Distrito Federal\u201d, \u201cRub\u00e9n Espinosa, fotoperiodista amenazado\u201d, \u201cNadia Vera, de #YoSoy132 Xalapa, amenazada\u201d, \u201cCrimen de estado\u201d, \u201cDuarte asesino\u201d, \u201c2015, cuatro periodistas asesinados: Veracruz 2, Oaxaca, 2\u201d y \u201c88 periodistas asesinados en 15 a\u00f1os\u201d.<\/p>\n<p>En la improvisada tribuna p\u00fablica el tataranieto de Francisco Zarco, Fernando G\u00e1lvez de Aguinaga, resalt\u00f3 que todas las v\u00edctimas de esta violencia ya se cuentan por decenas de miles, lo que refleja que \u201cel pa\u00eds requiere de un cambio profundo, cambio de rumbo porque no es posible que el derecho m\u00ednimo a la vida no sea garantizado por el Estado y sus instituciones\u201d.<\/p>\n<p>Luego vino un pase de lista por parte de Jazm\u00edn G\u00f3mez, de pagina3.mx, quien record\u00f3 a los periodistas recientemente masacrados.<\/p>\n<p>\u201cExigimos justicia para Rub\u00e9n Espinosa de Veracruz\u201d, \u201c\u00a1Justicia!\u201d fue la respuesta; \u201cJusticia para Filadelfo S\u00e1nchez Sarmiento, de Oaxaca\u201d, \u201c\u00a1Justicia!\u201d, y \u201cJusticia para Edgar Hern\u00e1ndez, de Oaxaca\u201d \u201c\u00a1Justicia!\u2026<\/p>\n<p>Finalmente se hizo hincapi\u00e9 en que las autoridades \u201cno s\u00f3lo fallan a los periodistas, le est\u00e1n fallando a un pa\u00eds en donde reina la impunidad\u201d.<\/p>\n<p><a href=\"http:\/\/feedproxy.google.com\/~r\/proceso\/~3\/Rr6oKyppTQI\/\" target=\"_blank\">feedproxy.google.com\/~r\/proceso\/~3\/Rr6oKyppTQI\/<\/a><\/p>\n","protected":false},"excerpt":{"rendered":"<p>Proceso. Pedro Mat\u00edas, Oaxaca, (apro).- El apoderado legal de la arquidi\u00f3cesis de Antequera-Oaxaca, Francisco Wilfrido Mayr\u00e9n Pel\u00e1ez, mejor conocido como el \u201cpadre Uvi\u201d, encabez\u00f3 anoche una velada en memoria de &hellip; <a href=\"https:\/\/www.grieta.org.mx\/index.php\/2015\/08\/06\/realizan-en-oaxaca-velada-por-periodistas-asesinados-en-el-pais\/\" class=\"more-link\">Leer m\u00e1s<\/a><\/p>\n","protected":false},"author":2,"featured_media":21928,"comment_status":"closed","ping_status":"open","sticky":false,"template":"","format":"standard","meta":{"ngg_post_thumbnail":0,"_jetpack_newsletter_access":"","_jetpack_dont_email_post_to_subs":false,"_jetpack_newsletter_tier_id":0,"_jetpack_memberships_contains_paywalled_content":false,"_jetpack_memberships_contains_paid_content":false,"footnotes":""},"categories":[80,2,25,1339],"tags":[174,93,373,120],"class_list":["post-5421","post","type-post","status-publish","format-standard","has-post-thumbnail","hentry","category-cintillo","category-noticias-nacionales","category-oaxaca","category-violencia-contra-periodistas-en-oaxaca","tag-derechos-humanos","tag-oaxaca","tag-ruben-espinosa","tag-violencia-contra-periodistas","entry"],"jetpack_featured_media_url":"https:\/\/www.grieta.org.mx\/wp-content\/uploads\/2018\/03\/14524434_1106112876131411_958039263622046936_o.jpg","jetpack_sharing_enabled":true,"jetpack_shortlink":"https:\/\/wp.me\/p7ZJR4-1pr","jetpack_likes_enabled":false,"jetpack-related-posts":[{"id":8916,"url":"https:\/\/www.grieta.org.mx\/index.php\/2015\/08\/03\/se-unen-en-morelia-a-protestas-por-el-asesinato-de-ruben-espinosa-becerril\/","url_meta":{"origin":5421,"position":0},"title":"Se unen en Morelia a protestas por el asesinato de Rub\u00e9n Espinosa Becerril","author":"Admin","date":"3 agosto, 2015","format":false,"excerpt":"\u201cNo m\u00e1s asesinatos de periodistas\u201d, se lee en la cartulina que se expuso en un evento del CMIC Morelia, Michoac\u00e1n (MiMorelia.com).- Reporteros de Michoac\u00e1n se suman a las protestas por el asesinato del fotoperiodista Rub\u00e9n Espinosa Becerril, quien fue encontrado muerto el pasado viernes junto con otras cuatro personas en\u2026","rel":"","context":"En &quot;CINTILLO&quot;","block_context":{"text":"CINTILLO","link":"https:\/\/www.grieta.org.mx\/index.php\/category\/cintillo\/"},"img":{"alt_text":"","src":"https:\/\/i0.wp.com\/www.grieta.org.mx\/wp-content\/uploads\/2018\/03\/14524434_1106112876131411_958039263622046936_o.jpg?resize=350%2C200&ssl=1","width":350,"height":200,"srcset":"https:\/\/i0.wp.com\/www.grieta.org.mx\/wp-content\/uploads\/2018\/03\/14524434_1106112876131411_958039263622046936_o.jpg?resize=350%2C200&ssl=1 1x, https:\/\/i0.wp.com\/www.grieta.org.mx\/wp-content\/uploads\/2018\/03\/14524434_1106112876131411_958039263622046936_o.jpg?resize=525%2C300&ssl=1 1.5x, https:\/\/i0.wp.com\/www.grieta.org.mx\/wp-content\/uploads\/2018\/03\/14524434_1106112876131411_958039263622046936_o.jpg?resize=700%2C400&ssl=1 2x"},"classes":[]},{"id":1715,"url":"https:\/\/www.grieta.org.mx\/index.php\/2016\/02\/11\/exigen-en-oaxaca-cesen-asesinatos-de-comunicadores\/","url_meta":{"origin":5421,"position":1},"title":"Exigen en Oaxaca cesen asesinatos de comunicadores","author":"grieta","date":"11 febrero, 2016","format":false,"excerpt":"Noticias Net. Yuri Sosa, Oaxaca de Ju\u00e1rez.- Periodistas de Oaxaca y corresponsales de medios nacionales protestaron frente al antiguo Templo de Santo Domingo de Guzm\u00e1n en el centro de esta ciudad la noche de este jueves, para exigir a las autoridades federal y estatal el esclarecimiento de los diversos cr\u00edmenes\u2026","rel":"","context":"En &quot;CINTILLO&quot;","block_context":{"text":"CINTILLO","link":"https:\/\/www.grieta.org.mx\/index.php\/category\/cintillo\/"},"img":{"alt_text":"","src":"https:\/\/i0.wp.com\/www.grieta.org.mx\/wp-content\/uploads\/2018\/03\/14524434_1106112876131411_958039263622046936_o.jpg?resize=350%2C200&ssl=1","width":350,"height":200,"srcset":"https:\/\/i0.wp.com\/www.grieta.org.mx\/wp-content\/uploads\/2018\/03\/14524434_1106112876131411_958039263622046936_o.jpg?resize=350%2C200&ssl=1 1x, https:\/\/i0.wp.com\/www.grieta.org.mx\/wp-content\/uploads\/2018\/03\/14524434_1106112876131411_958039263622046936_o.jpg?resize=525%2C300&ssl=1 1.5x, https:\/\/i0.wp.com\/www.grieta.org.mx\/wp-content\/uploads\/2018\/03\/14524434_1106112876131411_958039263622046936_o.jpg?resize=700%2C400&ssl=1 2x"},"classes":[]},{"id":402,"url":"https:\/\/www.grieta.org.mx\/index.php\/2015\/08\/06\/reporteros-del-valle-de-mexico-realizan-velada-en-protesta-por-el-asesinato-de-ruben-espinosa\/","url_meta":{"origin":5421,"position":2},"title":"Reporteros del Valle de M\u00e9xico realizan velada en protesta por el asesinato de Rub\u00e9n Espinosa","author":"grieta","date":"6 agosto, 2015","format":false,"excerpt":"Ecatepec, Edomex.- Reporteros de la zona metropolitana lanzaron un exhorto a las autoridades federales y de las diversas entidades del pa\u00eds a trabajar en el esclarecimiento de los m\u00e1s de 88 cr\u00edmenes que se ha cometido en contra de periodistas en M\u00e9xico del a\u00f1o 2000 a la fecha, y que\u2026","rel":"","context":"En &quot;CINTILLO&quot;","block_context":{"text":"CINTILLO","link":"https:\/\/www.grieta.org.mx\/index.php\/category\/cintillo\/"},"img":{"alt_text":"","src":"https:\/\/i0.wp.com\/www.grieta.org.mx\/wp-content\/uploads\/2018\/03\/14524434_1106112876131411_958039263622046936_o.jpg?resize=350%2C200&ssl=1","width":350,"height":200,"srcset":"https:\/\/i0.wp.com\/www.grieta.org.mx\/wp-content\/uploads\/2018\/03\/14524434_1106112876131411_958039263622046936_o.jpg?resize=350%2C200&ssl=1 1x, https:\/\/i0.wp.com\/www.grieta.org.mx\/wp-content\/uploads\/2018\/03\/14524434_1106112876131411_958039263622046936_o.jpg?resize=525%2C300&ssl=1 1.5x, https:\/\/i0.wp.com\/www.grieta.org.mx\/wp-content\/uploads\/2018\/03\/14524434_1106112876131411_958039263622046936_o.jpg?resize=700%2C400&ssl=1 2x"},"classes":[]},{"id":1735,"url":"https:\/\/www.grieta.org.mx\/index.php\/2015\/07\/03\/en-una-semana-tres-periodistas-fueron-asesinados-en-mexico\/","url_meta":{"origin":5421,"position":3},"title":"En una semana, tres periodistas fueron asesinados en M\u00e9xico","author":"grieta","date":"3 julio, 2015","format":false,"excerpt":"Reporteros Sin Fronteras, Oaxaca Filadelfo S\u00e1nchez Sarmiento trabajaba en la estaci\u00f3n de radio local La Favorita 103.3 FM. El 6 de junio, en pleno periodo electoral, el periodista denunci\u00f3 en su cuenta de Facebook que hab\u00eda recibido amenazas: \u201cOtra vez las amenazas de muerte hacia mi persona y de quemar\u2026","rel":"","context":"En &quot;CINTILLO&quot;","block_context":{"text":"CINTILLO","link":"https:\/\/www.grieta.org.mx\/index.php\/category\/cintillo\/"},"img":{"alt_text":"","src":"https:\/\/i0.wp.com\/www.grieta.org.mx\/wp-content\/uploads\/2018\/03\/14524434_1106112876131411_958039263622046936_o.jpg?resize=350%2C200&ssl=1","width":350,"height":200,"srcset":"https:\/\/i0.wp.com\/www.grieta.org.mx\/wp-content\/uploads\/2018\/03\/14524434_1106112876131411_958039263622046936_o.jpg?resize=350%2C200&ssl=1 1x, https:\/\/i0.wp.com\/www.grieta.org.mx\/wp-content\/uploads\/2018\/03\/14524434_1106112876131411_958039263622046936_o.jpg?resize=525%2C300&ssl=1 1.5x, https:\/\/i0.wp.com\/www.grieta.org.mx\/wp-content\/uploads\/2018\/03\/14524434_1106112876131411_958039263622046936_o.jpg?resize=700%2C400&ssl=1 2x"},"classes":[]},{"id":8918,"url":"https:\/\/www.grieta.org.mx\/index.php\/2015\/08\/03\/repudian-periodistas-michoacanos-el-asesinato-de-ruben-espinosa\/","url_meta":{"origin":5421,"position":4},"title":"Repudian periodistas michoacanos el asesinato de Rub\u00e9n Espinosa","author":"Admin","date":"3 agosto, 2015","format":false,"excerpt":"Tanto reporteros gr\u00e1ficos, as\u00ed como escritos exigieron adem\u00e1s un alto definitivo a las agresiones y asesinatos contra periodistas Por Carlos Arrieta Corresponsal Michoac\u00e1n.- De espaldas hacia la clase pol\u00edtica en los eventos convocados para este lunes y con pancartas, fue la manera en la que levantaron la voz los periodistas\u2026","rel":"","context":"En &quot;CINTILLO&quot;","block_context":{"text":"CINTILLO","link":"https:\/\/www.grieta.org.mx\/index.php\/category\/cintillo\/"},"img":{"alt_text":"","src":"https:\/\/i0.wp.com\/www.grieta.org.mx\/wp-content\/uploads\/2018\/03\/14524434_1106112876131411_958039263622046936_o.jpg?resize=350%2C200&ssl=1","width":350,"height":200,"srcset":"https:\/\/i0.wp.com\/www.grieta.org.mx\/wp-content\/uploads\/2018\/03\/14524434_1106112876131411_958039263622046936_o.jpg?resize=350%2C200&ssl=1 1x, https:\/\/i0.wp.com\/www.grieta.org.mx\/wp-content\/uploads\/2018\/03\/14524434_1106112876131411_958039263622046936_o.jpg?resize=525%2C300&ssl=1 1.5x, https:\/\/i0.wp.com\/www.grieta.org.mx\/wp-content\/uploads\/2018\/03\/14524434_1106112876131411_958039263622046936_o.jpg?resize=700%2C400&ssl=1 2x"},"classes":[]},{"id":40978,"url":"https:\/\/www.grieta.org.mx\/index.php\/2019\/11\/04\/oaxaca-mortal-para-periodistas\/","url_meta":{"origin":5421,"position":5},"title":"Oaxaca, mortal para periodistas","author":"grieta","date":"4 noviembre, 2019","format":false,"excerpt":"Noticias \/ Luis Ignacio. La entidad se encuentra entre los 5 estados m\u00e1s peligrosos para los comunicadores. El Mecanismo para la Protecci\u00f3n de Personas Defensoras de Derechos Humanos y Periodistas inform\u00f3 que en Oaxaca y en otros cuatro estados se concentra el mayor n\u00famero de homicidios contra comunicadores en M\u00e9xico.\u2026","rel":"","context":"En &quot;CINTILLO&quot;","block_context":{"text":"CINTILLO","link":"https:\/\/www.grieta.org.mx\/index.php\/category\/cintillo\/"},"img":{"alt_text":"","src":"https:\/\/i0.wp.com\/www.grieta.org.mx\/wp-content\/uploads\/2019\/11\/periodistas_1.jpg?resize=350%2C200&ssl=1","width":350,"height":200,"srcset":"https:\/\/i0.wp.com\/www.grieta.org.mx\/wp-content\/uploads\/2019\/11\/periodistas_1.jpg?resize=350%2C200&ssl=1 1x, https:\/\/i0.wp.com\/www.grieta.org.mx\/wp-content\/uploads\/2019\/11\/periodistas_1.jpg?resize=525%2C300&ssl=1 1.5x, https:\/\/i0.wp.com\/www.grieta.org.mx\/wp-content\/uploads\/2019\/11\/periodistas_1.jpg?resize=700%2C400&ssl=1 2x, https:\/\/i0.wp.com\/www.grieta.org.mx\/wp-content\/uploads\/2019\/11\/periodistas_1.jpg?resize=1050%2C600&ssl=1 3x"},"classes":[]}],"_links":{"self":[{"href":"https:\/\/www.grieta.org.mx\/index.php\/wp-json\/wp\/v2\/posts\/5421","targetHints":{"allow":["GET"]}}],"collection":[{"href":"https:\/\/www.grieta.org.mx\/index.php\/wp-json\/wp\/v2\/posts"}],"about":[{"href":"https:\/\/www.grieta.org.mx\/index.php\/wp-json\/wp\/v2\/types\/post"}],"author":[{"embeddable":true,"href":"https:\/\/www.grieta.org.mx\/index.php\/wp-json\/wp\/v2\/users\/2"}],"replies":[{"embeddable":true,"href":"https:\/\/www.grieta.org.mx\/index.php\/wp-json\/wp\/v2\/comments?post=5421"}],"version-history":[{"count":1,"href":"https:\/\/www.grieta.org.mx\/index.php\/wp-json\/wp\/v2\/posts\/5421\/revisions"}],"predecessor-version":[{"id":23667,"href":"https:\/\/www.grieta.org.mx\/index.php\/wp-json\/wp\/v2\/posts\/5421\/revisions\/23667"}],"wp:featuredmedia":[{"embeddable":true,"href":"https:\/\/www.grieta.org.mx\/index.php\/wp-json\/wp\/v2\/media\/21928"}],"wp:attachment":[{"href":"https:\/\/www.grieta.org.mx\/index.php\/wp-json\/wp\/v2\/media?parent=5421"}],"wp:term":[{"taxonomy":"category","embeddable":true,"href":"https:\/\/www.grieta.org.mx\/index.php\/wp-json\/wp\/v2\/categories?post=5421"},{"taxonomy":"post_tag","embeddable":true,"href":"https:\/\/www.grieta.org.mx\/index.php\/wp-json\/wp\/v2\/tags?post=5421"}],"curies":[{"name":"wp","href":"https:\/\/api.w.org\/{rel}","templated":true}]}}