{"id":54206,"date":"2020-10-14T12:12:09","date_gmt":"2020-10-14T17:12:09","guid":{"rendered":"http:\/\/www.grieta.org.mx\/?p=54206"},"modified":"2020-10-14T12:16:04","modified_gmt":"2020-10-14T17:16:04","slug":"parques-eolicos-causaron-las-inundaciones-afirman-ejidatarios-de-ixil-yucatan","status":"publish","type":"post","link":"https:\/\/www.grieta.org.mx\/index.php\/2020\/10\/14\/parques-eolicos-causaron-las-inundaciones-afirman-ejidatarios-de-ixil-yucatan\/","title":{"rendered":"\u201cParques e\u00f3licos causaron las inundaciones\u201d, afirman ejidatarios de Ixil (Yucat\u00e1n)"},"content":{"rendered":"<p><img loading=\"lazy\" decoding=\"async\" data-attachment-id=\"54207\" data-permalink=\"https:\/\/www.grieta.org.mx\/index.php\/2020\/10\/14\/parques-eolicos-causaron-las-inundaciones-afirman-ejidatarios-de-ixil-yucatan\/ceciliocisneros\/\" data-orig-file=\"https:\/\/www.grieta.org.mx\/wp-content\/uploads\/2020\/10\/CecilioCisneros.png\" data-orig-size=\"347,594\" data-comments-opened=\"0\" data-image-meta=\"{&quot;aperture&quot;:&quot;0&quot;,&quot;credit&quot;:&quot;&quot;,&quot;camera&quot;:&quot;&quot;,&quot;caption&quot;:&quot;&quot;,&quot;created_timestamp&quot;:&quot;0&quot;,&quot;copyright&quot;:&quot;&quot;,&quot;focal_length&quot;:&quot;0&quot;,&quot;iso&quot;:&quot;0&quot;,&quot;shutter_speed&quot;:&quot;0&quot;,&quot;title&quot;:&quot;&quot;,&quot;orientation&quot;:&quot;0&quot;}\" data-image-title=\"CecilioCisneros\" data-image-description=\"\" data-image-caption=\"\" data-medium-file=\"https:\/\/www.grieta.org.mx\/wp-content\/uploads\/2020\/10\/CecilioCisneros-175x300.png\" data-large-file=\"https:\/\/www.grieta.org.mx\/wp-content\/uploads\/2020\/10\/CecilioCisneros.png\" src=\"http:\/\/www.grieta.org.mx\/wp-content\/uploads\/2020\/10\/CecilioCisneros.png\" alt=\"\" width=\"347\" height=\"594\" class=\"alignnone size-full wp-image-54207\" srcset=\"https:\/\/www.grieta.org.mx\/wp-content\/uploads\/2020\/10\/CecilioCisneros.png 347w, https:\/\/www.grieta.org.mx\/wp-content\/uploads\/2020\/10\/CecilioCisneros-175x300.png 175w, https:\/\/www.grieta.org.mx\/wp-content\/uploads\/2020\/10\/CecilioCisneros-292x500.png 292w\" sizes=\"auto, (max-width: 347px) 100vw, 347px\" \/><\/p>\n<p>MayaPolitikon<br \/>\n\u201cTengo sesenta a\u00f1os y jam\u00e1s hab\u00eda visto inundaciones como estas que padecemos hoy\u201d, dice Cecilio Cisneros, un ejidatario de Ixil cuyo comisariado encabeza la resistencia a la entrada de parques e\u00f3licos en el territorio.<\/p>\n<p>\u00bf\u201dHacia d\u00f3nde quieren que corra el agua, si le han bloqueado el paso hacia la costa?\u201d, se pregunta. Y advierte: \u201cEsto es s\u00f3lo el comienzo: pronto nos va a llegar el agua salada\u201d.<\/p>\n<p>Seg\u00fan Cecilio, que dirige el Consejo de Vigilancia del ejido, la construcci\u00f3n del parque e\u00f3lico de Progreso ha causado un enorme da\u00f1o al comportamiento natural de las aguas. Ahora las aguas se estancan y empeoran las inundaciones. \u201cRevisa internet. Hay videos donde se ve lo que le hicieron al suelo\u201d, dice.<\/p>\n<p>\u201cVimos lluvias intensas con Gilberto, con Isidoro y Wilma, y si bien hubo inundaciones estas desaparecieron r\u00e1pidamente\u201d, cuenta Cecilio durante una conversaci\u00f3n telef\u00f3nica.<\/p>\n<p>Es \u00e9ste un aspecto de la problem\u00e1tica  que plantea su ejido en un documento entregado el lunes 12 pasado en la Unidad de enlace federal y coordinaci\u00f3n con entidades federativas, Yucat\u00e1n. \u201cAhora en ixil, gracias a estos acaparadores que han vendido a empresas e\u00f3licas, entre otras m\u00e1s; gracias a sus parques e\u00f3licos que bloquean las corrientes de agua existentes en el subsuelo, evitando el flujo y salidas del agua, lugares como Ixil quedan inundados. L\u00f3gicamente, el agua no tiene libre paso en nuestro subsuelo qued\u00e1ndose estancada en zonas bajas como Ixil; nuestro pueblo y nuestra gente est\u00e1 pagando las consecuencias de ello\u201d.<\/p>\n<p>Una docena de comisariados entregaron en el mal llamado D\u00eda de la Raza sendos documentos en la Subsecretar\u00eda precitada, y cada cual explica los problemas que afrontan sus ejidos y que no son atendidos como debe ser.<\/p>\n<p>Durante toda la conversaci\u00f3n, el interlocutor de Mayapolitikon se mantuvo en su hamaca porque bajar de ella es peligroso. El agua en su casa, dice, alcanzaba esta tarde unos 15 cm (\u201cya baj\u00f3\u201d) pero salir a la calle es casi imposible.<\/p>\n<p>Como muchas comunidades de Yucatan, Ixil se inund\u00f3 a causa de las lluvias de Delta durante su paso por la Pen\u00ednsula. En algunos lugares de Ixil el agua alcanz\u00f3 hasta un metro de altura, seg\u00fan testimonios de lugare\u00f1os.<\/p>\n<p>Cecilio Cisneros creci\u00f3 en Ixil y conoce el territorio como la palma de su mano. Es testigo desde hace casi una d\u00e9cada c\u00f3mo el ejido a sido jaloneado por los intereses de los especuladores de tierras. A\u00fan hoy d\u00eda es una visita indeseable en las oficinas del Registro Agrario Nacional porque no permite que sea subestimado por los funcionarios.<\/p>\n<p><img loading=\"lazy\" decoding=\"async\" data-attachment-id=\"54208\" data-permalink=\"https:\/\/www.grieta.org.mx\/index.php\/2020\/10\/14\/parques-eolicos-causaron-las-inundaciones-afirman-ejidatarios-de-ixil-yucatan\/doc-enlace\/\" data-orig-file=\"https:\/\/www.grieta.org.mx\/wp-content\/uploads\/2020\/10\/doc-enlace.jpeg\" data-orig-size=\"580,832\" data-comments-opened=\"0\" data-image-meta=\"{&quot;aperture&quot;:&quot;0&quot;,&quot;credit&quot;:&quot;&quot;,&quot;camera&quot;:&quot;&quot;,&quot;caption&quot;:&quot;&quot;,&quot;created_timestamp&quot;:&quot;0&quot;,&quot;copyright&quot;:&quot;&quot;,&quot;focal_length&quot;:&quot;0&quot;,&quot;iso&quot;:&quot;0&quot;,&quot;shutter_speed&quot;:&quot;0&quot;,&quot;title&quot;:&quot;&quot;,&quot;orientation&quot;:&quot;1&quot;}\" data-image-title=\"doc-enlace\" data-image-description=\"\" data-image-caption=\"\" data-medium-file=\"https:\/\/www.grieta.org.mx\/wp-content\/uploads\/2020\/10\/doc-enlace-209x300.jpeg\" data-large-file=\"https:\/\/www.grieta.org.mx\/wp-content\/uploads\/2020\/10\/doc-enlace.jpeg\" src=\"http:\/\/www.grieta.org.mx\/wp-content\/uploads\/2020\/10\/doc-enlace.jpeg\" alt=\"\" width=\"580\" height=\"832\" class=\"alignnone size-full wp-image-54208\" srcset=\"https:\/\/www.grieta.org.mx\/wp-content\/uploads\/2020\/10\/doc-enlace.jpeg 580w, https:\/\/www.grieta.org.mx\/wp-content\/uploads\/2020\/10\/doc-enlace-209x300.jpeg 209w, https:\/\/www.grieta.org.mx\/wp-content\/uploads\/2020\/10\/doc-enlace-349x500.jpeg 349w\" sizes=\"auto, (max-width: 580px) 100vw, 580px\" \/><\/p>\n<p><a href=\"https:\/\/mayapolitikon.com\/inundaciones-ixil\/\" rel=\"noopener noreferrer\" target=\"_blank\">https:\/\/mayapolitikon.com\/inundaciones-ixil\/<\/a><\/p>\n","protected":false},"excerpt":{"rendered":"<p>MayaPolitikon \u201cTengo sesenta a\u00f1os y jam\u00e1s hab\u00eda visto inundaciones como estas que padecemos hoy\u201d, dice Cecilio Cisneros, un ejidatario de Ixil cuyo comisariado encabeza la resistencia a la entrada de &hellip; <a href=\"https:\/\/www.grieta.org.mx\/index.php\/2020\/10\/14\/parques-eolicos-causaron-las-inundaciones-afirman-ejidatarios-de-ixil-yucatan\/\" class=\"more-link\">Leer m\u00e1s<\/a><\/p>\n","protected":false},"author":2,"featured_media":54207,"comment_status":"closed","ping_status":"closed","sticky":false,"template":"","format":"standard","meta":{"ngg_post_thumbnail":0,"_jetpack_newsletter_access":"","_jetpack_dont_email_post_to_subs":false,"_jetpack_newsletter_tier_id":0,"_jetpack_memberships_contains_paywalled_content":false,"_jetpack_memberships_contains_paid_content":false,"footnotes":""},"categories":[80,3671,3,922,952,2,540,37,1051,1058,1071,36],"tags":[881,516],"class_list":["post-54206","post","type-post","status-publish","format-standard","has-post-thumbnail","hentry","category-cintillo","category-conflictos-por-drenaje-e-inundaciones-en-yucatan","category-megaproyectos","category-megaproyectos-estados","category-mp-yucatan","category-noticias-nacionales","category-parque-eolico-dzilam-de-bravo-yucatan","category-parques-eolicos","category-parques-eolicos-y-solares-en-yucatan","category-parques-eolicos-y-solares-en-yucatan-mp-yucatan","category-resistencia-al-despojo-de-tierras-ejidales-en-yucatan","category-yucatan","tag-inundaciones","tag-parques-eolicos","entry"],"jetpack_featured_media_url":"https:\/\/www.grieta.org.mx\/wp-content\/uploads\/2020\/10\/CecilioCisneros.png","jetpack_sharing_enabled":true,"jetpack_shortlink":"https:\/\/wp.me\/p7ZJR4-e6i","jetpack_likes_enabled":false,"jetpack-related-posts":[{"id":6189,"url":"https:\/\/www.grieta.org.mx\/index.php\/2016\/08\/29\/avanzan-proyectos-de-parques-eolicos-en-yucatan\/","url_meta":{"origin":54206,"position":0},"title":"Avanzan proyectos de parques e\u00f3licos en Yucat\u00e1n","author":"grieta","date":"29 agosto, 2016","format":false,"excerpt":"29\/08\/16. Sorpresa en obra e\u00f3lica (Yucat\u00e1n) Diario de Yucat\u00e1n 11\/06\/16. En Yucat\u00e1n, empresas de energ\u00eda e\u00f3lica obtendr\u00e1n cr\u00e9ditos hipotecando tierras mayas Mayapolitikon 31\/03\/16. Motul y Ticul \u201cacaparan\u201d parques e\u00f3licos y solares en Yucat\u00e1n Mayapolitikon 03\/12\/15. Pronto nuevo parque e\u00f3lico Diario de Yucat\u00e1n 23\/10\/15. Primer parque e\u00f3lico de Yucat\u00e1n 'alimentar\u00e1' todos\u2026","rel":"","context":"En &quot;16. Pueblo Maya&quot;","block_context":{"text":"16. Pueblo Maya","link":"https:\/\/www.grieta.org.mx\/index.php\/category\/espejos-de-la-resistencia\/16-pueblo-maya\/"},"img":{"alt_text":"","src":"https:\/\/i0.wp.com\/www.grieta.org.mx\/wp-content\/uploads\/2018\/03\/14524434_1106112876131411_958039263622046936_o.jpg?resize=350%2C200&ssl=1","width":350,"height":200,"srcset":"https:\/\/i0.wp.com\/www.grieta.org.mx\/wp-content\/uploads\/2018\/03\/14524434_1106112876131411_958039263622046936_o.jpg?resize=350%2C200&ssl=1 1x, https:\/\/i0.wp.com\/www.grieta.org.mx\/wp-content\/uploads\/2018\/03\/14524434_1106112876131411_958039263622046936_o.jpg?resize=525%2C300&ssl=1 1.5x, https:\/\/i0.wp.com\/www.grieta.org.mx\/wp-content\/uploads\/2018\/03\/14524434_1106112876131411_958039263622046936_o.jpg?resize=700%2C400&ssl=1 2x"},"classes":[]},{"id":39054,"url":"https:\/\/www.grieta.org.mx\/index.php\/2019\/09\/08\/parques-eolicos-y-solares-un-riesgo-regional-yucatan\/","url_meta":{"origin":54206,"position":1},"title":"Parques e\u00f3licos y solares, un riesgo regional (Yucat\u00e1n)","author":"grieta","date":"8 septiembre, 2019","format":false,"excerpt":"Estos megaproyectos se levantan a pesar de que no se realiz\u00f3 una evaluaci\u00f3n regional de las afectaciones ambientales y conflictos sociales que provocan en la Pen\u00ednsula de Yucat\u00e1n. Por Herbeth Escalante\/Fotograf\u00eda de Cuauht\u00e9moc Moreno\/Haz ruido M\u00e9rida, Yucat\u00e1n.- Investigadores de la asociaci\u00f3n Articulaci\u00f3n Yucat\u00e1n insisten en que la instalaci\u00f3n de m\u00e1s\u2026","rel":"","context":"En &quot;CINTILLO&quot;","block_context":{"text":"CINTILLO","link":"https:\/\/www.grieta.org.mx\/index.php\/category\/cintillo\/"},"img":{"alt_text":"","src":"https:\/\/i0.wp.com\/www.grieta.org.mx\/wp-content\/uploads\/2019\/09\/parque-eolico-560x416.jpg?resize=350%2C200&ssl=1","width":350,"height":200,"srcset":"https:\/\/i0.wp.com\/www.grieta.org.mx\/wp-content\/uploads\/2019\/09\/parque-eolico-560x416.jpg?resize=350%2C200&ssl=1 1x, https:\/\/i0.wp.com\/www.grieta.org.mx\/wp-content\/uploads\/2019\/09\/parque-eolico-560x416.jpg?resize=525%2C300&ssl=1 1.5x"},"classes":[]},{"id":30641,"url":"https:\/\/www.grieta.org.mx\/index.php\/2019\/03\/11\/energias-limpias-con-procedimientos-puercos-en-yucatan\/","url_meta":{"origin":54206,"position":2},"title":"\u2018Energ\u00edas limpias\u2019 con procedimientos puercos en Yucat\u00e1n","author":"grieta","date":"11 marzo, 2019","format":false,"excerpt":"Yucat\u00e1n Ahora Representantes ejidales de Valladolid, Sinanch\u00e9, Muna e Ixil declararon que promotores de empresas fotovoltaicas y e\u00f3licas que pretenden instalarse en Yucat\u00e1n los han despojado de sus tierras bajo enga\u00f1os. En conferencia de prensa, los afectados informaron que han este estos hechos han interpuesto demandas ante el Tribunal Agrario\u2026","rel":"","context":"En &quot;16. Pueblo Maya&quot;","block_context":{"text":"16. Pueblo Maya","link":"https:\/\/www.grieta.org.mx\/index.php\/category\/espejos-de-la-resistencia\/16-pueblo-maya\/"},"img":{"alt_text":"","src":"https:\/\/i0.wp.com\/www.grieta.org.mx\/wp-content\/uploads\/2019\/03\/EnergiasLimpiasProcedimientosPuercos.png?resize=350%2C200&ssl=1","width":350,"height":200,"srcset":"https:\/\/i0.wp.com\/www.grieta.org.mx\/wp-content\/uploads\/2019\/03\/EnergiasLimpiasProcedimientosPuercos.png?resize=350%2C200&ssl=1 1x, https:\/\/i0.wp.com\/www.grieta.org.mx\/wp-content\/uploads\/2019\/03\/EnergiasLimpiasProcedimientosPuercos.png?resize=525%2C300&ssl=1 1.5x, https:\/\/i0.wp.com\/www.grieta.org.mx\/wp-content\/uploads\/2019\/03\/EnergiasLimpiasProcedimientosPuercos.png?resize=700%2C400&ssl=1 2x, https:\/\/i0.wp.com\/www.grieta.org.mx\/wp-content\/uploads\/2019\/03\/EnergiasLimpiasProcedimientosPuercos.png?resize=1050%2C600&ssl=1 3x"},"classes":[]},{"id":39859,"url":"https:\/\/www.grieta.org.mx\/index.php\/2019\/09\/29\/detengan-la-tala-de-la-selva-maya-piden-universitarios-de-san-francisco-california\/","url_meta":{"origin":54206,"position":3},"title":"Detengan la tala de la selva maya, piden universitarios de San Francisco, California","author":"grieta","date":"29 septiembre, 2019","format":false,"excerpt":"Mayapolitikon Estudiantes y profesores del City College de San Francisco, California, exhortaron al gobierno mexicano y a otros a detener la destrucci\u00f3n de los montes de Yucat\u00e1n con la instalaci\u00f3n de megaproyectos. \u201cEscribimos en apoyo a los activistas mayas quienes se oponen a la destrucci\u00f3n causada por el tren maya,\u2026","rel":"","context":"En &quot;Campeche&quot;","block_context":{"text":"Campeche","link":"https:\/\/www.grieta.org.mx\/index.php\/category\/noticias-nacionales\/campeche\/"},"img":{"alt_text":"","src":"https:\/\/i0.wp.com\/www.grieta.org.mx\/wp-content\/uploads\/2019\/10\/pedrousa-e1570060783615.jpg?resize=350%2C200&ssl=1","width":350,"height":200,"srcset":"https:\/\/i0.wp.com\/www.grieta.org.mx\/wp-content\/uploads\/2019\/10\/pedrousa-e1570060783615.jpg?resize=350%2C200&ssl=1 1x, https:\/\/i0.wp.com\/www.grieta.org.mx\/wp-content\/uploads\/2019\/10\/pedrousa-e1570060783615.jpg?resize=525%2C300&ssl=1 1.5x, https:\/\/i0.wp.com\/www.grieta.org.mx\/wp-content\/uploads\/2019\/10\/pedrousa-e1570060783615.jpg?resize=700%2C400&ssl=1 2x"},"classes":[]},{"id":35945,"url":"https:\/\/www.grieta.org.mx\/index.php\/2019\/07\/05\/expansion-de-megaproyectos-en-la-peninsula-de-yucatan-video\/","url_meta":{"origin":54206,"position":4},"title":"Expansi\u00f3n de Megaproyectos en la Pen\u00ednsula de Yucat\u00e1n (Video)","author":"grieta","date":"5 julio, 2019","format":false,"excerpt":"https:\/\/youtu.be\/qLBARIAaBsI","rel":"","context":"En &quot;Campeche&quot;","block_context":{"text":"Campeche","link":"https:\/\/www.grieta.org.mx\/index.php\/category\/noticias-nacionales\/campeche\/"},"img":{"alt_text":"","src":"https:\/\/i0.wp.com\/img.youtube.com\/vi\/qLBARIAaBsI\/0.jpg?resize=350%2C200","width":350,"height":200},"classes":[]},{"id":55837,"url":"https:\/\/www.grieta.org.mx\/index.php\/2020\/12\/14\/sin-estudio-ambiental-regional-inauguran-parque-eolico-en-tizimin\/","url_meta":{"origin":54206,"position":5},"title":"Sin estudio ambiental regional, inauguran parque e\u00f3lico en Tizim\u00edn","author":"grieta","date":"14 diciembre, 2020","format":false,"excerpt":"Haz Ruido Adem\u00e1s, anunciaron la construcci\u00f3n de otro en esa misma localidad del oriente y Vila presume que est\u00e1n en puerta otros 24 megaproyectos en Yucat\u00e1n. Tizim\u00edn, Yucat\u00e1n, 14 de diciembre de 2020.-El gobernador Mauricio Vila Dosal inaugur\u00f3 oficialmente el Parque E\u00f3lico de Tizim\u00edn, en el que se invirtieron 150\u2026","rel":"","context":"En &quot;CINTILLO&quot;","block_context":{"text":"CINTILLO","link":"https:\/\/www.grieta.org.mx\/index.php\/category\/cintillo\/"},"img":{"alt_text":"","src":"https:\/\/i0.wp.com\/www.grieta.org.mx\/wp-content\/uploads\/2020\/12\/eolico-tizimin-e1608335952388.jpg?resize=350%2C200&ssl=1","width":350,"height":200,"srcset":"https:\/\/i0.wp.com\/www.grieta.org.mx\/wp-content\/uploads\/2020\/12\/eolico-tizimin-e1608335952388.jpg?resize=350%2C200&ssl=1 1x, https:\/\/i0.wp.com\/www.grieta.org.mx\/wp-content\/uploads\/2020\/12\/eolico-tizimin-e1608335952388.jpg?resize=525%2C300&ssl=1 1.5x, https:\/\/i0.wp.com\/www.grieta.org.mx\/wp-content\/uploads\/2020\/12\/eolico-tizimin-e1608335952388.jpg?resize=700%2C400&ssl=1 2x"},"classes":[]}],"_links":{"self":[{"href":"https:\/\/www.grieta.org.mx\/index.php\/wp-json\/wp\/v2\/posts\/54206","targetHints":{"allow":["GET"]}}],"collection":[{"href":"https:\/\/www.grieta.org.mx\/index.php\/wp-json\/wp\/v2\/posts"}],"about":[{"href":"https:\/\/www.grieta.org.mx\/index.php\/wp-json\/wp\/v2\/types\/post"}],"author":[{"embeddable":true,"href":"https:\/\/www.grieta.org.mx\/index.php\/wp-json\/wp\/v2\/users\/2"}],"replies":[{"embeddable":true,"href":"https:\/\/www.grieta.org.mx\/index.php\/wp-json\/wp\/v2\/comments?post=54206"}],"version-history":[{"count":1,"href":"https:\/\/www.grieta.org.mx\/index.php\/wp-json\/wp\/v2\/posts\/54206\/revisions"}],"predecessor-version":[{"id":54209,"href":"https:\/\/www.grieta.org.mx\/index.php\/wp-json\/wp\/v2\/posts\/54206\/revisions\/54209"}],"wp:featuredmedia":[{"embeddable":true,"href":"https:\/\/www.grieta.org.mx\/index.php\/wp-json\/wp\/v2\/media\/54207"}],"wp:attachment":[{"href":"https:\/\/www.grieta.org.mx\/index.php\/wp-json\/wp\/v2\/media?parent=54206"}],"wp:term":[{"taxonomy":"category","embeddable":true,"href":"https:\/\/www.grieta.org.mx\/index.php\/wp-json\/wp\/v2\/categories?post=54206"},{"taxonomy":"post_tag","embeddable":true,"href":"https:\/\/www.grieta.org.mx\/index.php\/wp-json\/wp\/v2\/tags?post=54206"}],"curies":[{"name":"wp","href":"https:\/\/api.w.org\/{rel}","templated":true}]}}