{"id":54174,"date":"2020-10-13T18:23:53","date_gmt":"2020-10-13T23:23:53","guid":{"rendered":"http:\/\/www.grieta.org.mx\/?p=54174"},"modified":"2020-10-13T23:45:04","modified_gmt":"2020-10-14T04:45:04","slug":"la-comunidad-otomi-de-la-ciudad-de-mexico-toma-las-instalaciones-del-inpi","status":"publish","type":"post","link":"https:\/\/www.grieta.org.mx\/index.php\/2020\/10\/13\/la-comunidad-otomi-de-la-ciudad-de-mexico-toma-las-instalaciones-del-inpi\/","title":{"rendered":"La comunidad Otom\u00ed de la Ciudad de M\u00e9xico toma las instalaciones del INPI"},"content":{"rendered":"<figure id=\"attachment_54178\" aria-describedby=\"caption-attachment-54178\" style=\"width: 600px\" class=\"wp-caption alignnone\"><img loading=\"lazy\" decoding=\"async\" data-attachment-id=\"54178\" data-permalink=\"https:\/\/www.grieta.org.mx\/index.php\/2020\/10\/13\/la-comunidad-otomi-de-la-ciudad-de-mexico-toma-las-instalaciones-del-inpi\/img_20201012_115801\/\" data-orig-file=\"https:\/\/www.grieta.org.mx\/wp-content\/uploads\/2020\/10\/IMG_20201012_115801.jpg\" data-orig-size=\"500,667\" data-comments-opened=\"0\" data-image-meta=\"{&quot;aperture&quot;:&quot;0&quot;,&quot;credit&quot;:&quot;&quot;,&quot;camera&quot;:&quot;&quot;,&quot;caption&quot;:&quot;&quot;,&quot;created_timestamp&quot;:&quot;0&quot;,&quot;copyright&quot;:&quot;&quot;,&quot;focal_length&quot;:&quot;0&quot;,&quot;iso&quot;:&quot;0&quot;,&quot;shutter_speed&quot;:&quot;0&quot;,&quot;title&quot;:&quot;&quot;,&quot;orientation&quot;:&quot;1&quot;}\" data-image-title=\"IMG_20201012_115801\" data-image-description=\"\" data-image-caption=\"&lt;p&gt;Foto: COlectivo Grieta. Carteles colgados en el \u00faltimo piso del INPI: Samir Flores y Emiliano Zapata&lt;\/p&gt;\n\" data-medium-file=\"https:\/\/www.grieta.org.mx\/wp-content\/uploads\/2020\/10\/IMG_20201012_115801-225x300.jpg\" data-large-file=\"https:\/\/www.grieta.org.mx\/wp-content\/uploads\/2020\/10\/IMG_20201012_115801.jpg\" class=\"wp-image-54178\" src=\"http:\/\/www.grieta.org.mx\/wp-content\/uploads\/2020\/10\/IMG_20201012_115801.jpg\" alt=\"\" width=\"600\" height=\"800\" srcset=\"https:\/\/www.grieta.org.mx\/wp-content\/uploads\/2020\/10\/IMG_20201012_115801.jpg 500w, https:\/\/www.grieta.org.mx\/wp-content\/uploads\/2020\/10\/IMG_20201012_115801-225x300.jpg 225w, https:\/\/www.grieta.org.mx\/wp-content\/uploads\/2020\/10\/IMG_20201012_115801-375x500.jpg 375w\" sizes=\"auto, (max-width: 600px) 100vw, 600px\" \/><figcaption id=\"caption-attachment-54178\" class=\"wp-caption-text\">Carteles colgados en el \u00faltimo piso del INPI: Samir Flores y Emiliano Zapata. Foto: Colectivo Grieta.<\/figcaption><\/figure>\n<p>Colectivo Grieta, 12 octubre de 2020<\/p>\n<p>En el marco de la &#8220;Jornada Nacional de Movilizaci\u00f3n en Defensa de la Madre Tierra, contra la guerra al EZLN, los pueblos y comunidades Ind\u00edgenas&#8221;, compa\u00f1eras y compa\u00f1eros de la comunidad Otom\u00ed de la Ciudad de M\u00e9xico acompa\u00f1adas por diversas organizaciones sociales, tomaron las instalaciones del Instituto Nacional de los Pueblos Ind\u00edgenas (INPI), sobre avenida Coyoac\u00e1n, exigiendo el cese a la guerra y hostigamiento en contra de las comunidades zapatistas y la soluci\u00f3n a la precaria situaci\u00f3n que vive la comunidad Otom\u00ed de la Ciudad de M\u00e9xico desde el sismo de 2017.<\/p>\n<figure id=\"attachment_54180\" aria-describedby=\"caption-attachment-54180\" style=\"width: 800px\" class=\"wp-caption alignnone\"><img loading=\"lazy\" decoding=\"async\" data-attachment-id=\"54180\" data-permalink=\"https:\/\/www.grieta.org.mx\/index.php\/2020\/10\/13\/la-comunidad-otomi-de-la-ciudad-de-mexico-toma-las-instalaciones-del-inpi\/befunky-collage\/\" data-orig-file=\"https:\/\/www.grieta.org.mx\/wp-content\/uploads\/2020\/10\/BeFunky-collage-scaled.jpg\" data-orig-size=\"2560,2560\" data-comments-opened=\"0\" data-image-meta=\"{&quot;aperture&quot;:&quot;0&quot;,&quot;credit&quot;:&quot;&quot;,&quot;camera&quot;:&quot;&quot;,&quot;caption&quot;:&quot;&quot;,&quot;created_timestamp&quot;:&quot;0&quot;,&quot;copyright&quot;:&quot;&quot;,&quot;focal_length&quot;:&quot;0&quot;,&quot;iso&quot;:&quot;0&quot;,&quot;shutter_speed&quot;:&quot;0&quot;,&quot;title&quot;:&quot;&quot;,&quot;orientation&quot;:&quot;1&quot;}\" data-image-title=\"im\u00e1genes INPI\" data-image-description=\"\" data-image-caption=\"&lt;p&gt;Fotos: Colectivo Grieta. Im\u00e1genes de toma del INPI.&lt;\/p&gt;\n\" data-medium-file=\"https:\/\/www.grieta.org.mx\/wp-content\/uploads\/2020\/10\/BeFunky-collage-300x300.jpg\" data-large-file=\"https:\/\/www.grieta.org.mx\/wp-content\/uploads\/2020\/10\/BeFunky-collage-1024x1024.jpg\" class=\"wp-image-54180\" src=\"http:\/\/www.grieta.org.mx\/wp-content\/uploads\/2020\/10\/BeFunky-collage-1024x1024.jpg\" alt=\"\" width=\"800\" height=\"800\" srcset=\"https:\/\/www.grieta.org.mx\/wp-content\/uploads\/2020\/10\/BeFunky-collage-1024x1024.jpg 1024w, https:\/\/www.grieta.org.mx\/wp-content\/uploads\/2020\/10\/BeFunky-collage-300x300.jpg 300w, https:\/\/www.grieta.org.mx\/wp-content\/uploads\/2020\/10\/BeFunky-collage-150x150.jpg 150w, https:\/\/www.grieta.org.mx\/wp-content\/uploads\/2020\/10\/BeFunky-collage-768x768.jpg 768w, https:\/\/www.grieta.org.mx\/wp-content\/uploads\/2020\/10\/BeFunky-collage-1536x1536.jpg 1536w, https:\/\/www.grieta.org.mx\/wp-content\/uploads\/2020\/10\/BeFunky-collage-2048x2048.jpg 2048w, https:\/\/www.grieta.org.mx\/wp-content\/uploads\/2020\/10\/BeFunky-collage-130x130.jpg 130w, https:\/\/www.grieta.org.mx\/wp-content\/uploads\/2020\/10\/BeFunky-collage-500x500.jpg 500w\" sizes=\"auto, (max-width: 800px) 100vw, 800px\" \/><figcaption id=\"caption-attachment-54180\" class=\"wp-caption-text\">Im\u00e1genes de la toma del INPI. Fotos: Colectivo Grieta.<\/figcaption><\/figure>\n<p>&nbsp;<\/p>\n<p>El INPI se cubri\u00f3 de mantas con los rostros del General Emiliano Zapata y del l\u00edder comunitario morelense Samir Flores Soberanes, asesinado el 20 de febrero de 2019; tambi\u00e9n mantas con los 7 principios del mandar obedeciendo. Una manta dec\u00eda: \u201cEl zapatismo no es partido, es un entero. Porque la dignidad no se negocia, no se vende, no se traiciona. \u00a1Fuera paramilitares de territorio zapatista!\u201d Las paredes del INPI se pintaron con demandas y consignas: \u201c528 a\u00f1os de despojo\u2026 NADA que celebrar! \u00a1Fuera paramilitares de Chiapas!\u201d y \u201cVivienda digna para la comunidad Otom\u00ed residente en la ciudad de M\u00e9xico!\u201d<\/p>\n<figure id=\"attachment_54195\" aria-describedby=\"caption-attachment-54195\" style=\"width: 800px\" class=\"wp-caption alignnone\"><img loading=\"lazy\" decoding=\"async\" data-attachment-id=\"54195\" data-permalink=\"https:\/\/www.grieta.org.mx\/index.php\/2020\/10\/13\/la-comunidad-otomi-de-la-ciudad-de-mexico-toma-las-instalaciones-del-inpi\/collage-2\/\" data-orig-file=\"https:\/\/www.grieta.org.mx\/wp-content\/uploads\/2020\/10\/collage-2-scaled.jpg\" data-orig-size=\"2560,2560\" data-comments-opened=\"0\" data-image-meta=\"{&quot;aperture&quot;:&quot;0&quot;,&quot;credit&quot;:&quot;&quot;,&quot;camera&quot;:&quot;&quot;,&quot;caption&quot;:&quot;&quot;,&quot;created_timestamp&quot;:&quot;0&quot;,&quot;copyright&quot;:&quot;&quot;,&quot;focal_length&quot;:&quot;0&quot;,&quot;iso&quot;:&quot;0&quot;,&quot;shutter_speed&quot;:&quot;0&quot;,&quot;title&quot;:&quot;&quot;,&quot;orientation&quot;:&quot;1&quot;}\" data-image-title=\"collage 2\" data-image-description=\"\" data-image-caption=\"&lt;p&gt;Fotos: Colectivo Grieta. Im\u00e1genes de la toma del INPI.&lt;\/p&gt;\n\" data-medium-file=\"https:\/\/www.grieta.org.mx\/wp-content\/uploads\/2020\/10\/collage-2-300x300.jpg\" data-large-file=\"https:\/\/www.grieta.org.mx\/wp-content\/uploads\/2020\/10\/collage-2-1024x1024.jpg\" class=\"wp-image-54195\" src=\"http:\/\/www.grieta.org.mx\/wp-content\/uploads\/2020\/10\/collage-2-1024x1024.jpg\" alt=\"\" width=\"800\" height=\"800\" srcset=\"https:\/\/www.grieta.org.mx\/wp-content\/uploads\/2020\/10\/collage-2-1024x1024.jpg 1024w, https:\/\/www.grieta.org.mx\/wp-content\/uploads\/2020\/10\/collage-2-300x300.jpg 300w, https:\/\/www.grieta.org.mx\/wp-content\/uploads\/2020\/10\/collage-2-150x150.jpg 150w, https:\/\/www.grieta.org.mx\/wp-content\/uploads\/2020\/10\/collage-2-768x768.jpg 768w, https:\/\/www.grieta.org.mx\/wp-content\/uploads\/2020\/10\/collage-2-1536x1536.jpg 1536w, https:\/\/www.grieta.org.mx\/wp-content\/uploads\/2020\/10\/collage-2-2048x2048.jpg 2048w, https:\/\/www.grieta.org.mx\/wp-content\/uploads\/2020\/10\/collage-2-130x130.jpg 130w, https:\/\/www.grieta.org.mx\/wp-content\/uploads\/2020\/10\/collage-2-500x500.jpg 500w\" sizes=\"auto, (max-width: 800px) 100vw, 800px\" \/><figcaption id=\"caption-attachment-54195\" class=\"wp-caption-text\">Im\u00e1genes de la toma del INPI. Fotos: Colectivo Grieta.<\/figcaption><\/figure>\n<p>El ambiente de la acci\u00f3n fue festivo, los colectivos y organizaciones montaron la mesa para la rueda de prensa, colgaron mantas que recuerdan a compa\u00f1eros desaparecidos, que rechazan la imposici\u00f3n de megaproyectos, y echaron a andar el sonido. La primera canci\u00f3n que son\u00f3 fue \u201cLa Maldici\u00f3n de Malinche\u201d en voz de Amparo Ochoa.<\/p>\n<p>La rueda de prensa comenz\u00f3 poco antes de las 13 hrs. Un compa\u00f1ero de la Coordinaci\u00f3n metropolitana anticapitalista y antipatriarcal present\u00f3 a las y los compa\u00f1eros que hablaron. Afirm\u00f3 que despu\u00e9s de 528 a\u00f1os de resistencia y rebeld\u00eda, a m\u00e1s de 5 siglos de desprecio y genocidio, de intento de eliminar la cultura, la lengua, tradiciones y vida de los pueblos originarios, decidieron tomar las instalaciones del INPI para que los escuchen.<\/p>\n<figure id=\"attachment_54182\" aria-describedby=\"caption-attachment-54182\" style=\"width: 800px\" class=\"wp-caption alignnone\"><img loading=\"lazy\" decoding=\"async\" data-attachment-id=\"54182\" data-permalink=\"https:\/\/www.grieta.org.mx\/index.php\/2020\/10\/13\/la-comunidad-otomi-de-la-ciudad-de-mexico-toma-las-instalaciones-del-inpi\/img_20201012_125210\/\" data-orig-file=\"https:\/\/www.grieta.org.mx\/wp-content\/uploads\/2020\/10\/IMG_20201012_125210-scaled.jpg\" data-orig-size=\"2560,1920\" data-comments-opened=\"0\" data-image-meta=\"{&quot;aperture&quot;:&quot;2.2&quot;,&quot;credit&quot;:&quot;&quot;,&quot;camera&quot;:&quot;FIG-LX3&quot;,&quot;caption&quot;:&quot;&quot;,&quot;created_timestamp&quot;:&quot;1602507131&quot;,&quot;copyright&quot;:&quot;&quot;,&quot;focal_length&quot;:&quot;3.46&quot;,&quot;iso&quot;:&quot;64&quot;,&quot;shutter_speed&quot;:&quot;0.008333&quot;,&quot;title&quot;:&quot;&quot;,&quot;orientation&quot;:&quot;1&quot;}\" data-image-title=\"Rueda de prensa 1\" data-image-description=\"\" data-image-caption=\"&lt;p&gt;Foto: Colectivo Grieta. Rueda de prensa de la toma del INPI&lt;\/p&gt;\n\" data-medium-file=\"https:\/\/www.grieta.org.mx\/wp-content\/uploads\/2020\/10\/IMG_20201012_125210-300x225.jpg\" data-large-file=\"https:\/\/www.grieta.org.mx\/wp-content\/uploads\/2020\/10\/IMG_20201012_125210-1024x768.jpg\" class=\"wp-image-54182\" src=\"http:\/\/www.grieta.org.mx\/wp-content\/uploads\/2020\/10\/IMG_20201012_125210-1024x768.jpg\" alt=\"\" width=\"800\" height=\"600\" srcset=\"https:\/\/www.grieta.org.mx\/wp-content\/uploads\/2020\/10\/IMG_20201012_125210-1024x768.jpg 1024w, https:\/\/www.grieta.org.mx\/wp-content\/uploads\/2020\/10\/IMG_20201012_125210-300x225.jpg 300w, https:\/\/www.grieta.org.mx\/wp-content\/uploads\/2020\/10\/IMG_20201012_125210-768x576.jpg 768w, https:\/\/www.grieta.org.mx\/wp-content\/uploads\/2020\/10\/IMG_20201012_125210-1536x1152.jpg 1536w, https:\/\/www.grieta.org.mx\/wp-content\/uploads\/2020\/10\/IMG_20201012_125210-2048x1536.jpg 2048w, https:\/\/www.grieta.org.mx\/wp-content\/uploads\/2020\/10\/IMG_20201012_125210-667x500.jpg 667w\" sizes=\"auto, (max-width: 800px) 100vw, 800px\" \/><figcaption id=\"caption-attachment-54182\" class=\"wp-caption-text\">Rueda de prensa de la toma del INPI. Foto: Colectivo Grieta.<\/figcaption><\/figure>\n<p>&nbsp;<\/p>\n<p>En la rueda de prensa hablaron: Mari Mej\u00eda, concejala del Concejo Ind\u00edgena de Gobierno del CNI por parte de la comunidad Otom\u00ed de la Ciudad de M\u00e9xico; Sarah Hern\u00e1ndez de Santiago Mexquititl\u00e1n, comunidad Otom\u00ed en Quer\u00e9taro; Isabel Valencia de la comunidad Otom\u00ed de la Ciudad de M\u00e9xico; y Filiberto Margarito, concejal de la comunidad Otom\u00ed de la Ciudad de M\u00e9xico.<\/p>\n<figure id=\"attachment_54183\" aria-describedby=\"caption-attachment-54183\" style=\"width: 800px\" class=\"wp-caption alignnone\"><img loading=\"lazy\" decoding=\"async\" data-attachment-id=\"54183\" data-permalink=\"https:\/\/www.grieta.org.mx\/index.php\/2020\/10\/13\/la-comunidad-otomi-de-la-ciudad-de-mexico-toma-las-instalaciones-del-inpi\/img_20201012_125335\/\" data-orig-file=\"https:\/\/www.grieta.org.mx\/wp-content\/uploads\/2020\/10\/IMG_20201012_125335-scaled.jpg\" data-orig-size=\"2560,1920\" data-comments-opened=\"0\" data-image-meta=\"{&quot;aperture&quot;:&quot;2.2&quot;,&quot;credit&quot;:&quot;&quot;,&quot;camera&quot;:&quot;FIG-LX3&quot;,&quot;caption&quot;:&quot;&quot;,&quot;created_timestamp&quot;:&quot;1602507217&quot;,&quot;copyright&quot;:&quot;&quot;,&quot;focal_length&quot;:&quot;3.46&quot;,&quot;iso&quot;:&quot;50&quot;,&quot;shutter_speed&quot;:&quot;0.004002&quot;,&quot;title&quot;:&quot;&quot;,&quot;orientation&quot;:&quot;1&quot;}\" data-image-title=\"Rueda de prensa 2\" data-image-description=\"\" data-image-caption=\"&lt;p&gt;Foto: Colectivo Grieta. Rueda de prensa durante toma del INPI&lt;\/p&gt;\n\" data-medium-file=\"https:\/\/www.grieta.org.mx\/wp-content\/uploads\/2020\/10\/IMG_20201012_125335-300x225.jpg\" data-large-file=\"https:\/\/www.grieta.org.mx\/wp-content\/uploads\/2020\/10\/IMG_20201012_125335-1024x768.jpg\" class=\"wp-image-54183\" src=\"http:\/\/www.grieta.org.mx\/wp-content\/uploads\/2020\/10\/IMG_20201012_125335-1024x768.jpg\" alt=\"\" width=\"800\" height=\"600\" srcset=\"https:\/\/www.grieta.org.mx\/wp-content\/uploads\/2020\/10\/IMG_20201012_125335-1024x768.jpg 1024w, https:\/\/www.grieta.org.mx\/wp-content\/uploads\/2020\/10\/IMG_20201012_125335-300x225.jpg 300w, https:\/\/www.grieta.org.mx\/wp-content\/uploads\/2020\/10\/IMG_20201012_125335-768x576.jpg 768w, https:\/\/www.grieta.org.mx\/wp-content\/uploads\/2020\/10\/IMG_20201012_125335-1536x1152.jpg 1536w, https:\/\/www.grieta.org.mx\/wp-content\/uploads\/2020\/10\/IMG_20201012_125335-2048x1536.jpg 2048w, https:\/\/www.grieta.org.mx\/wp-content\/uploads\/2020\/10\/IMG_20201012_125335-667x500.jpg 667w\" sizes=\"auto, (max-width: 800px) 100vw, 800px\" \/><figcaption id=\"caption-attachment-54183\" class=\"wp-caption-text\">Rueda de prensa durante toma del INPI. Foto: Colectivo Grieta.<\/figcaption><\/figure>\n<p>&nbsp;<\/p>\n<p>Mari Mej\u00eda empez\u00f3 su participaci\u00f3n en otom\u00ed. Despu\u00e9s tradujo al castellano. Dijo que hoy tomaban el INPI, como hace un a\u00f1o hab\u00edan salido a marchar, como hace 500 a\u00f1os resist\u00edan. Afirm\u00f3 que siempre que los pueblos originarios se manifiestan, los gobiernos en turno les prometen soluci\u00f3n. Pero todos mienten, nunca hay soluci\u00f3n, siguen viviendo en la calle. Afirm\u00f3 que no se van a ir del INPI hasta que se solucionen sus demandas. Exigi\u00f3 una mesa de di\u00e1logo con Claudia Sheinbaum (jefa de gobierno de la Ciudad de M\u00e9xico) y con Adelfo Regino (titular del INPI).<\/p>\n<p><iframe loading=\"lazy\" title=\"Maricela Meji\u0301a by Luis Flores\" width=\"1170\" height=\"400\" scrolling=\"no\" frameborder=\"no\" src=\"https:\/\/w.soundcloud.com\/player\/?visual=true&#038;url=https%3A%2F%2Fapi.soundcloud.com%2Ftracks%2F909979831&#038;show_artwork=true&#038;maxwidth=1170&#038;maxheight=1000&#038;dnt=1\"><\/iframe><\/p>\n<p>&nbsp;<\/p>\n<p>Por su parte, Isabel Valencia denunci\u00f3 c\u00f3mo el gobierno les est\u00e1 despojando de sus tierras con mentiras, y c\u00f3mo ellos est\u00e1n luchando por cuidar la madre tierra y por vivienda. Cont\u00f3 que en la lucha por vivienda, el gobierno siempre les da largas. Adem\u00e1s, afirm\u00f3 que Claudia Sheinbaum y Adelfo Regino dicen que \u00b4primero los pueblos\u00b4; pues ahora los pueblos les contestan: aqu\u00ed estamos los pueblos y no tenemos nada, no hay apoyo. Denunci\u00f3 que todo el dinero que tiene el gobierno lo invierte en sus megaproyectos de muerte, como el Tren Maya, pero cuando los pueblos piden ser escuchados, el gobierno los humilla, les quita sus celulares porque les dicen que no pueden grabar. Al igual que Mari Mej\u00eda, Isabel Valencia exigi\u00f3 el esclarecimiento del asesinato de Samir Flores.<\/p>\n<p><iframe loading=\"lazy\" title=\"Isabel Valencia by Luis Flores\" width=\"1170\" height=\"400\" scrolling=\"no\" frameborder=\"no\" src=\"https:\/\/w.soundcloud.com\/player\/?visual=true&#038;url=https%3A%2F%2Fapi.soundcloud.com%2Ftracks%2F910018156&#038;show_artwork=true&#038;maxwidth=1170&#038;maxheight=1000&#038;dnt=1\"><\/iframe><\/p>\n<p>Tambi\u00e9n particip\u00f3 Sarah Hern\u00e1ndez, otom\u00ed de la comunidad de Santiago Mexquititl\u00e1n, comunidad en Quer\u00e9taro, de donde gran parte de los otom\u00eds de la Ciudad de M\u00e9xico han sido desplazados. Cont\u00f3 c\u00f3mo ella y Estela Hern\u00e1ndez han sufrido persecuci\u00f3n pol\u00edtica, represi\u00f3n y est\u00e1n amenazadas de muerte. Afirm\u00f3 por ello que no conf\u00edan en ninguna instituci\u00f3n. Cont\u00f3 que en Santiago Mexquititl\u00e1n tambi\u00e9n est\u00e1n en un proceso fuerte de lucha y de resistencia. Hay un proyecto que quiere gentrificar a Santiago Mexquititl\u00e1n, hacerlo un lugar para turistas, pero ese proyecto amenaza con destruir el templo comunitario, que es el origen de la comunidad de Santiago. Cont\u00f3 c\u00f3mo las grandes empresas entran y talan los bosques, pero que si ellos o ellas suben por le\u00f1a al monte, los golpean; lo mismo con el agua, ellos no tienen agua pero ven bajar de los montes pipas llenas. Adem\u00e1s cont\u00f3 que empiezan a sonar rumores de que hay intereses de desaparecer su pante\u00f3n comunitario y poner hoteles de lujo en esas tierras. Frente a ese horizonte de despojo, Sarah Hern\u00e1ndez afirm\u00f3 que la esperanza es la autonom\u00eda de los pueblos. Cerr\u00f3 su participaci\u00f3n gritando la consigna \u201c\u00a1Fuera militares de Chiapas! Y \u00a1Chiapas, Chiapas no es cuartel!\u201d<\/p>\n<p><iframe loading=\"lazy\" title=\"Sarah Hern\u00e1ndez by Luis Flores\" width=\"1170\" height=\"400\" scrolling=\"no\" frameborder=\"no\" src=\"https:\/\/w.soundcloud.com\/player\/?visual=true&#038;url=https%3A%2F%2Fapi.soundcloud.com%2Ftracks%2F910074802&#038;show_artwork=true&#038;maxwidth=1170&#038;maxheight=1000&#038;dnt=1\"><\/iframe><\/p>\n<p>&nbsp;<\/p>\n<p>Despu\u00e9s lleg\u00f3 el turno de Filiberto Margarito, quien ley\u00f3 un comunicado escrito por la comunidad Otom\u00ed residente en la Ciudad de M\u00e9xico. Afirm\u00f3 que la toma del INPI se hab\u00eda decidido en asamblea. En su comunicado exigieron el fin del hostigamiento y los ataques en contra de las comunidades zapatistas, denunciaron la guerra contrainsurgente y los megaproyectos de muerte, entre los que mencionaron el Proyecto Integral Morelos, el aeropuerto de Santa Luc\u00eda, el Tren Maya y el corredor Interoce\u00e1nico. A trav\u00e9s del comunicado tambi\u00e9n llamaron a hacer de la toma un espacio de encuentro para todas las resistencias. Hacia el final exigieron la expropiaci\u00f3n de los predios de Guanajuato 200, Zacatecas 74 y Zaragoza 1434, adem\u00e1s de dotar 80 viviendas para la comunidad de Roma 18, plaza artesanal para la comunidad Otom\u00ed, servicios de salud, respeto para el trabajo de las mujeres y su autonom\u00eda, y garantizar educaci\u00f3n para los distintos niveles de la comunidad.<\/p>\n<p><iframe loading=\"lazy\" title=\"Filiberto Margarito by Luis Flores\" width=\"1170\" height=\"400\" scrolling=\"no\" frameborder=\"no\" src=\"https:\/\/w.soundcloud.com\/player\/?visual=true&#038;url=https%3A%2F%2Fapi.soundcloud.com%2Ftracks%2F910076434&#038;show_artwork=true&#038;maxwidth=1170&#038;maxheight=1000&#038;dnt=1\"><\/iframe><\/p>\n<p>Un compa\u00f1ero de la Coordinadora Metropolitana mostr\u00f3 un par de documentos sellados por las administraciones pasada y actual, respectivamente. En dichos documentos se muestra que el gobierno se comprometi\u00f3 a expropiar el predio de Zacatecas y entregarlo a la comunidad Otom\u00ed residente en la Ciudad de M\u00e9xico. Lo \u00fanico que hac\u00eda falta era publicarlo; sin embargo, nunca se hizo. Ahora, frente a la pregunta de por qu\u00e9 no se ha hecho p\u00fablico, les contestaron que esos documentos ya expiraron. Con ese tipo de acciones, los distintos gobiernos han dado largas a los pueblos, mostrando que no hay ninguna diferencia entre la autodenominada 4T y las administraciones que le antecedieron.<\/p>\n<p><iframe loading=\"lazy\" title=\"Documentos firmados by Luis Flores\" width=\"1170\" height=\"400\" scrolling=\"no\" frameborder=\"no\" src=\"https:\/\/w.soundcloud.com\/player\/?visual=true&#038;url=https%3A%2F%2Fapi.soundcloud.com%2Ftracks%2F910078399&#038;show_artwork=true&#038;maxwidth=1170&#038;maxheight=1000&#038;dnt=1\"><\/iframe><\/p>\n<p>&nbsp;<\/p>\n<figure id=\"attachment_54188\" aria-describedby=\"caption-attachment-54188\" style=\"width: 500px\" class=\"wp-caption alignnone\"><img loading=\"lazy\" decoding=\"async\" data-attachment-id=\"54188\" data-permalink=\"https:\/\/www.grieta.org.mx\/index.php\/2020\/10\/13\/la-comunidad-otomi-de-la-ciudad-de-mexico-toma-las-instalaciones-del-inpi\/img_20201012_133224\/\" data-orig-file=\"https:\/\/www.grieta.org.mx\/wp-content\/uploads\/2020\/10\/IMG_20201012_133224-scaled.jpg\" data-orig-size=\"1819,2560\" data-comments-opened=\"0\" data-image-meta=\"{&quot;aperture&quot;:&quot;2.2&quot;,&quot;credit&quot;:&quot;&quot;,&quot;camera&quot;:&quot;FIG-LX3&quot;,&quot;caption&quot;:&quot;&quot;,&quot;created_timestamp&quot;:&quot;1602509549&quot;,&quot;copyright&quot;:&quot;&quot;,&quot;focal_length&quot;:&quot;3.46&quot;,&quot;iso&quot;:&quot;50&quot;,&quot;shutter_speed&quot;:&quot;0.002512&quot;,&quot;title&quot;:&quot;&quot;,&quot;orientation&quot;:&quot;1&quot;}\" data-image-title=\"Documento compromiso\" data-image-description=\"\" data-image-caption=\"&lt;p&gt;Foto: Colectivo Grieta. Documentos de compromiso de expropiaci\u00f3n de predios.&lt;\/p&gt;\n\" data-medium-file=\"https:\/\/www.grieta.org.mx\/wp-content\/uploads\/2020\/10\/IMG_20201012_133224-213x300.jpg\" data-large-file=\"https:\/\/www.grieta.org.mx\/wp-content\/uploads\/2020\/10\/IMG_20201012_133224-728x1024.jpg\" class=\"wp-image-54188\" src=\"http:\/\/www.grieta.org.mx\/wp-content\/uploads\/2020\/10\/IMG_20201012_133224-728x1024.jpg\" alt=\"\" width=\"500\" height=\"704\" srcset=\"https:\/\/www.grieta.org.mx\/wp-content\/uploads\/2020\/10\/IMG_20201012_133224-728x1024.jpg 728w, https:\/\/www.grieta.org.mx\/wp-content\/uploads\/2020\/10\/IMG_20201012_133224-213x300.jpg 213w, https:\/\/www.grieta.org.mx\/wp-content\/uploads\/2020\/10\/IMG_20201012_133224-768x1081.jpg 768w, https:\/\/www.grieta.org.mx\/wp-content\/uploads\/2020\/10\/IMG_20201012_133224-1091x1536.jpg 1091w, https:\/\/www.grieta.org.mx\/wp-content\/uploads\/2020\/10\/IMG_20201012_133224-1455x2048.jpg 1455w, https:\/\/www.grieta.org.mx\/wp-content\/uploads\/2020\/10\/IMG_20201012_133224-355x500.jpg 355w, https:\/\/www.grieta.org.mx\/wp-content\/uploads\/2020\/10\/IMG_20201012_133224-scaled.jpg 1819w\" sizes=\"auto, (max-width: 500px) 100vw, 500px\" \/><figcaption id=\"caption-attachment-54188\" class=\"wp-caption-text\">Foto: Colectivo Grieta. Documentos de compromiso de expropiaci\u00f3n de predios.<\/figcaption><\/figure>\n<p>Despu\u00e9s tomaron la palabra distintas organizaciones que acompa\u00f1aron y apoyaron la acci\u00f3n. Hablaron representantes de la Coordinaci\u00f3n de colonias de Ecatepec, del Congreso Popular Social y Ciudadano, de la Asamblea de Pueblos del Istmo en Defensa de la Tierra y el Territorio \u201cEl Istmo es nuestro\u201d, quienes denunciaron el megaproyecto de muerte del Corredor Interoce\u00e1nico; un representante del Movimiento Agrario Ind\u00edgena Zapatista, compa\u00f1eros de Guerrero y un compa\u00f1ero de la CNPA.<\/p>\n<p>Al finalizar la rueda de prensa, se invit\u00f3 a los medios presentes a filmar el estado en que se encontraban las instalaciones al momento de la toma para que se hiciera p\u00fablico. En los siguientes videos se muestra el estado de las instalaciones.<\/p>\n<div class=\"jetpack-video-wrapper\"><iframe loading=\"lazy\" title=\"Recorrido de instalaciones del INPI despu\u00e9s de toma por parte de la comunidad Otom\u00ed.\" width=\"1170\" height=\"658\" src=\"https:\/\/www.youtube.com\/embed\/Mm_sY-1eTQg?feature=oembed\" frameborder=\"0\" allow=\"accelerometer; autoplay; clipboard-write; encrypted-media; gyroscope; picture-in-picture\" allowfullscreen><\/iframe><\/div>\n<div class=\"jetpack-video-wrapper\"><iframe loading=\"lazy\" title=\"Recorrido de instalaciones INPI, 2nda parte\" width=\"1170\" height=\"658\" src=\"https:\/\/www.youtube.com\/embed\/US0LUj_dX9U?feature=oembed\" frameborder=\"0\" allow=\"accelerometer; autoplay; clipboard-write; encrypted-media; gyroscope; picture-in-picture\" allowfullscreen><\/iframe><\/div>\n<div class=\"jetpack-video-wrapper\"><iframe loading=\"lazy\" title=\"Recorrido instalaciones INPI, 3ra parte\" width=\"1170\" height=\"658\" src=\"https:\/\/www.youtube.com\/embed\/iPodpNQ7MoY?feature=oembed\" frameborder=\"0\" allow=\"accelerometer; autoplay; clipboard-write; encrypted-media; gyroscope; picture-in-picture\" allowfullscreen><\/iframe><\/div>\n","protected":false},"excerpt":{"rendered":"<p>Colectivo Grieta, 12 octubre de 2020 En el marco de la &#8220;Jornada Nacional de Movilizaci\u00f3n en Defensa de la Madre Tierra, contra la guerra al EZLN, los pueblos y comunidades &hellip; <a href=\"https:\/\/www.grieta.org.mx\/index.php\/2020\/10\/13\/la-comunidad-otomi-de-la-ciudad-de-mexico-toma-las-instalaciones-del-inpi\/\" class=\"more-link\">Leer m\u00e1s<\/a><\/p>\n","protected":false},"author":2,"featured_media":54178,"comment_status":"closed","ping_status":"closed","sticky":false,"template":"","format":"standard","meta":{"ngg_post_thumbnail":0,"_jetpack_newsletter_access":"","_jetpack_dont_email_post_to_subs":false,"_jetpack_newsletter_tier_id":0,"_jetpack_memberships_contains_paywalled_content":false,"_jetpack_memberships_contains_paid_content":false,"footnotes":""},"categories":[3674,909,80,14,1775,1026,2143,3673,2065,2,2661,3165],"tags":[2691,1031],"class_list":["post-54174","post","type-post","status-publish","format-standard","has-post-thumbnail","hentry","category-contra-la-guerra-al-ezln","category-cig","category-cintillo","category-ciudad-de-mexico","category-colectivo-grieta","category-damnificados-por-el-sismo-del-19-de-septiembre","category-desplazados-en-la-ciudad-de-mexico","category-jornada-nacional-de-movilizacion-en-defensa-de-la-madre-tierra","category-movilizaciones-y-protestas-de-habitantes-de-la-ciudad-de-mexico","category-noticias-nacionales","category-redes-de-resistencia-y-rebeldia","category-resistencias","tag-comunidad-otomi","tag-otomies","entry"],"jetpack_featured_media_url":"https:\/\/www.grieta.org.mx\/wp-content\/uploads\/2020\/10\/IMG_20201012_115801.jpg","jetpack_sharing_enabled":true,"jetpack_shortlink":"https:\/\/wp.me\/p7ZJR4-e5M","jetpack_likes_enabled":false,"jetpack-related-posts":[{"id":54584,"url":"https:\/\/www.grieta.org.mx\/index.php\/2020\/10\/29\/el-dialogo-sera-con-todos-o-no-sera-conferencia-de-prensa-de-la-comunidad-otomi-en-las-instalaciones-ocupadas-del-inpi\/","url_meta":{"origin":54174,"position":0},"title":"\u201cEl di\u00e1logo ser\u00e1 con todos o no ser\u00e1\u201d: Conferencia de prensa de la comunidad otom\u00ed en las instalaciones ocupadas del INPI.","author":"grieta","date":"29 octubre, 2020","format":false,"excerpt":"A quince d\u00edas de haber ocupado de manera pac\u00edfica\u00a0 las instalaciones del Instituto Nacional de Pueblos Ind\u00edgenas (INPI), en el marco de la Jornada Nacional de Movilizaci\u00f3n en Defensa de la Madre Tierra, Contra la Guerra al EZLN, la comunidad ind\u00edgena otom\u00ed residente en la Ciudad de M\u00e9xico realiz\u00f3 una\u2026","rel":"","context":"En &quot;Alto a la Guerra contra los pueblos zapatistas&quot;","block_context":{"text":"Alto a la Guerra contra los pueblos zapatistas","link":"https:\/\/www.grieta.org.mx\/index.php\/category\/redes-de-resistencia-y-rebeldia\/contra-la-guerra-al-ezln\/"},"img":{"alt_text":"","src":"https:\/\/i0.wp.com\/www.grieta.org.mx\/wp-content\/uploads\/2020\/10\/photo_2020-10-28_23-08-34-3.jpg?resize=350%2C200&ssl=1","width":350,"height":200,"srcset":"https:\/\/i0.wp.com\/www.grieta.org.mx\/wp-content\/uploads\/2020\/10\/photo_2020-10-28_23-08-34-3.jpg?resize=350%2C200&ssl=1 1x, https:\/\/i0.wp.com\/www.grieta.org.mx\/wp-content\/uploads\/2020\/10\/photo_2020-10-28_23-08-34-3.jpg?resize=525%2C300&ssl=1 1.5x, https:\/\/i0.wp.com\/www.grieta.org.mx\/wp-content\/uploads\/2020\/10\/photo_2020-10-28_23-08-34-3.jpg?resize=700%2C400&ssl=1 2x, https:\/\/i0.wp.com\/www.grieta.org.mx\/wp-content\/uploads\/2020\/10\/photo_2020-10-28_23-08-34-3.jpg?resize=1050%2C600&ssl=1 3x"},"classes":[]},{"id":68834,"url":"https:\/\/www.grieta.org.mx\/index.php\/2024\/04\/23\/gobierno-de-la-ciudad-de-mexico-hostiga-a-la-comunidad-otomi-en-la-ciudad-de-mexico\/","url_meta":{"origin":54174,"position":1},"title":"Gobierno de la Ciudad de M\u00e9xico hostiga a la Comunidad Otom\u00ed en la Ciudad de M\u00e9xico","author":"grieta","date":"23 abril, 2024","format":false,"excerpt":"Colectivo Grieta Jueves 18 de abril 2024 Ciudad de M\u00e9xico.-\u00a0El pasado viernes 11 de abril de 2024, la Comisi\u00f3n Federal de Electricidad cort\u00f3 la luz a la Casa de los Pueblos y Comunidades Ind\u00edgenas Samir Flores Soberanes. El gobierno de la Ciudad de M\u00e9xico ha realizado tres cortes de luz\u2026","rel":"","context":"En &quot;CINTILLO&quot;","block_context":{"text":"CINTILLO","link":"https:\/\/www.grieta.org.mx\/index.php\/category\/cintillo\/"},"img":{"alt_text":"","src":"https:\/\/i0.wp.com\/www.grieta.org.mx\/wp-content\/uploads\/2024\/04\/photo_2024-04-25_12-07-52.jpg?resize=350%2C200&ssl=1","width":350,"height":200,"srcset":"https:\/\/i0.wp.com\/www.grieta.org.mx\/wp-content\/uploads\/2024\/04\/photo_2024-04-25_12-07-52.jpg?resize=350%2C200&ssl=1 1x, https:\/\/i0.wp.com\/www.grieta.org.mx\/wp-content\/uploads\/2024\/04\/photo_2024-04-25_12-07-52.jpg?resize=525%2C300&ssl=1 1.5x, https:\/\/i0.wp.com\/www.grieta.org.mx\/wp-content\/uploads\/2024\/04\/photo_2024-04-25_12-07-52.jpg?resize=700%2C400&ssl=1 2x, https:\/\/i0.wp.com\/www.grieta.org.mx\/wp-content\/uploads\/2024\/04\/photo_2024-04-25_12-07-52.jpg?resize=1050%2C600&ssl=1 3x"},"classes":[]},{"id":72371,"url":"https:\/\/www.grieta.org.mx\/index.php\/2025\/10\/14\/un-paso-hacia-el-comun-en-el-aniversario-de-la-casa-de-los-pueblos-y-comunidades-indigenas-samir-flores-soberanes\/","url_meta":{"origin":54174,"position":2},"title":"Un paso hacia el Com\u00fan en el aniversario de la Casa de los Pueblos y Comunidades Ind\u00edgenas &#8220;Samir Flores Soberanes&#8221;","author":"grieta","date":"14 octubre, 2025","format":false,"excerpt":"Colectivo Grieta 13 de octubre de 2025 Ciudad de M\u00e9xico.- En el marco del 5\u00ba aniversario dela Casa de los Pueblos y Comunidades Ind\u00edgenas \"Samir Flores Soberanes\" en lo que fueran las instalaciones del Instituto Nacional de los Pueblos Ind\u00edgenas (INPI), la comunidad Otom\u00ed de la Ciudad de M\u00e9xico anunci\u00f3\u2026","rel":"","context":"En &quot;Autonom\u00edas&quot;","block_context":{"text":"Autonom\u00edas","link":"https:\/\/www.grieta.org.mx\/index.php\/category\/resistencias\/autonomias\/"},"img":{"alt_text":"","src":"https:\/\/i0.wp.com\/www.grieta.org.mx\/wp-content\/uploads\/2025\/10\/Diapositiva1.jpeg?resize=350%2C200&ssl=1","width":350,"height":200,"srcset":"https:\/\/i0.wp.com\/www.grieta.org.mx\/wp-content\/uploads\/2025\/10\/Diapositiva1.jpeg?resize=350%2C200&ssl=1 1x, https:\/\/i0.wp.com\/www.grieta.org.mx\/wp-content\/uploads\/2025\/10\/Diapositiva1.jpeg?resize=525%2C300&ssl=1 1.5x, https:\/\/i0.wp.com\/www.grieta.org.mx\/wp-content\/uploads\/2025\/10\/Diapositiva1.jpeg?resize=700%2C400&ssl=1 2x"},"classes":[]},{"id":67944,"url":"https:\/\/www.grieta.org.mx\/index.php\/2023\/10\/16\/denuncia-del-congreso-nacional-indigena-concejo-indigena-de-gobierno-por-el-intento-de-desalojo-de-la-casa-de-los-pueblos\/","url_meta":{"origin":54174,"position":3},"title":"Denuncia del Congreso Nacional Ind\u00edgena \u2013 Concejo Ind\u00edgena de Gobierno por el Intento de Desalojo de la Casa de los Pueblos","author":"grieta","date":"16 octubre, 2023","format":false,"excerpt":"A los pueblos y gobiernos de M\u00e9xico y del mundo. A los organismos de derechos humanos. A los medios de comunicaci\u00f3n. Denunciamos que desde hace algunas horas un numeroso contingente de granaderos del gobierno de la Ciudad de M\u00e9xico est\u00e1 tratando de desalojar con violencia a la Comunidad Ind\u00edgena Otom\u00ed\u2026","rel":"","context":"En &quot;CIG&quot;","block_context":{"text":"CIG","link":"https:\/\/www.grieta.org.mx\/index.php\/category\/cig\/"},"img":{"alt_text":"","src":"https:\/\/i0.wp.com\/www.grieta.org.mx\/wp-content\/uploads\/2023\/10\/logo-CNI-T.png?resize=350%2C200&ssl=1","width":350,"height":200,"srcset":"https:\/\/i0.wp.com\/www.grieta.org.mx\/wp-content\/uploads\/2023\/10\/logo-CNI-T.png?resize=350%2C200&ssl=1 1x, https:\/\/i0.wp.com\/www.grieta.org.mx\/wp-content\/uploads\/2023\/10\/logo-CNI-T.png?resize=525%2C300&ssl=1 1.5x"},"classes":[]},{"id":55467,"url":"https:\/\/www.grieta.org.mx\/index.php\/2020\/11\/24\/mas-de-20-anos-de-vivir-en-los-campamentos-comunidad-otomi-quemo-mobiliario-del-inpi-ante-falta-de-dialogo-ciudad-de-mexico\/","url_meta":{"origin":54174,"position":4},"title":"\u201cM\u00e1s de 20 a\u00f1os de vivir en los campamentos\u201d: comunidad otom\u00ed quem\u00f3 mobiliario del INPI ante falta de di\u00e1logo (Ciudad de M\u00e9xico)","author":"grieta","date":"24 noviembre, 2020","format":false,"excerpt":"Otom\u00edes, quienes ocupan el Instituto Nacional de Pueblos Ind\u00edgenas (INPI), quemaron mobiliario y equipo de c\u00f3mputo (Foto: Cuartoscuro) Una cuarta mesa de negociaci\u00f3n entre integrantes de la comunidad otom\u00ed residente de la Ciudad de M\u00e9xico y autoridades federales locales ten\u00eda que hacerse hoy, pero fue cancelada. En respuesta a esto\u2026","rel":"","context":"En &quot;CINTILLO&quot;","block_context":{"text":"CINTILLO","link":"https:\/\/www.grieta.org.mx\/index.php\/category\/cintillo\/"},"img":{"alt_text":"","src":"https:\/\/i0.wp.com\/www.grieta.org.mx\/wp-content\/uploads\/2020\/11\/Mas-de-20-anos-de-vivir-en-los-campamentos-comunidad-otomi-quemo-mobiliario-del-INPI-ante-falta-de-dialogo-cdmx-nov.jpg?resize=350%2C200&ssl=1","width":350,"height":200,"srcset":"https:\/\/i0.wp.com\/www.grieta.org.mx\/wp-content\/uploads\/2020\/11\/Mas-de-20-anos-de-vivir-en-los-campamentos-comunidad-otomi-quemo-mobiliario-del-INPI-ante-falta-de-dialogo-cdmx-nov.jpg?resize=350%2C200&ssl=1 1x, https:\/\/i0.wp.com\/www.grieta.org.mx\/wp-content\/uploads\/2020\/11\/Mas-de-20-anos-de-vivir-en-los-campamentos-comunidad-otomi-quemo-mobiliario-del-INPI-ante-falta-de-dialogo-cdmx-nov.jpg?resize=525%2C300&ssl=1 1.5x, https:\/\/i0.wp.com\/www.grieta.org.mx\/wp-content\/uploads\/2020\/11\/Mas-de-20-anos-de-vivir-en-los-campamentos-comunidad-otomi-quemo-mobiliario-del-INPI-ante-falta-de-dialogo-cdmx-nov.jpg?resize=700%2C400&ssl=1 2x"},"classes":[]},{"id":72360,"url":"https:\/\/www.grieta.org.mx\/index.php\/2025\/10\/13\/jornada-de-lucha-y-resistencia-contra-la-guerra-a-los-pueblos-zapatistas\/","url_meta":{"origin":54174,"position":5},"title":"Jornada de lucha y resistencia contra la guerra a los pueblos zapatistas","author":"grieta","date":"13 octubre, 2025","format":false,"excerpt":"Colectivo Grieta, 11 de octubre de 2025 Ciudad de M\u00e9xico. Diversas organizaciones y colectivos de la Ciudad de M\u00e9xico se movilizaron el viernes 10 de octubre\u00a0 para alzarse en protesta y denuncia contra el despojo criminal de las tierras recuperadas por los pueblos zapatistas desde 1994 y la violenta incursi\u00f3n\u2026","rel":"","context":"En &quot;Alto a la Guerra contra los pueblos zapatistas&quot;","block_context":{"text":"Alto a la Guerra contra los pueblos zapatistas","link":"https:\/\/www.grieta.org.mx\/index.php\/category\/redes-de-resistencia-y-rebeldia\/contra-la-guerra-al-ezln\/"},"img":{"alt_text":"","src":"https:\/\/i0.wp.com\/www.grieta.org.mx\/wp-content\/uploads\/2025\/10\/WhatsApp-Image-2025-10-13-at-21.21.01.png?resize=350%2C200&ssl=1","width":350,"height":200,"srcset":"https:\/\/i0.wp.com\/www.grieta.org.mx\/wp-content\/uploads\/2025\/10\/WhatsApp-Image-2025-10-13-at-21.21.01.png?resize=350%2C200&ssl=1 1x, https:\/\/i0.wp.com\/www.grieta.org.mx\/wp-content\/uploads\/2025\/10\/WhatsApp-Image-2025-10-13-at-21.21.01.png?resize=525%2C300&ssl=1 1.5x, https:\/\/i0.wp.com\/www.grieta.org.mx\/wp-content\/uploads\/2025\/10\/WhatsApp-Image-2025-10-13-at-21.21.01.png?resize=700%2C400&ssl=1 2x, https:\/\/i0.wp.com\/www.grieta.org.mx\/wp-content\/uploads\/2025\/10\/WhatsApp-Image-2025-10-13-at-21.21.01.png?resize=1050%2C600&ssl=1 3x, https:\/\/i0.wp.com\/www.grieta.org.mx\/wp-content\/uploads\/2025\/10\/WhatsApp-Image-2025-10-13-at-21.21.01.png?resize=1400%2C800&ssl=1 4x"},"classes":[]}],"_links":{"self":[{"href":"https:\/\/www.grieta.org.mx\/index.php\/wp-json\/wp\/v2\/posts\/54174","targetHints":{"allow":["GET"]}}],"collection":[{"href":"https:\/\/www.grieta.org.mx\/index.php\/wp-json\/wp\/v2\/posts"}],"about":[{"href":"https:\/\/www.grieta.org.mx\/index.php\/wp-json\/wp\/v2\/types\/post"}],"author":[{"embeddable":true,"href":"https:\/\/www.grieta.org.mx\/index.php\/wp-json\/wp\/v2\/users\/2"}],"replies":[{"embeddable":true,"href":"https:\/\/www.grieta.org.mx\/index.php\/wp-json\/wp\/v2\/comments?post=54174"}],"version-history":[{"count":1,"href":"https:\/\/www.grieta.org.mx\/index.php\/wp-json\/wp\/v2\/posts\/54174\/revisions"}],"predecessor-version":[{"id":54200,"href":"https:\/\/www.grieta.org.mx\/index.php\/wp-json\/wp\/v2\/posts\/54174\/revisions\/54200"}],"wp:featuredmedia":[{"embeddable":true,"href":"https:\/\/www.grieta.org.mx\/index.php\/wp-json\/wp\/v2\/media\/54178"}],"wp:attachment":[{"href":"https:\/\/www.grieta.org.mx\/index.php\/wp-json\/wp\/v2\/media?parent=54174"}],"wp:term":[{"taxonomy":"category","embeddable":true,"href":"https:\/\/www.grieta.org.mx\/index.php\/wp-json\/wp\/v2\/categories?post=54174"},{"taxonomy":"post_tag","embeddable":true,"href":"https:\/\/www.grieta.org.mx\/index.php\/wp-json\/wp\/v2\/tags?post=54174"}],"curies":[{"name":"wp","href":"https:\/\/api.w.org\/{rel}","templated":true}]}}