{"id":54154,"date":"2020-09-30T06:49:10","date_gmt":"2020-09-30T11:49:10","guid":{"rendered":"http:\/\/www.grieta.org.mx\/?p=54154"},"modified":"2020-10-13T06:58:47","modified_gmt":"2020-10-13T11:58:47","slug":"consejo-regional-indigena-denuncian-robo-y-amenaza-campeche","status":"publish","type":"post","link":"https:\/\/www.grieta.org.mx\/index.php\/2020\/09\/30\/consejo-regional-indigena-denuncian-robo-y-amenaza-campeche\/","title":{"rendered":"Consejo Regional Ind\u00edgena denuncian robo y amenaza (Campeche)"},"content":{"rendered":"<p><img loading=\"lazy\" decoding=\"async\" data-attachment-id=\"54155\" data-permalink=\"https:\/\/www.grieta.org.mx\/index.php\/2020\/09\/30\/consejo-regional-indigena-denuncian-robo-y-amenaza-campeche\/calakmul_betoparedes00\/\" data-orig-file=\"https:\/\/www.grieta.org.mx\/wp-content\/uploads\/2020\/10\/Calakmul_BetoParedes00-e1602590057951.jpg\" data-orig-size=\"600,400\" data-comments-opened=\"0\" data-image-meta=\"{&quot;aperture&quot;:&quot;0&quot;,&quot;credit&quot;:&quot;&quot;,&quot;camera&quot;:&quot;&quot;,&quot;caption&quot;:&quot;&quot;,&quot;created_timestamp&quot;:&quot;0&quot;,&quot;copyright&quot;:&quot;&quot;,&quot;focal_length&quot;:&quot;0&quot;,&quot;iso&quot;:&quot;0&quot;,&quot;shutter_speed&quot;:&quot;0&quot;,&quot;title&quot;:&quot;&quot;,&quot;orientation&quot;:&quot;0&quot;}\" data-image-title=\"Calakmul_BetoParedes00\" data-image-description=\"\" data-image-caption=\"\" data-medium-file=\"https:\/\/www.grieta.org.mx\/wp-content\/uploads\/2020\/10\/Calakmul_BetoParedes00-300x200.jpg\" data-large-file=\"https:\/\/www.grieta.org.mx\/wp-content\/uploads\/2020\/10\/Calakmul_BetoParedes00-1024x683.jpg\" src=\"http:\/\/www.grieta.org.mx\/wp-content\/uploads\/2020\/10\/Calakmul_BetoParedes00-e1602590057951.jpg\" alt=\"\" width=\"600\" height=\"400\" class=\"alignnone size-full wp-image-54155\" \/><\/p>\n<p>Texto: Redacci\u00f3n Pie de P\u00e1gina \/ Foto: Archivo Heriberto Paredes<\/p>\n<blockquote><p>El CRIPX, organizaci\u00f3n defensora de derechos humanos que fue se\u00f1alada por el gobierno federal de recibir dinero \u00abpara oponerse a a la construcci\u00f3n del Tren Maya\u00bb, denunci\u00f3 el robo de informaci\u00f3n y equipo, y la amenaza a uno de sus integrantes<\/p><\/blockquote>\n<p>El Consejo Regional Ind\u00edgena y Popular de Xpujil (CRIPX) denunci\u00f3 que el 20 de septiembre le fue sustra\u00edda a la administradora de la organizaci\u00f3n informaci\u00f3n financiera, equipos y tarjetas bancarias, y tres d\u00edas despu\u00e9s otro de sus integrantes recibi\u00f3 una amenaza a trav\u00e9s de un mensaje por WhathApps.<\/p>\n<p>La organizaci\u00f3n ubica el robo y la amenaza en el contexto estigmatizaci\u00f3n y criminalizaci\u00f3n por parte del Estado mexicano \u201cpor nuestra oposici\u00f3n organizativa, real, profunda y con identidad cultural, por los impactos a generar a nivel comunitarios, cultural, social, ambiental, productivo y tur\u00edstico, del mal llamado \u2018Tren Maya\u2019\u201d.<\/p>\n<p>El pasado 28 de agosto, en la conferencia presidencial, el gobierno federal acus\u00f3 que organizaciones civiles y medios period\u00edsticos eran financiados por fundaciones internacionales para oponerse al Tren Maya, entre las asociaciones se\u00f1aladas estaba el CRIPX.<\/p>\n<p>Tres d\u00edas despu\u00e9s el CRIPX y dos organizaciones m\u00e1s exigeron una disculpa por parte del presidente, a quien acusaron de criminalizar la labor de d\u00e9cadas de defensa de derechos humanos.<\/p>\n<p>En su pronunciamiento de este martes, la organizaci\u00f3n denunci\u00f3 tambi\u00e9n que pese a haber solicitado informaci\u00f3n para analizarla y ayudarse a tomar decisiones Fonatur y otras dependencias gubernamentales les han proporcionado informaci\u00f3n parcial, limitada, sesgada, poco clara.<\/p>\n<p>La organizaci\u00f3n acus\u00f3 que pese a haber acudido a la mayor\u00eda de eventos p\u00fablicos a los que han sido convocados en torno al tren y participar con comentarios en la presentaci\u00f3n de la Manifestaci\u00f3n de Impacto Ambiental la respuesta de Fonatur ha sido de han obtenido \u201cla promoci\u00f3n de grupos de contra ataque a nuestra organizaci\u00f3n y nuestras personas\u201d.<\/p>\n<p>\u201cSon grupos que dividen a las comunidades, buscan el protagonismo, se autonombran como las \u00fanicas, reproducen el discurso de descalificaci\u00f3n de Fonatur y del Ejecutivo Federal, confundiendo a los campesinos, ind\u00edgenas y pobladores en general de la regi\u00f3n, por estos modos, caen en la fabricaci\u00f3n la mentira, la informaci\u00f3n a medias, promueven la persecuci\u00f3n contra la disidencia, fomentan las falsas promesas de participaci\u00f3n y acceso a beneficios sin documentos sobre lo que realmente es el Tren Maya\u201d.<\/p>\n<p>Acusan que el actual gobierno federal repite los m\u00e9todos de administraciones pasadas ya que no ha presentado informaci\u00f3n completa, con el suficiente sustento jur\u00eddico y no es adecuada culturalmente como marcan los est\u00e1ndares internacionales en materia de Pueblos Ind\u00edgenas y procesos de consulta.<\/p>\n<p>La organizaci\u00f3n responsabiliz\u00f3 al gobierno mexicano en todos sus niveles de la integridad f\u00edsica de sus integrantes y del mal uso o manipulaci\u00f3n de la informaci\u00f3n sustra\u00edda del equipo robado a la administradora.<\/p>\n<p>\u201cLo conminamos a dejar de administrar conflictos al dividir las comunidades, promoviendo el encono, el rencor, la criminalizaci\u00f3n y la estigmatizaci\u00f3n hacia el CRIPX y hacia otras organizaciones que defendemos los derechos en general, los Derechos Humanos y los derechos de la naturaleza\u201d. Dichas pr\u00e1cticas de divisi\u00f3n y conflicto no son nuevas y lamentamos profundamente el recrudecimiento de estos mecanismos corruptos que lo \u00fanico que fomentan es la violencia y la justificaci\u00f3n de la violencia institucionalizada. Tambi\u00e9n hacemos responsable al gobierno mexicano en todos sus niveles, del mal uso, manipulaci\u00f3n de la informaci\u00f3n sustra\u00edda indebidamente del equipo que le fue robado a la administradora de nuestra organizaci\u00f3n as\u00ed como del destino y mal uso de la informaci\u00f3n financiera que conten\u00eda, en este sentido, hemos presentado las denuncias penales para que se investigue y se d\u00e9 con los responsables de este ataque. Ni un paso atr\u00e1s en la Defensa de nuestro Territorio No renunciamos a nuestro derecho a la informaci\u00f3n No a la violencia contra las organizaciones. <\/p>\n<p><a href=\"https:\/\/piedepagina.mx\/consejo-regional-indigena-denuncian-robo-y-amenaza\/\" rel=\"noopener noreferrer\" target=\"_blank\">https:\/\/piedepagina.mx\/consejo-regional-indigena-denuncian-robo-y-amenaza\/<\/a><\/p>\n","protected":false},"excerpt":{"rendered":"<p>Texto: Redacci\u00f3n Pie de P\u00e1gina \/ Foto: Archivo Heriberto Paredes El CRIPX, organizaci\u00f3n defensora de derechos humanos que fue se\u00f1alada por el gobierno federal de recibir dinero \u00abpara oponerse a &hellip; <a href=\"https:\/\/www.grieta.org.mx\/index.php\/2020\/09\/30\/consejo-regional-indigena-denuncian-robo-y-amenaza-campeche\/\" class=\"more-link\">Leer m\u00e1s<\/a><\/p>\n","protected":false},"author":2,"featured_media":54155,"comment_status":"closed","ping_status":"closed","sticky":false,"template":"","format":"standard","meta":{"ngg_post_thumbnail":0,"_jetpack_newsletter_access":"","_jetpack_dont_email_post_to_subs":false,"_jetpack_newsletter_tier_id":0,"_jetpack_memberships_contains_paywalled_content":false,"_jetpack_memberships_contains_paid_content":false,"footnotes":""},"categories":[60,69,11,80,958,1,954,3,922,926,944,952,2,28,1877,1875,1876,2026,36],"tags":[],"class_list":["post-54154","post","type-post","status-publish","format-standard","has-post-thumbnail","hentry","category-16-pueblo-maya","category-25-xpujil","category-campeche","category-cintillo","category-esp-campeche","category-espejos-de-la-resistencia","category-espejos-estados","category-megaproyectos","category-megaproyectos-estados","category-mp-campeche","category-mp-quintana-roo","category-mp-yucatan","category-noticias-nacionales","category-quintana-roo","category-resistencia-al-tren-maya-en-la-peninsula-de-yucatan-campeche","category-resistencia-al-tren-maya-en-la-peninsula-de-yucatan","category-resistencia-al-tren-maya-en-la-peninsula-de-yucatan-quintana-roo","category-tren-maya","category-yucatan","entry"],"jetpack_featured_media_url":"https:\/\/www.grieta.org.mx\/wp-content\/uploads\/2020\/10\/Calakmul_BetoParedes00-e1602590057951.jpg","jetpack_sharing_enabled":true,"jetpack_shortlink":"https:\/\/wp.me\/p7ZJR4-e5s","jetpack_likes_enabled":false,"jetpack-related-posts":[{"id":47874,"url":"https:\/\/www.grieta.org.mx\/index.php\/2020\/04\/13\/las-vias-torcidas-del-tren-maya-video\/","url_meta":{"origin":54154,"position":0},"title":"Las v\u00edas torcidas del tren maya (Video)","author":"grieta","date":"13 abril, 2020","format":false,"excerpt":"https:\/\/www.youtube.com\/watch?v=k8FRX9eT0YY","rel":"","context":"En &quot;16. Pueblo Maya&quot;","block_context":{"text":"16. Pueblo Maya","link":"https:\/\/www.grieta.org.mx\/index.php\/category\/espejos-de-la-resistencia\/16-pueblo-maya\/"},"img":{"alt_text":"","src":"https:\/\/i0.wp.com\/www.grieta.org.mx\/wp-content\/uploads\/2020\/04\/ViasTorcidasTrenMaya.png?resize=350%2C200&ssl=1","width":350,"height":200,"srcset":"https:\/\/i0.wp.com\/www.grieta.org.mx\/wp-content\/uploads\/2020\/04\/ViasTorcidasTrenMaya.png?resize=350%2C200&ssl=1 1x, https:\/\/i0.wp.com\/www.grieta.org.mx\/wp-content\/uploads\/2020\/04\/ViasTorcidasTrenMaya.png?resize=525%2C300&ssl=1 1.5x, https:\/\/i0.wp.com\/www.grieta.org.mx\/wp-content\/uploads\/2020\/04\/ViasTorcidasTrenMaya.png?resize=700%2C400&ssl=1 2x"},"classes":[]},{"id":35945,"url":"https:\/\/www.grieta.org.mx\/index.php\/2019\/07\/05\/expansion-de-megaproyectos-en-la-peninsula-de-yucatan-video\/","url_meta":{"origin":54154,"position":1},"title":"Expansi\u00f3n de Megaproyectos en la Pen\u00ednsula de Yucat\u00e1n (Video)","author":"grieta","date":"5 julio, 2019","format":false,"excerpt":"https:\/\/youtu.be\/qLBARIAaBsI","rel":"","context":"En &quot;Campeche&quot;","block_context":{"text":"Campeche","link":"https:\/\/www.grieta.org.mx\/index.php\/category\/noticias-nacionales\/campeche\/"},"img":{"alt_text":"","src":"https:\/\/i0.wp.com\/img.youtube.com\/vi\/qLBARIAaBsI\/0.jpg?resize=350%2C200","width":350,"height":200},"classes":[]},{"id":45360,"url":"https:\/\/www.grieta.org.mx\/index.php\/2020\/02\/27\/no-estamos-peleando-la-suspension-provisional-del-tren-maya-sino-la-definitiva-cruz-rueda\/","url_meta":{"origin":54154,"position":2},"title":"&#8220;No estamos peleando la suspensi\u00f3n provisional del Tren Maya, sino la definitiva&#8221;: Cruz Rueda","author":"grieta","date":"27 febrero, 2020","format":false,"excerpt":"Impugnaci\u00f3n de Presidencia \"no nos quita el sue\u00f1o\" Abraham Bote \/Foto: Tomada de Twitter \/La Jornada Maya M\u00e9rida, Yucat\u00e1n Respecto a la impugnaci\u00f3n que realiz\u00f3 la Presidencia de la Rep\u00fablica y el apoderado de la Naci\u00f3n Financiera (Nafin), contra la suspensi\u00f3n provisional del proyecto de Tren Maya, la asesora jur\u00eddica\u2026","rel":"","context":"En &quot;16. Pueblo Maya&quot;","block_context":{"text":"16. Pueblo Maya","link":"https:\/\/www.grieta.org.mx\/index.php\/category\/espejos-de-la-resistencia\/16-pueblo-maya\/"},"img":{"alt_text":"","src":"https:\/\/i0.wp.com\/www.grieta.org.mx\/wp-content\/uploads\/2020\/02\/TrenMallaCampeche.png?resize=350%2C200&ssl=1","width":350,"height":200,"srcset":"https:\/\/i0.wp.com\/www.grieta.org.mx\/wp-content\/uploads\/2020\/02\/TrenMallaCampeche.png?resize=350%2C200&ssl=1 1x, https:\/\/i0.wp.com\/www.grieta.org.mx\/wp-content\/uploads\/2020\/02\/TrenMallaCampeche.png?resize=525%2C300&ssl=1 1.5x, https:\/\/i0.wp.com\/www.grieta.org.mx\/wp-content\/uploads\/2020\/02\/TrenMallaCampeche.png?resize=700%2C400&ssl=1 2x"},"classes":[]},{"id":41978,"url":"https:\/\/www.grieta.org.mx\/index.php\/2019\/12\/08\/rechazan-consulta-de-tren-maya\/","url_meta":{"origin":54154,"position":3},"title":"Rechazan consulta de Tren Maya","author":"grieta","date":"8 diciembre, 2019","format":false,"excerpt":"El Siglo de Torre\u00f3n Al considerar que incumple el Convenio 169 sobre Pueblos Ind\u00edgenas y Tribales Organizaciones ind\u00edgenas, civiles y acad\u00e9micos en la Pen\u00ednsula de Yucat\u00e1n, se pronunciaron en contra del megaproyecto del Tren Maya y expresaron su rechazo a la pretendida Consulta Ind\u00edgena organizada por el Gobierno mexicano, al\u2026","rel":"","context":"En &quot;16. Pueblo Maya&quot;","block_context":{"text":"16. Pueblo Maya","link":"https:\/\/www.grieta.org.mx\/index.php\/category\/espejos-de-la-resistencia\/16-pueblo-maya\/"},"img":{"alt_text":"","src":"https:\/\/i0.wp.com\/www.grieta.org.mx\/wp-content\/uploads\/2019\/12\/RechazanTrenMaya-e1575900335223.png?resize=350%2C200&ssl=1","width":350,"height":200,"srcset":"https:\/\/i0.wp.com\/www.grieta.org.mx\/wp-content\/uploads\/2019\/12\/RechazanTrenMaya-e1575900335223.png?resize=350%2C200&ssl=1 1x, https:\/\/i0.wp.com\/www.grieta.org.mx\/wp-content\/uploads\/2019\/12\/RechazanTrenMaya-e1575900335223.png?resize=525%2C300&ssl=1 1.5x, https:\/\/i0.wp.com\/www.grieta.org.mx\/wp-content\/uploads\/2019\/12\/RechazanTrenMaya-e1575900335223.png?resize=700%2C400&ssl=1 2x"},"classes":[]},{"id":54210,"url":"https:\/\/www.grieta.org.mx\/index.php\/2020\/10\/13\/organizaciones-indigenas-en-campeche-acusan-que-el-tren-maya-violenta-derechos-humanos\/","url_meta":{"origin":54154,"position":4},"title":"Organizaciones ind\u00edgenas en Campeche acusan que el Tren Maya violenta derechos humanos","author":"grieta","date":"13 octubre, 2020","format":false,"excerpt":"Juan Garc\u00eda \/ Por Esto! La construcci\u00f3n del \u201cTren Maya\u201d es una violaci\u00f3n a los derechos humanos de los pueblos originarios, acusan organizaciones ind\u00edgenas de la Pen\u00ednsula de Yucat\u00e1n, como el Consejo Regional Ind\u00edgena y Popular de Xpujil (CRIPX), ya que hasta ahora, cuando ya se ha iniciado con los\u2026","rel":"","context":"En &quot;25. Xpujil&quot;","block_context":{"text":"25. Xpujil","link":"https:\/\/www.grieta.org.mx\/index.php\/category\/espejos-de-la-resistencia\/25-xpujil\/"},"img":{"alt_text":"","src":"https:\/\/i0.wp.com\/www.grieta.org.mx\/wp-content\/uploads\/2020\/10\/Xpujil12oct20.png?resize=350%2C200&ssl=1","width":350,"height":200,"srcset":"https:\/\/i0.wp.com\/www.grieta.org.mx\/wp-content\/uploads\/2020\/10\/Xpujil12oct20.png?resize=350%2C200&ssl=1 1x, https:\/\/i0.wp.com\/www.grieta.org.mx\/wp-content\/uploads\/2020\/10\/Xpujil12oct20.png?resize=525%2C300&ssl=1 1.5x"},"classes":[]},{"id":69349,"url":"https:\/\/www.grieta.org.mx\/index.php\/2024\/07\/15\/construccion-del-tramo-7-del-tren-maya-sigue-pese-a-suspension-judicial-y-denuncia-de-desacato\/","url_meta":{"origin":54154,"position":5},"title":"Construcci\u00f3n del Tramo 7 del Tren Maya sigue pese a suspensi\u00f3n judicial y denuncia de desacato","author":"grieta","date":"15 julio, 2024","format":false,"excerpt":"La construcci\u00f3n de las obras del tramo 7 del Tren Maya contin\u00faan, pese a que existe una suspensi\u00f3n definitiva. Por ello, comunidades mayas de Campeche, en la Reserva de la Biosfera de Calakmul, siguen con la batalla legal y denuncian al gobierno de desacato. Despu\u00e9s de 4 a\u00f1os y medio\u2026","rel":"","context":"En &quot;25. Xpujil&quot;","block_context":{"text":"25. Xpujil","link":"https:\/\/www.grieta.org.mx\/index.php\/category\/espejos-de-la-resistencia\/25-xpujil\/"},"img":{"alt_text":"","src":"https:\/\/i0.wp.com\/www.grieta.org.mx\/wp-content\/uploads\/2024\/07\/TrenAmparo-e1722100744359.jpg?resize=350%2C200&ssl=1","width":350,"height":200,"srcset":"https:\/\/i0.wp.com\/www.grieta.org.mx\/wp-content\/uploads\/2024\/07\/TrenAmparo-e1722100744359.jpg?resize=350%2C200&ssl=1 1x, https:\/\/i0.wp.com\/www.grieta.org.mx\/wp-content\/uploads\/2024\/07\/TrenAmparo-e1722100744359.jpg?resize=525%2C300&ssl=1 1.5x, https:\/\/i0.wp.com\/www.grieta.org.mx\/wp-content\/uploads\/2024\/07\/TrenAmparo-e1722100744359.jpg?resize=700%2C400&ssl=1 2x"},"classes":[]}],"_links":{"self":[{"href":"https:\/\/www.grieta.org.mx\/index.php\/wp-json\/wp\/v2\/posts\/54154","targetHints":{"allow":["GET"]}}],"collection":[{"href":"https:\/\/www.grieta.org.mx\/index.php\/wp-json\/wp\/v2\/posts"}],"about":[{"href":"https:\/\/www.grieta.org.mx\/index.php\/wp-json\/wp\/v2\/types\/post"}],"author":[{"embeddable":true,"href":"https:\/\/www.grieta.org.mx\/index.php\/wp-json\/wp\/v2\/users\/2"}],"replies":[{"embeddable":true,"href":"https:\/\/www.grieta.org.mx\/index.php\/wp-json\/wp\/v2\/comments?post=54154"}],"version-history":[{"count":1,"href":"https:\/\/www.grieta.org.mx\/index.php\/wp-json\/wp\/v2\/posts\/54154\/revisions"}],"predecessor-version":[{"id":54156,"href":"https:\/\/www.grieta.org.mx\/index.php\/wp-json\/wp\/v2\/posts\/54154\/revisions\/54156"}],"wp:featuredmedia":[{"embeddable":true,"href":"https:\/\/www.grieta.org.mx\/index.php\/wp-json\/wp\/v2\/media\/54155"}],"wp:attachment":[{"href":"https:\/\/www.grieta.org.mx\/index.php\/wp-json\/wp\/v2\/media?parent=54154"}],"wp:term":[{"taxonomy":"category","embeddable":true,"href":"https:\/\/www.grieta.org.mx\/index.php\/wp-json\/wp\/v2\/categories?post=54154"},{"taxonomy":"post_tag","embeddable":true,"href":"https:\/\/www.grieta.org.mx\/index.php\/wp-json\/wp\/v2\/tags?post=54154"}],"curies":[{"name":"wp","href":"https:\/\/api.w.org\/{rel}","templated":true}]}}