{"id":54133,"date":"2020-09-24T00:49:56","date_gmt":"2020-09-24T05:49:56","guid":{"rendered":"http:\/\/www.grieta.org.mx\/?p=54133"},"modified":"2020-10-13T00:58:31","modified_gmt":"2020-10-13T05:58:31","slug":"dos-haitianos-que-enviaban-dinero-a-sus-familias-fueron-detenidos-por-la-policia-acusan-racismo-ciudad-de-mexico","status":"publish","type":"post","link":"https:\/\/www.grieta.org.mx\/index.php\/2020\/09\/24\/dos-haitianos-que-enviaban-dinero-a-sus-familias-fueron-detenidos-por-la-policia-acusan-racismo-ciudad-de-mexico\/","title":{"rendered":"Dos haitianos que enviaban dinero a sus familias fueron detenidos por la polic\u00eda; acusan racismo (Ciudad de M\u00e9xico)"},"content":{"rendered":"<p><img loading=\"lazy\" decoding=\"async\" data-attachment-id=\"54135\" data-permalink=\"https:\/\/www.grieta.org.mx\/index.php\/2020\/09\/24\/dos-haitianos-que-enviaban-dinero-a-sus-familias-fueron-detenidos-por-la-policia-acusan-racismo-ciudad-de-mexico\/dos-haitianos-que-enviaban-dinero-a-sus-familias-fueron-detenidos-por-la-policia-acusan-racismo-cdmx-oct\/\" data-orig-file=\"https:\/\/www.grieta.org.mx\/wp-content\/uploads\/2020\/10\/Dos-haitianos-que-enviaban-dinero-a-sus-familias-fueron-detenidos-por-la-policia-acusan-racismo-cdmx-oct.jpg\" data-orig-size=\"1280,800\" data-comments-opened=\"0\" data-image-meta=\"{&quot;aperture&quot;:&quot;1.8&quot;,&quot;credit&quot;:&quot;Arturo Contreras Camero&quot;,&quot;camera&quot;:&quot;Canon EOS REBEL T3i&quot;,&quot;caption&quot;:&quot;&quot;,&quot;created_timestamp&quot;:&quot;1600971821&quot;,&quot;copyright&quot;:&quot;ACC&quot;,&quot;focal_length&quot;:&quot;50&quot;,&quot;iso&quot;:&quot;1600&quot;,&quot;shutter_speed&quot;:&quot;0.0005&quot;,&quot;title&quot;:&quot;&quot;,&quot;orientation&quot;:&quot;1&quot;}\" data-image-title=\"Dos haitianos que enviaban dinero a sus familias fueron detenidos por la polic\u00eda; acusan racismo cdmx oct\" data-image-description=\"\" data-image-caption=\"\" data-medium-file=\"https:\/\/www.grieta.org.mx\/wp-content\/uploads\/2020\/10\/Dos-haitianos-que-enviaban-dinero-a-sus-familias-fueron-detenidos-por-la-policia-acusan-racismo-cdmx-oct-300x188.jpg\" data-large-file=\"https:\/\/www.grieta.org.mx\/wp-content\/uploads\/2020\/10\/Dos-haitianos-que-enviaban-dinero-a-sus-familias-fueron-detenidos-por-la-policia-acusan-racismo-cdmx-oct-1024x640.jpg\" class=\"alignnone wp-image-54135\" src=\"http:\/\/www.grieta.org.mx\/wp-content\/uploads\/2020\/10\/Dos-haitianos-que-enviaban-dinero-a-sus-familias-fueron-detenidos-por-la-policia-acusan-racismo-cdmx-oct.jpg\" alt=\"\" width=\"638\" height=\"399\" srcset=\"https:\/\/www.grieta.org.mx\/wp-content\/uploads\/2020\/10\/Dos-haitianos-que-enviaban-dinero-a-sus-familias-fueron-detenidos-por-la-policia-acusan-racismo-cdmx-oct.jpg 1280w, https:\/\/www.grieta.org.mx\/wp-content\/uploads\/2020\/10\/Dos-haitianos-que-enviaban-dinero-a-sus-familias-fueron-detenidos-por-la-policia-acusan-racismo-cdmx-oct-300x188.jpg 300w, https:\/\/www.grieta.org.mx\/wp-content\/uploads\/2020\/10\/Dos-haitianos-que-enviaban-dinero-a-sus-familias-fueron-detenidos-por-la-policia-acusan-racismo-cdmx-oct-1024x640.jpg 1024w, https:\/\/www.grieta.org.mx\/wp-content\/uploads\/2020\/10\/Dos-haitianos-que-enviaban-dinero-a-sus-familias-fueron-detenidos-por-la-policia-acusan-racismo-cdmx-oct-768x480.jpg 768w, https:\/\/www.grieta.org.mx\/wp-content\/uploads\/2020\/10\/Dos-haitianos-que-enviaban-dinero-a-sus-familias-fueron-detenidos-por-la-policia-acusan-racismo-cdmx-oct-800x500.jpg 800w\" sizes=\"auto, (max-width: 638px) 100vw, 638px\" \/><\/p>\n<p>Texto: Arturo Contreras Camero<\/p>\n<p>Fotos: Arturo Contreras y SSC<\/p>\n<p>Pie de P\u00e1gina<\/p>\n<p><strong>Despu\u00e9s de retirar dinero en un banco e intentar enviarlo a sus familiares en Hait\u00ed, dos haitianos fueron detenidos por la polic\u00eda de Ciudad de M\u00e9xico y remitidos al Ministerio P\u00fablico. La comunidad haitiana en M\u00e9xico reclama una detenci\u00f3n arbitraria por su perfil racial\u00a0<\/strong><\/p>\n<p>Jean Holny Janvier y Jhon Kerry Borno, migrantes haitianos, fueron detenidos a las seis con diez minutos de la tarde del mi\u00e9rcoles 23 de septiembre. Con ellos cargaban 23 mil pesos y algunas tarjetas bancarias. Hab\u00edan retirado el efectivo para enviarlo a sus familiares en Hait\u00ed, pero no pudieron. Saliendo del banco la polic\u00eda de la ciudad los detuvo y los llev\u00f3 al Ministerio P\u00fablico a bordo de la patrulla DF-505Z1.<\/p>\n<p>\u201cAyer ellos quer\u00edan enviar un dinero, fueron al cajero dentro del banco de Coppel, sacaron 20 mil pesos ah\u00ed en la caja, con su identificaci\u00f3n. Quer\u00edan mandar el dinero a Hait\u00ed, pero no hab\u00eda servicio para hacer la transferencia\u201d coment\u00f3 en entrevista Wilner Metelus del Comit\u00e9 Ciudadano en defensa de los Afromexicanos.<\/p>\n<p>\u201cComo no pudieron, fueron a enviar el dinero por Elektra, salieron del banco y, nadie sabe c\u00f3mo, los polic\u00edas sab\u00edan que tra\u00edan algo de dinero. Les preguntaron de d\u00f3nde ven\u00edan y c\u00f3mo hab\u00edan obtenido el dinero, y les pidieron que se subieran a la patrulla. Ellos no quer\u00edan ir, ten\u00edan miedo de subirse a la patrulla\u201d, cuenta Metelus.<\/p>\n<p><img loading=\"lazy\" decoding=\"async\" data-attachment-id=\"54136\" data-permalink=\"https:\/\/www.grieta.org.mx\/index.php\/2020\/09\/24\/dos-haitianos-que-enviaban-dinero-a-sus-familias-fueron-detenidos-por-la-policia-acusan-racismo-ciudad-de-mexico\/haitianos_detenidos_pooiciagam_arturo_contreras\/\" data-orig-file=\"https:\/\/www.grieta.org.mx\/wp-content\/uploads\/2020\/10\/Haitianos_detenidos_pooiciaGAM_ARturo_Contreras.jpg\" data-orig-size=\"992,620\" data-comments-opened=\"0\" data-image-meta=\"{&quot;aperture&quot;:&quot;3.5&quot;,&quot;credit&quot;:&quot;Arturo Contreras Camero&quot;,&quot;camera&quot;:&quot;Canon EOS REBEL T3i&quot;,&quot;caption&quot;:&quot;&quot;,&quot;created_timestamp&quot;:&quot;1600975341&quot;,&quot;copyright&quot;:&quot;ACC&quot;,&quot;focal_length&quot;:&quot;50&quot;,&quot;iso&quot;:&quot;800&quot;,&quot;shutter_speed&quot;:&quot;0.1&quot;,&quot;title&quot;:&quot;&quot;,&quot;orientation&quot;:&quot;1&quot;}\" data-image-title=\"Haitianos_detenidos_pooiciaGAM_ARturo_Contreras\" data-image-description=\"\" data-image-caption=\"\" data-medium-file=\"https:\/\/www.grieta.org.mx\/wp-content\/uploads\/2020\/10\/Haitianos_detenidos_pooiciaGAM_ARturo_Contreras-300x188.jpg\" data-large-file=\"https:\/\/www.grieta.org.mx\/wp-content\/uploads\/2020\/10\/Haitianos_detenidos_pooiciaGAM_ARturo_Contreras.jpg\" class=\"alignnone wp-image-54136\" src=\"http:\/\/www.grieta.org.mx\/wp-content\/uploads\/2020\/10\/Haitianos_detenidos_pooiciaGAM_ARturo_Contreras.jpg\" alt=\"\" width=\"651\" height=\"407\" srcset=\"https:\/\/www.grieta.org.mx\/wp-content\/uploads\/2020\/10\/Haitianos_detenidos_pooiciaGAM_ARturo_Contreras.jpg 992w, https:\/\/www.grieta.org.mx\/wp-content\/uploads\/2020\/10\/Haitianos_detenidos_pooiciaGAM_ARturo_Contreras-300x188.jpg 300w, https:\/\/www.grieta.org.mx\/wp-content\/uploads\/2020\/10\/Haitianos_detenidos_pooiciaGAM_ARturo_Contreras-768x480.jpg 768w, https:\/\/www.grieta.org.mx\/wp-content\/uploads\/2020\/10\/Haitianos_detenidos_pooiciaGAM_ARturo_Contreras-800x500.jpg 800w\" sizes=\"auto, (max-width: 651px) 100vw, 651px\" \/><\/p>\n<h6>Foto: Arturo Contreras.<\/h6>\n<p>La ma\u00f1ana del jueves siguiente a la detenci\u00f3n, la Secretar\u00eda de Seguridad Ciudadana de Ciudad de M\u00e9xico emiti\u00f3 el comunicado 1968\/2020 en el que informa de la detenci\u00f3n de los dos hombres: \u201cse les aseguraron varias tarjetas bancarias de las que no acreditaron su legal propiedad, as\u00ed como dinero en efectivo\u201d.<\/p>\n<p>\u201cEfectivos de la Polic\u00eda Auxiliar realizaban recorridos de vigilancia en la zona, y se percataron que dos ciudadanos, al parecer extranjeros, manipulaban pl\u00e1sticos y dinero, en las inmediaciones de una sucursal bancaria\u201d, contin\u00faa el comunicado. \u201cSe les hallaron ocho tarjetas bancarias, tres identificaciones y dos pasaportes. Al no poder comprobar la legal propiedad de los pl\u00e1sticos crediticios que ten\u00edan distintos nombres y domicilios, los hombres de 36 y 21 a\u00f1os de edad, que dijeron ser originarios de Hait\u00ed, fueron detenidos\u201d.<\/p>\n<p>Jean y Jhon cargaban consigo sus pasaportes y otras identificaciones y tarjetas. Tres de ellas corresponden a documentos de identidad chilenos, d\u00f3nde sol\u00edan vivir antes de llegar a M\u00e9xico. El resto de las tarjetas corresponden a sus pl\u00e1sticos bancarios personales, dos de ellos emitidos por bancos mexicanos, entre ellos una tarjeta Coppel y otras de bancos chilenos.<\/p>\n<blockquote class=\"wp-block-quote is-style-large\"><p>\u201cLas credenciales que mostr\u00f3 la polic\u00eda a la prensa no son tarjetas de cr\u00e9dito, son de su residencia en Chile. Pedimos la intervenci\u00f3n de la jefa de Gobierno porque esta es una detenci\u00f3n hecha bajo el perfil racial\u00bb, explica Wilner Metelus.<\/p><\/blockquote>\n<p>Esta tarde un grupo de haitianos se manifest\u00f3 afuera del Ministerio P\u00fablico n\u00famero 4 de la alcald\u00eda Gustavo A. Mader, solicitando la liberaci\u00f3n de sus compa\u00f1eros.<\/p>\n<p>Emmanuelle Delicieux vive con Jean Holny Janvier, \u00e9l confirma que el dinero que su compa\u00f1ero retir\u00f3 del banco era para su familia en Hait\u00ed y para los gastos m\u00e9dicos de su esposa, que tambi\u00e9n vive con ellos y est\u00e1 embarazada.<\/p>\n<p>Emmanuelle present\u00f3 en el Ministerio P\u00fablico los contratos que vinculan las cuentas de donde se retir\u00f3 el dinero con Jean Holny, su titular; sin embargo, las autoridades del ministerio siguen sin liberar a los dos hombres pues aseguran, deben rendir sus declaraciones.<\/p>\n<p>Emmanuelle explica que afuera de esa sucursal del Banco Coppel, ubicada sobre avenida Calzada de Guadalupe 747, suele haber polic\u00edas que extorsionan a quienes pasan por ah\u00ed. \u00abNo s\u00f3lo haitianos, tambi\u00e9n detienen a personas que parecen venezolanos y a otras personas\u201d.<\/p>\n<p>La sucursal est\u00e1 en contra esquina de la Bas\u00edlica de Guadalupe.<\/p>\n<p><img loading=\"lazy\" decoding=\"async\" data-attachment-id=\"54137\" data-permalink=\"https:\/\/www.grieta.org.mx\/index.php\/2020\/09\/24\/dos-haitianos-que-enviaban-dinero-a-sus-familias-fueron-detenidos-por-la-policia-acusan-racismo-ciudad-de-mexico\/haitianos_detenidos_pooiciagam_especial\/\" data-orig-file=\"https:\/\/www.grieta.org.mx\/wp-content\/uploads\/2020\/10\/Haitianos_detenidos_pooiciaGAM_especial.jpeg\" data-orig-size=\"526,709\" data-comments-opened=\"0\" data-image-meta=\"{&quot;aperture&quot;:&quot;0&quot;,&quot;credit&quot;:&quot;&quot;,&quot;camera&quot;:&quot;&quot;,&quot;caption&quot;:&quot;&quot;,&quot;created_timestamp&quot;:&quot;0&quot;,&quot;copyright&quot;:&quot;&quot;,&quot;focal_length&quot;:&quot;0&quot;,&quot;iso&quot;:&quot;0&quot;,&quot;shutter_speed&quot;:&quot;0&quot;,&quot;title&quot;:&quot;&quot;,&quot;orientation&quot;:&quot;1&quot;}\" data-image-title=\"Haitianos_detenidos_pooiciaGAM_especial\" data-image-description=\"\" data-image-caption=\"\" data-medium-file=\"https:\/\/www.grieta.org.mx\/wp-content\/uploads\/2020\/10\/Haitianos_detenidos_pooiciaGAM_especial-223x300.jpeg\" data-large-file=\"https:\/\/www.grieta.org.mx\/wp-content\/uploads\/2020\/10\/Haitianos_detenidos_pooiciaGAM_especial.jpeg\" class=\"alignnone wp-image-54137\" src=\"http:\/\/www.grieta.org.mx\/wp-content\/uploads\/2020\/10\/Haitianos_detenidos_pooiciaGAM_especial.jpeg\" alt=\"\" width=\"472\" height=\"636\" srcset=\"https:\/\/www.grieta.org.mx\/wp-content\/uploads\/2020\/10\/Haitianos_detenidos_pooiciaGAM_especial.jpeg 526w, https:\/\/www.grieta.org.mx\/wp-content\/uploads\/2020\/10\/Haitianos_detenidos_pooiciaGAM_especial-223x300.jpeg 223w, https:\/\/www.grieta.org.mx\/wp-content\/uploads\/2020\/10\/Haitianos_detenidos_pooiciaGAM_especial-371x500.jpeg 371w\" sizes=\"auto, (max-width: 472px) 100vw, 472px\" \/><\/p>\n<h6>Documentos presentados por elementos policiacos.<\/h6>\n<blockquote class=\"wp-block-quote is-style-large\"><p>\u00abPedimos justicia. Que la fiscal\u00eda llame a los polic\u00edas a denunciar, o a investigar a esos polic\u00edas. Tambi\u00e9n queremos que nos devuelvan los 23 mil pesos que les quitaron\u00bb, dice mientras muestra una copia de los recibos del retiro.<\/p><\/blockquote>\n<p>Al cierre de esta edici\u00f3n Emanuelle y una decena m\u00e1s de personas esperan afuera del Ministerio P\u00fablico n\u00famro 4 de la Gustavo A. Madero a que las autoridades liberen a sus amigos.<\/p>\n<h3>Liberan a haitianos<\/h3>\n<p>Jean y Jhon fueron liberados el viernes 25 de septiembre alrededor del mediod\u00eda, sin embargo, la polic\u00eda no les devolvi\u00f3 los 23 mil pesos que les retiraron en el momento de su detenci\u00f3n. Ese mismo viernes levantaron una denuncia en el mismo Ministerio P\u00fablico en el que estuvieron detenidos.<\/p>\n<p>Integrantes de la comunidad haitiana en M\u00e9xico protestar\u00e1n el pr\u00f3ximo lunes 28 de septiembre frente a las oficinas de gobierno de la ciudada. Demandar\u00e1n una disculpa p\u00fablica por parte de la polic\u00eda de la ciudad por da\u00f1ar la imagen de Jean y de Jhon, as\u00ed como de toda la comunidad migrante y afro en M\u00e9xico.<\/p>\n<p><a href=\"https:\/\/piedepagina.mx\/dos-haitianos-que-enviaban-dinero-a-sus-familias-fueron-detenidos-por-al-policia-su-comunidad-acusa-racismo\/\" target=\"_blank\" rel=\"noopener noreferrer\">https:\/\/piedepagina.mx\/dos-haitianos-que-enviaban-dinero-a-sus-familias-fueron-detenidos-por-al-policia-su-comunidad-acusa-racismo\/<\/a><\/p>\n<p>&nbsp;<\/p>\n","protected":false},"excerpt":{"rendered":"<p>Texto: Arturo Contreras Camero Fotos: Arturo Contreras y SSC Pie de P\u00e1gina Despu\u00e9s de retirar dinero en un banco e intentar enviarlo a sus familiares en Hait\u00ed, dos haitianos fueron &hellip; <a href=\"https:\/\/www.grieta.org.mx\/index.php\/2020\/09\/24\/dos-haitianos-que-enviaban-dinero-a-sus-familias-fueron-detenidos-por-la-policia-acusan-racismo-ciudad-de-mexico\/\" class=\"more-link\">Leer m\u00e1s<\/a><\/p>\n","protected":false},"author":2,"featured_media":54135,"comment_status":"closed","ping_status":"closed","sticky":false,"template":"","format":"standard","meta":{"ngg_post_thumbnail":0,"_jetpack_newsletter_access":"","_jetpack_dont_email_post_to_subs":false,"_jetpack_newsletter_tier_id":0,"_jetpack_memberships_contains_paywalled_content":false,"_jetpack_memberships_contains_paid_content":false,"footnotes":""},"categories":[2804,80,14,1821,86,2,83],"tags":[1395,2204,2873,158,1034],"class_list":["post-54133","post","type-post","status-publish","format-standard","has-post-thumbnail","hentry","category-abuso-policiaco-y-tortura-en-la-ciudad-de-mexico","category-cintillo","category-ciudad-de-mexico","category-detenciones-ilegales-en-la-ciudad-de-mexico","category-migrantes","category-noticias-nacionales","category-temas-nacionales","tag-abuso-contra-migrantes","tag-abuso-de-fuerzas-represivas","tag-detencion-ilegal-de-migrantes","tag-migrantes","tag-violencias-de-fuerzas-represivas","entry"],"jetpack_featured_media_url":"https:\/\/www.grieta.org.mx\/wp-content\/uploads\/2020\/10\/Dos-haitianos-que-enviaban-dinero-a-sus-familias-fueron-detenidos-por-la-policia-acusan-racismo-cdmx-oct.jpg","jetpack_sharing_enabled":true,"jetpack_shortlink":"https:\/\/wp.me\/p7ZJR4-e57","jetpack_likes_enabled":false,"jetpack-related-posts":[{"id":61859,"url":"https:\/\/www.grieta.org.mx\/index.php\/2021\/09\/22\/hacinados-con-covid-sin-medico-canadiense-narra-abusos-en-sitio-migratorio-de-cdmx\/","url_meta":{"origin":54133,"position":0},"title":"Hacinados, con COVID, sin m\u00e9dico. Canadiense narra abusos en sitio migratorio de CdMx","author":"grieta","date":"22 septiembre, 2021","format":false,"excerpt":"Redacci\u00f3n \/ SinEmbargo Un artista canadiense que fue detenido en el centro migratorio Las Ajugas denunci\u00f3 hacinamiento, carencia de protocolos sanitarios, negligencia y falta de atenci\u00f3n m\u00e9dica para personas recluidas en el sitio. Ciudad de M\u00e9xico, 22 de septiembre (SinEmbargo).\u2013 El cantante canadiense Daniel Mat\u00e9 denunci\u00f3 en sus redes sociales\u2026","rel":"","context":"En &quot;Abuso policiaco y tortura en la Ciudad de M\u00e9xico&quot;","block_context":{"text":"Abuso policiaco y tortura en la Ciudad de M\u00e9xico","link":"https:\/\/www.grieta.org.mx\/index.php\/category\/noticias-nacionales\/ciudad-de-mexico\/abuso-policiaco-y-tortura-en-la-ciudad-de-mexico\/"},"img":{"alt_text":"","src":"https:\/\/i0.wp.com\/www.grieta.org.mx\/wp-content\/uploads\/2021\/09\/Hacinados-con-COVID-sin-medico.-Canadiense-narra-abusos-en-sitio-migratorio-de-CdMx.jpg?resize=350%2C200&ssl=1","width":350,"height":200,"srcset":"https:\/\/i0.wp.com\/www.grieta.org.mx\/wp-content\/uploads\/2021\/09\/Hacinados-con-COVID-sin-medico.-Canadiense-narra-abusos-en-sitio-migratorio-de-CdMx.jpg?resize=350%2C200&ssl=1 1x, https:\/\/i0.wp.com\/www.grieta.org.mx\/wp-content\/uploads\/2021\/09\/Hacinados-con-COVID-sin-medico.-Canadiense-narra-abusos-en-sitio-migratorio-de-CdMx.jpg?resize=525%2C300&ssl=1 1.5x, https:\/\/i0.wp.com\/www.grieta.org.mx\/wp-content\/uploads\/2021\/09\/Hacinados-con-COVID-sin-medico.-Canadiense-narra-abusos-en-sitio-migratorio-de-CdMx.jpg?resize=700%2C400&ssl=1 2x, https:\/\/i0.wp.com\/www.grieta.org.mx\/wp-content\/uploads\/2021\/09\/Hacinados-con-COVID-sin-medico.-Canadiense-narra-abusos-en-sitio-migratorio-de-CdMx.jpg?resize=1050%2C600&ssl=1 3x"},"classes":[]},{"id":32442,"url":"https:\/\/www.grieta.org.mx\/index.php\/2019\/04\/23\/detienen-con-brutalidad-a-cientos-de-migrantes-en-mexico\/","url_meta":{"origin":54133,"position":1},"title":"Detienen con brutalidad a cientos de migrantes en M\u00e9xico","author":"grieta","date":"23 abril, 2019","format":false,"excerpt":"SPUNIK https:\/\/video.img.ria.ru\/Out\/Flv\/20190423\/2019_04_23_Mexico16x9_ohkm5ptu.bmv.mp4 Cientos de migrantes fueron detenidos por la Polic\u00eda mexicana y agentes de inmigraci\u00f3n durante una redada sorpresa sobre una caravana en el estado de Chiapas. Hombres, mujeres y ni\u00f1os estaban descansando a las afueras de la ciudad de Pijijiapan cuando las autoridades que patrullaban la zona comenzaron a\u2026","rel":"","context":"En &quot;CINTILLO&quot;","block_context":{"text":"CINTILLO","link":"https:\/\/www.grieta.org.mx\/index.php\/category\/cintillo\/"},"img":{"alt_text":"","src":"https:\/\/i0.wp.com\/www.grieta.org.mx\/wp-content\/uploads\/2018\/03\/14524434_1106112876131411_958039263622046936_o.jpg?resize=350%2C200&ssl=1","width":350,"height":200,"srcset":"https:\/\/i0.wp.com\/www.grieta.org.mx\/wp-content\/uploads\/2018\/03\/14524434_1106112876131411_958039263622046936_o.jpg?resize=350%2C200&ssl=1 1x, https:\/\/i0.wp.com\/www.grieta.org.mx\/wp-content\/uploads\/2018\/03\/14524434_1106112876131411_958039263622046936_o.jpg?resize=525%2C300&ssl=1 1.5x, https:\/\/i0.wp.com\/www.grieta.org.mx\/wp-content\/uploads\/2018\/03\/14524434_1106112876131411_958039263622046936_o.jpg?resize=700%2C400&ssl=1 2x"},"classes":[]},{"id":62187,"url":"https:\/\/www.grieta.org.mx\/index.php\/2021\/09\/23\/hasta-en-el-cielo-hay-control-migratorio-dice-titular-de-inm-sobre-migrantes-haitianos-en-mexico\/","url_meta":{"origin":54133,"position":2},"title":"\u201cHasta en el cielo hay control migratorio\u201d, dice titular de INM sobre migrantes haitianos en M\u00e9xico","author":"grieta","date":"23 septiembre, 2021","format":false,"excerpt":"ANIMAL POL\u00cdTICO Durante su visita a la Ciudad de Acu\u00f1a, Coahuila, donde varios migrantes han sido detenidos por agentes fronterizos, el titular de migraci\u00f3n asegur\u00f3 que M\u00e9xico nunca ha sido un pa\u00eds de fronteras abiertas. El titular del Instituto Nacional de Migraci\u00f3n (INM), Francisco Gardu\u00f1o Y\u00e1\u00f1ez, asegur\u00f3 durante su visita\u2026","rel":"","context":"En &quot;CINTILLO&quot;","block_context":{"text":"CINTILLO","link":"https:\/\/www.grieta.org.mx\/index.php\/category\/cintillo\/"},"img":{"alt_text":"","src":"https:\/\/i0.wp.com\/www.grieta.org.mx\/wp-content\/uploads\/2021\/10\/Francisco-Garduno-INM.jpg?resize=350%2C200&ssl=1","width":350,"height":200,"srcset":"https:\/\/i0.wp.com\/www.grieta.org.mx\/wp-content\/uploads\/2021\/10\/Francisco-Garduno-INM.jpg?resize=350%2C200&ssl=1 1x, https:\/\/i0.wp.com\/www.grieta.org.mx\/wp-content\/uploads\/2021\/10\/Francisco-Garduno-INM.jpg?resize=525%2C300&ssl=1 1.5x, https:\/\/i0.wp.com\/www.grieta.org.mx\/wp-content\/uploads\/2021\/10\/Francisco-Garduno-INM.jpg?resize=700%2C400&ssl=1 2x"},"classes":[]},{"id":62123,"url":"https:\/\/www.grieta.org.mx\/index.php\/2021\/09\/15\/racistas-corruptos-y-criminales-migracion-y-gn-de-las-choapas-activista-haitiano\/","url_meta":{"origin":54133,"position":3},"title":"&#8220;Racistas, corruptos y criminales&#8221;, migraci\u00f3n y GN de Las Choapas: activista haitiano","author":"grieta","date":"15 septiembre, 2021","format":false,"excerpt":"\u00c1lex Cazar\u00edn \/ Presencia El presidente del Comit\u00e9 Ciudadano en Defensa de los Naturalizados y Afroamericanos (CCDNAM), Wilner Metelus, exigi\u00f3 el martes al mediod\u00eda la liberaci\u00f3n de un grupo de haitianos detenidos en Las Choapas. El presidente del Comit\u00e9 Ciudadano en Defensa de los Naturalizados y Afroamericanos (CCDNAM), Wilner Metelus,\u2026","rel":"","context":"En &quot;CINTILLO&quot;","block_context":{"text":"CINTILLO","link":"https:\/\/www.grieta.org.mx\/index.php\/category\/cintillo\/"},"img":{"alt_text":"","src":"https:\/\/i0.wp.com\/www.grieta.org.mx\/wp-content\/uploads\/2021\/10\/Screenshot-2021-10-04-at-12-58-06-Racistas-corruptos-y-criminales-migracion-y-GN-de-Las-Choapas-activista-haitiano.png?resize=350%2C200&ssl=1","width":350,"height":200,"srcset":"https:\/\/i0.wp.com\/www.grieta.org.mx\/wp-content\/uploads\/2021\/10\/Screenshot-2021-10-04-at-12-58-06-Racistas-corruptos-y-criminales-migracion-y-GN-de-Las-Choapas-activista-haitiano.png?resize=350%2C200&ssl=1 1x, https:\/\/i0.wp.com\/www.grieta.org.mx\/wp-content\/uploads\/2021\/10\/Screenshot-2021-10-04-at-12-58-06-Racistas-corruptos-y-criminales-migracion-y-GN-de-Las-Choapas-activista-haitiano.png?resize=525%2C300&ssl=1 1.5x, https:\/\/i0.wp.com\/www.grieta.org.mx\/wp-content\/uploads\/2021\/10\/Screenshot-2021-10-04-at-12-58-06-Racistas-corruptos-y-criminales-migracion-y-GN-de-Las-Choapas-activista-haitiano.png?resize=700%2C400&ssl=1 2x, https:\/\/i0.wp.com\/www.grieta.org.mx\/wp-content\/uploads\/2021\/10\/Screenshot-2021-10-04-at-12-58-06-Racistas-corruptos-y-criminales-migracion-y-GN-de-Las-Choapas-activista-haitiano.png?resize=1050%2C600&ssl=1 3x, https:\/\/i0.wp.com\/www.grieta.org.mx\/wp-content\/uploads\/2021\/10\/Screenshot-2021-10-04-at-12-58-06-Racistas-corruptos-y-criminales-migracion-y-GN-de-Las-Choapas-activista-haitiano.png?resize=1400%2C800&ssl=1 4x"},"classes":[]},{"id":61862,"url":"https:\/\/www.grieta.org.mx\/index.php\/2021\/09\/23\/haitianos-llegan-a-cdmx-en-busca-de-refugio-albergues-estan-saturados\/","url_meta":{"origin":54133,"position":4},"title":"Haitianos llegan a CDMX en busca de refugio; albergues est\u00e1n saturados","author":"grieta","date":"23 septiembre, 2021","format":false,"excerpt":"Alberto Pradilla \/ Animal Pol\u00edtico El n\u00famero de extranjeros que llega a las oficinas de Comar en la capital se multiplic\u00f3 por seis en un solo d\u00eda. Carlos Jethro es haitiano, tiene 31 a\u00f1os y lleva dos d\u00edas en la Ciudad de M\u00e9xico. Dice que no sabe d\u00f3nde va a\u2026","rel":"","context":"En &quot;CINTILLO&quot;","block_context":{"text":"CINTILLO","link":"https:\/\/www.grieta.org.mx\/index.php\/category\/cintillo\/"},"img":{"alt_text":"","src":"https:\/\/i0.wp.com\/www.grieta.org.mx\/wp-content\/uploads\/2021\/09\/Haitianos-llegan-a-CDMX-en-busca-de-refugio-albergues-estan-saturados.jpg?resize=350%2C200&ssl=1","width":350,"height":200,"srcset":"https:\/\/i0.wp.com\/www.grieta.org.mx\/wp-content\/uploads\/2021\/09\/Haitianos-llegan-a-CDMX-en-busca-de-refugio-albergues-estan-saturados.jpg?resize=350%2C200&ssl=1 1x, https:\/\/i0.wp.com\/www.grieta.org.mx\/wp-content\/uploads\/2021\/09\/Haitianos-llegan-a-CDMX-en-busca-de-refugio-albergues-estan-saturados.jpg?resize=525%2C300&ssl=1 1.5x, https:\/\/i0.wp.com\/www.grieta.org.mx\/wp-content\/uploads\/2021\/09\/Haitianos-llegan-a-CDMX-en-busca-de-refugio-albergues-estan-saturados.jpg?resize=700%2C400&ssl=1 2x"},"classes":[]},{"id":62084,"url":"https:\/\/www.grieta.org.mx\/index.php\/2021\/09\/27\/migrantes-en-ciudad-acuna-coahuila-caminaron-hacia-el-limbo\/","url_meta":{"origin":54133,"position":5},"title":"Migrantes en Ciudad Acu\u00f1a (Coahuila): Caminaron hacia el limbo","author":"grieta","date":"27 septiembre, 2021","format":false,"excerpt":"TEXTO: STEPHANIA CORPI ARNAUD \/ FOTOGRAF\u00cdAS: F\u00c9LIX M\u00c1RQUEZ \/ PIE DE P\u00c1GINA \/ LA VERDAD La disyuntiva: quedarse en M\u00e9xico para ser deportado a Tapachula, o cruzar a Del R\u00edo y probar suerte para un asilo en EU y ser deportado hasta Puerto Pr\u00edncipe Ciudad Acu\u00f1a, Coahuila.- \u201cMe podr\u00eda ayudar\u2026","rel":"","context":"En &quot;CINTILLO&quot;","block_context":{"text":"CINTILLO","link":"https:\/\/www.grieta.org.mx\/index.php\/category\/cintillo\/"},"img":{"alt_text":"","src":"https:\/\/i0.wp.com\/www.grieta.org.mx\/wp-content\/uploads\/2021\/10\/Migrantes_haitianos_FelixMarquez-e1632698225533.jpeg?resize=350%2C200&ssl=1","width":350,"height":200,"srcset":"https:\/\/i0.wp.com\/www.grieta.org.mx\/wp-content\/uploads\/2021\/10\/Migrantes_haitianos_FelixMarquez-e1632698225533.jpeg?resize=350%2C200&ssl=1 1x, https:\/\/i0.wp.com\/www.grieta.org.mx\/wp-content\/uploads\/2021\/10\/Migrantes_haitianos_FelixMarquez-e1632698225533.jpeg?resize=525%2C300&ssl=1 1.5x, https:\/\/i0.wp.com\/www.grieta.org.mx\/wp-content\/uploads\/2021\/10\/Migrantes_haitianos_FelixMarquez-e1632698225533.jpeg?resize=700%2C400&ssl=1 2x, https:\/\/i0.wp.com\/www.grieta.org.mx\/wp-content\/uploads\/2021\/10\/Migrantes_haitianos_FelixMarquez-e1632698225533.jpeg?resize=1050%2C600&ssl=1 3x"},"classes":[]}],"_links":{"self":[{"href":"https:\/\/www.grieta.org.mx\/index.php\/wp-json\/wp\/v2\/posts\/54133","targetHints":{"allow":["GET"]}}],"collection":[{"href":"https:\/\/www.grieta.org.mx\/index.php\/wp-json\/wp\/v2\/posts"}],"about":[{"href":"https:\/\/www.grieta.org.mx\/index.php\/wp-json\/wp\/v2\/types\/post"}],"author":[{"embeddable":true,"href":"https:\/\/www.grieta.org.mx\/index.php\/wp-json\/wp\/v2\/users\/2"}],"replies":[{"embeddable":true,"href":"https:\/\/www.grieta.org.mx\/index.php\/wp-json\/wp\/v2\/comments?post=54133"}],"version-history":[{"count":1,"href":"https:\/\/www.grieta.org.mx\/index.php\/wp-json\/wp\/v2\/posts\/54133\/revisions"}],"predecessor-version":[{"id":54138,"href":"https:\/\/www.grieta.org.mx\/index.php\/wp-json\/wp\/v2\/posts\/54133\/revisions\/54138"}],"wp:featuredmedia":[{"embeddable":true,"href":"https:\/\/www.grieta.org.mx\/index.php\/wp-json\/wp\/v2\/media\/54135"}],"wp:attachment":[{"href":"https:\/\/www.grieta.org.mx\/index.php\/wp-json\/wp\/v2\/media?parent=54133"}],"wp:term":[{"taxonomy":"category","embeddable":true,"href":"https:\/\/www.grieta.org.mx\/index.php\/wp-json\/wp\/v2\/categories?post=54133"},{"taxonomy":"post_tag","embeddable":true,"href":"https:\/\/www.grieta.org.mx\/index.php\/wp-json\/wp\/v2\/tags?post=54133"}],"curies":[{"name":"wp","href":"https:\/\/api.w.org\/{rel}","templated":true}]}}