{"id":54121,"date":"2020-10-12T20:35:35","date_gmt":"2020-10-13T01:35:35","guid":{"rendered":"http:\/\/www.grieta.org.mx\/?p=54121"},"modified":"2020-10-13T00:49:57","modified_gmt":"2020-10-13T05:49:57","slug":"jornada-nacional-de-movilizacion-en-defensa-de-la-madre-tierra-contra-la-guerra-al-ezln-los-pueblos-y-comunidades-indigenas-en-oaxaca","status":"publish","type":"post","link":"https:\/\/www.grieta.org.mx\/index.php\/2020\/10\/12\/jornada-nacional-de-movilizacion-en-defensa-de-la-madre-tierra-contra-la-guerra-al-ezln-los-pueblos-y-comunidades-indigenas-en-oaxaca\/","title":{"rendered":"Jornada Nacional de Movilizaci\u00f3n en Defensa de la Madre Tierra, contra la guerra al EZLN, los pueblos y comunidades Ind\u00edgenas en Oaxaca"},"content":{"rendered":"<p>Radio Zapatista \/ Informaci\u00f3n CNI<\/p>\n<p><strong>Mat\u00edas Romero<\/strong>, Oaxaca 12 de octubre 2020<\/p>\n<p>En el marco de la Jornada Nacional de Movilizaci\u00f3n en Defensa de la Madre Tierra, contra la guerra al EZLN, los pueblos y comunidades Ind\u00edgenas. Mitin UCIZONI RESISTENCIA CIVIL DEL ISTMO en Estaci\u00f3n Ferrocarril de Mat\u00edas Romero Oaxaca #diadelaresistencia #dignidaddelospueblos.<\/p>\n<p><img loading=\"lazy\" decoding=\"async\" data-attachment-id=\"54123\" data-permalink=\"https:\/\/www.grieta.org.mx\/index.php\/2020\/10\/12\/jornada-nacional-de-movilizacion-en-defensa-de-la-madre-tierra-contra-la-guerra-al-ezln-los-pueblos-y-comunidades-indigenas-en-oaxaca\/a-55\/\" data-orig-file=\"https:\/\/www.grieta.org.mx\/wp-content\/uploads\/2020\/10\/a.jpg\" data-orig-size=\"679,313\" data-comments-opened=\"0\" data-image-meta=\"{&quot;aperture&quot;:&quot;0&quot;,&quot;credit&quot;:&quot;&quot;,&quot;camera&quot;:&quot;&quot;,&quot;caption&quot;:&quot;&quot;,&quot;created_timestamp&quot;:&quot;0&quot;,&quot;copyright&quot;:&quot;&quot;,&quot;focal_length&quot;:&quot;0&quot;,&quot;iso&quot;:&quot;0&quot;,&quot;shutter_speed&quot;:&quot;0&quot;,&quot;title&quot;:&quot;&quot;,&quot;orientation&quot;:&quot;0&quot;}\" data-image-title=\"a\" data-image-description=\"\" data-image-caption=\"\" data-medium-file=\"https:\/\/www.grieta.org.mx\/wp-content\/uploads\/2020\/10\/a-300x138.jpg\" data-large-file=\"https:\/\/www.grieta.org.mx\/wp-content\/uploads\/2020\/10\/a.jpg\" class=\"alignnone wp-image-54123\" src=\"http:\/\/www.grieta.org.mx\/wp-content\/uploads\/2020\/10\/a.jpg\" alt=\"\" width=\"800\" height=\"369\" srcset=\"https:\/\/www.grieta.org.mx\/wp-content\/uploads\/2020\/10\/a.jpg 679w, https:\/\/www.grieta.org.mx\/wp-content\/uploads\/2020\/10\/a-300x138.jpg 300w\" sizes=\"auto, (max-width: 800px) 100vw, 800px\" \/><\/p>\n<p><strong>Bloqueo carretera panamericana, desviaci\u00f3n Tezoatl\u00e1n<\/strong>, Oaxaca 12 de octubre de 2020<\/p>\n<p>En el marco de la Jornada Nacional de Movilizaci\u00f3n en Defensa de la Madre Tierra, contra la guerra al EZLN, los pueblos y comunidades ind\u00edgenas. Bloqueo carretero por compa\u00f1eros de MA\u00cdZ, en carretera panamericana 190 m, desviacion Tezoatlan. #diadelaresistencia #EZLN #CNI #CIG<\/p>\n<p><strong>Bloqueo a CFE en Oaxaca<\/strong> 12 de octubre 2020<\/p>\n<p>En el Marco de la Jornada Nacional de Movilizaci\u00f3n en Defensa de la Madre Tierra, contra la guerra al EZLN, los pueblos y comunidades ind\u00edgenas. Organizaciones de #Oaxaca bloquean accesos a CFE Oaxaca. #diadelaresistencia #dignidaddelospueblos #EZLN #CNI #CIG<\/p>\n<p><img loading=\"lazy\" decoding=\"async\" data-attachment-id=\"54127\" data-permalink=\"https:\/\/www.grieta.org.mx\/index.php\/2020\/10\/12\/jornada-nacional-de-movilizacion-en-defensa-de-la-madre-tierra-contra-la-guerra-al-ezln-los-pueblos-y-comunidades-indigenas-en-oaxaca\/4-48\/\" data-orig-file=\"https:\/\/www.grieta.org.mx\/wp-content\/uploads\/2020\/10\/4-1.jpg\" data-orig-size=\"680,383\" data-comments-opened=\"0\" data-image-meta=\"{&quot;aperture&quot;:&quot;0&quot;,&quot;credit&quot;:&quot;&quot;,&quot;camera&quot;:&quot;&quot;,&quot;caption&quot;:&quot;&quot;,&quot;created_timestamp&quot;:&quot;0&quot;,&quot;copyright&quot;:&quot;&quot;,&quot;focal_length&quot;:&quot;0&quot;,&quot;iso&quot;:&quot;0&quot;,&quot;shutter_speed&quot;:&quot;0&quot;,&quot;title&quot;:&quot;&quot;,&quot;orientation&quot;:&quot;0&quot;}\" data-image-title=\"4\" data-image-description=\"\" data-image-caption=\"\" data-medium-file=\"https:\/\/www.grieta.org.mx\/wp-content\/uploads\/2020\/10\/4-1-300x169.jpg\" data-large-file=\"https:\/\/www.grieta.org.mx\/wp-content\/uploads\/2020\/10\/4-1.jpg\" class=\"alignnone wp-image-54127\" src=\"http:\/\/www.grieta.org.mx\/wp-content\/uploads\/2020\/10\/4-1.jpg\" alt=\"\" width=\"800\" height=\"451\" srcset=\"https:\/\/www.grieta.org.mx\/wp-content\/uploads\/2020\/10\/4-1.jpg 680w, https:\/\/www.grieta.org.mx\/wp-content\/uploads\/2020\/10\/4-1-300x169.jpg 300w\" sizes=\"auto, (max-width: 800px) 100vw, 800px\" \/><\/p>\n<p><img loading=\"lazy\" decoding=\"async\" data-attachment-id=\"54129\" data-permalink=\"https:\/\/www.grieta.org.mx\/index.php\/2020\/10\/12\/jornada-nacional-de-movilizacion-en-defensa-de-la-madre-tierra-contra-la-guerra-al-ezln-los-pueblos-y-comunidades-indigenas-en-oaxaca\/5-34\/\" data-orig-file=\"https:\/\/www.grieta.org.mx\/wp-content\/uploads\/2020\/10\/5.jpg\" data-orig-size=\"680,383\" data-comments-opened=\"0\" data-image-meta=\"{&quot;aperture&quot;:&quot;0&quot;,&quot;credit&quot;:&quot;&quot;,&quot;camera&quot;:&quot;&quot;,&quot;caption&quot;:&quot;&quot;,&quot;created_timestamp&quot;:&quot;0&quot;,&quot;copyright&quot;:&quot;&quot;,&quot;focal_length&quot;:&quot;0&quot;,&quot;iso&quot;:&quot;0&quot;,&quot;shutter_speed&quot;:&quot;0&quot;,&quot;title&quot;:&quot;&quot;,&quot;orientation&quot;:&quot;0&quot;}\" data-image-title=\"5\" data-image-description=\"\" data-image-caption=\"\" data-medium-file=\"https:\/\/www.grieta.org.mx\/wp-content\/uploads\/2020\/10\/5-300x169.jpg\" data-large-file=\"https:\/\/www.grieta.org.mx\/wp-content\/uploads\/2020\/10\/5.jpg\" class=\"alignnone wp-image-54129\" src=\"http:\/\/www.grieta.org.mx\/wp-content\/uploads\/2020\/10\/5.jpg\" alt=\"\" width=\"800\" height=\"451\" srcset=\"https:\/\/www.grieta.org.mx\/wp-content\/uploads\/2020\/10\/5.jpg 680w, https:\/\/www.grieta.org.mx\/wp-content\/uploads\/2020\/10\/5-300x169.jpg 300w\" sizes=\"auto, (max-width: 800px) 100vw, 800px\" \/><\/p>\n<p>Bloqueo de UCIZONI en ruta trans\u00edstmica, Oaxaca 12 de octubre 2020<\/p>\n<p>Jornada Nacional de Movilizaci\u00f3n en Defensa de la Madre Tierra, contra la guerra al EZLN, los pueblos y comunidades ind\u00edgenas. Acciones por parte de compa\u00f1eros de UCIZONI en Oaxaca, bloqueo carretero en ruta transistmica. #diadelaresitencia #dignidaddelospueblos #EZLN #CNI #CIG<\/p>\n<p><img loading=\"lazy\" decoding=\"async\" data-attachment-id=\"54131\" data-permalink=\"https:\/\/www.grieta.org.mx\/index.php\/2020\/10\/12\/jornada-nacional-de-movilizacion-en-defensa-de-la-madre-tierra-contra-la-guerra-al-ezln-los-pueblos-y-comunidades-indigenas-en-oaxaca\/r\/\" data-orig-file=\"https:\/\/www.grieta.org.mx\/wp-content\/uploads\/2020\/10\/r.jpg\" data-orig-size=\"680,510\" data-comments-opened=\"0\" data-image-meta=\"{&quot;aperture&quot;:&quot;0&quot;,&quot;credit&quot;:&quot;&quot;,&quot;camera&quot;:&quot;&quot;,&quot;caption&quot;:&quot;&quot;,&quot;created_timestamp&quot;:&quot;0&quot;,&quot;copyright&quot;:&quot;&quot;,&quot;focal_length&quot;:&quot;0&quot;,&quot;iso&quot;:&quot;0&quot;,&quot;shutter_speed&quot;:&quot;0&quot;,&quot;title&quot;:&quot;&quot;,&quot;orientation&quot;:&quot;0&quot;}\" data-image-title=\"r\" data-image-description=\"\" data-image-caption=\"\" data-medium-file=\"https:\/\/www.grieta.org.mx\/wp-content\/uploads\/2020\/10\/r-300x225.jpg\" data-large-file=\"https:\/\/www.grieta.org.mx\/wp-content\/uploads\/2020\/10\/r.jpg\" class=\"alignnone wp-image-54131\" src=\"http:\/\/www.grieta.org.mx\/wp-content\/uploads\/2020\/10\/r.jpg\" alt=\"\" width=\"800\" height=\"600\" srcset=\"https:\/\/www.grieta.org.mx\/wp-content\/uploads\/2020\/10\/r.jpg 680w, https:\/\/www.grieta.org.mx\/wp-content\/uploads\/2020\/10\/r-300x225.jpg 300w, https:\/\/www.grieta.org.mx\/wp-content\/uploads\/2020\/10\/r-667x500.jpg 667w\" sizes=\"auto, (max-width: 800px) 100vw, 800px\" \/><\/p>\n<p><a href=\"https:\/\/radiozapatista.org\/\" target=\"_blank\" rel=\"noopener noreferrer\">https:\/\/radiozapatista.org\/<\/a><\/p>\n","protected":false},"excerpt":{"rendered":"<p>Radio Zapatista \/ Informaci\u00f3n CNI Mat\u00edas Romero, Oaxaca 12 de octubre 2020 En el marco de la Jornada Nacional de Movilizaci\u00f3n en Defensa de la Madre Tierra, contra la guerra &hellip; <a href=\"https:\/\/www.grieta.org.mx\/index.php\/2020\/10\/12\/jornada-nacional-de-movilizacion-en-defensa-de-la-madre-tierra-contra-la-guerra-al-ezln-los-pueblos-y-comunidades-indigenas-en-oaxaca\/\" class=\"more-link\">Leer m\u00e1s<\/a><\/p>\n","protected":false},"author":2,"featured_media":54131,"comment_status":"closed","ping_status":"closed","sticky":false,"template":"","format":"standard","meta":{"ngg_post_thumbnail":0,"_jetpack_newsletter_access":"","_jetpack_dont_email_post_to_subs":false,"_jetpack_newsletter_tier_id":0,"_jetpack_memberships_contains_paywalled_content":false,"_jetpack_memberships_contains_paid_content":false,"footnotes":""},"categories":[80,1357,2355,1358,1708,2,25,2909],"tags":[],"class_list":["post-54121","post","type-post","status-publish","format-standard","has-post-thumbnail","hentry","category-cintillo","category-conflictos-mineros-en-oaxaca","category-conflictos-por-agua-en-oaxaca","category-conflictos-por-megaproyectos-en-oaxaca","category-corredor-del-istmo-de-tehuantepec","category-noticias-nacionales","category-oaxaca","category-resistencias-y-rebeldias-en-oaxaca","entry"],"jetpack_featured_media_url":"https:\/\/www.grieta.org.mx\/wp-content\/uploads\/2020\/10\/r.jpg","jetpack_sharing_enabled":true,"jetpack_shortlink":"https:\/\/wp.me\/p7ZJR4-e4V","jetpack_likes_enabled":false,"jetpack-related-posts":[{"id":40074,"url":"https:\/\/www.grieta.org.mx\/index.php\/2019\/10\/08\/resistencias-en-oaxaca-se-suman-a-jornada-global-samir-flores-vive\/","url_meta":{"origin":54121,"position":0},"title":"Resistencias en Oaxaca se suman a jornada global Samir Flores Vive","author":"grieta","date":"8 octubre, 2019","format":false,"excerpt":"Avispa Midia \/ Rafael E. Lozano Conferencia de prensa Oaxaca, 7 de oct. Foto: Rafael E Lozano\/Avispa Midia Autoridades de los pueblos ind\u00edgenas de Santa Catarina Lachatao y de Magdalena Teitipac junto a organizaciones y colectivos de Oaxaca anunciaron este lunes 7 de octubre, en conferencia de prensa, que se\u2026","rel":"","context":"En &quot;CINTILLO&quot;","block_context":{"text":"CINTILLO","link":"https:\/\/www.grieta.org.mx\/index.php\/category\/cintillo\/"},"img":{"alt_text":"","src":"https:\/\/i0.wp.com\/www.grieta.org.mx\/wp-content\/uploads\/2019\/10\/Jornada-Samir-Flores-Vive-Oaxaca.jpg?resize=350%2C200&ssl=1","width":350,"height":200,"srcset":"https:\/\/i0.wp.com\/www.grieta.org.mx\/wp-content\/uploads\/2019\/10\/Jornada-Samir-Flores-Vive-Oaxaca.jpg?resize=350%2C200&ssl=1 1x, https:\/\/i0.wp.com\/www.grieta.org.mx\/wp-content\/uploads\/2019\/10\/Jornada-Samir-Flores-Vive-Oaxaca.jpg?resize=525%2C300&ssl=1 1.5x, https:\/\/i0.wp.com\/www.grieta.org.mx\/wp-content\/uploads\/2019\/10\/Jornada-Samir-Flores-Vive-Oaxaca.jpg?resize=700%2C400&ssl=1 2x"},"classes":[]},{"id":26570,"url":"https:\/\/www.grieta.org.mx\/index.php\/2018\/09\/17\/comunidades-del-istmo-se-suman-al-juicio-popular-contra-el-estado-y-empresas-mineras-por-depredadoras-oaxaca\/","url_meta":{"origin":54121,"position":1},"title":"Comunidades del Istmo se suman al juicio popular contra el Estado y empresas mineras por depredadoras (Oaxaca)","author":"grieta","date":"17 septiembre, 2018","format":false,"excerpt":"P\u00e1gina 3. Pedro Mat\u00edas, Oaxaca.- Comunidades, ejidos, organizaciones y colectivos en lucha contra concesiones mineras en el Istmo de Tehuantepec se sumaron al proceso de Juicio Popular comunitario contra el Estado y las empresas mineras en Oaxaca programado para el 11 y 12 de octubre del 2018. Durante el encuentro\u2026","rel":"","context":"En &quot;CINTILLO&quot;","block_context":{"text":"CINTILLO","link":"https:\/\/www.grieta.org.mx\/index.php\/category\/cintillo\/"},"img":{"alt_text":"","src":"https:\/\/i0.wp.com\/www.grieta.org.mx\/wp-content\/uploads\/2018\/09\/Juicio-Popular-comunitario.jpg?resize=350%2C200&ssl=1","width":350,"height":200,"srcset":"https:\/\/i0.wp.com\/www.grieta.org.mx\/wp-content\/uploads\/2018\/09\/Juicio-Popular-comunitario.jpg?resize=350%2C200&ssl=1 1x, https:\/\/i0.wp.com\/www.grieta.org.mx\/wp-content\/uploads\/2018\/09\/Juicio-Popular-comunitario.jpg?resize=525%2C300&ssl=1 1.5x, https:\/\/i0.wp.com\/www.grieta.org.mx\/wp-content\/uploads\/2018\/09\/Juicio-Popular-comunitario.jpg?resize=700%2C400&ssl=1 2x"},"classes":[]},{"id":54118,"url":"https:\/\/www.grieta.org.mx\/index.php\/2020\/10\/12\/cancelacion-de-megaproyectos-de-muerte-piden-pueblos-originarios-de-oaxaca\/","url_meta":{"origin":54121,"position":2},"title":"Cancelaci\u00f3n de megaproyectos de muerte piden pueblos originarios de Oaxaca","author":"grieta","date":"12 octubre, 2020","format":false,"excerpt":"P\u00e1gina 3 \/ Pedro Mat\u00edas. Consideran que \u201cno basta un perd\u00f3n\u201d sino que debe traducirse en eliminaci\u00f3n de leyes que amparan despojo de sus territorios \u201cAdvierten: \u201cmientras no haya leyes justas que respeten nuestros pueblos, no habr\u00e1 paz para el gobierno\u201d OAXACA, Oax. (pagina3.mx).- Comunidades y Pueblos Ind\u00edgenas exigieron al\u2026","rel":"","context":"En &quot;CINTILLO&quot;","block_context":{"text":"CINTILLO","link":"https:\/\/www.grieta.org.mx\/index.php\/category\/cintillo\/"},"img":{"alt_text":"","src":"https:\/\/i0.wp.com\/www.grieta.org.mx\/wp-content\/uploads\/2020\/10\/1.png?resize=350%2C200&ssl=1","width":350,"height":200,"srcset":"https:\/\/i0.wp.com\/www.grieta.org.mx\/wp-content\/uploads\/2020\/10\/1.png?resize=350%2C200&ssl=1 1x, https:\/\/i0.wp.com\/www.grieta.org.mx\/wp-content\/uploads\/2020\/10\/1.png?resize=525%2C300&ssl=1 1.5x"},"classes":[]},{"id":44691,"url":"https:\/\/www.grieta.org.mx\/index.php\/2020\/02\/21\/pueblos-comunidades-organizaciones-sindicatos-y-colectivos-de-oaxaca-convocaron-a-las-jornadas-en-defensa-del-territorio-y-la-madre-tierra-samir-somos-todas-y-todos\/","url_meta":{"origin":54121,"position":3},"title":"Pueblos, comunidades, organizaciones, sindicatos y colectivos de Oaxaca convocaron a las Jornadas en Defensa del Territorio y la Madre Tierra \u201cSamir Somos Todas y Todos\u201d (Galer\u00eda de fotos)","author":"grieta","date":"21 febrero, 2020","format":false,"excerpt":"Colectivo Grieta. Pueblos, comunidades, organizaciones, sindicatos y colectivos de Oaxaca llamaron a reforzar la defensa de sus territorios frente a los proyectos capitalistas, como los proyectos mineros, la privatizaci\u00f3n del agua y el Megaproyecto del Istmo, hoy llamado Corredor Interoce\u00e1nico. Asimismo dieron a conocer las acciones a realizar los d\u00edas\u2026","rel":"","context":"En &quot;CINTILLO&quot;","block_context":{"text":"CINTILLO","link":"https:\/\/www.grieta.org.mx\/index.php\/category\/cintillo\/"},"img":{"alt_text":"","src":"https:\/\/i0.wp.com\/www.grieta.org.mx\/wp-content\/uploads\/2020\/02\/photo_2020-02-21-01.11.24.jpeg?resize=350%2C200&ssl=1","width":350,"height":200,"srcset":"https:\/\/i0.wp.com\/www.grieta.org.mx\/wp-content\/uploads\/2020\/02\/photo_2020-02-21-01.11.24.jpeg?resize=350%2C200&ssl=1 1x, https:\/\/i0.wp.com\/www.grieta.org.mx\/wp-content\/uploads\/2020\/02\/photo_2020-02-21-01.11.24.jpeg?resize=525%2C300&ssl=1 1.5x, https:\/\/i0.wp.com\/www.grieta.org.mx\/wp-content\/uploads\/2020\/02\/photo_2020-02-21-01.11.24.jpeg?resize=700%2C400&ssl=1 2x"},"classes":[]},{"id":31559,"url":"https:\/\/www.grieta.org.mx\/index.php\/2019\/04\/01\/consulta-en-el-istmo-es-una-simulacion-acusa-ucizoni-oaxaca\/","url_meta":{"origin":54121,"position":4},"title":"Consulta en el Istmo es una &#8220;simulaci\u00f3n&#8221;, acusa Ucizoni (Oaxaca)","author":"grieta","date":"1 abril, 2019","format":false,"excerpt":"Noticias. Gerardo Valdivieso Parada, La consulta sobre el corredor trans\u00edstmico en San Pedro Huamelula. Juchit\u00e1n, Oaxaca.- L\u00edderes que se han opuesto a los megaproyectos en la regi\u00f3n del Istmo de Tehuantepec, en sus diversas denominaciones retomados por los diferentes gobiernos federales, cuestionan las Asambleas Regionales Consultivas sobre el Programa de\u2026","rel":"","context":"En &quot;CINTILLO&quot;","block_context":{"text":"CINTILLO","link":"https:\/\/www.grieta.org.mx\/index.php\/category\/cintillo\/"},"img":{"alt_text":"","src":"https:\/\/i0.wp.com\/www.grieta.org.mx\/wp-content\/uploads\/2019\/04\/image_22_360.jpg?resize=350%2C200&ssl=1","width":350,"height":200,"srcset":"https:\/\/i0.wp.com\/www.grieta.org.mx\/wp-content\/uploads\/2019\/04\/image_22_360.jpg?resize=350%2C200&ssl=1 1x, https:\/\/i0.wp.com\/www.grieta.org.mx\/wp-content\/uploads\/2019\/04\/image_22_360.jpg?resize=525%2C300&ssl=1 1.5x, https:\/\/i0.wp.com\/www.grieta.org.mx\/wp-content\/uploads\/2019\/04\/image_22_360.jpg?resize=700%2C400&ssl=1 2x, https:\/\/i0.wp.com\/www.grieta.org.mx\/wp-content\/uploads\/2019\/04\/image_22_360.jpg?resize=1050%2C600&ssl=1 3x"},"classes":[]},{"id":71990,"url":"https:\/\/www.grieta.org.mx\/index.php\/2025\/07\/09\/oaxaca-sera-sede-del-encuentro-nacional-contra-la-gentrificacion-comunidades-indigenas-exigen-alto-a-megaproyectos-y-turistificacion\/","url_meta":{"origin":54121,"position":5},"title":"Oaxaca ser\u00e1 sede del Encuentro Nacional Contra la Gentrificaci\u00f3n: comunidades ind\u00edgenas exigen alto a megaproyectos y turistificaci\u00f3n","author":"grieta","date":"9 julio, 2025","format":false,"excerpt":"Imagen: Somos El Medio Del 16 al 21 de julio, organizaciones ind\u00edgenas y colectivos convocan a seis d\u00edas de trabajo y movilizaci\u00f3n en Oaxaca para frenar la gentrificaci\u00f3n y el despojo territorial. Acusan al gobierno estatal de impulsar el desplazamiento de comunidades y convertir la cultura originaria en mercanc\u00eda tur\u00edstica.\u2026","rel":"","context":"En &quot;5. Istmo&quot;","block_context":{"text":"5. Istmo","link":"https:\/\/www.grieta.org.mx\/index.php\/category\/espejos-de-la-resistencia\/5-istmo\/"},"img":{"alt_text":"","src":"https:\/\/i0.wp.com\/www.grieta.org.mx\/wp-content\/uploads\/2025\/07\/516596731_24031654596494878_8772883915710158805_n.webp?resize=350%2C200&ssl=1","width":350,"height":200,"srcset":"https:\/\/i0.wp.com\/www.grieta.org.mx\/wp-content\/uploads\/2025\/07\/516596731_24031654596494878_8772883915710158805_n.webp?resize=350%2C200&ssl=1 1x, https:\/\/i0.wp.com\/www.grieta.org.mx\/wp-content\/uploads\/2025\/07\/516596731_24031654596494878_8772883915710158805_n.webp?resize=525%2C300&ssl=1 1.5x, https:\/\/i0.wp.com\/www.grieta.org.mx\/wp-content\/uploads\/2025\/07\/516596731_24031654596494878_8772883915710158805_n.webp?resize=700%2C400&ssl=1 2x, https:\/\/i0.wp.com\/www.grieta.org.mx\/wp-content\/uploads\/2025\/07\/516596731_24031654596494878_8772883915710158805_n.webp?resize=1050%2C600&ssl=1 3x"},"classes":[]}],"_links":{"self":[{"href":"https:\/\/www.grieta.org.mx\/index.php\/wp-json\/wp\/v2\/posts\/54121","targetHints":{"allow":["GET"]}}],"collection":[{"href":"https:\/\/www.grieta.org.mx\/index.php\/wp-json\/wp\/v2\/posts"}],"about":[{"href":"https:\/\/www.grieta.org.mx\/index.php\/wp-json\/wp\/v2\/types\/post"}],"author":[{"embeddable":true,"href":"https:\/\/www.grieta.org.mx\/index.php\/wp-json\/wp\/v2\/users\/2"}],"replies":[{"embeddable":true,"href":"https:\/\/www.grieta.org.mx\/index.php\/wp-json\/wp\/v2\/comments?post=54121"}],"version-history":[{"count":1,"href":"https:\/\/www.grieta.org.mx\/index.php\/wp-json\/wp\/v2\/posts\/54121\/revisions"}],"predecessor-version":[{"id":54134,"href":"https:\/\/www.grieta.org.mx\/index.php\/wp-json\/wp\/v2\/posts\/54121\/revisions\/54134"}],"wp:featuredmedia":[{"embeddable":true,"href":"https:\/\/www.grieta.org.mx\/index.php\/wp-json\/wp\/v2\/media\/54131"}],"wp:attachment":[{"href":"https:\/\/www.grieta.org.mx\/index.php\/wp-json\/wp\/v2\/media?parent=54121"}],"wp:term":[{"taxonomy":"category","embeddable":true,"href":"https:\/\/www.grieta.org.mx\/index.php\/wp-json\/wp\/v2\/categories?post=54121"},{"taxonomy":"post_tag","embeddable":true,"href":"https:\/\/www.grieta.org.mx\/index.php\/wp-json\/wp\/v2\/tags?post=54121"}],"curies":[{"name":"wp","href":"https:\/\/api.w.org\/{rel}","templated":true}]}}