{"id":54118,"date":"2020-10-12T19:10:05","date_gmt":"2020-10-13T00:10:05","guid":{"rendered":"http:\/\/www.grieta.org.mx\/?p=54118"},"modified":"2020-10-13T22:16:19","modified_gmt":"2020-10-14T03:16:19","slug":"cancelacion-de-megaproyectos-de-muerte-piden-pueblos-originarios-de-oaxaca","status":"publish","type":"post","link":"https:\/\/www.grieta.org.mx\/index.php\/2020\/10\/12\/cancelacion-de-megaproyectos-de-muerte-piden-pueblos-originarios-de-oaxaca\/","title":{"rendered":"Cancelaci\u00f3n de megaproyectos de muerte piden pueblos originarios de Oaxaca"},"content":{"rendered":"<p>P\u00e1gina 3 \/ Pedro Mat\u00edas.<\/p>\n<p><img loading=\"lazy\" decoding=\"async\" data-attachment-id=\"54119\" data-permalink=\"https:\/\/www.grieta.org.mx\/index.php\/2020\/10\/12\/cancelacion-de-megaproyectos-de-muerte-piden-pueblos-originarios-de-oaxaca\/1-103\/\" data-orig-file=\"https:\/\/www.grieta.org.mx\/wp-content\/uploads\/2020\/10\/1.png\" data-orig-size=\"698,480\" data-comments-opened=\"0\" data-image-meta=\"{&quot;aperture&quot;:&quot;0&quot;,&quot;credit&quot;:&quot;&quot;,&quot;camera&quot;:&quot;&quot;,&quot;caption&quot;:&quot;&quot;,&quot;created_timestamp&quot;:&quot;0&quot;,&quot;copyright&quot;:&quot;&quot;,&quot;focal_length&quot;:&quot;0&quot;,&quot;iso&quot;:&quot;0&quot;,&quot;shutter_speed&quot;:&quot;0&quot;,&quot;title&quot;:&quot;&quot;,&quot;orientation&quot;:&quot;0&quot;}\" data-image-title=\"1\" data-image-description=\"\" data-image-caption=\"\" data-medium-file=\"https:\/\/www.grieta.org.mx\/wp-content\/uploads\/2020\/10\/1-300x206.png\" data-large-file=\"https:\/\/www.grieta.org.mx\/wp-content\/uploads\/2020\/10\/1.png\" class=\"alignnone wp-image-54119\" src=\"http:\/\/www.grieta.org.mx\/wp-content\/uploads\/2020\/10\/1.png\" alt=\"\" width=\"800\" height=\"550\" srcset=\"https:\/\/www.grieta.org.mx\/wp-content\/uploads\/2020\/10\/1.png 698w, https:\/\/www.grieta.org.mx\/wp-content\/uploads\/2020\/10\/1-300x206.png 300w\" sizes=\"auto, (max-width: 800px) 100vw, 800px\" \/><\/p>\n<p>Consideran que \u201cno basta un perd\u00f3n\u201d sino que debe traducirse en eliminaci\u00f3n de leyes que amparan despojo de sus territorios<br \/>\n\u201cAdvierten: \u201cmientras no haya leyes justas que respeten nuestros pueblos, no habr\u00e1 paz para el gobierno\u201d<\/p>\n<p>OAXACA, Oax. (pagina3.mx).- Comunidades y Pueblos Ind\u00edgenas exigieron al Estado Mexicano la cancelaci\u00f3n de los megaproyectos de muerte porque \u201cno basta un acto de perd\u00f3n, esto debe traducirse eliminando las distintas leyes que amparan y han legalizado el despojo en nuestros territorios, como las leyes energ\u00e9ticas, la ley de Aguas y la ley Minera\u201d.<\/p>\n<p>En el marco del D\u00eda de la Resistencia Ind\u00edgena, Negra y Popular, la Asamblea Oaxaque\u00f1a en Defensa de la Tierra y el Territorio realiz\u00f3 hoy una jornada de lucha como la toma de oficinas de la Conagua y la Comisi\u00f3n Federal de Electricidad (CFE), as\u00ed como marchas, bloqueos carreteros y protestas en la Casa Oficial del gobernador Alejandro Murat Hinojosa.<\/p>\n<p>Como parte del Movimiento Ind\u00edgena Oaxaque\u00f1o, tejiendo resistencias desde las autonom\u00edas frente al extractivismo, la Asamblea Oaxaque\u00f1a en Defensa de la Tierra y el Territorio emiti\u00f3 el Pronunciamiento: \u201c\u00a1Ya Basta!\u201d donde advierten que \u201cmientras no haya leyes justas que respeten nuestros pueblos, no habr\u00e1 paz para el gobierno\u201d.<\/p>\n<p>En esta jornada del 12 de octubre, la Uni\u00f3n de Comunidades de la Zona Norte del Istmo (UCIZONI) realiz\u00f3 tomas en oficinas de la CFE en Mat\u00edas Romero donde exigi\u00f3 \u201cno al cobro excesivo de energ\u00eda el\u00e9ctrica, la interconexi\u00f3n de la l\u00ednea Uxpanapa, la renacionalizaci\u00f3n de la industria el\u00e9ctrica y abajo a la reforma energ\u00e9tica\u201d.<\/p>\n<p>A estas acciones se sum\u00f3 un plant\u00f3n ante oficinas CFE en la capital del estado, Estaci\u00f3n Sarabia e Ixtepec, as\u00ed como una marcha y bloqueo en las v\u00edas en la regi\u00f3n.<\/p>\n<p>Adem\u00e1s, la Coordinadora de Pueblos Unidos por el Cuidado y la Defensa del Agua (COPUDA) clausur\u00f3 \u201csimb\u00f3licamente\u201d las oficinas de la Comisi\u00f3n Nacional del Agua donde condenaron al Estado Mexicano por las omisiones legislativas en materia de derechos ind\u00edgenas.<\/p>\n<p>Tambi\u00e9n exigieron el cumplimiento a los acuerdos pactados entre las 16 comunidades zapotecas y la Conagua del d\u00eda 12 de octubre de 2019.<\/p>\n<p>Mientras que otras organizaciones bloquearon la avenida Ju\u00e1rez para realizar un plant\u00f3n frente a la Casa de Gobierno, en la capital de Oaxaca.<\/p>\n<p>En el pronunciamiento pidieron al Estado Mexicano que tiene que replantearse de forma honesta una nueva relaci\u00f3n con nuestras Comunidades y Pueblos Ind\u00edgenas.<\/p>\n<p>Al mismo tiempo mandaron un mensaje a las comunidades que \u201cluchan contra la imposici\u00f3n del corredor interoce\u00e1nico, el tren maya; los Chimalapas y los Valles Centrales de Oaxaca que est\u00e1n en una lucha permanente contra las Compa\u00f1\u00edas de la muerte: las Mineras; le decimos que estamos juntos en esta lucha porque tenemos claro, que defendemos el derecho que tenemos a la vida misma\u201d.<\/p>\n<p>Los pueblos originarios denunciaron que el gobierno federal y estatal siguen representando los mismos intereses de los dineros que rigen y someten la voluntad del mundo, violentando sistem\u00e1ticamente sus derechos a la libre determinaci\u00f3n y procesos de autonom\u00eda, socavando siempre sus sue\u00f1os y esperanzas, as\u00ed como su manera respetuosa de relacionarse con la tierra y el territorio, \u201cimponiendo a sangre y fuego y con la protecci\u00f3n de las leyes los proyectos extractivistas que generan divisi\u00f3n del tejido comunitario, confrontaci\u00f3n y muerte\u201d.<\/p>\n<p>Reiteraron que \u201cel Estado no representa los intereses de nuestros pueblos originarios, ellos velan por los intereses del gran capital, sus due\u00f1os y amos, por ello, el d\u00eda de hoy les recordamos que construimos nuestra propia autonom\u00eda y ejercemos nuestra libre determinaci\u00f3n, a pesar del Estado Mexicano, por ello decimos \u00a1Ya basta!\u201d.<\/p>\n<p>\u201cNo queremos simulaci\u00f3n, ni el uso indebido e irrespetuoso por parte del Estado de nuestras pr\u00e1cticas y espiritualidades, lenguajes que solo generan confusi\u00f3n, confrontaci\u00f3n y discriminaci\u00f3n al romantizar nuestras formas de vida como pueblos originarios\u201d, finalizaron.<\/p>\n<p><a href=\"https:\/\/pagina3.mx\/2020\/10\/cancelacion-megaproyectos-muerte\/\" target=\"_blank\" rel=\"noopener noreferrer\">https:\/\/pagina3.mx\/2020\/10\/cancelacion-megaproyectos-muerte\/<\/a><\/p>\n","protected":false},"excerpt":{"rendered":"<p>P\u00e1gina 3 \/ Pedro Mat\u00edas. Consideran que \u201cno basta un perd\u00f3n\u201d sino que debe traducirse en eliminaci\u00f3n de leyes que amparan despojo de sus territorios \u201cAdvierten: \u201cmientras no haya leyes &hellip; <a href=\"https:\/\/www.grieta.org.mx\/index.php\/2020\/10\/12\/cancelacion-de-megaproyectos-de-muerte-piden-pueblos-originarios-de-oaxaca\/\" class=\"more-link\">Leer m\u00e1s<\/a><\/p>\n","protected":false},"author":2,"featured_media":54119,"comment_status":"closed","ping_status":"closed","sticky":false,"template":"","format":"standard","meta":{"ngg_post_thumbnail":0,"_jetpack_newsletter_access":"","_jetpack_dont_email_post_to_subs":false,"_jetpack_newsletter_tier_id":0,"_jetpack_memberships_contains_paywalled_content":false,"_jetpack_memberships_contains_paid_content":false,"footnotes":""},"categories":[80,1357,1358,1708,1705,2,25,2909],"tags":[],"class_list":["post-54118","post","type-post","status-publish","format-standard","has-post-thumbnail","hentry","category-cintillo","category-conflictos-mineros-en-oaxaca","category-conflictos-por-megaproyectos-en-oaxaca","category-corredor-del-istmo-de-tehuantepec","category-el-camino-del-cin-cig-en-oaxaca","category-noticias-nacionales","category-oaxaca","category-resistencias-y-rebeldias-en-oaxaca","entry"],"jetpack_featured_media_url":"https:\/\/www.grieta.org.mx\/wp-content\/uploads\/2020\/10\/1.png","jetpack_sharing_enabled":true,"jetpack_shortlink":"https:\/\/wp.me\/p7ZJR4-e4S","jetpack_likes_enabled":false,"jetpack-related-posts":[{"id":27730,"url":"https:\/\/www.grieta.org.mx\/index.php\/2018\/11\/22\/pueblos-de-la-cuenca-del-papaloapan-rechazan-megaproyectos-mineros-e-hidroelectricos-oaxaca\/","url_meta":{"origin":54118,"position":0},"title":"Pueblos de la Cuenca del Papaloapan rechazan megaproyectos mineros e hidroel\u00e9ctricos (Oaxaca)","author":"grieta","date":"22 noviembre, 2018","format":false,"excerpt":"Proceso. Pedro Mat\u00edas, Oaxaca, Oax. (apro).- La Asamblea de Pueblos Originarios en Defensa del Territorio de la Cuenca del Papaloapan rechazaron todo tipo de megaproyectos, la iniciativa de ley para el desarrollo agrario y las consultas que promueve el presidente electo Andr\u00e9s Manuel L\u00f3pez Obrador porque \u201chay antecedentes de lo\u2026","rel":"","context":"En &quot;CINTILLO&quot;","block_context":{"text":"CINTILLO","link":"https:\/\/www.grieta.org.mx\/index.php\/category\/cintillo\/"},"img":{"alt_text":"","src":"https:\/\/i0.wp.com\/www.grieta.org.mx\/wp-content\/uploads\/2018\/11\/estados-8-1.jpg?resize=350%2C200&ssl=1","width":350,"height":200,"srcset":"https:\/\/i0.wp.com\/www.grieta.org.mx\/wp-content\/uploads\/2018\/11\/estados-8-1.jpg?resize=350%2C200&ssl=1 1x, https:\/\/i0.wp.com\/www.grieta.org.mx\/wp-content\/uploads\/2018\/11\/estados-8-1.jpg?resize=525%2C300&ssl=1 1.5x, https:\/\/i0.wp.com\/www.grieta.org.mx\/wp-content\/uploads\/2018\/11\/estados-8-1.jpg?resize=700%2C400&ssl=1 2x"},"classes":[]},{"id":40074,"url":"https:\/\/www.grieta.org.mx\/index.php\/2019\/10\/08\/resistencias-en-oaxaca-se-suman-a-jornada-global-samir-flores-vive\/","url_meta":{"origin":54118,"position":1},"title":"Resistencias en Oaxaca se suman a jornada global Samir Flores Vive","author":"grieta","date":"8 octubre, 2019","format":false,"excerpt":"Avispa Midia \/ Rafael E. Lozano Conferencia de prensa Oaxaca, 7 de oct. Foto: Rafael E Lozano\/Avispa Midia Autoridades de los pueblos ind\u00edgenas de Santa Catarina Lachatao y de Magdalena Teitipac junto a organizaciones y colectivos de Oaxaca anunciaron este lunes 7 de octubre, en conferencia de prensa, que se\u2026","rel":"","context":"En &quot;CINTILLO&quot;","block_context":{"text":"CINTILLO","link":"https:\/\/www.grieta.org.mx\/index.php\/category\/cintillo\/"},"img":{"alt_text":"","src":"https:\/\/i0.wp.com\/www.grieta.org.mx\/wp-content\/uploads\/2019\/10\/Jornada-Samir-Flores-Vive-Oaxaca.jpg?resize=350%2C200&ssl=1","width":350,"height":200,"srcset":"https:\/\/i0.wp.com\/www.grieta.org.mx\/wp-content\/uploads\/2019\/10\/Jornada-Samir-Flores-Vive-Oaxaca.jpg?resize=350%2C200&ssl=1 1x, https:\/\/i0.wp.com\/www.grieta.org.mx\/wp-content\/uploads\/2019\/10\/Jornada-Samir-Flores-Vive-Oaxaca.jpg?resize=525%2C300&ssl=1 1.5x, https:\/\/i0.wp.com\/www.grieta.org.mx\/wp-content\/uploads\/2019\/10\/Jornada-Samir-Flores-Vive-Oaxaca.jpg?resize=700%2C400&ssl=1 2x"},"classes":[]},{"id":71990,"url":"https:\/\/www.grieta.org.mx\/index.php\/2025\/07\/09\/oaxaca-sera-sede-del-encuentro-nacional-contra-la-gentrificacion-comunidades-indigenas-exigen-alto-a-megaproyectos-y-turistificacion\/","url_meta":{"origin":54118,"position":2},"title":"Oaxaca ser\u00e1 sede del Encuentro Nacional Contra la Gentrificaci\u00f3n: comunidades ind\u00edgenas exigen alto a megaproyectos y turistificaci\u00f3n","author":"grieta","date":"9 julio, 2025","format":false,"excerpt":"Imagen: Somos El Medio Del 16 al 21 de julio, organizaciones ind\u00edgenas y colectivos convocan a seis d\u00edas de trabajo y movilizaci\u00f3n en Oaxaca para frenar la gentrificaci\u00f3n y el despojo territorial. Acusan al gobierno estatal de impulsar el desplazamiento de comunidades y convertir la cultura originaria en mercanc\u00eda tur\u00edstica.\u2026","rel":"","context":"En &quot;5. Istmo&quot;","block_context":{"text":"5. Istmo","link":"https:\/\/www.grieta.org.mx\/index.php\/category\/espejos-de-la-resistencia\/5-istmo\/"},"img":{"alt_text":"","src":"https:\/\/i0.wp.com\/www.grieta.org.mx\/wp-content\/uploads\/2025\/07\/516596731_24031654596494878_8772883915710158805_n.webp?resize=350%2C200&ssl=1","width":350,"height":200,"srcset":"https:\/\/i0.wp.com\/www.grieta.org.mx\/wp-content\/uploads\/2025\/07\/516596731_24031654596494878_8772883915710158805_n.webp?resize=350%2C200&ssl=1 1x, https:\/\/i0.wp.com\/www.grieta.org.mx\/wp-content\/uploads\/2025\/07\/516596731_24031654596494878_8772883915710158805_n.webp?resize=525%2C300&ssl=1 1.5x, https:\/\/i0.wp.com\/www.grieta.org.mx\/wp-content\/uploads\/2025\/07\/516596731_24031654596494878_8772883915710158805_n.webp?resize=700%2C400&ssl=1 2x, https:\/\/i0.wp.com\/www.grieta.org.mx\/wp-content\/uploads\/2025\/07\/516596731_24031654596494878_8772883915710158805_n.webp?resize=1050%2C600&ssl=1 3x"},"classes":[]},{"id":72174,"url":"https:\/\/www.grieta.org.mx\/index.php\/2025\/08\/11\/pueblos-indigenas-del-istmo-de-tehuantepec-refuerzan-su-lucha-contra-megaproyectos-extractivistas-oaxaca\/","url_meta":{"origin":54118,"position":3},"title":"Pueblos ind\u00edgenas del Istmo de Tehuantepec refuerzan su lucha contra megaproyectos extractivistas (Oaxaca)","author":"grieta","date":"11 agosto, 2025","format":false,"excerpt":"Imagen: Somos el Medio Comunidades chontales, zapotecas e ikoots denunciaron que megaproyectos como el Corredor Interoce\u00e1nico y la miner\u00eda violan sus derechos colectivos mientras anuncian nuevas estrategias de resistencia territorial. Redacci\u00f3n \/ @Somoselmedio Ciudad de M\u00e9xico, 11 de agosto 2025.- Con un llamado urgente a la unidad de los pueblos\u2026","rel":"","context":"En &quot;5. Istmo&quot;","block_context":{"text":"5. Istmo","link":"https:\/\/www.grieta.org.mx\/index.php\/category\/espejos-de-la-resistencia\/5-istmo\/"},"img":{"alt_text":"","src":"https:\/\/i0.wp.com\/www.grieta.org.mx\/wp-content\/uploads\/2025\/08\/529219594_1183510233813309_6588029443724338084_n.webp?resize=350%2C200&ssl=1","width":350,"height":200,"srcset":"https:\/\/i0.wp.com\/www.grieta.org.mx\/wp-content\/uploads\/2025\/08\/529219594_1183510233813309_6588029443724338084_n.webp?resize=350%2C200&ssl=1 1x, https:\/\/i0.wp.com\/www.grieta.org.mx\/wp-content\/uploads\/2025\/08\/529219594_1183510233813309_6588029443724338084_n.webp?resize=525%2C300&ssl=1 1.5x, https:\/\/i0.wp.com\/www.grieta.org.mx\/wp-content\/uploads\/2025\/08\/529219594_1183510233813309_6588029443724338084_n.webp?resize=700%2C400&ssl=1 2x, https:\/\/i0.wp.com\/www.grieta.org.mx\/wp-content\/uploads\/2025\/08\/529219594_1183510233813309_6588029443724338084_n.webp?resize=1050%2C600&ssl=1 3x, https:\/\/i0.wp.com\/www.grieta.org.mx\/wp-content\/uploads\/2025\/08\/529219594_1183510233813309_6588029443724338084_n.webp?resize=1400%2C800&ssl=1 4x"},"classes":[]},{"id":152,"url":"https:\/\/www.grieta.org.mx\/index.php\/2015\/11\/17\/gobierno-intenta-relanzar-14-megaproyectos-en-pueblos-indigenas-de-oaxaca\/","url_meta":{"origin":54118,"position":4},"title":"Gobierno intenta relanzar 14 megaproyectos en pueblos ind\u00edgenas de Oaxaca","author":"grieta","date":"17 noviembre, 2015","format":false,"excerpt":"P\u00e1gina 3. Pedro Mat\u00edas, Oaxaca.- Comunidades de la Costa y Sierra Sur alzaron su voz para denunciar que el gobierno federal y estatal intentan \u201crelanzar\u201d 14 proyectos hidroel\u00e9ctricos y mineros en su regi\u00f3n, al tiempo que refrendaron su decisi\u00f3n de organizarse para defender sus territorios ind\u00edgenas. En el Foro Regional\u2026","rel":"","context":"En &quot;CINTILLO&quot;","block_context":{"text":"CINTILLO","link":"https:\/\/www.grieta.org.mx\/index.php\/category\/cintillo\/"},"img":{"alt_text":"","src":"https:\/\/i0.wp.com\/www.grieta.org.mx\/wp-content\/uploads\/2018\/03\/14524434_1106112876131411_958039263622046936_o.jpg?resize=350%2C200&ssl=1","width":350,"height":200,"srcset":"https:\/\/i0.wp.com\/www.grieta.org.mx\/wp-content\/uploads\/2018\/03\/14524434_1106112876131411_958039263622046936_o.jpg?resize=350%2C200&ssl=1 1x, https:\/\/i0.wp.com\/www.grieta.org.mx\/wp-content\/uploads\/2018\/03\/14524434_1106112876131411_958039263622046936_o.jpg?resize=525%2C300&ssl=1 1.5x, https:\/\/i0.wp.com\/www.grieta.org.mx\/wp-content\/uploads\/2018\/03\/14524434_1106112876131411_958039263622046936_o.jpg?resize=700%2C400&ssl=1 2x"},"classes":[]},{"id":145,"url":"https:\/\/www.grieta.org.mx\/index.php\/2016\/02\/01\/mineria-en-oaxaca-imposicion-temor-y-despojo\/","url_meta":{"origin":54118,"position":5},"title":"Miner\u00eda en Oaxaca: imposici\u00f3n, temor y despojo","author":"grieta","date":"1 febrero, 2016","format":false,"excerpt":"Roc\u00edo Flores, Oaxaca Ejutla de Crespo, Oaxaca.- \u201cEl territorio es abajo, arriba\u201d, el territorio no s\u00f3lo es s\u00f3lo una parcela de tierra, es el agua, las plantas, los r\u00edos, nuestras familias, nuestros derechos\u201d, coincidieron habitantes de 48 comunidades de Oaxaca y otros pa\u00edses a quienes se les ha violentado su\u2026","rel":"","context":"En &quot;CINTILLO&quot;","block_context":{"text":"CINTILLO","link":"https:\/\/www.grieta.org.mx\/index.php\/category\/cintillo\/"},"img":{"alt_text":"","src":"https:\/\/i0.wp.com\/www.grieta.org.mx\/wp-content\/uploads\/2018\/03\/14524434_1106112876131411_958039263622046936_o.jpg?resize=350%2C200&ssl=1","width":350,"height":200,"srcset":"https:\/\/i0.wp.com\/www.grieta.org.mx\/wp-content\/uploads\/2018\/03\/14524434_1106112876131411_958039263622046936_o.jpg?resize=350%2C200&ssl=1 1x, https:\/\/i0.wp.com\/www.grieta.org.mx\/wp-content\/uploads\/2018\/03\/14524434_1106112876131411_958039263622046936_o.jpg?resize=525%2C300&ssl=1 1.5x, https:\/\/i0.wp.com\/www.grieta.org.mx\/wp-content\/uploads\/2018\/03\/14524434_1106112876131411_958039263622046936_o.jpg?resize=700%2C400&ssl=1 2x"},"classes":[]}],"_links":{"self":[{"href":"https:\/\/www.grieta.org.mx\/index.php\/wp-json\/wp\/v2\/posts\/54118","targetHints":{"allow":["GET"]}}],"collection":[{"href":"https:\/\/www.grieta.org.mx\/index.php\/wp-json\/wp\/v2\/posts"}],"about":[{"href":"https:\/\/www.grieta.org.mx\/index.php\/wp-json\/wp\/v2\/types\/post"}],"author":[{"embeddable":true,"href":"https:\/\/www.grieta.org.mx\/index.php\/wp-json\/wp\/v2\/users\/2"}],"replies":[{"embeddable":true,"href":"https:\/\/www.grieta.org.mx\/index.php\/wp-json\/wp\/v2\/comments?post=54118"}],"version-history":[{"count":1,"href":"https:\/\/www.grieta.org.mx\/index.php\/wp-json\/wp\/v2\/posts\/54118\/revisions"}],"predecessor-version":[{"id":54120,"href":"https:\/\/www.grieta.org.mx\/index.php\/wp-json\/wp\/v2\/posts\/54118\/revisions\/54120"}],"wp:featuredmedia":[{"embeddable":true,"href":"https:\/\/www.grieta.org.mx\/index.php\/wp-json\/wp\/v2\/media\/54119"}],"wp:attachment":[{"href":"https:\/\/www.grieta.org.mx\/index.php\/wp-json\/wp\/v2\/media?parent=54118"}],"wp:term":[{"taxonomy":"category","embeddable":true,"href":"https:\/\/www.grieta.org.mx\/index.php\/wp-json\/wp\/v2\/categories?post=54118"},{"taxonomy":"post_tag","embeddable":true,"href":"https:\/\/www.grieta.org.mx\/index.php\/wp-json\/wp\/v2\/tags?post=54118"}],"curies":[{"name":"wp","href":"https:\/\/api.w.org\/{rel}","templated":true}]}}