{"id":54113,"date":"2020-10-12T20:59:14","date_gmt":"2020-10-13T01:59:14","guid":{"rendered":"http:\/\/www.grieta.org.mx\/?p=54113"},"modified":"2020-10-13T00:09:05","modified_gmt":"2020-10-13T05:09:05","slug":"cig-convoca-a-movilizarse-en-defensa-de-la-madre-tierra-y-contra-la-guerra-tras-528-anos-despojo-oaxaca","status":"publish","type":"post","link":"https:\/\/www.grieta.org.mx\/index.php\/2020\/10\/12\/cig-convoca-a-movilizarse-en-defensa-de-la-madre-tierra-y-contra-la-guerra-tras-528-anos-despojo-oaxaca\/","title":{"rendered":"CIG convoca a movilizarse en defensa de la madre tierra y contra la guerra tras 528 a\u00f1os despojo"},"content":{"rendered":"<p>Avispa Midia \/ Itzela Olivarri.<\/p>\n<p><img loading=\"lazy\" decoding=\"async\" data-attachment-id=\"54114\" data-permalink=\"https:\/\/www.grieta.org.mx\/index.php\/2020\/10\/12\/cig-convoca-a-movilizarse-en-defensa-de-la-madre-tierra-y-contra-la-guerra-tras-528-anos-despojo-oaxaca\/morelos-aniversario-del-asesinato-de-amiliano-zapata\/\" data-orig-file=\"https:\/\/www.grieta.org.mx\/wp-content\/uploads\/2020\/10\/Aniversario-del-asesinato-de-Emiliano-Zapata-45.jpg\" data-orig-size=\"1080,721\" data-comments-opened=\"0\" data-image-meta=\"{&quot;aperture&quot;:&quot;0&quot;,&quot;credit&quot;:&quot;Santiago navarro F&quot;,&quot;camera&quot;:&quot;&quot;,&quot;caption&quot;:&quot;&quot;,&quot;created_timestamp&quot;:&quot;0&quot;,&quot;copyright&quot;:&quot;santiago navarro f&quot;,&quot;focal_length&quot;:&quot;0&quot;,&quot;iso&quot;:&quot;0&quot;,&quot;shutter_speed&quot;:&quot;0&quot;,&quot;title&quot;:&quot;Morelos, aniversario del asesinato de Amiliano Zapata&quot;,&quot;orientation&quot;:&quot;0&quot;}\" data-image-title=\"Morelos, aniversario del asesinato de Amiliano Zapata\" data-image-description=\"\" data-image-caption=\"\" data-medium-file=\"https:\/\/www.grieta.org.mx\/wp-content\/uploads\/2020\/10\/Aniversario-del-asesinato-de-Emiliano-Zapata-45-300x200.jpg\" data-large-file=\"https:\/\/www.grieta.org.mx\/wp-content\/uploads\/2020\/10\/Aniversario-del-asesinato-de-Emiliano-Zapata-45-1024x684.jpg\" class=\"alignnone wp-image-54114\" src=\"http:\/\/www.grieta.org.mx\/wp-content\/uploads\/2020\/10\/Aniversario-del-asesinato-de-Emiliano-Zapata-45.jpg\" alt=\"\" width=\"800\" height=\"534\" srcset=\"https:\/\/www.grieta.org.mx\/wp-content\/uploads\/2020\/10\/Aniversario-del-asesinato-de-Emiliano-Zapata-45.jpg 1080w, https:\/\/www.grieta.org.mx\/wp-content\/uploads\/2020\/10\/Aniversario-del-asesinato-de-Emiliano-Zapata-45-300x200.jpg 300w, https:\/\/www.grieta.org.mx\/wp-content\/uploads\/2020\/10\/Aniversario-del-asesinato-de-Emiliano-Zapata-45-1024x684.jpg 1024w, https:\/\/www.grieta.org.mx\/wp-content\/uploads\/2020\/10\/Aniversario-del-asesinato-de-Emiliano-Zapata-45-768x513.jpg 768w, https:\/\/www.grieta.org.mx\/wp-content\/uploads\/2020\/10\/Aniversario-del-asesinato-de-Emiliano-Zapata-45-749x500.jpg 749w\" sizes=\"auto, (max-width: 800px) 100vw, 800px\" \/><br \/>\nFoto por Santiago Navarro F.<\/p>\n<p>El 12 de octubre es una fecha emblem\u00e1tica en toda Latinoam\u00e9rica, ya que mientras los menos festejan un encuentro de dos mundos que trajo una supuesta \u201cprosperidad\u201d, los m\u00e1s, entre ellos, los pueblos originarios y los pobres de Am\u00e9rica Latina y M\u00e9xico, la recuerdan como el inicio del sufrimiento que han padecido por d\u00e9cadas, de la destrucci\u00f3n de sus culturas milenarias y, del despojo de sus tierras y de todos los bienes materiales e inmateriales que poseen.<\/p>\n<p>Y, es ah\u00ed, en el recuerdo del dolor y el despojo que han padecido desde hace 528 a\u00f1os, donde los pueblos rememoran las luchas que han enfrentado, donde honran a sus muertos y, donde surge la digna rabia y se construye rebeld\u00eda para seguir resistiendo los embates del capitalismo y de los malos gobiernos.<\/p>\n<p>Esos gobiernos que hoy, aun en un contexto de pandemia, no se detienen y avanzan con sus planes de despojo, c\u00f3mo los afirma Samantha Cesar quien forma parte del Congreso Nacional Ind\u00edgena (CNI), \u201caunque el nuevo gobierno en su discurso promet\u00eda ser de izquierda, ser el cambio, la realidad es que contin\u00faa aplicando una pol\u00edtica neoliberal extractivista cada vez m\u00e1s agresiva hacia los pueblos, ya que insisten en implementar sus proyectos, como el tren maya, y el que se hayan cerrado los juzgados durante esta contingencia, nos ha dejado en una situaci\u00f3n de indefensi\u00f3n legal\u201d, dice Samantha para Avispa Midia, quien tambi\u00e9n forma parte de la Asamblea de resistencia de Amilcingo, Morelos y del frente de Pueblos en defensa de la tierra y el agua de Morelos, Puebla y Tlaxcala.<\/p>\n<p>Por su parte, Mario Quintero de la Asamblea de los Pueblos Ind\u00edgenas del Istmo en Defensa de la Tierra y el Territorio, comenta para Avispa Midia que, \u201c no ha habido un cambio de gobierno, ni de pol\u00edtica, ni de estructura que tenga alg\u00fan beneficio para los pueblos ind\u00edgenas, ni en general, ya que este gobierno en su estructura econ\u00f3mica contin\u00faa con sus procesos de privatizaci\u00f3n de los servicios p\u00fablicos y de ofertar los territorios de los pueblos ind\u00edgenas y originarios a los grandes capitales nacionales e internacionales. As\u00ed lo vemos cuando en este contexto de pandemia, el gobierno federal est\u00e1 avanzando con los grandes proyectos, como el de la miner\u00eda, el corredor interoce\u00e1nico, Dos Bocas, el Aeropuerto Santa Luc\u00eda y m\u00e1s. Lo cual nos pone en peligro y en alerta\u201d.<\/p>\n<p>Sin duda, los proyectos impulsados por el actual gobierno trastocan, como hace 528 a\u00f1os, a los pueblos originarios del pa\u00eds, ya que no solo se concentran en una regi\u00f3n espec\u00edfica, sino que, intervienen varios puntos de la Rep\u00fablica, as\u00ed lo comenta Mario Quintero \u201crespecto al corredor interoce\u00e1nico, durante la pandemia se han hecho dos decretos, uno que \u201cordena crear este organismo descentralizado que va a administrar la regi\u00f3n y que va a estar pol\u00edgonada como el corredor interoce\u00e1nico. El cual, por ahora, est\u00e1 avanzando del lado de Veracruz, incluidos el Puerto de Coatzacoalcos, Acayucan, Zayula. En el Istmo est\u00e1n haciendo trabajos de modernizaci\u00f3n, que incluyen la instalaci\u00f3n de una nueva l\u00ednea de transmisi\u00f3n que va a salir de Uni\u00f3n Hidalgo hacia Ciudad Ixtepec y que contempla el proyecto de energ\u00eda e\u00f3lica, de Electricit\u00e9 de France, de Guna\u00e1 Sicar\u00fa, as\u00ed como otros dos proyectos de energ\u00eda e\u00f3lica que ya est\u00e1n proyectados y que sabemos que incluir\u00e1n otros m\u00e1s. Este ramal de l\u00ednea de transmisi\u00f3n es parte de una l\u00ednea de transmisi\u00f3n m\u00e1s grande, que por ahora la est\u00e1n haciendo en partes, pero que ser\u00e1 de 1270km y que ir\u00e1 de Ixtepec, el Istmo de Oaxaca, hasta Yautepec, Morelos\u201d.<\/p>\n<p>En Morelos, un Estado en el que se pretende echar a andar una termoel\u00e9ctrica, y en donde, hace m\u00e1s de un a\u00f1o fue asesinado el ind\u00edgena Samir Flores, la situaci\u00f3n se ha tornado dif\u00edcil para los ejidatarios de Ayala, ya que el hostigamiento por parte del gobierno no cesa y, en los \u00faltimos meses se ha incrementado la presencia del ej\u00e9rcito y de la Guardia Nacional en la termoel\u00e9ctrica, lo cual los pone en un estado de alerta constante por una posible represi\u00f3n hacia los pueblos que han estado luchando.<\/p>\n<p>Al respecto, Samantha comenta que \u201cel Proyecto Integral Morelos ha intentado avanzar e industrializar la zona, ahora solo quedan 200 mts de la construcci\u00f3n del acueducto en Ayala, pero desde hace cuatro a\u00f1os existe el campamento de los ejidatarios de Ayala deteniendo est\u00e1 construcci\u00f3n. Sin embargo, despu\u00e9s del asesinato de Samir, ha habido m\u00e1s hostigamiento, m\u00e1s compra de las autoridades, m\u00e1s presi\u00f3n a las autoridades ejidales para que presionen a sus asambleas para que desistan de los amparos ganados y para que desistan de continuar con el campamento\u201d.<\/p>\n<p>Samantha tambi\u00e9n agrega que ,\u201daunque tengamos amparos y la ley est\u00e9 a nuestro favor, contin\u00faa el hostigamiento y la intenci\u00f3n por parte del gobierno para que el proyecto siga, ya que hace m\u00e1s o menos mes y medio, en una rueda de prensa, Andr\u00e9s Manuel dijo que ya no hab\u00eda ning\u00fan amparo y que ya todo estaba resuelto legalmente y que el proyecto iba, lo cual es mentira\u201d.<\/p>\n<p>Si bien, los procesos de resistencia contin\u00faan desde las comunidades, la imposici\u00f3n de los megaproyectos genera divisionismo, violaci\u00f3n de derechos, despojo, pobreza y violencia dentro de los pueblos. Mario Quiroz afirma que \u201cel Istmo enfrenta un contexto complicado ya que hay actores que parecen aliados pero atacan a las organizaciones, hay una campa\u00f1a de divisi\u00f3n por parte del Estado y las empresas, lo que pas\u00f3 en San Mateo del Mar dej\u00f3 una clara huella sobre lo que pretenden hacer en las comunidades que se est\u00e1n oponiendo, y estos es desestabilizar e imponer sus proyectos a toda costa\u201d.<\/p>\n<p>Ante este contexto de violencia y despojo que se vive en el pa\u00eds, el Congreso Nacional Ind\u00edgena (CIG) ha convocado a sumarse a una jornada nacional de movilizaci\u00f3n en defensa de la Madre Tierra, ya que hoy m\u00e1s que nunca es importante entrelazar las diferentes luchas de resistencia que se viven en el pa\u00eds, y con ello, la voz de todos los pueblos y de todas las luchas resuene a lo largo y ancho del pa\u00eds con fuerza.<\/p>\n<p>Samantha desde Morelos asevera que \u201cla iniciativa del CNI y del EZ de llamar a acciones dislocadas en todo el pa\u00eds es una forma de manifestarnos no solo por la invasi\u00f3n de hace 528 a\u00f1os, sino para decir que el colonialismo no ha salido, que est\u00e1 presente en estos proyectos extractivistas, en estas visiones de la explotaci\u00f3n de los recursos naturales de la Madre Tierra, y que la invasi\u00f3n continua hasta ahora, con las empresas transnacionales y con todos los megaproyetos\u201d.<\/p>\n<p>El activista Quiroz por su parte, desde el Istmo, menciona que el llamado del CNI \u201cbusca visibilizar y mediatizar lo que est\u00e1 pasando en los pueblos ind\u00edgenas en estos momentos, sobre todo en este contexto de pandemia en el que se han dado muchos ataques paramilitares contra compa\u00f1eras, compa\u00f1eros, organizaciones y, de toda la violencia que se ha reactivado desde la llegada de Obrador con el anuncio de todos estos grandes proyectos. En Chipas hay hostigamiento y hay una guerra contra las y los compa\u00f1eros zapatistas, sabemos que este gobierno quiere golpear a los compa\u00f1eros as\u00ed como a todos los que integramos el CNI. Pero como decimos si nos tocan a una, uno, nos tocan a todas, todos, as\u00ed que la respuesta ante ello es buscar estrategias nacionales para poder detener esta serie de ataques\u201d.<\/p>\n<p>Diversos pueblos y colectivos a lo largo del pa\u00eds se han sumado a la convocatoria nacional del CNI y, justamente, como una medida para hacer visible el despojo y la violencia que est\u00e1 sucediendo, no solo en comunidades zapatistas con la paramilitarizaci\u00f3n, sino en el resto del pa\u00eds, \u201ccomo parte de la ofensiva hac\u00eda los pueblos\u201d, agrega Samantha.<\/p>\n<p>En Michoac\u00e1n han llamado a un encuentro de comunidades integrantes del CNI y un acto pol\u00edtico-cultural, adem\u00e1s el colectivo COMUNA PUREPECHA ha organizado un conversatorio titulado \u201c12 de octubre d\u00eda de la dignidad, resistencia y lucha de los pueblos originarios\u201d. Mientras que en Ciudad de M\u00e9xico, mujeres y hombres del pueblo Otom\u00ed, tomron las intalaciones del Instituto Nacional de pueblos Ind\u00edgenas (INPI).<\/p>\n<p>En Guadalajara tambi\u00e9n se ha convocado a reunirse en las calles; en Oaxaca, la asamblea oaxaque\u00f1a en defensa de la tierra y el territorio han convocado a un panel virtual y a una marcha-mitin y plant\u00f3n ante las oficinas de la CFE en Mat\u00edas Romero; la comunidad Xpujil, Calakmul, en Campeche as\u00ed como el pueblo nahua de Zacatepec, Puebla, tambi\u00e9n se han sumado al llamado, as\u00ed como otros muchos pueblos y colectivos.<\/p>\n<p>Y, aunque los gobiernos quer\u00edan que hubiese silencio, los pueblos no se callar\u00e1n, porque la violencia, la miseria y los atropellos no cesan; porque los grandes proyectos han sido dise\u00f1ados, como muchos otros, con base a la explotaci\u00f3n de la gente; porque la extracci\u00f3n de los recursos naturales da\u00f1an a la Madre Tierra; porque es necesario exigir que sean respetados los derechos de los pueblos y, porque hoy m\u00e1s que nunca es urgente levantar la voz acompa\u00f1ando la consigna de los pueblos organizados en torno al CNI \u00a1Basta de Imposiciones y Simulaci\u00f3n! \u00a1\u00a1 Basta de Despojos y Violencia!!<\/p>\n<div class=\"fb-video\" data-allowfullscreen=\"true\" data-href=\"https:\/\/www.facebook.com\/watch\/?ref=external&#038;v=774571236730428\" style=\"background-color: #fff; display: inline-block;\"><\/div>\n<p><a href=\"https:\/\/avispa.org\/cig-convoca-a-movilizarse-en-defensa-de-la-madre-tierra-y-contra-la-guerra-tras-528-anos-despojo\/\" rel=\"noopener noreferrer\" target=\"_blank\">https:\/\/avispa.org\/cig-convoca-a-movilizarse-en-defensa-de-la-madre-tierra-y-contra-la-guerra-tras-528-anos-despojo\/<\/a><\/p>\n","protected":false},"excerpt":{"rendered":"<p>Avispa Midia \/ Itzela Olivarri. Foto por Santiago Navarro F. El 12 de octubre es una fecha emblem\u00e1tica en toda Latinoam\u00e9rica, ya que mientras los menos festejan un encuentro de &hellip; <a href=\"https:\/\/www.grieta.org.mx\/index.php\/2020\/10\/12\/cig-convoca-a-movilizarse-en-defensa-de-la-madre-tierra-y-contra-la-guerra-tras-528-anos-despojo-oaxaca\/\" class=\"more-link\">Leer m\u00e1s<\/a><\/p>\n","protected":false},"author":2,"featured_media":54114,"comment_status":"closed","ping_status":"closed","sticky":false,"template":"","format":"standard","meta":{"ngg_post_thumbnail":0,"_jetpack_newsletter_access":"","_jetpack_dont_email_post_to_subs":false,"_jetpack_newsletter_tier_id":0,"_jetpack_memberships_contains_paywalled_content":false,"_jetpack_memberships_contains_paid_content":false,"footnotes":""},"categories":[80,1358,1306,1708,1705,2,25,2909,83],"tags":[],"class_list":["post-54113","post","type-post","status-publish","format-standard","has-post-thumbnail","hentry","category-cintillo","category-conflictos-por-megaproyectos-en-oaxaca","category-conflictos-por-parques-eolicos-en-oaxaca","category-corredor-del-istmo-de-tehuantepec","category-el-camino-del-cin-cig-en-oaxaca","category-noticias-nacionales","category-oaxaca","category-resistencias-y-rebeldias-en-oaxaca","category-temas-nacionales","entry"],"jetpack_featured_media_url":"https:\/\/www.grieta.org.mx\/wp-content\/uploads\/2020\/10\/Aniversario-del-asesinato-de-Emiliano-Zapata-45.jpg","jetpack_sharing_enabled":true,"jetpack_shortlink":"https:\/\/wp.me\/p7ZJR4-e4N","jetpack_likes_enabled":false,"jetpack-related-posts":[{"id":51973,"url":"https:\/\/www.grieta.org.mx\/index.php\/2020\/07\/22\/documental-la-historia-de-un-pueblo-en-oaxaca-que-quieren-desaparecer\/","url_meta":{"origin":54113,"position":0},"title":"Documental, la historia de un pueblo en Oaxaca que quieren desaparecer","author":"grieta","date":"22 julio, 2020","format":false,"excerpt":"Avispa Midia \/ Santiago Navarro F. Una centena de ind\u00edgenas zapotecos, campesinos en su mayor\u00eda, viven en constante tensi\u00f3n desde que un grupo armado acompa\u00f1ado con maquinaria pesada intent\u00f3 desalojarlos de sus tierras en el mes de mayo del 2019. Los habitantes de los parajes los Arquitos, el Rebolledo y\u2026","rel":"","context":"En &quot;CINTILLO&quot;","block_context":{"text":"CINTILLO","link":"https:\/\/www.grieta.org.mx\/index.php\/category\/cintillo\/"},"img":{"alt_text":"","src":"https:\/\/i0.wp.com\/www.grieta.org.mx\/wp-content\/uploads\/2020\/07\/1-2.jpg?resize=350%2C200&ssl=1","width":350,"height":200,"srcset":"https:\/\/i0.wp.com\/www.grieta.org.mx\/wp-content\/uploads\/2020\/07\/1-2.jpg?resize=350%2C200&ssl=1 1x, https:\/\/i0.wp.com\/www.grieta.org.mx\/wp-content\/uploads\/2020\/07\/1-2.jpg?resize=525%2C300&ssl=1 1.5x, https:\/\/i0.wp.com\/www.grieta.org.mx\/wp-content\/uploads\/2020\/07\/1-2.jpg?resize=700%2C400&ssl=1 2x"},"classes":[]},{"id":54121,"url":"https:\/\/www.grieta.org.mx\/index.php\/2020\/10\/12\/jornada-nacional-de-movilizacion-en-defensa-de-la-madre-tierra-contra-la-guerra-al-ezln-los-pueblos-y-comunidades-indigenas-en-oaxaca\/","url_meta":{"origin":54113,"position":1},"title":"Jornada Nacional de Movilizaci\u00f3n en Defensa de la Madre Tierra, contra la guerra al EZLN, los pueblos y comunidades Ind\u00edgenas en Oaxaca","author":"grieta","date":"12 octubre, 2020","format":false,"excerpt":"Radio Zapatista \/ Informaci\u00f3n CNI Mat\u00edas Romero, Oaxaca 12 de octubre 2020 En el marco de la Jornada Nacional de Movilizaci\u00f3n en Defensa de la Madre Tierra, contra la guerra al EZLN, los pueblos y comunidades Ind\u00edgenas. Mitin UCIZONI RESISTENCIA CIVIL DEL ISTMO en Estaci\u00f3n Ferrocarril de Mat\u00edas Romero Oaxaca\u2026","rel":"","context":"En &quot;CINTILLO&quot;","block_context":{"text":"CINTILLO","link":"https:\/\/www.grieta.org.mx\/index.php\/category\/cintillo\/"},"img":{"alt_text":"","src":"https:\/\/i0.wp.com\/www.grieta.org.mx\/wp-content\/uploads\/2020\/10\/r.jpg?resize=350%2C200&ssl=1","width":350,"height":200,"srcset":"https:\/\/i0.wp.com\/www.grieta.org.mx\/wp-content\/uploads\/2020\/10\/r.jpg?resize=350%2C200&ssl=1 1x, https:\/\/i0.wp.com\/www.grieta.org.mx\/wp-content\/uploads\/2020\/10\/r.jpg?resize=525%2C300&ssl=1 1.5x"},"classes":[]},{"id":28325,"url":"https:\/\/www.grieta.org.mx\/index.php\/2018\/12\/31\/comunicado-del-congreso-nacional-indigena-y-del-concejo-indigena-de-gobierno-al-pueblo-chinanteco-de-san-juan-petlapa-oaxaca\/","url_meta":{"origin":54113,"position":2},"title":"COMUNICADO DEL CONGRESO NACIONAL IND\u00cdGENA Y DEL CONCEJO IND\u00cdGENA DE GOBIERNO AL PUEBLO CHINANTECO DE SAN JUAN PETLAPA, OAXACA","author":"grieta","date":"31 diciembre, 2018","format":false,"excerpt":"A la comunidad de San Juan Petlapa, Oaxaca Al pueblo Chinanteco Al Pueblo de M\u00e9xico A los medios de comunicaci\u00f3n El Congreso Nacional Ind\u00edgena y el Concejo Ind\u00edgena de Gobierno manifestamos nuestro pleno respeto a los modos que los pueblos originarios de nuestro pa\u00eds deciden para el nombramiento de sus\u2026","rel":"","context":"En &quot;CIG&quot;","block_context":{"text":"CIG","link":"https:\/\/www.grieta.org.mx\/index.php\/category\/cig\/"},"img":{"alt_text":"","src":"https:\/\/i0.wp.com\/www.grieta.org.mx\/wp-content\/uploads\/2018\/03\/14524434_1106112876131411_958039263622046936_o.jpg?resize=350%2C200&ssl=1","width":350,"height":200,"srcset":"https:\/\/i0.wp.com\/www.grieta.org.mx\/wp-content\/uploads\/2018\/03\/14524434_1106112876131411_958039263622046936_o.jpg?resize=350%2C200&ssl=1 1x, https:\/\/i0.wp.com\/www.grieta.org.mx\/wp-content\/uploads\/2018\/03\/14524434_1106112876131411_958039263622046936_o.jpg?resize=525%2C300&ssl=1 1.5x, https:\/\/i0.wp.com\/www.grieta.org.mx\/wp-content\/uploads\/2018\/03\/14524434_1106112876131411_958039263622046936_o.jpg?resize=700%2C400&ssl=1 2x"},"classes":[]},{"id":40074,"url":"https:\/\/www.grieta.org.mx\/index.php\/2019\/10\/08\/resistencias-en-oaxaca-se-suman-a-jornada-global-samir-flores-vive\/","url_meta":{"origin":54113,"position":3},"title":"Resistencias en Oaxaca se suman a jornada global Samir Flores Vive","author":"grieta","date":"8 octubre, 2019","format":false,"excerpt":"Avispa Midia \/ Rafael E. Lozano Conferencia de prensa Oaxaca, 7 de oct. Foto: Rafael E Lozano\/Avispa Midia Autoridades de los pueblos ind\u00edgenas de Santa Catarina Lachatao y de Magdalena Teitipac junto a organizaciones y colectivos de Oaxaca anunciaron este lunes 7 de octubre, en conferencia de prensa, que se\u2026","rel":"","context":"En &quot;CINTILLO&quot;","block_context":{"text":"CINTILLO","link":"https:\/\/www.grieta.org.mx\/index.php\/category\/cintillo\/"},"img":{"alt_text":"","src":"https:\/\/i0.wp.com\/www.grieta.org.mx\/wp-content\/uploads\/2019\/10\/Jornada-Samir-Flores-Vive-Oaxaca.jpg?resize=350%2C200&ssl=1","width":350,"height":200,"srcset":"https:\/\/i0.wp.com\/www.grieta.org.mx\/wp-content\/uploads\/2019\/10\/Jornada-Samir-Flores-Vive-Oaxaca.jpg?resize=350%2C200&ssl=1 1x, https:\/\/i0.wp.com\/www.grieta.org.mx\/wp-content\/uploads\/2019\/10\/Jornada-Samir-Flores-Vive-Oaxaca.jpg?resize=525%2C300&ssl=1 1.5x, https:\/\/i0.wp.com\/www.grieta.org.mx\/wp-content\/uploads\/2019\/10\/Jornada-Samir-Flores-Vive-Oaxaca.jpg?resize=700%2C400&ssl=1 2x"},"classes":[]},{"id":44855,"url":"https:\/\/www.grieta.org.mx\/index.php\/2020\/02\/21\/se-opone-cuatro-venados-a-la-mineria-oaxaca\/","url_meta":{"origin":54113,"position":4},"title":"Se opone Cuatro Venados a la miner\u00eda (Oaxaca)","author":"grieta","date":"21 febrero, 2020","format":false,"excerpt":"Noticias \/ Octavio V\u00e9lez. Comuneros de San Pablo Cuatro Venados, regi\u00f3n de Valles Centrales, denunciaron que el gobierno federal de Enrique Pe\u00f1a Nieto entreg\u00f3 tres concesiones mineras en su territorio para la explotaci\u00f3n de oro y plata, sin su consentimiento y sin respetar sus derechos. En conferencia de prensa, la\u2026","rel":"","context":"En &quot;CINTILLO&quot;","block_context":{"text":"CINTILLO","link":"https:\/\/www.grieta.org.mx\/index.php\/category\/cintillo\/"},"img":{"alt_text":"","src":"https:\/\/i0.wp.com\/www.grieta.org.mx\/wp-content\/uploads\/2020\/02\/copia_de_minera_1.jpg?resize=350%2C200&ssl=1","width":350,"height":200,"srcset":"https:\/\/i0.wp.com\/www.grieta.org.mx\/wp-content\/uploads\/2020\/02\/copia_de_minera_1.jpg?resize=350%2C200&ssl=1 1x, https:\/\/i0.wp.com\/www.grieta.org.mx\/wp-content\/uploads\/2020\/02\/copia_de_minera_1.jpg?resize=525%2C300&ssl=1 1.5x, https:\/\/i0.wp.com\/www.grieta.org.mx\/wp-content\/uploads\/2020\/02\/copia_de_minera_1.jpg?resize=700%2C400&ssl=1 2x, https:\/\/i0.wp.com\/www.grieta.org.mx\/wp-content\/uploads\/2020\/02\/copia_de_minera_1.jpg?resize=1050%2C600&ssl=1 3x"},"classes":[]},{"id":31851,"url":"https:\/\/www.grieta.org.mx\/index.php\/2019\/04\/08\/levanta-planton-el-cooa-y-se-va-a-la-cdmx-oaxaca\/","url_meta":{"origin":54113,"position":5},"title":"Levanta plant\u00f3n el COOA y se va a la CdMx (Oaxaca)","author":"grieta","date":"8 abril, 2019","format":false,"excerpt":"Noticias. Llevar\u00e1n a la capital del pa\u00eds el reclamo para el respeto al territorio y autonom\u00eda de los pueblos. Por Octavio V\u00e9lez, El Consejo de Organizaciones Oaxaque\u00f1as Aut\u00f3nomas (COOA) levant\u00f3 su plant\u00f3n instalado en el z\u00f3calo y se traslad\u00f3 en caravana a la Ciudad de M\u00e9xico, para reclamar al gobierno\u2026","rel":"","context":"En &quot;CINTILLO&quot;","block_context":{"text":"CINTILLO","link":"https:\/\/www.grieta.org.mx\/index.php\/category\/cintillo\/"},"img":{"alt_text":"","src":"https:\/\/i0.wp.com\/www.grieta.org.mx\/wp-content\/uploads\/2019\/04\/image_22_366.jpg?resize=350%2C200&ssl=1","width":350,"height":200,"srcset":"https:\/\/i0.wp.com\/www.grieta.org.mx\/wp-content\/uploads\/2019\/04\/image_22_366.jpg?resize=350%2C200&ssl=1 1x, https:\/\/i0.wp.com\/www.grieta.org.mx\/wp-content\/uploads\/2019\/04\/image_22_366.jpg?resize=525%2C300&ssl=1 1.5x, https:\/\/i0.wp.com\/www.grieta.org.mx\/wp-content\/uploads\/2019\/04\/image_22_366.jpg?resize=700%2C400&ssl=1 2x, https:\/\/i0.wp.com\/www.grieta.org.mx\/wp-content\/uploads\/2019\/04\/image_22_366.jpg?resize=1050%2C600&ssl=1 3x"},"classes":[]}],"_links":{"self":[{"href":"https:\/\/www.grieta.org.mx\/index.php\/wp-json\/wp\/v2\/posts\/54113","targetHints":{"allow":["GET"]}}],"collection":[{"href":"https:\/\/www.grieta.org.mx\/index.php\/wp-json\/wp\/v2\/posts"}],"about":[{"href":"https:\/\/www.grieta.org.mx\/index.php\/wp-json\/wp\/v2\/types\/post"}],"author":[{"embeddable":true,"href":"https:\/\/www.grieta.org.mx\/index.php\/wp-json\/wp\/v2\/users\/2"}],"replies":[{"embeddable":true,"href":"https:\/\/www.grieta.org.mx\/index.php\/wp-json\/wp\/v2\/comments?post=54113"}],"version-history":[{"count":1,"href":"https:\/\/www.grieta.org.mx\/index.php\/wp-json\/wp\/v2\/posts\/54113\/revisions"}],"predecessor-version":[{"id":54117,"href":"https:\/\/www.grieta.org.mx\/index.php\/wp-json\/wp\/v2\/posts\/54113\/revisions\/54117"}],"wp:featuredmedia":[{"embeddable":true,"href":"https:\/\/www.grieta.org.mx\/index.php\/wp-json\/wp\/v2\/media\/54114"}],"wp:attachment":[{"href":"https:\/\/www.grieta.org.mx\/index.php\/wp-json\/wp\/v2\/media?parent=54113"}],"wp:term":[{"taxonomy":"category","embeddable":true,"href":"https:\/\/www.grieta.org.mx\/index.php\/wp-json\/wp\/v2\/categories?post=54113"},{"taxonomy":"post_tag","embeddable":true,"href":"https:\/\/www.grieta.org.mx\/index.php\/wp-json\/wp\/v2\/tags?post=54113"}],"curies":[{"name":"wp","href":"https:\/\/api.w.org\/{rel}","templated":true}]}}