{"id":54108,"date":"2020-10-12T20:47:33","date_gmt":"2020-10-13T01:47:33","guid":{"rendered":"http:\/\/www.grieta.org.mx\/?p=54108"},"modified":"2020-10-12T20:48:45","modified_gmt":"2020-10-13T01:48:45","slug":"denuncian-agresion-contra-ejidatarios-de-samahil-por-no-vender-tierras-yucatan","status":"publish","type":"post","link":"https:\/\/www.grieta.org.mx\/index.php\/2020\/10\/12\/denuncian-agresion-contra-ejidatarios-de-samahil-por-no-vender-tierras-yucatan\/","title":{"rendered":"Denuncian agresi\u00f3n contra ejidatarios de Samahil por no vender tierras (Yucat\u00e1n)"},"content":{"rendered":"<p><img loading=\"lazy\" decoding=\"async\" data-attachment-id=\"54109\" data-permalink=\"https:\/\/www.grieta.org.mx\/index.php\/2020\/10\/12\/denuncian-agresion-contra-ejidatarios-de-samahil-por-no-vender-tierras-yucatan\/edjitadarios-samahil-1160x700\/\" data-orig-file=\"https:\/\/www.grieta.org.mx\/wp-content\/uploads\/2020\/10\/edjitadarios-samahil-1160x700-1-e1602553464393.jpg\" data-orig-size=\"800,483\" data-comments-opened=\"0\" data-image-meta=\"{&quot;aperture&quot;:&quot;0&quot;,&quot;credit&quot;:&quot;&quot;,&quot;camera&quot;:&quot;&quot;,&quot;caption&quot;:&quot;&quot;,&quot;created_timestamp&quot;:&quot;0&quot;,&quot;copyright&quot;:&quot;&quot;,&quot;focal_length&quot;:&quot;0&quot;,&quot;iso&quot;:&quot;0&quot;,&quot;shutter_speed&quot;:&quot;0&quot;,&quot;title&quot;:&quot;&quot;,&quot;orientation&quot;:&quot;0&quot;}\" data-image-title=\"edjitadarios-samahil-1160&amp;#215;700\" data-image-description=\"\" data-image-caption=\"\" data-medium-file=\"https:\/\/www.grieta.org.mx\/wp-content\/uploads\/2020\/10\/edjitadarios-samahil-1160x700-1-300x181.jpg\" data-large-file=\"https:\/\/www.grieta.org.mx\/wp-content\/uploads\/2020\/10\/edjitadarios-samahil-1160x700-1-1024x618.jpg\" src=\"http:\/\/www.grieta.org.mx\/wp-content\/uploads\/2020\/10\/edjitadarios-samahil-1160x700-1-e1602553464393.jpg\" alt=\"\" width=\"800\" height=\"483\" class=\"alignnone size-full wp-image-54109\" \/><\/p>\n<p>Karen Clemente \/ Quadrat\u00edn Yucat\u00e1n<\/p>\n<p>SAMAHIL, Yuc., .- Integrantes del Frente Campesino en Defensa de la Tierra y la Vida, denunciaron p\u00fablicamente la agresi\u00f3n que sufri\u00f3 el se\u00f1or Wilberth Chuil Quintal el pasado viernes a manos de tres sujetos, presuntamente por no querer vender sus terrenos a especuladores de tierras.<\/p>\n<p>\u201cYa se hab\u00edan cancelado los proyectos e\u00f3licos, pero el gobierno los quiere reactivar, entonces este se\u00f1or es como su negrito en el arroz porque no quiere vender sus terrenos y por eso lo est\u00e1n agrediendo\u201d declar\u00f3 a Quadrat\u00edn Cecilio Cisneros, integrante del Frente donde se agrupan representantes de 32 ejidos.<\/p>\n<p>De acuerdo con la informaci\u00f3n proporcionada, la agresi\u00f3n se registr\u00f3 el pasado viernes por la ma\u00f1ana en el propio rancho del se\u00f1or Chuil Quintal, qui\u00e9n presenta lesiones en diferentes partes del cuerpo y por lo que ya interpuso la denuncia correspondiente ante la Fiscal\u00eda General del Estado (FGE) y que qued\u00f3 registrado con el n\u00famero de expediente UNATD-27-GM-00-1231.<\/p>\n<p>Don Cecilio, apunt\u00f3 que este clima de violencia por la venta de tierras es propiciado por Rafael Acosta Sol\u00eds, el ex comisario Silverio Chac\u00f3n Koyoc y la ex tesorera Irma Yam.<\/p>\n<p>Seg\u00fan refiri\u00f3, todo el problema, por el que tambi\u00e9n han sido v\u00edctimas de amenazas otros ejidatarios, es porque Acosta Solis, presuntamente quiere que retiren una demanda interpuesta ante el Tribunal Agrario y mediante la cual impiden a esta persona apropiarse de m\u00e1s de mil 512 hect\u00e1reas para instalar 6 mil 271 paneles solares.<\/p>\n<p><a href=\"https:\/\/yucatan.quadratin.com.mx\/municipios\/denuncian-agresion-contra-ejidatarios-de-samahil-por-no-vender-tierras\/\" rel=\"noopener noreferrer\" target=\"_blank\">https:\/\/yucatan.quadratin.com.mx\/municipios\/denuncian-agresion-contra-ejidatarios-de-samahil-por-no-vender-tierras\/<\/a><\/p>\n","protected":false},"excerpt":{"rendered":"<p>Karen Clemente \/ Quadrat\u00edn Yucat\u00e1n SAMAHIL, Yuc., .- Integrantes del Frente Campesino en Defensa de la Tierra y la Vida, denunciaron p\u00fablicamente la agresi\u00f3n que sufri\u00f3 el se\u00f1or Wilberth Chuil &hellip; <a href=\"https:\/\/www.grieta.org.mx\/index.php\/2020\/10\/12\/denuncian-agresion-contra-ejidatarios-de-samahil-por-no-vender-tierras-yucatan\/\" class=\"more-link\">Leer m\u00e1s<\/a><\/p>\n","protected":false},"author":2,"featured_media":54109,"comment_status":"closed","ping_status":"closed","sticky":false,"template":"","format":"standard","meta":{"ngg_post_thumbnail":0,"_jetpack_newsletter_access":"","_jetpack_dont_email_post_to_subs":false,"_jetpack_newsletter_tier_id":0,"_jetpack_memberships_contains_paywalled_content":false,"_jetpack_memberships_contains_paid_content":false,"footnotes":""},"categories":[80,2,1071,36],"tags":[2311,1817],"class_list":["post-54108","post","type-post","status-publish","format-standard","has-post-thumbnail","hentry","category-cintillo","category-noticias-nacionales","category-resistencia-al-despojo-de-tierras-ejidales-en-yucatan","category-yucatan","tag-despojo-de-tierras","tag-tierras-ejidales","entry"],"jetpack_featured_media_url":"https:\/\/www.grieta.org.mx\/wp-content\/uploads\/2020\/10\/edjitadarios-samahil-1160x700-1-e1602553464393.jpg","jetpack_sharing_enabled":true,"jetpack_shortlink":"https:\/\/wp.me\/p7ZJR4-e4I","jetpack_likes_enabled":false,"jetpack-related-posts":[{"id":64477,"url":"https:\/\/www.grieta.org.mx\/index.php\/2022\/06\/29\/tribunal-agrario-de-yucatan-senalado-por-participacion-en-transas-ejidales-en-municipios\/","url_meta":{"origin":54108,"position":0},"title":"Tribunal Agrario de Yucat\u00e1n, se\u00f1alado por participaci\u00f3n en transas ejidales en municipios","author":"grieta","date":"29 junio, 2022","format":false,"excerpt":"Daniel Santiago \/ Por Esto! Tras la manifestaci\u00f3n de ejidatarios de cuatro municipios, a las afueras del Tribunal Unitario Agrario n\u00famero 34 para denunciar supuestos despojos de tierras, el coordinador del Frente Campesino, Pedro Quijano, dijo, en entrevista para POR ESTO!, que hay m\u00e1s comunidades con problemas de supuestas transas\u2026","rel":"","context":"En &quot;CINTILLO&quot;","block_context":{"text":"CINTILLO","link":"https:\/\/www.grieta.org.mx\/index.php\/category\/cintillo\/"},"img":{"alt_text":"","src":"https:\/\/i0.wp.com\/www.grieta.org.mx\/wp-content\/uploads\/2022\/07\/TribunalAgrarioDespojo-e1656872148232.png?resize=350%2C200&ssl=1","width":350,"height":200,"srcset":"https:\/\/i0.wp.com\/www.grieta.org.mx\/wp-content\/uploads\/2022\/07\/TribunalAgrarioDespojo-e1656872148232.png?resize=350%2C200&ssl=1 1x, https:\/\/i0.wp.com\/www.grieta.org.mx\/wp-content\/uploads\/2022\/07\/TribunalAgrarioDespojo-e1656872148232.png?resize=525%2C300&ssl=1 1.5x, https:\/\/i0.wp.com\/www.grieta.org.mx\/wp-content\/uploads\/2022\/07\/TribunalAgrarioDespojo-e1656872148232.png?resize=700%2C400&ssl=1 2x"},"classes":[]},{"id":56920,"url":"https:\/\/www.grieta.org.mx\/index.php\/2021\/02\/10\/detectan-privatizacion-de-mas-de-500-mil-hectareas-de-tierras-ejidales-en-la-peninsula-de-yucatan\/","url_meta":{"origin":54108,"position":1},"title":"Detectan privatizaci\u00f3n de m\u00e1s de 500 mil hect\u00e1reas de tierras ejidales en la Pen\u00ednsula de Yucat\u00e1n","author":"grieta","date":"10 febrero, 2021","format":false,"excerpt":"Pablo Puerto \/ Yucat\u00e1n a la Mano En por lo menos 30 a\u00f1os, m\u00e1s de 500 mil hect\u00e1reas de tierras ejidales han pasado a manos privadas en Campeche, Yucat\u00e1n y Quintana Roo, revela el informe \u201cTres d\u00e9cadas de privatizaci\u00f3n y despojo de la propiedad social en la Pen\u00ednsula de Yucat\u00e1n\u201d,\u2026","rel":"","context":"En &quot;Campeche&quot;","block_context":{"text":"Campeche","link":"https:\/\/www.grieta.org.mx\/index.php\/category\/noticias-nacionales\/campeche\/"},"img":{"alt_text":"","src":"https:\/\/i0.wp.com\/www.grieta.org.mx\/wp-content\/uploads\/2021\/02\/Privatizacion500-e1613070823855.png?resize=350%2C200&ssl=1","width":350,"height":200,"srcset":"https:\/\/i0.wp.com\/www.grieta.org.mx\/wp-content\/uploads\/2021\/02\/Privatizacion500-e1613070823855.png?resize=350%2C200&ssl=1 1x, https:\/\/i0.wp.com\/www.grieta.org.mx\/wp-content\/uploads\/2021\/02\/Privatizacion500-e1613070823855.png?resize=525%2C300&ssl=1 1.5x, https:\/\/i0.wp.com\/www.grieta.org.mx\/wp-content\/uploads\/2021\/02\/Privatizacion500-e1613070823855.png?resize=700%2C400&ssl=1 2x"},"classes":[]},{"id":43351,"url":"https:\/\/www.grieta.org.mx\/index.php\/2020\/01\/21\/dan-marcha-atras-presunta-venta-de-tierras-ejidales-en-kimbila-yucatan\/","url_meta":{"origin":54108,"position":2},"title":"Dan marcha atr\u00e1s presunta venta de tierras ejidales en Kimbil\u00e1 (Yucat\u00e1n)","author":"grieta","date":"21 enero, 2020","format":false,"excerpt":"Reporteros Hoy Izamal, Yucat\u00e1n; (ACOM).- Unas 100 personas fueron a buscar a su casa al comisario Ejidal Casiano Pat May a fin de que d\u00e9 explicaciones sobre la presunta venta de tierras ejidales que se encuentran dentro de la reserva de terrenos para el crecimiento urbano de la localidad. El\u2026","rel":"","context":"En &quot;CINTILLO&quot;","block_context":{"text":"CINTILLO","link":"https:\/\/www.grieta.org.mx\/index.php\/category\/cintillo\/"},"img":{"alt_text":"","src":"https:\/\/i0.wp.com\/www.grieta.org.mx\/wp-content\/uploads\/2020\/01\/Kimbila1.jpg?resize=350%2C200&ssl=1","width":350,"height":200,"srcset":"https:\/\/i0.wp.com\/www.grieta.org.mx\/wp-content\/uploads\/2020\/01\/Kimbila1.jpg?resize=350%2C200&ssl=1 1x, https:\/\/i0.wp.com\/www.grieta.org.mx\/wp-content\/uploads\/2020\/01\/Kimbila1.jpg?resize=525%2C300&ssl=1 1.5x, https:\/\/i0.wp.com\/www.grieta.org.mx\/wp-content\/uploads\/2020\/01\/Kimbila1.jpg?resize=700%2C400&ssl=1 2x"},"classes":[]},{"id":71599,"url":"https:\/\/www.grieta.org.mx\/index.php\/2025\/04\/12\/despojados-de-168-hectareas-yucatan\/","url_meta":{"origin":54108,"position":3},"title":"Despojados de 168 hect\u00e1reas (Yucat\u00e1n)","author":"grieta","date":"12 abril, 2025","format":false,"excerpt":"Sol Yucat\u00e1n Ejidatarios del municipio de Baca, han alzado la voz para denunciar el despojo y la deforestaci\u00f3n ilegal de al menos 168 hect\u00e1reas de tierras ejidales de uso com\u00fan sin el permiso correspondiente. Ejidatarios del municipio de Baca, han alzado la voz para denunciar el despojo y la deforestaci\u00f3n\u2026","rel":"","context":"En &quot;CINTILLO&quot;","block_context":{"text":"CINTILLO","link":"https:\/\/www.grieta.org.mx\/index.php\/category\/cintillo\/"},"img":{"alt_text":"","src":"https:\/\/i0.wp.com\/www.grieta.org.mx\/wp-content\/uploads\/2025\/04\/Baca-e1744760844210.jpg?resize=350%2C200&ssl=1","width":350,"height":200,"srcset":"https:\/\/i0.wp.com\/www.grieta.org.mx\/wp-content\/uploads\/2025\/04\/Baca-e1744760844210.jpg?resize=350%2C200&ssl=1 1x, https:\/\/i0.wp.com\/www.grieta.org.mx\/wp-content\/uploads\/2025\/04\/Baca-e1744760844210.jpg?resize=525%2C300&ssl=1 1.5x, https:\/\/i0.wp.com\/www.grieta.org.mx\/wp-content\/uploads\/2025\/04\/Baca-e1744760844210.jpg?resize=700%2C400&ssl=1 2x"},"classes":[]},{"id":66831,"url":"https:\/\/www.grieta.org.mx\/index.php\/2023\/04\/17\/vecinos-de-hunucma-acusan-a-la-alcaldesa-de-vender-sus-tierras-a-bachoco-yucatan\/","url_meta":{"origin":54108,"position":4},"title":"Vecinos de Hunucm\u00e1 acusan a la Alcaldesa de vender sus tierras a Bachoco (Yucat\u00e1n)","author":"grieta","date":"17 abril, 2023","format":false,"excerpt":"Jos\u00e9 Luis L\u00f3pez Quintal \/ Por Esto! Hace apenas unos meses, poco antes de que finalizara el a\u00f1o 2022, pobladores realizaron manifestaciones para solicitar la intervenci\u00f3n de las autoridades municipales y que se otorgaran terrenos de \u201cSan Eduardo\u201d sin ocupar a los vecinos de la comunidad que no cuentan con\u2026","rel":"","context":"En &quot;Agroindustria&quot;","block_context":{"text":"Agroindustria","link":"https:\/\/www.grieta.org.mx\/index.php\/category\/megaproyectos\/agroindustria\/"},"img":{"alt_text":"","src":"https:\/\/i0.wp.com\/www.grieta.org.mx\/wp-content\/uploads\/2023\/04\/Hunucma-e1681850851873.jpg?resize=350%2C200&ssl=1","width":350,"height":200,"srcset":"https:\/\/i0.wp.com\/www.grieta.org.mx\/wp-content\/uploads\/2023\/04\/Hunucma-e1681850851873.jpg?resize=350%2C200&ssl=1 1x, https:\/\/i0.wp.com\/www.grieta.org.mx\/wp-content\/uploads\/2023\/04\/Hunucma-e1681850851873.jpg?resize=525%2C300&ssl=1 1.5x, https:\/\/i0.wp.com\/www.grieta.org.mx\/wp-content\/uploads\/2023\/04\/Hunucma-e1681850851873.jpg?resize=700%2C400&ssl=1 2x"},"classes":[]},{"id":68296,"url":"https:\/\/www.grieta.org.mx\/index.php\/2024\/01\/08\/bachoco-continua-bloqueo-contra-campesinos-a-tierras-ejidales-en-hunucma-yucatan\/","url_meta":{"origin":54108,"position":5},"title":"Bachoco contin\u00faa bloqueo contra campesinos a tierras ejidales en Hunucm\u00e1 (Yucat\u00e1n)","author":"grieta","date":"8 enero, 2024","format":false,"excerpt":"Armando P\u00e9rez \/ Por Esto! Luego de fallar en su intento de cercar un camino en San Eduardo, Bachoco no parece dispuesto cesar en su intento de limitar el acceso a tierras ejidales en Hunucm\u00e1, cuyos propietarios habitan y trabajan ah\u00ed todos los d\u00edas. Como POR ESTO!, inform\u00f3, la productora\u2026","rel":"","context":"En &quot;Agroindustria&quot;","block_context":{"text":"Agroindustria","link":"https:\/\/www.grieta.org.mx\/index.php\/category\/megaproyectos\/agroindustria\/"},"img":{"alt_text":"","src":"https:\/\/i0.wp.com\/www.grieta.org.mx\/wp-content\/uploads\/2024\/01\/Bachoco-e1704992026145.jpg?resize=350%2C200&ssl=1","width":350,"height":200,"srcset":"https:\/\/i0.wp.com\/www.grieta.org.mx\/wp-content\/uploads\/2024\/01\/Bachoco-e1704992026145.jpg?resize=350%2C200&ssl=1 1x, https:\/\/i0.wp.com\/www.grieta.org.mx\/wp-content\/uploads\/2024\/01\/Bachoco-e1704992026145.jpg?resize=525%2C300&ssl=1 1.5x, https:\/\/i0.wp.com\/www.grieta.org.mx\/wp-content\/uploads\/2024\/01\/Bachoco-e1704992026145.jpg?resize=700%2C400&ssl=1 2x"},"classes":[]}],"_links":{"self":[{"href":"https:\/\/www.grieta.org.mx\/index.php\/wp-json\/wp\/v2\/posts\/54108","targetHints":{"allow":["GET"]}}],"collection":[{"href":"https:\/\/www.grieta.org.mx\/index.php\/wp-json\/wp\/v2\/posts"}],"about":[{"href":"https:\/\/www.grieta.org.mx\/index.php\/wp-json\/wp\/v2\/types\/post"}],"author":[{"embeddable":true,"href":"https:\/\/www.grieta.org.mx\/index.php\/wp-json\/wp\/v2\/users\/2"}],"replies":[{"embeddable":true,"href":"https:\/\/www.grieta.org.mx\/index.php\/wp-json\/wp\/v2\/comments?post=54108"}],"version-history":[{"count":1,"href":"https:\/\/www.grieta.org.mx\/index.php\/wp-json\/wp\/v2\/posts\/54108\/revisions"}],"predecessor-version":[{"id":54111,"href":"https:\/\/www.grieta.org.mx\/index.php\/wp-json\/wp\/v2\/posts\/54108\/revisions\/54111"}],"wp:featuredmedia":[{"embeddable":true,"href":"https:\/\/www.grieta.org.mx\/index.php\/wp-json\/wp\/v2\/media\/54109"}],"wp:attachment":[{"href":"https:\/\/www.grieta.org.mx\/index.php\/wp-json\/wp\/v2\/media?parent=54108"}],"wp:term":[{"taxonomy":"category","embeddable":true,"href":"https:\/\/www.grieta.org.mx\/index.php\/wp-json\/wp\/v2\/categories?post=54108"},{"taxonomy":"post_tag","embeddable":true,"href":"https:\/\/www.grieta.org.mx\/index.php\/wp-json\/wp\/v2\/tags?post=54108"}],"curies":[{"name":"wp","href":"https:\/\/api.w.org\/{rel}","templated":true}]}}