{"id":54060,"date":"2020-09-28T20:32:17","date_gmt":"2020-09-29T01:32:17","guid":{"rendered":"http:\/\/www.grieta.org.mx\/?p=54060"},"modified":"2020-10-11T22:42:09","modified_gmt":"2020-10-12T03:42:09","slug":"que-nuestro-derecho-a-decidir-sea-respetado-mujeres-en-oaxaca","status":"publish","type":"post","link":"https:\/\/www.grieta.org.mx\/index.php\/2020\/09\/28\/que-nuestro-derecho-a-decidir-sea-respetado-mujeres-en-oaxaca\/","title":{"rendered":"\u201cQue nuestro derecho a decidir sea respetado\u201d: mujeres en Oaxaca"},"content":{"rendered":"<p>Proceso \/ Pedro Mat\u00edas.<\/p>\n<p><img loading=\"lazy\" decoding=\"async\" data-attachment-id=\"54061\" data-permalink=\"https:\/\/www.grieta.org.mx\/index.php\/2020\/09\/28\/que-nuestro-derecho-a-decidir-sea-respetado-mujeres-en-oaxaca\/1-102\/\" data-orig-file=\"https:\/\/www.grieta.org.mx\/wp-content\/uploads\/2020\/10\/1-2.jpg\" data-orig-size=\"870,522\" data-comments-opened=\"0\" data-image-meta=\"{&quot;aperture&quot;:&quot;0&quot;,&quot;credit&quot;:&quot;&quot;,&quot;camera&quot;:&quot;&quot;,&quot;caption&quot;:&quot;&quot;,&quot;created_timestamp&quot;:&quot;0&quot;,&quot;copyright&quot;:&quot;&quot;,&quot;focal_length&quot;:&quot;0&quot;,&quot;iso&quot;:&quot;0&quot;,&quot;shutter_speed&quot;:&quot;0&quot;,&quot;title&quot;:&quot;&quot;,&quot;orientation&quot;:&quot;0&quot;}\" data-image-title=\"1\" data-image-description=\"\" data-image-caption=\"\" data-medium-file=\"https:\/\/www.grieta.org.mx\/wp-content\/uploads\/2020\/10\/1-2-300x180.jpg\" data-large-file=\"https:\/\/www.grieta.org.mx\/wp-content\/uploads\/2020\/10\/1-2.jpg\" class=\"alignnone wp-image-54061\" src=\"http:\/\/www.grieta.org.mx\/wp-content\/uploads\/2020\/10\/1-2.jpg\" alt=\"\" width=\"800\" height=\"480\" srcset=\"https:\/\/www.grieta.org.mx\/wp-content\/uploads\/2020\/10\/1-2.jpg 870w, https:\/\/www.grieta.org.mx\/wp-content\/uploads\/2020\/10\/1-2-300x180.jpg 300w, https:\/\/www.grieta.org.mx\/wp-content\/uploads\/2020\/10\/1-2-768x461.jpg 768w, https:\/\/www.grieta.org.mx\/wp-content\/uploads\/2020\/10\/1-2-833x500.jpg 833w\" sizes=\"auto, (max-width: 800px) 100vw, 800px\" \/><br \/>\nProtesta de mujeres en Oaxaca. Foto: Twitter @ManoVuelta_AC.<\/p>\n<p>OAXACA, Oax. (apro).- A un a\u00f1o de la despenalizaci\u00f3n del aborto en Oaxaca, el colectivo feministas Marea Verde realiz\u00f3 una marcha en esta ciudad para exigir \u201cque nuestro derecho a decidir sea respetado\u201d.<\/p>\n<p>Con el lema \u201cPor el camino andado y por el que falta recorrer\u201d, las feministas convocaron a las mujeres aut\u00f3nomas organizadas a participar en la movilizaci\u00f3n, que parti\u00f3 de la fuente de las Ocho Regiones y que a su paso hizo destrozos en negocios de Plaza Parque.<\/p>\n<p>Tambi\u00e9n da\u00f1aron cajeros de instituciones bancarias y oficinas gubernamentales, como la Secretar\u00eda de la Mujer Oaxaque\u00f1a, donde quemaron mobiliario y dejaron el mensaje: \u201cAna culera\u201d.<\/p>\n<p>Nota relacionada: Mujeres exigen despenalizar el aborto en Puebla<\/p>\n<p>A su paso por la calzada Porfirio D\u00edaz causaron da\u00f1os a veh\u00edculos y negocios, as\u00ed como al edificio del Instituto Mexicano del Seguro Social y a instalaciones de los Servicios de Salud. Ah\u00ed pintaron frases como: \u201cAborto legal\u201d, \u201cOaxaca feminista\u201d y \u201cAutodefensa\u201d.<\/p>\n<p>Otras de las leyendas que dejaron durante la marcha fueron: \u201cPor la soberan\u00eda de nuestras cuerpas hoy tomamos las calles\u201d.<\/p>\n<p>Nota relacionada: Manifestaci\u00f3n pro aborto deja lesionadas a 13 civiles y 43 polic\u00edas.<\/p>\n<p><a href=\"https:\/\/www.proceso.com.mx\/650553\/que-nuestro-derecho-a-decidir-sea-respetado-mujeres-en-oaxaca\" target=\"_blank\" rel=\"noopener noreferrer\">https:\/\/www.proceso.com.mx\/650553\/que-nuestro-derecho-a-decidir-sea-respetado-mujeres-en-oaxaca<\/a><\/p>\n","protected":false},"excerpt":{"rendered":"<p>Proceso \/ Pedro Mat\u00edas. Protesta de mujeres en Oaxaca. Foto: Twitter @ManoVuelta_AC. OAXACA, Oax. (apro).- A un a\u00f1o de la despenalizaci\u00f3n del aborto en Oaxaca, el colectivo feministas Marea Verde &hellip; <a href=\"https:\/\/www.grieta.org.mx\/index.php\/2020\/09\/28\/que-nuestro-derecho-a-decidir-sea-respetado-mujeres-en-oaxaca\/\" class=\"more-link\">Leer m\u00e1s<\/a><\/p>\n","protected":false},"author":2,"featured_media":54061,"comment_status":"closed","ping_status":"closed","sticky":false,"template":"","format":"standard","meta":{"ngg_post_thumbnail":0,"_jetpack_newsletter_access":"","_jetpack_dont_email_post_to_subs":false,"_jetpack_newsletter_tier_id":0,"_jetpack_memberships_contains_paywalled_content":false,"_jetpack_memberships_contains_paid_content":false,"footnotes":""},"categories":[80,1325,3163,2,25],"tags":[],"class_list":["post-54060","post","type-post","status-publish","format-standard","has-post-thumbnail","hentry","category-cintillo","category-feminicidios-en-oaxaca-oaxaca","category-la-lucha-de-las-mujeres-en-oaxaca","category-noticias-nacionales","category-oaxaca","entry"],"jetpack_featured_media_url":"https:\/\/www.grieta.org.mx\/wp-content\/uploads\/2020\/10\/1-2.jpg","jetpack_sharing_enabled":true,"jetpack_shortlink":"https:\/\/wp.me\/p7ZJR4-e3W","jetpack_likes_enabled":false,"jetpack-related-posts":[{"id":53872,"url":"https:\/\/www.grieta.org.mx\/index.php\/2020\/09\/28\/feministas-marchan-a-un-ano-de-la-despenalizacion-del-aborto-en-oaxaca\/","url_meta":{"origin":54060,"position":0},"title":"Feministas marchan a un a\u00f1o de la despenalizaci\u00f3n del aborto en Oaxaca","author":"grieta","date":"28 septiembre, 2020","format":false,"excerpt":"P\u00e1gina 3 \/ Pedro Mat\u00edas. OAXACA, Oax.- A un a\u00f1o de la despenalizaci\u00f3n del aborto en Oaxaca, el colectivo de feministas Marea Verde realiz\u00f3 una marcha separatista. Partieron de la fuente de las Ocho Regiones y caminaron la calzada Porfirio D\u00edaz para exigir que \u201cnuestro derecho a decidir sea respetado\u201d.\u2026","rel":"","context":"En &quot;CINTILLO&quot;","block_context":{"text":"CINTILLO","link":"https:\/\/www.grieta.org.mx\/index.php\/category\/cintillo\/"},"img":{"alt_text":"","src":"https:\/\/i0.wp.com\/www.grieta.org.mx\/wp-content\/uploads\/2020\/09\/x.jpeg?resize=350%2C200&ssl=1","width":350,"height":200,"srcset":"https:\/\/i0.wp.com\/www.grieta.org.mx\/wp-content\/uploads\/2020\/09\/x.jpeg?resize=350%2C200&ssl=1 1x, https:\/\/i0.wp.com\/www.grieta.org.mx\/wp-content\/uploads\/2020\/09\/x.jpeg?resize=525%2C300&ssl=1 1.5x, https:\/\/i0.wp.com\/www.grieta.org.mx\/wp-content\/uploads\/2020\/09\/x.jpeg?resize=700%2C400&ssl=1 2x"},"classes":[]},{"id":30490,"url":"https:\/\/www.grieta.org.mx\/index.php\/2019\/03\/10\/marchan-mujeres-de-oaxaca-en-8m-exigen-justicia-por-violencia-feminicida-videoreportaje\/","url_meta":{"origin":54060,"position":1},"title":"Marchan mujeres de #Oaxaca; en 8M exigen justicia por violencia feminicida (Videoreportaje)","author":"grieta","date":"10 marzo, 2019","format":false,"excerpt":"P\u00e1gina 3. Texto: Antonio MUNDACA \/ Video: Karen ROJAS, Oaxaca.- Este 8 de marzo se conmemor\u00f3 en Oaxaca el D\u00eda Internacional de la Mujer para reivindicar que se termine con la violencia de g\u00e9nero, la brecha salarial, el acoso laboral y se frenen los asesinatos y la impunidad. Mujeres de\u2026","rel":"","context":"En &quot;CINTILLO&quot;","block_context":{"text":"CINTILLO","link":"https:\/\/www.grieta.org.mx\/index.php\/category\/cintillo\/"},"img":{"alt_text":"","src":"https:\/\/i0.wp.com\/www.grieta.org.mx\/wp-content\/uploads\/2018\/03\/14524434_1106112876131411_958039263622046936_o.jpg?resize=350%2C200&ssl=1","width":350,"height":200,"srcset":"https:\/\/i0.wp.com\/www.grieta.org.mx\/wp-content\/uploads\/2018\/03\/14524434_1106112876131411_958039263622046936_o.jpg?resize=350%2C200&ssl=1 1x, https:\/\/i0.wp.com\/www.grieta.org.mx\/wp-content\/uploads\/2018\/03\/14524434_1106112876131411_958039263622046936_o.jpg?resize=525%2C300&ssl=1 1.5x, https:\/\/i0.wp.com\/www.grieta.org.mx\/wp-content\/uploads\/2018\/03\/14524434_1106112876131411_958039263622046936_o.jpg?resize=700%2C400&ssl=1 2x"},"classes":[]},{"id":51020,"url":"https:\/\/www.grieta.org.mx\/index.php\/2020\/06\/18\/exigen-intervencion-de-segob-y-fgr-para-proteger-e-investigar-amenazas-a-feministas-de-consorcio-oaxaca\/","url_meta":{"origin":54060,"position":2},"title":"Exigen intervenci\u00f3n de Segob y FGR para proteger e investigar amenazas a feministas de Consorcio (Oaxaca)","author":"grieta","date":"18 junio, 2020","format":false,"excerpt":"P\u00e1gina 3 \/ Pedro Mat\u00edas. OAXACA, Oax.- La defensa de los derechos de las mujeres en Oaxaca se ha convertido en motivo de persecuci\u00f3n y amenazas, por eso exigen investigar amenazas a feministas. Como es el caso de Consorcio Oaxaca que por denunciar 427 feminicidios y 800 desapariciones en los\u2026","rel":"","context":"En &quot;CINTILLO&quot;","block_context":{"text":"CINTILLO","link":"https:\/\/www.grieta.org.mx\/index.php\/category\/cintillo\/"},"img":{"alt_text":"","src":"https:\/\/i0.wp.com\/www.grieta.org.mx\/wp-content\/uploads\/2020\/06\/A.png?resize=350%2C200&ssl=1","width":350,"height":200,"srcset":"https:\/\/i0.wp.com\/www.grieta.org.mx\/wp-content\/uploads\/2020\/06\/A.png?resize=350%2C200&ssl=1 1x, https:\/\/i0.wp.com\/www.grieta.org.mx\/wp-content\/uploads\/2020\/06\/A.png?resize=525%2C300&ssl=1 1.5x, https:\/\/i0.wp.com\/www.grieta.org.mx\/wp-content\/uploads\/2020\/06\/A.png?resize=700%2C400&ssl=1 2x"},"classes":[]},{"id":45838,"url":"https:\/\/www.grieta.org.mx\/index.php\/2020\/03\/07\/feministas-exigen-juicio-politico-contra-el-fiscal-de-oaxaca\/","url_meta":{"origin":54060,"position":3},"title":"Feministas exigen juicio pol\u00edtico contra el fiscal de Oaxaca","author":"grieta","date":"7 marzo, 2020","format":false,"excerpt":"Proceso \/ Pedro Mat\u00edas. Grupos feministas colocaron cruces frente a la Fiscal\u00eda de Oaxaca. Foto: @consorciooaxaca. OAXACA, Oax. (apro).- Luego de marchar por distintas calles de la ciudad y colocar cruces en memoria de las mujeres asesinadas en la entidad, un grupo de feministas \u201cclausur\u00f3\u201d la Fiscal\u00eda General del estado\u2026","rel":"","context":"En &quot;CINTILLO&quot;","block_context":{"text":"CINTILLO","link":"https:\/\/www.grieta.org.mx\/index.php\/category\/cintillo\/"},"img":{"alt_text":"","src":"https:\/\/i0.wp.com\/www.grieta.org.mx\/wp-content\/uploads\/2020\/03\/Fiscalia-Oaxaca-870x522.jpg?resize=350%2C200&ssl=1","width":350,"height":200,"srcset":"https:\/\/i0.wp.com\/www.grieta.org.mx\/wp-content\/uploads\/2020\/03\/Fiscalia-Oaxaca-870x522.jpg?resize=350%2C200&ssl=1 1x, https:\/\/i0.wp.com\/www.grieta.org.mx\/wp-content\/uploads\/2020\/03\/Fiscalia-Oaxaca-870x522.jpg?resize=525%2C300&ssl=1 1.5x, https:\/\/i0.wp.com\/www.grieta.org.mx\/wp-content\/uploads\/2020\/03\/Fiscalia-Oaxaca-870x522.jpg?resize=700%2C400&ssl=1 2x"},"classes":[]},{"id":60357,"url":"https:\/\/www.grieta.org.mx\/index.php\/2021\/07\/06\/colectivas-feministas-de-oaxaca-resisten-a-la-violencia-de-genero-con-acompanamiento-y-orientacion-oaxaca\/","url_meta":{"origin":54060,"position":4},"title":"Colectivas feministas de Oaxaca resisten a la violencia de g\u00e9nero con acompa\u00f1amiento y orientaci\u00f3n (Oaxaca)","author":"grieta","date":"6 julio, 2021","format":false,"excerpt":"Noticias \/ Citlalli Luciana. De manera conjunta, las colectivas han sumado esfuerzos para tejer una red de apoyo y denuncia. Dan acompa\u00f1amiento psicol\u00f3gico, orientaci\u00f3n jur\u00eddica, realizan b\u00fasquedas a pico y pala, acompa\u00f1an a las familias en sus protestas de justicia, de esta manera colectivas feministas resisten a la violencia de\u2026","rel":"","context":"En &quot;CINTILLO&quot;","block_context":{"text":"CINTILLO","link":"https:\/\/www.grieta.org.mx\/index.php\/category\/cintillo\/"},"img":{"alt_text":"","src":"https:\/\/i0.wp.com\/www.grieta.org.mx\/wp-content\/uploads\/2021\/07\/X.jpg?resize=350%2C200&ssl=1","width":350,"height":200,"srcset":"https:\/\/i0.wp.com\/www.grieta.org.mx\/wp-content\/uploads\/2021\/07\/X.jpg?resize=350%2C200&ssl=1 1x, https:\/\/i0.wp.com\/www.grieta.org.mx\/wp-content\/uploads\/2021\/07\/X.jpg?resize=525%2C300&ssl=1 1.5x, https:\/\/i0.wp.com\/www.grieta.org.mx\/wp-content\/uploads\/2021\/07\/X.jpg?resize=700%2C400&ssl=1 2x, https:\/\/i0.wp.com\/www.grieta.org.mx\/wp-content\/uploads\/2021\/07\/X.jpg?resize=1050%2C600&ssl=1 3x"},"classes":[]},{"id":53427,"url":"https:\/\/www.grieta.org.mx\/index.php\/2020\/09\/16\/marchan-feministas-en-la-jornada-antigrita-para-denunciar-violencia-feminicida-y-agreden-a-una-periodista-oaxaca\/","url_meta":{"origin":54060,"position":5},"title":"Marchan feministas en la jornada Antigrita para denunciar violencia feminicida y agreden a una periodista (Oaxaca)","author":"grieta","date":"16 septiembre, 2020","format":false,"excerpt":"P\u00e1gina 3 \/ Pedro Mat\u00edas. OAXACA, Oax. (pagina3.mx).- En el marco de la jornada de protestas denominado \u201cLa Antigrita\u201d, organizaciones feministas realizaron una marcha de la fuente de las Ocho Regiones al z\u00f3calo de Oaxaca para denunciar la violencia feminicida y la incapacidad gubernamental para atender esta problem\u00e1tica que las\u2026","rel":"","context":"En &quot;CINTILLO&quot;","block_context":{"text":"CINTILLO","link":"https:\/\/www.grieta.org.mx\/index.php\/category\/cintillo\/"},"img":{"alt_text":"","src":"https:\/\/i0.wp.com\/www.grieta.org.mx\/wp-content\/uploads\/2020\/09\/h.jpg?resize=350%2C200&ssl=1","width":350,"height":200,"srcset":"https:\/\/i0.wp.com\/www.grieta.org.mx\/wp-content\/uploads\/2020\/09\/h.jpg?resize=350%2C200&ssl=1 1x, https:\/\/i0.wp.com\/www.grieta.org.mx\/wp-content\/uploads\/2020\/09\/h.jpg?resize=525%2C300&ssl=1 1.5x, https:\/\/i0.wp.com\/www.grieta.org.mx\/wp-content\/uploads\/2020\/09\/h.jpg?resize=700%2C400&ssl=1 2x, https:\/\/i0.wp.com\/www.grieta.org.mx\/wp-content\/uploads\/2020\/09\/h.jpg?resize=1050%2C600&ssl=1 3x"},"classes":[]}],"_links":{"self":[{"href":"https:\/\/www.grieta.org.mx\/index.php\/wp-json\/wp\/v2\/posts\/54060","targetHints":{"allow":["GET"]}}],"collection":[{"href":"https:\/\/www.grieta.org.mx\/index.php\/wp-json\/wp\/v2\/posts"}],"about":[{"href":"https:\/\/www.grieta.org.mx\/index.php\/wp-json\/wp\/v2\/types\/post"}],"author":[{"embeddable":true,"href":"https:\/\/www.grieta.org.mx\/index.php\/wp-json\/wp\/v2\/users\/2"}],"replies":[{"embeddable":true,"href":"https:\/\/www.grieta.org.mx\/index.php\/wp-json\/wp\/v2\/comments?post=54060"}],"version-history":[{"count":1,"href":"https:\/\/www.grieta.org.mx\/index.php\/wp-json\/wp\/v2\/posts\/54060\/revisions"}],"predecessor-version":[{"id":54062,"href":"https:\/\/www.grieta.org.mx\/index.php\/wp-json\/wp\/v2\/posts\/54060\/revisions\/54062"}],"wp:featuredmedia":[{"embeddable":true,"href":"https:\/\/www.grieta.org.mx\/index.php\/wp-json\/wp\/v2\/media\/54061"}],"wp:attachment":[{"href":"https:\/\/www.grieta.org.mx\/index.php\/wp-json\/wp\/v2\/media?parent=54060"}],"wp:term":[{"taxonomy":"category","embeddable":true,"href":"https:\/\/www.grieta.org.mx\/index.php\/wp-json\/wp\/v2\/categories?post=54060"},{"taxonomy":"post_tag","embeddable":true,"href":"https:\/\/www.grieta.org.mx\/index.php\/wp-json\/wp\/v2\/tags?post=54060"}],"curies":[{"name":"wp","href":"https:\/\/api.w.org\/{rel}","templated":true}]}}