{"id":54048,"date":"2020-10-08T20:14:08","date_gmt":"2020-10-09T01:14:08","guid":{"rendered":"http:\/\/www.grieta.org.mx\/?p=54048"},"modified":"2020-10-10T23:28:36","modified_gmt":"2020-10-11T04:28:36","slug":"oaxaca-a-un-ano-de-la-despenalizacion-del-aborto-aun-no-hay-acceso-real","status":"publish","type":"post","link":"https:\/\/www.grieta.org.mx\/index.php\/2020\/10\/08\/oaxaca-a-un-ano-de-la-despenalizacion-del-aborto-aun-no-hay-acceso-real\/","title":{"rendered":"Oaxaca: a un a\u00f1o de la despenalizaci\u00f3n del aborto aun no hay acceso real"},"content":{"rendered":"<p>Avispa Midia \/ Eugenia L\u00f3pez.<\/p>\n<p><img loading=\"lazy\" decoding=\"async\" data-attachment-id=\"54049\" data-permalink=\"https:\/\/www.grieta.org.mx\/index.php\/2020\/10\/08\/oaxaca-a-un-ano-de-la-despenalizacion-del-aborto-aun-no-hay-acceso-real\/8-de-marzo-de-2019-oaxaca-by-santiago-navarro-f\/\" data-orig-file=\"https:\/\/www.grieta.org.mx\/wp-content\/uploads\/2020\/10\/1.jpg\" data-orig-size=\"1080,721\" data-comments-opened=\"0\" data-image-meta=\"{&quot;aperture&quot;:&quot;0&quot;,&quot;credit&quot;:&quot;Santiago navarro F&quot;,&quot;camera&quot;:&quot;&quot;,&quot;caption&quot;:&quot;&quot;,&quot;created_timestamp&quot;:&quot;0&quot;,&quot;copyright&quot;:&quot;santiago navarro f&quot;,&quot;focal_length&quot;:&quot;0&quot;,&quot;iso&quot;:&quot;0&quot;,&quot;shutter_speed&quot;:&quot;0&quot;,&quot;title&quot;:&quot;8 de marzo de 2019 oaxaca-By Santiago Navarro F.&quot;,&quot;orientation&quot;:&quot;0&quot;}\" data-image-title=\"8 de marzo de 2019 oaxaca-By Santiago Navarro F.\" data-image-description=\"\" data-image-caption=\"\" data-medium-file=\"https:\/\/www.grieta.org.mx\/wp-content\/uploads\/2020\/10\/1-300x200.jpg\" data-large-file=\"https:\/\/www.grieta.org.mx\/wp-content\/uploads\/2020\/10\/1-1024x684.jpg\" class=\"alignnone wp-image-54049\" src=\"http:\/\/www.grieta.org.mx\/wp-content\/uploads\/2020\/10\/1.jpg\" alt=\"\" width=\"800\" height=\"534\" srcset=\"https:\/\/www.grieta.org.mx\/wp-content\/uploads\/2020\/10\/1.jpg 1080w, https:\/\/www.grieta.org.mx\/wp-content\/uploads\/2020\/10\/1-300x200.jpg 300w, https:\/\/www.grieta.org.mx\/wp-content\/uploads\/2020\/10\/1-1024x684.jpg 1024w, https:\/\/www.grieta.org.mx\/wp-content\/uploads\/2020\/10\/1-768x513.jpg 768w, https:\/\/www.grieta.org.mx\/wp-content\/uploads\/2020\/10\/1-749x500.jpg 749w\" sizes=\"auto, (max-width: 800px) 100vw, 800px\" \/><\/p>\n<p>Hace poco m\u00e1s de un a\u00f1o, el 25 de septiembre del 2019, se celebr\u00f3 en el Estado de Oaxaca una votaci\u00f3n que dio fin a la criminalizaci\u00f3n de las mujeres por decidir sobre terminar con embarazos no deseados.<\/p>\n<p>Con la modificaci\u00f3n al art\u00edculo 12 de la Constituci\u00f3n local, as\u00ed como a los art\u00edculos 312, 313, 314, 315 y 316 del C\u00f3digo Penal estatal, la nueva ley despenaliz\u00f3 la interrupci\u00f3n del embarazo o aborto hasta las 12 semanas de gestaci\u00f3n, siendo Oaxaca el segundo estado del pa\u00eds en otorgar a las mujeres el derecho a decidir sobre sus cuerpos.<\/p>\n<p>Uno de los grandes cambios que ha permitido la ley es evitar que mujeres sean encarceladas por interrumpir su embarazo. Hasta antes de la modificaci\u00f3n, en Oaxaca 20 mujeres hab\u00edan estado presas por abortar y, hab\u00eda 49 carpetas de investigaci\u00f3n relacionadas con abortos. Un a\u00f1o despu\u00e9s, una de ellas sigue presa.<\/p>\n<p>Si bien la nueva ley ya evita que mujeres sean encarceladas por interrumpir un embarazo durante los primeros 3 meses (cabe recordar que, en caso de que un embarazo se interrumpa despu\u00e9s del plazo permitido, la nueva ley contempla sanciones de tres a seis meses de prisi\u00f3n, y hasta 10 a\u00f1os de c\u00e1rcel a quien obligue a una mujer a abortar), todav\u00eda no existen garant\u00edas para que el acceso al aborto sea real, gratuito y respetuoso para todas las mujeres.<\/p>\n<p>\u201cCon la despenalizaci\u00f3n, la apertura que hay en materia legal para que las mujeres ya no seamos criminalizadas a la hora de tomar la decisi\u00f3n de interrumpir un embarazo hasta la semana 12 de gestaci\u00f3n es el gran cambio. Ahora, el reto es hacerlo realidad, que todas las mujeres podamos tener un acceso real a ese derecho\u201d, expresa para Avispa Midia la integrante de la Red por los Derechos Sexuales y Reproductivos (Ddeser) Oaxaca, de la Asamblea de Mujeres Ind\u00edgenas de Oaxaca y de la Red de Mujeres Mixes, Mayra Morales Aldaz.<\/p>\n<p>Hasta el momento, de acuerdo con los Servicios de Salud de Oaxaca, s\u00f3lo ocho abortos han sido practicados de manera oficial, y todos en una sola instituci\u00f3n, el Hospital Civil \u201cAurelio Valdivieso\u201d.<\/p>\n<p>\u201cAdem\u00e1s, nos hemos encontrado con casos donde mujeres han ido a solicitar informaci\u00f3n y se les niega, o se les brinda de forma err\u00f3nea, equivocada, o se les emiten juicios de valor, se les juzga\u201d, menciona Morales Aldaz.<\/p>\n<p>Sin embargo, es importante recordar que las instituciones de salud no son las \u00fanicas en practicar y acompa\u00f1ar interrupciones de embarazos: existe una diversidad de redes de acompa\u00f1antes aut\u00f3nomas.<\/p>\n<p>Zoila R\u00edos Coca es m\u00e9dica y partera en la casa de partos \u201cDiosas de la Oxitocina\u201d, ubicada en la ciudad de Oaxaca. Como parte de su trabajo, ella y sus compa\u00f1eras tambi\u00e9n acompa\u00f1an interrupciones de embarazos. De hecho, es algo que ella ha estado haciendo desde hace m\u00e1s de 20 a\u00f1os, mucho antes de la despenalizaci\u00f3n. Para ella, la ley ha tenido impactos positivos a lo largo de los \u00faltimos 12 meses.<\/p>\n<p>\u201cYa se puede hablar del tema de manera m\u00e1s libre. Cuando ofrecemos nuestros servicios, ya podemos hacer p\u00fablico que acompa\u00f1amos interrupciones de embarazo. Ya hay organizaciones civiles que conocen nuestro trabajo y nos mandan mujeres\u201d, se\u00f1al\u00f3 en entrevista con Avispa Midia.<\/p>\n<p>Tambi\u00e9n, comenta que la despenalizaci\u00f3n facilita la colaboraci\u00f3n con otras organizaciones, por ejemplo, organizaciones que acompa\u00f1an interrupciones de embarazos en la ciudad de M\u00e9xico, y comparten sus experiencias para mejorar el trabajo. \u201cY tambi\u00e9n otra cosa importante es que, si tenemos a mujeres que no tienen el recurso para pagar el tratamiento, ya nos lo dan de manera gratuita. Pero todav\u00eda falta mucho por hacer\u201d, indica.<\/p>\n<p><img loading=\"lazy\" decoding=\"async\" data-attachment-id=\"54050\" data-permalink=\"https:\/\/www.grieta.org.mx\/index.php\/2020\/10\/08\/oaxaca-a-un-ano-de-la-despenalizacion-del-aborto-aun-no-hay-acceso-real\/despenalizacion-del-aborto-en-oaxaca\/\" data-orig-file=\"https:\/\/www.grieta.org.mx\/wp-content\/uploads\/2020\/10\/2.jpg\" data-orig-size=\"1080,721\" data-comments-opened=\"0\" data-image-meta=\"{&quot;aperture&quot;:&quot;0&quot;,&quot;credit&quot;:&quot;Santiago navarro F&quot;,&quot;camera&quot;:&quot;&quot;,&quot;caption&quot;:&quot;&quot;,&quot;created_timestamp&quot;:&quot;0&quot;,&quot;copyright&quot;:&quot;santiago navarro f&quot;,&quot;focal_length&quot;:&quot;0&quot;,&quot;iso&quot;:&quot;0&quot;,&quot;shutter_speed&quot;:&quot;0&quot;,&quot;title&quot;:&quot;Despenalizaci\\u00f3n del aborto en Oaxaca&quot;,&quot;orientation&quot;:&quot;0&quot;}\" data-image-title=\"Despenalizaci\u00f3n del aborto en Oaxaca\" data-image-description=\"\" data-image-caption=\"\" data-medium-file=\"https:\/\/www.grieta.org.mx\/wp-content\/uploads\/2020\/10\/2-300x200.jpg\" data-large-file=\"https:\/\/www.grieta.org.mx\/wp-content\/uploads\/2020\/10\/2-1024x684.jpg\" class=\"alignnone wp-image-54050\" src=\"http:\/\/www.grieta.org.mx\/wp-content\/uploads\/2020\/10\/2.jpg\" alt=\"\" width=\"800\" height=\"534\" srcset=\"https:\/\/www.grieta.org.mx\/wp-content\/uploads\/2020\/10\/2.jpg 1080w, https:\/\/www.grieta.org.mx\/wp-content\/uploads\/2020\/10\/2-300x200.jpg 300w, https:\/\/www.grieta.org.mx\/wp-content\/uploads\/2020\/10\/2-1024x684.jpg 1024w, https:\/\/www.grieta.org.mx\/wp-content\/uploads\/2020\/10\/2-768x513.jpg 768w, https:\/\/www.grieta.org.mx\/wp-content\/uploads\/2020\/10\/2-749x500.jpg 749w\" sizes=\"auto, (max-width: 800px) 100vw, 800px\" \/><br \/>\nCiudad de Oaxaca Movilizaci\u00f3n 2019. Foto por Santiago Navarro F.<\/p>\n<p>Derecho a la informaci\u00f3n<\/p>\n<p>De acuerdo con muchas mujeres que llevan tiempo haciendo trabajo de sensibilizaci\u00f3n y acompa\u00f1amiento a procesos de aborto, uno de los principales desaf\u00edos hoy en d\u00eda es el de la informaci\u00f3n. Todas las mujeres deben de enterarse del cambio legislativo, pero tambi\u00e9n tener acceso a \u201cinformaci\u00f3n clara, precisa, real, certera, basada en evidencia cient\u00edfica, laica\u201d acerca del proceso de abortar. \u201cDesde un marco de derechos, tenemos que acceder a la informaci\u00f3n\u201d, expresa Mayra Morales Aldaz.<\/p>\n<p>\u201cHay que dar informaci\u00f3n real. Se siguen difundiendo ideas como \u201ces riesgoso, te vas a morir o ya no te vas a volver a embarazar\u201d. Incluso a las mujeres que acompa\u00f1o les digo, si tienes una duda no te metas al internet porque ah\u00ed hablan de situaciones que ni siquiera son reales, o muy poco comunes. Yo llevo mucho tiempo acompa\u00f1ando esos procesos, y nunca he visto ninguna complicaci\u00f3n. Es parte de lo que tenemos que hacer, comunicarles a las mujeres que son procesos seguros\u201d, insiste por su lado la doctora y partera Coca.<\/p>\n<p>Sin embargo, recalcan que para muchas el hecho de hablar sobre el aborto puede ser delicado.<\/p>\n<p>\u201cTodav\u00eda nos encontramos a muchas mujeres a las que les cuesta hablar del tema, pero principalmente por el estigma que existe en torno al mismo. No es que les haya costado tomar la decisi\u00f3n, sino que hablarlo es lo que las detiene por miedo a ser juzgadas muchas veces. Eso es parte de los retos que tenemos a nivel social\u201d, aclara Morales Aldaz.<\/p>\n<p>Rosselia Gutierrez es una mujer Ikoots originaria de San Mateo del Mar, en el Istmo de Tehuantepec. Desde hace 17 a\u00f1os trabaja con mujeres y j\u00f3venes del Istmo en temas de derechos sexuales, reproductivos y aborto, como integrante de la Ddeser Oaxaca. \u201cAqu\u00ed en la comunidad es dif\u00edcil hablar del aborto: s\u00ed, se realiza, pero no se habla. Pero es importante decir que en las comunidades ind\u00edgenas al igual que en las urbanas existe el aborto. Entonces buscamos estrategias, pensando en c\u00f3mo llegarles a las mujeres para que nos tengan confianza. Para empezar a hablar del tema tuvimos que iniciar hablando de salud materna, embarazos adolescentes, infecciones de transmisi\u00f3n sexual, y a partir de ah\u00ed empezamos a tocar el tema\u201d, cont\u00f3 en un conservatorio transmitido el 26 de septiembre por la colectiva oaxaque\u00f1a Mujeres de la Sal.<\/p>\n<p>\u201cHay de desestigmatizar el tema del aborto. El aborto es algo que ha ocurrido en todas las sociedades, en la historia de la humanidad, pero tiene un peso ah\u00ed, un peso religioso, un peso que viene de fuera. Es una cuesti\u00f3n donde las abuelas, nuestras ancestras conoc\u00edan m\u00e9todos para interrumpir los embarazos, para cuidar los cuerpos de las mujeres, pero, queda en la parte oculta. Y al no hablar de ello se queda como si fuese un secreto que todo el mundo sabe. Es fundamental que las mujeres podamos decidir sobre nuestro primer gran territorio que es nuestro cuerpo\u201d, detalla Morales Aldaz.<\/p>\n<p>Poner atenci\u00f3n a la palabra que se usa es algo importante en este caso. \u201cLa palabra \u201caborto\u201d puede tener mucha carga, a veces es necesario utilizar otras palabras\u201d, explica la doctora Coca.<\/p>\n<p>\u201cAqu\u00ed, en Ikoots no decimos \u201caborto\u201d, decimos algo como \u201cte acompa\u00f1o para que no est\u00e9s sola y te llegue tu luna (tu periodo) tranquila, que te baje tu menstruaci\u00f3n de nuevo\u201d, comparte al respecto la se\u00f1ora Gutierrez.<\/p>\n<p>Finalmente, la partera y doctora Zoila R\u00edos Coca puntualiza que tambi\u00e9n hace falta informaci\u00f3n sobre la diversidad de maneras que existen para realizar un aborto: adem\u00e1s del famoso medicamento llamado Misoprostol \u2013 el cual est\u00e1 a la venta de manera libre en farmacias \u2013 existen alternativas naturales.<\/p>\n<p>\u201cFalta difundir informaci\u00f3n sobre alternativas a los medicamentos que se pueden encontrar en las diferentes regiones, en este caso hierbas que puedan desencadenar una interrupci\u00f3n de manera natural y no farmacol\u00f3gica. Obviamente ah\u00ed las instituciones tendr\u00edan que ver para que las parteras o m\u00e9dicas tradicionales que conocen este tipo de procesos lo puedan hacer sinti\u00e9ndose respaldadas\u201d, precisa.<\/p>\n<p><img loading=\"lazy\" decoding=\"async\" data-attachment-id=\"54051\" data-permalink=\"https:\/\/www.grieta.org.mx\/index.php\/2020\/10\/08\/oaxaca-a-un-ano-de-la-despenalizacion-del-aborto-aun-no-hay-acceso-real\/despenalizacion-del-aborto-en-oaxaca-2\/\" data-orig-file=\"https:\/\/www.grieta.org.mx\/wp-content\/uploads\/2020\/10\/3.jpg\" data-orig-size=\"1080,864\" data-comments-opened=\"0\" data-image-meta=\"{&quot;aperture&quot;:&quot;0&quot;,&quot;credit&quot;:&quot;Santiago navarro F&quot;,&quot;camera&quot;:&quot;&quot;,&quot;caption&quot;:&quot;&quot;,&quot;created_timestamp&quot;:&quot;0&quot;,&quot;copyright&quot;:&quot;santiago navarro f&quot;,&quot;focal_length&quot;:&quot;0&quot;,&quot;iso&quot;:&quot;0&quot;,&quot;shutter_speed&quot;:&quot;0&quot;,&quot;title&quot;:&quot;Despenalizaci\\u00f3n del aborto en Oaxaca&quot;,&quot;orientation&quot;:&quot;0&quot;}\" data-image-title=\"Despenalizaci\u00f3n del aborto en Oaxaca\" data-image-description=\"\" data-image-caption=\"\" data-medium-file=\"https:\/\/www.grieta.org.mx\/wp-content\/uploads\/2020\/10\/3-300x240.jpg\" data-large-file=\"https:\/\/www.grieta.org.mx\/wp-content\/uploads\/2020\/10\/3-1024x819.jpg\" class=\"alignnone wp-image-54051\" src=\"http:\/\/www.grieta.org.mx\/wp-content\/uploads\/2020\/10\/3.jpg\" alt=\"\" width=\"800\" height=\"640\" srcset=\"https:\/\/www.grieta.org.mx\/wp-content\/uploads\/2020\/10\/3.jpg 1080w, https:\/\/www.grieta.org.mx\/wp-content\/uploads\/2020\/10\/3-300x240.jpg 300w, https:\/\/www.grieta.org.mx\/wp-content\/uploads\/2020\/10\/3-1024x819.jpg 1024w, https:\/\/www.grieta.org.mx\/wp-content\/uploads\/2020\/10\/3-768x614.jpg 768w, https:\/\/www.grieta.org.mx\/wp-content\/uploads\/2020\/10\/3-625x500.jpg 625w\" sizes=\"auto, (max-width: 800px) 100vw, 800px\" \/><br \/>\nMovilizaci\u00f3n en Oaxaca 2019. Foto por Santiago Navarro F.<\/p>\n<p>\u00bfAcceso al aborto sin acceso digno a la salud?<\/p>\n<p>La cuesti\u00f3n del acceso al aborto para todas est\u00e1 vinculada a una diversidad de otras problem\u00e1ticas, entre ellas la del acceso a servicios de salud. Como lo recalca la integrante de la Ddser de ra\u00edz Mixe, Mayra Morales Aldaz, \u201ces complicado porque de por s\u00ed en muchas comunidades el acceso a servicios de salud est\u00e1 muy restringido. Definitivamente hay grandes retos no solo en cuanto a nuestra salud sexual y reproductiva, sino en la salud en general. Con la falta de informaci\u00f3n y de infraestructura b\u00e1sica, las comunidades m\u00e1s alejadas, que hist\u00f3ricamente han sido las m\u00e1s marginadas, contin\u00faan si\u00e9ndolo, que son las comunidades en contextos rurales, las comunidades ind\u00edgenas o afromexicanas. Es muy importante que se atienda de forma integral\u201d.<\/p>\n<p>Seg\u00fan datos del Inegi de 2019, de los 3 967 889 habitantes del Estado de Oaxaca, 634 862 no ten\u00edan acceso a servicios de salud. Y cuando tienen alg\u00fan tipo de acceso a la salud, no hay garant\u00eda de que este sea digno.<\/p>\n<p>Viridiana Bautista Garc\u00eda, de ra\u00edz Mixteca, es psic\u00f3loga, psicoterapeuta, defensora de los derechos sexuales y reproductivos, actualmente es coordinadora de la Red Oaxaque\u00f1a de Mujeres Ind\u00edgenas Trenzando Saberes y acompa\u00f1ante de mujeres que deciden interrumpir su embarazo, entre otras actividades. En su experiencia, ha sido testiga de la discriminaci\u00f3n que existe en las instituciones de salud, en particular para mujeres ind\u00edgenas, como efecto directo del racismo persistente.<\/p>\n<p>\u201cHay mujeres que hacen 2 horas, 3 horas de viaje para llegar a un centro de salud y tener atenci\u00f3n por alguna violencia sexual, llegan y el personal de salud les niega el servicio porque no viene limpia, porque viene sudando, porque viene con tierra. \u00bfPero c\u00f3mo no vas a venir con tierra? Que te digan eso \u201cse\u00f1ora no la podemos atender porque viene sucia\u201d, de verdad da mucho coraje\u201d, denuncia.<\/p>\n<p>Por otro lado, insiste en que esas violencias no s\u00f3lo ocurren en contextos rurales. \u201cNo nos olvidemos de las mujeres ind\u00edgenas que vivimos en contextos urbanos, donde el acceso a servicios de salud tampoco est\u00e1 garantizado, y por lo tanto el acceso a una interrupci\u00f3n del embarazo tampoco existe de manera digna, humana. Los centros de salud no est\u00e1n condicionados para una atenci\u00f3n humanizada para nosotras\u201d, aclara, antes de precisar que tambi\u00e9n se ejercen violencias contra otras mujeres, en particular, mujeres lesbianas y\/o discapacitadas.<\/p>\n<p><img loading=\"lazy\" decoding=\"async\" data-attachment-id=\"54052\" data-permalink=\"https:\/\/www.grieta.org.mx\/index.php\/2020\/10\/08\/oaxaca-a-un-ano-de-la-despenalizacion-del-aborto-aun-no-hay-acceso-real\/despenalizacion-del-aborto-en-oaxaca-3\/\" data-orig-file=\"https:\/\/www.grieta.org.mx\/wp-content\/uploads\/2020\/10\/4.jpg\" data-orig-size=\"1080,687\" data-comments-opened=\"0\" data-image-meta=\"{&quot;aperture&quot;:&quot;0&quot;,&quot;credit&quot;:&quot;Santiago navarro F&quot;,&quot;camera&quot;:&quot;&quot;,&quot;caption&quot;:&quot;&quot;,&quot;created_timestamp&quot;:&quot;0&quot;,&quot;copyright&quot;:&quot;santiago navarro f&quot;,&quot;focal_length&quot;:&quot;0&quot;,&quot;iso&quot;:&quot;0&quot;,&quot;shutter_speed&quot;:&quot;0&quot;,&quot;title&quot;:&quot;Despenalizaci\\u00f3n del aborto en Oaxaca&quot;,&quot;orientation&quot;:&quot;0&quot;}\" data-image-title=\"Despenalizaci\u00f3n del aborto en Oaxaca\" data-image-description=\"\" data-image-caption=\"\" data-medium-file=\"https:\/\/www.grieta.org.mx\/wp-content\/uploads\/2020\/10\/4-300x191.jpg\" data-large-file=\"https:\/\/www.grieta.org.mx\/wp-content\/uploads\/2020\/10\/4-1024x651.jpg\" class=\"alignnone wp-image-54052\" src=\"http:\/\/www.grieta.org.mx\/wp-content\/uploads\/2020\/10\/4.jpg\" alt=\"\" width=\"800\" height=\"509\" srcset=\"https:\/\/www.grieta.org.mx\/wp-content\/uploads\/2020\/10\/4.jpg 1080w, https:\/\/www.grieta.org.mx\/wp-content\/uploads\/2020\/10\/4-300x191.jpg 300w, https:\/\/www.grieta.org.mx\/wp-content\/uploads\/2020\/10\/4-1024x651.jpg 1024w, https:\/\/www.grieta.org.mx\/wp-content\/uploads\/2020\/10\/4-768x489.jpg 768w, https:\/\/www.grieta.org.mx\/wp-content\/uploads\/2020\/10\/4-786x500.jpg 786w\" sizes=\"auto, (max-width: 800px) 100vw, 800px\" \/><br \/>\nMovilizaci\u00f3n en Oaxaca 2019. Foto por Santiago Navarro F.<\/p>\n<p>Abortos respetuosos, amorosos y con pertinencia cultural<\/p>\n<p>Una interrupci\u00f3n de embarazo no puede realizarse con violencia, sino que debe ser acompa\u00f1ada de manera respetuosa y amorosa.<\/p>\n<p>\u201cEl acompa\u00f1amiento no s\u00f3lo es en lo f\u00edsico, se hace desde lo emocional\u201d, comparte la partera y m\u00e9dica Coca. De hecho, cuenta que la parte emocional es esencial para que la interrupci\u00f3n se realice de manera segura y saludable, ya que una incomodidad puede provocar reacciones con los medicamentos, por ejemplo \u201cse pueden exacerbar el fr\u00edo, nauseas, v\u00f3mito, diarrea\u201d.<\/p>\n<p>La mayor\u00eda de las interrupciones que acompa\u00f1a se realizan en las instalaciones de la casa de partos donde trabaja. \u201cTrabajamos como para un parto: las mujeres se van a su casa hasta que se sientan estables, se quedan el tiempo necesario. Luego las apoyamos con una cita a los 8 d\u00edas para saber c\u00f3mo est\u00e1 el \u00fatero, vamos aclarando dudas. Y estamos al pendiente hasta el mes o mes y medio en general, cuando regresa su menstruaci\u00f3n\u201d, detalla. A algunas, las acompa\u00f1a a nivel emocional con terapia floral. Otras pocas piden un ba\u00f1o y una cerrada de cadera para finalizar el proceso.<\/p>\n<p>Para que el proceso sea sano y digno, tambi\u00e9n debe de haber respeto a nivel cultural.<\/p>\n<p>\u201cHace falta que se tome en cuenta realmente la cosmovisi\u00f3n de las mujeres ind\u00edgenas\u201d, resalta la compa\u00f1era Ikoots, Rosselia Gutierrez. Por eso, es importante trabajar con las parteras, ya que \u201cellas hablan la lengua y tienen ese entendimiento con las mujeres, esa sensibilidad para que las mujeres de la comunidad sigan con confianza, se acerquen, que no les d\u00e9 miedo\u201d, expresa.<\/p>\n<p>Para trabajar el tema del acceso al aborto a nivel estatal es imprescindible establecer un di\u00e1logo con mujeres de todas las regiones tomando en cuenta sus contextos y saberes.<\/p>\n<p>\u201cEs muy importante partir de los conocimientos que ya tienen las comunidades, que se establezca un di\u00e1logo con las mujeres de las comunidades, que parta de su experiencia, sus conocimientos. Pero en temas de salud, algo que pasa mucho es que se les dice a las personas lo que es bueno y lo que es malo para ellas sin respetar esta cosmovisi\u00f3n que tienen acerca de su cuerpo, de su territorio, siempre decirles \u201cyo s\u00ed s\u00e9 lo que es bueno para ti, y eso es malo\u201d sin escuchar primero, sin entender el contexto. Muchas veces se parte de que en las comunidades los usos y costumbres son lo peor y de que aparte no saben nada de estos temas, cuando ni siquiera se ha establecido este di\u00e1logo, y cuando lo hacemos nos damos cuenta que las mujeres tienen sus propias concepciones y m\u00e1s bien el problema es que no se habla, por una diversidad de razones\u201d, detalla Mayra Morales Aldaz.<\/p>\n<p>\u201cAunque estemos en la ciudad venimos de ah\u00ed, tenemos estas ra\u00edces, y hemos ido adquiriendo otros conocimientos que es importante que conozcan otras mujeres, pero insisto, en una relaci\u00f3n entre iguales y no de superioridad o de \u201cnosotras aqu\u00ed lo sabemos todo y traemos la respuesta a todo\u201d, insiste.<\/p>\n<p>Viridiana Bautista Garc\u00eda expresa por otro lado, retomando discusiones de la Red de Mujeres Ind\u00edgenas Trenzando Saberes, que en caso de trabajar con personal de las instituciones de salud, es esencial tambi\u00e9n contar con int\u00e9rpretes preparados para atender mujeres cuya lengua no sea el espa\u00f1ol.<\/p>\n<p>\u201cNo le podemos dejar a la mujer la responsabilidad de que consiga quien est\u00e9 interpretando lo que ella quiere decir. Entonces se requieren int\u00e9rpretes sensibilizados, y remunerados tambi\u00e9n, que no trabajen gratis, que se le d\u00e9 un pago digno a ese personal. Y que haya informaci\u00f3n en cuanto a prevenci\u00f3n, atenci\u00f3n y seguimiento en lenguas, pero con pertinencia cultural\u201d, expresa.<\/p>\n<p>El Estado sigue siendo responsable<\/p>\n<p>Hoy en d\u00eda, \u201chace falta que las mujeres sepan que tienen una diversidad de opciones para ejercer su derecho, y hace falta mucho trabajo tambi\u00e9n a nivel cultural y social, no todo depende del sector salud pero lo que le corresponde es no negar el servicio, y que lo brinden con calidad y con calidez humana\u201d, resume Morales Aldaz.<\/p>\n<p>Zoila R\u00edos Coca insiste por su parte en que \u201chubo un avance en el sector salud, porque ahora quieran o no, ya tienen que dar acceso al servicio\u201d.<\/p>\n<p>Sin embargo, a un a\u00f1o de la despenalizaci\u00f3n, la reforma de la legislaci\u00f3n sigue incompleta: hasta el momento no se ha modificado la Ley Estatal de Salud.<\/p>\n<p>\u201cHay una reforma pendiente en la Ley Estatal de Salud que es la que puede permitir que haya presupuesto, que haya personal capacitado para brindar el servicio. Actualmente, el aborto est\u00e1 despenalizado, pero no hay lineamientos, no hay un documento que le indique al sector salud c\u00f3mo es que se tiene que llevar a cabo el procedimiento, desde la informaci\u00f3n hasta la canalizaci\u00f3n, ya que si es que en una unidad no se puede brindar el servicio deber\u00edan de saber a d\u00f3nde referirla y a d\u00f3nde llegue esa mujer, saber c\u00f3mo se brinda ahora s\u00ed este servicio. Todos estos pasos a seguir es lo que no est\u00e1 claro todav\u00eda\u201d, explica Morales Aldaz.<\/p>\n<p>Aunque el camino se vea largo, el panorama es esperanzador, principalmente porque son muchas las mujeres comprometidas con seguir luchando para hacer de este derecho una realidad.<\/p>\n<p>\u201cNos hemos encontrado en este camino con mucha gente muy comprometida, y desde hace mucho tiempo de hecho, que sea gente organizada dentro de procesos organizativos formales, organizaciones constituidas, o mujeres organizadas de otras maneras. Y dentro de las instituciones tambi\u00e9n, as\u00ed como hay objetores de consciencia, que antepone sus creencias personales, sus prejuicios, sus valores, tambi\u00e9n hay gente muy comprometida, es algo que hay que reconocer\u201d, expresa Mayra Morales Aldaz.<\/p>\n<p>La doctora y partera Coca expresa por su lado que es importante \u201chacer sincron\u00eda\u201d con las personas que, dentro de las instituciones, quieren hacer acciones. \u201cEs cuesti\u00f3n de paciencia, muchas cosas se pueden lograr. Las mujeres que andamos en este tipo de procesos somos muy necias y tenemos que seguir. El Estado es responsable\u201d, afirma.<\/p>\n<p>Sin embargo, recuerda que a la par, es importante seguir impulsando y fortaleciendo iniciativas desde la autonom\u00eda, como es el caso de la casa de partos \u201cDiosas de la Oxitocina\u201d de la cual es parte.<\/p>\n<p>\u201cNosotras no tenemos recursos de financieras, no tenemos ning\u00fan proyecto que nos est\u00e9 pagando sueldos ni la casa que estamos rentando, intentamos ser un proyecto aut\u00f3nomo. Gestionamos nuestros recursos a trav\u00e9s de cuotas de recuperaci\u00f3n consciente. Creo que eso es algo que es importante seguir impulsando, porque si no, si no tienes un recurso que te est\u00e9 financiando, entonces ya no haces nada. Entonces creo que s\u00ed tambi\u00e9n hay que visibilizar los proyectos aut\u00f3nomos, de hecho, ya hay muchos\u201d, concluye.<\/p>\n<p><a href=\"https:\/\/avispa.org\/es\/\" target=\"_blank\" rel=\"noopener noreferrer\">https:\/\/avispa.org\/es\/<\/a><\/p>\n","protected":false},"excerpt":{"rendered":"<p>Avispa Midia \/ Eugenia L\u00f3pez. Hace poco m\u00e1s de un a\u00f1o, el 25 de septiembre del 2019, se celebr\u00f3 en el Estado de Oaxaca una votaci\u00f3n que dio fin a &hellip; <a href=\"https:\/\/www.grieta.org.mx\/index.php\/2020\/10\/08\/oaxaca-a-un-ano-de-la-despenalizacion-del-aborto-aun-no-hay-acceso-real\/\" class=\"more-link\">Leer m\u00e1s<\/a><\/p>\n","protected":false},"author":2,"featured_media":54049,"comment_status":"closed","ping_status":"closed","sticky":false,"template":"","format":"standard","meta":{"ngg_post_thumbnail":0,"_jetpack_newsletter_access":"","_jetpack_dont_email_post_to_subs":false,"_jetpack_newsletter_tier_id":0,"_jetpack_memberships_contains_paywalled_content":false,"_jetpack_memberships_contains_paid_content":false,"footnotes":""},"categories":[80,3163,2,25],"tags":[],"class_list":["post-54048","post","type-post","status-publish","format-standard","has-post-thumbnail","hentry","category-cintillo","category-la-lucha-de-las-mujeres-en-oaxaca","category-noticias-nacionales","category-oaxaca","entry"],"jetpack_featured_media_url":"https:\/\/www.grieta.org.mx\/wp-content\/uploads\/2020\/10\/1.jpg","jetpack_sharing_enabled":true,"jetpack_shortlink":"https:\/\/wp.me\/p7ZJR4-e3K","jetpack_likes_enabled":false,"jetpack-related-posts":[{"id":40064,"url":"https:\/\/www.grieta.org.mx\/index.php\/2019\/09\/25\/se-aprueba-ley-de-aborto-en-oaxaca-mexico\/","url_meta":{"origin":54048,"position":0},"title":"Se aprueba ley de aborto en Oaxaca, M\u00e9xico","author":"grieta","date":"25 septiembre, 2019","format":false,"excerpt":"Avispa Midia \/ Sare Frabes Foto: Santiago Navarro F. Este mi\u00e9rcoles 25 de septiembre, con 24 votos a favor y 12 en contra, fue aprobada la ley para despenalizaci\u00f3n de la interrupci\u00f3n del embarazo en la legislaci\u00f3n local de este estado sure\u00f1o de M\u00e9xico. Esto convierte a esta entidad como\u2026","rel":"","context":"En &quot;CINTILLO&quot;","block_context":{"text":"CINTILLO","link":"https:\/\/www.grieta.org.mx\/index.php\/category\/cintillo\/"},"img":{"alt_text":"","src":"https:\/\/i0.wp.com\/www.grieta.org.mx\/wp-content\/uploads\/2019\/10\/SANTIAGO-NAVARRO-F.jpg?resize=350%2C200&ssl=1","width":350,"height":200,"srcset":"https:\/\/i0.wp.com\/www.grieta.org.mx\/wp-content\/uploads\/2019\/10\/SANTIAGO-NAVARRO-F.jpg?resize=350%2C200&ssl=1 1x, https:\/\/i0.wp.com\/www.grieta.org.mx\/wp-content\/uploads\/2019\/10\/SANTIAGO-NAVARRO-F.jpg?resize=525%2C300&ssl=1 1.5x, https:\/\/i0.wp.com\/www.grieta.org.mx\/wp-content\/uploads\/2019\/10\/SANTIAGO-NAVARRO-F.jpg?resize=700%2C400&ssl=1 2x"},"classes":[]},{"id":54060,"url":"https:\/\/www.grieta.org.mx\/index.php\/2020\/09\/28\/que-nuestro-derecho-a-decidir-sea-respetado-mujeres-en-oaxaca\/","url_meta":{"origin":54048,"position":1},"title":"\u201cQue nuestro derecho a decidir sea respetado\u201d: mujeres en Oaxaca","author":"grieta","date":"28 septiembre, 2020","format":false,"excerpt":"Proceso \/ Pedro Mat\u00edas. Protesta de mujeres en Oaxaca. Foto: Twitter @ManoVuelta_AC. OAXACA, Oax. (apro).- A un a\u00f1o de la despenalizaci\u00f3n del aborto en Oaxaca, el colectivo feministas Marea Verde realiz\u00f3 una marcha en esta ciudad para exigir \u201cque nuestro derecho a decidir sea respetado\u201d. Con el lema \u201cPor el\u2026","rel":"","context":"En &quot;CINTILLO&quot;","block_context":{"text":"CINTILLO","link":"https:\/\/www.grieta.org.mx\/index.php\/category\/cintillo\/"},"img":{"alt_text":"","src":"https:\/\/i0.wp.com\/www.grieta.org.mx\/wp-content\/uploads\/2020\/10\/1-2.jpg?resize=350%2C200&ssl=1","width":350,"height":200,"srcset":"https:\/\/i0.wp.com\/www.grieta.org.mx\/wp-content\/uploads\/2020\/10\/1-2.jpg?resize=350%2C200&ssl=1 1x, https:\/\/i0.wp.com\/www.grieta.org.mx\/wp-content\/uploads\/2020\/10\/1-2.jpg?resize=525%2C300&ssl=1 1.5x, https:\/\/i0.wp.com\/www.grieta.org.mx\/wp-content\/uploads\/2020\/10\/1-2.jpg?resize=700%2C400&ssl=1 2x"},"classes":[]},{"id":30219,"url":"https:\/\/www.grieta.org.mx\/index.php\/2019\/03\/06\/mujeres-de-al-menos-12-estados-exigen-legalizar-ya-el-aborto-y-evitar-poner-en-riesgo-sus-vidas-baja-california-durango-estado-de-mexico-guanajuato-guerrero-michoacan-nayarit-oaxaca-puebla-q\/","url_meta":{"origin":54048,"position":2},"title":"Mujeres de al menos 12 estados exigen legalizar ya el aborto y evitar poner en riesgo sus vidas (Baja California, Durango, Estado de M\u00e9xico, Guanajuato, Guerrero, Michoac\u00e1n, Nayarit, Oaxaca, Puebla, Quintana Roo y Veracruz)","author":"grieta","date":"6 marzo, 2019","format":false,"excerpt":"En la v\u00edspera del D\u00eda Internacional de la Mujer que se celebra el pr\u00f3ximo 8 de marzo, mujeres de varios puntos del pa\u00eds exigieron al Estado que garantice \u201cel aborto legal, seguro y gratuito en todo M\u00e9xico\u201d. Manifestaron que con la penalizaci\u00f3n del aborto se criminaliza a las mujeres y\u2026","rel":"","context":"En &quot;Baja California&quot;","block_context":{"text":"Baja California","link":"https:\/\/www.grieta.org.mx\/index.php\/category\/noticias-nacionales\/baja-california\/"},"img":{"alt_text":"","src":"https:\/\/i0.wp.com\/www.grieta.org.mx\/wp-content\/uploads\/2019\/03\/aborto.jpg?resize=350%2C200&ssl=1","width":350,"height":200,"srcset":"https:\/\/i0.wp.com\/www.grieta.org.mx\/wp-content\/uploads\/2019\/03\/aborto.jpg?resize=350%2C200&ssl=1 1x, https:\/\/i0.wp.com\/www.grieta.org.mx\/wp-content\/uploads\/2019\/03\/aborto.jpg?resize=525%2C300&ssl=1 1.5x, https:\/\/i0.wp.com\/www.grieta.org.mx\/wp-content\/uploads\/2019\/03\/aborto.jpg?resize=700%2C400&ssl=1 2x, https:\/\/i0.wp.com\/www.grieta.org.mx\/wp-content\/uploads\/2019\/03\/aborto.jpg?resize=1050%2C600&ssl=1 3x"},"classes":[]},{"id":53843,"url":"https:\/\/www.grieta.org.mx\/index.php\/2020\/09\/28\/marchan-feministas-en-oaxaca-para-exigir-aborto-seguro-y-gratuito\/","url_meta":{"origin":54048,"position":3},"title":"Marchan feministas en Oaxaca para exigir aborto seguro y gratuito","author":"grieta","date":"28 septiembre, 2020","format":false,"excerpt":"Noticias \/ Ana Lilia. Cortes\u00eda. Este lunes, en el D\u00eda de Acci\u00f3n Global por el Acceso al Aborto Legal y Seguro, se concentraron feministas en la fuente de las 8 Regiones, en la colonia Reforma de la capital oaxaque\u00f1a, para salir en una marcha, esto con el objetivo de demandar\u2026","rel":"","context":"En &quot;CINTILLO&quot;","block_context":{"text":"CINTILLO","link":"https:\/\/www.grieta.org.mx\/index.php\/category\/cintillo\/"},"img":{"alt_text":"","src":"https:\/\/i0.wp.com\/www.grieta.org.mx\/wp-content\/uploads\/2020\/09\/1-1.jpeg?resize=350%2C200&ssl=1","width":350,"height":200,"srcset":"https:\/\/i0.wp.com\/www.grieta.org.mx\/wp-content\/uploads\/2020\/09\/1-1.jpeg?resize=350%2C200&ssl=1 1x, https:\/\/i0.wp.com\/www.grieta.org.mx\/wp-content\/uploads\/2020\/09\/1-1.jpeg?resize=525%2C300&ssl=1 1.5x, https:\/\/i0.wp.com\/www.grieta.org.mx\/wp-content\/uploads\/2020\/09\/1-1.jpeg?resize=700%2C400&ssl=1 2x, https:\/\/i0.wp.com\/www.grieta.org.mx\/wp-content\/uploads\/2020\/09\/1-1.jpeg?resize=1050%2C600&ssl=1 3x"},"classes":[]},{"id":53872,"url":"https:\/\/www.grieta.org.mx\/index.php\/2020\/09\/28\/feministas-marchan-a-un-ano-de-la-despenalizacion-del-aborto-en-oaxaca\/","url_meta":{"origin":54048,"position":4},"title":"Feministas marchan a un a\u00f1o de la despenalizaci\u00f3n del aborto en Oaxaca","author":"grieta","date":"28 septiembre, 2020","format":false,"excerpt":"P\u00e1gina 3 \/ Pedro Mat\u00edas. OAXACA, Oax.- A un a\u00f1o de la despenalizaci\u00f3n del aborto en Oaxaca, el colectivo de feministas Marea Verde realiz\u00f3 una marcha separatista. Partieron de la fuente de las Ocho Regiones y caminaron la calzada Porfirio D\u00edaz para exigir que \u201cnuestro derecho a decidir sea respetado\u201d.\u2026","rel":"","context":"En &quot;CINTILLO&quot;","block_context":{"text":"CINTILLO","link":"https:\/\/www.grieta.org.mx\/index.php\/category\/cintillo\/"},"img":{"alt_text":"","src":"https:\/\/i0.wp.com\/www.grieta.org.mx\/wp-content\/uploads\/2020\/09\/x.jpeg?resize=350%2C200&ssl=1","width":350,"height":200,"srcset":"https:\/\/i0.wp.com\/www.grieta.org.mx\/wp-content\/uploads\/2020\/09\/x.jpeg?resize=350%2C200&ssl=1 1x, https:\/\/i0.wp.com\/www.grieta.org.mx\/wp-content\/uploads\/2020\/09\/x.jpeg?resize=525%2C300&ssl=1 1.5x, https:\/\/i0.wp.com\/www.grieta.org.mx\/wp-content\/uploads\/2020\/09\/x.jpeg?resize=700%2C400&ssl=1 2x"},"classes":[]},{"id":67035,"url":"https:\/\/www.grieta.org.mx\/index.php\/2023\/06\/09\/legislatura-y-gobierno-limitan-el-acceso-al-aborto-seguro-en-oaxaca\/","url_meta":{"origin":54048,"position":5},"title":"Legislatura y gobierno limitan el acceso al aborto seguro en Oaxaca","author":"grieta","date":"9 junio, 2023","format":false,"excerpt":"Imagen: A cuatro a\u00f1os despu\u00e9s de la despenalizaci\u00f3n del aborto, colectivas llaman a legisladores y al gobierno del estado a fijar lineamientos y a garantizar presupuesto para el aborto seguro Roc\u00edo Flores \/\u00a0 Oaxaca Media Cuatro a\u00f1os han pasado de la legalizaci\u00f3n del aborto en Oaxaca y a\u00fan persiste la\u2026","rel":"","context":"En &quot;CINTILLO&quot;","block_context":{"text":"CINTILLO","link":"https:\/\/www.grieta.org.mx\/index.php\/category\/cintillo\/"},"img":{"alt_text":"","src":"https:\/\/i0.wp.com\/www.grieta.org.mx\/wp-content\/uploads\/2023\/06\/Imagen-de-WhatsApp-2023-06-09-a-las-09.04.05-1170x660-1.jpg?resize=350%2C200&ssl=1","width":350,"height":200,"srcset":"https:\/\/i0.wp.com\/www.grieta.org.mx\/wp-content\/uploads\/2023\/06\/Imagen-de-WhatsApp-2023-06-09-a-las-09.04.05-1170x660-1.jpg?resize=350%2C200&ssl=1 1x, https:\/\/i0.wp.com\/www.grieta.org.mx\/wp-content\/uploads\/2023\/06\/Imagen-de-WhatsApp-2023-06-09-a-las-09.04.05-1170x660-1.jpg?resize=525%2C300&ssl=1 1.5x, https:\/\/i0.wp.com\/www.grieta.org.mx\/wp-content\/uploads\/2023\/06\/Imagen-de-WhatsApp-2023-06-09-a-las-09.04.05-1170x660-1.jpg?resize=700%2C400&ssl=1 2x, https:\/\/i0.wp.com\/www.grieta.org.mx\/wp-content\/uploads\/2023\/06\/Imagen-de-WhatsApp-2023-06-09-a-las-09.04.05-1170x660-1.jpg?resize=1050%2C600&ssl=1 3x"},"classes":[]}],"_links":{"self":[{"href":"https:\/\/www.grieta.org.mx\/index.php\/wp-json\/wp\/v2\/posts\/54048","targetHints":{"allow":["GET"]}}],"collection":[{"href":"https:\/\/www.grieta.org.mx\/index.php\/wp-json\/wp\/v2\/posts"}],"about":[{"href":"https:\/\/www.grieta.org.mx\/index.php\/wp-json\/wp\/v2\/types\/post"}],"author":[{"embeddable":true,"href":"https:\/\/www.grieta.org.mx\/index.php\/wp-json\/wp\/v2\/users\/2"}],"replies":[{"embeddable":true,"href":"https:\/\/www.grieta.org.mx\/index.php\/wp-json\/wp\/v2\/comments?post=54048"}],"version-history":[{"count":1,"href":"https:\/\/www.grieta.org.mx\/index.php\/wp-json\/wp\/v2\/posts\/54048\/revisions"}],"predecessor-version":[{"id":54053,"href":"https:\/\/www.grieta.org.mx\/index.php\/wp-json\/wp\/v2\/posts\/54048\/revisions\/54053"}],"wp:featuredmedia":[{"embeddable":true,"href":"https:\/\/www.grieta.org.mx\/index.php\/wp-json\/wp\/v2\/media\/54049"}],"wp:attachment":[{"href":"https:\/\/www.grieta.org.mx\/index.php\/wp-json\/wp\/v2\/media?parent=54048"}],"wp:term":[{"taxonomy":"category","embeddable":true,"href":"https:\/\/www.grieta.org.mx\/index.php\/wp-json\/wp\/v2\/categories?post=54048"},{"taxonomy":"post_tag","embeddable":true,"href":"https:\/\/www.grieta.org.mx\/index.php\/wp-json\/wp\/v2\/tags?post=54048"}],"curies":[{"name":"wp","href":"https:\/\/api.w.org\/{rel}","templated":true}]}}