{"id":5398,"date":"2015-05-26T02:26:15","date_gmt":"2015-05-26T02:26:15","guid":{"rendered":"http:\/\/50.22.11.12\/~grietaor\/?p=5398"},"modified":"2016-04-24T23:57:58","modified_gmt":"2016-04-24T23:57:58","slug":"jalisco-se-seca-advierten-9-organizaciones-que-piden-frenar-trasvase-a-leon","status":"publish","type":"post","link":"https:\/\/www.grieta.org.mx\/index.php\/2015\/05\/26\/jalisco-se-seca-advierten-9-organizaciones-que-piden-frenar-trasvase-a-leon\/","title":{"rendered":"Jalisco se seca, advierten 9 organizaciones que piden frenar trasvase a Le\u00f3n"},"content":{"rendered":"<p>Por: Sergio Hern\u00e1ndez M\u00e1rquez <\/p>\n<p>Opositores a la presa El Zapotillo y el trasvase a Le\u00f3n presentan la campa\u00f1a \u201cJalisco se seca\u201d.<\/p>\n<p>26 de mayo de 2015.- Este martes un grupo de 9 organizaciones dio a conocer la campa\u00f1a #JaliscoSeSeca en la que pretenden incentivar la toma de conciencia ciudadana de los jaliscienses y su participaci\u00f3n en la pol\u00edtica de gesti\u00f3n del agua, as\u00ed como dar rostro a las personas afectadas por el trasvase de agua que se pretende realizar de Los Altos de Jalisco hacia Le\u00f3n, Guanajuato.<\/p>\n<p>Las organizaciones que participan en esto son Ciudad para Todos, Ocupa tu Ciudad, Alianza C\u00edvica Alte\u00f1a para la Defensa del Agua, Colectivo ecologista de Jalisco, Conredes, Imdec, T\u00f3mala, Salvemos Temaca y el Colectivo de Abogados.<\/p>\n<p>\u201cEl proyecto Presa El Zapotillo y el trasvase Los Altos- Le\u00f3n y el mal manejo de los recursos por parte de los involucrados significar\u00e1 una afectaci\u00f3n grave al equilibrio ecol\u00f3gico, a nuestros derechos humanos y a nuestra econom\u00eda como jaliscienses\u201d, dice la postura de las agrupaciones.<\/p>\n<p>\u201cSi seguimos permitiendo que se impongan este tipo de proyectos que son inviables t\u00e9cnica, financiera, social y ambientalmente y que no corresponden a una gesti\u00f3n integral del agua, estemos poniendo en riesgo el derecho al agua de toda el \u00c1rea Metropolitana de Guadalajara. El Zapotillo y el pretendido acueducto hacia Le\u00f3n, est\u00e1n en Los Altos, pero nos afecta a todos\u201d.<\/p>\n<p>Guadalupe Espinoza, abogado de los habitantes de Temacapul\u00edn que no quieren abandonar su hogar que pretende ser inundado con la presa recuerda que el Gobierno de Jalisco no ha aceptado las recomendaciones del Observatorio del Agua y que no hay nada del veredicto de la agencia de Naciones Unidas que est\u00e1 analizando el proyecto.<\/p>\n<p>Juan Guillermo M\u00e1rquez Guti\u00e9rrez, del Consejo Regional para el Desarrollo Sustentable A.C. (Conredes), coment\u00f3 que de concretarse los planes del Gobierno federal y estatal respecto a la Presa El Zapotillo, el control del agua en realidad lo tendr\u00eda la empresa espa\u00f1ola Abengoa, a la que le fue concesionada el agua del embalse para llev\u00e1rsela a Le\u00f3n, Guanajuato.<\/p>\n<p>Pero agreg\u00f3 que si se cancela el trasvase lo ya construido servir\u00eda para garantizar agua al \u00c1rea Metropolitana de Guadalajara y tambi\u00e9n a las actividades econ\u00f3micas de Los Altos de Jalisco.<\/p>\n<p>\u201cEstimamos que con llenar la presa a 50 metros o menos tendr\u00eda el \u00c1rea Metropolitana el agua necesaria, no se inundar\u00eda Temacapul\u00edn y eso resuelve en buena medida algo equitativo y abre la posibilidad en el campo de que puedan disponer de mayores vol\u00famenes de agua para la producci\u00f3n de alimentos\u201d, coment\u00f3.<\/p>\n<p>\u201cCon cualquiera de los dos escenarios, con la presa a 80 metros o a 105 metros y el trasvase, Jalisco pierde totalmente porque el control de esa reserva de agua del R\u00edo Verde ser\u00eda por parte de Guanajuato y Jalisco quedar\u00eda a expensas de lo que quede luego de satisfacer las necesidades de Guanajuato\u201d.<\/p>\n<p><a href=\"http:\/\/www.proyectodiez.mx\/jalisco-se-seca-advierten-9-organizaciones-que-piden-frenar-trasvase-a-leon\/\" target=\"_blank\">http:\/\/www.proyectodiez.mx\/jalisco-se-seca-advierten-9-organizaciones-que-piden-frenar-trasvase-a-leon\/<\/a><\/p>\n","protected":false},"excerpt":{"rendered":"<p>Por: Sergio Hern\u00e1ndez M\u00e1rquez Opositores a la presa El Zapotillo y el trasvase a Le\u00f3n presentan la campa\u00f1a \u201cJalisco se seca\u201d. 26 de mayo de 2015.- Este martes un grupo &hellip; <a href=\"https:\/\/www.grieta.org.mx\/index.php\/2015\/05\/26\/jalisco-se-seca-advierten-9-organizaciones-que-piden-frenar-trasvase-a-leon\/\" class=\"more-link\">Leer m\u00e1s<\/a><\/p>\n","protected":false},"author":2,"featured_media":21928,"comment_status":"closed","ping_status":"open","sticky":false,"template":"","format":"standard","meta":{"ngg_post_thumbnail":0,"_jetpack_newsletter_access":"","_jetpack_dont_email_post_to_subs":false,"_jetpack_newsletter_tier_id":0,"_jetpack_memberships_contains_paywalled_content":false,"_jetpack_memberships_contains_paid_content":false,"footnotes":""},"categories":[80,230],"tags":[313],"class_list":["post-5398","post","type-post","status-publish","format-standard","has-post-thumbnail","hentry","category-cintillo","category-jalisco","tag-presa-y-acueducto-del-zapotillo","entry"],"jetpack_featured_media_url":"https:\/\/www.grieta.org.mx\/wp-content\/uploads\/2018\/03\/14524434_1106112876131411_958039263622046936_o.jpg","jetpack_sharing_enabled":true,"jetpack_shortlink":"https:\/\/wp.me\/p7ZJR4-1p4","jetpack_likes_enabled":false,"jetpack-related-posts":[{"id":3573,"url":"https:\/\/www.grieta.org.mx\/index.php\/2016\/09\/12\/presa-y-acueducto-el-zapotillo\/","url_meta":{"origin":5398,"position":0},"title":"Resistencia contra la presa y el acueducto El Zapotillo","author":"grieta","date":"12 septiembre, 2016","format":false,"excerpt":"12\/09\/16. Dan facilidades financieras a AbengoaNtr Guadalajara 22\/08\/16. \u201cJam\u00e1s nos iremos de\u00a0Temacapul\u00edn\u201dP\u00e1gina 24 13\/08\/16. Unops \u201cchantajea\u201d a los habitantes de Los\u00a0Altos Sitio Agustin del Castillo 12\/08\/16. Detienen proyecto del Zapotillo am Le\u00f3n 27\/07\/16. Piden que Comisi\u00f3n sobre Presa Zapotillo sea abierta Canal 44 02\/05\/16. Jalisco, el desag\u00fce de El Zapotillo\u2026","rel":"","context":"En &quot;Jalisco&quot;","block_context":{"text":"Jalisco","link":"https:\/\/www.grieta.org.mx\/index.php\/category\/noticias-nacionales\/jalisco\/"},"img":{"alt_text":"","src":"https:\/\/i0.wp.com\/www.grieta.org.mx\/wp-content\/uploads\/2018\/03\/14524434_1106112876131411_958039263622046936_o.jpg?resize=350%2C200&ssl=1","width":350,"height":200,"srcset":"https:\/\/i0.wp.com\/www.grieta.org.mx\/wp-content\/uploads\/2018\/03\/14524434_1106112876131411_958039263622046936_o.jpg?resize=350%2C200&ssl=1 1x, https:\/\/i0.wp.com\/www.grieta.org.mx\/wp-content\/uploads\/2018\/03\/14524434_1106112876131411_958039263622046936_o.jpg?resize=525%2C300&ssl=1 1.5x, https:\/\/i0.wp.com\/www.grieta.org.mx\/wp-content\/uploads\/2018\/03\/14524434_1106112876131411_958039263622046936_o.jpg?resize=700%2C400&ssl=1 2x"},"classes":[]},{"id":37727,"url":"https:\/\/www.grieta.org.mx\/index.php\/2019\/07\/30\/no-hay-elementos-que-sostengan-factibilidad-de-el-zapotillo-udeg-jalisco\/","url_meta":{"origin":5398,"position":1},"title":"No hay elementos que sostengan factibilidad de El Zapotillo: UdeG (Jalisco)","author":"grieta","date":"30 julio, 2019","format":false,"excerpt":"Foto: Alfonso Hern\u00e1ndez Redacci\u00f3n \/ El Diario NTR Por medio de un desplegado publicado ayer en varios medios de comunicaci\u00f3n, la Universidad de Guadalajara (UdeG) inform\u00f3 que no hay elementos objetivos que sostengan la factibilidad de la Presa El Zapotillo, la cual se pretende reactivar tras un acuerdo de entendimiento\u2026","rel":"","context":"En &quot;CINTILLO&quot;","block_context":{"text":"CINTILLO","link":"https:\/\/www.grieta.org.mx\/index.php\/category\/cintillo\/"},"img":{"alt_text":"","src":"https:\/\/i0.wp.com\/www.grieta.org.mx\/wp-content\/uploads\/2019\/08\/2019-07-29_11-07-36___6929.jpg?resize=350%2C200&ssl=1","width":350,"height":200,"srcset":"https:\/\/i0.wp.com\/www.grieta.org.mx\/wp-content\/uploads\/2019\/08\/2019-07-29_11-07-36___6929.jpg?resize=350%2C200&ssl=1 1x, https:\/\/i0.wp.com\/www.grieta.org.mx\/wp-content\/uploads\/2019\/08\/2019-07-29_11-07-36___6929.jpg?resize=525%2C300&ssl=1 1.5x, https:\/\/i0.wp.com\/www.grieta.org.mx\/wp-content\/uploads\/2019\/08\/2019-07-29_11-07-36___6929.jpg?resize=700%2C400&ssl=1 2x"},"classes":[]},{"id":35937,"url":"https:\/\/www.grieta.org.mx\/index.php\/2019\/06\/29\/un-buen-gobernante-no-le-da-la-espalda-al-pueblo-no-incumple-sus-compromisos-temacapulin-jalisco\/","url_meta":{"origin":5398,"position":2},"title":"Un buen gobernante no le da la espalda al pueblo, no incumple sus compromisos: Temacapul\u00edn (Jalisco)","author":"grieta","date":"29 junio, 2019","format":false,"excerpt":"Redacci\u00f3n \/ Somos el Medio A trav\u00e9s de una carta dirigida a Enrique Alfaro Ram\u00edrez, a su Gabinete de Gobierno y a los diputados(as) del Congreso del Estado de Jalisco, el Comit\u00e9 Salvemos Temacapul\u00edn Acasico y Palmarejo, el Colectivo de Abogadxs, el Movimiento Mexicano de Afectados por las Presas y\u2026","rel":"","context":"En &quot;CINTILLO&quot;","block_context":{"text":"CINTILLO","link":"https:\/\/www.grieta.org.mx\/index.php\/category\/cintillo\/"},"img":{"alt_text":"","src":"https:\/\/i0.wp.com\/www.grieta.org.mx\/wp-content\/uploads\/2019\/07\/D-MawzfUYAA3J_I.jpg?resize=350%2C200&ssl=1","width":350,"height":200,"srcset":"https:\/\/i0.wp.com\/www.grieta.org.mx\/wp-content\/uploads\/2019\/07\/D-MawzfUYAA3J_I.jpg?resize=350%2C200&ssl=1 1x, https:\/\/i0.wp.com\/www.grieta.org.mx\/wp-content\/uploads\/2019\/07\/D-MawzfUYAA3J_I.jpg?resize=525%2C300&ssl=1 1.5x"},"classes":[]},{"id":11702,"url":"https:\/\/www.grieta.org.mx\/index.php\/2016\/05\/02\/jalisco-el-desague-de-el-zapotillo\/","url_meta":{"origin":5398,"position":3},"title":"Jalisco, el desag\u00fce de El Zapotillo","author":"grieta","date":"2 mayo, 2016","format":false,"excerpt":"Sonia Serrano \u00cd\u00f1iguez El trasvase que se planea hacer para llevar agua de la presa El Zapotillo a Le\u00f3n implicar\u00e1 el env\u00edo de agua limpia a esa ciudad de Guanajuato y el regreso de aguas residuales a Jalisco, seg\u00fan el dise\u00f1o del proyecto. Esto, adem\u00e1s que las obras tienen casi\u2026","rel":"","context":"En &quot;CINTILLO&quot;","block_context":{"text":"CINTILLO","link":"https:\/\/www.grieta.org.mx\/index.php\/category\/cintillo\/"},"img":{"alt_text":"","src":"https:\/\/i0.wp.com\/www.grieta.org.mx\/wp-content\/uploads\/2018\/03\/14524434_1106112876131411_958039263622046936_o.jpg?resize=350%2C200&ssl=1","width":350,"height":200,"srcset":"https:\/\/i0.wp.com\/www.grieta.org.mx\/wp-content\/uploads\/2018\/03\/14524434_1106112876131411_958039263622046936_o.jpg?resize=350%2C200&ssl=1 1x, https:\/\/i0.wp.com\/www.grieta.org.mx\/wp-content\/uploads\/2018\/03\/14524434_1106112876131411_958039263622046936_o.jpg?resize=525%2C300&ssl=1 1.5x, https:\/\/i0.wp.com\/www.grieta.org.mx\/wp-content\/uploads\/2018\/03\/14524434_1106112876131411_958039263622046936_o.jpg?resize=700%2C400&ssl=1 2x"},"classes":[]},{"id":5402,"url":"https:\/\/www.grieta.org.mx\/index.php\/2015\/03\/03\/oficializa-conagua-entrega-de-agua-de-el-zapotillo-a-leon\/","url_meta":{"origin":5398,"position":4},"title":"Oficializa Conagua entrega de agua de El Zapotillo a Le\u00f3n \u2013","author":"grieta","date":"3 marzo, 2015","format":false,"excerpt":"Alejandra Guill\u00e9n El t\u00edtulo de asignaci\u00f3n le permitir\u00e1 llevarse casi 120 millones de metros c\u00fabicos al a\u00f1o; Los Altos de Jalisco ser\u00e1 la zona m\u00e1s perjudicada, seg\u00fan abogado 3 de Marzo 2015 La Comisi\u00f3n Nacional del Agua (Conagua) otorg\u00f3 a Le\u00f3n un t\u00edtulo de asignaci\u00f3n para usar un volumen total\u2026","rel":"","context":"En &quot;CINTILLO&quot;","block_context":{"text":"CINTILLO","link":"https:\/\/www.grieta.org.mx\/index.php\/category\/cintillo\/"},"img":{"alt_text":"","src":"https:\/\/i0.wp.com\/www.grieta.org.mx\/wp-content\/uploads\/2018\/03\/14524434_1106112876131411_958039263622046936_o.jpg?resize=350%2C200&ssl=1","width":350,"height":200,"srcset":"https:\/\/i0.wp.com\/www.grieta.org.mx\/wp-content\/uploads\/2018\/03\/14524434_1106112876131411_958039263622046936_o.jpg?resize=350%2C200&ssl=1 1x, https:\/\/i0.wp.com\/www.grieta.org.mx\/wp-content\/uploads\/2018\/03\/14524434_1106112876131411_958039263622046936_o.jpg?resize=525%2C300&ssl=1 1.5x, https:\/\/i0.wp.com\/www.grieta.org.mx\/wp-content\/uploads\/2018\/03\/14524434_1106112876131411_958039263622046936_o.jpg?resize=700%2C400&ssl=1 2x"},"classes":[]},{"id":3574,"url":"https:\/\/www.grieta.org.mx\/index.php\/2016\/03\/14\/del-porque-luchar-contra-la-presa-el-zapotillo-en-jalisco\/","url_meta":{"origin":5398,"position":5},"title":"Del porqu\u00e9 luchar contra la presa El Zapotillo en Jalisco","author":"grieta","date":"14 marzo, 2016","format":false,"excerpt":"Por: Juan Yves Palomar M\u00e1s de 131 Desde hace 10 a\u00f1os, cuando se anunci\u00f3 la construcci\u00f3n de la presa El Zapotillo en los altos de Jalisco, surgi\u00f3 una gran problem\u00e1tica que implica no s\u00f3lo a los habitantes de la regi\u00f3n, sino a los de todo M\u00e9xico. Represar el caudal del\u2026","rel":"","context":"En &quot;CINTILLO&quot;","block_context":{"text":"CINTILLO","link":"https:\/\/www.grieta.org.mx\/index.php\/category\/cintillo\/"},"img":{"alt_text":"","src":"https:\/\/i0.wp.com\/www.grieta.org.mx\/wp-content\/uploads\/2018\/03\/14524434_1106112876131411_958039263622046936_o.jpg?resize=350%2C200&ssl=1","width":350,"height":200,"srcset":"https:\/\/i0.wp.com\/www.grieta.org.mx\/wp-content\/uploads\/2018\/03\/14524434_1106112876131411_958039263622046936_o.jpg?resize=350%2C200&ssl=1 1x, https:\/\/i0.wp.com\/www.grieta.org.mx\/wp-content\/uploads\/2018\/03\/14524434_1106112876131411_958039263622046936_o.jpg?resize=525%2C300&ssl=1 1.5x, https:\/\/i0.wp.com\/www.grieta.org.mx\/wp-content\/uploads\/2018\/03\/14524434_1106112876131411_958039263622046936_o.jpg?resize=700%2C400&ssl=1 2x"},"classes":[]}],"_links":{"self":[{"href":"https:\/\/www.grieta.org.mx\/index.php\/wp-json\/wp\/v2\/posts\/5398","targetHints":{"allow":["GET"]}}],"collection":[{"href":"https:\/\/www.grieta.org.mx\/index.php\/wp-json\/wp\/v2\/posts"}],"about":[{"href":"https:\/\/www.grieta.org.mx\/index.php\/wp-json\/wp\/v2\/types\/post"}],"author":[{"embeddable":true,"href":"https:\/\/www.grieta.org.mx\/index.php\/wp-json\/wp\/v2\/users\/2"}],"replies":[{"embeddable":true,"href":"https:\/\/www.grieta.org.mx\/index.php\/wp-json\/wp\/v2\/comments?post=5398"}],"version-history":[{"count":1,"href":"https:\/\/www.grieta.org.mx\/index.php\/wp-json\/wp\/v2\/posts\/5398\/revisions"}],"predecessor-version":[{"id":10779,"href":"https:\/\/www.grieta.org.mx\/index.php\/wp-json\/wp\/v2\/posts\/5398\/revisions\/10779"}],"wp:featuredmedia":[{"embeddable":true,"href":"https:\/\/www.grieta.org.mx\/index.php\/wp-json\/wp\/v2\/media\/21928"}],"wp:attachment":[{"href":"https:\/\/www.grieta.org.mx\/index.php\/wp-json\/wp\/v2\/media?parent=5398"}],"wp:term":[{"taxonomy":"category","embeddable":true,"href":"https:\/\/www.grieta.org.mx\/index.php\/wp-json\/wp\/v2\/categories?post=5398"},{"taxonomy":"post_tag","embeddable":true,"href":"https:\/\/www.grieta.org.mx\/index.php\/wp-json\/wp\/v2\/tags?post=5398"}],"curies":[{"name":"wp","href":"https:\/\/api.w.org\/{rel}","templated":true}]}}