{"id":53905,"date":"2020-09-30T11:49:46","date_gmt":"2020-09-30T16:49:46","guid":{"rendered":"http:\/\/www.grieta.org.mx\/?p=53905"},"modified":"2020-10-01T12:11:05","modified_gmt":"2020-10-01T17:11:05","slug":"concluiran-este-ano-edificio-de-la-guardia-nacional-en-tecoman-colima","status":"publish","type":"post","link":"https:\/\/www.grieta.org.mx\/index.php\/2020\/09\/30\/concluiran-este-ano-edificio-de-la-guardia-nacional-en-tecoman-colima\/","title":{"rendered":"Concluir\u00e1n este a\u00f1o edificio de la Guardia Nacional en Tecom\u00e1n (Colima)"},"content":{"rendered":"<p><img loading=\"lazy\" decoding=\"async\" data-attachment-id=\"53906\" data-permalink=\"https:\/\/www.grieta.org.mx\/index.php\/2020\/09\/30\/concluiran-este-ano-edificio-de-la-guardia-nacional-en-tecoman-colima\/8891f19e45b76350c7108ae4c8950e84\/\" data-orig-file=\"https:\/\/www.grieta.org.mx\/wp-content\/uploads\/2020\/10\/8891f19e45b76350c7108ae4c8950e84.jpg\" data-orig-size=\"1200,675\" data-comments-opened=\"0\" data-image-meta=\"{&quot;aperture&quot;:&quot;0&quot;,&quot;credit&quot;:&quot;&quot;,&quot;camera&quot;:&quot;&quot;,&quot;caption&quot;:&quot;&quot;,&quot;created_timestamp&quot;:&quot;0&quot;,&quot;copyright&quot;:&quot;&quot;,&quot;focal_length&quot;:&quot;0&quot;,&quot;iso&quot;:&quot;0&quot;,&quot;shutter_speed&quot;:&quot;0&quot;,&quot;title&quot;:&quot;&quot;,&quot;orientation&quot;:&quot;0&quot;}\" data-image-title=\"8891f19e45b76350c7108ae4c8950e84\" data-image-description=\"\" data-image-caption=\"\" data-medium-file=\"https:\/\/www.grieta.org.mx\/wp-content\/uploads\/2020\/10\/8891f19e45b76350c7108ae4c8950e84-300x169.jpg\" data-large-file=\"https:\/\/www.grieta.org.mx\/wp-content\/uploads\/2020\/10\/8891f19e45b76350c7108ae4c8950e84-1024x576.jpg\" class=\" wp-image-53906 aligncenter\" src=\"http:\/\/www.grieta.org.mx\/wp-content\/uploads\/2020\/10\/8891f19e45b76350c7108ae4c8950e84.jpg\" alt=\"\" width=\"798\" height=\"449\" srcset=\"https:\/\/www.grieta.org.mx\/wp-content\/uploads\/2020\/10\/8891f19e45b76350c7108ae4c8950e84.jpg 1200w, https:\/\/www.grieta.org.mx\/wp-content\/uploads\/2020\/10\/8891f19e45b76350c7108ae4c8950e84-300x169.jpg 300w, https:\/\/www.grieta.org.mx\/wp-content\/uploads\/2020\/10\/8891f19e45b76350c7108ae4c8950e84-1024x576.jpg 1024w, https:\/\/www.grieta.org.mx\/wp-content\/uploads\/2020\/10\/8891f19e45b76350c7108ae4c8950e84-768x432.jpg 768w, https:\/\/www.grieta.org.mx\/wp-content\/uploads\/2020\/10\/8891f19e45b76350c7108ae4c8950e84-889x500.jpg 889w\" sizes=\"auto, (max-width: 798px) 100vw, 798px\" \/><\/p>\n<p>Foto: El Comentario<\/p>\n<p>Yensuni L\u00f3pez Andrade \/ El Comentario<\/p>\n<p>El contralmirante\u00a0<strong>Domingo Bahena Salgado<\/strong>, coordinador estatal de la\u00a0<strong>Guardia Nacional<\/strong>, confirm\u00f3 que ser\u00e1n\u00a0<strong>130 elementos<\/strong>\u00a0mixtos los que albergue el\u00a0<strong>nuevo edificio<\/strong>\u00a0de esa corporaci\u00f3n con sede en el municipio de\u00a0<strong>Tecom\u00e1n<\/strong>\u00a0y que se estima est\u00e9 concluido antes del\u00a0<strong>31 de diciembre<\/strong>\u00a0de este a\u00f1o.<\/p>\n<p>Se\u00f1al\u00f3 que la obra ubicada en los terrenos colindantes a la\u00a0<strong>glorieta de Los Perritos<\/strong>\u00a0<strong>Bailarines<\/strong>\u00a0rumbo a\u00a0<strong>Cerro de Ortega<\/strong>, lleva un avance del 8.2% y constar\u00e1 de\u00a0<strong>oficinas<\/strong>\u00a0para el comandante de la compa\u00f1\u00eda avanzada, una\u00a0<strong>cancha de basquetbol<\/strong>,\u00a0<strong>\u00e1rea para transportes<\/strong>\u00a0y espacio suficiente para los\u00a0<strong>130 efectivos<\/strong>\u00a0que resguardar\u00e1n la zona.<\/p>\n<p>Respecto al\u00a0<strong>\u00e1rea de acci\u00f3n<\/strong>\u00a0del pelot\u00f3n en Tecom\u00e1n, explic\u00f3 que tienen a cargo el municipio hasta sus l\u00edmites con\u00a0<strong>Michoac\u00e1n<\/strong>, en\u00a0<strong>Coahuayana<\/strong>, as\u00ed como una parte del municipio de\u00a0<strong>Ixtlahuac\u00e1n<\/strong>\u00a0y hasta el l\u00edmite con\u00a0<strong>Armer\u00eda<\/strong>, donde habr\u00e1 otra compa\u00f1\u00eda.<\/p>\n<p>En total, el estado de Colima tendr\u00e1 5 compa\u00f1\u00edas avanzadas, pues adem\u00e1s de\u00a0<strong>Tecom\u00e1n<\/strong>\u00a0se contar\u00e1 con una en\u00a0<strong>Manzanillo<\/strong>,\u00a0<strong>Armer\u00eda<\/strong>,\u00a0<strong>Coquimatl\u00e1n<\/strong>, y se tiene en proyecto una \u00faltima en el municipio de\u00a0<strong>Cuauht\u00e9moc.<\/strong><\/p>\n<p><a href=\"https:\/\/elcomentario.ucol.mx\/concluiran-este-ano-edificio-de-la-guardia-nacional-en-tecoman\/\">https:\/\/elcomentario.ucol.mx\/concluiran-este-ano-edificio-de-la-guardia-nacional-en-tecoman\/<\/a><\/p>\n","protected":false},"excerpt":{"rendered":"<p>Foto: El Comentario Yensuni L\u00f3pez Andrade \/ El Comentario El contralmirante\u00a0Domingo Bahena Salgado, coordinador estatal de la\u00a0Guardia Nacional, confirm\u00f3 que ser\u00e1n\u00a0130 elementos\u00a0mixtos los que albergue el\u00a0nuevo edificio\u00a0de esa corporaci\u00f3n con &hellip; <a href=\"https:\/\/www.grieta.org.mx\/index.php\/2020\/09\/30\/concluiran-este-ano-edificio-de-la-guardia-nacional-en-tecoman-colima\/\" class=\"more-link\">Leer m\u00e1s<\/a><\/p>\n","protected":false},"author":2,"featured_media":21928,"comment_status":"closed","ping_status":"closed","sticky":false,"template":"","format":"standard","meta":{"ngg_post_thumbnail":0,"_jetpack_newsletter_access":"","_jetpack_dont_email_post_to_subs":false,"_jetpack_newsletter_tier_id":0,"_jetpack_memberships_contains_paywalled_content":false,"_jetpack_memberships_contains_paid_content":false,"footnotes":""},"categories":[80,13,912,2759,2,83],"tags":[614],"class_list":["post-53905","post","type-post","status-publish","format-standard","has-post-thumbnail","hentry","category-cintillo","category-colima","category-militarizacion","category-militarizacion-en-colima","category-noticias-nacionales","category-temas-nacionales","tag-militarizacion","entry"],"jetpack_featured_media_url":"https:\/\/www.grieta.org.mx\/wp-content\/uploads\/2018\/03\/14524434_1106112876131411_958039263622046936_o.jpg","jetpack_sharing_enabled":true,"jetpack_shortlink":"https:\/\/wp.me\/p7ZJR4-e1r","jetpack_likes_enabled":false,"jetpack-related-posts":[{"id":53908,"url":"https:\/\/www.grieta.org.mx\/index.php\/2020\/09\/28\/finalizarian-este-ano-la-construccion-de-4-cuarteles-de-la-gn-en-la-entidad-colima\/","url_meta":{"origin":53905,"position":0},"title":"Finalizar\u00edan este a\u00f1o la construcci\u00f3n de 4 cuarteles de la GN en la entidad (Colima)","author":"grieta","date":"28 septiembre, 2020","format":false,"excerpt":"Foto: El Comentario Francis Bravo \/ El Comentario El coordinador estatal de la Guardia Nacional en la entidad,\u00a0Domingo Tito Bahena Salgado, dijo esperar que las\u00a0instalaciones\u00a0de la Guardia Nacional, que est\u00e1n en\u00a0construcci\u00f3n en cuatro municipios\u00a0del estado, se entreguen a m\u00e1s tardar el pr\u00f3ximo\u00a031 de diciembre. El funcionario federal inform\u00f3 que en\u2026","rel":"","context":"En &quot;CINTILLO&quot;","block_context":{"text":"CINTILLO","link":"https:\/\/www.grieta.org.mx\/index.php\/category\/cintillo\/"},"img":{"alt_text":"","src":"https:\/\/i0.wp.com\/www.grieta.org.mx\/wp-content\/uploads\/2020\/10\/9b02827ba0d5384e54ac51f57d6cf77d.jpg?resize=350%2C200&ssl=1","width":350,"height":200,"srcset":"https:\/\/i0.wp.com\/www.grieta.org.mx\/wp-content\/uploads\/2020\/10\/9b02827ba0d5384e54ac51f57d6cf77d.jpg?resize=350%2C200&ssl=1 1x, https:\/\/i0.wp.com\/www.grieta.org.mx\/wp-content\/uploads\/2020\/10\/9b02827ba0d5384e54ac51f57d6cf77d.jpg?resize=525%2C300&ssl=1 1.5x, https:\/\/i0.wp.com\/www.grieta.org.mx\/wp-content\/uploads\/2020\/10\/9b02827ba0d5384e54ac51f57d6cf77d.jpg?resize=700%2C400&ssl=1 2x, https:\/\/i0.wp.com\/www.grieta.org.mx\/wp-content\/uploads\/2020\/10\/9b02827ba0d5384e54ac51f57d6cf77d.jpg?resize=1050%2C600&ssl=1 3x"},"classes":[]},{"id":36635,"url":"https:\/\/www.grieta.org.mx\/index.php\/2019\/06\/29\/ya-hay-propuesta-de-predio-para-guardia-nacional-colima\/","url_meta":{"origin":53905,"position":1},"title":"Ya hay propuesta de predio para Guardia Nacional (Colima)","author":"grieta","date":"29 junio, 2019","format":false,"excerpt":"Foto: Especial Pr\u00f3ximo domingo iniciar\u00e1 operaciones de manera formal la Guardia Nacional Jes\u00fas Lozoya Baeza \/ El Noticiero de Colima Ya hay una propuesta de predio para albergar la Guardia Nacional en Manzanillo; es el Ayuntamiento el encargado de atender la solicitud, por lo que estamos a la espera de\u2026","rel":"","context":"En &quot;CINTILLO&quot;","block_context":{"text":"CINTILLO","link":"https:\/\/www.grieta.org.mx\/index.php\/category\/cintillo\/"},"img":{"alt_text":"","src":"https:\/\/i0.wp.com\/www.grieta.org.mx\/wp-content\/uploads\/2019\/07\/turismo-e1512414499529-777x437.jpg?resize=350%2C200&ssl=1","width":350,"height":200,"srcset":"https:\/\/i0.wp.com\/www.grieta.org.mx\/wp-content\/uploads\/2019\/07\/turismo-e1512414499529-777x437.jpg?resize=350%2C200&ssl=1 1x, https:\/\/i0.wp.com\/www.grieta.org.mx\/wp-content\/uploads\/2019\/07\/turismo-e1512414499529-777x437.jpg?resize=525%2C300&ssl=1 1.5x, https:\/\/i0.wp.com\/www.grieta.org.mx\/wp-content\/uploads\/2019\/07\/turismo-e1512414499529-777x437.jpg?resize=700%2C400&ssl=1 2x"},"classes":[]},{"id":41468,"url":"https:\/\/www.grieta.org.mx\/index.php\/2019\/11\/21\/habra-tres-cuarteles-de-la-guardia-nacional-en-colima\/","url_meta":{"origin":53905,"position":2},"title":"Habr\u00e1 tres cuarteles de la Guardia Nacional en Colima","author":"grieta","date":"21 noviembre, 2019","format":false,"excerpt":"Foto: Ecos de la Costa Arturo Aguilar Huerta \/ Ecos de la Costa Domingo Tito Bahena Salgado, comisionado de la Guardia Nacional en Colima, confirm\u00f3 que en la entidad se instalar\u00e1n tres cuarteles de esta agrupaci\u00f3n militar, uno de ellos en Manzanillo, que podr\u00eda estar en la comunidad de Chandiablo.\u2026","rel":"","context":"En &quot;CINTILLO&quot;","block_context":{"text":"CINTILLO","link":"https:\/\/www.grieta.org.mx\/index.php\/category\/cintillo\/"},"img":{"alt_text":"","src":"https:\/\/i0.wp.com\/www.grieta.org.mx\/wp-content\/uploads\/2018\/03\/14524434_1106112876131411_958039263622046936_o.jpg?resize=350%2C200&ssl=1","width":350,"height":200,"srcset":"https:\/\/i0.wp.com\/www.grieta.org.mx\/wp-content\/uploads\/2018\/03\/14524434_1106112876131411_958039263622046936_o.jpg?resize=350%2C200&ssl=1 1x, https:\/\/i0.wp.com\/www.grieta.org.mx\/wp-content\/uploads\/2018\/03\/14524434_1106112876131411_958039263622046936_o.jpg?resize=525%2C300&ssl=1 1.5x, https:\/\/i0.wp.com\/www.grieta.org.mx\/wp-content\/uploads\/2018\/03\/14524434_1106112876131411_958039263622046936_o.jpg?resize=700%2C400&ssl=1 2x"},"classes":[]},{"id":64890,"url":"https:\/\/www.grieta.org.mx\/index.php\/2022\/08\/12\/policia-estatal-guardia-nacional-y-la-fiscalia-estado-retiran-a-la-fuerza-bloqueo-de-familiares-de-desaparecido-colima\/","url_meta":{"origin":53905,"position":3},"title":"Polic\u00eda Estatal, Guardia Nacional y la Fiscal\u00eda Estado retiran a la fuerza bloqueo de familiares de desaparecido (Colima)","author":"grieta","date":"12 agosto, 2022","format":false,"excerpt":"Foto: El Comentario Redacci\u00f3n \/ El Comentario Familiares de\u00a0Jos\u00e9 Heriberto, joven que se encuentra\u00a0desaparecido, denunciaron que fueron retirados a la fuerza por elementos de la\u00a0Polic\u00eda Estatal,\u00a0Guardia Nacional\u00a0y la Fiscal\u00eda General del Estado (FGE), del bloqueo que manten\u00edan desde el martes en una de las v\u00edas del\u00a0libramiento Ej\u00e9rcito Mexicano, donde se\u2026","rel":"","context":"En &quot;CINTILLO&quot;","block_context":{"text":"CINTILLO","link":"https:\/\/www.grieta.org.mx\/index.php\/category\/cintillo\/"},"img":{"alt_text":"","src":"https:\/\/i0.wp.com\/www.grieta.org.mx\/wp-content\/uploads\/2022\/08\/340b62a61090d74de58998fc7ce0d7ed-1-780x470-1.jpg?resize=350%2C200&ssl=1","width":350,"height":200,"srcset":"https:\/\/i0.wp.com\/www.grieta.org.mx\/wp-content\/uploads\/2022\/08\/340b62a61090d74de58998fc7ce0d7ed-1-780x470-1.jpg?resize=350%2C200&ssl=1 1x, https:\/\/i0.wp.com\/www.grieta.org.mx\/wp-content\/uploads\/2022\/08\/340b62a61090d74de58998fc7ce0d7ed-1-780x470-1.jpg?resize=525%2C300&ssl=1 1.5x, https:\/\/i0.wp.com\/www.grieta.org.mx\/wp-content\/uploads\/2022\/08\/340b62a61090d74de58998fc7ce0d7ed-1-780x470-1.jpg?resize=700%2C400&ssl=1 2x"},"classes":[]},{"id":37949,"url":"https:\/\/www.grieta.org.mx\/index.php\/2019\/08\/15\/ignacio-peralta-este-ano-guardia-nacional-colima\/","url_meta":{"origin":53905,"position":4},"title":"Ignacio Peralta: Este a\u00f1o, Guardia Nacional (Colima)","author":"grieta","date":"15 agosto, 2019","format":false,"excerpt":"Foto: Rocio Amescua Jes\u00fas Murgu\u00eda Rubio \/ El Mundo desde Colima El gobernador Jos\u00e9 Ignacio Peralta S\u00e1nchez asegur\u00f3 existe franco di\u00e1logo con el gobierno federal en materia de seguridad, buscando mejorar la situaci\u00f3n que enfrenta la entidad, con mejores estrategias promotoras de tranquilidad y paz, y en torno a la\u2026","rel":"","context":"En &quot;CINTILLO&quot;","block_context":{"text":"CINTILLO","link":"https:\/\/www.grieta.org.mx\/index.php\/category\/cintillo\/"},"img":{"alt_text":"","src":"https:\/\/i0.wp.com\/www.grieta.org.mx\/wp-content\/uploads\/2019\/08\/p01-f5-ago15-800x445.jpg?resize=350%2C200&ssl=1","width":350,"height":200,"srcset":"https:\/\/i0.wp.com\/www.grieta.org.mx\/wp-content\/uploads\/2019\/08\/p01-f5-ago15-800x445.jpg?resize=350%2C200&ssl=1 1x, https:\/\/i0.wp.com\/www.grieta.org.mx\/wp-content\/uploads\/2019\/08\/p01-f5-ago15-800x445.jpg?resize=525%2C300&ssl=1 1.5x, https:\/\/i0.wp.com\/www.grieta.org.mx\/wp-content\/uploads\/2019\/08\/p01-f5-ago15-800x445.jpg?resize=700%2C400&ssl=1 2x"},"classes":[]},{"id":48240,"url":"https:\/\/www.grieta.org.mx\/index.php\/2020\/04\/21\/asumen-militares-seguridad-en-instalaciones-de-imss-colima\/","url_meta":{"origin":53905,"position":5},"title":"Asumen militares seguridad en instalaciones de IMSS Colima","author":"grieta","date":"21 abril, 2020","format":false,"excerpt":"Foto: Especial Redacci\u00f3n \/ El Noticiero en L\u00ednea Elementos de la Sedena, Marina Armada y Guardia Nacional desplegaron un operativo en instalaciones y almacenes del IMSS en Colima, a fin de garantizar la seguridad del personal m\u00e9dico y de enfermer\u00eda y proteger material y equipo m\u00e9dico. Este operativo forma parte\u2026","rel":"","context":"En &quot;CINTILLO&quot;","block_context":{"text":"CINTILLO","link":"https:\/\/www.grieta.org.mx\/index.php\/category\/cintillo\/"},"img":{"alt_text":"","src":"https:\/\/i0.wp.com\/www.grieta.org.mx\/wp-content\/uploads\/2020\/04\/GUARDIA.jpg?resize=350%2C200&ssl=1","width":350,"height":200,"srcset":"https:\/\/i0.wp.com\/www.grieta.org.mx\/wp-content\/uploads\/2020\/04\/GUARDIA.jpg?resize=350%2C200&ssl=1 1x, https:\/\/i0.wp.com\/www.grieta.org.mx\/wp-content\/uploads\/2020\/04\/GUARDIA.jpg?resize=525%2C300&ssl=1 1.5x, https:\/\/i0.wp.com\/www.grieta.org.mx\/wp-content\/uploads\/2020\/04\/GUARDIA.jpg?resize=700%2C400&ssl=1 2x"},"classes":[]}],"_links":{"self":[{"href":"https:\/\/www.grieta.org.mx\/index.php\/wp-json\/wp\/v2\/posts\/53905","targetHints":{"allow":["GET"]}}],"collection":[{"href":"https:\/\/www.grieta.org.mx\/index.php\/wp-json\/wp\/v2\/posts"}],"about":[{"href":"https:\/\/www.grieta.org.mx\/index.php\/wp-json\/wp\/v2\/types\/post"}],"author":[{"embeddable":true,"href":"https:\/\/www.grieta.org.mx\/index.php\/wp-json\/wp\/v2\/users\/2"}],"replies":[{"embeddable":true,"href":"https:\/\/www.grieta.org.mx\/index.php\/wp-json\/wp\/v2\/comments?post=53905"}],"version-history":[{"count":1,"href":"https:\/\/www.grieta.org.mx\/index.php\/wp-json\/wp\/v2\/posts\/53905\/revisions"}],"predecessor-version":[{"id":53907,"href":"https:\/\/www.grieta.org.mx\/index.php\/wp-json\/wp\/v2\/posts\/53905\/revisions\/53907"}],"wp:featuredmedia":[{"embeddable":true,"href":"https:\/\/www.grieta.org.mx\/index.php\/wp-json\/wp\/v2\/media\/21928"}],"wp:attachment":[{"href":"https:\/\/www.grieta.org.mx\/index.php\/wp-json\/wp\/v2\/media?parent=53905"}],"wp:term":[{"taxonomy":"category","embeddable":true,"href":"https:\/\/www.grieta.org.mx\/index.php\/wp-json\/wp\/v2\/categories?post=53905"},{"taxonomy":"post_tag","embeddable":true,"href":"https:\/\/www.grieta.org.mx\/index.php\/wp-json\/wp\/v2\/tags?post=53905"}],"curies":[{"name":"wp","href":"https:\/\/api.w.org\/{rel}","templated":true}]}}