{"id":53872,"date":"2020-09-28T20:07:23","date_gmt":"2020-09-29T01:07:23","guid":{"rendered":"http:\/\/www.grieta.org.mx\/?p=53872"},"modified":"2020-09-29T22:16:02","modified_gmt":"2020-09-30T03:16:02","slug":"feministas-marchan-a-un-ano-de-la-despenalizacion-del-aborto-en-oaxaca","status":"publish","type":"post","link":"https:\/\/www.grieta.org.mx\/index.php\/2020\/09\/28\/feministas-marchan-a-un-ano-de-la-despenalizacion-del-aborto-en-oaxaca\/","title":{"rendered":"Feministas marchan a un a\u00f1o de la despenalizaci\u00f3n del aborto en Oaxaca"},"content":{"rendered":"<p>P\u00e1gina 3 \/ Pedro Mat\u00edas.<\/p>\n<p><img loading=\"lazy\" decoding=\"async\" data-attachment-id=\"53874\" data-permalink=\"https:\/\/www.grieta.org.mx\/index.php\/2020\/09\/28\/feministas-marchan-a-un-ano-de-la-despenalizacion-del-aborto-en-oaxaca\/x-7\/\" data-orig-file=\"https:\/\/www.grieta.org.mx\/wp-content\/uploads\/2020\/09\/x.jpeg\" data-orig-size=\"950,475\" data-comments-opened=\"0\" data-image-meta=\"{&quot;aperture&quot;:&quot;0&quot;,&quot;credit&quot;:&quot;&quot;,&quot;camera&quot;:&quot;&quot;,&quot;caption&quot;:&quot;&quot;,&quot;created_timestamp&quot;:&quot;0&quot;,&quot;copyright&quot;:&quot;&quot;,&quot;focal_length&quot;:&quot;0&quot;,&quot;iso&quot;:&quot;0&quot;,&quot;shutter_speed&quot;:&quot;0&quot;,&quot;title&quot;:&quot;&quot;,&quot;orientation&quot;:&quot;1&quot;}\" data-image-title=\"x\" data-image-description=\"\" data-image-caption=\"\" data-medium-file=\"https:\/\/www.grieta.org.mx\/wp-content\/uploads\/2020\/09\/x-300x150.jpeg\" data-large-file=\"https:\/\/www.grieta.org.mx\/wp-content\/uploads\/2020\/09\/x.jpeg\" class=\"alignnone wp-image-53874\" src=\"http:\/\/www.grieta.org.mx\/wp-content\/uploads\/2020\/09\/x.jpeg\" alt=\"\" width=\"800\" height=\"400\" srcset=\"https:\/\/www.grieta.org.mx\/wp-content\/uploads\/2020\/09\/x.jpeg 950w, https:\/\/www.grieta.org.mx\/wp-content\/uploads\/2020\/09\/x-300x150.jpeg 300w, https:\/\/www.grieta.org.mx\/wp-content\/uploads\/2020\/09\/x-768x384.jpeg 768w\" sizes=\"auto, (max-width: 800px) 100vw, 800px\" \/><\/p>\n<p>OAXACA, Oax.- A un a\u00f1o de la despenalizaci\u00f3n del aborto en Oaxaca, el colectivo de feministas Marea Verde realiz\u00f3 una marcha separatista.<\/p>\n<p>Partieron de la fuente de las Ocho Regiones y caminaron la calzada Porfirio D\u00edaz para exigir que \u201cnuestro derecho a decidir sea respetado\u201d.<\/p>\n<p>Con el lema \u201cPor el camino andado y por el que falta recorrer\u201d convocaron a las mujeres aut\u00f3nomas organizadas a participar en esta marcha.<\/p>\n<p>A su paso, las feministas dejaron destrozos en negocios de Plaza Parque, da\u00f1os a cajeros de instituciones bancarias.<\/p>\n<p>Tambi\u00e9n en oficinas gubernamentales como de la Secretar\u00eda de la Mujer Oaxaque\u00f1a (SMO), donde quemaron mobiliario y dejaron mensajes pintarrajeados en la pared.<\/p>\n<p>Igual, a su paso por la calzada Porfirio D\u00edaz causaron da\u00f1os a veh\u00edculos particulares, negocios y al edificio del Instituto Mexicano del Seguro Social (IMSS).<\/p>\n<p>As\u00ed como otra oficina de los Servicios de Salud de Oaxaca (SSO) donde dejaron mensajes como \u201caborto legal\u201d, \u201cOaxaca feminista\u201d y \u201cAutodefensa\u201d.<\/p>\n<p>Igual hicieron pintas con la leyenda: \u201cPor la soberan\u00eda de nuestras cuerpas hoy tomamos las calles\u201d.<\/p>\n<p>Cabe recordar que el 28 de septiembre se estableci\u00f3 como el D\u00eda por la Despenalizaci\u00f3n y Legalizaci\u00f3n del Aborto.<\/p>\n<p>Esto se debe a que en 1990 se asumi\u00f3 as\u00ed este d\u00eda, durante el V Encuentro Feminista de Latinoam\u00e9rica y el Caribe, realizado en San Bernardo, Argentina, de acuerdo con organizaciones como Red Nacional de Mujeres (Colombia) y el Observatorio de Violencia (Espa\u00f1a).<\/p>\n<p>En la \u2018Declaraci\u00f3n de San Bernardo\u2019, como es conocida, las 200 participantes aprobaron que se declarara esta jornada de lucha por el aborto legal, considerando que miles de mujeres mueren diariamente en Am\u00e9rica Latina y el Caribe a causa de abortos inseguros.<\/p>\n<p>Las mujeres establecieron que la libertad de decisi\u00f3n sobre el cuerpo propio es un derecho humano esencial.<\/p>\n<p>Colectivas feministas como Marea Verde Mx y GIRE realizan este d\u00eda campa\u00f1as con hashtags como #28S, #AbortoLegalYa, #QueSubaLaMarea y #SeptiembreVerde.<\/p>\n<blockquote class=\"twitter-tweet\" data-width=\"550\" data-dnt=\"true\">\n<p lang=\"es\" dir=\"ltr\">A su paso por la Plaza Parque, en la Calzada Porfirio D\u00edaz, integrantes de colectivas feministas que marcharon este 28S por la despenalizaci\u00f3n del aborto, causaron destrozos <a href=\"https:\/\/t.co\/Bmmhh75pYc\">pic.twitter.com\/Bmmhh75pYc<\/a><\/p>\n<p>&mdash; P\u00e1gina3 Oaxaca (@portalpagina3) <a href=\"https:\/\/twitter.com\/portalpagina3\/status\/1310771473502679040?ref_src=twsrc%5Etfw\">September 29, 2020<\/a><\/p><\/blockquote>\n<p><script async src=\"https:\/\/platform.twitter.com\/widgets.js\" charset=\"utf-8\"><\/script><\/p>\n<p><a href=\"https:\/\/pagina3.mx\/2020\/09\/feministas-marchan-a-un-ano-de-la-despenalizacion-del-aborto-en-oaxaca\/\" target=\"_blank\" rel=\"noopener noreferrer\">https:\/\/pagina3.mx\/2020\/09\/feministas-marchan-a-un-ano-de-la-despenalizacion-del-aborto-en-oaxaca\/<\/a><\/p>\n","protected":false},"excerpt":{"rendered":"<p>P\u00e1gina 3 \/ Pedro Mat\u00edas. OAXACA, Oax.- A un a\u00f1o de la despenalizaci\u00f3n del aborto en Oaxaca, el colectivo de feministas Marea Verde realiz\u00f3 una marcha separatista. Partieron de la &hellip; <a href=\"https:\/\/www.grieta.org.mx\/index.php\/2020\/09\/28\/feministas-marchan-a-un-ano-de-la-despenalizacion-del-aborto-en-oaxaca\/\" class=\"more-link\">Leer m\u00e1s<\/a><\/p>\n","protected":false},"author":2,"featured_media":53874,"comment_status":"closed","ping_status":"closed","sticky":false,"template":"","format":"standard","meta":{"ngg_post_thumbnail":0,"_jetpack_newsletter_access":"","_jetpack_dont_email_post_to_subs":false,"_jetpack_newsletter_tier_id":0,"_jetpack_memberships_contains_paywalled_content":false,"_jetpack_memberships_contains_paid_content":false,"footnotes":""},"categories":[80,3163,2,25,1665],"tags":[],"class_list":["post-53872","post","type-post","status-publish","format-standard","has-post-thumbnail","hentry","category-cintillo","category-la-lucha-de-las-mujeres-en-oaxaca","category-noticias-nacionales","category-oaxaca","category-violencia-contra-las-mujeres-en-oaxaca","entry"],"jetpack_featured_media_url":"https:\/\/www.grieta.org.mx\/wp-content\/uploads\/2020\/09\/x.jpeg","jetpack_sharing_enabled":true,"jetpack_shortlink":"https:\/\/wp.me\/p7ZJR4-e0U","jetpack_likes_enabled":false,"jetpack-related-posts":[{"id":54060,"url":"https:\/\/www.grieta.org.mx\/index.php\/2020\/09\/28\/que-nuestro-derecho-a-decidir-sea-respetado-mujeres-en-oaxaca\/","url_meta":{"origin":53872,"position":0},"title":"\u201cQue nuestro derecho a decidir sea respetado\u201d: mujeres en Oaxaca","author":"grieta","date":"28 septiembre, 2020","format":false,"excerpt":"Proceso \/ Pedro Mat\u00edas. Protesta de mujeres en Oaxaca. Foto: Twitter @ManoVuelta_AC. OAXACA, Oax. (apro).- A un a\u00f1o de la despenalizaci\u00f3n del aborto en Oaxaca, el colectivo feministas Marea Verde realiz\u00f3 una marcha en esta ciudad para exigir \u201cque nuestro derecho a decidir sea respetado\u201d. Con el lema \u201cPor el\u2026","rel":"","context":"En &quot;CINTILLO&quot;","block_context":{"text":"CINTILLO","link":"https:\/\/www.grieta.org.mx\/index.php\/category\/cintillo\/"},"img":{"alt_text":"","src":"https:\/\/i0.wp.com\/www.grieta.org.mx\/wp-content\/uploads\/2020\/10\/1-2.jpg?resize=350%2C200&ssl=1","width":350,"height":200,"srcset":"https:\/\/i0.wp.com\/www.grieta.org.mx\/wp-content\/uploads\/2020\/10\/1-2.jpg?resize=350%2C200&ssl=1 1x, https:\/\/i0.wp.com\/www.grieta.org.mx\/wp-content\/uploads\/2020\/10\/1-2.jpg?resize=525%2C300&ssl=1 1.5x, https:\/\/i0.wp.com\/www.grieta.org.mx\/wp-content\/uploads\/2020\/10\/1-2.jpg?resize=700%2C400&ssl=1 2x"},"classes":[]},{"id":53843,"url":"https:\/\/www.grieta.org.mx\/index.php\/2020\/09\/28\/marchan-feministas-en-oaxaca-para-exigir-aborto-seguro-y-gratuito\/","url_meta":{"origin":53872,"position":1},"title":"Marchan feministas en Oaxaca para exigir aborto seguro y gratuito","author":"grieta","date":"28 septiembre, 2020","format":false,"excerpt":"Noticias \/ Ana Lilia. Cortes\u00eda. Este lunes, en el D\u00eda de Acci\u00f3n Global por el Acceso al Aborto Legal y Seguro, se concentraron feministas en la fuente de las 8 Regiones, en la colonia Reforma de la capital oaxaque\u00f1a, para salir en una marcha, esto con el objetivo de demandar\u2026","rel":"","context":"En &quot;CINTILLO&quot;","block_context":{"text":"CINTILLO","link":"https:\/\/www.grieta.org.mx\/index.php\/category\/cintillo\/"},"img":{"alt_text":"","src":"https:\/\/i0.wp.com\/www.grieta.org.mx\/wp-content\/uploads\/2020\/09\/1-1.jpeg?resize=350%2C200&ssl=1","width":350,"height":200,"srcset":"https:\/\/i0.wp.com\/www.grieta.org.mx\/wp-content\/uploads\/2020\/09\/1-1.jpeg?resize=350%2C200&ssl=1 1x, https:\/\/i0.wp.com\/www.grieta.org.mx\/wp-content\/uploads\/2020\/09\/1-1.jpeg?resize=525%2C300&ssl=1 1.5x, https:\/\/i0.wp.com\/www.grieta.org.mx\/wp-content\/uploads\/2020\/09\/1-1.jpeg?resize=700%2C400&ssl=1 2x, https:\/\/i0.wp.com\/www.grieta.org.mx\/wp-content\/uploads\/2020\/09\/1-1.jpeg?resize=1050%2C600&ssl=1 3x"},"classes":[]},{"id":60894,"url":"https:\/\/www.grieta.org.mx\/index.php\/2021\/08\/03\/colectivas-feministas-convocan-panuelazo-virtual-por-despenalizacion-del-aborto-en-edomex\/","url_meta":{"origin":53872,"position":2},"title":"Colectivas feministas convocan \u2018pa\u00f1uelazo\u2019 virtual por despenalizaci\u00f3n del aborto en EdoMex","author":"grieta","date":"3 agosto, 2021","format":false,"excerpt":"Foto: Cuartoscuro Animal Pol\u00edtico Las colectivas se pronunciaron a favor de la petici\u00f3n que emprendi\u00f3 la Asociaci\u00f3n de Mujeres Abrazando a M\u00e9xico por la despenalizaci\u00f3n del aborto; y exigieron a los diputados y diputadas de la LX Legislatura de la entidad a impulsar y aprobar el documento. Colectivas feministas aut\u00f3nomas\u2026","rel":"","context":"En &quot;CINTILLO&quot;","block_context":{"text":"CINTILLO","link":"https:\/\/www.grieta.org.mx\/index.php\/category\/cintillo\/"},"img":{"alt_text":"","src":"https:\/\/i0.wp.com\/www.grieta.org.mx\/wp-content\/uploads\/2021\/08\/Colectivas-feministas-convocan-%E2%80%98panuelazo-virtual-por-despenalizacion-del-aborto-en-edomex-ago.jpeg?resize=350%2C200&ssl=1","width":350,"height":200,"srcset":"https:\/\/i0.wp.com\/www.grieta.org.mx\/wp-content\/uploads\/2021\/08\/Colectivas-feministas-convocan-%E2%80%98panuelazo-virtual-por-despenalizacion-del-aborto-en-edomex-ago.jpeg?resize=350%2C200&ssl=1 1x, https:\/\/i0.wp.com\/www.grieta.org.mx\/wp-content\/uploads\/2021\/08\/Colectivas-feministas-convocan-%E2%80%98panuelazo-virtual-por-despenalizacion-del-aborto-en-edomex-ago.jpeg?resize=525%2C300&ssl=1 1.5x, https:\/\/i0.wp.com\/www.grieta.org.mx\/wp-content\/uploads\/2021\/08\/Colectivas-feministas-convocan-%E2%80%98panuelazo-virtual-por-despenalizacion-del-aborto-en-edomex-ago.jpeg?resize=700%2C400&ssl=1 2x, https:\/\/i0.wp.com\/www.grieta.org.mx\/wp-content\/uploads\/2021\/08\/Colectivas-feministas-convocan-%E2%80%98panuelazo-virtual-por-despenalizacion-del-aborto-en-edomex-ago.jpeg?resize=1050%2C600&ssl=1 3x, https:\/\/i0.wp.com\/www.grieta.org.mx\/wp-content\/uploads\/2021\/08\/Colectivas-feministas-convocan-%E2%80%98panuelazo-virtual-por-despenalizacion-del-aborto-en-edomex-ago.jpeg?resize=1400%2C800&ssl=1 4x"},"classes":[]},{"id":53427,"url":"https:\/\/www.grieta.org.mx\/index.php\/2020\/09\/16\/marchan-feministas-en-la-jornada-antigrita-para-denunciar-violencia-feminicida-y-agreden-a-una-periodista-oaxaca\/","url_meta":{"origin":53872,"position":3},"title":"Marchan feministas en la jornada Antigrita para denunciar violencia feminicida y agreden a una periodista (Oaxaca)","author":"grieta","date":"16 septiembre, 2020","format":false,"excerpt":"P\u00e1gina 3 \/ Pedro Mat\u00edas. OAXACA, Oax. (pagina3.mx).- En el marco de la jornada de protestas denominado \u201cLa Antigrita\u201d, organizaciones feministas realizaron una marcha de la fuente de las Ocho Regiones al z\u00f3calo de Oaxaca para denunciar la violencia feminicida y la incapacidad gubernamental para atender esta problem\u00e1tica que las\u2026","rel":"","context":"En &quot;CINTILLO&quot;","block_context":{"text":"CINTILLO","link":"https:\/\/www.grieta.org.mx\/index.php\/category\/cintillo\/"},"img":{"alt_text":"","src":"https:\/\/i0.wp.com\/www.grieta.org.mx\/wp-content\/uploads\/2020\/09\/h.jpg?resize=350%2C200&ssl=1","width":350,"height":200,"srcset":"https:\/\/i0.wp.com\/www.grieta.org.mx\/wp-content\/uploads\/2020\/09\/h.jpg?resize=350%2C200&ssl=1 1x, https:\/\/i0.wp.com\/www.grieta.org.mx\/wp-content\/uploads\/2020\/09\/h.jpg?resize=525%2C300&ssl=1 1.5x, https:\/\/i0.wp.com\/www.grieta.org.mx\/wp-content\/uploads\/2020\/09\/h.jpg?resize=700%2C400&ssl=1 2x, https:\/\/i0.wp.com\/www.grieta.org.mx\/wp-content\/uploads\/2020\/09\/h.jpg?resize=1050%2C600&ssl=1 3x"},"classes":[]},{"id":62100,"url":"https:\/\/www.grieta.org.mx\/index.php\/2021\/09\/27\/ahora-es-cuando-marchan-por-la-despenalizacion-del-aborto-en-jalisco\/","url_meta":{"origin":53872,"position":4},"title":"\u00a1Ahora es cuando! Marchan por la despenalizaci\u00f3n del aborto en Jalisco","author":"grieta","date":"27 septiembre, 2021","format":false,"excerpt":"Foto: Dalia Souza - Ximena Torres En medio de una fuerte tormenta, la marea verde en Guadalajara march\u00f3 este domingo 26 de septiembre recorriendo las calles del centro de la capital de Jalisco para decirle a las y los legisladores que el momento de despenalizar el aborto en el estado\u2026","rel":"","context":"En &quot;CINTILLO&quot;","block_context":{"text":"CINTILLO","link":"https:\/\/www.grieta.org.mx\/index.php\/category\/cintillo\/"},"img":{"alt_text":"","src":"https:\/\/i0.wp.com\/www.grieta.org.mx\/wp-content\/uploads\/2021\/10\/photo5082717964159003119-1068x801-1.jpg?resize=350%2C200&ssl=1","width":350,"height":200,"srcset":"https:\/\/i0.wp.com\/www.grieta.org.mx\/wp-content\/uploads\/2021\/10\/photo5082717964159003119-1068x801-1.jpg?resize=350%2C200&ssl=1 1x, https:\/\/i0.wp.com\/www.grieta.org.mx\/wp-content\/uploads\/2021\/10\/photo5082717964159003119-1068x801-1.jpg?resize=525%2C300&ssl=1 1.5x, https:\/\/i0.wp.com\/www.grieta.org.mx\/wp-content\/uploads\/2021\/10\/photo5082717964159003119-1068x801-1.jpg?resize=700%2C400&ssl=1 2x, https:\/\/i0.wp.com\/www.grieta.org.mx\/wp-content\/uploads\/2021\/10\/photo5082717964159003119-1068x801-1.jpg?resize=1050%2C600&ssl=1 3x"},"classes":[]},{"id":30207,"url":"https:\/\/www.grieta.org.mx\/index.php\/2019\/03\/06\/desafian-mujeres-zonas-de-inseguridad-en-oaxaca\/","url_meta":{"origin":53872,"position":5},"title":"Desaf\u00edan mujeres zonas de inseguridad en Oaxaca","author":"grieta","date":"6 marzo, 2019","format":false,"excerpt":"Noticias. Citlalli Luciana, Diversos colectivos han convocado a movilizaciones por el D\u00eda Internacional de la Mujer. El objetivo es claro, recorrer en marcha nocturna las calles m\u00e1s peligrosas de la capital; la meta es ambiciosa, que las mujeres recuperen los espacios y la noche que el miedo e inseguridad les\u2026","rel":"","context":"En &quot;CINTILLO&quot;","block_context":{"text":"CINTILLO","link":"https:\/\/www.grieta.org.mx\/index.php\/category\/cintillo\/"},"img":{"alt_text":"","src":"https:\/\/i0.wp.com\/www.grieta.org.mx\/wp-content\/uploads\/2019\/03\/image_34_300.jpg?resize=350%2C200&ssl=1","width":350,"height":200,"srcset":"https:\/\/i0.wp.com\/www.grieta.org.mx\/wp-content\/uploads\/2019\/03\/image_34_300.jpg?resize=350%2C200&ssl=1 1x, https:\/\/i0.wp.com\/www.grieta.org.mx\/wp-content\/uploads\/2019\/03\/image_34_300.jpg?resize=525%2C300&ssl=1 1.5x, https:\/\/i0.wp.com\/www.grieta.org.mx\/wp-content\/uploads\/2019\/03\/image_34_300.jpg?resize=700%2C400&ssl=1 2x, https:\/\/i0.wp.com\/www.grieta.org.mx\/wp-content\/uploads\/2019\/03\/image_34_300.jpg?resize=1050%2C600&ssl=1 3x"},"classes":[]}],"_links":{"self":[{"href":"https:\/\/www.grieta.org.mx\/index.php\/wp-json\/wp\/v2\/posts\/53872","targetHints":{"allow":["GET"]}}],"collection":[{"href":"https:\/\/www.grieta.org.mx\/index.php\/wp-json\/wp\/v2\/posts"}],"about":[{"href":"https:\/\/www.grieta.org.mx\/index.php\/wp-json\/wp\/v2\/types\/post"}],"author":[{"embeddable":true,"href":"https:\/\/www.grieta.org.mx\/index.php\/wp-json\/wp\/v2\/users\/2"}],"replies":[{"embeddable":true,"href":"https:\/\/www.grieta.org.mx\/index.php\/wp-json\/wp\/v2\/comments?post=53872"}],"version-history":[{"count":1,"href":"https:\/\/www.grieta.org.mx\/index.php\/wp-json\/wp\/v2\/posts\/53872\/revisions"}],"predecessor-version":[{"id":53877,"href":"https:\/\/www.grieta.org.mx\/index.php\/wp-json\/wp\/v2\/posts\/53872\/revisions\/53877"}],"wp:featuredmedia":[{"embeddable":true,"href":"https:\/\/www.grieta.org.mx\/index.php\/wp-json\/wp\/v2\/media\/53874"}],"wp:attachment":[{"href":"https:\/\/www.grieta.org.mx\/index.php\/wp-json\/wp\/v2\/media?parent=53872"}],"wp:term":[{"taxonomy":"category","embeddable":true,"href":"https:\/\/www.grieta.org.mx\/index.php\/wp-json\/wp\/v2\/categories?post=53872"},{"taxonomy":"post_tag","embeddable":true,"href":"https:\/\/www.grieta.org.mx\/index.php\/wp-json\/wp\/v2\/tags?post=53872"}],"curies":[{"name":"wp","href":"https:\/\/api.w.org\/{rel}","templated":true}]}}