{"id":53860,"date":"2020-09-28T20:28:48","date_gmt":"2020-09-29T01:28:48","guid":{"rendered":"http:\/\/www.grieta.org.mx\/?p=53860"},"modified":"2020-09-29T20:52:36","modified_gmt":"2020-09-30T01:52:36","slug":"no-vamos-a-dejar-nuestras-casas-por-el-tren-maya-pobladores-de-campeche-rechazan-reubicacion","status":"publish","type":"post","link":"https:\/\/www.grieta.org.mx\/index.php\/2020\/09\/28\/no-vamos-a-dejar-nuestras-casas-por-el-tren-maya-pobladores-de-campeche-rechazan-reubicacion\/","title":{"rendered":"No vamos a dejar nuestras casas por el Tren Maya: pobladores de Campeche rechazan reubicaci\u00f3n"},"content":{"rendered":"<p><img loading=\"lazy\" decoding=\"async\" data-attachment-id=\"53861\" data-permalink=\"https:\/\/www.grieta.org.mx\/index.php\/2020\/09\/28\/no-vamos-a-dejar-nuestras-casas-por-el-tren-maya-pobladores-de-campeche-rechazan-reubicacion\/tren-maya-pobladores-campeche-casas\/\" data-orig-file=\"https:\/\/www.grieta.org.mx\/wp-content\/uploads\/2020\/09\/tren-maya-pobladores-campeche-casas-e1601429918234.jpg\" data-orig-size=\"800,417\" data-comments-opened=\"0\" data-image-meta=\"{&quot;aperture&quot;:&quot;0&quot;,&quot;credit&quot;:&quot;&quot;,&quot;camera&quot;:&quot;&quot;,&quot;caption&quot;:&quot;&quot;,&quot;created_timestamp&quot;:&quot;0&quot;,&quot;copyright&quot;:&quot;&quot;,&quot;focal_length&quot;:&quot;0&quot;,&quot;iso&quot;:&quot;0&quot;,&quot;shutter_speed&quot;:&quot;0&quot;,&quot;title&quot;:&quot;&quot;,&quot;orientation&quot;:&quot;1&quot;}\" data-image-title=\"tren-maya-pobladores-campeche-casas\" data-image-description=\"\" data-image-caption=\"\" data-medium-file=\"https:\/\/www.grieta.org.mx\/wp-content\/uploads\/2020\/09\/tren-maya-pobladores-campeche-casas-300x156.jpg\" data-large-file=\"https:\/\/www.grieta.org.mx\/wp-content\/uploads\/2020\/09\/tren-maya-pobladores-campeche-casas-e1601429918234.jpg\" src=\"http:\/\/www.grieta.org.mx\/wp-content\/uploads\/2020\/09\/tren-maya-pobladores-campeche-casas-e1601429918234.jpg\" alt=\"\" width=\"800\" height=\"417\" class=\"alignnone size-full wp-image-53861\" \/><\/p>\n<p>Andrea Vega \/ Animal Pol\u00edtico<\/p>\n<blockquote><p>El plan de las autoridades para que el Tren Maya cruce Campeche es reubicar a familias que habitan muy cerca de las v\u00edas de lo que hab\u00eda sido la ruta Chiapas Mayab. Una parte de los habitantes dicen que las v\u00edas son las que deben irse, porque llegaron a invadirlos hace d\u00e9cadas. <\/p><\/blockquote>\n<p>En los barrios de Camino Real, La Ermita y Santa Luc\u00eda en Campeche, decenas de familias han vivido durante d\u00e9cadas junto a las v\u00edas del tren. Pero ellos llegaron primero, algunos tienen t\u00edtulos de propiedad de finales de 1800.  <\/p>\n<p>Ahora est\u00e1n en riesgo de tener que dejar las viviendas donde nacieron y crecieron, no solo ellos tambi\u00e9n sus padres y sus abuelos.<\/p>\n<p>El Tren Maya, a cargo del Fondo Nacional de Fomento al Turismo (Fonatur), va a pasar por la zona y las casas estorban. El tramo de la mega obra que pasar\u00e1 por esa zona es el 2, que ya se licit\u00f3 y gan\u00f3 el consorcio integrado por Operadora CICSA S.A. de C.V. de Grupo Carso, de Carlos Slim, en convenio de asociaci\u00f3n con FCC Construcci\u00f3n S.A. <\/p>\n<p>En esos tres barrios est\u00e1n acostumbrados a vivir a pie de la v\u00eda ferroviaria Chiapas-Mayab: hay casas que est\u00e1n a tres o cuatro metros del tendido f\u00e9rreo, que empez\u00f3 a construirse en 1935.<\/p>\n<p>Las familias han crecido junto con esas m\u00e1quinas que pasan a unos 40 kil\u00f3metros por hora y que han provocado accidentes que van desde los descarrilamientos hasta los atropellados. <\/p>\n<p>\u201cSomos cinco o cuatro generaciones las que hemos vivido aqu\u00ed. En 1938, a instancias del general L\u00e1zaro C\u00e1rdenas, hicieron el tendido de v\u00edas y no nos dieron un centavo porque seg\u00fan fue un donativo\u201d, dice Do\u00f1a Guadalupe. <\/p>\n<p><img loading=\"lazy\" decoding=\"async\" data-attachment-id=\"53862\" data-permalink=\"https:\/\/www.grieta.org.mx\/index.php\/2020\/09\/28\/no-vamos-a-dejar-nuestras-casas-por-el-tren-maya-pobladores-de-campeche-rechazan-reubicacion\/1-100\/\" data-orig-file=\"https:\/\/www.grieta.org.mx\/wp-content\/uploads\/2020\/09\/1--e1601430031173.jpg\" data-orig-size=\"800,981\" data-comments-opened=\"0\" data-image-meta=\"{&quot;aperture&quot;:&quot;0&quot;,&quot;credit&quot;:&quot;&quot;,&quot;camera&quot;:&quot;&quot;,&quot;caption&quot;:&quot;&quot;,&quot;created_timestamp&quot;:&quot;0&quot;,&quot;copyright&quot;:&quot;&quot;,&quot;focal_length&quot;:&quot;0&quot;,&quot;iso&quot;:&quot;0&quot;,&quot;shutter_speed&quot;:&quot;0&quot;,&quot;title&quot;:&quot;&quot;,&quot;orientation&quot;:&quot;1&quot;}\" data-image-title=\"1-\" data-image-description=\"\" data-image-caption=\"\" data-medium-file=\"https:\/\/www.grieta.org.mx\/wp-content\/uploads\/2020\/09\/1--245x300.jpg\" data-large-file=\"https:\/\/www.grieta.org.mx\/wp-content\/uploads\/2020\/09\/1--835x1024.jpg\" src=\"http:\/\/www.grieta.org.mx\/wp-content\/uploads\/2020\/09\/1--e1601430031173.jpg\" alt=\"\" width=\"800\" height=\"981\" class=\"alignnone size-full wp-image-53862\" \/><br \/>\nJoaqu\u00edn Hidalgo Guti\u00e9rrez\/Cortes\u00eda<\/p>\n<p>Con el Tren Maya no habr\u00e1 forma de convivir, la velocidad que alcanzar\u00e1 ser\u00e1 de m\u00e1s de 100 kil\u00f3metros por hora y ya est\u00e1 estipulado que en 20 metros de un lado y 20 metros del otro de la v\u00eda no puede haber ni casas ni nada. Si el proyecto se hace aqu\u00ed, las familias tendr\u00edan que irse y muchos no quieren. <\/p>\n<p>Los vecinos inconformes tienen una demanda clara: las que deben irse son las v\u00edas del tren. Esa es la frase que repiten una y otra vez la decena de vecinos de los tres barrios con los que Animal Pol\u00edtico sostuvo charlas telef\u00f3nicas para entender por qu\u00e9 para ellos no es tan f\u00e1cil s\u00f3lo aceptar una casa y andarse para otro lado. <\/p>\n<p>Jos\u00e9 Medina, hizo su taller mec\u00e1nico al lado de su casa, en Camino Real. Ya tiene su clientela bien amarrada despu\u00e9s de casi 50 a\u00f1os de vivir y trabajar en la zona. A sus 72 a\u00f1os, mudar su negocio a otro lado se le hace imposible. Ya no est\u00e1 en edad de volver a empezar en otro sitio, dice. <\/p>\n<p>Tambi\u00e9n Candelario P\u00e9rez tiene en su hogar, aunque \u00e9l en el barrio vecino de Santa Luc\u00eda, su negocio de reparaci\u00f3n de aparatos electr\u00f3nicos. Su esposa, Luz del Carmen Guti\u00e9rrez, es jubilada y entretiene las horas del d\u00eda cuidando los \u00e1rboles de su patio. Ah\u00ed tiene lim\u00f3n, guan\u00e1bana, caimito, zapote negro y chicozapote, adem\u00e1s de muchas plantas. <\/p>\n<p>Las casas, afirman, ya estaban aqu\u00ed desde antes de 1899 cuando se otorg\u00f3 la concesi\u00f3n para la construcci\u00f3n de la v\u00eda de ferrocarril que conecta la ciudad de Campeche con el resto de la Pen\u00ednsula de Yucat\u00e1n. La Revoluci\u00f3n detuvo los trabajos, que continuaron despu\u00e9s de 1935.<\/p>\n<p>\u201cNos han querido se\u00f1alar de invasores. Dicen que las casas invadieron la zona de v\u00edas y es mentira. Yo tengo documentos que avalan la posesi\u00f3n de mi familia desde hace 128 a\u00f1os. Pero el gobierno federal pas\u00f3 la v\u00eda por en medio de las propiedades. Seg\u00fan les pidi\u00f3 donar terreno, pero a los que no aceptaron, nom\u00e1s les echaron las m\u00e1quinas. Partieron en dos los solares, los patios\u201d, afirma do\u00f1a Guadalupe. <\/p>\n<p><img loading=\"lazy\" decoding=\"async\" data-attachment-id=\"53863\" data-permalink=\"https:\/\/www.grieta.org.mx\/index.php\/2020\/09\/28\/no-vamos-a-dejar-nuestras-casas-por-el-tren-maya-pobladores-de-campeche-rechazan-reubicacion\/2-2-3\/\" data-orig-file=\"https:\/\/www.grieta.org.mx\/wp-content\/uploads\/2020\/09\/2-2-1-e1601430189108.jpg\" data-orig-size=\"800,1008\" data-comments-opened=\"0\" data-image-meta=\"{&quot;aperture&quot;:&quot;0&quot;,&quot;credit&quot;:&quot;&quot;,&quot;camera&quot;:&quot;&quot;,&quot;caption&quot;:&quot;&quot;,&quot;created_timestamp&quot;:&quot;0&quot;,&quot;copyright&quot;:&quot;&quot;,&quot;focal_length&quot;:&quot;0&quot;,&quot;iso&quot;:&quot;0&quot;,&quot;shutter_speed&quot;:&quot;0&quot;,&quot;title&quot;:&quot;&quot;,&quot;orientation&quot;:&quot;1&quot;}\" data-image-title=\"2-2\" data-image-description=\"\" data-image-caption=\"\" data-medium-file=\"https:\/\/www.grieta.org.mx\/wp-content\/uploads\/2020\/09\/2-2-1-238x300.jpg\" data-large-file=\"https:\/\/www.grieta.org.mx\/wp-content\/uploads\/2020\/09\/2-2-1-812x1024.jpg\" src=\"http:\/\/www.grieta.org.mx\/wp-content\/uploads\/2020\/09\/2-2-1-e1601430189108.jpg\" alt=\"\" width=\"800\" height=\"1008\" class=\"alignnone size-full wp-image-53863\" \/><\/p>\n<p>Juan G\u00f3mez, del barrio La Ermita, se\u00f1ala que lo anterior es tan cierto que la propiedad de su familia qued\u00f3 partida por la v\u00eda. \u201cLa partieron a la mitad, ahora mi hermano tiene su casa de un lado de la v\u00eda y yo del otro\u201d. <\/p>\n<p>Los vecinos se quejan tambi\u00e9n de que como las autoridades manejaron todo como una donaci\u00f3n de terreno de las familias, nunca les han pagado nada ni de derecho de v\u00eda ni de indemnizaci\u00f3n.<\/p>\n<p>\u201cY ahora no les vamos a recibir ning\u00fan dinero. No queremos dinero. Queremos que se lleven las v\u00edas que vinieron a invadir las propiedades de nuestras familias. Aqu\u00ed, en esta casa donde estoy, han vivido desde mis bisabuelos y no hab\u00eda v\u00eda, lo que pasaban eran carretas\u201d, se\u00f1ala Aurora Concepci\u00f3n Campos, habitante del barrio Camino Real. <\/p>\n<p>Los pobladores de los tres barrios, que incluso formaron un colectivo para defender sus casas, admiten que hay vecinos que ya aceptaron la reubicaci\u00f3n. Pero atajan que son los que llevan menos tiempo viviendo en la zona, sin las ra\u00edces echadas que tienen quienes nacieron aqu\u00ed y heredaron el terru\u00f1o de sus antepasados. <\/p>\n<p>Jos\u00e9 Arteo es pescador. Tiene su casa a cinco minutos del mar, en el barrio Camino Real, en la ciudad de San Francisco de Campeche. Carmen Castillo tambi\u00e9n vive en ese barrio. Se sostiene vendiendo desayunos a los pescadores. Todas las ma\u00f1anas agarra su triciclo, acomoda la comida y pedalea a la playa. Tarda 10 minutos en llegar. <\/p>\n<p>Adem\u00e1s, aseguran, que no son tantos los que ya que aceptaron irse, no son el 80% como dicen las autoridades. <\/p>\n<p>Hay otra cosa que la decena de habitantes repite, palabras m\u00e1s, palabras menos: \u201cno nos oponemos al Tren Maya. Pero hay otros lugares por donde puede pasar la v\u00eda y no en medio de la ciudad. Ahora se podr\u00eda corregir el error de exponer a la gente a vivir junto al tren\u201d.<br \/>\nONU-H\u00e1bitat y el censo <\/p>\n<p>Fonatur dictamin\u00f3 que la alternativa m\u00e1s viable para mantener en la capital campechana una estaci\u00f3n del Tren Maya es la rehabilitaci\u00f3n de la v\u00eda ferroviaria actualmente en uso, se\u00f1ala un comunicado fechado el 20 de junio. <\/p>\n<p>La modernizaci\u00f3n de esta v\u00eda implica asegurar una distancia con las viviendas aleda\u00f1as que permita realizar las obras y la operaci\u00f3n del tren sin comprometer la seguridad de los habitantes durante y despu\u00e9s de la construcci\u00f3n.<\/p>\n<p>De acuerdo con los trazos finales de la trayectoria del tren elaborados por Fonatur, en el caso de San Francisco de Campeche, los predios (que se deber\u00e1n mover) se ubican en el lado oriente de la v\u00eda, en las colonias Camino Real, Benito Ju\u00e1rez, Bellavista y Santa Luc\u00eda, donde se encuentra el cerro del Fuerte de San Jos\u00e9 el Alto, \u201csin que se requiera afectar las propiedades situadas del otro lado de la v\u00eda\u201d, dice el comunicado.<\/p>\n<p>Fonatur asegura en el comunicado que compensar\u00e1 de manera justa y adecuada a todas las familias de Campeche que resulten con su predio impactado como consecuencia de estas obras; por lo cual encarg\u00f3 al Programa de Naciones Unidas para los Asentamientos Humanos, ONU-H\u00e1bitat, la elaboraci\u00f3n de un Protocolo de Relocalizaci\u00f3n Consensuada.<\/p>\n<p> El cumplimiento de este Protocolo por parte de Fonatur y de las autoridades competentes conlleva que no haya ning\u00fan desalojo forzoso y que las familias participen en la toma de decisiones durante todo el proceso y puedan elegir la mejor opci\u00f3n.<\/p>\n<p><img loading=\"lazy\" decoding=\"async\" data-attachment-id=\"53864\" data-permalink=\"https:\/\/www.grieta.org.mx\/index.php\/2020\/09\/28\/no-vamos-a-dejar-nuestras-casas-por-el-tren-maya-pobladores-de-campeche-rechazan-reubicacion\/img_20200306_094940\/\" data-orig-file=\"https:\/\/www.grieta.org.mx\/wp-content\/uploads\/2020\/09\/IMG_20200306_094940-e1601430270729.jpg\" data-orig-size=\"800,1067\" data-comments-opened=\"0\" data-image-meta=\"{&quot;aperture&quot;:&quot;1.9&quot;,&quot;credit&quot;:&quot;&quot;,&quot;camera&quot;:&quot;SM-J700M&quot;,&quot;caption&quot;:&quot;&quot;,&quot;created_timestamp&quot;:&quot;1583488180&quot;,&quot;copyright&quot;:&quot;&quot;,&quot;focal_length&quot;:&quot;3.7&quot;,&quot;iso&quot;:&quot;40&quot;,&quot;shutter_speed&quot;:&quot;0.00089206066012489&quot;,&quot;title&quot;:&quot;&quot;,&quot;orientation&quot;:&quot;1&quot;}\" data-image-title=\"IMG_20200306_094940\" data-image-description=\"\" data-image-caption=\"\" data-medium-file=\"https:\/\/www.grieta.org.mx\/wp-content\/uploads\/2020\/09\/IMG_20200306_094940-225x300.jpg\" data-large-file=\"https:\/\/www.grieta.org.mx\/wp-content\/uploads\/2020\/09\/IMG_20200306_094940-768x1024.jpg\" src=\"http:\/\/www.grieta.org.mx\/wp-content\/uploads\/2020\/09\/IMG_20200306_094940-e1601430270729.jpg\" alt=\"\" width=\"800\" height=\"1067\" class=\"alignnone size-full wp-image-53864\" \/><br \/>\nJoaqu\u00edn Hidalgo Guti\u00e9rrez\/Cortes\u00eda<\/p>\n<p>Entre estas, dice el comunicado, destaca la compensaci\u00f3n econ\u00f3mica y asesor\u00eda para la construcci\u00f3n o ampliaci\u00f3n de un inmueble en el predio actual, fuera del derecho de v\u00eda, que podr\u00eda aplicarse en muchos de los casos si as\u00ed lo desean las familias. <\/p>\n<p>El protocolo hecho p\u00fablico por ONU-H\u00e1bitat considera la realizaci\u00f3n de un censo, para hacer un diagn\u00f3stico socio-territorial. <\/p>\n<p>Los vecinos entrevistados se quejaron de que la agencia de la ONU sigui\u00f3 adelante con las visitas a las casas en plena pandemia de COVID-19, aunque las autoridades federales determinaron que las encuestas y censos deb\u00edan parar (Art\u00edculo primero, p\u00e1rrafo Vll del Acuerdo por el que se establecen acciones extraordinarias para atender la emergencia sanitaria). <\/p>\n<p>En efecto, el 4 de abril ONU-H\u00e1bitat anunci\u00f3 que en coordinaci\u00f3n con el gobierno del estado y el municipio de Campeche, se realizar\u00edan del 13 al 20 de abril las entrevistas con vecinos, ya sea telef\u00f3nicas o presenciales, que residen junto a las v\u00edas del tren, en las colonias Camino Real, Bellavista, La Ermita y Santa Luc\u00eda.<\/p>\n<p>El trabajo de ONU-H\u00e1bitat ser\u00e1 solo de intermediario. La agencia dijo a Animal Pol\u00edtico que esta oficina de la ONU no determinar\u00e1n a donde se mudar\u00e1n las personas y solo facilitan las negociaciones, pero no las realiza. <\/p>\n<p>\u201cEl papel de ONU-Habitat es escuchar a las familias (entrevistarlas), recoger sus dudas, propuestas e intereses y asegurar que se respeten sus derechos antes, durante y despu\u00e9s de la relocalizaci\u00f3n a cargo de Fonatur. <\/p>\n<p>Respecto a qu\u00e9 pasar\u00e1 con las familias que no quieran mudarse, ONU- Habitat responde que \u201cen los casos en los que la relocalizaci\u00f3n consensuada no sea posible, los litigios se resolver\u00e1n a trav\u00e9s de las autoridades competentes, sin que la agencia de Naciones Unidas tengan ning\u00fan tipo de intervenci\u00f3n al respecto\u201d. <\/p>\n<p>Los vecinos inconformes con todo el procedimiento se agruparon en el colectivo \u201cLos tres barrios\u201d y el 17 de abril interpusieron un amparo contra el desalojo.<\/p>\n<p>Argumentando que por la pandemia solo se estaban admitiendo casos urgentes, el juzgado no quiso recibir el amparo, asegura Carlos Escoffi\u00e9, quien lleva la defensa de los vecinos inconformes. Tuvieron que recurrir entonces al recurso de queja ante el Tribunal Colegiado. <\/p>\n<p>Este \u00f3rgano les pidi\u00f3 que firmara la demanda no solo una persona, en representaci\u00f3n del resto, sino la totalidad de los que quisieran adherirse, y que adjuntaran identificaci\u00f3n oficial y comprobante de domicilio.<\/p>\n<p>\u201cFirmaron 226 vecinos de Camino Real, Santa Luc\u00eda y La Ermita\u201d, precisa Guadalupe Guti\u00e9rrez. Animal Pol\u00edtico tiene copia de la lista de esas firmas.<\/p>\n<p>Despu\u00e9s de este procedimiento, el 6 de mayo, el Juzgado Primero de Distrito con sede en Campeche otorg\u00f3 la suspensi\u00f3n provisional, pero no por la probable relocalizaci\u00f3n si no solo se pronunci\u00f3 por suspender el censo y las entrevistas presenciales que ya se estaban realizando. El censo continu\u00f3 por tel\u00e9fono. <\/p>\n<p> Qu\u00e9 piden los que se quieren ir <\/p>\n<p>El 30 de marzo, ONU-H\u00e1bitat hizo p\u00fablicos los primeros resultados de ese ejercicio. <\/p>\n<p>Hasta el momento, ONU-Habitat, dice el documento, ha contactado con un total de 119 personas (67 mujeres y 52 hombres) de los barrios de Camino Real, Santa Luc\u00eda y Bellavista. De ellas, un 84% asegura estar a favor de una posible relocalizaci\u00f3n, mientras que el 16% revela su disconformidad con esto.<\/p>\n<p>En una tarjeta informativa, Fonatur reconoce que \u201cexisten diversas tensiones debido al esclarecimiento del trazo definitivo y los procesos de indemnizaci\u00f3n\u201d.<\/p>\n<p>Asegura que las reubicaciones se realizar\u00e1n mediante el di\u00e1logo y contemplando en todo momento el bienestar de las personas. <\/p>\n<p> \u201cEn los casos en los que se requiera de procesos de reubicaci\u00f3n, se analizar\u00e1 caso por caso y se buscar\u00e1 que estos tengan como fin incrementar la calidad de vida de las personas. En los casos de invasiones a derechos de v\u00eda o bienes federales, se reconocer\u00e1 a aquellas familias que por necesidad hayan hecho su vida sobre estos terrenos\u201d. <\/p>\n<p>Entre quienes han expresado su opini\u00f3n a favor destaca la idea de que el Tren Maya supondr\u00e1 beneficios econ\u00f3micos para el estado de Campeche y mejorar\u00e1 las condiciones de vida de las familias, as\u00ed como su seguridad ante posibles descarrilamientos, seg\u00fan el informe.<\/p>\n<p>\u201cLlevo 39 a\u00f1os viviendo en Camino Real. Me duele tener que dejar mi casa. Compr\u00e9 la vivienda, puse mi negocio y vivo de las ventas, de la gente del barrio. Irme a otro lado es volver a empezar, pero estoy consciente de que es para la mejor\u00eda de Campeche, para la mejor\u00eda de nosotros mismos. El paso del tren rompe los vidrios de la casa y cuartea los techos. Corremos riesgo. Es mejor estar fuera de la v\u00eda\u201d, expresa, de acuerdo al informe de ONU-H\u00e1bitat M\u00e9xico, una de las vecinas.<\/p>\n<p>Otra de las razones para mudarse, se precisa en el documento, es la necesidad de ordenar la situaci\u00f3n jur\u00eddica de las viviendas, ya que algunas casas pertenecieron originalmente a una \u00fanica propiedad.<\/p>\n<p>En otros casos, se negocia la posibilidad de una permuta en otra ciudad: \u201cMe ofrecieron trabajo en Ciudad del Carmen, pero all\u00e1 la renta es m\u00e1s alta, el doble que ac\u00e1. Aunque pusimos en renta la casa, no nos alcanza. Para nosotros, la opci\u00f3n ser\u00eda una casa en Ciudad del Carmen\u201d, se asienta en otro de los testimonios del informe de ONU-H\u00e1bitat, aunque ninguno se acompa\u00f1a de nombre. <\/p>\n<p>Para dar su consentimiento a una relocalizaci\u00f3n, acota el informe, los vecinos entrevistados subrayan la necesidad de que se lleve a cabo una \u201cnegociaci\u00f3n justa\u201d, que excluya el traslado a casas de inter\u00e9s social retiradas de la zona -\u201cen la periferia\u201d- o la entrega de viviendas con un valor inferior al de la vivienda actual. <\/p>\n<p>Otra de las demandas contempla tener en cuenta necesidades espec\u00edficas de la poblaci\u00f3n, sobre todo, de quienes se desempe\u00f1an en la pesca y requieren movilizarse cerca del \u00e1rea tanto en los momentos de actividad pesquera, como para el resguardo de sus embarcaciones durante eventos meteorol\u00f3gicos.<\/p>\n<p><img loading=\"lazy\" decoding=\"async\" data-attachment-id=\"53865\" data-permalink=\"https:\/\/www.grieta.org.mx\/index.php\/2020\/09\/28\/no-vamos-a-dejar-nuestras-casas-por-el-tren-maya-pobladores-de-campeche-rechazan-reubicacion\/5-33\/\" data-orig-file=\"https:\/\/www.grieta.org.mx\/wp-content\/uploads\/2020\/09\/5-1-e1601430431218.jpg\" data-orig-size=\"800,1041\" data-comments-opened=\"0\" data-image-meta=\"{&quot;aperture&quot;:&quot;0&quot;,&quot;credit&quot;:&quot;&quot;,&quot;camera&quot;:&quot;&quot;,&quot;caption&quot;:&quot;&quot;,&quot;created_timestamp&quot;:&quot;0&quot;,&quot;copyright&quot;:&quot;&quot;,&quot;focal_length&quot;:&quot;0&quot;,&quot;iso&quot;:&quot;0&quot;,&quot;shutter_speed&quot;:&quot;0&quot;,&quot;title&quot;:&quot;&quot;,&quot;orientation&quot;:&quot;1&quot;}\" data-image-title=\"5\" data-image-description=\"\" data-image-caption=\"\" data-medium-file=\"https:\/\/www.grieta.org.mx\/wp-content\/uploads\/2020\/09\/5-1-231x300.jpg\" data-large-file=\"https:\/\/www.grieta.org.mx\/wp-content\/uploads\/2020\/09\/5-1-787x1024.jpg\" src=\"http:\/\/www.grieta.org.mx\/wp-content\/uploads\/2020\/09\/5-1-e1601430431218.jpg\" alt=\"\" width=\"800\" height=\"1041\" class=\"alignnone size-full wp-image-53865\" \/><br \/>\nJoaqu\u00edn Hidalgo Guti\u00e9rrez\/Cortes\u00eda<\/p>\n<p>Cuando las condiciones  sanitarias lo permitan, se\u00f1ala el documento, aplicando los protocolos  sanitarios realizados por Fonatur y verificados por la Secretar\u00eda del Trabajo, ONU-Habitat organizar\u00e1 asambleas informativas con las familias que residen a lo largo de la v\u00eda del tren. <\/p>\n<p>Tambi\u00e9n continuar\u00e1 las entrevistas con vecinos sobre las caracter\u00edsticas de las viviendas y las condiciones socioecon\u00f3micas de quienes viven en ellas, as\u00ed como su disponibilidad a aceptar el proceso de relocalizaci\u00f3n y, en dado caso, sus preferencias entre las diferentes opciones que cada grupo familiar proponga, para que Fonatur pueda implementarlas.<\/p>\n<p>El 6 de agosto, la defensa de los vecinos present\u00f3 una ampliaci\u00f3n de la demanda de amparo presentada en abril, esta vez pidiendo que se mueva el trazo del tren y no se inicien los trabajos en la zona que abarca los tres barrios, explica Escoffi\u00e9.<\/p>\n<p>El juez admiti\u00f3 el amparo el 25 de agosto, pero evit\u00f3 pronunciarse por si dar\u00eda la suspensi\u00f3n o no<\/p>\n<p>Hasta ahora, se\u00f1ala Carlos Escoffi\u00e9, abogado de los afectados, \u201clas familias est\u00e1n en la incertidumbre y el miedo al desalojo porque no se les ha dicho de forma clara qui\u00e9n ser\u00edan reubicados ni d\u00f3nde ni c\u00f3mo\u201d.<\/p>\n<p>El proceso, se\u00f1ala la tarjeta de Fonatur, se mantiene en la etapa de censo. La hoja de ruta ser\u00e1 anunciada en los siguientes meses. Y subraya que ONU-Habitat est\u00e1 brindando la asesor\u00eda t\u00e9cnica y trae consigo las mejores pr\u00e1cticas internacionales. <\/p>\n<p><a href=\"https:\/\/www.animalpolitico.com\/2020\/09\/casas-tren-maya-pobladores-reubicacion\/\" rel=\"noopener noreferrer\" target=\"_blank\">https:\/\/www.animalpolitico.com\/2020\/09\/casas-tren-maya-pobladores-reubicacion\/<\/a><\/p>\n","protected":false},"excerpt":{"rendered":"<p>Andrea Vega \/ Animal Pol\u00edtico El plan de las autoridades para que el Tren Maya cruce Campeche es reubicar a familias que habitan muy cerca de las v\u00edas de lo &hellip; <a href=\"https:\/\/www.grieta.org.mx\/index.php\/2020\/09\/28\/no-vamos-a-dejar-nuestras-casas-por-el-tren-maya-pobladores-de-campeche-rechazan-reubicacion\/\" class=\"more-link\">Leer m\u00e1s<\/a><\/p>\n","protected":false},"author":2,"featured_media":53861,"comment_status":"closed","ping_status":"closed","sticky":false,"template":"","format":"standard","meta":{"ngg_post_thumbnail":0,"_jetpack_newsletter_access":"","_jetpack_dont_email_post_to_subs":false,"_jetpack_newsletter_tier_id":0,"_jetpack_memberships_contains_paywalled_content":false,"_jetpack_memberships_contains_paid_content":false,"footnotes":""},"categories":[11,80,3,922,926,944,952,2,28,1876,1877,1875,2026,36],"tags":[3337,1878],"class_list":["post-53860","post","type-post","status-publish","format-standard","has-post-thumbnail","hentry","category-campeche","category-cintillo","category-megaproyectos","category-megaproyectos-estados","category-mp-campeche","category-mp-quintana-roo","category-mp-yucatan","category-noticias-nacionales","category-quintana-roo","category-resistencia-al-tren-maya-en-la-peninsula-de-yucatan-quintana-roo","category-resistencia-al-tren-maya-en-la-peninsula-de-yucatan-campeche","category-resistencia-al-tren-maya-en-la-peninsula-de-yucatan","category-tren-maya","category-yucatan","tag-reubicacion","tag-tren-maya","entry"],"jetpack_featured_media_url":"https:\/\/www.grieta.org.mx\/wp-content\/uploads\/2020\/09\/tren-maya-pobladores-campeche-casas-e1601429918234.jpg","jetpack_sharing_enabled":true,"jetpack_shortlink":"https:\/\/wp.me\/p7ZJR4-e0I","jetpack_likes_enabled":false,"jetpack-related-posts":[{"id":47874,"url":"https:\/\/www.grieta.org.mx\/index.php\/2020\/04\/13\/las-vias-torcidas-del-tren-maya-video\/","url_meta":{"origin":53860,"position":0},"title":"Las v\u00edas torcidas del tren maya (Video)","author":"grieta","date":"13 abril, 2020","format":false,"excerpt":"https:\/\/www.youtube.com\/watch?v=k8FRX9eT0YY","rel":"","context":"En &quot;16. Pueblo Maya&quot;","block_context":{"text":"16. Pueblo Maya","link":"https:\/\/www.grieta.org.mx\/index.php\/category\/espejos-de-la-resistencia\/16-pueblo-maya\/"},"img":{"alt_text":"","src":"https:\/\/i0.wp.com\/www.grieta.org.mx\/wp-content\/uploads\/2020\/04\/ViasTorcidasTrenMaya.png?resize=350%2C200&ssl=1","width":350,"height":200,"srcset":"https:\/\/i0.wp.com\/www.grieta.org.mx\/wp-content\/uploads\/2020\/04\/ViasTorcidasTrenMaya.png?resize=350%2C200&ssl=1 1x, https:\/\/i0.wp.com\/www.grieta.org.mx\/wp-content\/uploads\/2020\/04\/ViasTorcidasTrenMaya.png?resize=525%2C300&ssl=1 1.5x, https:\/\/i0.wp.com\/www.grieta.org.mx\/wp-content\/uploads\/2020\/04\/ViasTorcidasTrenMaya.png?resize=700%2C400&ssl=1 2x"},"classes":[]},{"id":35945,"url":"https:\/\/www.grieta.org.mx\/index.php\/2019\/07\/05\/expansion-de-megaproyectos-en-la-peninsula-de-yucatan-video\/","url_meta":{"origin":53860,"position":1},"title":"Expansi\u00f3n de Megaproyectos en la Pen\u00ednsula de Yucat\u00e1n (Video)","author":"grieta","date":"5 julio, 2019","format":false,"excerpt":"https:\/\/youtu.be\/qLBARIAaBsI","rel":"","context":"En &quot;Campeche&quot;","block_context":{"text":"Campeche","link":"https:\/\/www.grieta.org.mx\/index.php\/category\/noticias-nacionales\/campeche\/"},"img":{"alt_text":"","src":"https:\/\/i0.wp.com\/img.youtube.com\/vi\/qLBARIAaBsI\/0.jpg?resize=350%2C200","width":350,"height":200},"classes":[]},{"id":49173,"url":"https:\/\/www.grieta.org.mx\/index.php\/2020\/05\/11\/suspenden-reubicacion-de-pobladores-de-campeche-por-el-tren-maya\/","url_meta":{"origin":53860,"position":2},"title":"Suspenden reubicaci\u00f3n de pobladores de Campeche por el Tren Maya","author":"grieta","date":"11 mayo, 2020","format":false,"excerpt":"Informe Fracto La medida es temporal y el pr\u00f3ximo 15 de junio el Juzgado Primero de Distrito de Campeche deber\u00e1 decidir si la mantiene. El proceso de reubicaci\u00f3n de pobladores de la ciudad de Campeche por el proyecto del Tren Maya ser\u00e1 suspendido durante la contingencia del COVID-19 (coronavirus), inform\u00f3\u2026","rel":"","context":"En &quot;Campeche&quot;","block_context":{"text":"Campeche","link":"https:\/\/www.grieta.org.mx\/index.php\/category\/noticias-nacionales\/campeche\/"},"img":{"alt_text":"","src":"https:\/\/i0.wp.com\/www.grieta.org.mx\/wp-content\/uploads\/2020\/05\/ruta-del-tren-maya-especial-1_0_21_677_421-e1589495660951.jpeg?resize=350%2C200&ssl=1","width":350,"height":200,"srcset":"https:\/\/i0.wp.com\/www.grieta.org.mx\/wp-content\/uploads\/2020\/05\/ruta-del-tren-maya-especial-1_0_21_677_421-e1589495660951.jpeg?resize=350%2C200&ssl=1 1x, https:\/\/i0.wp.com\/www.grieta.org.mx\/wp-content\/uploads\/2020\/05\/ruta-del-tren-maya-especial-1_0_21_677_421-e1589495660951.jpeg?resize=525%2C300&ssl=1 1.5x, https:\/\/i0.wp.com\/www.grieta.org.mx\/wp-content\/uploads\/2020\/05\/ruta-del-tren-maya-especial-1_0_21_677_421-e1589495660951.jpeg?resize=700%2C400&ssl=1 2x"},"classes":[]},{"id":53770,"url":"https:\/\/www.grieta.org.mx\/index.php\/2020\/09\/22\/tal-como-advirtieron-arqueologos-tren-maya-podria-danar-vestigios-y-zonas-arqueologicas-detienen-obras-en-campeche-por-hallazgo\/","url_meta":{"origin":53860,"position":3},"title":"Tal como advirtieron arque\u00f3logos, Tren Maya podr\u00eda da\u00f1ar vestigios y zonas arqueol\u00f3gicas; detienen obras en Campeche por hallazgo","author":"grieta","date":"22 septiembre, 2020","format":false,"excerpt":"Itzel Chan \/ Noticaribe M\u00c9RIDA, MX.- Tal como han expuesto m\u00e1s de 100 arque\u00f3logos, acad\u00e9micos e investigadores de M\u00e9xico, Brasil, Canad\u00e1, Estados Unidos y otros pa\u00edses sobre el riesgo que existe de que el Tren Maya podr\u00eda destruir algunos monumentos arqueol\u00f3gicos, recientemente fueron canceladas las obras en Campeche, debido a\u2026","rel":"","context":"En &quot;Campeche&quot;","block_context":{"text":"Campeche","link":"https:\/\/www.grieta.org.mx\/index.php\/category\/noticias-nacionales\/campeche\/"},"img":{"alt_text":"","src":"https:\/\/i0.wp.com\/www.grieta.org.mx\/wp-content\/uploads\/2020\/09\/TrenViasCampeche-e1600970198628.png?resize=350%2C200&ssl=1","width":350,"height":200,"srcset":"https:\/\/i0.wp.com\/www.grieta.org.mx\/wp-content\/uploads\/2020\/09\/TrenViasCampeche-e1600970198628.png?resize=350%2C200&ssl=1 1x, https:\/\/i0.wp.com\/www.grieta.org.mx\/wp-content\/uploads\/2020\/09\/TrenViasCampeche-e1600970198628.png?resize=525%2C300&ssl=1 1.5x, https:\/\/i0.wp.com\/www.grieta.org.mx\/wp-content\/uploads\/2020\/09\/TrenViasCampeche-e1600970198628.png?resize=700%2C400&ssl=1 2x"},"classes":[]},{"id":42990,"url":"https:\/\/www.grieta.org.mx\/index.php\/2020\/01\/09\/no-habra-indemnizacion-para-pobladores-de-china-solo-titulos-de-propiedad-campeche\/","url_meta":{"origin":53860,"position":4},"title":"No habr\u00e1 indemnizaci\u00f3n para pobladores de Chin\u00e1, s\u00f3lo t\u00edtulos de propiedad (Campeche)","author":"grieta","date":"9 enero, 2020","format":false,"excerpt":"Jairo Maga\u00f1a \/Foto: Fernando Eloy \/ La Jornada Maya San Francisco Maga\u00f1a Pobladores de Chin\u00e1, Campeche, manifestaron su inconformidad ante el proyecto del Tren Maya debido a que a\u00fan no saben cu\u00e1l ser\u00e1 el procedimiento respecto a los que podr\u00edan ser desalojados, si habr\u00e1 indemnizaci\u00f3n y que pasar\u00e1 con los\u2026","rel":"","context":"En &quot;Campeche&quot;","block_context":{"text":"Campeche","link":"https:\/\/www.grieta.org.mx\/index.php\/category\/noticias-nacionales\/campeche\/"},"img":{"alt_text":"","src":"https:\/\/i0.wp.com\/www.grieta.org.mx\/wp-content\/uploads\/2020\/01\/TrenMallaChina.jpg?resize=350%2C200&ssl=1","width":350,"height":200,"srcset":"https:\/\/i0.wp.com\/www.grieta.org.mx\/wp-content\/uploads\/2020\/01\/TrenMallaChina.jpg?resize=350%2C200&ssl=1 1x, https:\/\/i0.wp.com\/www.grieta.org.mx\/wp-content\/uploads\/2020\/01\/TrenMallaChina.jpg?resize=525%2C300&ssl=1 1.5x"},"classes":[]},{"id":45360,"url":"https:\/\/www.grieta.org.mx\/index.php\/2020\/02\/27\/no-estamos-peleando-la-suspension-provisional-del-tren-maya-sino-la-definitiva-cruz-rueda\/","url_meta":{"origin":53860,"position":5},"title":"&#8220;No estamos peleando la suspensi\u00f3n provisional del Tren Maya, sino la definitiva&#8221;: Cruz Rueda","author":"grieta","date":"27 febrero, 2020","format":false,"excerpt":"Impugnaci\u00f3n de Presidencia \"no nos quita el sue\u00f1o\" Abraham Bote \/Foto: Tomada de Twitter \/La Jornada Maya M\u00e9rida, Yucat\u00e1n Respecto a la impugnaci\u00f3n que realiz\u00f3 la Presidencia de la Rep\u00fablica y el apoderado de la Naci\u00f3n Financiera (Nafin), contra la suspensi\u00f3n provisional del proyecto de Tren Maya, la asesora jur\u00eddica\u2026","rel":"","context":"En &quot;16. Pueblo Maya&quot;","block_context":{"text":"16. Pueblo Maya","link":"https:\/\/www.grieta.org.mx\/index.php\/category\/espejos-de-la-resistencia\/16-pueblo-maya\/"},"img":{"alt_text":"","src":"https:\/\/i0.wp.com\/www.grieta.org.mx\/wp-content\/uploads\/2020\/02\/TrenMallaCampeche.png?resize=350%2C200&ssl=1","width":350,"height":200,"srcset":"https:\/\/i0.wp.com\/www.grieta.org.mx\/wp-content\/uploads\/2020\/02\/TrenMallaCampeche.png?resize=350%2C200&ssl=1 1x, https:\/\/i0.wp.com\/www.grieta.org.mx\/wp-content\/uploads\/2020\/02\/TrenMallaCampeche.png?resize=525%2C300&ssl=1 1.5x, https:\/\/i0.wp.com\/www.grieta.org.mx\/wp-content\/uploads\/2020\/02\/TrenMallaCampeche.png?resize=700%2C400&ssl=1 2x"},"classes":[]}],"_links":{"self":[{"href":"https:\/\/www.grieta.org.mx\/index.php\/wp-json\/wp\/v2\/posts\/53860","targetHints":{"allow":["GET"]}}],"collection":[{"href":"https:\/\/www.grieta.org.mx\/index.php\/wp-json\/wp\/v2\/posts"}],"about":[{"href":"https:\/\/www.grieta.org.mx\/index.php\/wp-json\/wp\/v2\/types\/post"}],"author":[{"embeddable":true,"href":"https:\/\/www.grieta.org.mx\/index.php\/wp-json\/wp\/v2\/users\/2"}],"replies":[{"embeddable":true,"href":"https:\/\/www.grieta.org.mx\/index.php\/wp-json\/wp\/v2\/comments?post=53860"}],"version-history":[{"count":1,"href":"https:\/\/www.grieta.org.mx\/index.php\/wp-json\/wp\/v2\/posts\/53860\/revisions"}],"predecessor-version":[{"id":53866,"href":"https:\/\/www.grieta.org.mx\/index.php\/wp-json\/wp\/v2\/posts\/53860\/revisions\/53866"}],"wp:featuredmedia":[{"embeddable":true,"href":"https:\/\/www.grieta.org.mx\/index.php\/wp-json\/wp\/v2\/media\/53861"}],"wp:attachment":[{"href":"https:\/\/www.grieta.org.mx\/index.php\/wp-json\/wp\/v2\/media?parent=53860"}],"wp:term":[{"taxonomy":"category","embeddable":true,"href":"https:\/\/www.grieta.org.mx\/index.php\/wp-json\/wp\/v2\/categories?post=53860"},{"taxonomy":"post_tag","embeddable":true,"href":"https:\/\/www.grieta.org.mx\/index.php\/wp-json\/wp\/v2\/tags?post=53860"}],"curies":[{"name":"wp","href":"https:\/\/api.w.org\/{rel}","templated":true}]}}