{"id":53843,"date":"2020-09-28T21:53:59","date_gmt":"2020-09-29T02:53:59","guid":{"rendered":"http:\/\/www.grieta.org.mx\/?p=53843"},"modified":"2020-09-28T21:53:59","modified_gmt":"2020-09-29T02:53:59","slug":"marchan-feministas-en-oaxaca-para-exigir-aborto-seguro-y-gratuito","status":"publish","type":"post","link":"https:\/\/www.grieta.org.mx\/index.php\/2020\/09\/28\/marchan-feministas-en-oaxaca-para-exigir-aborto-seguro-y-gratuito\/","title":{"rendered":"Marchan feministas en Oaxaca para exigir aborto seguro y gratuito"},"content":{"rendered":"<p>Noticias \/ Ana Lilia.<\/p>\n<p><img loading=\"lazy\" decoding=\"async\" data-attachment-id=\"53844\" data-permalink=\"https:\/\/www.grieta.org.mx\/index.php\/2020\/09\/28\/marchan-feministas-en-oaxaca-para-exigir-aborto-seguro-y-gratuito\/1-99\/\" data-orig-file=\"https:\/\/www.grieta.org.mx\/wp-content\/uploads\/2020\/09\/1-1.jpeg\" data-orig-size=\"1144,645\" data-comments-opened=\"0\" data-image-meta=\"{&quot;aperture&quot;:&quot;0&quot;,&quot;credit&quot;:&quot;&quot;,&quot;camera&quot;:&quot;&quot;,&quot;caption&quot;:&quot;&quot;,&quot;created_timestamp&quot;:&quot;0&quot;,&quot;copyright&quot;:&quot;&quot;,&quot;focal_length&quot;:&quot;0&quot;,&quot;iso&quot;:&quot;0&quot;,&quot;shutter_speed&quot;:&quot;0&quot;,&quot;title&quot;:&quot;&quot;,&quot;orientation&quot;:&quot;0&quot;}\" data-image-title=\"1\" data-image-description=\"\" data-image-caption=\"\" data-medium-file=\"https:\/\/www.grieta.org.mx\/wp-content\/uploads\/2020\/09\/1-1-300x169.jpeg\" data-large-file=\"https:\/\/www.grieta.org.mx\/wp-content\/uploads\/2020\/09\/1-1-1024x577.jpeg\" class=\"alignnone wp-image-53844\" src=\"http:\/\/www.grieta.org.mx\/wp-content\/uploads\/2020\/09\/1-1.jpeg\" alt=\"\" width=\"800\" height=\"451\" srcset=\"https:\/\/www.grieta.org.mx\/wp-content\/uploads\/2020\/09\/1-1.jpeg 1144w, https:\/\/www.grieta.org.mx\/wp-content\/uploads\/2020\/09\/1-1-300x169.jpeg 300w, https:\/\/www.grieta.org.mx\/wp-content\/uploads\/2020\/09\/1-1-1024x577.jpeg 1024w, https:\/\/www.grieta.org.mx\/wp-content\/uploads\/2020\/09\/1-1-768x433.jpeg 768w, https:\/\/www.grieta.org.mx\/wp-content\/uploads\/2020\/09\/1-1-887x500.jpeg 887w\" sizes=\"auto, (max-width: 800px) 100vw, 800px\" \/><br \/>\nCortes\u00eda.<\/p>\n<p>Este lunes, en el D\u00eda de Acci\u00f3n Global por el Acceso al Aborto Legal y Seguro, se concentraron feministas en la fuente de las 8 Regiones, en la colonia Reforma de la capital oaxaque\u00f1a, para salir en una marcha, esto con el objetivo de demandar al Congreso local modificar el art\u00edculo 12 constitucional y reformas a la Ley de Salud, para garantizar el acceso seguro y gratuito al aborto.<\/p>\n<p><img loading=\"lazy\" decoding=\"async\" data-attachment-id=\"53845\" data-permalink=\"https:\/\/www.grieta.org.mx\/index.php\/2020\/09\/28\/marchan-feministas-en-oaxaca-para-exigir-aborto-seguro-y-gratuito\/2-67\/\" data-orig-file=\"https:\/\/www.grieta.org.mx\/wp-content\/uploads\/2020\/09\/2.jpeg\" data-orig-size=\"1040,520\" data-comments-opened=\"0\" data-image-meta=\"{&quot;aperture&quot;:&quot;0&quot;,&quot;credit&quot;:&quot;&quot;,&quot;camera&quot;:&quot;&quot;,&quot;caption&quot;:&quot;&quot;,&quot;created_timestamp&quot;:&quot;0&quot;,&quot;copyright&quot;:&quot;&quot;,&quot;focal_length&quot;:&quot;0&quot;,&quot;iso&quot;:&quot;0&quot;,&quot;shutter_speed&quot;:&quot;0&quot;,&quot;title&quot;:&quot;&quot;,&quot;orientation&quot;:&quot;0&quot;}\" data-image-title=\"2\" data-image-description=\"\" data-image-caption=\"\" data-medium-file=\"https:\/\/www.grieta.org.mx\/wp-content\/uploads\/2020\/09\/2-300x150.jpeg\" data-large-file=\"https:\/\/www.grieta.org.mx\/wp-content\/uploads\/2020\/09\/2-1024x512.jpeg\" class=\"alignnone wp-image-53845\" src=\"http:\/\/www.grieta.org.mx\/wp-content\/uploads\/2020\/09\/2.jpeg\" alt=\"\" width=\"800\" height=\"400\" srcset=\"https:\/\/www.grieta.org.mx\/wp-content\/uploads\/2020\/09\/2.jpeg 1040w, https:\/\/www.grieta.org.mx\/wp-content\/uploads\/2020\/09\/2-300x150.jpeg 300w, https:\/\/www.grieta.org.mx\/wp-content\/uploads\/2020\/09\/2-1024x512.jpeg 1024w, https:\/\/www.grieta.org.mx\/wp-content\/uploads\/2020\/09\/2-768x384.jpeg 768w, https:\/\/www.grieta.org.mx\/wp-content\/uploads\/2020\/09\/2-1000x500.jpeg 1000w\" sizes=\"auto, (max-width: 800px) 100vw, 800px\" \/><\/p>\n<p>Poco despu\u00e9s de las cinco de la tarde, el colectivo parti\u00f3 con destino a la Secretar\u00eda de las Mujeres de Oaxaca (SMO), pasando por la Calzada Porfirio D\u00edaz donde hicieron pintas y rompieron vidrios de algunos comercios.<\/p>\n<p><img loading=\"lazy\" decoding=\"async\" data-attachment-id=\"53846\" data-permalink=\"https:\/\/www.grieta.org.mx\/index.php\/2020\/09\/28\/marchan-feministas-en-oaxaca-para-exigir-aborto-seguro-y-gratuito\/3-49\/\" data-orig-file=\"https:\/\/www.grieta.org.mx\/wp-content\/uploads\/2020\/09\/3.jpeg\" data-orig-size=\"1040,780\" data-comments-opened=\"0\" data-image-meta=\"{&quot;aperture&quot;:&quot;0&quot;,&quot;credit&quot;:&quot;&quot;,&quot;camera&quot;:&quot;&quot;,&quot;caption&quot;:&quot;&quot;,&quot;created_timestamp&quot;:&quot;0&quot;,&quot;copyright&quot;:&quot;&quot;,&quot;focal_length&quot;:&quot;0&quot;,&quot;iso&quot;:&quot;0&quot;,&quot;shutter_speed&quot;:&quot;0&quot;,&quot;title&quot;:&quot;&quot;,&quot;orientation&quot;:&quot;0&quot;}\" data-image-title=\"3\" data-image-description=\"\" data-image-caption=\"\" data-medium-file=\"https:\/\/www.grieta.org.mx\/wp-content\/uploads\/2020\/09\/3-300x225.jpeg\" data-large-file=\"https:\/\/www.grieta.org.mx\/wp-content\/uploads\/2020\/09\/3-1024x768.jpeg\" class=\"alignnone wp-image-53846\" src=\"http:\/\/www.grieta.org.mx\/wp-content\/uploads\/2020\/09\/3.jpeg\" alt=\"\" width=\"800\" height=\"600\" srcset=\"https:\/\/www.grieta.org.mx\/wp-content\/uploads\/2020\/09\/3.jpeg 1040w, https:\/\/www.grieta.org.mx\/wp-content\/uploads\/2020\/09\/3-300x225.jpeg 300w, https:\/\/www.grieta.org.mx\/wp-content\/uploads\/2020\/09\/3-1024x768.jpeg 1024w, https:\/\/www.grieta.org.mx\/wp-content\/uploads\/2020\/09\/3-768x576.jpeg 768w, https:\/\/www.grieta.org.mx\/wp-content\/uploads\/2020\/09\/3-667x500.jpeg 667w\" sizes=\"auto, (max-width: 800px) 100vw, 800px\" \/><\/p>\n<p><img loading=\"lazy\" decoding=\"async\" data-attachment-id=\"53847\" data-permalink=\"https:\/\/www.grieta.org.mx\/index.php\/2020\/09\/28\/marchan-feministas-en-oaxaca-para-exigir-aborto-seguro-y-gratuito\/4-47\/\" data-orig-file=\"https:\/\/www.grieta.org.mx\/wp-content\/uploads\/2020\/09\/4.jpeg\" data-orig-size=\"1040,780\" data-comments-opened=\"0\" data-image-meta=\"{&quot;aperture&quot;:&quot;0&quot;,&quot;credit&quot;:&quot;&quot;,&quot;camera&quot;:&quot;&quot;,&quot;caption&quot;:&quot;&quot;,&quot;created_timestamp&quot;:&quot;0&quot;,&quot;copyright&quot;:&quot;&quot;,&quot;focal_length&quot;:&quot;0&quot;,&quot;iso&quot;:&quot;0&quot;,&quot;shutter_speed&quot;:&quot;0&quot;,&quot;title&quot;:&quot;&quot;,&quot;orientation&quot;:&quot;0&quot;}\" data-image-title=\"4\" data-image-description=\"\" data-image-caption=\"\" data-medium-file=\"https:\/\/www.grieta.org.mx\/wp-content\/uploads\/2020\/09\/4-300x225.jpeg\" data-large-file=\"https:\/\/www.grieta.org.mx\/wp-content\/uploads\/2020\/09\/4-1024x768.jpeg\" class=\"alignnone wp-image-53847\" src=\"http:\/\/www.grieta.org.mx\/wp-content\/uploads\/2020\/09\/4.jpeg\" alt=\"\" width=\"800\" height=\"600\" srcset=\"https:\/\/www.grieta.org.mx\/wp-content\/uploads\/2020\/09\/4.jpeg 1040w, https:\/\/www.grieta.org.mx\/wp-content\/uploads\/2020\/09\/4-300x225.jpeg 300w, https:\/\/www.grieta.org.mx\/wp-content\/uploads\/2020\/09\/4-1024x768.jpeg 1024w, https:\/\/www.grieta.org.mx\/wp-content\/uploads\/2020\/09\/4-768x576.jpeg 768w, https:\/\/www.grieta.org.mx\/wp-content\/uploads\/2020\/09\/4-667x500.jpeg 667w\" sizes=\"auto, (max-width: 800px) 100vw, 800px\" \/><\/p>\n<p>Al arribar al edificio de la SMO ubicado sobre la calle Heroica Escuela Naval Militar, las participantes de la marcha rompieron los vidrios y quemaron documentos y equipos de c\u00f3mputo; esta misma acci\u00f3n la realizaron en las oficinas de Instituto Nacional de Geograf\u00eda y Estad\u00edstica (Inegi) y en el Instituto Catastral del Estado De Oaxaca y Secretar\u00eda de Salud.<\/p>\n<p>Cabe destacar que el pasado 25 de septiembre de 2019 se aprob\u00f3 la interrupci\u00f3n legal del embarazo hasta antes de la semana 12 de gestaci\u00f3n mediante la reforma al C\u00f3digo Penal; no obstante, el colectivo feminista se\u00f1al\u00f3 que a\u00fan quedan pendientes por atender.<\/p>\n<p><a href=\"https:\/\/www.nvinoticias.com\/nota\/161535\/marchan-feministas-en-oaxaca-para-exigir-aborto-seguro-y-gratuito\" target=\"_blank\" rel=\"noopener noreferrer\">https:\/\/www.nvinoticias.com\/nota\/161535\/marchan-feministas-en-oaxaca-para-exigir-aborto-seguro-y-gratuito<\/a><\/p>\n","protected":false},"excerpt":{"rendered":"<p>Noticias \/ Ana Lilia. Cortes\u00eda. Este lunes, en el D\u00eda de Acci\u00f3n Global por el Acceso al Aborto Legal y Seguro, se concentraron feministas en la fuente de las 8 &hellip; <a href=\"https:\/\/www.grieta.org.mx\/index.php\/2020\/09\/28\/marchan-feministas-en-oaxaca-para-exigir-aborto-seguro-y-gratuito\/\" class=\"more-link\">Leer m\u00e1s<\/a><\/p>\n","protected":false},"author":2,"featured_media":53844,"comment_status":"closed","ping_status":"closed","sticky":false,"template":"","format":"standard","meta":{"ngg_post_thumbnail":0,"_jetpack_newsletter_access":"","_jetpack_dont_email_post_to_subs":false,"_jetpack_newsletter_tier_id":0,"_jetpack_memberships_contains_paywalled_content":false,"_jetpack_memberships_contains_paid_content":false,"footnotes":""},"categories":[80,3163,2,25],"tags":[],"class_list":["post-53843","post","type-post","status-publish","format-standard","has-post-thumbnail","hentry","category-cintillo","category-la-lucha-de-las-mujeres-en-oaxaca","category-noticias-nacionales","category-oaxaca","entry"],"jetpack_featured_media_url":"https:\/\/www.grieta.org.mx\/wp-content\/uploads\/2020\/09\/1-1.jpeg","jetpack_sharing_enabled":true,"jetpack_shortlink":"https:\/\/wp.me\/p7ZJR4-e0r","jetpack_likes_enabled":false,"jetpack-related-posts":[{"id":53872,"url":"https:\/\/www.grieta.org.mx\/index.php\/2020\/09\/28\/feministas-marchan-a-un-ano-de-la-despenalizacion-del-aborto-en-oaxaca\/","url_meta":{"origin":53843,"position":0},"title":"Feministas marchan a un a\u00f1o de la despenalizaci\u00f3n del aborto en Oaxaca","author":"grieta","date":"28 septiembre, 2020","format":false,"excerpt":"P\u00e1gina 3 \/ Pedro Mat\u00edas. OAXACA, Oax.- A un a\u00f1o de la despenalizaci\u00f3n del aborto en Oaxaca, el colectivo de feministas Marea Verde realiz\u00f3 una marcha separatista. Partieron de la fuente de las Ocho Regiones y caminaron la calzada Porfirio D\u00edaz para exigir que \u201cnuestro derecho a decidir sea respetado\u201d.\u2026","rel":"","context":"En &quot;CINTILLO&quot;","block_context":{"text":"CINTILLO","link":"https:\/\/www.grieta.org.mx\/index.php\/category\/cintillo\/"},"img":{"alt_text":"","src":"https:\/\/i0.wp.com\/www.grieta.org.mx\/wp-content\/uploads\/2020\/09\/x.jpeg?resize=350%2C200&ssl=1","width":350,"height":200,"srcset":"https:\/\/i0.wp.com\/www.grieta.org.mx\/wp-content\/uploads\/2020\/09\/x.jpeg?resize=350%2C200&ssl=1 1x, https:\/\/i0.wp.com\/www.grieta.org.mx\/wp-content\/uploads\/2020\/09\/x.jpeg?resize=525%2C300&ssl=1 1.5x, https:\/\/i0.wp.com\/www.grieta.org.mx\/wp-content\/uploads\/2020\/09\/x.jpeg?resize=700%2C400&ssl=1 2x"},"classes":[]},{"id":54060,"url":"https:\/\/www.grieta.org.mx\/index.php\/2020\/09\/28\/que-nuestro-derecho-a-decidir-sea-respetado-mujeres-en-oaxaca\/","url_meta":{"origin":53843,"position":1},"title":"\u201cQue nuestro derecho a decidir sea respetado\u201d: mujeres en Oaxaca","author":"grieta","date":"28 septiembre, 2020","format":false,"excerpt":"Proceso \/ Pedro Mat\u00edas. Protesta de mujeres en Oaxaca. Foto: Twitter @ManoVuelta_AC. OAXACA, Oax. (apro).- A un a\u00f1o de la despenalizaci\u00f3n del aborto en Oaxaca, el colectivo feministas Marea Verde realiz\u00f3 una marcha en esta ciudad para exigir \u201cque nuestro derecho a decidir sea respetado\u201d. Con el lema \u201cPor el\u2026","rel":"","context":"En &quot;CINTILLO&quot;","block_context":{"text":"CINTILLO","link":"https:\/\/www.grieta.org.mx\/index.php\/category\/cintillo\/"},"img":{"alt_text":"","src":"https:\/\/i0.wp.com\/www.grieta.org.mx\/wp-content\/uploads\/2020\/10\/1-2.jpg?resize=350%2C200&ssl=1","width":350,"height":200,"srcset":"https:\/\/i0.wp.com\/www.grieta.org.mx\/wp-content\/uploads\/2020\/10\/1-2.jpg?resize=350%2C200&ssl=1 1x, https:\/\/i0.wp.com\/www.grieta.org.mx\/wp-content\/uploads\/2020\/10\/1-2.jpg?resize=525%2C300&ssl=1 1.5x, https:\/\/i0.wp.com\/www.grieta.org.mx\/wp-content\/uploads\/2020\/10\/1-2.jpg?resize=700%2C400&ssl=1 2x"},"classes":[]},{"id":67035,"url":"https:\/\/www.grieta.org.mx\/index.php\/2023\/06\/09\/legislatura-y-gobierno-limitan-el-acceso-al-aborto-seguro-en-oaxaca\/","url_meta":{"origin":53843,"position":2},"title":"Legislatura y gobierno limitan el acceso al aborto seguro en Oaxaca","author":"grieta","date":"9 junio, 2023","format":false,"excerpt":"Imagen: A cuatro a\u00f1os despu\u00e9s de la despenalizaci\u00f3n del aborto, colectivas llaman a legisladores y al gobierno del estado a fijar lineamientos y a garantizar presupuesto para el aborto seguro Roc\u00edo Flores \/\u00a0 Oaxaca Media Cuatro a\u00f1os han pasado de la legalizaci\u00f3n del aborto en Oaxaca y a\u00fan persiste la\u2026","rel":"","context":"En &quot;CINTILLO&quot;","block_context":{"text":"CINTILLO","link":"https:\/\/www.grieta.org.mx\/index.php\/category\/cintillo\/"},"img":{"alt_text":"","src":"https:\/\/i0.wp.com\/www.grieta.org.mx\/wp-content\/uploads\/2023\/06\/Imagen-de-WhatsApp-2023-06-09-a-las-09.04.05-1170x660-1.jpg?resize=350%2C200&ssl=1","width":350,"height":200,"srcset":"https:\/\/i0.wp.com\/www.grieta.org.mx\/wp-content\/uploads\/2023\/06\/Imagen-de-WhatsApp-2023-06-09-a-las-09.04.05-1170x660-1.jpg?resize=350%2C200&ssl=1 1x, https:\/\/i0.wp.com\/www.grieta.org.mx\/wp-content\/uploads\/2023\/06\/Imagen-de-WhatsApp-2023-06-09-a-las-09.04.05-1170x660-1.jpg?resize=525%2C300&ssl=1 1.5x, https:\/\/i0.wp.com\/www.grieta.org.mx\/wp-content\/uploads\/2023\/06\/Imagen-de-WhatsApp-2023-06-09-a-las-09.04.05-1170x660-1.jpg?resize=700%2C400&ssl=1 2x, https:\/\/i0.wp.com\/www.grieta.org.mx\/wp-content\/uploads\/2023\/06\/Imagen-de-WhatsApp-2023-06-09-a-las-09.04.05-1170x660-1.jpg?resize=1050%2C600&ssl=1 3x"},"classes":[]},{"id":62097,"url":"https:\/\/www.grieta.org.mx\/index.php\/2021\/09\/29\/mujeres-marchan-en-colima-y-exigen-aborto-seguro-y-gratuito\/","url_meta":{"origin":53843,"position":3},"title":"Mujeres marchan en Colima y exigen aborto seguro y gratuito","author":"grieta","date":"29 septiembre, 2021","format":false,"excerpt":"Foto: Monserrat C\u00e1rdenas Monserrat C\u00e1rdenas \/ Somos el Medio La tarde de este\u00a028 de septiembre, decenas de mujeres recorrieron las calles de la capital colimense para demandar el\u00a0acceso a la interrupci\u00f3n del embarazo\u00a0en la entidad de forma gratuita y segura y alto a la criminalizaci\u00f3n de sus derechos sexuales y\u2026","rel":"","context":"En &quot;CINTILLO&quot;","block_context":{"text":"CINTILLO","link":"https:\/\/www.grieta.org.mx\/index.php\/category\/cintillo\/"},"img":{"alt_text":"","src":"https:\/\/i0.wp.com\/www.grieta.org.mx\/wp-content\/uploads\/2021\/10\/243732132_4661396163906601_6663823072166462143_n-1068x712-1.jpg?resize=350%2C200&ssl=1","width":350,"height":200,"srcset":"https:\/\/i0.wp.com\/www.grieta.org.mx\/wp-content\/uploads\/2021\/10\/243732132_4661396163906601_6663823072166462143_n-1068x712-1.jpg?resize=350%2C200&ssl=1 1x, https:\/\/i0.wp.com\/www.grieta.org.mx\/wp-content\/uploads\/2021\/10\/243732132_4661396163906601_6663823072166462143_n-1068x712-1.jpg?resize=525%2C300&ssl=1 1.5x, https:\/\/i0.wp.com\/www.grieta.org.mx\/wp-content\/uploads\/2021\/10\/243732132_4661396163906601_6663823072166462143_n-1068x712-1.jpg?resize=700%2C400&ssl=1 2x, https:\/\/i0.wp.com\/www.grieta.org.mx\/wp-content\/uploads\/2021\/10\/243732132_4661396163906601_6663823072166462143_n-1068x712-1.jpg?resize=1050%2C600&ssl=1 3x"},"classes":[]},{"id":30219,"url":"https:\/\/www.grieta.org.mx\/index.php\/2019\/03\/06\/mujeres-de-al-menos-12-estados-exigen-legalizar-ya-el-aborto-y-evitar-poner-en-riesgo-sus-vidas-baja-california-durango-estado-de-mexico-guanajuato-guerrero-michoacan-nayarit-oaxaca-puebla-q\/","url_meta":{"origin":53843,"position":4},"title":"Mujeres de al menos 12 estados exigen legalizar ya el aborto y evitar poner en riesgo sus vidas (Baja California, Durango, Estado de M\u00e9xico, Guanajuato, Guerrero, Michoac\u00e1n, Nayarit, Oaxaca, Puebla, Quintana Roo y Veracruz)","author":"grieta","date":"6 marzo, 2019","format":false,"excerpt":"En la v\u00edspera del D\u00eda Internacional de la Mujer que se celebra el pr\u00f3ximo 8 de marzo, mujeres de varios puntos del pa\u00eds exigieron al Estado que garantice \u201cel aborto legal, seguro y gratuito en todo M\u00e9xico\u201d. Manifestaron que con la penalizaci\u00f3n del aborto se criminaliza a las mujeres y\u2026","rel":"","context":"En &quot;Baja California&quot;","block_context":{"text":"Baja California","link":"https:\/\/www.grieta.org.mx\/index.php\/category\/noticias-nacionales\/baja-california\/"},"img":{"alt_text":"","src":"https:\/\/i0.wp.com\/www.grieta.org.mx\/wp-content\/uploads\/2019\/03\/aborto.jpg?resize=350%2C200&ssl=1","width":350,"height":200,"srcset":"https:\/\/i0.wp.com\/www.grieta.org.mx\/wp-content\/uploads\/2019\/03\/aborto.jpg?resize=350%2C200&ssl=1 1x, https:\/\/i0.wp.com\/www.grieta.org.mx\/wp-content\/uploads\/2019\/03\/aborto.jpg?resize=525%2C300&ssl=1 1.5x, https:\/\/i0.wp.com\/www.grieta.org.mx\/wp-content\/uploads\/2019\/03\/aborto.jpg?resize=700%2C400&ssl=1 2x, https:\/\/i0.wp.com\/www.grieta.org.mx\/wp-content\/uploads\/2019\/03\/aborto.jpg?resize=1050%2C600&ssl=1 3x"},"classes":[]},{"id":65435,"url":"https:\/\/www.grieta.org.mx\/index.php\/2022\/09\/29\/aborto-legal-ya-feministas-exigen-su-derecho-a-decidir-en-puerto-vallarta-jalisco\/","url_meta":{"origin":53843,"position":5},"title":"\u201cAborto legal ya\u201d: feministas exigen su derecho a decidir en Puerto Vallarta (Jalisco)","author":"grieta","date":"29 septiembre, 2022","format":false,"excerpt":"Imagen: Zona Docs: Decenas de feministas en Puerto Vallarta, Jalisco se unieron a la marea verde este 28 de septiembre en conmemoraci\u00f3n del\u00a0D\u00eda de Acci\u00f3n Global por un aborto legal, seguro\u00a0y gratuito para exigir que este derecho sea garantizado a las mujeres y personas con capacidad de gestar en la\u2026","rel":"","context":"En &quot;CINTILLO&quot;","block_context":{"text":"CINTILLO","link":"https:\/\/www.grieta.org.mx\/index.php\/category\/cintillo\/"},"img":{"alt_text":"","src":"https:\/\/i0.wp.com\/www.grieta.org.mx\/wp-content\/uploads\/2022\/10\/photo1664426560-1-1068x801-1.jpeg?resize=350%2C200&ssl=1","width":350,"height":200,"srcset":"https:\/\/i0.wp.com\/www.grieta.org.mx\/wp-content\/uploads\/2022\/10\/photo1664426560-1-1068x801-1.jpeg?resize=350%2C200&ssl=1 1x, https:\/\/i0.wp.com\/www.grieta.org.mx\/wp-content\/uploads\/2022\/10\/photo1664426560-1-1068x801-1.jpeg?resize=525%2C300&ssl=1 1.5x, https:\/\/i0.wp.com\/www.grieta.org.mx\/wp-content\/uploads\/2022\/10\/photo1664426560-1-1068x801-1.jpeg?resize=700%2C400&ssl=1 2x, https:\/\/i0.wp.com\/www.grieta.org.mx\/wp-content\/uploads\/2022\/10\/photo1664426560-1-1068x801-1.jpeg?resize=1050%2C600&ssl=1 3x"},"classes":[]}],"_links":{"self":[{"href":"https:\/\/www.grieta.org.mx\/index.php\/wp-json\/wp\/v2\/posts\/53843","targetHints":{"allow":["GET"]}}],"collection":[{"href":"https:\/\/www.grieta.org.mx\/index.php\/wp-json\/wp\/v2\/posts"}],"about":[{"href":"https:\/\/www.grieta.org.mx\/index.php\/wp-json\/wp\/v2\/types\/post"}],"author":[{"embeddable":true,"href":"https:\/\/www.grieta.org.mx\/index.php\/wp-json\/wp\/v2\/users\/2"}],"replies":[{"embeddable":true,"href":"https:\/\/www.grieta.org.mx\/index.php\/wp-json\/wp\/v2\/comments?post=53843"}],"version-history":[{"count":1,"href":"https:\/\/www.grieta.org.mx\/index.php\/wp-json\/wp\/v2\/posts\/53843\/revisions"}],"predecessor-version":[{"id":53848,"href":"https:\/\/www.grieta.org.mx\/index.php\/wp-json\/wp\/v2\/posts\/53843\/revisions\/53848"}],"wp:featuredmedia":[{"embeddable":true,"href":"https:\/\/www.grieta.org.mx\/index.php\/wp-json\/wp\/v2\/media\/53844"}],"wp:attachment":[{"href":"https:\/\/www.grieta.org.mx\/index.php\/wp-json\/wp\/v2\/media?parent=53843"}],"wp:term":[{"taxonomy":"category","embeddable":true,"href":"https:\/\/www.grieta.org.mx\/index.php\/wp-json\/wp\/v2\/categories?post=53843"},{"taxonomy":"post_tag","embeddable":true,"href":"https:\/\/www.grieta.org.mx\/index.php\/wp-json\/wp\/v2\/tags?post=53843"}],"curies":[{"name":"wp","href":"https:\/\/api.w.org\/{rel}","templated":true}]}}