{"id":53805,"date":"2020-09-24T20:06:27","date_gmt":"2020-09-25T01:06:27","guid":{"rendered":"http:\/\/www.grieta.org.mx\/?p=53805"},"modified":"2020-09-25T22:11:06","modified_gmt":"2020-09-26T03:11:06","slug":"activistas-suspenden-excavacion-por-intimidacion-fge-niega-existencia-de-orden-de-aprehension-baja-california","status":"publish","type":"post","link":"https:\/\/www.grieta.org.mx\/index.php\/2020\/09\/24\/activistas-suspenden-excavacion-por-intimidacion-fge-niega-existencia-de-orden-de-aprehension-baja-california\/","title":{"rendered":"Activistas suspenden excavaci\u00f3n por intimidaci\u00f3n, FGE niega existencia de orden de aprehensi\u00f3n (Baja California)"},"content":{"rendered":"<p>Zeta Tijuana \/ Gerardo Andrade.<\/p>\n<p><img loading=\"lazy\" decoding=\"async\" data-attachment-id=\"53806\" data-permalink=\"https:\/\/www.grieta.org.mx\/index.php\/2020\/09\/24\/activistas-suspenden-excavacion-por-intimidacion-fge-niega-existencia-de-orden-de-aprehension-baja-california\/1-97\/\" data-orig-file=\"https:\/\/www.grieta.org.mx\/wp-content\/uploads\/2020\/09\/1.jpeg\" data-orig-size=\"750,500\" data-comments-opened=\"0\" data-image-meta=\"{&quot;aperture&quot;:&quot;0&quot;,&quot;credit&quot;:&quot;&quot;,&quot;camera&quot;:&quot;&quot;,&quot;caption&quot;:&quot;&quot;,&quot;created_timestamp&quot;:&quot;0&quot;,&quot;copyright&quot;:&quot;&quot;,&quot;focal_length&quot;:&quot;0&quot;,&quot;iso&quot;:&quot;0&quot;,&quot;shutter_speed&quot;:&quot;0&quot;,&quot;title&quot;:&quot;&quot;,&quot;orientation&quot;:&quot;0&quot;}\" data-image-title=\"1\" data-image-description=\"\" data-image-caption=\"\" data-medium-file=\"https:\/\/www.grieta.org.mx\/wp-content\/uploads\/2020\/09\/1-300x200.jpeg\" data-large-file=\"https:\/\/www.grieta.org.mx\/wp-content\/uploads\/2020\/09\/1.jpeg\" class=\"alignnone wp-image-53806\" src=\"http:\/\/www.grieta.org.mx\/wp-content\/uploads\/2020\/09\/1.jpeg\" alt=\"\" width=\"800\" height=\"533\" srcset=\"https:\/\/www.grieta.org.mx\/wp-content\/uploads\/2020\/09\/1.jpeg 750w, https:\/\/www.grieta.org.mx\/wp-content\/uploads\/2020\/09\/1-300x200.jpeg 300w\" sizes=\"auto, (max-width: 800px) 100vw, 800px\" \/><br \/>\nFoto: Gerardo Andrade .<\/p>\n<p>Colectivos de b\u00fasqueda, suspendieron las excavaciones en la casa ubicada sobre la calle Rosales y la rampa Pinos, de la colonia Campos, donde el 27 de noviembre del 2019 se encontr\u00f3 un cad\u00e1ver, y se presume que hay m\u00e1s cuerpos.<\/p>\n<p>Una de las m\u00e1s interesadas en las pesquisas es la se\u00f1ora B\u00e1rbara Mart\u00ednez quien asegur\u00f3, que un hombre implicado en el homicidio de su hijo -C\u00e9sar Ezequiel Rico de la Serda Mart\u00ednez, desaparecido el 25 de octubre del 2018-, le dijo que el cad\u00e1ver estaba en ese predio.<\/p>\n<p>La se\u00f1ora Mart\u00ednez asegur\u00f3 que suspendieron porque del interior de la Fiscal\u00eda General del Estado le informaron de manera an\u00f3nima, que estaban preparando \u00f3rdenes de aprehensi\u00f3n en su contra, y de su compa\u00f1ero Jesse Varajas, del colectivo \u201cBuscando a Tolano\u201d, por los delitos de allanamiento de morada y da\u00f1os en propiedad privada.<\/p>\n<p>\u201cPues no se me hace justo que a m\u00ed me quieran meter presa por buscar a mi hijo y las personas, los presuntos culpables, pues est\u00e9n sueltos\u201d, dijo la mujer.<\/p>\n<p>Ricardo Iv\u00e1n Carpio S\u00e1nchez, el Fiscal de Unidades Especializadas, Ricardo Iv\u00e1n Carpio S\u00e1nchez rechaz\u00f3 sospecha: \u201cEso de las \u00f3rdenes de aprehensi\u00f3n es negativo.<\/p>\n<p>\u201cLo que s\u00ed, es que Protecci\u00f3n Civil coloc\u00f3 sellos rojos porque el inmueble est\u00e1 en riesgo de derrumbe. Y sellos naranjas en las construcciones aleda\u00f1as. Lo que indica que no se debe excavar y eso molest\u00f3 razonablemente a los colectivos, que igual entraron.<\/p>\n<p>\u201cTal vez lo piensan porque entraron a la casa a pesar de los sellos y los agentes que los acompa\u00f1aban lo documentaron. Pero fue por protocolo, para evitar problemas administrativos y legales. Los familiares est\u00e1n molestos por los tiempos de espera, lo entendemos, pero buscamos que las b\u00fasquedas se hagan en las condiciones m\u00e1s seguras posibles\u201d.<\/p>\n<p>La se\u00f1ora Mart\u00ednez ingres\u00f3 al predio a partir del 12 de septiembre en compa\u00f1\u00eda de representantes de varios colectivos, y desde entonces han excavado varias partes del predio, en donde hay una vivienda de madera y una casa en obra negra, por lo que solicitaron a la autoridad que derrumbe las construcciones para agilizar la b\u00fasqueda.<\/p>\n<p>Los mismos activistas aseguraron que nadie ha reclamado el predio, ya que era utilizado por grupos del crimen organizado para enterrar a personas.<\/p>\n<p>Jos\u00e9 Fernando Ortigoza Mugarte, presidente de la asociaci\u00f3n \u201cUnidos por los Desaparecidos de Baja California\u201d inform\u00f3 este mismo jueves 24 de septiembre solicitar\u00e1n en el Palacio de Gobierno, una reuni\u00f3n con el Gobernador del Estado, Jaime Bonilla Valdez.<\/p>\n<p>La intenci\u00f3n es obtener un escrito legal donde se informe, con fechas, los pasos que realizar\u00e1 la FGE para esclarecer si en la \u201cCasa Campos\u201d hay cuerpos, y cuando se pretende derrumbar las casas.<\/p>\n<p>\u201cHoy nos retiramos de aqu\u00ed de la Casa Campos, pero nos vamos hacia Palacio de Gobierno para ver cu\u00e1l va ser la decisi\u00f3n que van a tomar (Gobierno Estatal), cu\u00e1nto tiempo, necesitamos que nos den un escrito en donde nos digan en un a\u00f1o, 6 meses, 5 meses la vamos a tumbar -casas- y ya se puede entrar a esa casa\u201d, dijo Ortigoza Mugarte.<\/p>\n<p>El presidente de la asociaci\u00f3n \u201cUnidos por los Desaparecidos de Baja California\u201d, asegur\u00f3 que la FGE no ha dado ning\u00fan resultado, el trato hacia los familiares de las v\u00edctimas no es cordial y ni siquiera se les han entregado los expedientes de las investigaciones que se han realizado.<\/p>\n<p><a href=\"https:\/\/zetatijuana.com\/2020\/09\/activistas-suspenden-excavacion-por-intimidacion-fge-niega-existencia-de-orden-de-aprehension\/\" target=\"_blank\" rel=\"noopener noreferrer\">https:\/\/zetatijuana.com\/2020\/09\/activistas-suspenden-excavacion-por-intimidacion-fge-niega-existencia-de-orden-de-aprehension\/<\/a><\/p>\n","protected":false},"excerpt":{"rendered":"<p>Zeta Tijuana \/ Gerardo Andrade. Foto: Gerardo Andrade . Colectivos de b\u00fasqueda, suspendieron las excavaciones en la casa ubicada sobre la calle Rosales y la rampa Pinos, de la colonia &hellip; <a href=\"https:\/\/www.grieta.org.mx\/index.php\/2020\/09\/24\/activistas-suspenden-excavacion-por-intimidacion-fge-niega-existencia-de-orden-de-aprehension-baja-california\/\" class=\"more-link\">Leer m\u00e1s<\/a><\/p>\n","protected":false},"author":2,"featured_media":53806,"comment_status":"closed","ping_status":"closed","sticky":false,"template":"","format":"standard","meta":{"ngg_post_thumbnail":0,"_jetpack_newsletter_access":"","_jetpack_dont_email_post_to_subs":false,"_jetpack_newsletter_tier_id":0,"_jetpack_memberships_contains_paywalled_content":false,"_jetpack_memberships_contains_paid_content":false,"footnotes":""},"categories":[5,80,1073,2],"tags":[],"class_list":["post-53805","post","type-post","status-publish","format-standard","has-post-thumbnail","hentry","category-baja-california","category-cintillo","category-protestas-contra-la-desaparicion-de-personas-en-baja-california","category-noticias-nacionales","entry"],"jetpack_featured_media_url":"https:\/\/www.grieta.org.mx\/wp-content\/uploads\/2020\/09\/1.jpeg","jetpack_sharing_enabled":true,"jetpack_shortlink":"https:\/\/wp.me\/p7ZJR4-dZP","jetpack_likes_enabled":false,"jetpack-related-posts":[{"id":63157,"url":"https:\/\/www.grieta.org.mx\/index.php\/2022\/01\/25\/periodistas-marchan-y-exigen-justicia-para-lourdes-y-margarito-baja-california\/","url_meta":{"origin":53805,"position":0},"title":"Periodistas marchan y exigen justicia para Lourdes y Margarito (Baja California)","author":"grieta","date":"25 enero, 2022","format":false,"excerpt":"Zeta Tijuana \/ Gerardo Andrade. Foto: Jorge Due\u00f1es. Periodistas de todos los medios de comunicaci\u00f3n en Tijuana se unieron para exigir justicia pronta y expedita en los asesinatos de Maldonado y Mart\u00ednez. Foto: Alejandro Villa. M\u00e1s de un centenar de periodistas, acompa\u00f1ados de representantes de la comunidad tijuanense, marcharon la\u2026","rel":"","context":"En &quot;Baja California&quot;","block_context":{"text":"Baja California","link":"https:\/\/www.grieta.org.mx\/index.php\/category\/noticias-nacionales\/baja-california\/"},"img":{"alt_text":"","src":"https:\/\/i0.wp.com\/www.grieta.org.mx\/wp-content\/uploads\/2022\/01\/X.jpeg?resize=350%2C200&ssl=1","width":350,"height":200,"srcset":"https:\/\/i0.wp.com\/www.grieta.org.mx\/wp-content\/uploads\/2022\/01\/X.jpeg?resize=350%2C200&ssl=1 1x, https:\/\/i0.wp.com\/www.grieta.org.mx\/wp-content\/uploads\/2022\/01\/X.jpeg?resize=525%2C300&ssl=1 1.5x, https:\/\/i0.wp.com\/www.grieta.org.mx\/wp-content\/uploads\/2022\/01\/X.jpeg?resize=700%2C400&ssl=1 2x, https:\/\/i0.wp.com\/www.grieta.org.mx\/wp-content\/uploads\/2022\/01\/X.jpeg?resize=1050%2C600&ssl=1 3x, https:\/\/i0.wp.com\/www.grieta.org.mx\/wp-content\/uploads\/2022\/01\/X.jpeg?resize=1400%2C800&ssl=1 4x"},"classes":[]},{"id":54660,"url":"https:\/\/www.grieta.org.mx\/index.php\/2020\/10\/21\/se-siguen-descubriendo-cadaveres-enterrados-siete-en-la-jornada-del-miercoles-21-baja-california\/","url_meta":{"origin":53805,"position":1},"title":"Se siguen descubriendo cad\u00e1veres enterrados, siete en la jornada del mi\u00e9rcoles 21 (Baja California)","author":"grieta","date":"21 octubre, 2020","format":false,"excerpt":"Zeta Tijuana \/ Gerardo Andrade. Fotos: cortes\u00eda Colectivos de personas que buscan a sus familiares desaparecidos siguen descubriendo cad\u00e1veres, por la ma\u00f1ana del mi\u00e9rcoles 21 de octubre fueron recuperados cuatro cuerpos en Tijuana, mientras que en Ensenada hubo otros tres hallazgos. Personal de la Comisi\u00f3n Estatal de B\u00fasqueda inform\u00f3 a\u2026","rel":"","context":"En &quot;Baja California&quot;","block_context":{"text":"Baja California","link":"https:\/\/www.grieta.org.mx\/index.php\/category\/noticias-nacionales\/baja-california\/"},"img":{"alt_text":"","src":"https:\/\/i0.wp.com\/www.grieta.org.mx\/wp-content\/uploads\/2020\/11\/X.jpeg?resize=350%2C200&ssl=1","width":350,"height":200,"srcset":"https:\/\/i0.wp.com\/www.grieta.org.mx\/wp-content\/uploads\/2020\/11\/X.jpeg?resize=350%2C200&ssl=1 1x, https:\/\/i0.wp.com\/www.grieta.org.mx\/wp-content\/uploads\/2020\/11\/X.jpeg?resize=525%2C300&ssl=1 1.5x, https:\/\/i0.wp.com\/www.grieta.org.mx\/wp-content\/uploads\/2020\/11\/X.jpeg?resize=700%2C400&ssl=1 2x"},"classes":[]},{"id":27948,"url":"https:\/\/www.grieta.org.mx\/index.php\/2018\/12\/21\/amagan-burocratas-con-paro-total-de-labores-si-no-les-pagan-maestros-sin-cobrar-aun-baja-california\/","url_meta":{"origin":53805,"position":2},"title":"Amagan bur\u00f3cratas con paro total de labores si no les pagan; maestros, sin cobrar a\u00fan (Baja California)","author":"grieta","date":"21 diciembre, 2018","format":false,"excerpt":"Este viernes, un d\u00eda despu\u00e9s de que venci\u00f3 el plazo legal para recibir el aguinaldo, trabajadores de gobierno sindicalizados suspendieron labores para participar en una \"asamblea informativa\" en todo el estado. Foto Luis Arellano Sarmiento POR LUIS ARELLANO SARMIENTO Mexicali, 21 de diciembre.- Por la falta de pago del aguinaldo\u2026","rel":"","context":"En &quot;Baja California&quot;","block_context":{"text":"Baja California","link":"https:\/\/www.grieta.org.mx\/index.php\/category\/noticias-nacionales\/baja-california\/"},"img":{"alt_text":"","src":"https:\/\/i0.wp.com\/www.grieta.org.mx\/wp-content\/uploads\/2018\/12\/burocratas_2.jpg?resize=350%2C200&ssl=1","width":350,"height":200,"srcset":"https:\/\/i0.wp.com\/www.grieta.org.mx\/wp-content\/uploads\/2018\/12\/burocratas_2.jpg?resize=350%2C200&ssl=1 1x, https:\/\/i0.wp.com\/www.grieta.org.mx\/wp-content\/uploads\/2018\/12\/burocratas_2.jpg?resize=525%2C300&ssl=1 1.5x"},"classes":[]},{"id":53827,"url":"https:\/\/www.grieta.org.mx\/index.php\/2020\/09\/26\/tras-18-horas-de-asesinato-de-activista-en-tecate-acribillan-a-su-cunado-baja-california\/","url_meta":{"origin":53805,"position":3},"title":"Tras 18 horas de asesinato de activista en Tecate, acribillan a su cu\u00f1ado  (Baja California)","author":"grieta","date":"26 septiembre, 2020","format":false,"excerpt":"Zeta Tijuana \/ Gerardo Andrade. Fotos: Gerardo Andrade \u201cPues la verdad es que no sabemos qu\u00e9 est\u00e1 pasando, lo \u00fanico que sabemos es que mataron de manera sangrienta a \u00d3scar y luego nos enteramos que mataron al cu\u00f1ado, tenemos mucho miedo\u201d, dijo un miembro de la familia de Eyraud Adams,\u2026","rel":"","context":"En &quot;Baja California&quot;","block_context":{"text":"Baja California","link":"https:\/\/www.grieta.org.mx\/index.php\/category\/noticias-nacionales\/baja-california\/"},"img":{"alt_text":"","src":"https:\/\/i0.wp.com\/www.grieta.org.mx\/wp-content\/uploads\/2020\/09\/I-2.jpg?resize=350%2C200&ssl=1","width":350,"height":200,"srcset":"https:\/\/i0.wp.com\/www.grieta.org.mx\/wp-content\/uploads\/2020\/09\/I-2.jpg?resize=350%2C200&ssl=1 1x, https:\/\/i0.wp.com\/www.grieta.org.mx\/wp-content\/uploads\/2020\/09\/I-2.jpg?resize=525%2C300&ssl=1 1.5x, https:\/\/i0.wp.com\/www.grieta.org.mx\/wp-content\/uploads\/2020\/09\/I-2.jpg?resize=700%2C400&ssl=1 2x"},"classes":[]},{"id":54063,"url":"https:\/\/www.grieta.org.mx\/index.php\/2020\/10\/10\/familias-de-siguiendo-tus-pasos-localizan-restos-humanos-en-el-roble-ensenada-baja-california\/","url_meta":{"origin":53805,"position":4},"title":"Familias de Siguiendo tus pasos localizan restos humanos en El Roble, Ensenada (Baja California)","author":"grieta","date":"10 octubre, 2020","format":false,"excerpt":"Zeta Tijuana \/ Lorena Lamas. Ensenada.- Integrantes de la agrupaci\u00f3n Siguiendo tus pasos y agentes de la Fiscal\u00eda Especializada en Desapariciones, llevaron a cabo una prospecci\u00f3n en una fosa ubicada en las inmediaciones del fraccionamiento El Roble, en Ensenada, donde localizaron restos humanos. El hallazgo fue el viernes 9 de\u2026","rel":"","context":"En &quot;Baja California&quot;","block_context":{"text":"Baja California","link":"https:\/\/www.grieta.org.mx\/index.php\/category\/noticias-nacionales\/baja-california\/"},"img":{"alt_text":"","src":"https:\/\/i0.wp.com\/www.grieta.org.mx\/wp-content\/uploads\/2020\/10\/3-1.jpg?resize=350%2C200","width":350,"height":200,"srcset":"https:\/\/i0.wp.com\/www.grieta.org.mx\/wp-content\/uploads\/2020\/10\/3-1.jpg?resize=350%2C200 1x, https:\/\/i0.wp.com\/www.grieta.org.mx\/wp-content\/uploads\/2020\/10\/3-1.jpg?resize=525%2C300 1.5x, https:\/\/i0.wp.com\/www.grieta.org.mx\/wp-content\/uploads\/2020\/10\/3-1.jpg?resize=700%2C400 2x"},"classes":[]},{"id":50866,"url":"https:\/\/www.grieta.org.mx\/index.php\/2020\/06\/14\/segunda-manifestacion-por-la-falta-de-avances-en-investigacion-por-desaparicion-kevin-leyva-y-ruben-chavez-baja-california\/","url_meta":{"origin":53805,"position":5},"title":"Segunda manifestaci\u00f3n por la falta de avances en investigaci\u00f3n por desaparici\u00f3n Kevin Leyva y Rub\u00e9n Ch\u00e1vez (Baja California)","author":"grieta","date":"14 junio, 2020","format":false,"excerpt":"Zeta Tijuana \/ Gerardo Andrade. Fotos y video: Gerardo Andrade Familiares y amigos de Kevin Alejandro Leyva, as\u00ed como de Rub\u00e9n Ch\u00e1vez P\u00e9rez, se manifestaron en la glorieta donde se ubica el monumento de Cuauht\u00e9moc, en la Zona Rio, para exigir que las autoridades les den respuestas sobre el paradero\u2026","rel":"","context":"En &quot;Baja California&quot;","block_context":{"text":"Baja California","link":"https:\/\/www.grieta.org.mx\/index.php\/category\/noticias-nacionales\/baja-california\/"},"img":{"alt_text":"","src":"https:\/\/i0.wp.com\/www.grieta.org.mx\/wp-content\/uploads\/2020\/06\/a-1.jpeg?resize=350%2C200&ssl=1","width":350,"height":200,"srcset":"https:\/\/i0.wp.com\/www.grieta.org.mx\/wp-content\/uploads\/2020\/06\/a-1.jpeg?resize=350%2C200&ssl=1 1x, https:\/\/i0.wp.com\/www.grieta.org.mx\/wp-content\/uploads\/2020\/06\/a-1.jpeg?resize=525%2C300&ssl=1 1.5x, https:\/\/i0.wp.com\/www.grieta.org.mx\/wp-content\/uploads\/2020\/06\/a-1.jpeg?resize=700%2C400&ssl=1 2x"},"classes":[]}],"_links":{"self":[{"href":"https:\/\/www.grieta.org.mx\/index.php\/wp-json\/wp\/v2\/posts\/53805","targetHints":{"allow":["GET"]}}],"collection":[{"href":"https:\/\/www.grieta.org.mx\/index.php\/wp-json\/wp\/v2\/posts"}],"about":[{"href":"https:\/\/www.grieta.org.mx\/index.php\/wp-json\/wp\/v2\/types\/post"}],"author":[{"embeddable":true,"href":"https:\/\/www.grieta.org.mx\/index.php\/wp-json\/wp\/v2\/users\/2"}],"replies":[{"embeddable":true,"href":"https:\/\/www.grieta.org.mx\/index.php\/wp-json\/wp\/v2\/comments?post=53805"}],"version-history":[{"count":1,"href":"https:\/\/www.grieta.org.mx\/index.php\/wp-json\/wp\/v2\/posts\/53805\/revisions"}],"predecessor-version":[{"id":53807,"href":"https:\/\/www.grieta.org.mx\/index.php\/wp-json\/wp\/v2\/posts\/53805\/revisions\/53807"}],"wp:featuredmedia":[{"embeddable":true,"href":"https:\/\/www.grieta.org.mx\/index.php\/wp-json\/wp\/v2\/media\/53806"}],"wp:attachment":[{"href":"https:\/\/www.grieta.org.mx\/index.php\/wp-json\/wp\/v2\/media?parent=53805"}],"wp:term":[{"taxonomy":"category","embeddable":true,"href":"https:\/\/www.grieta.org.mx\/index.php\/wp-json\/wp\/v2\/categories?post=53805"},{"taxonomy":"post_tag","embeddable":true,"href":"https:\/\/www.grieta.org.mx\/index.php\/wp-json\/wp\/v2\/tags?post=53805"}],"curies":[{"name":"wp","href":"https:\/\/api.w.org\/{rel}","templated":true}]}}