{"id":53770,"date":"2020-09-22T12:29:31","date_gmt":"2020-09-22T17:29:31","guid":{"rendered":"http:\/\/www.grieta.org.mx\/?p=53770"},"modified":"2020-09-24T13:01:34","modified_gmt":"2020-09-24T18:01:34","slug":"tal-como-advirtieron-arqueologos-tren-maya-podria-danar-vestigios-y-zonas-arqueologicas-detienen-obras-en-campeche-por-hallazgo","status":"publish","type":"post","link":"https:\/\/www.grieta.org.mx\/index.php\/2020\/09\/22\/tal-como-advirtieron-arqueologos-tren-maya-podria-danar-vestigios-y-zonas-arqueologicas-detienen-obras-en-campeche-por-hallazgo\/","title":{"rendered":"Tal como advirtieron arque\u00f3logos, Tren Maya podr\u00eda da\u00f1ar vestigios y zonas arqueol\u00f3gicas; detienen obras en Campeche por hallazgo"},"content":{"rendered":"<p><img loading=\"lazy\" decoding=\"async\" data-attachment-id=\"53771\" data-permalink=\"https:\/\/www.grieta.org.mx\/index.php\/2020\/09\/22\/tal-como-advirtieron-arqueologos-tren-maya-podria-danar-vestigios-y-zonas-arqueologicas-detienen-obras-en-campeche-por-hallazgo\/trenviascampeche\/\" data-orig-file=\"https:\/\/www.grieta.org.mx\/wp-content\/uploads\/2020\/09\/TrenViasCampeche-e1600970198628.png\" data-orig-size=\"800,374\" data-comments-opened=\"0\" data-image-meta=\"{&quot;aperture&quot;:&quot;0&quot;,&quot;credit&quot;:&quot;&quot;,&quot;camera&quot;:&quot;&quot;,&quot;caption&quot;:&quot;&quot;,&quot;created_timestamp&quot;:&quot;0&quot;,&quot;copyright&quot;:&quot;&quot;,&quot;focal_length&quot;:&quot;0&quot;,&quot;iso&quot;:&quot;0&quot;,&quot;shutter_speed&quot;:&quot;0&quot;,&quot;title&quot;:&quot;&quot;,&quot;orientation&quot;:&quot;0&quot;}\" data-image-title=\"TrenViasCampeche\" data-image-description=\"\" data-image-caption=\"\" data-medium-file=\"https:\/\/www.grieta.org.mx\/wp-content\/uploads\/2020\/09\/TrenViasCampeche-300x140.png\" data-large-file=\"https:\/\/www.grieta.org.mx\/wp-content\/uploads\/2020\/09\/TrenViasCampeche-e1600970198628.png\" src=\"http:\/\/www.grieta.org.mx\/wp-content\/uploads\/2020\/09\/TrenViasCampeche-e1600970198628.png\" alt=\"\" width=\"800\" height=\"374\" class=\"alignnone size-full wp-image-53771\" \/><\/p>\n<p>Itzel Chan \/ Noticaribe<\/p>\n<p>M\u00c9RIDA, MX.- Tal como han expuesto m\u00e1s de 100 arque\u00f3logos, acad\u00e9micos e investigadores de M\u00e9xico, Brasil, Canad\u00e1, Estados Unidos y otros pa\u00edses sobre el riesgo que existe de que el Tren Maya podr\u00eda destruir algunos monumentos arqueol\u00f3gicos, recientemente fueron canceladas las obras en Campeche, debido a que se hallaron algunos vestigios.<\/p>\n<p>De acuerdo con el Instituto Nacional de Antropolog\u00eda e Historia (INAH), el tramo que atraviesa a los municipios de Hecelchak\u00e1n y Calkin\u00ed, deber\u00e1 ser detenido en lo que se investiga la profundidad y trascendencia de un reciente hallazgo de vestigios.<\/p>\n<p>Hasta el momento, se encontraron en la zona vasijas, jarras de barro y otros utensilios que podr\u00edan remitir a la existencia de estructuras arqueol\u00f3gicas.<\/p>\n<p>Por recomendaci\u00f3n del INAH, los trabajos en la zona fueron detenidos y el \u00e1rea entrar\u00e1 en fase de objeto de investigaci\u00f3n, ya que a\u00fan se desconoce si hay edificaciones cercanas.<\/p>\n<p>Los hallazgos se realizaron mientras se retiraban v\u00edas f\u00e9rreas oxidadas, para dar paso a unas nuevas.<\/p>\n<p>Es preciso recordar que m\u00e1s de 100 arque\u00f3logos, acad\u00e9micos e investigadores de M\u00e9xico, Brasil, Canad\u00e1, Estados Unidos han fijado la postura de estar en contra de este proyecto por esta misma raz\u00f3n, ya que aseguran que en la zona pueden haber edificaciones y vestigios que ni siquiera son conocidos en Chiapas, Campeche, Tabasco, Yucat\u00e1n y Quintana Roo.<\/p>\n<p>El desacuerdo es tal que han solicitado a la Fiscal\u00eda General de la Rep\u00fablica (FGR) que tome las medidas necesarias para evitar el desarrollo del Tren Maya, pues aseguran que en el \u00e1rea de influencia del tren hay 30 zonas arqueol\u00f3gicas y tres est\u00e1n inscritas en la Lista del Patrimonio Mundial de la Organizaci\u00f3n de las Naciones Unidas para la Educaci\u00f3n, la Ciencia y la Cultura (Unesco), las cuales son Palenque, Chich\u00e9n Itz\u00e1 y Calakmul, esta \u00faltima inscrita como Bien Mixto por sus componentes natural y cultural.<\/p>\n<p>Adem\u00e1s, que hay tambi\u00e9n dos zonas de Monumentos Hist\u00f3ricos y son tres mil 24 sitios arqueol\u00f3gicos, m\u00e1s otros que aseguran est\u00e1n sin ser descubiertos. <\/p>\n<p><a href=\"https:\/\/noticaribe.com.mx\/2020\/09\/22\/tal-como-advirtieron-arqueologos-tren-maya-podria-danar-vestigios-y-zonas-arqueologicas-detienen-obras-en-campeche-por-hallazgo\/\" rel=\"noopener noreferrer\" target=\"_blank\">https:\/\/noticaribe.com.mx\/2020\/09\/22\/tal-como-advirtieron-arqueologos-tren-maya-podria-danar-vestigios-y-zonas-arqueologicas-detienen-obras-en-campeche-por-hallazgo\/<\/a><\/p>\n","protected":false},"excerpt":{"rendered":"<p>Itzel Chan \/ Noticaribe M\u00c9RIDA, MX.- Tal como han expuesto m\u00e1s de 100 arque\u00f3logos, acad\u00e9micos e investigadores de M\u00e9xico, Brasil, Canad\u00e1, Estados Unidos y otros pa\u00edses sobre el riesgo que &hellip; <a href=\"https:\/\/www.grieta.org.mx\/index.php\/2020\/09\/22\/tal-como-advirtieron-arqueologos-tren-maya-podria-danar-vestigios-y-zonas-arqueologicas-detienen-obras-en-campeche-por-hallazgo\/\" class=\"more-link\">Leer m\u00e1s<\/a><\/p>\n","protected":false},"author":2,"featured_media":53771,"comment_status":"closed","ping_status":"closed","sticky":false,"template":"","format":"standard","meta":{"ngg_post_thumbnail":0,"_jetpack_newsletter_access":"","_jetpack_dont_email_post_to_subs":false,"_jetpack_newsletter_tier_id":0,"_jetpack_memberships_contains_paywalled_content":false,"_jetpack_memberships_contains_paid_content":false,"footnotes":""},"categories":[11,80,3,922,926,944,952,2,28,1876,1877,1875,2026,36],"tags":[208,1878,3664],"class_list":["post-53770","post","type-post","status-publish","format-standard","has-post-thumbnail","hentry","category-campeche","category-cintillo","category-megaproyectos","category-megaproyectos-estados","category-mp-campeche","category-mp-quintana-roo","category-mp-yucatan","category-noticias-nacionales","category-quintana-roo","category-resistencia-al-tren-maya-en-la-peninsula-de-yucatan-quintana-roo","category-resistencia-al-tren-maya-en-la-peninsula-de-yucatan-campeche","category-resistencia-al-tren-maya-en-la-peninsula-de-yucatan","category-tren-maya","category-yucatan","tag-inah","tag-tren-maya","tag-zonas-arqueologicas","entry"],"jetpack_featured_media_url":"https:\/\/www.grieta.org.mx\/wp-content\/uploads\/2020\/09\/TrenViasCampeche-e1600970198628.png","jetpack_sharing_enabled":true,"jetpack_shortlink":"https:\/\/wp.me\/p7ZJR4-dZg","jetpack_likes_enabled":false,"jetpack-related-posts":[{"id":47874,"url":"https:\/\/www.grieta.org.mx\/index.php\/2020\/04\/13\/las-vias-torcidas-del-tren-maya-video\/","url_meta":{"origin":53770,"position":0},"title":"Las v\u00edas torcidas del tren maya (Video)","author":"grieta","date":"13 abril, 2020","format":false,"excerpt":"https:\/\/www.youtube.com\/watch?v=k8FRX9eT0YY","rel":"","context":"En &quot;16. Pueblo Maya&quot;","block_context":{"text":"16. Pueblo Maya","link":"https:\/\/www.grieta.org.mx\/index.php\/category\/espejos-de-la-resistencia\/16-pueblo-maya\/"},"img":{"alt_text":"","src":"https:\/\/i0.wp.com\/www.grieta.org.mx\/wp-content\/uploads\/2020\/04\/ViasTorcidasTrenMaya.png?resize=350%2C200&ssl=1","width":350,"height":200,"srcset":"https:\/\/i0.wp.com\/www.grieta.org.mx\/wp-content\/uploads\/2020\/04\/ViasTorcidasTrenMaya.png?resize=350%2C200&ssl=1 1x, https:\/\/i0.wp.com\/www.grieta.org.mx\/wp-content\/uploads\/2020\/04\/ViasTorcidasTrenMaya.png?resize=525%2C300&ssl=1 1.5x, https:\/\/i0.wp.com\/www.grieta.org.mx\/wp-content\/uploads\/2020\/04\/ViasTorcidasTrenMaya.png?resize=700%2C400&ssl=1 2x"},"classes":[]},{"id":35945,"url":"https:\/\/www.grieta.org.mx\/index.php\/2019\/07\/05\/expansion-de-megaproyectos-en-la-peninsula-de-yucatan-video\/","url_meta":{"origin":53770,"position":1},"title":"Expansi\u00f3n de Megaproyectos en la Pen\u00ednsula de Yucat\u00e1n (Video)","author":"grieta","date":"5 julio, 2019","format":false,"excerpt":"https:\/\/youtu.be\/qLBARIAaBsI","rel":"","context":"En &quot;Campeche&quot;","block_context":{"text":"Campeche","link":"https:\/\/www.grieta.org.mx\/index.php\/category\/noticias-nacionales\/campeche\/"},"img":{"alt_text":"","src":"https:\/\/i0.wp.com\/img.youtube.com\/vi\/qLBARIAaBsI\/0.jpg?resize=350%2C200","width":350,"height":200},"classes":[]},{"id":53136,"url":"https:\/\/www.grieta.org.mx\/index.php\/2020\/09\/06\/ejercera-influencia-transformadora-y-destructiva-mas-de-100-arqueologos-de-mexico-y-otros-paises-se-oponen-al-tren-maya\/","url_meta":{"origin":53770,"position":2},"title":"\u201cEjercer\u00e1 influencia transformadora y destructiva\u201d: M\u00e1s de 100 arque\u00f3logos de M\u00e9xico y otros pa\u00edses se oponen al Tren Maya","author":"grieta","date":"6 septiembre, 2020","format":false,"excerpt":"Itzel Chan \/ Noticaribe M\u00c9RIDA, MX.- M\u00e1s de 100 arque\u00f3logos, acad\u00e9micos e investigadores de M\u00e9xico, Brasil, Canad\u00e1, Estados Unidos y otros pa\u00edses, han fijado su postura en contra del Tren Maya, sobre todo porque denuncian la presunta destrucci\u00f3n de monumentos arqueol\u00f3gicos, localizados en los estados de Chiapas, Campeche, Tabasco, Yucat\u00e1n\u2026","rel":"","context":"En &quot;Campeche&quot;","block_context":{"text":"Campeche","link":"https:\/\/www.grieta.org.mx\/index.php\/category\/noticias-nacionales\/campeche\/"},"img":{"alt_text":"","src":"https:\/\/i0.wp.com\/www.grieta.org.mx\/wp-content\/uploads\/2020\/09\/ArqueologosOponen.png?resize=350%2C200&ssl=1","width":350,"height":200,"srcset":"https:\/\/i0.wp.com\/www.grieta.org.mx\/wp-content\/uploads\/2020\/09\/ArqueologosOponen.png?resize=350%2C200&ssl=1 1x, https:\/\/i0.wp.com\/www.grieta.org.mx\/wp-content\/uploads\/2020\/09\/ArqueologosOponen.png?resize=525%2C300&ssl=1 1.5x, https:\/\/i0.wp.com\/www.grieta.org.mx\/wp-content\/uploads\/2020\/09\/ArqueologosOponen.png?resize=700%2C400&ssl=1 2x"},"classes":[]},{"id":70070,"url":"https:\/\/www.grieta.org.mx\/index.php\/2024\/09\/04\/se-impuso-la-voluntad-de-un-despota-en-el-tren-maya-felipe-echenique-historiador-del-inah\/","url_meta":{"origin":53770,"position":3},"title":"\u201cSe impuso la voluntad de un d\u00e9spota en el Tren Maya\u201d: Felipe Echenique, historiador del INAH","author":"grieta","date":"4 septiembre, 2024","format":false,"excerpt":"Cristopher Cabello \/ El Universal Al igual que el arque\u00f3logo Fernando Cort\u00e9s de Brasdefer y el antrop\u00f3logo Juan Manuel Sandoval, el historiador del INAH Felipe Echenique recorri\u00f3 parte del tramo 7 del Tren Maya (Bacalar-Esc\u00e1rcega), donde constat\u00f3 la destrucci\u00f3n de zonas de monumentos arqueol\u00f3gicos y vestigios patrimoniales, hechos que denunci\u00f3\u2026","rel":"","context":"En &quot;Campeche&quot;","block_context":{"text":"Campeche","link":"https:\/\/www.grieta.org.mx\/index.php\/category\/noticias-nacionales\/campeche\/"},"img":{"alt_text":"","src":"https:\/\/i0.wp.com\/www.grieta.org.mx\/wp-content\/uploads\/2024\/10\/Despota-e1728418204267.jpg?resize=350%2C200&ssl=1","width":350,"height":200,"srcset":"https:\/\/i0.wp.com\/www.grieta.org.mx\/wp-content\/uploads\/2024\/10\/Despota-e1728418204267.jpg?resize=350%2C200&ssl=1 1x, https:\/\/i0.wp.com\/www.grieta.org.mx\/wp-content\/uploads\/2024\/10\/Despota-e1728418204267.jpg?resize=525%2C300&ssl=1 1.5x, https:\/\/i0.wp.com\/www.grieta.org.mx\/wp-content\/uploads\/2024\/10\/Despota-e1728418204267.jpg?resize=700%2C400&ssl=1 2x"},"classes":[]},{"id":64385,"url":"https:\/\/www.grieta.org.mx\/index.php\/2022\/06\/16\/trabajadores-del-tren-maya-cierran-empresa-que-se-niega-a-pagarles\/","url_meta":{"origin":53770,"position":4},"title":"Trabajadores del Tren Maya cierran empresa que se niega a pagarles","author":"grieta","date":"16 junio, 2022","format":false,"excerpt":"Yoisi Moguel \/ El Financiero Alrededor de 150 trabajadores del Tren Maya, del tramo 3 Calkini-Izamal, cerraron las instalaciones de las oficinas centrales de la empresa Azvi Ferroviaria, en protesta porque les negaron su pago de esta quincena, les incrementaron la jornada laboral sin incentivo econ\u00f3mico y por despidos injustificados.\u2026","rel":"","context":"En &quot;Campeche&quot;","block_context":{"text":"Campeche","link":"https:\/\/www.grieta.org.mx\/index.php\/category\/noticias-nacionales\/campeche\/"},"img":{"alt_text":"","src":"https:\/\/i0.wp.com\/www.grieta.org.mx\/wp-content\/uploads\/2022\/06\/CarreteraMilenaria-e1654888209571.png?resize=350%2C200&ssl=1","width":350,"height":200,"srcset":"https:\/\/i0.wp.com\/www.grieta.org.mx\/wp-content\/uploads\/2022\/06\/CarreteraMilenaria-e1654888209571.png?resize=350%2C200&ssl=1 1x, https:\/\/i0.wp.com\/www.grieta.org.mx\/wp-content\/uploads\/2022\/06\/CarreteraMilenaria-e1654888209571.png?resize=525%2C300&ssl=1 1.5x, https:\/\/i0.wp.com\/www.grieta.org.mx\/wp-content\/uploads\/2022\/06\/CarreteraMilenaria-e1654888209571.png?resize=700%2C400&ssl=1 2x"},"classes":[]},{"id":70006,"url":"https:\/\/www.grieta.org.mx\/index.php\/2024\/09\/25\/bajo-ordenes-militares-el-salvamento-arqueologico-en-obras-del-tren-maya\/","url_meta":{"origin":53770,"position":5},"title":"Bajo \u00f3rdenes militares, el salvamento arqueol\u00f3gico en obras del Tren Maya","author":"grieta","date":"25 septiembre, 2024","format":false,"excerpt":"Cristopher Cabello \/ El Universal En el cuaderno de trabajo \u201cLa construcci\u00f3n del Tren Maya y la destrucci\u00f3n del patrimonio en la Pen\u00ednsula de Yucat\u00e1n\u201d(2024), el antrop\u00f3logo e investigador Juan Manuel Sandoval report\u00f3 la destrucci\u00f3n de vestigios arqueol\u00f3gicos en el Tramo 7 de la obra ferroviaria. Un tema que llam\u00f3\u2026","rel":"","context":"En &quot;Campeche&quot;","block_context":{"text":"Campeche","link":"https:\/\/www.grieta.org.mx\/index.php\/category\/noticias-nacionales\/campeche\/"},"img":{"alt_text":"","src":"https:\/\/i0.wp.com\/www.grieta.org.mx\/wp-content\/uploads\/2024\/10\/Militares-e1728167418810.jpg?resize=350%2C200&ssl=1","width":350,"height":200,"srcset":"https:\/\/i0.wp.com\/www.grieta.org.mx\/wp-content\/uploads\/2024\/10\/Militares-e1728167418810.jpg?resize=350%2C200&ssl=1 1x, https:\/\/i0.wp.com\/www.grieta.org.mx\/wp-content\/uploads\/2024\/10\/Militares-e1728167418810.jpg?resize=525%2C300&ssl=1 1.5x, https:\/\/i0.wp.com\/www.grieta.org.mx\/wp-content\/uploads\/2024\/10\/Militares-e1728167418810.jpg?resize=700%2C400&ssl=1 2x"},"classes":[]}],"_links":{"self":[{"href":"https:\/\/www.grieta.org.mx\/index.php\/wp-json\/wp\/v2\/posts\/53770","targetHints":{"allow":["GET"]}}],"collection":[{"href":"https:\/\/www.grieta.org.mx\/index.php\/wp-json\/wp\/v2\/posts"}],"about":[{"href":"https:\/\/www.grieta.org.mx\/index.php\/wp-json\/wp\/v2\/types\/post"}],"author":[{"embeddable":true,"href":"https:\/\/www.grieta.org.mx\/index.php\/wp-json\/wp\/v2\/users\/2"}],"replies":[{"embeddable":true,"href":"https:\/\/www.grieta.org.mx\/index.php\/wp-json\/wp\/v2\/comments?post=53770"}],"version-history":[{"count":1,"href":"https:\/\/www.grieta.org.mx\/index.php\/wp-json\/wp\/v2\/posts\/53770\/revisions"}],"predecessor-version":[{"id":53772,"href":"https:\/\/www.grieta.org.mx\/index.php\/wp-json\/wp\/v2\/posts\/53770\/revisions\/53772"}],"wp:featuredmedia":[{"embeddable":true,"href":"https:\/\/www.grieta.org.mx\/index.php\/wp-json\/wp\/v2\/media\/53771"}],"wp:attachment":[{"href":"https:\/\/www.grieta.org.mx\/index.php\/wp-json\/wp\/v2\/media?parent=53770"}],"wp:term":[{"taxonomy":"category","embeddable":true,"href":"https:\/\/www.grieta.org.mx\/index.php\/wp-json\/wp\/v2\/categories?post=53770"},{"taxonomy":"post_tag","embeddable":true,"href":"https:\/\/www.grieta.org.mx\/index.php\/wp-json\/wp\/v2\/tags?post=53770"}],"curies":[{"name":"wp","href":"https:\/\/api.w.org\/{rel}","templated":true}]}}