{"id":53751,"date":"2020-09-24T10:48:22","date_gmt":"2020-09-24T15:48:22","guid":{"rendered":"http:\/\/www.grieta.org.mx\/?p=53751"},"modified":"2020-09-24T10:48:22","modified_gmt":"2020-09-24T15:48:22","slug":"colima-supera-en-tasa-de-homicidios-al-pais-mas-violento-del-mundo","status":"publish","type":"post","link":"https:\/\/www.grieta.org.mx\/index.php\/2020\/09\/24\/colima-supera-en-tasa-de-homicidios-al-pais-mas-violento-del-mundo\/","title":{"rendered":"Colima supera en tasa de homicidios al pa\u00eds m\u00e1s violento del mundo"},"content":{"rendered":"<p><img loading=\"lazy\" decoding=\"async\" data-attachment-id=\"53752\" data-permalink=\"https:\/\/www.grieta.org.mx\/index.php\/2020\/09\/24\/colima-supera-en-tasa-de-homicidios-al-pais-mas-violento-del-mundo\/nacho-4\/\" data-orig-file=\"https:\/\/www.grieta.org.mx\/wp-content\/uploads\/2020\/09\/Nacho-4.jpg\" data-orig-size=\"671,640\" data-comments-opened=\"0\" data-image-meta=\"{&quot;aperture&quot;:&quot;0&quot;,&quot;credit&quot;:&quot;&quot;,&quot;camera&quot;:&quot;&quot;,&quot;caption&quot;:&quot;&quot;,&quot;created_timestamp&quot;:&quot;0&quot;,&quot;copyright&quot;:&quot;&quot;,&quot;focal_length&quot;:&quot;0&quot;,&quot;iso&quot;:&quot;0&quot;,&quot;shutter_speed&quot;:&quot;0&quot;,&quot;title&quot;:&quot;&quot;,&quot;orientation&quot;:&quot;0&quot;}\" data-image-title=\"Nacho-4\" data-image-description=\"\" data-image-caption=\"\" data-medium-file=\"https:\/\/www.grieta.org.mx\/wp-content\/uploads\/2020\/09\/Nacho-4-300x286.jpg\" data-large-file=\"https:\/\/www.grieta.org.mx\/wp-content\/uploads\/2020\/09\/Nacho-4.jpg\" class=\" wp-image-53752 aligncenter\" src=\"http:\/\/www.grieta.org.mx\/wp-content\/uploads\/2020\/09\/Nacho-4.jpg\" alt=\"\" width=\"799\" height=\"762\" srcset=\"https:\/\/www.grieta.org.mx\/wp-content\/uploads\/2020\/09\/Nacho-4.jpg 671w, https:\/\/www.grieta.org.mx\/wp-content\/uploads\/2020\/09\/Nacho-4-300x286.jpg 300w, https:\/\/www.grieta.org.mx\/wp-content\/uploads\/2020\/09\/Nacho-4-524x500.jpg 524w\" sizes=\"auto, (max-width: 799px) 100vw, 799px\" \/><\/p>\n<p>Imagen: Diario Avanzada<\/p>\n<p>Redacci\u00f3n \/ Diario Avanzada<\/p>\n<p>Colima, M\u00e9xico, Avanzada (24\/09\/2020).- Con una tasa de 105 asesinatos por cada 100 mil habitantes durante 2019, seg\u00fan cifras del Instituto Nacional de estad\u00edstica y Geograf\u00eda (Inegi), el estado de Colima super\u00f3 significativamente a El Salvador, ubicado por la Organizaci\u00f3n de las Naciones Unidas (ONU) como el pa\u00eds m\u00e1s violento del mundo, con una tasa de 61.8 homicidios por cada 100 mil habitantes en ese mismo a\u00f1o.<\/p>\n<p>Mientras tanto, seg\u00fan la ONU, M\u00e9xico como pa\u00eds se coloc\u00f3 en el lugar 12 de la tabla de los pa\u00edses m\u00e1s violentos del mundo, con una tasa de 27 casos por cada 100 mil habitantes.<\/p>\n<p>Con base en las cifras del Inegi, en Colima se registraron durante el a\u00f1o anterior 812 asesinatos, cifra s\u00f3lo superada por la de 2017, cuando se contabilizaron 867 casos.<\/p>\n<p>Las estad\u00edsticas del Inegi revelan que en 2019 se registraron 36 mil 476 homicidios en M\u00e9xico. Es decir, una raz\u00f3n de 29 homicidios por cada 100 mil habitantes a nivel nacional, tasa similar a la registrada en 2018.<\/p>\n<p>Estas cifras se derivan de la estad\u00edstica de defunciones registradas, a partir de los registros administrativos de defunciones accidentales y violentas, los cuales son generados por las entidades federativas y que son recopilados mensualmente por el INEGI. Las fuentes informantes que tuvieron al menos un registro de homicidio corresponden a 405 Oficial\u00edas del Registro Civil, 259 Agencias del Ministerio P\u00fablico y 106 Servicios M\u00e9dicos Forenses.<\/p>\n<p>A partir de 2015, el INEGI capta informaci\u00f3n de presuntos homicidios directamente de los Servicios M\u00e9dicos Forenses por medio de los certificados de defunci\u00f3n que emiten para las muertes accidentales y violentas. Adem\u00e1s, capta datos en las Oficial\u00edas del Registro Civil a trav\u00e9s de actas y certificados de defunci\u00f3n. Esta informaci\u00f3n se complementa con la proporcionada por las Agencias del Ministerio P\u00fablico mediante cuadernos estad\u00edsticos.<\/p>\n<p>Los homicidios forman parte de las defunciones accidentales y violentas, cuya clasificaci\u00f3n se determina con base en las afecciones y lesiones (causas), la presunci\u00f3n del tipo de defunci\u00f3n y el motivo de la lesi\u00f3n, registrados por el certificante en el certificado de defunci\u00f3n. Las primeras dos son fundamentales para distinguir entre un presunto homicidio, un presunto accidente o un presunto suicidio, aunque en algunos casos el certificante carece de elementos suficientes para identificar la intencionalidad del hecho ocurrido.<\/p>\n<p><a href=\"https:\/\/www.diarioavanzada.com.mx\/?p=15751\">https:\/\/www.diarioavanzada.com.mx\/?p=15751<\/a><\/p>\n","protected":false},"excerpt":{"rendered":"<p>Imagen: Diario Avanzada Redacci\u00f3n \/ Diario Avanzada Colima, M\u00e9xico, Avanzada (24\/09\/2020).- Con una tasa de 105 asesinatos por cada 100 mil habitantes durante 2019, seg\u00fan cifras del Instituto Nacional de &hellip; <a href=\"https:\/\/www.grieta.org.mx\/index.php\/2020\/09\/24\/colima-supera-en-tasa-de-homicidios-al-pais-mas-violento-del-mundo\/\" class=\"more-link\">Leer m\u00e1s<\/a><\/p>\n","protected":false},"author":2,"featured_media":21928,"comment_status":"closed","ping_status":"closed","sticky":false,"template":"","format":"standard","meta":{"ngg_post_thumbnail":0,"_jetpack_newsletter_access":"","_jetpack_dont_email_post_to_subs":false,"_jetpack_newsletter_tier_id":0,"_jetpack_memberships_contains_paywalled_content":false,"_jetpack_memberships_contains_paid_content":false,"footnotes":""},"categories":[80,13,1126,2],"tags":[3024,1133],"class_list":["post-53751","post","type-post","status-publish","format-standard","has-post-thumbnail","hentry","category-cintillo","category-colima","category-incremento-en-la-violencia-en-colima","category-noticias-nacionales","tag-aumento-de-la-violencia","tag-incremento-en-la-violencia","entry"],"jetpack_featured_media_url":"https:\/\/www.grieta.org.mx\/wp-content\/uploads\/2018\/03\/14524434_1106112876131411_958039263622046936_o.jpg","jetpack_sharing_enabled":true,"jetpack_shortlink":"https:\/\/wp.me\/p7ZJR4-dYX","jetpack_likes_enabled":false,"jetpack-related-posts":[{"id":60176,"url":"https:\/\/www.grieta.org.mx\/index.php\/2021\/06\/22\/colima-entre-los-primeros-lugares-en-asesinatos-y-extorsiones-en-el-pais\/","url_meta":{"origin":53751,"position":0},"title":"Colima, entre los primeros lugares en asesinatos y extorsiones en el pa\u00eds","author":"grieta","date":"22 junio, 2021","format":false,"excerpt":"Foto: Diario Avanzada Redacci\u00f3n \/ Diario Avanzada Colima, M\u00e9xico, Avanzada (22\/06\/2021).- Con 238 v\u00edctimas en los primeros cinco meses del presente a\u00f1o, el estado de Colima se mantiene en los primeros lugares de la incidencia de asesinatos en el pa\u00eds, de acuerdo con las cifras del Secretariado Ejecutivo del Sistema\u2026","rel":"","context":"En &quot;CINTILLO&quot;","block_context":{"text":"CINTILLO","link":"https:\/\/www.grieta.org.mx\/index.php\/category\/cintillo\/"},"img":{"alt_text":"","src":"https:\/\/i0.wp.com\/www.grieta.org.mx\/wp-content\/uploads\/2021\/06\/Seguridad.png?resize=350%2C200&ssl=1","width":350,"height":200,"srcset":"https:\/\/i0.wp.com\/www.grieta.org.mx\/wp-content\/uploads\/2021\/06\/Seguridad.png?resize=350%2C200&ssl=1 1x, https:\/\/i0.wp.com\/www.grieta.org.mx\/wp-content\/uploads\/2021\/06\/Seguridad.png?resize=525%2C300&ssl=1 1.5x"},"classes":[]},{"id":43795,"url":"https:\/\/www.grieta.org.mx\/index.php\/2020\/01\/30\/homicidio-de-mujeres-en-colima-alcanza-el-nivel-de-epidemia-segun-oms\/","url_meta":{"origin":53751,"position":1},"title":"Homicidio de mujeres en Colima alcanza el nivel de epidemia, seg\u00fan OMS","author":"grieta","date":"30 enero, 2020","format":false,"excerpt":"Foto. Diario Avanzada Heidi de Le\u00f3n Guti\u00e9rrez \/ Diario Avanzada Colima, M\u00e9xico, Avanzada (30\/01\/2020).- Colima es el estado donde m\u00e1s asesinan mujeres por cada 100 mil habitantes en el pa\u00eds, seguido de Baja California, Chihuahua y Quintana Roo. Las cifras de homicidios contra mujeres, permiten deducir que la entidad padece\u2026","rel":"","context":"En &quot;CINTILLO&quot;","block_context":{"text":"CINTILLO","link":"https:\/\/www.grieta.org.mx\/index.php\/category\/cintillo\/"},"img":{"alt_text":"","src":"https:\/\/i0.wp.com\/www.grieta.org.mx\/wp-content\/uploads\/2020\/02\/Feminicidios.jpg?resize=350%2C200&ssl=1","width":350,"height":200,"srcset":"https:\/\/i0.wp.com\/www.grieta.org.mx\/wp-content\/uploads\/2020\/02\/Feminicidios.jpg?resize=350%2C200&ssl=1 1x, https:\/\/i0.wp.com\/www.grieta.org.mx\/wp-content\/uploads\/2020\/02\/Feminicidios.jpg?resize=525%2C300&ssl=1 1.5x, https:\/\/i0.wp.com\/www.grieta.org.mx\/wp-content\/uploads\/2020\/02\/Feminicidios.jpg?resize=700%2C400&ssl=1 2x"},"classes":[]},{"id":67829,"url":"https:\/\/www.grieta.org.mx\/index.php\/2023\/09\/25\/colima-primero-en-homicidios-de-mujeres-y-violencia-familiar-segundo-en-feminicidios\/","url_meta":{"origin":53751,"position":2},"title":"Colima, primero en homicidios de mujeres y violencia familiar; segundo en feminicidios","author":"grieta","date":"25 septiembre, 2023","format":false,"excerpt":"Imagen: Tomada de la Red Heidi de Le\u00f3n Guti\u00e9rrez \/ Diario Avanzada Colima, M\u00e9xico, Avanzada (25\/09\/2023).- A pesar de haber sido declarado con Alerta de Violencia de G\u00e9nero desde 2017, el estado de Colima contin\u00faa padeciendo la ola de violencia familiar y de g\u00e9nero. Las cifras son alarmantes: seg\u00fan el\u2026","rel":"","context":"En &quot;CINTILLO&quot;","block_context":{"text":"CINTILLO","link":"https:\/\/www.grieta.org.mx\/index.php\/category\/cintillo\/"},"img":{"alt_text":"","src":"https:\/\/i0.wp.com\/www.grieta.org.mx\/wp-content\/uploads\/2023\/10\/Imagen-de-WhatsApp-2023-09-25-a-las-08.16.28-840x1024-1.webp?resize=350%2C200&ssl=1","width":350,"height":200,"srcset":"https:\/\/i0.wp.com\/www.grieta.org.mx\/wp-content\/uploads\/2023\/10\/Imagen-de-WhatsApp-2023-09-25-a-las-08.16.28-840x1024-1.webp?resize=350%2C200&ssl=1 1x, https:\/\/i0.wp.com\/www.grieta.org.mx\/wp-content\/uploads\/2023\/10\/Imagen-de-WhatsApp-2023-09-25-a-las-08.16.28-840x1024-1.webp?resize=525%2C300&ssl=1 1.5x, https:\/\/i0.wp.com\/www.grieta.org.mx\/wp-content\/uploads\/2023\/10\/Imagen-de-WhatsApp-2023-09-25-a-las-08.16.28-840x1024-1.webp?resize=700%2C400&ssl=1 2x"},"classes":[]},{"id":42551,"url":"https:\/\/www.grieta.org.mx\/index.php\/2019\/12\/22\/asesinaron-a-69-personas-en-colima-en-el-mes-de-noviembre\/","url_meta":{"origin":53751,"position":3},"title":"Asesinaron a 69 personas en Colima en el mes de noviembre","author":"grieta","date":"22 diciembre, 2019","format":false,"excerpt":"Imagen: Diario Avanzada Pedro Zamora Brise\u00f1o \/ Diario Avanzada Colima, M\u00e9xico, Avanzada (22\/12\/2019).- El mes de noviembre se convirti\u00f3 en uno de los m\u00e1s sangrientos del presente a\u00f1o en esta entidad, con 69 homicidios dolosos \u2014cifra s\u00f3lo comparable con la de agosto pasado\u2014, para sumar 680 asesinatos a lo largo\u2026","rel":"","context":"En &quot;CINTILLO&quot;","block_context":{"text":"CINTILLO","link":"https:\/\/www.grieta.org.mx\/index.php\/category\/cintillo\/"},"img":{"alt_text":"","src":"https:\/\/i0.wp.com\/www.grieta.org.mx\/wp-content\/uploads\/2019\/12\/Colima-con-olor-a-muerte-1.jpg?resize=350%2C200&ssl=1","width":350,"height":200,"srcset":"https:\/\/i0.wp.com\/www.grieta.org.mx\/wp-content\/uploads\/2019\/12\/Colima-con-olor-a-muerte-1.jpg?resize=350%2C200&ssl=1 1x, https:\/\/i0.wp.com\/www.grieta.org.mx\/wp-content\/uploads\/2019\/12\/Colima-con-olor-a-muerte-1.jpg?resize=525%2C300&ssl=1 1.5x, https:\/\/i0.wp.com\/www.grieta.org.mx\/wp-content\/uploads\/2019\/12\/Colima-con-olor-a-muerte-1.jpg?resize=700%2C400&ssl=1 2x, https:\/\/i0.wp.com\/www.grieta.org.mx\/wp-content\/uploads\/2019\/12\/Colima-con-olor-a-muerte-1.jpg?resize=1050%2C600&ssl=1 3x, https:\/\/i0.wp.com\/www.grieta.org.mx\/wp-content\/uploads\/2019\/12\/Colima-con-olor-a-muerte-1.jpg?resize=1400%2C800&ssl=1 4x"},"classes":[]},{"id":67114,"url":"https:\/\/www.grieta.org.mx\/index.php\/2023\/06\/28\/en-los-ultimos-cinco-anos-la-tasa-de-asesinatos-en-colima-fue-de-380-yucatan-8\/","url_meta":{"origin":53751,"position":4},"title":"En los \u00faltimos cinco a\u00f1os, la tasa de asesinatos en Colima fue de 380, Yucat\u00e1n 8","author":"grieta","date":"28 junio, 2023","format":false,"excerpt":"Imagen: Diario Avanzada Heidi de Le\u00f3n Guti\u00e9rrez \/ Diario Avanzada Colima, M\u00e9xico, Avanzada (28\/06\/2023).- En el recuento de homicidios dolosos cometidos desde 2018 y hasta el pasado mes de mayo, Colima encabeza la tasa de asesinatos con 380 por cada 100 mil habitantes y supera por mucho, a estados como\u2026","rel":"","context":"En &quot;CINTILLO&quot;","block_context":{"text":"CINTILLO","link":"https:\/\/www.grieta.org.mx\/index.php\/category\/cintillo\/"},"img":{"alt_text":"","src":"https:\/\/i0.wp.com\/www.grieta.org.mx\/wp-content\/uploads\/2023\/07\/image-420.webp?resize=350%2C200&ssl=1","width":350,"height":200,"srcset":"https:\/\/i0.wp.com\/www.grieta.org.mx\/wp-content\/uploads\/2023\/07\/image-420.webp?resize=350%2C200&ssl=1 1x, https:\/\/i0.wp.com\/www.grieta.org.mx\/wp-content\/uploads\/2023\/07\/image-420.webp?resize=525%2C300&ssl=1 1.5x"},"classes":[]},{"id":57180,"url":"https:\/\/www.grieta.org.mx\/index.php\/2021\/02\/20\/colima-triplico-la-tasa-nacional-de-homicidios-en-enero\/","url_meta":{"origin":53751,"position":5},"title":"Colima triplic\u00f3 la tasa nacional de homicidios en enero","author":"grieta","date":"20 febrero, 2021","format":false,"excerpt":"Foto: Diario Avanzada Redacci\u00f3n \/ Diario Avanzada Colima, M\u00e9xico, Avanzada (20\/02\/2021).- Los niveles de violencia no han disminuido en el estado, pues durante el primer mes de 2021 fueron asesinadas 54 personas, cantidad ligeramente superior al promedio mensual registrado el a\u00f1o pasado, que fue de 53.1, con un total de\u2026","rel":"","context":"En &quot;CINTILLO&quot;","block_context":{"text":"CINTILLO","link":"https:\/\/www.grieta.org.mx\/index.php\/category\/cintillo\/"},"img":{"alt_text":"","src":"https:\/\/i0.wp.com\/www.grieta.org.mx\/wp-content\/uploads\/2018\/03\/14524434_1106112876131411_958039263622046936_o.jpg?resize=350%2C200&ssl=1","width":350,"height":200,"srcset":"https:\/\/i0.wp.com\/www.grieta.org.mx\/wp-content\/uploads\/2018\/03\/14524434_1106112876131411_958039263622046936_o.jpg?resize=350%2C200&ssl=1 1x, https:\/\/i0.wp.com\/www.grieta.org.mx\/wp-content\/uploads\/2018\/03\/14524434_1106112876131411_958039263622046936_o.jpg?resize=525%2C300&ssl=1 1.5x, https:\/\/i0.wp.com\/www.grieta.org.mx\/wp-content\/uploads\/2018\/03\/14524434_1106112876131411_958039263622046936_o.jpg?resize=700%2C400&ssl=1 2x"},"classes":[]}],"_links":{"self":[{"href":"https:\/\/www.grieta.org.mx\/index.php\/wp-json\/wp\/v2\/posts\/53751","targetHints":{"allow":["GET"]}}],"collection":[{"href":"https:\/\/www.grieta.org.mx\/index.php\/wp-json\/wp\/v2\/posts"}],"about":[{"href":"https:\/\/www.grieta.org.mx\/index.php\/wp-json\/wp\/v2\/types\/post"}],"author":[{"embeddable":true,"href":"https:\/\/www.grieta.org.mx\/index.php\/wp-json\/wp\/v2\/users\/2"}],"replies":[{"embeddable":true,"href":"https:\/\/www.grieta.org.mx\/index.php\/wp-json\/wp\/v2\/comments?post=53751"}],"version-history":[{"count":1,"href":"https:\/\/www.grieta.org.mx\/index.php\/wp-json\/wp\/v2\/posts\/53751\/revisions"}],"predecessor-version":[{"id":53753,"href":"https:\/\/www.grieta.org.mx\/index.php\/wp-json\/wp\/v2\/posts\/53751\/revisions\/53753"}],"wp:featuredmedia":[{"embeddable":true,"href":"https:\/\/www.grieta.org.mx\/index.php\/wp-json\/wp\/v2\/media\/21928"}],"wp:attachment":[{"href":"https:\/\/www.grieta.org.mx\/index.php\/wp-json\/wp\/v2\/media?parent=53751"}],"wp:term":[{"taxonomy":"category","embeddable":true,"href":"https:\/\/www.grieta.org.mx\/index.php\/wp-json\/wp\/v2\/categories?post=53751"},{"taxonomy":"post_tag","embeddable":true,"href":"https:\/\/www.grieta.org.mx\/index.php\/wp-json\/wp\/v2\/tags?post=53751"}],"curies":[{"name":"wp","href":"https:\/\/api.w.org\/{rel}","templated":true}]}}