{"id":53747,"date":"2020-09-22T10:30:58","date_gmt":"2020-09-22T15:30:58","guid":{"rendered":"http:\/\/www.grieta.org.mx\/?p=53747"},"modified":"2020-09-24T12:13:46","modified_gmt":"2020-09-24T17:13:46","slug":"queremos-trabajar-vendedores-piden-fin-al-acoso-de-autoridades-en-merida","status":"publish","type":"post","link":"https:\/\/www.grieta.org.mx\/index.php\/2020\/09\/22\/queremos-trabajar-vendedores-piden-fin-al-acoso-de-autoridades-en-merida\/","title":{"rendered":"&#8216;\u00a1Queremos trabajar!&#8217;, vendedores piden fin al acoso de autoridades en M\u00e9rida"},"content":{"rendered":"<p><img loading=\"lazy\" decoding=\"async\" data-attachment-id=\"53763\" data-permalink=\"https:\/\/www.grieta.org.mx\/index.php\/2020\/09\/22\/queremos-trabajar-vendedores-piden-fin-al-acoso-de-autoridades-en-merida\/queremostrabajar\/\" data-orig-file=\"https:\/\/www.grieta.org.mx\/wp-content\/uploads\/2020\/09\/QueremosTrabajar.png\" data-orig-size=\"598,372\" data-comments-opened=\"0\" data-image-meta=\"{&quot;aperture&quot;:&quot;0&quot;,&quot;credit&quot;:&quot;&quot;,&quot;camera&quot;:&quot;&quot;,&quot;caption&quot;:&quot;&quot;,&quot;created_timestamp&quot;:&quot;0&quot;,&quot;copyright&quot;:&quot;&quot;,&quot;focal_length&quot;:&quot;0&quot;,&quot;iso&quot;:&quot;0&quot;,&quot;shutter_speed&quot;:&quot;0&quot;,&quot;title&quot;:&quot;&quot;,&quot;orientation&quot;:&quot;0&quot;}\" data-image-title=\"QueremosTrabajar\" data-image-description=\"\" data-image-caption=\"\" data-medium-file=\"https:\/\/www.grieta.org.mx\/wp-content\/uploads\/2020\/09\/QueremosTrabajar-300x187.png\" data-large-file=\"https:\/\/www.grieta.org.mx\/wp-content\/uploads\/2020\/09\/QueremosTrabajar.png\" src=\"http:\/\/www.grieta.org.mx\/wp-content\/uploads\/2020\/09\/QueremosTrabajar.png\" alt=\"\" width=\"598\" height=\"372\" class=\"alignnone size-full wp-image-53763\" srcset=\"https:\/\/www.grieta.org.mx\/wp-content\/uploads\/2020\/09\/QueremosTrabajar.png 598w, https:\/\/www.grieta.org.mx\/wp-content\/uploads\/2020\/09\/QueremosTrabajar-300x187.png 300w\" sizes=\"auto, (max-width: 598px) 100vw, 598px\" \/><\/p>\n<p>La Verdad<br \/>\nTras quejas por la implementaci\u00f3n de restricciones a los accesos y aforo en el mercado San Benito, as\u00ed como se\u00f1alamientos de presunto hostigamiento por parte de polic\u00edas e inspectores, locatarios y vendedores ambulantes del centro de abasto se manifestaron con el grito de \u2018\u00a1Queremos trabajar!\u2019 tras los dif\u00edciles meses que ha tra\u00eddo la presente contingencia sanitaria.<\/p>\n<p>Ubicado en el centro hist\u00f3rico de M\u00e9rida, el mercado San Benito ha reportado una baja considerable en el n\u00famero de visitantes lo cual se ha visto reflejado en bajas ventas tanto para locatarios como para vendedores ambulantes.<\/p>\n<p>Los afectados denuncian que esta situaci\u00f3n de por s\u00ed cr\u00edtica es empeorada por el constante acoso que sufren por parte de elementos policiacos, quienes argumentando diversas restricciones por la pandemia, no los dejan trabajar pese a que lo \u00fanico que buscan es el sustento de sus familias, e inspectores que cobran cuotas abusivas bajo la amenaza de confiscarles la mercanc\u00eda.<\/p>\n<p><img loading=\"lazy\" decoding=\"async\" data-attachment-id=\"53765\" data-permalink=\"https:\/\/www.grieta.org.mx\/index.php\/2020\/09\/22\/queremos-trabajar-vendedores-piden-fin-al-acoso-de-autoridades-en-merida\/queremostrabajar2\/\" data-orig-file=\"https:\/\/www.grieta.org.mx\/wp-content\/uploads\/2020\/09\/QueremosTrabajar2.png\" data-orig-size=\"600,354\" data-comments-opened=\"0\" data-image-meta=\"{&quot;aperture&quot;:&quot;0&quot;,&quot;credit&quot;:&quot;&quot;,&quot;camera&quot;:&quot;&quot;,&quot;caption&quot;:&quot;&quot;,&quot;created_timestamp&quot;:&quot;0&quot;,&quot;copyright&quot;:&quot;&quot;,&quot;focal_length&quot;:&quot;0&quot;,&quot;iso&quot;:&quot;0&quot;,&quot;shutter_speed&quot;:&quot;0&quot;,&quot;title&quot;:&quot;&quot;,&quot;orientation&quot;:&quot;0&quot;}\" data-image-title=\"QueremosTrabajar2\" data-image-description=\"\" data-image-caption=\"\" data-medium-file=\"https:\/\/www.grieta.org.mx\/wp-content\/uploads\/2020\/09\/QueremosTrabajar2-300x177.png\" data-large-file=\"https:\/\/www.grieta.org.mx\/wp-content\/uploads\/2020\/09\/QueremosTrabajar2.png\" src=\"http:\/\/www.grieta.org.mx\/wp-content\/uploads\/2020\/09\/QueremosTrabajar2.png\" alt=\"\" width=\"600\" height=\"354\" class=\"alignnone size-full wp-image-53765\" srcset=\"https:\/\/www.grieta.org.mx\/wp-content\/uploads\/2020\/09\/QueremosTrabajar2.png 600w, https:\/\/www.grieta.org.mx\/wp-content\/uploads\/2020\/09\/QueremosTrabajar2-300x177.png 300w\" sizes=\"auto, (max-width: 600px) 100vw, 600px\" \/><\/p>\n<p>Locatarios y vendedores comenzaron su protesta contra el hostigamiento de las autoridades en la rampa del mercado San Benito, ubicado en el centro de M\u00e9rida.<br \/>\nProtesta de vendedores recorre el centro de M\u00e9rida<\/p>\n<p>La protesta organizada por los vendedores que dependen de este importante centro de abasto inici\u00f3 en la rampa del mercado San Benito con direcci\u00f3n al Palacio Municipal de M\u00e9rida donde los manifestantes pidieron que un representante del ayuntamiento escuchara sus peticiones.<\/p>\n<p>Posteriormente los vendedores afectados se trasladaron al Palacio Municipal de M\u00e9rida donde, tras formar una comitiva, pidieron ser escuchados por un representante de las autoridades.<\/p>\n<p>Es as\u00ed que los locatarios y vendedores afectados se\u00f1alan que su situaci\u00f3n es cada vez m\u00e1s precaria por lo que piden a las autoridades municipales una soluci\u00f3n que les permita trabajar sin correr el riesgo de ser detenidos o clausurados.<\/p>\n<p><a href=\"https:\/\/laverdadnoticias.com\/yucatan\/Queremos-trabajar-vendedores-piden-fin-al-acoso-de-autoridades-en-Merida-20200922-0175.html\" rel=\"noopener noreferrer\" target=\"_blank\">https:\/\/laverdadnoticias.com\/yucatan\/Queremos-trabajar-vendedores-piden-fin-al-acoso-de-autoridades-en-Merida-20200922-0175.html<\/a><\/p>\n","protected":false},"excerpt":{"rendered":"<p>La Verdad Tras quejas por la implementaci\u00f3n de restricciones a los accesos y aforo en el mercado San Benito, as\u00ed como se\u00f1alamientos de presunto hostigamiento por parte de polic\u00edas e &hellip; <a href=\"https:\/\/www.grieta.org.mx\/index.php\/2020\/09\/22\/queremos-trabajar-vendedores-piden-fin-al-acoso-de-autoridades-en-merida\/\" class=\"more-link\">Leer m\u00e1s<\/a><\/p>\n","protected":false},"author":2,"featured_media":53763,"comment_status":"closed","ping_status":"closed","sticky":false,"template":"","format":"standard","meta":{"ngg_post_thumbnail":0,"_jetpack_newsletter_access":"","_jetpack_dont_email_post_to_subs":false,"_jetpack_newsletter_tier_id":0,"_jetpack_memberships_contains_paywalled_content":false,"_jetpack_memberships_contains_paid_content":false,"footnotes":""},"categories":[2789,80,3272,2,3211,36],"tags":[701,3241,3140],"class_list":["post-53747","post","type-post","status-publish","format-standard","has-post-thumbnail","hentry","category-abuso-autoridades-en-yucatan","category-cintillo","category-covid-19-en-yucatan","category-noticias-nacionales","category-precariedad-laboral-en-yucatan","category-yucatan","tag-ambulantaje","tag-covid-19","tag-precarizacion-de-las-condiciones-de-vida","entry"],"jetpack_featured_media_url":"https:\/\/www.grieta.org.mx\/wp-content\/uploads\/2020\/09\/QueremosTrabajar.png","jetpack_sharing_enabled":true,"jetpack_shortlink":"https:\/\/wp.me\/p7ZJR4-dYT","jetpack_likes_enabled":false,"jetpack-related-posts":[{"id":58097,"url":"https:\/\/www.grieta.org.mx\/index.php\/2021\/04\/03\/las-autoridades-no-nos-cumplen-protestan-artesanos-queretaro\/","url_meta":{"origin":53747,"position":0},"title":"&#8220;Las autoridades no nos cumplen&#8221;, protestan artesanos (Quer\u00e9taro)","author":"grieta","date":"3 abril, 2021","format":false,"excerpt":"Foto: Demian Ch\u00e1vez Alma G\u00f3mez \/ El Universal Niegan fin pol\u00edtico por instalarse en el andador 5 de Mayo Los artesanos y ambulantes instalados desde hace seis meses en el andador 5 de mayo, en el centro de la ciudad, respondieron a las denuncias hechas en rueda de prensa por\u2026","rel":"","context":"En &quot;Abuso policiaco y tortura en Quer\u00e9taro&quot;","block_context":{"text":"Abuso policiaco y tortura en Quer\u00e9taro","link":"https:\/\/www.grieta.org.mx\/index.php\/category\/noticias-nacionales\/queretaro\/abuso-policiaco-y-tortura-en-queretaro\/"},"img":{"alt_text":"","src":"https:\/\/i0.wp.com\/www.grieta.org.mx\/wp-content\/uploads\/2021\/04\/Las-autoridades-no-nos-cumplen-qro-abr.jpg?resize=350%2C200","width":350,"height":200},"classes":[]},{"id":51701,"url":"https:\/\/www.grieta.org.mx\/index.php\/2020\/07\/10\/empieza-la-crisis-por-las-camas-en-merida-primer-hospital-de-yucatan-deja-de-recibir-enfermos-de-covid-19-a-causa-de-saturacion\/","url_meta":{"origin":53747,"position":1},"title":"Empieza la crisis por las camas en M\u00e9rida: Primer hospital de Yucat\u00e1n deja de recibir enfermos de COVID-19 a causa de saturaci\u00f3n","author":"grieta","date":"10 julio, 2020","format":false,"excerpt":"Itzel Chan \/ Noticaribe M\u00c9RIDA, MX.- Desde esta ma\u00f1ana, ciudadanos de Yucat\u00e1n denunciaron que el hospital \u201cLicenciado Benito Ju\u00e1rez\u201d ya no recib\u00eda a personas con s\u00edntomas de coronavirus (Covid-19), situaci\u00f3n que ya fue confirmada por el Instituto Mexicano del Seguro Social (IMSS). De acuerdo con informaci\u00f3n emitida por la misma\u2026","rel":"","context":"En &quot;CINTILLO&quot;","block_context":{"text":"CINTILLO","link":"https:\/\/www.grieta.org.mx\/index.php\/category\/cintillo\/"},"img":{"alt_text":"","src":"https:\/\/i0.wp.com\/www.grieta.org.mx\/wp-content\/uploads\/2020\/07\/CrisisHospitalesMerida.png?resize=350%2C200&ssl=1","width":350,"height":200,"srcset":"https:\/\/i0.wp.com\/www.grieta.org.mx\/wp-content\/uploads\/2020\/07\/CrisisHospitalesMerida.png?resize=350%2C200&ssl=1 1x, https:\/\/i0.wp.com\/www.grieta.org.mx\/wp-content\/uploads\/2020\/07\/CrisisHospitalesMerida.png?resize=525%2C300&ssl=1 1.5x, https:\/\/i0.wp.com\/www.grieta.org.mx\/wp-content\/uploads\/2020\/07\/CrisisHospitalesMerida.png?resize=700%2C400&ssl=1 2x"},"classes":[]},{"id":53767,"url":"https:\/\/www.grieta.org.mx\/index.php\/2020\/09\/19\/crece-conflicto-entre-ambulantes-y-autoridad-en-chetumal\/","url_meta":{"origin":53747,"position":2},"title":"Crece conflicto entre ambulantes y autoridad en Chetumal","author":"grieta","date":"19 septiembre, 2020","format":false,"excerpt":"OTH\u00d3N POMPEYO BLANCO, QRoo, Ante el acoso y hostigamiento del que son objeto, vendedores ambulantes realizaron una manifestaci\u00f3n frente al Palacio Municipal de Oth\u00f3n Pompeyo Blanco para exigir la destituci\u00f3n del director de Fiscalizaci\u00f3n, Reglamento y V\u00eda P\u00fablica, Emmanuel Maga\u00f1a. Dijeron que a pesar de los compromisos de mantener el\u2026","rel":"","context":"En &quot;CINTILLO&quot;","block_context":{"text":"CINTILLO","link":"https:\/\/www.grieta.org.mx\/index.php\/category\/cintillo\/"},"img":{"alt_text":"","src":"https:\/\/i0.wp.com\/www.grieta.org.mx\/wp-content\/uploads\/2020\/09\/2c33d793-81db-49da-a725-d1793ac3e091-1160x700-1-e1600968229486.jpg?resize=350%2C200&ssl=1","width":350,"height":200,"srcset":"https:\/\/i0.wp.com\/www.grieta.org.mx\/wp-content\/uploads\/2020\/09\/2c33d793-81db-49da-a725-d1793ac3e091-1160x700-1-e1600968229486.jpg?resize=350%2C200&ssl=1 1x, https:\/\/i0.wp.com\/www.grieta.org.mx\/wp-content\/uploads\/2020\/09\/2c33d793-81db-49da-a725-d1793ac3e091-1160x700-1-e1600968229486.jpg?resize=525%2C300&ssl=1 1.5x, https:\/\/i0.wp.com\/www.grieta.org.mx\/wp-content\/uploads\/2020\/09\/2c33d793-81db-49da-a725-d1793ac3e091-1160x700-1-e1600968229486.jpg?resize=700%2C400&ssl=1 2x"},"classes":[]},{"id":47125,"url":"https:\/\/www.grieta.org.mx\/index.php\/2020\/04\/02\/protesta-personal-de-urgencias-del-hospital-juarez-por-falta-de-insumos-yucatan\/","url_meta":{"origin":53747,"position":3},"title":"Protesta personal de urgencias del Hospital Ju\u00e1rez por falta de insumos (Yucat\u00e1n)","author":"grieta","date":"2 abril, 2020","format":false,"excerpt":"Exigen que autoridades sanitarias les proporcionen cubrebocas N95, guantes, alcohol y material para protegerse y evitar contagiarse de coronavirus Novedades Yucat\u00e1n M\u00c9RIDA, Yucat\u00e1n.- Personal del \u00e1rea de urgencias del Hospital Benito Ju\u00e1rez Garc\u00eda No. 12 del Instituto Mexicano del Seguro Social (IMSS) en M\u00e9rida, realizaron un paro de labores como\u2026","rel":"","context":"En &quot;CINTILLO&quot;","block_context":{"text":"CINTILLO","link":"https:\/\/www.grieta.org.mx\/index.php\/category\/cintillo\/"},"img":{"alt_text":"","src":"https:\/\/i0.wp.com\/www.grieta.org.mx\/wp-content\/uploads\/2020\/04\/1585839587906-e1585939412781.jpg?resize=350%2C200&ssl=1","width":350,"height":200,"srcset":"https:\/\/i0.wp.com\/www.grieta.org.mx\/wp-content\/uploads\/2020\/04\/1585839587906-e1585939412781.jpg?resize=350%2C200&ssl=1 1x, https:\/\/i0.wp.com\/www.grieta.org.mx\/wp-content\/uploads\/2020\/04\/1585839587906-e1585939412781.jpg?resize=525%2C300&ssl=1 1.5x, https:\/\/i0.wp.com\/www.grieta.org.mx\/wp-content\/uploads\/2020\/04\/1585839587906-e1585939412781.jpg?resize=700%2C400&ssl=1 2x"},"classes":[]},{"id":10578,"url":"https:\/\/www.grieta.org.mx\/index.php\/2016\/06\/30\/desalojan-a-vendedores-ambulantes-y-artesanos-en-veracruz\/","url_meta":{"origin":53747,"position":4},"title":"Desalojan a vendedores ambulantes y artesanos en Veracruz","author":"grieta","date":"30 junio, 2016","format":false,"excerpt":"30\/06\/16. Aceptan ixhuatecos acuerdos con Orizaba Imagen del Golfo 07\/04\/16. Ind\u00edgenas Ixhuatecos exigen cese de agresiones del gobierno de Orizaba Regeneraci\u00f3n 07\/04\/16. Agrede polic\u00eda municipal de Orizaba a nahuas en Veracruz Sistema Integral de Informaci\u00f3n en Derecho Humanos","rel":"","context":"En &quot;NOTICIAS NACIONALES&quot;","block_context":{"text":"NOTICIAS NACIONALES","link":"https:\/\/www.grieta.org.mx\/index.php\/category\/noticias-nacionales\/"},"img":{"alt_text":"","src":"https:\/\/i0.wp.com\/www.grieta.org.mx\/wp-content\/uploads\/2018\/03\/14524434_1106112876131411_958039263622046936_o.jpg?resize=350%2C200&ssl=1","width":350,"height":200,"srcset":"https:\/\/i0.wp.com\/www.grieta.org.mx\/wp-content\/uploads\/2018\/03\/14524434_1106112876131411_958039263622046936_o.jpg?resize=350%2C200&ssl=1 1x, https:\/\/i0.wp.com\/www.grieta.org.mx\/wp-content\/uploads\/2018\/03\/14524434_1106112876131411_958039263622046936_o.jpg?resize=525%2C300&ssl=1 1.5x, https:\/\/i0.wp.com\/www.grieta.org.mx\/wp-content\/uploads\/2018\/03\/14524434_1106112876131411_958039263622046936_o.jpg?resize=700%2C400&ssl=1 2x"},"classes":[]},{"id":61366,"url":"https:\/\/www.grieta.org.mx\/index.php\/2021\/08\/29\/jovenes-se-manifiestan-contra-el-abuso-policiaco-en-el-centro-de-merida-yucatan\/","url_meta":{"origin":53747,"position":5},"title":"J\u00f3venes se manifiestan contra el abuso policiaco en el Centro de M\u00e9rida (Yucat\u00e1n)","author":"grieta","date":"29 agosto, 2021","format":false,"excerpt":"Jes\u00fas C\u00e1mara \/ PorEsto! Un grupo de j\u00f3venes pertenecientes a la agrupaci\u00f3n Sureste en Resistencia, realizaron una manifestaci\u00f3n de micr\u00f3fono en la Plaza Grande en el Centro de M\u00e9rida, para denunciar distintos casos de abuso policiaco por parte de la Polic\u00eda Estatal y Municipal de M\u00e9rida y otras localidades. Frente\u2026","rel":"","context":"En &quot;Abuso Autoridades en Yucat\u00e1n&quot;","block_context":{"text":"Abuso Autoridades en Yucat\u00e1n","link":"https:\/\/www.grieta.org.mx\/index.php\/category\/noticias-nacionales\/yucatan\/abuso-autoridades-en-yucatan\/"},"img":{"alt_text":"","src":"https:\/\/i0.wp.com\/www.grieta.org.mx\/wp-content\/uploads\/2021\/08\/ProtestaJovenes-e1630267522216.png?resize=350%2C200&ssl=1","width":350,"height":200,"srcset":"https:\/\/i0.wp.com\/www.grieta.org.mx\/wp-content\/uploads\/2021\/08\/ProtestaJovenes-e1630267522216.png?resize=350%2C200&ssl=1 1x, https:\/\/i0.wp.com\/www.grieta.org.mx\/wp-content\/uploads\/2021\/08\/ProtestaJovenes-e1630267522216.png?resize=525%2C300&ssl=1 1.5x, https:\/\/i0.wp.com\/www.grieta.org.mx\/wp-content\/uploads\/2021\/08\/ProtestaJovenes-e1630267522216.png?resize=700%2C400&ssl=1 2x"},"classes":[]}],"_links":{"self":[{"href":"https:\/\/www.grieta.org.mx\/index.php\/wp-json\/wp\/v2\/posts\/53747","targetHints":{"allow":["GET"]}}],"collection":[{"href":"https:\/\/www.grieta.org.mx\/index.php\/wp-json\/wp\/v2\/posts"}],"about":[{"href":"https:\/\/www.grieta.org.mx\/index.php\/wp-json\/wp\/v2\/types\/post"}],"author":[{"embeddable":true,"href":"https:\/\/www.grieta.org.mx\/index.php\/wp-json\/wp\/v2\/users\/2"}],"replies":[{"embeddable":true,"href":"https:\/\/www.grieta.org.mx\/index.php\/wp-json\/wp\/v2\/comments?post=53747"}],"version-history":[{"count":1,"href":"https:\/\/www.grieta.org.mx\/index.php\/wp-json\/wp\/v2\/posts\/53747\/revisions"}],"predecessor-version":[{"id":53766,"href":"https:\/\/www.grieta.org.mx\/index.php\/wp-json\/wp\/v2\/posts\/53747\/revisions\/53766"}],"wp:featuredmedia":[{"embeddable":true,"href":"https:\/\/www.grieta.org.mx\/index.php\/wp-json\/wp\/v2\/media\/53763"}],"wp:attachment":[{"href":"https:\/\/www.grieta.org.mx\/index.php\/wp-json\/wp\/v2\/media?parent=53747"}],"wp:term":[{"taxonomy":"category","embeddable":true,"href":"https:\/\/www.grieta.org.mx\/index.php\/wp-json\/wp\/v2\/categories?post=53747"},{"taxonomy":"post_tag","embeddable":true,"href":"https:\/\/www.grieta.org.mx\/index.php\/wp-json\/wp\/v2\/tags?post=53747"}],"curies":[{"name":"wp","href":"https:\/\/api.w.org\/{rel}","templated":true}]}}