{"id":53741,"date":"2020-09-18T00:54:41","date_gmt":"2020-09-18T05:54:41","guid":{"rendered":"http:\/\/www.grieta.org.mx\/?p=53741"},"modified":"2020-09-23T01:01:40","modified_gmt":"2020-09-23T06:01:40","slug":"crean-autogobierno-indigena-en-centro-historico-de-la-ciudad-de-queretaro","status":"publish","type":"post","link":"https:\/\/www.grieta.org.mx\/index.php\/2020\/09\/18\/crean-autogobierno-indigena-en-centro-historico-de-la-ciudad-de-queretaro\/","title":{"rendered":"Crean autogobierno ind\u00edgena en centro hist\u00f3rico de la ciudad de Quer\u00e9taro"},"content":{"rendered":"<p><img loading=\"lazy\" decoding=\"async\" data-attachment-id=\"53742\" data-permalink=\"https:\/\/www.grieta.org.mx\/index.php\/2020\/09\/18\/crean-autogobierno-indigena-en-centro-historico-de-la-ciudad-de-queretaro\/crean-autogobierno-indigena-en-centro-historico-de-la-ciudad-de-queretaro-sept\/\" data-orig-file=\"https:\/\/www.grieta.org.mx\/wp-content\/uploads\/2020\/09\/Crean-autogobierno-indigena-en-centro-historico-de-la-ciudad-de-Queretaro-sept.jpg\" data-orig-size=\"992,620\" data-comments-opened=\"0\" data-image-meta=\"{&quot;aperture&quot;:&quot;0&quot;,&quot;credit&quot;:&quot;&quot;,&quot;camera&quot;:&quot;&quot;,&quot;caption&quot;:&quot;&quot;,&quot;created_timestamp&quot;:&quot;0&quot;,&quot;copyright&quot;:&quot;&quot;,&quot;focal_length&quot;:&quot;0&quot;,&quot;iso&quot;:&quot;0&quot;,&quot;shutter_speed&quot;:&quot;0&quot;,&quot;title&quot;:&quot;&quot;,&quot;orientation&quot;:&quot;1&quot;}\" data-image-title=\"Crean autogobierno ind\u00edgena en centro hist\u00f3rico de la ciudad de Quer\u00e9taro sept\" data-image-description=\"\" data-image-caption=\"\" data-medium-file=\"https:\/\/www.grieta.org.mx\/wp-content\/uploads\/2020\/09\/Crean-autogobierno-indigena-en-centro-historico-de-la-ciudad-de-Queretaro-sept-300x188.jpg\" data-large-file=\"https:\/\/www.grieta.org.mx\/wp-content\/uploads\/2020\/09\/Crean-autogobierno-indigena-en-centro-historico-de-la-ciudad-de-Queretaro-sept.jpg\" class=\"alignnone  wp-image-53742\" src=\"http:\/\/www.grieta.org.mx\/wp-content\/uploads\/2020\/09\/Crean-autogobierno-indigena-en-centro-historico-de-la-ciudad-de-Queretaro-sept.jpg\" alt=\"\" width=\"643\" height=\"402\" srcset=\"https:\/\/www.grieta.org.mx\/wp-content\/uploads\/2020\/09\/Crean-autogobierno-indigena-en-centro-historico-de-la-ciudad-de-Queretaro-sept.jpg 992w, https:\/\/www.grieta.org.mx\/wp-content\/uploads\/2020\/09\/Crean-autogobierno-indigena-en-centro-historico-de-la-ciudad-de-Queretaro-sept-300x188.jpg 300w, https:\/\/www.grieta.org.mx\/wp-content\/uploads\/2020\/09\/Crean-autogobierno-indigena-en-centro-historico-de-la-ciudad-de-Queretaro-sept-768x480.jpg 768w, https:\/\/www.grieta.org.mx\/wp-content\/uploads\/2020\/09\/Crean-autogobierno-indigena-en-centro-historico-de-la-ciudad-de-Queretaro-sept-800x500.jpg 800w\" sizes=\"auto, (max-width: 643px) 100vw, 643px\" \/><\/p>\n<p>Texto y fotos: Alejandro Ruiz \/ Pie de P\u00e1gina<\/p>\n<p><strong>\u201cEsta organizaci\u00f3n\u00bb, se\u00f1ala Rosa S\u00e1nchez, vecina del barrio de San Francisquito, \u201cmaterializa la uni\u00f3n entre las mesas concheras y los vecinos del barrio; pues desde hace siglos compartimos nuestro territorio, el cual hoy se ve amenazado por la gentrificaci\u00f3n.\u201d<\/strong><\/p>\n<p>QUER\u00c9TARO<strong>.- <\/strong>En el marco de los festejos de la Santa Cruz de los Milagros, festividad sagrada para las y los danzantes concheros, integrantes de diversas mesas concheras y habitantes del barrio de San Francisquito \u2013ubicado en el centro hist\u00f3rico de la capital queretana\u2013 anunciaron la creaci\u00f3n de una Confederaci\u00f3n Ind\u00edgena para el ejercicio del autogobierno en su territorio.<\/p>\n<p>\u201cPara nosotros ser ind\u00edgena no tiene nada que ver con un color de piel, sino es la preservaci\u00f3n de nuestras tradiciones, de nuestras danzas y nuestros ritos. As\u00ed como el respeto y la identidad que tenemos con nuestros territorios\u201d se\u00f1al\u00f3 Rafael T\u00e9llez, vocero de las mesas concheras que integran la Confederaci\u00f3n.<\/p>\n<p>Las y los integrantes de la Confederaci\u00f3n Ind\u00edgena del barrio de San Francisquito explican: Este \u00f3rgano de gobierno se sustenta en el derecho que los pueblos originarios tienen para ejercer su libre autodeterminaci\u00f3n, as\u00ed como la autonom\u00eda. Estos derechos est\u00e1n contenidos en el art\u00edculo segundo de la Constituci\u00f3n Pol\u00edtica de los Estados Unidos Mexicanos.<\/p>\n<h3>Epicentro de la tradici\u00f3n conchera<\/h3>\n<p>En 1531 el ej\u00e9rcito colonial espa\u00f1ol libr\u00f3 una batalla contra guerreros otom\u00edes en el cerro del sangremal. Este se encuentra en el centro de la capital queretana; y hoy comprende los barrios de la Cruz y San Francisquito. Este hecho es considerado el mito fundacional de la ciudad; y por siglos ha sido rememorado por las y los danzantes concheros cuando exaltan a la santa cruz de los milagros.<\/p>\n<p>\u201cNosotros tenemos muy en claro que es aqu\u00ed, en el <em>sangremal<\/em> \u2013hoy San Francisquito\u2013 donde nace la tradici\u00f3n conchera\u201d; as\u00ed lo expresa Miguel Mart\u00ednez Cardona, capit\u00e1n general de una de las mesas de danzantes m\u00e1s antiguas del pa\u00eds. \u201cY por ello, a\u00fan despu\u00e9s de la ocupaci\u00f3n colonial, nuestro barrio sigui\u00f3 albergando y preservando las sagradas formas de la danza. Y a\u00fan con los genocidios que se perpetraron contra nuestro pueblo, seguimos preservando nuestra identidad originaria, la cual hoy se ve amenazada por los intereses pol\u00edticos y empresariales que han desencadenado la gentrificaci\u00f3n en nuestro barrio y la ocupaci\u00f3n de otros pueblos originarios.\u201d<\/p>\n<h3>Quer\u00e9taro y la gentrificaci\u00f3n<\/h3>\n<p>En abril del 2016, el municipio de Quer\u00e9taro firm\u00f3 un acuerdo de cooperaci\u00f3n con ONU-H\u00e1bitat para integrar a la entidad en la Iniciativa de Ciudades Pr\u00f3speras (ICP), la cual tiene como finalidad el dise\u00f1o de pol\u00edticas p\u00fablicas orientadas hacia un desarrollo urbano sustentable, y de la cual deriva la estrategia de territorializaci\u00f3n Q500.<\/p>\n<p>Esta estrategia se ha traducido en la modificaci\u00f3n del uso de suelo habitacional a mixto; en la construcci\u00f3n de complejos residenciales en zonas perif\u00e9ricas y c\u00e9ntricas; as\u00ed como en la construcci\u00f3n de infraestructura vial con un esquema de inversi\u00f3n p\u00fablica y privada. De este modo, se prioriza las zonas urbanas con \u201cpotencial de desarrollo\u201d.<\/p>\n<p>Si bien estos fen\u00f3menos ya ocurr\u00edan con antelaci\u00f3n, se aceleraron desde la implementaci\u00f3n de la estrategia Q500. Esto, aunado al crecimiento econ\u00f3mico de la entidad, ha impactado en las relaciones socio espaciales. Quer\u00e9taro se ha convertido en uno de los nichos industriales con mayor crecimiento a nivel nacional, y por ende las demandas de vivienda y servicios han aumentado exponencialmente.<\/p>\n<p>Diversos analistas se\u00f1alan que, durante la \u00faltima d\u00e9cada, la apuesta del sector inmobiliario en la entidad se ha concentrado en incrementar la oferta de vivienda residencial, residencial plus y premium; concentrando el 95% de la inversi\u00f3n en la capital del Estado y la zona metropolitana. Adem\u00e1s, de acuerdo a datos presentados por la Secretar\u00eda de Econom\u00eda en el 2019, Quer\u00e9taro ocup\u00f3 el primer lugar de los estados del Baj\u00edo con mayor Inversi\u00f3n Extranjera Directa; destacando el rubro de Reinversi\u00f3n de Utilidades. Esta consiste en inyectar capital a nuevas empresas y\/o fortalecer las ya existentes. Asimismo, se destac\u00f3 que el tipo de actividad que m\u00e1s ingresos aporta al Producto Interno Bruto de la entidad son las de tipo terciario; es decir: actividades empresariales enfocadas a la prestaci\u00f3n de servicios como la educaci\u00f3n, la salud, la cultura, el turismo, la recreaci\u00f3n y las comunicaciones.<\/p>\n<p>Esto ha propiciado que algunas zonas de la capital \u2013particularmente aquellas que se ubican en el primer cuadro de la ciudad\u2013, enfrenten un proceso de despojo y desplazamiento. Esto a partir de fen\u00f3menos como el incremento en los precios de productos y servicios de primera necesidad: el transporte y los alimentos. Tambi\u00e9n con el aumento de los costos en los impuestos a servicios p\u00fablicos como la electricidad, el agua potable y el predial.<\/p>\n<p>&nbsp;<\/p>\n<p>&nbsp;<\/p>\n<p><img loading=\"lazy\" decoding=\"async\" data-attachment-id=\"53743\" data-permalink=\"https:\/\/www.grieta.org.mx\/index.php\/2020\/09\/18\/crean-autogobierno-indigena-en-centro-historico-de-la-ciudad-de-queretaro\/sony-dsc-7\/\" data-orig-file=\"https:\/\/www.grieta.org.mx\/wp-content\/uploads\/2020\/09\/queretaro1.jpg\" data-orig-size=\"992,620\" data-comments-opened=\"0\" data-image-meta=\"{&quot;aperture&quot;:&quot;6.3&quot;,&quot;credit&quot;:&quot;&quot;,&quot;camera&quot;:&quot;DSLR-A350&quot;,&quot;caption&quot;:&quot;SONY DSC&quot;,&quot;created_timestamp&quot;:&quot;1600021087&quot;,&quot;copyright&quot;:&quot;&quot;,&quot;focal_length&quot;:&quot;40&quot;,&quot;iso&quot;:&quot;200&quot;,&quot;shutter_speed&quot;:&quot;0.01&quot;,&quot;title&quot;:&quot;SONY DSC&quot;,&quot;orientation&quot;:&quot;1&quot;}\" data-image-title=\"SONY DSC\" data-image-description=\"\" data-image-caption=\"&lt;p&gt;SONY DSC&lt;\/p&gt;\n\" data-medium-file=\"https:\/\/www.grieta.org.mx\/wp-content\/uploads\/2020\/09\/queretaro1-300x188.jpg\" data-large-file=\"https:\/\/www.grieta.org.mx\/wp-content\/uploads\/2020\/09\/queretaro1.jpg\" class=\" wp-image-53743\" src=\"http:\/\/www.grieta.org.mx\/wp-content\/uploads\/2020\/09\/queretaro1.jpg\" alt=\"\" width=\"651\" height=\"407\" srcset=\"https:\/\/www.grieta.org.mx\/wp-content\/uploads\/2020\/09\/queretaro1.jpg 992w, https:\/\/www.grieta.org.mx\/wp-content\/uploads\/2020\/09\/queretaro1-300x188.jpg 300w, https:\/\/www.grieta.org.mx\/wp-content\/uploads\/2020\/09\/queretaro1-768x480.jpg 768w, https:\/\/www.grieta.org.mx\/wp-content\/uploads\/2020\/09\/queretaro1-800x500.jpg 800w\" sizes=\"auto, (max-width: 651px) 100vw, 651px\" \/><\/p>\n<p>&nbsp;<\/p>\n<h3>Resistiendo contra la gentrificaci\u00f3n<\/h3>\n<p>La soci\u00f3loga norteamericana Ruth Glass ha definido este fen\u00f3meno de desplazamiento urbano que sufren los habitantes de bajo poder adquisitivo como gentrificaci\u00f3n; y se\u00f1ala que este es propiciado, principalmente, a trav\u00e9s de la revalorizaci\u00f3n del espacio que hacen corporaciones transnacionales, empresas privadas, paraestatales o p\u00fablicas. En s\u00edntesis es la sustituci\u00f3n de la poblaci\u00f3n de un espacio \u2013 regularmente de un estrato social bajo \u2013 por otra con mayor poder adquisitivo.<\/p>\n<p>\u201cNosotros hemos visto que en San Francisquito est\u00e1 aconteciendo un fen\u00f3meno con estas caracter\u00edsticas\u201d, se\u00f1ala Braulio Ayala, danzante conchero. \u201cEn los alrededores del barrio han construido complejos residenciales y grandes centros comerciales, as\u00ed como\u00a0 galer\u00edas de arte dentro del barrio que no tienen ning\u00fan v\u00ednculo con los vecinos o las problem\u00e1ticas de ac\u00e1. Y tras a\u00f1os de funcionamiento han generado afectaciones a las vecinas y vecinos, que van desde problemas de vialidad y la modificaci\u00f3n de usos de suelo, hasta el incremento en costos de renta o el valor catastral de las propiedades.\u201d<\/p>\n<p>Al estar ubicado en el primer cuadro de la ciudad, y poseer una rica cultura a base de sus tradiciones y costumbres, el barrio de San Francisquito es un gran objetivo para el sector inmobiliario y tur\u00edstico de la regi\u00f3n; lo cual ha puesto en alerta a sus habitantes desde hace un par de a\u00f1os.<\/p>\n<p>\u201cNosotros nos estamos organizando desde hace m\u00e1s de dos a\u00f1os\u201d, se\u00f1ala Rosa S\u00e1nchez.\u00a0 \u201cPues adem\u00e1s de defender al barrio nos estamos haciendo cargo de las actividades que el estado deber\u00eda atender, pero que parecen no importarle en San Francisquito. Por eso estamos asumiendo las tareas de limpieza y seguridad, as\u00ed como alternativas para las y los j\u00f3venes que tienen adicciones o problemas familiares. De igual forma realizamos actividades culturales, conciertos, proyecciones de cine; que permiten ir fortaleciendo el tejido comunitario de nuestro barrio para evitar que la gente venda sus casas y se sienta agusto viviendo en San Pancho.\u201d<\/p>\n<p>La organizaci\u00f3n vecinal de San Francisquito fue consolid\u00e1ndose a trav\u00e9s de una asamblea barrial, integrada por vecinas y vecinos de los cuatro sectores en los que tradicionalmente se divide el barrio, as\u00ed como por danzantes de varias mesas concheras; quienes desde el a\u00f1o pasado han optado por una ruta hacia el reconocimiento del barrio como comunidad ind\u00edgena urbana para proteger sus tradiciones y su patrimonio.<\/p>\n<h3>Concheros y vecinos en defensa del sangremal<\/h3>\n<p>En el 2019, el gobierno del estado anunci\u00f3 la construcci\u00f3n de un eje de transporte en el primer cuadro de la ciudad, concretamente en la Avenida Zaragoza. Esta es una de las avenidas m\u00e1s concurridas en la ciudad \u2013 la cual conecta el centro hist\u00f3rico con la carretera federal 57.<\/p>\n<p>Inmediatamente despu\u00e9s, la asamblea del barrio de San Francisquito manifest\u00f3 su inconformidad, pues afectar\u00eda el territorio sagrado donde se realizan las danzas concheras en el mes de septiembre, adem\u00e1s de afectar econ\u00f3micamente los comercios de la zona y el medioambiente.<\/p>\n<p>Las mesas concheras del barrio protagonizaron una serie de movilizaciones durante todo el a\u00f1o, y pudieron detener la obra. Tambi\u00e9n impulsaron acciones legales en conjunto con las y los vecinos de san francisquito para defender su territorio sagrado, e impulsar el reconocimiento del barrio como una comunidad ind\u00edgena urbana.<\/p>\n<p>\u201cNosotros comenzamos a hablar con los vecinos, a asesorarnos jur\u00eddicamente y a repensar nuestra identidad\u201d, se\u00f1ala Rafael T\u00e9llez. \u201cPues durante muchos a\u00f1os el gobierno se hab\u00eda aprovechado de nuestra ignorancia, y hab\u00eda intentado gentrificar nuestro barrio. Sin embargo, lo que no entienden es que san pancho no se vende, pues aqu\u00ed hay tradici\u00f3n, hay arraigo a nuestro territorio, y no vamos a dejar que nos lo arrebaten o nos desplacen.\u201d<\/p>\n<p>Rafael tambi\u00e9n se\u00f1ala que fue esta lucha la que comenz\u00f3 a configurar la organizaci\u00f3n que nacer\u00eda en el barrio; pues aunque comparten el mismo territorio, las necesidades de las mesas concheras y de los vecinos no son las mismas. \u201cAnte esto\u2013 agrega, \u2013y basados en el derecho a la autodeterminaci\u00f3n de los pueblos originarios, optamos por constituir legalmente una confederaci\u00f3n ind\u00edgena que sea un \u00f3rgano de autogobierno del barrio; y donde tanto concheros y vecinos estaremos representados a trav\u00e9s de un concejo ind\u00edgena que ver\u00e1 sobre la protecci\u00f3n de las tradiciones, la defensa de nuestro territorio y el fortalecimiento del tejido social y comunitario en el barrio.\u201d<\/p>\n<p>Hasta el momento, m\u00e1s de 500 vecinos de San Francisquito y alrededor de siete mesas de concheros se han sumado a la confederaci\u00f3n, contando actualmente con un esquema participativo de toma de decisiones, donde se elegir\u00e1n en asambleas por sector a las y los representantes que integrar\u00e1n el concejo ind\u00edgena del barrio; y quienes estar\u00e1n obligados a consultar con la comunidad cualquier decisi\u00f3n o proyecto a implementarse en San Francisquito.<\/p>\n<p>\u201cNosotros vamos a defender a nuestro cerro del sangremal\u201d, se\u00f1ala Miguel Mart\u00ednez,\u00a0 \u201cpues nos compete a nosotros mismos decidir sobre nuestro territorio. Han pasado muchos a\u00f1os y siempre las autoridades han querido lucrar con nuestras tradiciones y espacios sagrados, como ahora con la pandemia, que tanto el clero y el gobierno quisieron aprovechar la contingencia sanitaria para coartar la autonom\u00eda de las mesas concheras, pero se les olvida que s\u00f3lo los guardianes de las sagradas formas de la danza podemos determinar qu\u00e9 hacer o no hacer respecto a la tradici\u00f3n.\u201d<\/p>\n<p>El mensaje es claro entre quienes integran la confederaci\u00f3n: San Francisquito no se vende. Y en un acto hist\u00f3rico, se configura el primer autogobierno barrial de la entidad; guiado por el sonido del ahu\u00e9huetl y los caracoles apuntando hacia los cuatro vientos, construyendo la autonom\u00eda como alternativa al despojo.<\/p>\n<p>&nbsp;<\/p>\n<p>Esta publicaci\u00f3n es cortes\u00eda del autor y del sitio: San Pancho TV<\/p>\n<p><a href=\"https:\/\/piedepagina.mx\/crean-autogobierno-indigena-en-centro-historico-de-la-ciudad-de-queretaro\/\" target=\"_blank\" rel=\"noopener noreferrer\">https:\/\/piedepagina.mx\/crean-autogobierno-indigena-en-centro-historico-de-la-ciudad-de-queretaro\/<\/a><\/p>\n<p>&nbsp;<\/p>\n<p>&nbsp;<\/p>\n<p>&nbsp;<\/p>\n","protected":false},"excerpt":{"rendered":"<p>Texto y fotos: Alejandro Ruiz \/ Pie de P\u00e1gina \u201cEsta organizaci\u00f3n\u00bb, se\u00f1ala Rosa S\u00e1nchez, vecina del barrio de San Francisquito, \u201cmaterializa la uni\u00f3n entre las mesas concheras y los vecinos &hellip; <a href=\"https:\/\/www.grieta.org.mx\/index.php\/2020\/09\/18\/crean-autogobierno-indigena-en-centro-historico-de-la-ciudad-de-queretaro\/\" class=\"more-link\">Leer m\u00e1s<\/a><\/p>\n","protected":false},"author":2,"featured_media":53742,"comment_status":"closed","ping_status":"closed","sticky":false,"template":"","format":"standard","meta":{"ngg_post_thumbnail":0,"_jetpack_newsletter_access":"","_jetpack_dont_email_post_to_subs":false,"_jetpack_newsletter_tier_id":0,"_jetpack_memberships_contains_paywalled_content":false,"_jetpack_memberships_contains_paid_content":false,"footnotes":""},"categories":[3167,80,2533,1278,2480,2978,2,27,2690,3165,83],"tags":[870,1596],"class_list":{"0":"post-53741","1":"post","2":"type-post","3":"status-publish","4":"format-standard","5":"has-post-thumbnail","6":"hentry","7":"category-autonomias","8":"category-cintillo","9":"category-conflictos-por-desarrollos-inmobiliarios-en-queretaro","10":"category-despojo-de-tierras-y-territorios","11":"category-lucha-y-resistencia-del-pueblo-de-queretaro","12":"category-movilizaciones-y-protestas-de-habitantes-en-queretaro","13":"category-noticias-nacionales","14":"category-queretaro","15":"category-resistencias","17":"category-temas-nacionales","18":"tag-gentrificacion","19":"tag-pueblos-originarios","20":"entry"},"jetpack_featured_media_url":"https:\/\/www.grieta.org.mx\/wp-content\/uploads\/2020\/09\/Crean-autogobierno-indigena-en-centro-historico-de-la-ciudad-de-Queretaro-sept.jpg","jetpack_sharing_enabled":true,"jetpack_shortlink":"https:\/\/wp.me\/p7ZJR4-dYN","jetpack_likes_enabled":false,"jetpack-related-posts":[{"id":63747,"url":"https:\/\/www.grieta.org.mx\/index.php\/2022\/03\/19\/tianguis-cultural-san-pancho-el-barrio-que-resiste-y-no-se-vende-queretaro\/","url_meta":{"origin":53741,"position":0},"title":"Tianguis Cultural San Pancho: el barrio que resiste y no se vende (Quer\u00e9taro)","author":"grieta","date":"19 marzo, 2022","format":false,"excerpt":"Fotograf\u00eda: Laura Santos David \u00c1lvarez \/ Saltapatr\u00e1s En el barrio de San Francisquito se realiz\u00f3 otra edici\u00f3n m\u00e1s del Tianguis Cultural San Pancho, donde decenas de personas se hicieron presentes ante la serie de eventos que dieron inicio a partir de la 1 de la tarde; esto como una propuesta\u2026","rel":"","context":"En &quot;CINTILLO&quot;","block_context":{"text":"CINTILLO","link":"https:\/\/www.grieta.org.mx\/index.php\/category\/cintillo\/"},"img":{"alt_text":"","src":"https:\/\/i0.wp.com\/www.grieta.org.mx\/wp-content\/uploads\/2018\/03\/14524434_1106112876131411_958039263622046936_o.jpg?resize=350%2C200&ssl=1","width":350,"height":200,"srcset":"https:\/\/i0.wp.com\/www.grieta.org.mx\/wp-content\/uploads\/2018\/03\/14524434_1106112876131411_958039263622046936_o.jpg?resize=350%2C200&ssl=1 1x, https:\/\/i0.wp.com\/www.grieta.org.mx\/wp-content\/uploads\/2018\/03\/14524434_1106112876131411_958039263622046936_o.jpg?resize=525%2C300&ssl=1 1.5x, https:\/\/i0.wp.com\/www.grieta.org.mx\/wp-content\/uploads\/2018\/03\/14524434_1106112876131411_958039263622046936_o.jpg?resize=700%2C400&ssl=1 2x"},"classes":[]},{"id":52099,"url":"https:\/\/www.grieta.org.mx\/index.php\/2020\/07\/24\/el-arte-y-el-territorio-muralismo-en-san-francisquito-queretaro\/","url_meta":{"origin":53741,"position":1},"title":"EL ARTE Y EL TERRITORIO: MURALISMO EN SAN FRANCISQUITO (Quer\u00e9taro)","author":"grieta","date":"24 julio, 2020","format":false,"excerpt":"Fotos tomadas de: sanpanchotv.wordpress.com Alejandro Ruiz \/ San Pancho TV Quer\u00e9taro, Quer\u00e9taro 24 de julio del 2020 En esta \u00e9poca de total incertidumbre, donde la barbarie se ha instaurado como discurso oficial; repensar el arte es una tarea que nos debe de ocupar urgentemente, pues la relaci\u00f3n entre pensamiento-lenguaje, as\u00ed\u2026","rel":"","context":"En &quot;CINTILLO&quot;","block_context":{"text":"CINTILLO","link":"https:\/\/www.grieta.org.mx\/index.php\/category\/cintillo\/"},"img":{"alt_text":"","src":"https:\/\/i0.wp.com\/www.grieta.org.mx\/wp-content\/uploads\/2020\/07\/EL-ARTE-Y-EL-TERRITORIO-MURALISMO-EN-SAN-FRANCISQUITO-qro-jul.jpg?resize=350%2C200&ssl=1","width":350,"height":200,"srcset":"https:\/\/i0.wp.com\/www.grieta.org.mx\/wp-content\/uploads\/2020\/07\/EL-ARTE-Y-EL-TERRITORIO-MURALISMO-EN-SAN-FRANCISQUITO-qro-jul.jpg?resize=350%2C200&ssl=1 1x, https:\/\/i0.wp.com\/www.grieta.org.mx\/wp-content\/uploads\/2020\/07\/EL-ARTE-Y-EL-TERRITORIO-MURALISMO-EN-SAN-FRANCISQUITO-qro-jul.jpg?resize=525%2C300&ssl=1 1.5x, https:\/\/i0.wp.com\/www.grieta.org.mx\/wp-content\/uploads\/2020\/07\/EL-ARTE-Y-EL-TERRITORIO-MURALISMO-EN-SAN-FRANCISQUITO-qro-jul.jpg?resize=700%2C400&ssl=1 2x"},"classes":[]},{"id":46371,"url":"https:\/\/www.grieta.org.mx\/index.php\/2020\/03\/19\/lucha-de-los-vecinos-del-barrio-de-san-francisquito-queretaro-en-defensa-de-su-territorio\/","url_meta":{"origin":53741,"position":2},"title":"Lucha de los vecinos del Barrio de San Francisquito, Quer\u00e9taro, en defensa de su territorio.","author":"grieta","date":"19 marzo, 2020","format":false,"excerpt":"Colectivo Grieta, 18 de marzo de 2020. Ciudad de M\u00e9xico.- Durante las \u201cJornadas en defensa del Territorio y la Madre Tierra: Samir Somos Todas y Todos\u201d, pudimos entrevistar a vecinos del Barrio de San Francisquito, de la Ciudad de Quer\u00e9taro. Estos vecinos y vecinas, que marcharon junto a miles de\u2026","rel":"","context":"En &quot;CINTILLO&quot;","block_context":{"text":"CINTILLO","link":"https:\/\/www.grieta.org.mx\/index.php\/category\/cintillo\/"},"img":{"alt_text":"","src":"https:\/\/i0.wp.com\/www.grieta.org.mx\/wp-content\/uploads\/2020\/03\/SanFrancisquito2.jpg?resize=350%2C200&ssl=1","width":350,"height":200,"srcset":"https:\/\/i0.wp.com\/www.grieta.org.mx\/wp-content\/uploads\/2020\/03\/SanFrancisquito2.jpg?resize=350%2C200&ssl=1 1x, https:\/\/i0.wp.com\/www.grieta.org.mx\/wp-content\/uploads\/2020\/03\/SanFrancisquito2.jpg?resize=525%2C300&ssl=1 1.5x, https:\/\/i0.wp.com\/www.grieta.org.mx\/wp-content\/uploads\/2020\/03\/SanFrancisquito2.jpg?resize=700%2C400&ssl=1 2x, https:\/\/i0.wp.com\/www.grieta.org.mx\/wp-content\/uploads\/2020\/03\/SanFrancisquito2.jpg?resize=1050%2C600&ssl=1 3x, https:\/\/i0.wp.com\/www.grieta.org.mx\/wp-content\/uploads\/2020\/03\/SanFrancisquito2.jpg?resize=1400%2C800&ssl=1 4x"},"classes":[]},{"id":72238,"url":"https:\/\/www.grieta.org.mx\/index.php\/2025\/08\/09\/san-francisquito-frente-a-la-gentrificacion-una-lucha-por-el-territorio-y-la-cultura-queretaro\/","url_meta":{"origin":53741,"position":3},"title":"San Francisquito frente a la gentrificaci\u00f3n: una lucha por el territorio y la cultura (Quer\u00e9taro)","author":"grieta","date":"9 agosto, 2025","format":false,"excerpt":"Publicado en agosto 9, 2025 David \u00c1lvarez \/ Proyecto Saltapatr\u00e1s Fotograf\u00eda: Laura Santos Este 8 de agosto, al caer la tarde, decenas de personas caminaron por las calles de San Francisquito con un mensaje que resume a\u00f1os de inconformidad: \u201cSan Pancho no se vende\u201d. Entre danzas concheras, ciclistas y colectivos,\u2026","rel":"","context":"En &quot;CINTILLO&quot;","block_context":{"text":"CINTILLO","link":"https:\/\/www.grieta.org.mx\/index.php\/category\/cintillo\/"},"img":{"alt_text":"","src":"https:\/\/i0.wp.com\/www.grieta.org.mx\/wp-content\/uploads\/2025\/08\/San-Francisquito-frente-a-la-gentrificacion-una-lucha-por-el-territorio-y-la-cultura.jpeg?resize=350%2C200&ssl=1","width":350,"height":200,"srcset":"https:\/\/i0.wp.com\/www.grieta.org.mx\/wp-content\/uploads\/2025\/08\/San-Francisquito-frente-a-la-gentrificacion-una-lucha-por-el-territorio-y-la-cultura.jpeg?resize=350%2C200&ssl=1 1x, https:\/\/i0.wp.com\/www.grieta.org.mx\/wp-content\/uploads\/2025\/08\/San-Francisquito-frente-a-la-gentrificacion-una-lucha-por-el-territorio-y-la-cultura.jpeg?resize=525%2C300&ssl=1 1.5x, https:\/\/i0.wp.com\/www.grieta.org.mx\/wp-content\/uploads\/2025\/08\/San-Francisquito-frente-a-la-gentrificacion-una-lucha-por-el-territorio-y-la-cultura.jpeg?resize=700%2C400&ssl=1 2x, https:\/\/i0.wp.com\/www.grieta.org.mx\/wp-content\/uploads\/2025\/08\/San-Francisquito-frente-a-la-gentrificacion-una-lucha-por-el-territorio-y-la-cultura.jpeg?resize=1050%2C600&ssl=1 3x, https:\/\/i0.wp.com\/www.grieta.org.mx\/wp-content\/uploads\/2025\/08\/San-Francisquito-frente-a-la-gentrificacion-una-lucha-por-el-territorio-y-la-cultura.jpeg?resize=1400%2C800&ssl=1 4x"},"classes":[]},{"id":46334,"url":"https:\/\/www.grieta.org.mx\/index.php\/2020\/03\/18\/fotonota-marcha-contra-la-gentrificacion-y-por-los-derechos-de-los-pueblos-originarios-queretaro\/","url_meta":{"origin":53741,"position":4},"title":"Fotonota: Marcha contra la gentrificaci\u00f3n y por los derechos de los pueblos originarios (Quer\u00e9taro)","author":"grieta","date":"18 marzo, 2020","format":false,"excerpt":"Fotos tomadas del portal: SIC MX Sistema Informativo Ciudadano SIC MX Sistema Informativo Ciudadano Esta tarde un contigente de alrededor de 100 personas #SanFrancisquito se manifestaron pacificamente desde Avenida Zaragoza hacia Palacio de Gobierno en contra de actitudes represoras por parte del gobierno panista de Francisco Dominguez Servi\u00e9n. Entre las\u2026","rel":"","context":"En &quot;CINTILLO&quot;","block_context":{"text":"CINTILLO","link":"https:\/\/www.grieta.org.mx\/index.php\/category\/cintillo\/"},"img":{"alt_text":"","src":"https:\/\/i0.wp.com\/www.grieta.org.mx\/wp-content\/uploads\/2020\/03\/marcha-queretaro-mzo.jpg?resize=350%2C200&ssl=1","width":350,"height":200,"srcset":"https:\/\/i0.wp.com\/www.grieta.org.mx\/wp-content\/uploads\/2020\/03\/marcha-queretaro-mzo.jpg?resize=350%2C200&ssl=1 1x, https:\/\/i0.wp.com\/www.grieta.org.mx\/wp-content\/uploads\/2020\/03\/marcha-queretaro-mzo.jpg?resize=525%2C300&ssl=1 1.5x, https:\/\/i0.wp.com\/www.grieta.org.mx\/wp-content\/uploads\/2020\/03\/marcha-queretaro-mzo.jpg?resize=700%2C400&ssl=1 2x"},"classes":[]},{"id":51629,"url":"https:\/\/www.grieta.org.mx\/index.php\/2020\/07\/02\/agresiones-al-pueblo-de-santiago-mexquititlan-queretaro\/","url_meta":{"origin":53741,"position":5},"title":"Agresiones al pueblo de Santiago Mexquititl\u00e1n (Quer\u00e9taro)","author":"grieta","date":"2 julio, 2020","format":false,"excerpt":"Imagen tomada de: sicmx.org Agust\u00edn Escobar Ledesma \/ Sistema Informativo Ciudadano Uno de los problemas m\u00e1s acuciantes que tiene Santiago Mexquititl\u00e1n, Amealco, Qro., es que sus seis barrios, repetidamente, son dejados sin el servicio de agua potable. La \u00faltima ocasi\u00f3n, ocurrida entre mayo y junio, fue que la Comisi\u00f3n Estatal\u2026","rel":"","context":"En &quot;Autonom\u00edas&quot;","block_context":{"text":"Autonom\u00edas","link":"https:\/\/www.grieta.org.mx\/index.php\/category\/resistencias\/autonomias\/"},"img":{"alt_text":"","src":"https:\/\/i0.wp.com\/www.grieta.org.mx\/wp-content\/uploads\/2020\/07\/Agresiones-al-pueblo-de-Santiago-Mexquititl%C3%A1n-qro-jul.jpeg?resize=350%2C200&ssl=1","width":350,"height":200,"srcset":"https:\/\/i0.wp.com\/www.grieta.org.mx\/wp-content\/uploads\/2020\/07\/Agresiones-al-pueblo-de-Santiago-Mexquititl%C3%A1n-qro-jul.jpeg?resize=350%2C200&ssl=1 1x, https:\/\/i0.wp.com\/www.grieta.org.mx\/wp-content\/uploads\/2020\/07\/Agresiones-al-pueblo-de-Santiago-Mexquititl%C3%A1n-qro-jul.jpeg?resize=525%2C300&ssl=1 1.5x, https:\/\/i0.wp.com\/www.grieta.org.mx\/wp-content\/uploads\/2020\/07\/Agresiones-al-pueblo-de-Santiago-Mexquititl%C3%A1n-qro-jul.jpeg?resize=700%2C400&ssl=1 2x"},"classes":[]}],"_links":{"self":[{"href":"https:\/\/www.grieta.org.mx\/index.php\/wp-json\/wp\/v2\/posts\/53741","targetHints":{"allow":["GET"]}}],"collection":[{"href":"https:\/\/www.grieta.org.mx\/index.php\/wp-json\/wp\/v2\/posts"}],"about":[{"href":"https:\/\/www.grieta.org.mx\/index.php\/wp-json\/wp\/v2\/types\/post"}],"author":[{"embeddable":true,"href":"https:\/\/www.grieta.org.mx\/index.php\/wp-json\/wp\/v2\/users\/2"}],"replies":[{"embeddable":true,"href":"https:\/\/www.grieta.org.mx\/index.php\/wp-json\/wp\/v2\/comments?post=53741"}],"version-history":[{"count":1,"href":"https:\/\/www.grieta.org.mx\/index.php\/wp-json\/wp\/v2\/posts\/53741\/revisions"}],"predecessor-version":[{"id":53744,"href":"https:\/\/www.grieta.org.mx\/index.php\/wp-json\/wp\/v2\/posts\/53741\/revisions\/53744"}],"wp:featuredmedia":[{"embeddable":true,"href":"https:\/\/www.grieta.org.mx\/index.php\/wp-json\/wp\/v2\/media\/53742"}],"wp:attachment":[{"href":"https:\/\/www.grieta.org.mx\/index.php\/wp-json\/wp\/v2\/media?parent=53741"}],"wp:term":[{"taxonomy":"category","embeddable":true,"href":"https:\/\/www.grieta.org.mx\/index.php\/wp-json\/wp\/v2\/categories?post=53741"},{"taxonomy":"post_tag","embeddable":true,"href":"https:\/\/www.grieta.org.mx\/index.php\/wp-json\/wp\/v2\/tags?post=53741"}],"curies":[{"name":"wp","href":"https:\/\/api.w.org\/{rel}","templated":true}]}}