{"id":53727,"date":"2020-09-11T23:03:07","date_gmt":"2020-09-12T04:03:07","guid":{"rendered":"http:\/\/www.grieta.org.mx\/?p=53727"},"modified":"2020-09-22T23:10:59","modified_gmt":"2020-09-23T04:10:59","slug":"incendian-sede-de-codhem-en-ecatepec-tras-detencion-de-feministas-estado-de-mexico","status":"publish","type":"post","link":"https:\/\/www.grieta.org.mx\/index.php\/2020\/09\/11\/incendian-sede-de-codhem-en-ecatepec-tras-detencion-de-feministas-estado-de-mexico\/","title":{"rendered":"Incendian sede de CODHEM en Ecatepec tras detenci\u00f3n de feministas (Estado de M\u00e9xico)"},"content":{"rendered":"<p><img loading=\"lazy\" decoding=\"async\" data-attachment-id=\"53728\" data-permalink=\"https:\/\/www.grieta.org.mx\/index.php\/2020\/09\/11\/incendian-sede-de-codhem-en-ecatepec-tras-detencion-de-feministas-estado-de-mexico\/incendian-sede-de-codhem-en-ecatepec-tras-detencion-de-feministas-edomex-sept\/\" data-orig-file=\"https:\/\/www.grieta.org.mx\/wp-content\/uploads\/2020\/09\/Incendian-sede-de-CODHEM-en-Ecatepec-tras-detencion-de-feministas-edomex-sept.jpg\" data-orig-size=\"768,479\" data-comments-opened=\"0\" data-image-meta=\"{&quot;aperture&quot;:&quot;0&quot;,&quot;credit&quot;:&quot;&quot;,&quot;camera&quot;:&quot;&quot;,&quot;caption&quot;:&quot;&quot;,&quot;created_timestamp&quot;:&quot;0&quot;,&quot;copyright&quot;:&quot;&quot;,&quot;focal_length&quot;:&quot;0&quot;,&quot;iso&quot;:&quot;0&quot;,&quot;shutter_speed&quot;:&quot;0&quot;,&quot;title&quot;:&quot;&quot;,&quot;orientation&quot;:&quot;0&quot;}\" data-image-title=\"Incendian sede de CODHEM en Ecatepec tras detenci\u00f3n de feministas edomex sept\" data-image-description=\"\" data-image-caption=\"\" data-medium-file=\"https:\/\/www.grieta.org.mx\/wp-content\/uploads\/2020\/09\/Incendian-sede-de-CODHEM-en-Ecatepec-tras-detencion-de-feministas-edomex-sept-300x187.jpg\" data-large-file=\"https:\/\/www.grieta.org.mx\/wp-content\/uploads\/2020\/09\/Incendian-sede-de-CODHEM-en-Ecatepec-tras-detencion-de-feministas-edomex-sept.jpg\" class=\"alignnone  wp-image-53728\" src=\"http:\/\/www.grieta.org.mx\/wp-content\/uploads\/2020\/09\/Incendian-sede-de-CODHEM-en-Ecatepec-tras-detencion-de-feministas-edomex-sept.jpg\" alt=\"\" width=\"644\" height=\"402\" srcset=\"https:\/\/www.grieta.org.mx\/wp-content\/uploads\/2020\/09\/Incendian-sede-de-CODHEM-en-Ecatepec-tras-detencion-de-feministas-edomex-sept.jpg 768w, https:\/\/www.grieta.org.mx\/wp-content\/uploads\/2020\/09\/Incendian-sede-de-CODHEM-en-Ecatepec-tras-detencion-de-feministas-edomex-sept-300x187.jpg 300w\" sizes=\"auto, (max-width: 644px) 100vw, 644px\" \/><\/p>\n<h6>Foto: Twiter \/ @Andalalucha<\/h6>\n<div class=\"affix-start \">\n<p class=\"byline\">Carlos Guevara \/ El Sol de M\u00e9xico<\/p>\n<h3 class=\"subtitle\">Un grupo de aproximadamente 50 mujeres llegaron al recinto ubicado en o en la Avenida Morelos para manifestarse en contra de la violencia policial y feminicidios<\/h3>\n<p>Mujeres feministas incendiaron este viernes las instalaciones de la visitadur\u00eda general de la Comisi\u00f3n de Derechos Humanos del Estado de M\u00e9xico (CODHEM) en Ecatepec, tras la detenci\u00f3n con violencia de sus compa\u00f1eras durante la madrugada de hoy.<\/p>\n<p>Un grupo de aproximadamente 50 mujeres llegaron al recinto ubicado en la Avenida Morelos n\u00famero 21 en esquina con R\u00edo Balsas, colonia Boulevares, con el fin de protestar por el abuso policial, violencia y feminicidios en este municipio.<\/p>\n<p>El recinto fue pintado con consignas en contra del gobierno, se le\u00edan se\u00f1alamientos como &#8220;puercos&#8221; y &#8220;violadores&#8221;. La planta alta del lugar fue alcanzada por las llamas.<\/p>\n<p>Minutos despu\u00e9s de las 19:00 horas, cuerpos de bomberos llegaron al lugar para sofocar el incendio, as\u00ed mismo el lugar fue acordonado por cuerpos de seguridad del municipio.<\/p>\n<h2>Abuso policial<\/h2>\n<p>La madrugada de este viernes un grupo de polic\u00edas y granaderos del Estado de M\u00e9xico agredi\u00f3 a feministas, familiares de desaparecidos y fotoperiodistas a las afueras de la Fiscal\u00eda de Atizap\u00e1n en el Estado de M\u00e9xico.<\/p>\n<p>\u201cVinieron sobre nosotras, no les import\u00f3 nada, ni que fu\u00e9ramos fot\u00f3grafas, periodistas, activistas o madres\u201d, cont\u00f3 Jackie, una fotoperiodista que fue agredida por los polic\u00edas.<\/p>\n<p>Jackie incluso intent\u00f3 ser ahorcada por un oficial con el cord\u00f3n de su gafete de prensa cuando trat\u00f3 de huir de la agresi\u00f3n policiaca, seg\u00fan narr\u00f3 a El Sol de M\u00e9xico.<\/p>\n<p>\u201cQuise sacar mi carro de ah\u00ed y huir con varias compa\u00f1eras y activistas que estaban siendo agredidas. Al momento de intentar subirme al auto un polic\u00eda me tom\u00f3 y me ahorc\u00f3 con mi propio gafete mientras me gritaba y me insultaba\u201d, cont\u00f3.<\/p>\n<p>La tarde de este jueves, un grupo de feministas y familiares de desaparecidos tom\u00f3 las instalaciones de la Comisi\u00f3n de Derechos Humanos del Estado de M\u00e9xico (Codhem) en Ecatepec como protesta ante la falta de respuesta de autoridades a sus quejas y exigencias.<\/p>\n<p><a href=\"https:\/\/www.elsoldemexico.com.mx\/metropoli\/valle-de-mexico\/incendian-sede-de-codhem-en-ecatepec-tras-detencion-de-feministas-5747915.html\" target=\"_blank\" rel=\"noopener noreferrer\">https:\/\/www.elsoldemexico.com.mx\/metropoli\/valle-de-mexico\/incendian-sede-de-codhem-en-ecatepec-tras-detencion-de-feministas-5747915.html<\/a><\/p>\n<p>&nbsp;<\/p>\n<p>&nbsp;<\/p>\n<\/div>\n<div class=\"content-body clearfix \">\n<div id=\"content-body-225-5747915\"><\/div>\n<\/div>\n","protected":false},"excerpt":{"rendered":"<p>Foto: Twiter \/ @Andalalucha Carlos Guevara \/ El Sol de M\u00e9xico Un grupo de aproximadamente 50 mujeres llegaron al recinto ubicado en o en la Avenida Morelos para manifestarse en &hellip; <a href=\"https:\/\/www.grieta.org.mx\/index.php\/2020\/09\/11\/incendian-sede-de-codhem-en-ecatepec-tras-detencion-de-feministas-estado-de-mexico\/\" class=\"more-link\">Leer m\u00e1s<\/a><\/p>\n","protected":false},"author":2,"featured_media":53728,"comment_status":"closed","ping_status":"closed","sticky":false,"template":"","format":"standard","meta":{"ngg_post_thumbnail":0,"_jetpack_newsletter_access":"","_jetpack_dont_email_post_to_subs":false,"_jetpack_newsletter_tier_id":0,"_jetpack_memberships_contains_paywalled_content":false,"_jetpack_memberships_contains_paid_content":false,"footnotes":""},"categories":[2798,80,2725,87,1204,2144,16,84,1013,2315,1827,1729,3035,2,83,2720,2398,88,1218],"tags":[121,81,2362,2248,2871,1630,120,1034],"class_list":["post-53727","post","type-post","status-publish","format-standard","has-post-thumbnail","hentry","category-abuso-policiaco-y-tortura-en-el-estado-de-mexico","category-cintillo","category-desalojo-en-el-estado-de-mexico","category-desaparecidos","category-desaparecidos-en-el-estado-de-mexico","category-desplazados-por-violencia-en-el-estado-de-mexico","category-estado-de-mexico","category-feminicidios","category-feminicios-en-el-estado-de-mexico","category-la-ninez-bajo-la-tormenta-capitalista-en-el-estado-de-mexico","category-la-ninez-en-la-tormenta-capitalista","category-lucha-y-resistencia-del-pueblo-en-el-estado-de-mexico","category-movilizaciones-y-protestas-de-habitantes-en-el-estado-de-mexico","category-noticias-nacionales","category-temas-nacionales","category-violencia-contra-las-mujeres-en-el-estado-de-mexico","category-violencia-contra-luchadores-sociales-en-el-estado-de-mexico","category-violencia-contra-periodistas","category-violencia-contra-periodistas-en-el-estado-de-mexico","tag-desaparecidos","tag-feminicidios","tag-la-ninez-en-la-tormenta","tag-luchas-de-las-mujeres","tag-violaciones-a-derechos-humanos-por-fuerzas-represivas","tag-violencia-contra-las-mujeres","tag-violencia-contra-periodistas","tag-violencias-de-fuerzas-represivas","entry"],"jetpack_featured_media_url":"https:\/\/www.grieta.org.mx\/wp-content\/uploads\/2020\/09\/Incendian-sede-de-CODHEM-en-Ecatepec-tras-detencion-de-feministas-edomex-sept.jpg","jetpack_sharing_enabled":true,"jetpack_shortlink":"https:\/\/wp.me\/p7ZJR4-dYz","jetpack_likes_enabled":false,"jetpack-related-posts":[{"id":30911,"url":"https:\/\/www.grieta.org.mx\/index.php\/2019\/03\/08\/al-menos-siete-feminicidios-mensuales-de-ninas-y-adolescentes-redim\/","url_meta":{"origin":53727,"position":0},"title":"Al menos siete feminicidios mensuales de ni\u00f1as y adolescentes: REDIM","author":"grieta","date":"8 marzo, 2019","format":false,"excerpt":"L\u00f3pez D\u00f3riga Digital La cifra de adolescentes v\u00edctimas de feminicidios a nivel nacional se duplic\u00f3 de 2015 a 2018, al pasar de 422 a 861 casos La Red por los Derechos de la Infancia en M\u00e9xico (REDIM) asegur\u00f3 que la violencia machista y omisi\u00f3n de las autoridades son responsables de\u2026","rel":"","context":"En &quot;Chihuahua&quot;","block_context":{"text":"Chihuahua","link":"https:\/\/www.grieta.org.mx\/index.php\/category\/noticias-nacionales\/chihuahua\/"},"img":{"alt_text":"","src":"https:\/\/i0.wp.com\/www.grieta.org.mx\/wp-content\/uploads\/2019\/03\/Al-menos-siete-feminicidios-mensuales-de-ni%C3%B1as-y-adolescentes-REDIM-nl-mzo.jpg?resize=350%2C200&ssl=1","width":350,"height":200,"srcset":"https:\/\/i0.wp.com\/www.grieta.org.mx\/wp-content\/uploads\/2019\/03\/Al-menos-siete-feminicidios-mensuales-de-ni%C3%B1as-y-adolescentes-REDIM-nl-mzo.jpg?resize=350%2C200&ssl=1 1x, https:\/\/i0.wp.com\/www.grieta.org.mx\/wp-content\/uploads\/2019\/03\/Al-menos-siete-feminicidios-mensuales-de-ni%C3%B1as-y-adolescentes-REDIM-nl-mzo.jpg?resize=525%2C300&ssl=1 1.5x, https:\/\/i0.wp.com\/www.grieta.org.mx\/wp-content\/uploads\/2019\/03\/Al-menos-siete-feminicidios-mensuales-de-ni%C3%B1as-y-adolescentes-REDIM-nl-mzo.jpg?resize=700%2C400&ssl=1 2x"},"classes":[]},{"id":38445,"url":"https:\/\/www.grieta.org.mx\/index.php\/2019\/08\/19\/veracruz-y-estado-de-mexico-es-donde-mas-se-mata-a-las-ninas\/","url_meta":{"origin":53727,"position":1},"title":"Veracruz y Estado de M\u00e9xico es donde m\u00e1s se mata a las ni\u00f1as","author":"grieta","date":"19 agosto, 2019","format":false,"excerpt":"Angeles Pillado \/ SDP Veracruz y el Edomex son las entidades donde se perpetra m\u00e1s el feminicidio infantil; en lo que va de 2019, 54 ni\u00f1as fueron asesinadas. M\u00e9xico.- Los estados de Veracruz y M\u00e9xico encabezan en cifras el feminicidio infantil pese a que ambas entidades tienen activas Alertas de\u2026","rel":"","context":"En &quot;CINTILLO&quot;","block_context":{"text":"CINTILLO","link":"https:\/\/www.grieta.org.mx\/index.php\/category\/cintillo\/"},"img":{"alt_text":"","src":"https:\/\/i0.wp.com\/www.grieta.org.mx\/wp-content\/uploads\/2019\/08\/5d5b169fcd9a9.jpeg?resize=350%2C200&ssl=1","width":350,"height":200,"srcset":"https:\/\/i0.wp.com\/www.grieta.org.mx\/wp-content\/uploads\/2019\/08\/5d5b169fcd9a9.jpeg?resize=350%2C200&ssl=1 1x, https:\/\/i0.wp.com\/www.grieta.org.mx\/wp-content\/uploads\/2019\/08\/5d5b169fcd9a9.jpeg?resize=525%2C300&ssl=1 1.5x, https:\/\/i0.wp.com\/www.grieta.org.mx\/wp-content\/uploads\/2019\/08\/5d5b169fcd9a9.jpeg?resize=700%2C400&ssl=1 2x"},"classes":[]},{"id":41698,"url":"https:\/\/www.grieta.org.mx\/index.php\/2019\/11\/29\/suena-en-ecatepec-el-violador-eres-tu-de-la-mano-de-estudiantes-de-preparatoria-estado-de-mexico\/","url_meta":{"origin":53727,"position":2},"title":"Suena en Ecatepec &#8220;el violador eres t\u00fa&#8221; de la mano de estudiantes de preparatoria (Estado de M\u00e9xico)","author":"grieta","date":"29 noviembre, 2019","format":false,"excerpt":"Nancy G\u00f3mez \/ SDP Noticias En el municipio m\u00e1s peligroso para ser mujer, alumnas de una preparatoria se unieron a la intervenci\u00f3n \u201cUn violador en tu camino\u201d Desde una escuela preparatoria en Ecatepec, Estado de M\u00e9xico, alumnas hicieron eco de la convocatoria emitida desde grupos feministas en Chile y realizaron\u2026","rel":"","context":"En &quot;CINTILLO&quot;","block_context":{"text":"CINTILLO","link":"https:\/\/www.grieta.org.mx\/index.php\/category\/cintillo\/"},"img":{"alt_text":"","src":"https:\/\/i0.wp.com\/www.grieta.org.mx\/wp-content\/uploads\/2019\/11\/Suena-en-Ecatepec-el-violador-eres-t%C3%BA-de-la-mano-de-estudiantes-de-preparatoria-edomex-nov.jpg?resize=350%2C200","width":350,"height":200},"classes":[]},{"id":49008,"url":"https:\/\/www.grieta.org.mx\/index.php\/2020\/05\/07\/los-feminicidios-incrementaron-en-el-estado-de-mexico-la-entidad-mas-peligrosa-para-las-mujeres\/","url_meta":{"origin":53727,"position":3},"title":"Los feminicidios incrementaron en el Estado de M\u00e9xico, la entidad m\u00e1s peligrosa para las mujeres","author":"grieta","date":"7 mayo, 2020","format":false,"excerpt":"Foto: REUTERS\/Carlos Jasso Infobae En contraste, la tasa de homicidios dolosos disminuy\u00f3 6.1% Los feminicidios en el pa\u00eds siguen imparables y en el Estado de M\u00e9xico los asesinatos de mujeres aumentaron 58.3% en el primer trimestre de 2020, respecto al mismo periodo del a\u00f1o pasado, inform\u00f3 el Observatorio Nacional Ciudadano.\u2026","rel":"","context":"En &quot;CINTILLO&quot;","block_context":{"text":"CINTILLO","link":"https:\/\/www.grieta.org.mx\/index.php\/category\/cintillo\/"},"img":{"alt_text":"","src":"https:\/\/i0.wp.com\/www.grieta.org.mx\/wp-content\/uploads\/2020\/05\/download.jpg?resize=350%2C200","width":350,"height":200},"classes":[]},{"id":36869,"url":"https:\/\/www.grieta.org.mx\/index.php\/2019\/07\/14\/edomex-y-veracruz-encabezan-cifras-de-feminicidio-infantil\/","url_meta":{"origin":53727,"position":4},"title":"Edomex y Veracruz encabezan cifras de feminicidio infantil","author":"grieta","date":"14 julio, 2019","format":false,"excerpt":"Marisol Vel\u00e1zquez\/El Economista A pesar de que Veracruz y el Estado de M\u00e9xico buscan reforzar sus estrategias para combatir la violencia de g\u00e9nero contra las mujeres y ni\u00f1as, son las entidades con mayores registros de feminicidios infantiles. A pesar de que Veracruz y el Estado de M\u00e9xico buscan reforzar sus\u2026","rel":"","context":"En &quot;CINTILLO&quot;","block_context":{"text":"CINTILLO","link":"https:\/\/www.grieta.org.mx\/index.php\/category\/cintillo\/"},"img":{"alt_text":"","src":"https:\/\/i0.wp.com\/www.grieta.org.mx\/wp-content\/uploads\/2019\/07\/feminicidios_edomex.jpg_596760611.jpg?resize=350%2C200&ssl=1","width":350,"height":200,"srcset":"https:\/\/i0.wp.com\/www.grieta.org.mx\/wp-content\/uploads\/2019\/07\/feminicidios_edomex.jpg_596760611.jpg?resize=350%2C200&ssl=1 1x, https:\/\/i0.wp.com\/www.grieta.org.mx\/wp-content\/uploads\/2019\/07\/feminicidios_edomex.jpg_596760611.jpg?resize=525%2C300&ssl=1 1.5x, https:\/\/i0.wp.com\/www.grieta.org.mx\/wp-content\/uploads\/2019\/07\/feminicidios_edomex.jpg_596760611.jpg?resize=700%2C400&ssl=1 2x"},"classes":[]},{"id":65945,"url":"https:\/\/www.grieta.org.mx\/index.php\/2022\/12\/04\/colima-entre-los-estados-mas-inseguros-para-ninas-y-adolescentes\/","url_meta":{"origin":53727,"position":5},"title":"Colima, entre los estados m\u00e1s inseguros para ni\u00f1as y adolescentes","author":"grieta","date":"4 diciembre, 2022","format":false,"excerpt":"Imagen: Diario Avanzada Heidi de Le\u00f3n Guti\u00e9rrez \/ Diario Avanzada Colima, M\u00e9xico, Avanzada (04\/12\/2022).- Colima se encuentra entre los 14 estados m\u00e1s inseguros para las ni\u00f1as y adolescentes, de acuerdo al monitoreo que realiz\u00f3 la organizaci\u00f3n: Aqu\u00ed estamos: feminicidio infantil en M\u00e9xico. El reporte fue elaborado por un grupo de\u2026","rel":"","context":"En &quot;CINTILLO&quot;","block_context":{"text":"CINTILLO","link":"https:\/\/www.grieta.org.mx\/index.php\/category\/cintillo\/"},"img":{"alt_text":"","src":"https:\/\/i0.wp.com\/www.grieta.org.mx\/wp-content\/uploads\/2022\/12\/image-25-1.png?resize=350%2C200&ssl=1","width":350,"height":200,"srcset":"https:\/\/i0.wp.com\/www.grieta.org.mx\/wp-content\/uploads\/2022\/12\/image-25-1.png?resize=350%2C200&ssl=1 1x, https:\/\/i0.wp.com\/www.grieta.org.mx\/wp-content\/uploads\/2022\/12\/image-25-1.png?resize=525%2C300&ssl=1 1.5x"},"classes":[]}],"_links":{"self":[{"href":"https:\/\/www.grieta.org.mx\/index.php\/wp-json\/wp\/v2\/posts\/53727","targetHints":{"allow":["GET"]}}],"collection":[{"href":"https:\/\/www.grieta.org.mx\/index.php\/wp-json\/wp\/v2\/posts"}],"about":[{"href":"https:\/\/www.grieta.org.mx\/index.php\/wp-json\/wp\/v2\/types\/post"}],"author":[{"embeddable":true,"href":"https:\/\/www.grieta.org.mx\/index.php\/wp-json\/wp\/v2\/users\/2"}],"replies":[{"embeddable":true,"href":"https:\/\/www.grieta.org.mx\/index.php\/wp-json\/wp\/v2\/comments?post=53727"}],"version-history":[{"count":1,"href":"https:\/\/www.grieta.org.mx\/index.php\/wp-json\/wp\/v2\/posts\/53727\/revisions"}],"predecessor-version":[{"id":53729,"href":"https:\/\/www.grieta.org.mx\/index.php\/wp-json\/wp\/v2\/posts\/53727\/revisions\/53729"}],"wp:featuredmedia":[{"embeddable":true,"href":"https:\/\/www.grieta.org.mx\/index.php\/wp-json\/wp\/v2\/media\/53728"}],"wp:attachment":[{"href":"https:\/\/www.grieta.org.mx\/index.php\/wp-json\/wp\/v2\/media?parent=53727"}],"wp:term":[{"taxonomy":"category","embeddable":true,"href":"https:\/\/www.grieta.org.mx\/index.php\/wp-json\/wp\/v2\/categories?post=53727"},{"taxonomy":"post_tag","embeddable":true,"href":"https:\/\/www.grieta.org.mx\/index.php\/wp-json\/wp\/v2\/tags?post=53727"}],"curies":[{"name":"wp","href":"https:\/\/api.w.org\/{rel}","templated":true}]}}