{"id":53723,"date":"2020-09-11T22:40:49","date_gmt":"2020-09-12T03:40:49","guid":{"rendered":"http:\/\/www.grieta.org.mx\/?p=53723"},"modified":"2020-09-22T22:48:57","modified_gmt":"2020-09-23T03:48:57","slug":"mujeres-exigen-justicia-en-edomex-y-terminan-aprehendidas","status":"publish","type":"post","link":"https:\/\/www.grieta.org.mx\/index.php\/2020\/09\/11\/mujeres-exigen-justicia-en-edomex-y-terminan-aprehendidas\/","title":{"rendered":"Mujeres exigen justicia en Edomex y terminan aprehendidas"},"content":{"rendered":"<p><img loading=\"lazy\" decoding=\"async\" data-attachment-id=\"53724\" data-permalink=\"https:\/\/www.grieta.org.mx\/index.php\/2020\/09\/11\/mujeres-exigen-justicia-en-edomex-y-terminan-aprehendidas\/mujeres-exigen-justicia-en-edomex-y-terminan-aprehendidas-edomex-sept\/\" data-orig-file=\"https:\/\/www.grieta.org.mx\/wp-content\/uploads\/2020\/09\/Mujeres-exigen-justicia-en-Edomex-y-terminan-aprehendidas-edomex-sept.jpg\" data-orig-size=\"992,620\" data-comments-opened=\"0\" data-image-meta=\"{&quot;aperture&quot;:&quot;0&quot;,&quot;credit&quot;:&quot;&quot;,&quot;camera&quot;:&quot;&quot;,&quot;caption&quot;:&quot;&quot;,&quot;created_timestamp&quot;:&quot;0&quot;,&quot;copyright&quot;:&quot;&quot;,&quot;focal_length&quot;:&quot;0&quot;,&quot;iso&quot;:&quot;0&quot;,&quot;shutter_speed&quot;:&quot;0&quot;,&quot;title&quot;:&quot;&quot;,&quot;orientation&quot;:&quot;1&quot;}\" data-image-title=\"Mujeres exigen justicia en Edomex y terminan aprehendidas edomex sept\" data-image-description=\"\" data-image-caption=\"\" data-medium-file=\"https:\/\/www.grieta.org.mx\/wp-content\/uploads\/2020\/09\/Mujeres-exigen-justicia-en-Edomex-y-terminan-aprehendidas-edomex-sept-300x188.jpg\" data-large-file=\"https:\/\/www.grieta.org.mx\/wp-content\/uploads\/2020\/09\/Mujeres-exigen-justicia-en-Edomex-y-terminan-aprehendidas-edomex-sept.jpg\" class=\"alignnone  wp-image-53724\" src=\"http:\/\/www.grieta.org.mx\/wp-content\/uploads\/2020\/09\/Mujeres-exigen-justicia-en-Edomex-y-terminan-aprehendidas-edomex-sept.jpg\" alt=\"\" width=\"638\" height=\"399\" srcset=\"https:\/\/www.grieta.org.mx\/wp-content\/uploads\/2020\/09\/Mujeres-exigen-justicia-en-Edomex-y-terminan-aprehendidas-edomex-sept.jpg 992w, https:\/\/www.grieta.org.mx\/wp-content\/uploads\/2020\/09\/Mujeres-exigen-justicia-en-Edomex-y-terminan-aprehendidas-edomex-sept-300x188.jpg 300w, https:\/\/www.grieta.org.mx\/wp-content\/uploads\/2020\/09\/Mujeres-exigen-justicia-en-Edomex-y-terminan-aprehendidas-edomex-sept-768x480.jpg 768w, https:\/\/www.grieta.org.mx\/wp-content\/uploads\/2020\/09\/Mujeres-exigen-justicia-en-Edomex-y-terminan-aprehendidas-edomex-sept-800x500.jpg 800w\" sizes=\"auto, (max-width: 638px) 100vw, 638px\" \/><\/p>\n<p>Texto: Mar\u00eda Ruiz y Daniela Rea<\/p>\n<p>Fotos: Mar\u00eda Ruiz<\/p>\n<p>Pie de P\u00e1gina<\/p>\n<p><strong>Mujeres del Estado de M\u00e9xico tomaron la sede en Ecatepec de la Comisi\u00f3n de Derechos Humanos estatal para exigir justicia y la destituci\u00f3n de autoridades que no las atienden. Sin embargo, terminaron detenidas luego de ser agredidas por polic\u00edas de la Fiscal\u00eda del Estado de M\u00e9xico<\/strong><\/p>\n<p>ESTADO DE M\u00c9XICO.- Entre las 12:40 y 1:30 de la madrugada, elementos policiacos ingresaron a las instalaciones de la Comisi\u00f3n de Derechos Humanos del Estado de M\u00e9xico, en Ecatepec, con violencia y sin identificarse, para detener a las mujeres que hab\u00edan tomado las instalaciones para exigir justicia por sus hijas asesinadas y desaparecidas.<\/p>\n<p>Entre las personas detenidas hay ni\u00f1os y una mujer con ocho meses de embarazo, que fue agredida por los polic\u00edas, de acuerdo con lo que report\u00f3 la colectiva Manada Periferia, que tom\u00f3 las instalaciones en la tarde de este jueves.<\/p>\n<p>La colectiva inform\u00f3 que son 11 mujeres mayores de edad y seis menores quienes fueron detenidas. Las mujeres fueron trasladadas en veh\u00edculos sin identificaci\u00f3n al Centro de Justicia de Atizap\u00e1n, de la Fiscal\u00eda del Estado de M\u00e9xico, despu\u00e9s de la una de la madrugada.<\/p>\n<p>En cuanto se supo la noticia, otras mujeres acudieron a la fiscal\u00eda a exigir la liberaci\u00f3n de las detenidas. Tambi\u00e9n llegaron familiares, a quienes las autoridades negaron el acceso.<\/p>\n<p>Afuera de las instalaciones de la Fiscal\u00eda, las maniifestantes intentaron entrar para que las familias de las detenidas pudieran acercarse a ellas. Los polic\u00edas respondieron primero lanzando gas y despu\u00e9s sillas y otros objetos.<\/p>\n<p>En el estacionamiento del Centro de Justicia, los elementos policiacos golpearon tanto a manifestantes como periodistas que cubr\u00edan la movilizaci\u00f3n. Con armas largas reventaron los cristales de un autom\u00f3vil de una periodista, con las reporteras dentro del veh\u00edculo.<\/p>\n<p>Durante las protestas afuera del Centro de Justicia, dos mujeres fueron reportadas como desaparecidas. Horas m\u00e1s tarde se inform\u00f3 que una de ellas, de 19 a\u00f1os, fue golpeada y se encuentra detenida.<\/p>\n<p>Hasta la publicaci\u00f3n de esta nota, las mujeres que ped\u00edan justicia siguen detenidas. La abogada defensora Shayla Ruiz inform\u00f3 que pudo platicar con ellas y previ\u00f3 que fueran liberadas en las pr\u00f3ximas horas.<\/p>\n<h3>\u00abLas mujeres mexiquenses no alcanzamos a ser ni v\u00edctimas de cuarta\u00bb<\/h3>\n<p>La tarde de este jueves la sede de la Comisi\u00f3n de Derechos Humanos del Estado de M\u00e9xico, en Ecatepec, fue tomada por un grupo de mujeres, activistas y v\u00edctimas en demanda de la destituci\u00f3n de distintas funcionarias que no atienden las violencias de g\u00e9nero que viven en ese municipio y entidad.<\/p>\n<p>\u00abYo decid\u00ed tomarla (Comisi\u00f3n de Derechos Humanos) para pedir apoyo al fiscal Alejandro G\u00f3mez S\u00e1nchez y a Alfredo del Mazo para la b\u00fasqueda de nuestras hijas que ya son 8 meses desaparecidas y no ha habido respuesta. Ya estamos desesperadas que nadie nos haga caso y viendo cada d\u00eda m\u00e1s desapariciones y estamos peor, en vez de mejorar\u00bb, dijo Hortensia Pacheco, mam\u00e1 de Mariana Flores.<\/p>\n<p>\u201cNadie se ha acercado, ni siquiera el presidente de Ecatepec, Fernando Vilchis Contreras, cuando \u00e9l tiene que ver con la l\u00ednea de autobuses Valle de M\u00e9xico adonde se desaparecieron nuestras hijas\u00bb, denunci\u00f3.<\/p>\n<p>La se\u00f1ora Maribel P\u00e9rez relat\u00f3 que particip\u00f3 en la toma de las instalaciones para buscar justicia para sus dos hijos, abusados sexualmente.<\/p>\n<p>\u00abDecid\u00ed tomar las instalaciones para tomar justicia para mis dos menores de edad, dos hijos m\u00edos. En el caso de ellos vivieron abuso sexual por parte del padre biol\u00f3gico, trabajador de la UNAM. Yo inici\u00e9 una denuncia antes por violencia hacia m\u00ed y mis hijos, va para 3 a\u00f1os mi carpeta en donde teniendo todo para ser judicializada, no ha pasado. Vivo con el miedo, con el temor\u00bb.<\/p>\n<p>La se\u00f1ora Maribel P\u00e9rez levant\u00f3 dos denuncias en el Estado de M\u00e9xico, pero el acusado no se ha presentado desde un a\u00f1o atr\u00e1s y, acusa, amenaz\u00f3 a unos de sus hijos de muerte si le contaba a su madre.<\/p>\n<p>\u201cEs llamar la atenci\u00f3n, que volteen a ver lo que est\u00e1 pasando, que se vive d\u00eda a d\u00eda en las Fiscal\u00edas del Estado de M\u00e9xico, donde nos amenazan\u00bb, dijo otra mujer que acudi\u00f3 a la toma de las instalaciones.<\/p>\n<p>Las mujeres demandan la atenci\u00f3n del gobierno federal, acusan que la comisi\u00f3n estatal no les resuelve.<\/p>\n<blockquote class=\"wp-block-quote is-style-large\"><p>\u201cSiempre nos mandan al ca\u00f1o a todas las mujeres del Estado de M\u00e9xico y sabe cu\u00e1ndo nos va a resolver la Comisi\u00f3n del Estado de M\u00e9xico? Nunca. El gobierno federal se lava las manos. \u00bfTenemos que tomar un edificio federal para que nos hagan caso? \u00abTenemos que tomar un edicicio para que no hagan caso a las del Edomex? Solamente que haya una toma en un edificio federal nos hacen caso? Porque las de Edomex no les importamos a nadie\u00bb.<\/p><\/blockquote>\n<p>\u00abPara m\u00ed (la toma del centro) ya fue una respuesta contundente, ya fuimos ignoradas, revictimizadas, al presidente, a nadie le importa, ya no tenemos m\u00e1s opci\u00f3n. Los procedimientos que hab\u00eda (antes de tomar) ellos lo rompieron, nosotras queremos que se hagan las cosas bien y si no pueden con la chamba pues nosotras vamos a hacerla\u00bb.<\/p>\n<p>Las manifestantes destacaron que Ecatepec es uno de los puntos m\u00e1s violentos en el pa\u00eds y reiteraron que buscan justicia, reparaci\u00f3n del da\u00f1o.<\/p>\n<p>\u00abHay v\u00edctimas de primera, segunda, tercera y hay quien no alcanza una cuarta y parece ser que las mujeres mexiquenses no alcanzamos una categor\u00eda en esos est\u00e1ndares de v\u00edctimas\u00bb, dijo otra de las manifestantes.<\/p>\n<p>Las chicas que permanec\u00edan en la sede de la Codhem pidieron la renuncia de Grisela Abril Gonz\u00e1lez Groos, la visitadora adjunta de Ecatepec, y que acudan a atenderlas Olga S\u00e1nchez Cordero, titular de de Gobernaci\u00f3n, y el subsecretario Alejandro Encinas.<\/p>\n<p>Kika Flores, activista, dijo que la demanda es la destituci\u00f3n de\u00a0 Grisel Barrientos, directora del Instituto de la Mujer en Ecatepec, Sandra Pacheco, titular del Centro de Justicia para las Mujeres tambi\u00e9n en Ecatepec, Fernanda Castillo Cuevas, directora del DIF estatal y Carlos Alberto V\u00e1zquez, procurador para la defensa del Menor.<\/p>\n<p>Kika Flores explic\u00f3 que la Fundaci\u00f3n Iris tiene un refugio para v\u00edctimas de violencia y han sido hostigadas por parte de las autoridades.<\/p>\n<p>\u201cTenemos un refugio para v\u00edctimas de abuso sexual, un albergue que nosotras mantenemos solas, y el DIF ahora nos exige un mont\u00f3n de cosas y hemos trabajado durante 10 a\u00f1os con ni\u00f1os y nunca nos hab\u00edan exigido tanto, nos estan exigiendo papeleria, han ido 8 veces en dos meses histig\u00e1ndonos, acos\u00e1ndonos\u201d.<\/p>\n<p>La toma de las oficinas de la CDHEdomex se llev\u00f3 a cabo por unas 20 personas -con menores de edad- y las mujeres que mantienen la toma solicitan apoyo con agua, pa\u00f1ales, comida, cobijas.<\/p>\n<p><img loading=\"lazy\" decoding=\"async\" data-attachment-id=\"53725\" data-permalink=\"https:\/\/www.grieta.org.mx\/index.php\/2020\/09\/11\/mujeres-exigen-justicia-en-edomex-y-terminan-aprehendidas\/pdp_agresiones_atizapan_mariaruiz\/\" data-orig-file=\"https:\/\/www.grieta.org.mx\/wp-content\/uploads\/2020\/09\/pdp_agresiones_atizapan_mariaruiz.jpg\" data-orig-size=\"1199,803\" data-comments-opened=\"0\" data-image-meta=\"{&quot;aperture&quot;:&quot;0&quot;,&quot;credit&quot;:&quot;&quot;,&quot;camera&quot;:&quot;&quot;,&quot;caption&quot;:&quot;&quot;,&quot;created_timestamp&quot;:&quot;0&quot;,&quot;copyright&quot;:&quot;&quot;,&quot;focal_length&quot;:&quot;0&quot;,&quot;iso&quot;:&quot;0&quot;,&quot;shutter_speed&quot;:&quot;0&quot;,&quot;title&quot;:&quot;&quot;,&quot;orientation&quot;:&quot;0&quot;}\" data-image-title=\"pdp_agresiones_atizapan_mariaruiz\" data-image-description=\"\" data-image-caption=\"\" data-medium-file=\"https:\/\/www.grieta.org.mx\/wp-content\/uploads\/2020\/09\/pdp_agresiones_atizapan_mariaruiz-300x201.jpg\" data-large-file=\"https:\/\/www.grieta.org.mx\/wp-content\/uploads\/2020\/09\/pdp_agresiones_atizapan_mariaruiz-1024x686.jpg\" class=\"alignnone  wp-image-53725\" src=\"http:\/\/www.grieta.org.mx\/wp-content\/uploads\/2020\/09\/pdp_agresiones_atizapan_mariaruiz.jpg\" alt=\"\" width=\"648\" height=\"434\" srcset=\"https:\/\/www.grieta.org.mx\/wp-content\/uploads\/2020\/09\/pdp_agresiones_atizapan_mariaruiz.jpg 1199w, https:\/\/www.grieta.org.mx\/wp-content\/uploads\/2020\/09\/pdp_agresiones_atizapan_mariaruiz-300x201.jpg 300w, https:\/\/www.grieta.org.mx\/wp-content\/uploads\/2020\/09\/pdp_agresiones_atizapan_mariaruiz-1024x686.jpg 1024w, https:\/\/www.grieta.org.mx\/wp-content\/uploads\/2020\/09\/pdp_agresiones_atizapan_mariaruiz-768x514.jpg 768w, https:\/\/www.grieta.org.mx\/wp-content\/uploads\/2020\/09\/pdp_agresiones_atizapan_mariaruiz-747x500.jpg 747w\" sizes=\"auto, (max-width: 648px) 100vw, 648px\" \/><\/p>\n<h6>Mujeres y periodistas fueron reprimidas durante la madrugada de este 11 de septiembre en el Centro de Justicia Atizapan. Las mujeres exig\u00edan se liberaran a sus compa\u00f1eras de la toma quienes fueron detenidas con violencia y trasladadas a este inmueble. \/ Foto: Mar\u00eda Ruiz<\/h6>\n<h3>Codhem ofrece apoyo y despu\u00e9s pide que las desalojen<\/h3>\n<p>La Comisi\u00f3n de Derechos Humanos del Estado de M\u00e9xico inform\u00f3 en un comunicado que la toma de sus instalaciones fue de forma pac\u00edfica por parte de la colectiva feminista \u201cManada periferia\u201d quienes ingresaron a las instalaciones de la Visitadur\u00eda General Sede Ecatepec, como un acto de solidaridad con las mujeres que se encuentran en la sede de la Comisi\u00f3n Nacional de Derechos Humanos (CNDH).<\/p>\n<p>El organismo dijo que apoyaba la manifestaci\u00f3n y que ten\u00edan la instrucci\u00f3n de que se cumpla con la defensa, protecci\u00f3n y solidaridad con las v\u00edctimas de violencia de g\u00e9nero y feminicidio. Reiter\u00f3 su llamado \u201ca la solidaridad y empat\u00eda con las colectivas del Estado de M\u00e9xico y atender a todos y cada uno de los puntos de su Recomendaci\u00f3n General 1\/2018 sobre la Violencia de G\u00e9nero y el Feminicidio en esta entidad\u201d.<\/p>\n<p>Unas horas m\u00e1s tarde, sin embargo, la Fiscal\u00eda del Estado de M\u00e9xico inform\u00f3 que entr\u00f3 a las instalaciones de la Codhem a petici\u00f3n del mismo organismo.<\/p>\n<h3>CNDH responde a toma de sus instalaciones en CDMX<\/h3>\n<p>En relaci\u00f3n a la toma de las instalaciones de la CNDH en el centro hist\u00f3rico, el organismo\u00a0 inform\u00f3 en un comunicado que no tomar\u00e1n represalias o denuncias contra la toma de las instalaciones en el centro hist\u00f3rico y que se acept\u00f3 el pliego petitorio del Frente Nacional Ni Una Menos.<\/p>\n<p>Tambi\u00e9n inform\u00f3 que est\u00e1n elaborando la Recomendaci\u00f3n General sobre la violencia de g\u00e9nero y feminicida que se registra en nuestro pa\u00eds, y que se concluir\u00e1 la pr\u00f3xima semana con el apoyo del Consejo Consultivo de este organismo.<\/p>\n<p>\u201cComo lo ha hecho en otras ocasiones, la CNDH continuar\u00e1 exhortando a las diferentes autoridades federales y estatales para que se abstengan de emitir declaraciones y se\u00f1alamientos que minimicen o denuesten la grave situaci\u00f3n de violencia que viven ni\u00f1as, adolescentes, j\u00f3venes y mujeres en todo el territorio nacional. En el \u00e1mbito de sus atribuciones, la CNDH se compromete a seguir impulsando la creaci\u00f3n de instancias especializadas de atenci\u00f3n a mujeres agredidas, v\u00edctimas del delito y de personas desaparecidas en Fiscal\u00edas y Organismos P\u00fablicos de Protecci\u00f3n de Derechos Humanos\u201d.<\/p>\n<p>Tambi\u00e9n dijo que la CNDH coadyuvar\u00e1 en la gesti\u00f3n de espacios para albergar a las familias de v\u00edctimas de la violencia de g\u00e9nero y violencia feminicida, as\u00ed como para constituirlo como un centro de acopio para recibir apoyos en especie.<\/p>\n<p><a href=\"https:\/\/piedepagina.mx\/mujeres-exigen-justicia-en-edomex-y-terminan-aprehendidas\/\" target=\"_blank\" rel=\"noopener noreferrer\">https:\/\/piedepagina.mx\/mujeres-exigen-justicia-en-edomex-y-terminan-aprehendidas\/<\/a><\/p>\n","protected":false},"excerpt":{"rendered":"<p>Texto: Mar\u00eda Ruiz y Daniela Rea Fotos: Mar\u00eda Ruiz Pie de P\u00e1gina Mujeres del Estado de M\u00e9xico tomaron la sede en Ecatepec de la Comisi\u00f3n de Derechos Humanos estatal para &hellip; <a href=\"https:\/\/www.grieta.org.mx\/index.php\/2020\/09\/11\/mujeres-exigen-justicia-en-edomex-y-terminan-aprehendidas\/\" class=\"more-link\">Leer m\u00e1s<\/a><\/p>\n","protected":false},"author":2,"featured_media":53724,"comment_status":"closed","ping_status":"closed","sticky":false,"template":"","format":"standard","meta":{"ngg_post_thumbnail":0,"_jetpack_newsletter_access":"","_jetpack_dont_email_post_to_subs":false,"_jetpack_newsletter_tier_id":0,"_jetpack_memberships_contains_paywalled_content":false,"_jetpack_memberships_contains_paid_content":false,"footnotes":""},"categories":[2798,80,2725,87,1204,16,2315,1827,1729,3035,2,83,2720,2398],"tags":[2204,121,2362,2248,2871,1034,887],"class_list":["post-53723","post","type-post","status-publish","format-standard","has-post-thumbnail","hentry","category-abuso-policiaco-y-tortura-en-el-estado-de-mexico","category-cintillo","category-desalojo-en-el-estado-de-mexico","category-desaparecidos","category-desaparecidos-en-el-estado-de-mexico","category-estado-de-mexico","category-la-ninez-bajo-la-tormenta-capitalista-en-el-estado-de-mexico","category-la-ninez-en-la-tormenta-capitalista","category-lucha-y-resistencia-del-pueblo-en-el-estado-de-mexico","category-movilizaciones-y-protestas-de-habitantes-en-el-estado-de-mexico","category-noticias-nacionales","category-temas-nacionales","category-violencia-contra-las-mujeres-en-el-estado-de-mexico","category-violencia-contra-luchadores-sociales-en-el-estado-de-mexico","tag-abuso-de-fuerzas-represivas","tag-desaparecidos","tag-la-ninez-en-la-tormenta","tag-luchas-de-las-mujeres","tag-violaciones-a-derechos-humanos-por-fuerzas-represivas","tag-violencias-de-fuerzas-represivas","tag-volencia-contra-las-mujeres","entry"],"jetpack_featured_media_url":"https:\/\/www.grieta.org.mx\/wp-content\/uploads\/2020\/09\/Mujeres-exigen-justicia-en-Edomex-y-terminan-aprehendidas-edomex-sept.jpg","jetpack_sharing_enabled":true,"jetpack_shortlink":"https:\/\/wp.me\/p7ZJR4-dYv","jetpack_likes_enabled":false,"jetpack-related-posts":[{"id":53727,"url":"https:\/\/www.grieta.org.mx\/index.php\/2020\/09\/11\/incendian-sede-de-codhem-en-ecatepec-tras-detencion-de-feministas-estado-de-mexico\/","url_meta":{"origin":53723,"position":0},"title":"Incendian sede de CODHEM en Ecatepec tras detenci\u00f3n de feministas (Estado de M\u00e9xico)","author":"grieta","date":"11 septiembre, 2020","format":false,"excerpt":"Foto: Twiter \/ @Andalalucha Carlos Guevara \/ El Sol de M\u00e9xico Un grupo de aproximadamente 50 mujeres llegaron al recinto ubicado en o en la Avenida Morelos para manifestarse en contra de la violencia policial y feminicidios Mujeres feministas incendiaron este viernes las instalaciones de la visitadur\u00eda general de la\u2026","rel":"","context":"En &quot;Abuso policiaco y tortura en el Estado de M\u00e9xico&quot;","block_context":{"text":"Abuso policiaco y tortura en el Estado de M\u00e9xico","link":"https:\/\/www.grieta.org.mx\/index.php\/category\/noticias-nacionales\/estado-de-mexico\/abuso-policiaco-y-tortura-en-el-estado-de-mexico\/"},"img":{"alt_text":"","src":"https:\/\/i0.wp.com\/www.grieta.org.mx\/wp-content\/uploads\/2020\/09\/Incendian-sede-de-CODHEM-en-Ecatepec-tras-detencion-de-feministas-edomex-sept.jpg?resize=350%2C200&ssl=1","width":350,"height":200,"srcset":"https:\/\/i0.wp.com\/www.grieta.org.mx\/wp-content\/uploads\/2020\/09\/Incendian-sede-de-CODHEM-en-Ecatepec-tras-detencion-de-feministas-edomex-sept.jpg?resize=350%2C200&ssl=1 1x, https:\/\/i0.wp.com\/www.grieta.org.mx\/wp-content\/uploads\/2020\/09\/Incendian-sede-de-CODHEM-en-Ecatepec-tras-detencion-de-feministas-edomex-sept.jpg?resize=525%2C300&ssl=1 1.5x, https:\/\/i0.wp.com\/www.grieta.org.mx\/wp-content\/uploads\/2020\/09\/Incendian-sede-de-CODHEM-en-Ecatepec-tras-detencion-de-feministas-edomex-sept.jpg?resize=700%2C400&ssl=1 2x"},"classes":[]},{"id":30911,"url":"https:\/\/www.grieta.org.mx\/index.php\/2019\/03\/08\/al-menos-siete-feminicidios-mensuales-de-ninas-y-adolescentes-redim\/","url_meta":{"origin":53723,"position":1},"title":"Al menos siete feminicidios mensuales de ni\u00f1as y adolescentes: REDIM","author":"grieta","date":"8 marzo, 2019","format":false,"excerpt":"L\u00f3pez D\u00f3riga Digital La cifra de adolescentes v\u00edctimas de feminicidios a nivel nacional se duplic\u00f3 de 2015 a 2018, al pasar de 422 a 861 casos La Red por los Derechos de la Infancia en M\u00e9xico (REDIM) asegur\u00f3 que la violencia machista y omisi\u00f3n de las autoridades son responsables de\u2026","rel":"","context":"En &quot;Chihuahua&quot;","block_context":{"text":"Chihuahua","link":"https:\/\/www.grieta.org.mx\/index.php\/category\/noticias-nacionales\/chihuahua\/"},"img":{"alt_text":"","src":"https:\/\/i0.wp.com\/www.grieta.org.mx\/wp-content\/uploads\/2019\/03\/Al-menos-siete-feminicidios-mensuales-de-ni%C3%B1as-y-adolescentes-REDIM-nl-mzo.jpg?resize=350%2C200&ssl=1","width":350,"height":200,"srcset":"https:\/\/i0.wp.com\/www.grieta.org.mx\/wp-content\/uploads\/2019\/03\/Al-menos-siete-feminicidios-mensuales-de-ni%C3%B1as-y-adolescentes-REDIM-nl-mzo.jpg?resize=350%2C200&ssl=1 1x, https:\/\/i0.wp.com\/www.grieta.org.mx\/wp-content\/uploads\/2019\/03\/Al-menos-siete-feminicidios-mensuales-de-ni%C3%B1as-y-adolescentes-REDIM-nl-mzo.jpg?resize=525%2C300&ssl=1 1.5x, https:\/\/i0.wp.com\/www.grieta.org.mx\/wp-content\/uploads\/2019\/03\/Al-menos-siete-feminicidios-mensuales-de-ni%C3%B1as-y-adolescentes-REDIM-nl-mzo.jpg?resize=700%2C400&ssl=1 2x"},"classes":[]},{"id":53730,"url":"https:\/\/www.grieta.org.mx\/index.php\/2020\/09\/22\/con-todo-y-mecanismo-las-podemos-desaparecer-estado-de-mexico\/","url_meta":{"origin":53723,"position":2},"title":"\u201cCon todo y mecanismo las podemos desaparecer\u201d (Estado de M\u00e9xico)","author":"grieta","date":"22 septiembre, 2020","format":false,"excerpt":"Texto Daniela Rea y Mar\u00eda Ruiz Fotos: Mar\u00eda Ruiz Pie de P\u00e1gina Por la ma\u00f1ana del viernes, polic\u00edas de la fiscal\u00eda estatal arrestaron con violencia, amenazas de tortura y desaparici\u00f3n a 13 mujeres y 7 ni\u00f1os que tomaron pac\u00edficamente la Codhem en Ecatepec, en protesta a la violencia feminicida. Como\u2026","rel":"","context":"En &quot;Abuso policiaco y tortura en el Estado de M\u00e9xico&quot;","block_context":{"text":"Abuso policiaco y tortura en el Estado de M\u00e9xico","link":"https:\/\/www.grieta.org.mx\/index.php\/category\/noticias-nacionales\/estado-de-mexico\/abuso-policiaco-y-tortura-en-el-estado-de-mexico\/"},"img":{"alt_text":"","src":"https:\/\/i0.wp.com\/www.grieta.org.mx\/wp-content\/uploads\/2020\/09\/Con-todo-y-mecanismo-las-podemos-desaparecer-edomex-sept.jpg?resize=350%2C200&ssl=1","width":350,"height":200,"srcset":"https:\/\/i0.wp.com\/www.grieta.org.mx\/wp-content\/uploads\/2020\/09\/Con-todo-y-mecanismo-las-podemos-desaparecer-edomex-sept.jpg?resize=350%2C200&ssl=1 1x, https:\/\/i0.wp.com\/www.grieta.org.mx\/wp-content\/uploads\/2020\/09\/Con-todo-y-mecanismo-las-podemos-desaparecer-edomex-sept.jpg?resize=525%2C300&ssl=1 1.5x, https:\/\/i0.wp.com\/www.grieta.org.mx\/wp-content\/uploads\/2020\/09\/Con-todo-y-mecanismo-las-podemos-desaparecer-edomex-sept.jpg?resize=700%2C400&ssl=1 2x, https:\/\/i0.wp.com\/www.grieta.org.mx\/wp-content\/uploads\/2020\/09\/Con-todo-y-mecanismo-las-podemos-desaparecer-edomex-sept.jpg?resize=1050%2C600&ssl=1 3x"},"classes":[]},{"id":41698,"url":"https:\/\/www.grieta.org.mx\/index.php\/2019\/11\/29\/suena-en-ecatepec-el-violador-eres-tu-de-la-mano-de-estudiantes-de-preparatoria-estado-de-mexico\/","url_meta":{"origin":53723,"position":3},"title":"Suena en Ecatepec &#8220;el violador eres t\u00fa&#8221; de la mano de estudiantes de preparatoria (Estado de M\u00e9xico)","author":"grieta","date":"29 noviembre, 2019","format":false,"excerpt":"Nancy G\u00f3mez \/ SDP Noticias En el municipio m\u00e1s peligroso para ser mujer, alumnas de una preparatoria se unieron a la intervenci\u00f3n \u201cUn violador en tu camino\u201d Desde una escuela preparatoria en Ecatepec, Estado de M\u00e9xico, alumnas hicieron eco de la convocatoria emitida desde grupos feministas en Chile y realizaron\u2026","rel":"","context":"En &quot;CINTILLO&quot;","block_context":{"text":"CINTILLO","link":"https:\/\/www.grieta.org.mx\/index.php\/category\/cintillo\/"},"img":{"alt_text":"","src":"https:\/\/i0.wp.com\/www.grieta.org.mx\/wp-content\/uploads\/2019\/11\/Suena-en-Ecatepec-el-violador-eres-t%C3%BA-de-la-mano-de-estudiantes-de-preparatoria-edomex-nov.jpg?resize=350%2C200","width":350,"height":200},"classes":[]},{"id":41096,"url":"https:\/\/www.grieta.org.mx\/index.php\/2019\/11\/07\/estudiantes-marchan-por-detencion-de-alumnas-de-prepa-en-neza-estado-de-mexico\/","url_meta":{"origin":53723,"position":4},"title":"Estudiantes marchan por detenci\u00f3n de alumnas de prepa en Neza (Estado de M\u00e9xico)","author":"grieta","date":"7 noviembre, 2019","format":false,"excerpt":"Emilio Fern\u00e1ndez \/ El Universal Los inconformes, as\u00ed como maestros y personal administrativo del CBT 1 y la Preparatoria 82, cerraron la avenida L\u00f3pez Mateos y Chimalhuac\u00e1n para exigir justicia por las menores detenidas el pasado 9 de octubre Nezahualc\u00f3yotl.- Alumnos, profesores y personal administrativo del Centro de Bachillerato Tecnol\u00f3gico\u2026","rel":"","context":"En &quot;Abuso policiaco y tortura en el Estado de M\u00e9xico&quot;","block_context":{"text":"Abuso policiaco y tortura en el Estado de M\u00e9xico","link":"https:\/\/www.grieta.org.mx\/index.php\/category\/noticias-nacionales\/estado-de-mexico\/abuso-policiaco-y-tortura-en-el-estado-de-mexico\/"},"img":{"alt_text":"","src":"https:\/\/i0.wp.com\/www.grieta.org.mx\/wp-content\/uploads\/2019\/11\/Estudiantes-marchan-por-detenci%C3%B3n-de-alumnas-de-prepa-en-Nezahualc%C3%B3yotl-edomex-nov.jpg?resize=350%2C200","width":350,"height":200},"classes":[]},{"id":41005,"url":"https:\/\/www.grieta.org.mx\/index.php\/2019\/11\/04\/con-granaderos-buscan-en-naucalpan-desalojar-fundacion-de-ninos-con-paralisis-estado-de-mexico\/","url_meta":{"origin":53723,"position":5},"title":"Con granaderos, buscan en Naucalpan desalojar fundaci\u00f3n de ni\u00f1os con par\u00e1lisis (Estado de M\u00e9xico)","author":"grieta","date":"4 noviembre, 2019","format":false,"excerpt":"Arturo Ponce \/ Soy Naucalpan Por quinta ocasi\u00f3n intentan desalojar a la instituci\u00f3n Autismax, ubicada en Av. Fuentes de\u00a0Sat\u00e9lite Naucalpan, que desde hace m\u00e1s de 30 a\u00f1os proporciona asistencia a ni\u00f1os con\u00a0par\u00e1lisis cerebral. Desde las 6:30 de la ma\u00f1ana, a las afueras de este centro, vecinos y comunidad civil se\u00a0sumaron\u2026","rel":"","context":"En &quot;Abuso policiaco y tortura en el Estado de M\u00e9xico&quot;","block_context":{"text":"Abuso policiaco y tortura en el Estado de M\u00e9xico","link":"https:\/\/www.grieta.org.mx\/index.php\/category\/noticias-nacionales\/estado-de-mexico\/abuso-policiaco-y-tortura-en-el-estado-de-mexico\/"},"img":{"alt_text":"","src":"https:\/\/i0.wp.com\/www.grieta.org.mx\/wp-content\/uploads\/2019\/11\/Con-granaderos-buscan-en-Naucalpan-desalojar-fundaci%C3%B3n-de-ni%C3%B1os-con-par%C3%A1lisis-edomex-nov-300x152.jpg?resize=350%2C200","width":350,"height":200},"classes":[]}],"_links":{"self":[{"href":"https:\/\/www.grieta.org.mx\/index.php\/wp-json\/wp\/v2\/posts\/53723","targetHints":{"allow":["GET"]}}],"collection":[{"href":"https:\/\/www.grieta.org.mx\/index.php\/wp-json\/wp\/v2\/posts"}],"about":[{"href":"https:\/\/www.grieta.org.mx\/index.php\/wp-json\/wp\/v2\/types\/post"}],"author":[{"embeddable":true,"href":"https:\/\/www.grieta.org.mx\/index.php\/wp-json\/wp\/v2\/users\/2"}],"replies":[{"embeddable":true,"href":"https:\/\/www.grieta.org.mx\/index.php\/wp-json\/wp\/v2\/comments?post=53723"}],"version-history":[{"count":1,"href":"https:\/\/www.grieta.org.mx\/index.php\/wp-json\/wp\/v2\/posts\/53723\/revisions"}],"predecessor-version":[{"id":53726,"href":"https:\/\/www.grieta.org.mx\/index.php\/wp-json\/wp\/v2\/posts\/53723\/revisions\/53726"}],"wp:featuredmedia":[{"embeddable":true,"href":"https:\/\/www.grieta.org.mx\/index.php\/wp-json\/wp\/v2\/media\/53724"}],"wp:attachment":[{"href":"https:\/\/www.grieta.org.mx\/index.php\/wp-json\/wp\/v2\/media?parent=53723"}],"wp:term":[{"taxonomy":"category","embeddable":true,"href":"https:\/\/www.grieta.org.mx\/index.php\/wp-json\/wp\/v2\/categories?post=53723"},{"taxonomy":"post_tag","embeddable":true,"href":"https:\/\/www.grieta.org.mx\/index.php\/wp-json\/wp\/v2\/tags?post=53723"}],"curies":[{"name":"wp","href":"https:\/\/api.w.org\/{rel}","templated":true}]}}