{"id":5371,"date":"2015-07-31T01:57:51","date_gmt":"2015-07-31T01:57:51","guid":{"rendered":"http:\/\/50.22.11.12\/~grietaor\/?p=5371"},"modified":"2016-03-27T02:00:54","modified_gmt":"2016-03-27T02:00:54","slug":"los-puntos-turbios-y-oscuros-del-caso-tajamar-quintana-roo","status":"publish","type":"post","link":"https:\/\/www.grieta.org.mx\/index.php\/2015\/07\/31\/los-puntos-turbios-y-oscuros-del-caso-tajamar-quintana-roo\/","title":{"rendered":"Los puntos turbios y oscuros del caso Tajamar (Quintana Roo)"},"content":{"rendered":"<p>La ins\u00f3lita reacci\u00f3n de los cancunenses ante la destrucci\u00f3n de manglares en el llamado Malec\u00f3n Tajamar es algo que amerita atenci\u00f3n especial. No es frecuente que, ante un caso de afectaci\u00f3n al medio ambiente, la comunidad se movilice tan r\u00e1pida, decidida y en\u00e9rgicamente como en esta ocasi\u00f3n: en s\u00f3lo 48 horas se reunieron cuatro mil firmas en respaldo de la denuncia ciudadana para lograr que se detuvieran los trabajos, y grupos de mujeres de muy diversos estratos sociales y ocupaciones optaron por lo que podr\u00eda llamarse acci\u00f3n directa, formando barreras humanas para detener la actividad de las m\u00e1quinas que barr\u00edan la vegetaci\u00f3n, sepultaban vivos a los animales que ah\u00ed habitan, y rellenaban el humedal.<br \/>\nY hay que subrayar que esta amplia y casi instant\u00e1nea respuesta ciudadana ocurri\u00f3 pese a que la gran mayor\u00eda de los medios de comunicaci\u00f3n, controlados por el gobierno estatal, intentaron minimizar o tergiversar el asunto, desorientar a la opini\u00f3n p\u00fablica, o francamente tendieron un manto de silencio sobre \u00e9l.<br \/>\nLo que esto indica, es que los habitantes de Canc\u00fan han llegado a un punto de hartazgo ante la sistem\u00e1tica destrucci\u00f3n de sus recursos naturales y el consiguiente deterioro de su calidad de vida. A lo largo de d\u00e9cadas han visto casi impotentes c\u00f3mo se destruyen la selva, las playas, las dunas costeras y los humedales, con la tolerancia, indiferencia o franca complicidad de las autoridades de los diferentes niveles de gobierno y c\u00f3mo lo que pudo haber sido una ciudad modelo por sus \u00e1reas verdes termin\u00f3 convertido en una gran plancha de asfalto y concreto. Pero, como decimos, al parecer ya no est\u00e1n dispuestos a permitir que tal cosa siga ocurriendo.<br \/>\nEsta actitud de los cancunenses, preocupados por la protecci\u00f3n y conservaci\u00f3n del medio ambiente, contrasta sin embargo con la de las autoridades, incluso de aquellas cuya funci\u00f3n es precisamente la salvaguarda de los recursos naturales. As\u00ed, el secretario de Ecolog\u00eda del gobierno estatal, Carlos Rafael Mu\u00f1oz Berzunza, declar\u00f3 desde\u00f1osa y agresivamente, en respuesta a la demanda ciudadana: \u201cEl desarrollo no se va a detener\u2026 Tajamar ya estaba pensado para desarrollarse. Que se vayan a respirar a Sian Ka\u2019an. Nosotros respiramos en Canc\u00fan\u201d.<br \/>\nEs la t\u00edpica actitud de un funcionario prepotente a quien tiene sin cuidado lo que piensen u opinen los ciudadanos, a los cuales considera una especie de seres inferiores que no merecen, ya no digamos una explicaci\u00f3n, sino tan siquiera que se les hable con un m\u00ednimo de cortes\u00eda, urbanidad y buena educaci\u00f3n.<br \/>\nY esto nos lleva a un muy importante aspecto de la cuesti\u00f3n: la legalidad de la devastaci\u00f3n del manglar. Lo que Berzunza, Fonatur y diversos funcionarios aducen, es que los permisos para desmontar y rellenar los terrenos del Malec\u00f3n Tajamar fueron expedidos en 2005, antes de que se dictaran las normas y leyes de protecci\u00f3n al manglar ahora vigentes, y que por tanto \u00e9stas no pueden aplicarse retroactivamente. Sin embargo, como se ha descubierto, dichas autorizaciones estaban sujetas a ciertas condicionantes que no se cumplieron. Por lo tanto, han quedado anuladas.<br \/>\nNo s\u00f3lo eso. El Centro Mexicano de Derecho Ambiental, Cemda, pudo comprobar que la informaci\u00f3n entregada a la Semarnat por Fonatur para obtener los permisos era fraudulenta por cuanto omiti\u00f3 se\u00f1alar que casi dos tercios del terreno estaban cubiertos por diversos tipos de manglar, y que en aquel entonces el mangle se hallaba oficialmente en la categor\u00eda de especie sujeta a protecci\u00f3n oficial. Esta es otra raz\u00f3n v\u00e1lida para que los permisos sean cancelados.<br \/>\nY todav\u00eda hay m\u00e1s: la indagaci\u00f3n de Cemda puso de manifiesto que la Semarnat otorg\u00f3 los permisos para urbanizar esos terrenos de humedal pese a que el propio gobierno de Quintana Roo, entonces encabezado por el ahora senador F\u00e9lix Gonz\u00e1lez Canto, quien no se caracteriza precisamente por defender los manglares sino todo lo contrario, emiti\u00f3 una opini\u00f3n contraria y recomend\u00f3 que el proyecto no se autorizara.<br \/>\nFinalmente, hay un punto que no est\u00e1 muy claro: c\u00f3mo pudo Fonatur haber vendido esos terrenos que, por ser una zona de humedales al borde de una laguna costera, probablemente estaban considerados como parte de la zona federal mar\u00edtimo-terrestre.<br \/>\nEn suma: hay suficientes anomal\u00edas, incumplimientos, irregularidades y omisiones en el caso como para que sean anulados los permisos de desmonte y relleno de esos manglares y se detengan en definitiva los trabajos ya iniciados. Lo hecho, o sea la apertura de avenidas y la construcci\u00f3n del paseo a lo largo de la laguna Nichupt\u00e9, hecho est\u00e1. Pero esa infraestructura puede y debe ser aprovechada para que el Malec\u00f3n Tajamar sirva al esparcimiento y recreaci\u00f3n de los cancunenses, con su flora y su fauna originales, como un \u00e1rea verde de las que la ciudad es tan escasa.<\/p>\n<p><a href=\"http:\/\/www.poresto.net\/ver_nota.php?zona=yucatan&#038;idSeccion=15&#038;idTitulo=419766\" target=\"_blank\">www.poresto.net\/ver_nota.php?zona=yucatan&#038;idSeccion=15&#038;idTitulo=419766<\/a><\/p>\n","protected":false},"excerpt":{"rendered":"<p>La ins\u00f3lita reacci\u00f3n de los cancunenses ante la destrucci\u00f3n de manglares en el llamado Malec\u00f3n Tajamar es algo que amerita atenci\u00f3n especial. No es frecuente que, ante un caso de &hellip; <a href=\"https:\/\/www.grieta.org.mx\/index.php\/2015\/07\/31\/los-puntos-turbios-y-oscuros-del-caso-tajamar-quintana-roo\/\" class=\"more-link\">Leer m\u00e1s<\/a><\/p>\n","protected":false},"author":2,"featured_media":21928,"comment_status":"closed","ping_status":"open","sticky":false,"template":"","format":"standard","meta":{"ngg_post_thumbnail":0,"_jetpack_newsletter_access":"","_jetpack_dont_email_post_to_subs":false,"_jetpack_newsletter_tier_id":0,"_jetpack_memberships_contains_paywalled_content":false,"_jetpack_memberships_contains_paid_content":false,"footnotes":""},"categories":[80,151],"tags":[316,356],"class_list":["post-5371","post","type-post","status-publish","format-standard","has-post-thumbnail","hentry","category-cintillo","category-quintana-roo","tag-manglar","tag-tajamar","entry"],"jetpack_featured_media_url":"https:\/\/www.grieta.org.mx\/wp-content\/uploads\/2018\/03\/14524434_1106112876131411_958039263622046936_o.jpg","jetpack_sharing_enabled":true,"jetpack_shortlink":"https:\/\/wp.me\/p7ZJR4-1oD","jetpack_likes_enabled":false,"jetpack-related-posts":[{"id":4486,"url":"https:\/\/www.grieta.org.mx\/index.php\/2016\/06\/10\/protestas-ante-devastacion-provocada-por-malecon-tajamar-quintana-roo\/","url_meta":{"origin":5371,"position":0},"title":"Protestas ante devastaci\u00f3n provocada por Malec\u00f3n Tajamar (Quintana Roo)","author":"grieta","date":"10 junio, 2016","format":false,"excerpt":"10\/06\/16. Afrenta para Canc\u00fan aval de Profepa a Fonatur por destrucci\u00f3n en TajamarMarcrixnoticias 07\/06\/16. No hay delito ambiental en Tajamar Canc\u00fan resolvi\u00f3 la Profepa. El Fonatur actu\u00f3 apegado a lo autorizado por SemarnatNoticaribeNews 12\/04\/16. Ignoran 7 mil denuncias por TajamarLuces del Siglo 11\/02\/16. Defensores del Tajamar se dividen, desconocen a\u2026","rel":"","context":"En &quot;NOTICIAS NACIONALES&quot;","block_context":{"text":"NOTICIAS NACIONALES","link":"https:\/\/www.grieta.org.mx\/index.php\/category\/noticias-nacionales\/"},"img":{"alt_text":"","src":"https:\/\/i0.wp.com\/www.grieta.org.mx\/wp-content\/uploads\/2018\/03\/14524434_1106112876131411_958039263622046936_o.jpg?resize=350%2C200&ssl=1","width":350,"height":200,"srcset":"https:\/\/i0.wp.com\/www.grieta.org.mx\/wp-content\/uploads\/2018\/03\/14524434_1106112876131411_958039263622046936_o.jpg?resize=350%2C200&ssl=1 1x, https:\/\/i0.wp.com\/www.grieta.org.mx\/wp-content\/uploads\/2018\/03\/14524434_1106112876131411_958039263622046936_o.jpg?resize=525%2C300&ssl=1 1.5x, https:\/\/i0.wp.com\/www.grieta.org.mx\/wp-content\/uploads\/2018\/03\/14524434_1106112876131411_958039263622046936_o.jpg?resize=700%2C400&ssl=1 2x"},"classes":[]},{"id":4485,"url":"https:\/\/www.grieta.org.mx\/index.php\/2016\/02\/11\/defensores-del-tajamar-se-dividen-desconocen-a-katherine-ender\/","url_meta":{"origin":5371,"position":1},"title":"Defensores del Tajamar se dividen, desconocen a Katherine Ender","author":"grieta","date":"11 febrero, 2016","format":false,"excerpt":"AUSTO ADRI\u00c1N.- Canc\u00fan Q. Roo.- Ciudadanos que han logrado 5 suspensiones del Malec\u00f3n Tajamar ante juzgados federales, se deslindan de Katherine Ender, por emplear el movimiento ambientalista para cuestiones pol\u00edticas, coincidieron Sandra Elena Sandoval y Roc\u00edo Pinto Bonilla. Se fragmenta la defensa del proyecto del Malec\u00f3n Tajamar, dado que ciudadanas\u2026","rel":"","context":"En &quot;CINTILLO&quot;","block_context":{"text":"CINTILLO","link":"https:\/\/www.grieta.org.mx\/index.php\/category\/cintillo\/"},"img":{"alt_text":"","src":"https:\/\/i0.wp.com\/www.grieta.org.mx\/wp-content\/uploads\/2018\/03\/14524434_1106112876131411_958039263622046936_o.jpg?resize=350%2C200&ssl=1","width":350,"height":200,"srcset":"https:\/\/i0.wp.com\/www.grieta.org.mx\/wp-content\/uploads\/2018\/03\/14524434_1106112876131411_958039263622046936_o.jpg?resize=350%2C200&ssl=1 1x, https:\/\/i0.wp.com\/www.grieta.org.mx\/wp-content\/uploads\/2018\/03\/14524434_1106112876131411_958039263622046936_o.jpg?resize=525%2C300&ssl=1 1.5x, https:\/\/i0.wp.com\/www.grieta.org.mx\/wp-content\/uploads\/2018\/03\/14524434_1106112876131411_958039263622046936_o.jpg?resize=700%2C400&ssl=1 2x"},"classes":[]},{"id":5029,"url":"https:\/\/www.grieta.org.mx\/index.php\/2016\/01\/25\/impulsan-estacion-naviera-en-tajamar\/","url_meta":{"origin":5371,"position":2},"title":"Impulsan estaci\u00f3n naviera en Tajamar","author":"grieta","date":"25 enero, 2016","format":false,"excerpt":"Por Agustin Ambriz M\u00e9xico 25 Enero 2016 Se asocia Roberto Borge con la empresa de barcos Ultramar y Apuestan echar abajo proyecto original de Fonatur Canc\u00fan 25 Enero.- Detr\u00e1s del conflicto por los terrenos devastados de Malec\u00f3n Tajamar, se oculta la pretensi\u00f3n del gobierno de Roberto Borge Angulo de echar\u2026","rel":"","context":"En &quot;CINTILLO&quot;","block_context":{"text":"CINTILLO","link":"https:\/\/www.grieta.org.mx\/index.php\/category\/cintillo\/"},"img":{"alt_text":"","src":"https:\/\/i0.wp.com\/www.grieta.org.mx\/wp-content\/uploads\/2018\/03\/14524434_1106112876131411_958039263622046936_o.jpg?resize=350%2C200&ssl=1","width":350,"height":200,"srcset":"https:\/\/i0.wp.com\/www.grieta.org.mx\/wp-content\/uploads\/2018\/03\/14524434_1106112876131411_958039263622046936_o.jpg?resize=350%2C200&ssl=1 1x, https:\/\/i0.wp.com\/www.grieta.org.mx\/wp-content\/uploads\/2018\/03\/14524434_1106112876131411_958039263622046936_o.jpg?resize=525%2C300&ssl=1 1.5x, https:\/\/i0.wp.com\/www.grieta.org.mx\/wp-content\/uploads\/2018\/03\/14524434_1106112876131411_958039263622046936_o.jpg?resize=700%2C400&ssl=1 2x"},"classes":[]},{"id":5072,"url":"https:\/\/www.grieta.org.mx\/index.php\/2015\/09\/23\/por-enesima-vez-defensores-de-tajamar-denuncian-a-fonatur-ante-profepa\/","url_meta":{"origin":5371,"position":3},"title":"Por en\u00e9sima vez defensores de Tajamar denuncian a Fonatur ante Profepa","author":"grieta","date":"23 septiembre, 2015","format":false,"excerpt":"Canc\u00fan.- Denuncia defensores del Malec\u00f3n Tajamar, a Fonatur ante la Profepa por haber enviado a 3 trabajadores a realizar trabajos de desmonte, confirm\u00f3 Katherine Ender. \u201cContra y anexamos hoy el peri\u00f3dico lo que sali\u00f3 hoy en las notas que pues sali\u00f3 ah\u00ed la foto contra Fonatur y la nota de\u2026","rel":"","context":"En &quot;CINTILLO&quot;","block_context":{"text":"CINTILLO","link":"https:\/\/www.grieta.org.mx\/index.php\/category\/cintillo\/"},"img":{"alt_text":"","src":"https:\/\/i0.wp.com\/www.grieta.org.mx\/wp-content\/uploads\/2018\/03\/14524434_1106112876131411_958039263622046936_o.jpg?resize=350%2C200&ssl=1","width":350,"height":200,"srcset":"https:\/\/i0.wp.com\/www.grieta.org.mx\/wp-content\/uploads\/2018\/03\/14524434_1106112876131411_958039263622046936_o.jpg?resize=350%2C200&ssl=1 1x, https:\/\/i0.wp.com\/www.grieta.org.mx\/wp-content\/uploads\/2018\/03\/14524434_1106112876131411_958039263622046936_o.jpg?resize=525%2C300&ssl=1 1.5x, https:\/\/i0.wp.com\/www.grieta.org.mx\/wp-content\/uploads\/2018\/03\/14524434_1106112876131411_958039263622046936_o.jpg?resize=700%2C400&ssl=1 2x"},"classes":[]},{"id":10193,"url":"https:\/\/www.grieta.org.mx\/index.php\/2016\/04\/12\/ignoran-7-mil-denuncias-por-tajamar\/","url_meta":{"origin":5371,"position":4},"title":"Ignoran 7 mil denuncias por Tajamar","author":"grieta","date":"12 abril, 2016","format":false,"excerpt":"Por ISELA SERRANO Siguen sin salvaguardar el ecosistema que permanece vivo El \u201cMovimiento Salvemos Manglar Tajamar\u201d dio a conocer que, a pesar de que existen m\u00e1s de 7 mil denuncias ciudadanas contra el ecocidio cometido en Canc\u00fan el 16 de enero, la autoridad ambiental no ha actuado para salvaguardar el\u2026","rel":"","context":"En &quot;CINTILLO&quot;","block_context":{"text":"CINTILLO","link":"https:\/\/www.grieta.org.mx\/index.php\/category\/cintillo\/"},"img":{"alt_text":"","src":"https:\/\/i0.wp.com\/www.grieta.org.mx\/wp-content\/uploads\/2018\/03\/14524434_1106112876131411_958039263622046936_o.jpg?resize=350%2C200&ssl=1","width":350,"height":200,"srcset":"https:\/\/i0.wp.com\/www.grieta.org.mx\/wp-content\/uploads\/2018\/03\/14524434_1106112876131411_958039263622046936_o.jpg?resize=350%2C200&ssl=1 1x, https:\/\/i0.wp.com\/www.grieta.org.mx\/wp-content\/uploads\/2018\/03\/14524434_1106112876131411_958039263622046936_o.jpg?resize=525%2C300&ssl=1 1.5x, https:\/\/i0.wp.com\/www.grieta.org.mx\/wp-content\/uploads\/2018\/03\/14524434_1106112876131411_958039263622046936_o.jpg?resize=700%2C400&ssl=1 2x"},"classes":[]},{"id":5044,"url":"https:\/\/www.grieta.org.mx\/index.php\/2016\/01\/05\/impiden-mas-devastacion-en-el-malecon-tajamar\/","url_meta":{"origin":5371,"position":5},"title":"Impiden m\u00e1s devastaci\u00f3n en el Malec\u00f3n Tajamar","author":"grieta","date":"5 enero, 2016","format":false,"excerpt":"Pese a la suspensi\u00f3n, una brigada de trabajadores lleg\u00f3 con maquinaria pesada Canc\u00fan.- Decenas de habitantes no permitieron que reanudaran trabajos en el Malec\u00f3n Tajamar, por lo que tuvo que intervenir la polic\u00eda, hasta que lleg\u00f3 un representante de la Procuradur\u00eda General de la Rep\u00fablica, quien conmin\u00f3 al abogado del\u2026","rel":"","context":"En &quot;CINTILLO&quot;","block_context":{"text":"CINTILLO","link":"https:\/\/www.grieta.org.mx\/index.php\/category\/cintillo\/"},"img":{"alt_text":"","src":"https:\/\/i0.wp.com\/www.grieta.org.mx\/wp-content\/uploads\/2018\/03\/14524434_1106112876131411_958039263622046936_o.jpg?resize=350%2C200&ssl=1","width":350,"height":200,"srcset":"https:\/\/i0.wp.com\/www.grieta.org.mx\/wp-content\/uploads\/2018\/03\/14524434_1106112876131411_958039263622046936_o.jpg?resize=350%2C200&ssl=1 1x, https:\/\/i0.wp.com\/www.grieta.org.mx\/wp-content\/uploads\/2018\/03\/14524434_1106112876131411_958039263622046936_o.jpg?resize=525%2C300&ssl=1 1.5x, https:\/\/i0.wp.com\/www.grieta.org.mx\/wp-content\/uploads\/2018\/03\/14524434_1106112876131411_958039263622046936_o.jpg?resize=700%2C400&ssl=1 2x"},"classes":[]}],"_links":{"self":[{"href":"https:\/\/www.grieta.org.mx\/index.php\/wp-json\/wp\/v2\/posts\/5371","targetHints":{"allow":["GET"]}}],"collection":[{"href":"https:\/\/www.grieta.org.mx\/index.php\/wp-json\/wp\/v2\/posts"}],"about":[{"href":"https:\/\/www.grieta.org.mx\/index.php\/wp-json\/wp\/v2\/types\/post"}],"author":[{"embeddable":true,"href":"https:\/\/www.grieta.org.mx\/index.php\/wp-json\/wp\/v2\/users\/2"}],"replies":[{"embeddable":true,"href":"https:\/\/www.grieta.org.mx\/index.php\/wp-json\/wp\/v2\/comments?post=5371"}],"version-history":[{"count":1,"href":"https:\/\/www.grieta.org.mx\/index.php\/wp-json\/wp\/v2\/posts\/5371\/revisions"}],"predecessor-version":[{"id":5373,"href":"https:\/\/www.grieta.org.mx\/index.php\/wp-json\/wp\/v2\/posts\/5371\/revisions\/5373"}],"wp:featuredmedia":[{"embeddable":true,"href":"https:\/\/www.grieta.org.mx\/index.php\/wp-json\/wp\/v2\/media\/21928"}],"wp:attachment":[{"href":"https:\/\/www.grieta.org.mx\/index.php\/wp-json\/wp\/v2\/media?parent=5371"}],"wp:term":[{"taxonomy":"category","embeddable":true,"href":"https:\/\/www.grieta.org.mx\/index.php\/wp-json\/wp\/v2\/categories?post=5371"},{"taxonomy":"post_tag","embeddable":true,"href":"https:\/\/www.grieta.org.mx\/index.php\/wp-json\/wp\/v2\/tags?post=5371"}],"curies":[{"name":"wp","href":"https:\/\/api.w.org\/{rel}","templated":true}]}}