{"id":53706,"date":"2020-09-20T12:22:11","date_gmt":"2020-09-20T17:22:11","guid":{"rendered":"http:\/\/www.grieta.org.mx\/?p=53706"},"modified":"2020-09-22T12:30:28","modified_gmt":"2020-09-22T17:30:28","slug":"protestan-indigenas-por-ataques-contra-zapatistas-y-pueblos-originarios-veracruz","status":"publish","type":"post","link":"https:\/\/www.grieta.org.mx\/index.php\/2020\/09\/20\/protestan-indigenas-por-ataques-contra-zapatistas-y-pueblos-originarios-veracruz\/","title":{"rendered":"Protestan ind\u00edgenas por ataques contra zapatistas y pueblos originarios (Veracruz)"},"content":{"rendered":"<figure id=\"attachment_53707\" aria-describedby=\"caption-attachment-53707\" style=\"width: 720px\" class=\"wp-caption aligncenter\"><a href=\"http:\/\/www.grieta.org.mx\/wp-content\/uploads\/2020\/09\/120159manifestacion_1_4.jpg\"><img loading=\"lazy\" decoding=\"async\" data-attachment-id=\"53707\" data-permalink=\"https:\/\/www.grieta.org.mx\/index.php\/2020\/09\/20\/protestan-indigenas-por-ataques-contra-zapatistas-y-pueblos-originarios-veracruz\/120159manifestacion_1_4\/\" data-orig-file=\"https:\/\/www.grieta.org.mx\/wp-content\/uploads\/2020\/09\/120159manifestacion_1_4.jpg\" data-orig-size=\"640,427\" data-comments-opened=\"0\" data-image-meta=\"{&quot;aperture&quot;:&quot;0&quot;,&quot;credit&quot;:&quot;&quot;,&quot;camera&quot;:&quot;&quot;,&quot;caption&quot;:&quot;&quot;,&quot;created_timestamp&quot;:&quot;0&quot;,&quot;copyright&quot;:&quot;&quot;,&quot;focal_length&quot;:&quot;0&quot;,&quot;iso&quot;:&quot;0&quot;,&quot;shutter_speed&quot;:&quot;0&quot;,&quot;title&quot;:&quot;&quot;,&quot;orientation&quot;:&quot;0&quot;}\" data-image-title=\"120159manifestacion_1_4\" data-image-description=\"\" data-image-caption=\"\" data-medium-file=\"https:\/\/www.grieta.org.mx\/wp-content\/uploads\/2020\/09\/120159manifestacion_1_4-300x200.jpg\" data-large-file=\"https:\/\/www.grieta.org.mx\/wp-content\/uploads\/2020\/09\/120159manifestacion_1_4.jpg\" class=\"wp-image-53707\" src=\"http:\/\/www.grieta.org.mx\/wp-content\/uploads\/2020\/09\/120159manifestacion_1_4.jpg\" alt=\"\" width=\"720\" height=\"480\" srcset=\"https:\/\/www.grieta.org.mx\/wp-content\/uploads\/2020\/09\/120159manifestacion_1_4.jpg 640w, https:\/\/www.grieta.org.mx\/wp-content\/uploads\/2020\/09\/120159manifestacion_1_4-300x200.jpg 300w\" sizes=\"auto, (max-width: 720px) 100vw, 720px\" \/><\/a><figcaption id=\"caption-attachment-53707\" class=\"wp-caption-text\">Foto: Jessica Torres<\/figcaption><\/figure>\n<p>Noreli Morlaes \/ Al Calor Pol\u00edtico<\/p>\n<p><strong>&#8211; Tambi\u00e9n reclamaron por el despojo de tierras por empresas transnacionales<br \/>\n&#8211; Megaproyectos del Estado afectan al territorio y a la vida humana: CNI<br \/>\n&#8211; Gobiernos simulan mesas de paz, pero j\u00f3venes siguen siendo asesinados: Oscar Espino<\/strong><\/p>\n<p>Integrantes del Congreso Nacional Ind\u00edgena se plantaron en la plaza Sebasti\u00e1n Lerdo para reclamar los ataques paramilitares a las comunidades zapatistas en Chiapas y el despojo a los pueblos originarios de Veracruz por empresas trasnacionales.<\/p>\n<p>  Al respecto, Oscar Espino, miembro del CNI, regi\u00f3n Totonacapan, dijo que esto es una exigencia a nivel nacional, donde se impulsa &#8220;la segunda acci\u00f3n global contra la guerra al EZLN, los pueblos y la vida: Samir Vive&#8221;.<\/p>\n<p><a href=\"http:\/\/www.grieta.org.mx\/wp-content\/uploads\/2020\/09\/120200manifestacion_2_3.jpg\"><img loading=\"lazy\" decoding=\"async\" data-attachment-id=\"53708\" data-permalink=\"https:\/\/www.grieta.org.mx\/index.php\/2020\/09\/20\/protestan-indigenas-por-ataques-contra-zapatistas-y-pueblos-originarios-veracruz\/120200manifestacion_2_3\/\" data-orig-file=\"https:\/\/www.grieta.org.mx\/wp-content\/uploads\/2020\/09\/120200manifestacion_2_3.jpg\" data-orig-size=\"640,427\" data-comments-opened=\"0\" data-image-meta=\"{&quot;aperture&quot;:&quot;0&quot;,&quot;credit&quot;:&quot;&quot;,&quot;camera&quot;:&quot;&quot;,&quot;caption&quot;:&quot;&quot;,&quot;created_timestamp&quot;:&quot;0&quot;,&quot;copyright&quot;:&quot;&quot;,&quot;focal_length&quot;:&quot;0&quot;,&quot;iso&quot;:&quot;0&quot;,&quot;shutter_speed&quot;:&quot;0&quot;,&quot;title&quot;:&quot;&quot;,&quot;orientation&quot;:&quot;0&quot;}\" data-image-title=\"120200manifestacion_2_3\" data-image-description=\"\" data-image-caption=\"\" data-medium-file=\"https:\/\/www.grieta.org.mx\/wp-content\/uploads\/2020\/09\/120200manifestacion_2_3-300x200.jpg\" data-large-file=\"https:\/\/www.grieta.org.mx\/wp-content\/uploads\/2020\/09\/120200manifestacion_2_3.jpg\" src=\"http:\/\/www.grieta.org.mx\/wp-content\/uploads\/2020\/09\/120200manifestacion_2_3.jpg\" alt=\"\" width=\"640\" height=\"427\" class=\"aligncenter size-full wp-image-53708\" srcset=\"https:\/\/www.grieta.org.mx\/wp-content\/uploads\/2020\/09\/120200manifestacion_2_3.jpg 640w, https:\/\/www.grieta.org.mx\/wp-content\/uploads\/2020\/09\/120200manifestacion_2_3-300x200.jpg 300w\" sizes=\"auto, (max-width: 640px) 100vw, 640px\" \/><\/a><\/p>\n<p>  &#8220;Ha habido una serie de ataques a comunidades zapatistas, comunidades del Aldama, Chiapas, y tambi\u00e9n en las comunidades de Tila, Chiapas, ha habido ataques armados por grupos paramilitares que han estado siendo solapados por el gobierno mexicano&#8221;.<\/p>\n<p>  Se\u00f1al\u00f3 que los mega proyectos en contra de los recursos naturales del Estado de Veracruz no han sido cancelados y contin\u00faan repercutiendo a gran parte de la entidad, no s\u00f3lo en territorio, sino tambi\u00e9n a la vida humana.<\/p>\n<p><a href=\"http:\/\/www.grieta.org.mx\/wp-content\/uploads\/2020\/09\/120200manifestacion_3_2.jpg\"><img loading=\"lazy\" decoding=\"async\" data-attachment-id=\"53709\" data-permalink=\"https:\/\/www.grieta.org.mx\/index.php\/2020\/09\/20\/protestan-indigenas-por-ataques-contra-zapatistas-y-pueblos-originarios-veracruz\/120200manifestacion_3_2\/\" data-orig-file=\"https:\/\/www.grieta.org.mx\/wp-content\/uploads\/2020\/09\/120200manifestacion_3_2.jpg\" data-orig-size=\"640,427\" data-comments-opened=\"0\" data-image-meta=\"{&quot;aperture&quot;:&quot;0&quot;,&quot;credit&quot;:&quot;&quot;,&quot;camera&quot;:&quot;&quot;,&quot;caption&quot;:&quot;&quot;,&quot;created_timestamp&quot;:&quot;0&quot;,&quot;copyright&quot;:&quot;&quot;,&quot;focal_length&quot;:&quot;0&quot;,&quot;iso&quot;:&quot;0&quot;,&quot;shutter_speed&quot;:&quot;0&quot;,&quot;title&quot;:&quot;&quot;,&quot;orientation&quot;:&quot;0&quot;}\" data-image-title=\"120200manifestacion_3_2\" data-image-description=\"\" data-image-caption=\"\" data-medium-file=\"https:\/\/www.grieta.org.mx\/wp-content\/uploads\/2020\/09\/120200manifestacion_3_2-300x200.jpg\" data-large-file=\"https:\/\/www.grieta.org.mx\/wp-content\/uploads\/2020\/09\/120200manifestacion_3_2.jpg\" src=\"http:\/\/www.grieta.org.mx\/wp-content\/uploads\/2020\/09\/120200manifestacion_3_2.jpg\" alt=\"\" width=\"640\" height=\"427\" class=\"aligncenter size-full wp-image-53709\" srcset=\"https:\/\/www.grieta.org.mx\/wp-content\/uploads\/2020\/09\/120200manifestacion_3_2.jpg 640w, https:\/\/www.grieta.org.mx\/wp-content\/uploads\/2020\/09\/120200manifestacion_3_2-300x200.jpg 300w\" sizes=\"auto, (max-width: 640px) 100vw, 640px\" \/><\/a><\/p>\n<p>  &#8220;Tenemos el mal llamado Tren Maya, el corredor Trans\u00edstmico, los proyectos de hidroel\u00e9ctricas, gasoductos. En Veracruz hay una serie de despojos a las comunidades ind\u00edgenas, sigue el plan de trasvase del r\u00edo P\u00e1nuco, hay un plan de trasvase del Cazones, el gasoducto Tuxpan-Tula y dem\u00e1s&#8221;.<\/p>\n<p>  Adem\u00e1s, lament\u00f3 que la violencia originada por el crimen organizado y las corporaciones policiacas no cese.<\/p>\n<p>  &#8220;Denunciamos la violencia de los grupos del crimen organizado y de las corporaciones policiacas que siguen cobrando la vida de j\u00f3venes en todo Veracruz, mientras los gobiernos de cuarta, simulan con su soberbia mesas de construcci\u00f3n de la paz, y al mismo tiempo las y los j\u00f3venes siguen siendo secuestrados, desaparecidos y asesinados&#8221;, concluy\u00f3.<\/p>\n<p><a href=\"http:\/\/www.grieta.org.mx\/wp-content\/uploads\/2020\/09\/120200manifestacion_4_1.jpg\"><img loading=\"lazy\" decoding=\"async\" data-attachment-id=\"53710\" data-permalink=\"https:\/\/www.grieta.org.mx\/index.php\/2020\/09\/20\/protestan-indigenas-por-ataques-contra-zapatistas-y-pueblos-originarios-veracruz\/120200manifestacion_4_1\/\" data-orig-file=\"https:\/\/www.grieta.org.mx\/wp-content\/uploads\/2020\/09\/120200manifestacion_4_1.jpg\" data-orig-size=\"640,417\" data-comments-opened=\"0\" data-image-meta=\"{&quot;aperture&quot;:&quot;0&quot;,&quot;credit&quot;:&quot;&quot;,&quot;camera&quot;:&quot;&quot;,&quot;caption&quot;:&quot;&quot;,&quot;created_timestamp&quot;:&quot;0&quot;,&quot;copyright&quot;:&quot;&quot;,&quot;focal_length&quot;:&quot;0&quot;,&quot;iso&quot;:&quot;0&quot;,&quot;shutter_speed&quot;:&quot;0&quot;,&quot;title&quot;:&quot;&quot;,&quot;orientation&quot;:&quot;0&quot;}\" data-image-title=\"120200manifestacion_4_1\" data-image-description=\"\" data-image-caption=\"\" data-medium-file=\"https:\/\/www.grieta.org.mx\/wp-content\/uploads\/2020\/09\/120200manifestacion_4_1-300x195.jpg\" data-large-file=\"https:\/\/www.grieta.org.mx\/wp-content\/uploads\/2020\/09\/120200manifestacion_4_1.jpg\" src=\"http:\/\/www.grieta.org.mx\/wp-content\/uploads\/2020\/09\/120200manifestacion_4_1.jpg\" alt=\"\" width=\"640\" height=\"417\" class=\"aligncenter size-full wp-image-53710\" srcset=\"https:\/\/www.grieta.org.mx\/wp-content\/uploads\/2020\/09\/120200manifestacion_4_1.jpg 640w, https:\/\/www.grieta.org.mx\/wp-content\/uploads\/2020\/09\/120200manifestacion_4_1-300x195.jpg 300w\" sizes=\"auto, (max-width: 640px) 100vw, 640px\" \/><\/a><br \/>\n<a href=\"https:\/\/www.alcalorpolitico.com\/informacion\/protestan-indigenas-por-ataques-contra-zapatistas-y-pueblos-originarios-326166.html#.X2ozi4uZJPb\" rel=\"noopener noreferrer\" target=\"_blank\">https:\/\/www.alcalorpolitico.com\/informacion\/protestan-indigenas-por-ataques-contra-zapatistas-y-pueblos-originarios-326166.html#.X2ozi4uZJPb<\/a><\/p>\n","protected":false},"excerpt":{"rendered":"<p>Noreli Morlaes \/ Al Calor Pol\u00edtico &#8211; Tambi\u00e9n reclamaron por el despojo de tierras por empresas transnacionales &#8211; Megaproyectos del Estado afectan al territorio y a la vida humana: CNI &hellip; <a href=\"https:\/\/www.grieta.org.mx\/index.php\/2020\/09\/20\/protestan-indigenas-por-ataques-contra-zapatistas-y-pueblos-originarios-veracruz\/\" class=\"more-link\">Leer m\u00e1s<\/a><\/p>\n","protected":false},"author":1,"featured_media":53707,"comment_status":"closed","ping_status":"closed","sticky":false,"template":"","format":"standard","meta":{"ngg_post_thumbnail":0,"_jetpack_newsletter_access":"","_jetpack_dont_email_post_to_subs":false,"_jetpack_newsletter_tier_id":0,"_jetpack_memberships_contains_paywalled_content":false,"_jetpack_memberships_contains_paid_content":false,"footnotes":""},"categories":[80,3054,2,2623,2851,2661,2690,35],"tags":[95,1732,2466],"class_list":["post-53706","post","type-post","status-publish","format-standard","has-post-thumbnail","hentry","category-cintillo","category-corredeor-transistmico-en-veracruz","category-noticias-nacionales","category-rechazo-al-tren-maya-en-veracruz","category-red-de-resistencia-y-rebeldia-en-veracruz","category-redes-de-resistencia-y-rebeldia","category-resistencias","category-veracruz","tag-cni","tag-encuentro-de-redes","tag-luchas-y-resistencias-de-pueblos-originarios","entry"],"jetpack_featured_media_url":"https:\/\/www.grieta.org.mx\/wp-content\/uploads\/2020\/09\/120159manifestacion_1_4.jpg","jetpack_sharing_enabled":true,"jetpack_shortlink":"https:\/\/wp.me\/p7ZJR4-dYe","jetpack_likes_enabled":false,"jetpack-related-posts":[{"id":53712,"url":"https:\/\/www.grieta.org.mx\/index.php\/2020\/09\/20\/festival-de-las-resistencias-veracruz\/","url_meta":{"origin":53706,"position":0},"title":"\u00a1Festival de las Resistencias! (Veracruz)","author":"Admin","date":"20 septiembre, 2020","format":false,"excerpt":"Jos\u00e9 Juan Garc\u00eda \/ Notiver Integrantes de colectivos de la zona conurbada Veracruz-Boca del R\u00edo se unieron al II Festival de las Resistencias que se convoc\u00f3 a nivel nacional en apoyo al Congreso Nacional Indigenista del Ej\u00e9rcito Zapatista de Liberaci\u00f3n Nacional (EZLN). Los j\u00f3venes activistas se reunieron en la plaza\u2026","rel":"","context":"En &quot;CINTILLO&quot;","block_context":{"text":"CINTILLO","link":"https:\/\/www.grieta.org.mx\/index.php\/category\/cintillo\/"},"img":{"alt_text":"","src":"https:\/\/i0.wp.com\/www.grieta.org.mx\/wp-content\/uploads\/2020\/09\/files.php_.jpg?resize=350%2C200&ssl=1","width":350,"height":200},"classes":[]},{"id":56871,"url":"https:\/\/www.grieta.org.mx\/index.php\/2020\/12\/01\/red-de-resistencia-y-rebeldia-instala-bazar-colectivo-de-artesanias-veracruz\/","url_meta":{"origin":53706,"position":1},"title":"Red de Resistencia y Rebeld\u00eda instala bazar colectivo de artesan\u00edas (Veracruz)","author":"grieta","date":"1 diciembre, 2020","format":false,"excerpt":"Rub\u00e9n Licona V\u00e1zquez \/ El Dictamen Red de Resistencia y Rebeld\u00eda instala bazar colectivo de artesan\u00edas, con la finalidad de apoyar a los comerciantes informales en esta \u00e9poca da\u00f1ada por la pandemia En busca de generar econom\u00eda para micro comerciantes informales en medio de la pandemia del Covid-19, y al\u2026","rel":"","context":"En &quot;Alto a la Guerra contra los pueblos zapatistas&quot;","block_context":{"text":"Alto a la Guerra contra los pueblos zapatistas","link":"https:\/\/www.grieta.org.mx\/index.php\/category\/redes-de-resistencia-y-rebeldia\/contra-la-guerra-al-ezln\/"},"img":{"alt_text":"","src":"https:\/\/i0.wp.com\/www.grieta.org.mx\/wp-content\/uploads\/2021\/02\/Screenshot_2021-02-09-Red-de-Resistencia-y-Rebeldia-instala-bazar-colectivo-de-artesanias.png?resize=350%2C200&ssl=1","width":350,"height":200,"srcset":"https:\/\/i0.wp.com\/www.grieta.org.mx\/wp-content\/uploads\/2021\/02\/Screenshot_2021-02-09-Red-de-Resistencia-y-Rebeldia-instala-bazar-colectivo-de-artesanias.png?resize=350%2C200&ssl=1 1x, https:\/\/i0.wp.com\/www.grieta.org.mx\/wp-content\/uploads\/2021\/02\/Screenshot_2021-02-09-Red-de-Resistencia-y-Rebeldia-instala-bazar-colectivo-de-artesanias.png?resize=525%2C300&ssl=1 1.5x, https:\/\/i0.wp.com\/www.grieta.org.mx\/wp-content\/uploads\/2021\/02\/Screenshot_2021-02-09-Red-de-Resistencia-y-Rebeldia-instala-bazar-colectivo-de-artesanias.png?resize=700%2C400&ssl=1 2x"},"classes":[]},{"id":61821,"url":"https:\/\/www.grieta.org.mx\/index.php\/2021\/09\/20\/comunidad-nahua-de-santa-maria-ostula-integrante-del-congreso-nacional-indigena-se-solidariza-con-las-comunidades-zapatistas\/","url_meta":{"origin":53706,"position":2},"title":"Comunidad nahua de Santa Mar\u00eda Ostula, integrante del Congreso Nacional Ind\u00edgena, se solidariza con las comunidades Zapatistas","author":"grieta","date":"20 septiembre, 2021","format":false,"excerpt":"COMUNIDAD NAHUA DE SANTA MAR\u00cdA OSTULA, MICHOAC\u00c1N\/RADIO ZAPATISTA #AltoALaGuerraContraLasComunidadesZapatistas #RutilioEscand\u00f3n #RutilioRepresor #AltoALaGuerraEnChiapas #OstulaVive A todos los medios de comunicaci\u00f3n, Al Ej\u00e9rcito Zapatista de Liberaci\u00f3n Nacional, Al Congreso Nacional Ind\u00edgena, Al Concejo Ind\u00edgena de Gobierno, A las organizaciones sociales, A la poblaci\u00f3n en general, Por medio de este comunicado, la comunidad\u2026","rel":"","context":"En &quot;CINTILLO&quot;","block_context":{"text":"CINTILLO","link":"https:\/\/www.grieta.org.mx\/index.php\/category\/cintillo\/"},"img":{"alt_text":"","src":"https:\/\/i0.wp.com\/www.grieta.org.mx\/wp-content\/uploads\/2021\/09\/Zap-Nahuas.jpg?resize=350%2C200&ssl=1","width":350,"height":200,"srcset":"https:\/\/i0.wp.com\/www.grieta.org.mx\/wp-content\/uploads\/2021\/09\/Zap-Nahuas.jpg?resize=350%2C200&ssl=1 1x, https:\/\/i0.wp.com\/www.grieta.org.mx\/wp-content\/uploads\/2021\/09\/Zap-Nahuas.jpg?resize=525%2C300&ssl=1 1.5x"},"classes":[]},{"id":72401,"url":"https:\/\/www.grieta.org.mx\/index.php\/2025\/10\/14\/comunicado-urgente-llamamos-a-la-solidaridad-urgente-con-los-pueblos-originarios-de-la-sierra-norte-de-veracruz-afectados-por-las-intensas-lluvias-de-los-ultimos-dias\/","url_meta":{"origin":53706,"position":3},"title":"COMUNICADO URGENTE LLAMAMOS A LA SOLIDARIDAD URGENTE CON LOS PUEBLOS ORIGINARIOS DE LA SIERRA NORTE DE VERACRUZ AFECTADOS POR LAS INTENSAS LLUVIAS DE LOS \u00daLTIMOS D\u00cdAS","author":"Admin","date":"14 octubre, 2025","format":false,"excerpt":"COMUNICADO URGENTE LLAMAMOS A LA SOLIDARIDAD URGENTE CON LOS PUEBLOS ORIGINARIOS DE LA SIERRA NORTE DE VERACRUZ AFECTADOS POR LAS INTENSAS LLUVIAS DE LOS \u00daLTIMOS D\u00cdAS A los pueblos de M\u00e9xico y del mundo, A los organismos y colectivos defensores de derechos humanos, A las Redes de Resistencia y Rebeld\u00eda,\u2026","rel":"","context":"En &quot;CINTILLO&quot;","block_context":{"text":"CINTILLO","link":"https:\/\/www.grieta.org.mx\/index.php\/category\/cintillo\/"},"img":{"alt_text":"","src":"https:\/\/i0.wp.com\/www.grieta.org.mx\/wp-content\/uploads\/2025\/10\/Cint_Verac.png?resize=350%2C200&ssl=1","width":350,"height":200,"srcset":"https:\/\/i0.wp.com\/www.grieta.org.mx\/wp-content\/uploads\/2025\/10\/Cint_Verac.png?resize=350%2C200&ssl=1 1x, https:\/\/i0.wp.com\/www.grieta.org.mx\/wp-content\/uploads\/2025\/10\/Cint_Verac.png?resize=525%2C300&ssl=1 1.5x, https:\/\/i0.wp.com\/www.grieta.org.mx\/wp-content\/uploads\/2025\/10\/Cint_Verac.png?resize=700%2C400&ssl=1 2x"},"classes":[]},{"id":31394,"url":"https:\/\/www.grieta.org.mx\/index.php\/2019\/03\/29\/comunicado-del-cni-cig-y-el-ezln-ante-nueva-situacion-de-consulta-para-imponer-mega-proyectos-en-el-istmo-de-tehuantepec\/","url_meta":{"origin":53706,"position":4},"title":"Comunicado del CNI-CIG y el EZLN ante nueva situaci\u00f3n de consulta para imponer mega proyectos en el Istmo de Tehuantepec","author":"grieta","date":"29 marzo, 2019","format":false,"excerpt":"COMUNICADO DEL CONGRESO NACIONAL IND\u00cdGENA Y EL CONCEJO IND\u00cdGENA DE GOBIERNO Y EL EJ\u00c9RCITO ZAPATISTA DE LIBERACI\u00d3N NACIONAL ANTE NUEVA SIMULACI\u00d3N DE CONSULTA PARA IMPONER MEGA PROYECTOS EN EL ISTMO DE TEHUANTEPEC Al pueblo de M\u00e9xico A los pueblos del mundo A las Redes de Apoyo al CIG A las\u2026","rel":"","context":"En &quot;CINTILLO&quot;","block_context":{"text":"CINTILLO","link":"https:\/\/www.grieta.org.mx\/index.php\/category\/cintillo\/"},"img":{"alt_text":"","src":"https:\/\/i0.wp.com\/www.grieta.org.mx\/wp-content\/uploads\/2018\/03\/14524434_1106112876131411_958039263622046936_o.jpg?resize=350%2C200&ssl=1","width":350,"height":200,"srcset":"https:\/\/i0.wp.com\/www.grieta.org.mx\/wp-content\/uploads\/2018\/03\/14524434_1106112876131411_958039263622046936_o.jpg?resize=350%2C200&ssl=1 1x, https:\/\/i0.wp.com\/www.grieta.org.mx\/wp-content\/uploads\/2018\/03\/14524434_1106112876131411_958039263622046936_o.jpg?resize=525%2C300&ssl=1 1.5x, https:\/\/i0.wp.com\/www.grieta.org.mx\/wp-content\/uploads\/2018\/03\/14524434_1106112876131411_958039263622046936_o.jpg?resize=700%2C400&ssl=1 2x"},"classes":[]},{"id":72408,"url":"https:\/\/www.grieta.org.mx\/index.php\/2025\/10\/17\/informe-del-congreso-nacional-indigena-y-el-ejercito-zapatista-de-liberacion-nacional-sobre-lo-recaudado-para-las-comunidades-de-la-sierra-norte-de-veracruz-afectadas-por-las-intensas-lluvias-de-los-u\/","url_meta":{"origin":53706,"position":5},"title":"INFORME DEL CONGRESO NACIONAL IND\u00cdGENA Y EL EJ\u00c9RCITO ZAPATISTA DE LIBERACI\u00d3N NACIONAL SOBRE LO RECAUDADO PARA LAS COMUNIDADES DE LA SIERRA NORTE DE VERACRUZ AFECTADAS POR LAS INTENSAS LLUVIAS DE LOS \u00daLTIMOS D\u00cdAS","author":"grieta","date":"17 octubre, 2025","format":false,"excerpt":"INFORME DEL CONGRESO NACIONAL IND\u00cdGENA Y EL EJ\u00c9RCITO ZAPATISTA DE LIBERACI\u00d3N NACIONAL SOBRE LO RECAUDADO PARA LAS COMUNIDADES DE LA SIERRA NORTE DE VERACRUZ AFECTADAS POR LAS INTENSAS LLUVIAS DE LOS \u00daLTIMOS D\u00cdAS A nuestras hermanas y hermanos de los pueblos originarios de la Sierra Norte de Veracruz. Al Congreso\u2026","rel":"","context":"En &quot;CINTILLO&quot;","block_context":{"text":"CINTILLO","link":"https:\/\/www.grieta.org.mx\/index.php\/category\/cintillo\/"},"img":{"alt_text":"","src":"https:\/\/i0.wp.com\/www.grieta.org.mx\/wp-content\/uploads\/2025\/10\/CINTILLO_informe.jpg?resize=350%2C200&ssl=1","width":350,"height":200,"srcset":"https:\/\/i0.wp.com\/www.grieta.org.mx\/wp-content\/uploads\/2025\/10\/CINTILLO_informe.jpg?resize=350%2C200&ssl=1 1x, https:\/\/i0.wp.com\/www.grieta.org.mx\/wp-content\/uploads\/2025\/10\/CINTILLO_informe.jpg?resize=525%2C300&ssl=1 1.5x, https:\/\/i0.wp.com\/www.grieta.org.mx\/wp-content\/uploads\/2025\/10\/CINTILLO_informe.jpg?resize=700%2C400&ssl=1 2x"},"classes":[]}],"_links":{"self":[{"href":"https:\/\/www.grieta.org.mx\/index.php\/wp-json\/wp\/v2\/posts\/53706","targetHints":{"allow":["GET"]}}],"collection":[{"href":"https:\/\/www.grieta.org.mx\/index.php\/wp-json\/wp\/v2\/posts"}],"about":[{"href":"https:\/\/www.grieta.org.mx\/index.php\/wp-json\/wp\/v2\/types\/post"}],"author":[{"embeddable":true,"href":"https:\/\/www.grieta.org.mx\/index.php\/wp-json\/wp\/v2\/users\/1"}],"replies":[{"embeddable":true,"href":"https:\/\/www.grieta.org.mx\/index.php\/wp-json\/wp\/v2\/comments?post=53706"}],"version-history":[{"count":1,"href":"https:\/\/www.grieta.org.mx\/index.php\/wp-json\/wp\/v2\/posts\/53706\/revisions"}],"predecessor-version":[{"id":53711,"href":"https:\/\/www.grieta.org.mx\/index.php\/wp-json\/wp\/v2\/posts\/53706\/revisions\/53711"}],"wp:featuredmedia":[{"embeddable":true,"href":"https:\/\/www.grieta.org.mx\/index.php\/wp-json\/wp\/v2\/media\/53707"}],"wp:attachment":[{"href":"https:\/\/www.grieta.org.mx\/index.php\/wp-json\/wp\/v2\/media?parent=53706"}],"wp:term":[{"taxonomy":"category","embeddable":true,"href":"https:\/\/www.grieta.org.mx\/index.php\/wp-json\/wp\/v2\/categories?post=53706"},{"taxonomy":"post_tag","embeddable":true,"href":"https:\/\/www.grieta.org.mx\/index.php\/wp-json\/wp\/v2\/tags?post=53706"}],"curies":[{"name":"wp","href":"https:\/\/api.w.org\/{rel}","templated":true}]}}