{"id":53665,"date":"2020-09-18T17:57:45","date_gmt":"2020-09-18T22:57:45","guid":{"rendered":"http:\/\/www.grieta.org.mx\/?p=53665"},"modified":"2020-09-21T18:22:26","modified_gmt":"2020-09-21T23:22:26","slug":"tampoco-le-pagan-al-personal-de-enfermeria-de-valladolid","status":"publish","type":"post","link":"https:\/\/www.grieta.org.mx\/index.php\/2020\/09\/18\/tampoco-le-pagan-al-personal-de-enfermeria-de-valladolid\/","title":{"rendered":"Tampoco le pagan al personal de Enfermer\u00eda de Valladolid"},"content":{"rendered":"<p><img loading=\"lazy\" decoding=\"async\" data-attachment-id=\"53666\" data-permalink=\"https:\/\/www.grieta.org.mx\/index.php\/2020\/09\/18\/tampoco-le-pagan-al-personal-de-enfermeria-de-valladolid\/valladolid-560x416\/\" data-orig-file=\"https:\/\/www.grieta.org.mx\/wp-content\/uploads\/2020\/09\/valladolid-560x416-1.jpg\" data-orig-size=\"560,416\" data-comments-opened=\"0\" data-image-meta=\"{&quot;aperture&quot;:&quot;0&quot;,&quot;credit&quot;:&quot;&quot;,&quot;camera&quot;:&quot;&quot;,&quot;caption&quot;:&quot;&quot;,&quot;created_timestamp&quot;:&quot;0&quot;,&quot;copyright&quot;:&quot;&quot;,&quot;focal_length&quot;:&quot;0&quot;,&quot;iso&quot;:&quot;0&quot;,&quot;shutter_speed&quot;:&quot;0&quot;,&quot;title&quot;:&quot;&quot;,&quot;orientation&quot;:&quot;0&quot;}\" data-image-title=\"valladolid-560&amp;#215;416\" data-image-description=\"\" data-image-caption=\"\" data-medium-file=\"https:\/\/www.grieta.org.mx\/wp-content\/uploads\/2020\/09\/valladolid-560x416-1-300x223.jpg\" data-large-file=\"https:\/\/www.grieta.org.mx\/wp-content\/uploads\/2020\/09\/valladolid-560x416-1.jpg\" src=\"http:\/\/www.grieta.org.mx\/wp-content\/uploads\/2020\/09\/valladolid-560x416-1.jpg\" alt=\"\" width=\"560\" height=\"416\" class=\"alignnone size-full wp-image-53666\" srcset=\"https:\/\/www.grieta.org.mx\/wp-content\/uploads\/2020\/09\/valladolid-560x416-1.jpg 560w, https:\/\/www.grieta.org.mx\/wp-content\/uploads\/2020\/09\/valladolid-560x416-1-300x223.jpg 300w\" sizes=\"auto, (max-width: 560px) 100vw, 560px\" \/><\/p>\n<p>Claudia Arriaga \/ Haz Ruido<\/p>\n<blockquote><p>Aseguran que fueron contratados bajo enga\u00f1os y que la SSY no les ha registrado ante el Insabi, por eso a\u00fan no han cobrado.<\/p><\/blockquote>\n<p>M\u00e9rida, Yucat\u00e1n, Al reclamo por la falta de apoyo de la Secretar\u00eda de Salud de Yucat\u00e1n (SSY) en la pandemia, se suman otras 63 personas que forman parte del \u00e1rea de Enfermer\u00eda del hospital provisional de Valladolid, quienes desde hace m\u00e1s de un mes no han cobrado un solo peso de su salario.<\/p>\n<p>En entrevista, uno de los enfermeros afectados por la situaci\u00f3n lament\u00f3 que fueron contratados con enga\u00f1os por las autoridades sanitarias.<\/p>\n<p> \u201cNos hablaron como el 30 de julio para  darnos un contrato del Instituto de Salud para el Bienestar (Insabi) para la lucha contra el Covid-19, pero nos indicaron que trabajar\u00edamos para la Secretar\u00eda de Salud de Yucat\u00e1n. Nos dividieron para el hospital temporal del Siglo XXI y Valladolid y a algunos nos pidieron exclusividad, incluso hubo quienes renunciaron a sus trabajos\u201d, explic\u00f3. <\/p>\n<p>Cabe mencionar que la mayor\u00eda del personal de Enfermer\u00eda se traslada todos los d\u00edas desde M\u00e9rida, Tizim\u00edn y otros municipios aleda\u00f1os y realizan jornadas de 12 horas divididos en dos turnos, con una rotaci\u00f3n de tres d\u00edas.<\/p>\n<p>Adem\u00e1s, al igual que ocurri\u00f3 con el personal que trabaja en el Siglo XXI descubrieron que el Insabi no recibi\u00f3 sus expedientes, por lo que hace 15 d\u00edas llamaron a las oficinas centrales para tratar de averiguar qu\u00e9 sucede. <\/p>\n<p>\u201cY nadie se ha hecho responsable de esto, en las oficinas de la Secretar\u00eda de Salud (coordinados) te arman tu expediente para mandarlo al Insabi y marcamos para saber por qu\u00e9 no nos pagaban y resulta que el coordinador de M\u00e9rida no ha enviado ning\u00fan expediente de nuevos ingresos\u201d, relat\u00f3 otro enfermero.<\/p>\n<p>Producto de  la precariedad econ\u00f3mica en la que est\u00e1n viviendo y el riesgo de contraer Covid-19, enfermeras y enfermeros han ca\u00eddo en crisis nerviosas, ya que no cuentan con otros ingresos para mantener a sus familias, por tal raz\u00f3n decidieron hacer p\u00fablica la situaci\u00f3n que est\u00e1n viviendo. <\/p>\n<p>Hasta ayer por la noche, en el hospital temporal de Valladolid, hab\u00eda 26 pacientes internados, bajo el cuidado y responsabilidad  del personal de Enfermer\u00eda. \u201cNosotros estamos m\u00e1s pegados a los pacientes y recibimos toda esa carga emocional, m\u00e1s a\u00fan que las y los doctores\u201d, puntualiz\u00f3.<\/p>\n<p>En la \u00faltima llamada que tuvieron con las oficinas del Instituto de Salud para el Bienestar (Insabi) les dijeron que est\u00e1n a la espera de sus documentos para ingresarlos a la plataforma y liberar su salario.<\/p>\n<p>Como hemos informado, una situaci\u00f3n similar atraviesan en el hospital del Siglo XXI, en donde 145 trabajadores siguen sin cobrar. <\/p>\n<p><a href=\"http:\/\/www.hazruido.mx\/reportes\/tampoco-le-pagan-al-personal-de-enfermeria-de-valladolid\/\" rel=\"noopener noreferrer\" target=\"_blank\">http:\/\/www.hazruido.mx\/reportes\/tampoco-le-pagan-al-personal-de-enfermeria-de-valladolid\/<\/a><\/p>\n","protected":false},"excerpt":{"rendered":"<p>Claudia Arriaga \/ Haz Ruido Aseguran que fueron contratados bajo enga\u00f1os y que la SSY no les ha registrado ante el Insabi, por eso a\u00fan no han cobrado. M\u00e9rida, Yucat\u00e1n, &hellip; <a href=\"https:\/\/www.grieta.org.mx\/index.php\/2020\/09\/18\/tampoco-le-pagan-al-personal-de-enfermeria-de-valladolid\/\" class=\"more-link\">Leer m\u00e1s<\/a><\/p>\n","protected":false},"author":2,"featured_media":53666,"comment_status":"closed","ping_status":"closed","sticky":false,"template":"","format":"standard","meta":{"ngg_post_thumbnail":0,"_jetpack_newsletter_access":"","_jetpack_dont_email_post_to_subs":false,"_jetpack_newsletter_tier_id":0,"_jetpack_memberships_contains_paywalled_content":false,"_jetpack_memberships_contains_paid_content":false,"footnotes":""},"categories":[80,1072,3272,918,1105,910,2,83,36],"tags":[3241,2367,2578,3242],"class_list":["post-53665","post","type-post","status-publish","format-standard","has-post-thumbnail","hentry","category-cintillo","category-conflictos-laborales-en-yucatan","category-covid-19-en-yucatan","category-privatizacion-del-sector-salud","category-desmantelamiento-del-sector-salud-en-yucatan","category-explotacion-y-precariedad-laboral","category-noticias-nacionales","category-temas-nacionales","category-yucatan","tag-covid-19","tag-crisis-en-el-sector-salud","tag-desmantelamiento-del-sector-salud","tag-protestas-trabajadores-sector-salud","entry"],"jetpack_featured_media_url":"https:\/\/www.grieta.org.mx\/wp-content\/uploads\/2020\/09\/valladolid-560x416-1.jpg","jetpack_sharing_enabled":true,"jetpack_shortlink":"https:\/\/wp.me\/p7ZJR4-dXz","jetpack_likes_enabled":false,"jetpack-related-posts":[{"id":57794,"url":"https:\/\/www.grieta.org.mx\/index.php\/2021\/03\/19\/personal-del-psiquiatrico-protesta-para-recibir-vacunas-yucatan\/","url_meta":{"origin":53665,"position":0},"title":"Personal del Psiqui\u00e1trico protesta para recibir vacunas (Yucat\u00e1n)","author":"grieta","date":"19 marzo, 2021","format":false,"excerpt":"Por Herbeth Escalante \/ Haz Ruido Trabajadoras y trabajadores de salud mental se manifestaron en la Secretar\u00eda de Salud de Yucat\u00e1n porque han sido ignorados en la pandemia y no les quieren aplicar las vacunas contra el Covid-19. M\u00e9rida, Yucat\u00e1n, 19 de marzo de 2021.- Tras varias semanas de ser\u2026","rel":"","context":"En &quot;CINTILLO&quot;","block_context":{"text":"CINTILLO","link":"https:\/\/www.grieta.org.mx\/index.php\/category\/cintillo\/"},"img":{"alt_text":"","src":"https:\/\/i0.wp.com\/www.grieta.org.mx\/wp-content\/uploads\/2021\/03\/trabaajadores-psquiatricos-2-e1616191841641.jpg?resize=350%2C200&ssl=1","width":350,"height":200,"srcset":"https:\/\/i0.wp.com\/www.grieta.org.mx\/wp-content\/uploads\/2021\/03\/trabaajadores-psquiatricos-2-e1616191841641.jpg?resize=350%2C200&ssl=1 1x, https:\/\/i0.wp.com\/www.grieta.org.mx\/wp-content\/uploads\/2021\/03\/trabaajadores-psquiatricos-2-e1616191841641.jpg?resize=525%2C300&ssl=1 1.5x, https:\/\/i0.wp.com\/www.grieta.org.mx\/wp-content\/uploads\/2021\/03\/trabaajadores-psquiatricos-2-e1616191841641.jpg?resize=700%2C400&ssl=1 2x"},"classes":[]},{"id":53925,"url":"https:\/\/www.grieta.org.mx\/index.php\/2020\/09\/24\/personal-medico-encargado-de-atender-a-pacientes-covid-19-sigue-sin-recibir-pago-en-yucatan\/","url_meta":{"origin":53665,"position":1},"title":"Personal m\u00e9dico encargado de atender a pacientes COVID-19 sigue sin recibir pago en Yucat\u00e1n","author":"grieta","date":"24 septiembre, 2020","format":false,"excerpt":"Itzel Chan \/ Noticaribe M\u00c9RIDA, MX.- A pesar que desde el pasado 15 de septiembre se dio a conocer la falta de pago a personal m\u00e9dico que fue contratado para los hospitales emergentes y atender a personas enfermas por coronavirus (COVID-19) en Yucat\u00e1n, hoy siguen sin recibir ni salario ni\u2026","rel":"","context":"En &quot;CINTILLO&quot;","block_context":{"text":"CINTILLO","link":"https:\/\/www.grieta.org.mx\/index.php\/category\/cintillo\/"},"img":{"alt_text":"","src":"https:\/\/i0.wp.com\/www.grieta.org.mx\/wp-content\/uploads\/2020\/10\/MedicosYuc-e1601680596210.png?resize=350%2C200&ssl=1","width":350,"height":200,"srcset":"https:\/\/i0.wp.com\/www.grieta.org.mx\/wp-content\/uploads\/2020\/10\/MedicosYuc-e1601680596210.png?resize=350%2C200&ssl=1 1x, https:\/\/i0.wp.com\/www.grieta.org.mx\/wp-content\/uploads\/2020\/10\/MedicosYuc-e1601680596210.png?resize=525%2C300&ssl=1 1.5x, https:\/\/i0.wp.com\/www.grieta.org.mx\/wp-content\/uploads\/2020\/10\/MedicosYuc-e1601680596210.png?resize=700%2C400&ssl=1 2x"},"classes":[]},{"id":53671,"url":"https:\/\/www.grieta.org.mx\/index.php\/2020\/09\/16\/no-le-han-pagado-al-personal-de-enfermeria-del-siglo-xxi-yucatan\/","url_meta":{"origin":53665,"position":2},"title":"No le han pagado al personal de Enfermer\u00eda del Siglo XXI (Yucat\u00e1n)","author":"grieta","date":"16 septiembre, 2020","format":false,"excerpt":"Claudia Arriaga \/ Haz Ruido Como no han recibido su sueldo desde que abrieron el hospital temporal, anoche protestaron, no entraron a trabajar al \u00e1rea Covid. M\u00e9rida, Yucat\u00e1n.-Desde el 12 de julio, que abri\u00f3 sus puertas el hospital temporal en el Centro de Convenciones Siglo XXI para recibir a pacientes\u2026","rel":"","context":"En &quot;CINTILLO&quot;","block_context":{"text":"CINTILLO","link":"https:\/\/www.grieta.org.mx\/index.php\/category\/cintillo\/"},"img":{"alt_text":"","src":"https:\/\/i0.wp.com\/www.grieta.org.mx\/wp-content\/uploads\/2020\/09\/SIGLO-21-1-560x416-1.jpg?resize=350%2C200&ssl=1","width":350,"height":200,"srcset":"https:\/\/i0.wp.com\/www.grieta.org.mx\/wp-content\/uploads\/2020\/09\/SIGLO-21-1-560x416-1.jpg?resize=350%2C200&ssl=1 1x, https:\/\/i0.wp.com\/www.grieta.org.mx\/wp-content\/uploads\/2020\/09\/SIGLO-21-1-560x416-1.jpg?resize=525%2C300&ssl=1 1.5x"},"classes":[]},{"id":68576,"url":"https:\/\/www.grieta.org.mx\/index.php\/2024\/03\/04\/denuncian-corrupcion-en-asignacion-de-plazas-en-el-issste-yucatan\/","url_meta":{"origin":53665,"position":3},"title":"Denuncian corrupci\u00f3n en asignaci\u00f3n de plazas en el ISSSTE (Yucat\u00e1n)","author":"grieta","date":"4 marzo, 2024","format":false,"excerpt":"Alejandro Rubalcaba \/ Desde el Balc\u00f3n Empleados suplentes exigen certidumbre laboral y pago de sus quincenas M\u00e9rida, Yucat\u00e1n, a 4 de marzo de 2024.- Este lunes, personal m\u00e9dico y de enfermer\u00eda del Instituto de Seguridad y Servicios Sociales de los Trabajadores del Estado (ISSSTE) en Yucat\u00e1n exigieron su incorporaci\u00f3n a\u2026","rel":"","context":"En &quot;CINTILLO&quot;","block_context":{"text":"CINTILLO","link":"https:\/\/www.grieta.org.mx\/index.php\/category\/cintillo\/"},"img":{"alt_text":"","src":"https:\/\/i0.wp.com\/www.grieta.org.mx\/wp-content\/uploads\/2024\/03\/Issste-1-e1709580215754.jpg?resize=350%2C200&ssl=1","width":350,"height":200,"srcset":"https:\/\/i0.wp.com\/www.grieta.org.mx\/wp-content\/uploads\/2024\/03\/Issste-1-e1709580215754.jpg?resize=350%2C200&ssl=1 1x, https:\/\/i0.wp.com\/www.grieta.org.mx\/wp-content\/uploads\/2024\/03\/Issste-1-e1709580215754.jpg?resize=525%2C300&ssl=1 1.5x, https:\/\/i0.wp.com\/www.grieta.org.mx\/wp-content\/uploads\/2024\/03\/Issste-1-e1709580215754.jpg?resize=700%2C400&ssl=1 2x"},"classes":[]},{"id":68778,"url":"https:\/\/www.grieta.org.mx\/index.php\/2024\/04\/05\/no-estan-conformes-con-solo-3-meses-de-contrato-yucatan\/","url_meta":{"origin":53665,"position":4},"title":"No est\u00e1n conformes con s\u00f3lo 3 meses de contrato (Yucat\u00e1n)","author":"grieta","date":"5 abril, 2024","format":false,"excerpt":"Haz Ruido \u201cAntes h\u00e9roes, ahora desempleados\u201d, exclamaron trabajadores de la salud que protestaron en Yucat\u00e1n, porque a\u00fan no les asignan plazas. Tambi\u00e9n piden que no se politicen sus demandas. M\u00e9rida, Yucat\u00e1n, 5 de abril de 2024.- Trabajadoras y trabajadores de salud que pertenecen al IMSS-Bienestar volvieron a protestar en la\u2026","rel":"","context":"En &quot;CINTILLO&quot;","block_context":{"text":"CINTILLO","link":"https:\/\/www.grieta.org.mx\/index.php\/category\/cintillo\/"},"img":{"alt_text":"","src":"https:\/\/i0.wp.com\/www.grieta.org.mx\/wp-content\/uploads\/2024\/04\/AntesHeroes-e1712339198125.jpg?resize=350%2C200&ssl=1","width":350,"height":200,"srcset":"https:\/\/i0.wp.com\/www.grieta.org.mx\/wp-content\/uploads\/2024\/04\/AntesHeroes-e1712339198125.jpg?resize=350%2C200&ssl=1 1x, https:\/\/i0.wp.com\/www.grieta.org.mx\/wp-content\/uploads\/2024\/04\/AntesHeroes-e1712339198125.jpg?resize=525%2C300&ssl=1 1.5x, https:\/\/i0.wp.com\/www.grieta.org.mx\/wp-content\/uploads\/2024\/04\/AntesHeroes-e1712339198125.jpg?resize=700%2C400&ssl=1 2x"},"classes":[]},{"id":29850,"url":"https:\/\/www.grieta.org.mx\/index.php\/2019\/02\/27\/hospitales-de-yucatan-carecen-de-infraestructura\/","url_meta":{"origin":53665,"position":5},"title":"Hospitales de Yucat\u00e1n carecen de infraestructura","author":"grieta","date":"27 febrero, 2019","format":false,"excerpt":"Eliza Ongay\/La Verdad Las afectaciones en los hospitales de Yucat\u00e1n, no son solo paa los trabajadores sino tambi\u00e9n de los usuarios, uno de los problemas es que la cocina del O\u00b4hor\u00e1n est\u00e1 en condiciones insalubres. De acuerdo con Eulogio Pi\u00f1a Brice\u00f1o, l\u00edder del Sindicato Nacional de Trabajadores de la Secretar\u00eda\u2026","rel":"","context":"En &quot;CINTILLO&quot;","block_context":{"text":"CINTILLO","link":"https:\/\/www.grieta.org.mx\/index.php\/category\/cintillo\/"},"img":{"alt_text":"","src":"https:\/\/i0.wp.com\/www.grieta.org.mx\/wp-content\/uploads\/2019\/03\/SectorSaludYucatan.png?resize=350%2C200&ssl=1","width":350,"height":200,"srcset":"https:\/\/i0.wp.com\/www.grieta.org.mx\/wp-content\/uploads\/2019\/03\/SectorSaludYucatan.png?resize=350%2C200&ssl=1 1x, https:\/\/i0.wp.com\/www.grieta.org.mx\/wp-content\/uploads\/2019\/03\/SectorSaludYucatan.png?resize=525%2C300&ssl=1 1.5x, https:\/\/i0.wp.com\/www.grieta.org.mx\/wp-content\/uploads\/2019\/03\/SectorSaludYucatan.png?resize=700%2C400&ssl=1 2x"},"classes":[]}],"_links":{"self":[{"href":"https:\/\/www.grieta.org.mx\/index.php\/wp-json\/wp\/v2\/posts\/53665","targetHints":{"allow":["GET"]}}],"collection":[{"href":"https:\/\/www.grieta.org.mx\/index.php\/wp-json\/wp\/v2\/posts"}],"about":[{"href":"https:\/\/www.grieta.org.mx\/index.php\/wp-json\/wp\/v2\/types\/post"}],"author":[{"embeddable":true,"href":"https:\/\/www.grieta.org.mx\/index.php\/wp-json\/wp\/v2\/users\/2"}],"replies":[{"embeddable":true,"href":"https:\/\/www.grieta.org.mx\/index.php\/wp-json\/wp\/v2\/comments?post=53665"}],"version-history":[{"count":1,"href":"https:\/\/www.grieta.org.mx\/index.php\/wp-json\/wp\/v2\/posts\/53665\/revisions"}],"predecessor-version":[{"id":53667,"href":"https:\/\/www.grieta.org.mx\/index.php\/wp-json\/wp\/v2\/posts\/53665\/revisions\/53667"}],"wp:featuredmedia":[{"embeddable":true,"href":"https:\/\/www.grieta.org.mx\/index.php\/wp-json\/wp\/v2\/media\/53666"}],"wp:attachment":[{"href":"https:\/\/www.grieta.org.mx\/index.php\/wp-json\/wp\/v2\/media?parent=53665"}],"wp:term":[{"taxonomy":"category","embeddable":true,"href":"https:\/\/www.grieta.org.mx\/index.php\/wp-json\/wp\/v2\/categories?post=53665"},{"taxonomy":"post_tag","embeddable":true,"href":"https:\/\/www.grieta.org.mx\/index.php\/wp-json\/wp\/v2\/tags?post=53665"}],"curies":[{"name":"wp","href":"https:\/\/api.w.org\/{rel}","templated":true}]}}