{"id":53662,"date":"2020-09-21T17:56:43","date_gmt":"2020-09-21T22:56:43","guid":{"rendered":"http:\/\/www.grieta.org.mx\/?p=53662"},"modified":"2020-09-21T17:56:43","modified_gmt":"2020-09-21T22:56:43","slug":"despido-de-docentes-fue-para-contratar-operadores-del-pan-yucatan","status":"publish","type":"post","link":"https:\/\/www.grieta.org.mx\/index.php\/2020\/09\/21\/despido-de-docentes-fue-para-contratar-operadores-del-pan-yucatan\/","title":{"rendered":"Despido de docentes fue para contratar operadores del PAN ( Yucat\u00e1n)"},"content":{"rendered":"<p><img loading=\"lazy\" decoding=\"async\" data-attachment-id=\"53663\" data-permalink=\"https:\/\/www.grieta.org.mx\/index.php\/2020\/09\/21\/despido-de-docentes-fue-para-contratar-operadores-del-pan-yucatan\/escuelas-560x416\/\" data-orig-file=\"https:\/\/www.grieta.org.mx\/wp-content\/uploads\/2020\/09\/escuelas-560x416-1.jpg\" data-orig-size=\"560,416\" data-comments-opened=\"0\" data-image-meta=\"{&quot;aperture&quot;:&quot;0&quot;,&quot;credit&quot;:&quot;&quot;,&quot;camera&quot;:&quot;&quot;,&quot;caption&quot;:&quot;&quot;,&quot;created_timestamp&quot;:&quot;0&quot;,&quot;copyright&quot;:&quot;&quot;,&quot;focal_length&quot;:&quot;0&quot;,&quot;iso&quot;:&quot;0&quot;,&quot;shutter_speed&quot;:&quot;0&quot;,&quot;title&quot;:&quot;&quot;,&quot;orientation&quot;:&quot;0&quot;}\" data-image-title=\"escuelas-560&amp;#215;416\" data-image-description=\"\" data-image-caption=\"\" data-medium-file=\"https:\/\/www.grieta.org.mx\/wp-content\/uploads\/2020\/09\/escuelas-560x416-1-300x223.jpg\" data-large-file=\"https:\/\/www.grieta.org.mx\/wp-content\/uploads\/2020\/09\/escuelas-560x416-1.jpg\" src=\"http:\/\/www.grieta.org.mx\/wp-content\/uploads\/2020\/09\/escuelas-560x416-1.jpg\" alt=\"\" width=\"560\" height=\"416\" class=\"alignnone size-full wp-image-53663\" srcset=\"https:\/\/www.grieta.org.mx\/wp-content\/uploads\/2020\/09\/escuelas-560x416-1.jpg 560w, https:\/\/www.grieta.org.mx\/wp-content\/uploads\/2020\/09\/escuelas-560x416-1-300x223.jpg 300w\" sizes=\"auto, (max-width: 560px) 100vw, 560px\" \/><\/p>\n<p>Claudia Arriaga \/ Haz Ruido<\/p>\n<blockquote><p>De nuevo, denuncian despidos irregulares de maestras y maestros de Telebachillerato.<\/p><\/blockquote>\n<p>M\u00e9rida, Yucat\u00e1n, \u2013 Personal del Telebachillerato Comunitario de Yucat\u00e1n denunci\u00f3 que a 300 docentes y a cinco administrativos no les renovaron sus contratos en este ciclo escolar, pero no fue por las afectaciones del Covid-19, m\u00e1s bien todos los puestos han sido ocupados por presuntos operadores pol\u00edticos del Partido Acci\u00f3n Nacional (PAN).<\/p>\n<p>Una de las afectadas, cuyo nombre fue cambiado por temor a represalias, se\u00f1al\u00f3 que en junio, despu\u00e9s de hacer la planeaci\u00f3n, tener la matr\u00edcula de estudiantes y horarios listos, le informaron que no necesitar\u00edan m\u00e1s de sus servicios.<\/p>\n<p>\u201cEl problema es que la gente que contratan son operadores pol\u00edticos sin vocaci\u00f3n magisterial y finalmente quienes salen perjudicados son los estudiantes. Hubo unos que daban la vida y m\u00e1s por la comunidad y ni merecieron reubicaci\u00f3n; si el Gobierno del Estado quiere meter a un operador pol\u00edtico, est\u00e1 bien, pero que reubique al maestro que es un fregonazo\u201d, explic\u00f3 Ana.<\/p>\n<p>En su caso particular, existieron arbitrariedades, por ejemplo, le fueron bajando de puesto, pero no de responsabilidades, por el mismo sueldo. <\/p>\n<p>Y finalmente, cuando le comunicaron que no renovar\u00edan su contrato, el entonces coordinador de este sistema, Irving Pinto Ak\u00e9, solo atin\u00f3 a decirle que eran \u00f3rdenes de arriba. \u201cMaestra, ha sido una excelente trabajadora, nos dej\u00f3 planeado lo del siguiente semestre, pero sabe qu\u00e9, ya no la podemos recontratar por \u00f3rdenes de arriba\u201d, fue lo que le dijo.<\/p>\n<p>Ana se desempe\u00f1aba como administrativa y estaba a cargo de los 198 Telebachilleratos del Estado, en donde,  a pesar de la pandemia y de los obst\u00e1culos tecnol\u00f3gicos, las y los maestros acud\u00edan a las comisar\u00edas para repartir las hojas de las tareas. Hoy, algunos de ellos fueron despedidos<\/p>\n<p>Tambi\u00e9n explic\u00f3 que la plantilla total es de 594 docentes y cada semestre quitan a 100 y luego 50. Explic\u00f3 que lo hacen de manera paulatina para que todos los nuevos que ingresen sean panistas. (Foto de Archivo)<\/p>\n<p><a href=\"http:\/\/www.hazruido.mx\/reportes\/despido-de-docentes-fue-para-contratar-operadores-del-pan\/\" rel=\"noopener noreferrer\" target=\"_blank\">http:\/\/www.hazruido.mx\/reportes\/despido-de-docentes-fue-para-contratar-operadores-del-pan\/<\/a><\/p>\n","protected":false},"excerpt":{"rendered":"<p>Claudia Arriaga \/ Haz Ruido De nuevo, denuncian despidos irregulares de maestras y maestros de Telebachillerato. M\u00e9rida, Yucat\u00e1n, \u2013 Personal del Telebachillerato Comunitario de Yucat\u00e1n denunci\u00f3 que a 300 docentes &hellip; <a href=\"https:\/\/www.grieta.org.mx\/index.php\/2020\/09\/21\/despido-de-docentes-fue-para-contratar-operadores-del-pan-yucatan\/\" class=\"more-link\">Leer m\u00e1s<\/a><\/p>\n","protected":false},"author":2,"featured_media":53663,"comment_status":"closed","ping_status":"closed","sticky":false,"template":"","format":"standard","meta":{"ngg_post_thumbnail":0,"_jetpack_newsletter_access":"","_jetpack_dont_email_post_to_subs":false,"_jetpack_newsletter_tier_id":0,"_jetpack_memberships_contains_paywalled_content":false,"_jetpack_memberships_contains_paid_content":false,"footnotes":""},"categories":[80,1072,916,2658,2,83,36],"tags":[163,2822],"class_list":["post-53662","post","type-post","status-publish","format-standard","has-post-thumbnail","hentry","category-cintillo","category-conflictos-laborales-en-yucatan","category-privatizacion-del-la-educacion-publica","category-crisis-de-la-educacion-publica-en-yucatan","category-noticias-nacionales","category-temas-nacionales","category-yucatan","tag-despidos","tag-telebachillerato","entry"],"jetpack_featured_media_url":"https:\/\/www.grieta.org.mx\/wp-content\/uploads\/2020\/09\/escuelas-560x416-1.jpg","jetpack_sharing_enabled":true,"jetpack_shortlink":"https:\/\/wp.me\/p7ZJR4-dXw","jetpack_likes_enabled":false,"jetpack-related-posts":[{"id":38409,"url":"https:\/\/www.grieta.org.mx\/index.php\/2019\/08\/28\/el-telebachillerato-de-muxupip-en-lio-yucatan\/","url_meta":{"origin":53662,"position":0},"title":"El Telebachillerato de Muxupip, en l\u00edo (Yucat\u00e1n)","author":"grieta","date":"28 agosto, 2019","format":false,"excerpt":"Mauricio Can\/Diario de Yucat\u00e1n Alumnos y pap\u00e1s toman el plantel y apoyan a docentes MUXUPIP.\u2014 Habitantes de esta comunidad tomaron el Telebachillerato Comunitario local porque se quejan del despido injustificado de los maestros del plantel. Anteayer lunes vecinos de Eu\u00e1n, Tixkokob, cerraron con candado el Telebachillerato de esa comisar\u00eda y\u2026","rel":"","context":"En &quot;CINTILLO&quot;","block_context":{"text":"CINTILLO","link":"https:\/\/www.grieta.org.mx\/index.php\/category\/cintillo\/"},"img":{"alt_text":"","src":"https:\/\/i0.wp.com\/www.grieta.org.mx\/wp-content\/uploads\/2019\/08\/TelebachilleratoMuxupip.png?resize=350%2C200&ssl=1","width":350,"height":200,"srcset":"https:\/\/i0.wp.com\/www.grieta.org.mx\/wp-content\/uploads\/2019\/08\/TelebachilleratoMuxupip.png?resize=350%2C200&ssl=1 1x, https:\/\/i0.wp.com\/www.grieta.org.mx\/wp-content\/uploads\/2019\/08\/TelebachilleratoMuxupip.png?resize=525%2C300&ssl=1 1.5x, https:\/\/i0.wp.com\/www.grieta.org.mx\/wp-content\/uploads\/2019\/08\/TelebachilleratoMuxupip.png?resize=700%2C400&ssl=1 2x"},"classes":[]},{"id":39059,"url":"https:\/\/www.grieta.org.mx\/index.php\/2019\/09\/02\/docentes-de-telebachillerato-tomarian-acciones-mas-drasticas-yucatan\/","url_meta":{"origin":53662,"position":1},"title":"Docentes de Telebachillerato tomar\u00edan acciones m\u00e1s dr\u00e1sticas (Yucat\u00e1n)","author":"grieta","date":"2 septiembre, 2019","format":false,"excerpt":"Ante la injusticia, advierten al Gobierno de Yucat\u00e1n que habr\u00eda protestas radicales en todo el pa\u00eds. Programan mesa de di\u00e1logo con la secretaria de Educaci\u00f3n, Loreto Villanueva. Por Herbeth Escalante \/ Haz Ruido M\u00e9rida, Yucat\u00e1n.- Docentes del Telebachillerato Comunitario de Yucat\u00e1n advirtieron al Gobierno del Estado que de no recontratar\u2026","rel":"","context":"En &quot;CINTILLO&quot;","block_context":{"text":"CINTILLO","link":"https:\/\/www.grieta.org.mx\/index.php\/category\/cintillo\/"},"img":{"alt_text":"","src":"https:\/\/i0.wp.com\/www.grieta.org.mx\/wp-content\/uploads\/2019\/09\/maestros-560x416.jpg?resize=350%2C200&ssl=1","width":350,"height":200,"srcset":"https:\/\/i0.wp.com\/www.grieta.org.mx\/wp-content\/uploads\/2019\/09\/maestros-560x416.jpg?resize=350%2C200&ssl=1 1x, https:\/\/i0.wp.com\/www.grieta.org.mx\/wp-content\/uploads\/2019\/09\/maestros-560x416.jpg?resize=525%2C300&ssl=1 1.5x"},"classes":[]},{"id":38181,"url":"https:\/\/www.grieta.org.mx\/index.php\/2019\/08\/23\/maestros-de-telebachilleratos-de-yucatan-demandan-reinstalacion-video\/","url_meta":{"origin":53662,"position":2},"title":"Maestros de Telebachilleratos de Yucat\u00e1n demandan reinstalaci\u00f3n (Video)","author":"grieta","date":"23 agosto, 2019","format":false,"excerpt":"Jes\u00fas Mej\u00eda\/LectorMx M\u00e9rida, Yucat\u00e1n.- Unos 30 profesores del Telebachillerato Comunitario del Estado de Yucat\u00e1n (TCEY) demandaron la reinstalaci\u00f3n de 150 docentes que fueron despedidos, seg\u00fan dijeron, sin causa justificada. Rub\u00ed Capistr\u00e1n Arroyo, representante del Frente \u00danico Nacional de Trabajadores del TCEY, declar\u00f3 que fueron notificados de la rescisi\u00f3n de sus\u2026","rel":"","context":"En &quot;CINTILLO&quot;","block_context":{"text":"CINTILLO","link":"https:\/\/www.grieta.org.mx\/index.php\/category\/cintillo\/"},"img":{"alt_text":"","src":"https:\/\/i0.wp.com\/www.grieta.org.mx\/wp-content\/uploads\/2019\/08\/IMG-20190823-WA0012-1280x640-e1566584870440.jpg?resize=350%2C200&ssl=1","width":350,"height":200,"srcset":"https:\/\/i0.wp.com\/www.grieta.org.mx\/wp-content\/uploads\/2019\/08\/IMG-20190823-WA0012-1280x640-e1566584870440.jpg?resize=350%2C200&ssl=1 1x, https:\/\/i0.wp.com\/www.grieta.org.mx\/wp-content\/uploads\/2019\/08\/IMG-20190823-WA0012-1280x640-e1566584870440.jpg?resize=525%2C300&ssl=1 1.5x, https:\/\/i0.wp.com\/www.grieta.org.mx\/wp-content\/uploads\/2019\/08\/IMG-20190823-WA0012-1280x640-e1566584870440.jpg?resize=700%2C400&ssl=1 2x"},"classes":[]},{"id":67042,"url":"https:\/\/www.grieta.org.mx\/index.php\/2023\/06\/22\/docentes-y-administrativos-de-bachillerato-exigen-mejores-condiciones-laborales-yucatan\/","url_meta":{"origin":53662,"position":3},"title":"Docentes y administrativos de bachillerato exigen mejores condiciones laborales (Yucat\u00e1n)","author":"grieta","date":"22 junio, 2023","format":false,"excerpt":"Haz Ruido Al menos 72 planteles del Colegio de Bachilleres, Conalep, Cecitey y Telebachillerato se quedaron sin clases pues sus trabajadores protestaron para que les reconozcan su antig\u00fcedad y puedan jubilarse. M\u00e9rida, Yucat\u00e1n, 22 de junio de 2023.-Trabajadores del Colegio de Bachilleres, Conalep, Cecitey y Telebachillerato en Yucat\u00e1n protestaron en\u2026","rel":"","context":"En &quot;CINTILLO&quot;","block_context":{"text":"CINTILLO","link":"https:\/\/www.grieta.org.mx\/index.php\/category\/cintillo\/"},"img":{"alt_text":"","src":"https:\/\/i0.wp.com\/www.grieta.org.mx\/wp-content\/uploads\/2023\/06\/Bach-e1687489553175.jpg?resize=350%2C200&ssl=1","width":350,"height":200,"srcset":"https:\/\/i0.wp.com\/www.grieta.org.mx\/wp-content\/uploads\/2023\/06\/Bach-e1687489553175.jpg?resize=350%2C200&ssl=1 1x, https:\/\/i0.wp.com\/www.grieta.org.mx\/wp-content\/uploads\/2023\/06\/Bach-e1687489553175.jpg?resize=525%2C300&ssl=1 1.5x, https:\/\/i0.wp.com\/www.grieta.org.mx\/wp-content\/uploads\/2023\/06\/Bach-e1687489553175.jpg?resize=700%2C400&ssl=1 2x"},"classes":[]},{"id":71828,"url":"https:\/\/www.grieta.org.mx\/index.php\/2025\/06\/10\/ahora-la-utm-se-une-al-paro-yucatan\/","url_meta":{"origin":53662,"position":4},"title":"Ahora la UTM se une al paro (Yucat\u00e1n)","author":"grieta","date":"10 junio, 2025","format":false,"excerpt":"Herbeth Escalante \/ Haz Ruido Los docentes y el personal administrativo exigen mejores condiciones laborales y mejorar la infraestructura para sus estudiantes M\u00e9rida, Yucat\u00e1n, 10 de junio de 2025.- Desde temprana hora, docentes y personal administrativo cerraron con candados las rejas de las instalaciones de la Universidad Tecnol\u00f3gica Metropolitana (UTM)\u2026","rel":"","context":"En &quot;CINTILLO&quot;","block_context":{"text":"CINTILLO","link":"https:\/\/www.grieta.org.mx\/index.php\/category\/cintillo\/"},"img":{"alt_text":"","src":"https:\/\/i0.wp.com\/www.grieta.org.mx\/wp-content\/uploads\/2025\/06\/Utm-e1749645096482.jpg?resize=350%2C200&ssl=1","width":350,"height":200,"srcset":"https:\/\/i0.wp.com\/www.grieta.org.mx\/wp-content\/uploads\/2025\/06\/Utm-e1749645096482.jpg?resize=350%2C200&ssl=1 1x, https:\/\/i0.wp.com\/www.grieta.org.mx\/wp-content\/uploads\/2025\/06\/Utm-e1749645096482.jpg?resize=525%2C300&ssl=1 1.5x, https:\/\/i0.wp.com\/www.grieta.org.mx\/wp-content\/uploads\/2025\/06\/Utm-e1749645096482.jpg?resize=700%2C400&ssl=1 2x"},"classes":[]},{"id":71779,"url":"https:\/\/www.grieta.org.mx\/index.php\/2025\/06\/02\/la-upy-se-une-a-las-huelgas-yucatan\/","url_meta":{"origin":53662,"position":5},"title":"La UPY se une a las huelgas (Yucat\u00e1n)","author":"grieta","date":"2 junio, 2025","format":false,"excerpt":"Redacci\u00f3n \/ Sol Yucat\u00e1n Contin\u00faan uni\u00e9ndose m\u00e1s centros educativos, personal docente y administrativo a las huelgas educacionales, y esta vez se trat\u00f3 de la Universidad Polit\u00e9cnica de Yucat\u00e1n (UPY). Los protestantes tomaron las instalaciones de forma simb\u00f3lica para que sus peticiones sean escuchadas y como demostraci\u00f3n de que apoyan la\u2026","rel":"","context":"En &quot;CINTILLO&quot;","block_context":{"text":"CINTILLO","link":"https:\/\/www.grieta.org.mx\/index.php\/category\/cintillo\/"},"img":{"alt_text":"","src":"https:\/\/i0.wp.com\/www.grieta.org.mx\/wp-content\/uploads\/2025\/06\/Upy.jpg?resize=350%2C200&ssl=1","width":350,"height":200,"srcset":"https:\/\/i0.wp.com\/www.grieta.org.mx\/wp-content\/uploads\/2025\/06\/Upy.jpg?resize=350%2C200&ssl=1 1x, https:\/\/i0.wp.com\/www.grieta.org.mx\/wp-content\/uploads\/2025\/06\/Upy.jpg?resize=525%2C300&ssl=1 1.5x, https:\/\/i0.wp.com\/www.grieta.org.mx\/wp-content\/uploads\/2025\/06\/Upy.jpg?resize=700%2C400&ssl=1 2x, https:\/\/i0.wp.com\/www.grieta.org.mx\/wp-content\/uploads\/2025\/06\/Upy.jpg?resize=1050%2C600&ssl=1 3x, https:\/\/i0.wp.com\/www.grieta.org.mx\/wp-content\/uploads\/2025\/06\/Upy.jpg?resize=1400%2C800&ssl=1 4x"},"classes":[]}],"_links":{"self":[{"href":"https:\/\/www.grieta.org.mx\/index.php\/wp-json\/wp\/v2\/posts\/53662","targetHints":{"allow":["GET"]}}],"collection":[{"href":"https:\/\/www.grieta.org.mx\/index.php\/wp-json\/wp\/v2\/posts"}],"about":[{"href":"https:\/\/www.grieta.org.mx\/index.php\/wp-json\/wp\/v2\/types\/post"}],"author":[{"embeddable":true,"href":"https:\/\/www.grieta.org.mx\/index.php\/wp-json\/wp\/v2\/users\/2"}],"replies":[{"embeddable":true,"href":"https:\/\/www.grieta.org.mx\/index.php\/wp-json\/wp\/v2\/comments?post=53662"}],"version-history":[{"count":1,"href":"https:\/\/www.grieta.org.mx\/index.php\/wp-json\/wp\/v2\/posts\/53662\/revisions"}],"predecessor-version":[{"id":53664,"href":"https:\/\/www.grieta.org.mx\/index.php\/wp-json\/wp\/v2\/posts\/53662\/revisions\/53664"}],"wp:featuredmedia":[{"embeddable":true,"href":"https:\/\/www.grieta.org.mx\/index.php\/wp-json\/wp\/v2\/media\/53663"}],"wp:attachment":[{"href":"https:\/\/www.grieta.org.mx\/index.php\/wp-json\/wp\/v2\/media?parent=53662"}],"wp:term":[{"taxonomy":"category","embeddable":true,"href":"https:\/\/www.grieta.org.mx\/index.php\/wp-json\/wp\/v2\/categories?post=53662"},{"taxonomy":"post_tag","embeddable":true,"href":"https:\/\/www.grieta.org.mx\/index.php\/wp-json\/wp\/v2\/tags?post=53662"}],"curies":[{"name":"wp","href":"https:\/\/api.w.org\/{rel}","templated":true}]}}