{"id":53647,"date":"2020-09-13T14:46:00","date_gmt":"2020-09-13T19:46:00","guid":{"rendered":"http:\/\/www.grieta.org.mx\/?p=53647"},"modified":"2020-09-20T14:52:38","modified_gmt":"2020-09-20T19:52:38","slug":"defensoras-indigenas-denuncian-agresiones-de-ayuntamiento-de-amealco-queretaro","status":"publish","type":"post","link":"https:\/\/www.grieta.org.mx\/index.php\/2020\/09\/13\/defensoras-indigenas-denuncian-agresiones-de-ayuntamiento-de-amealco-queretaro\/","title":{"rendered":"Defensoras ind\u00edgenas denuncian agresiones de ayuntamiento de Amealco (Quer\u00e9taro)"},"content":{"rendered":"<p><img loading=\"lazy\" decoding=\"async\" data-attachment-id=\"53648\" data-permalink=\"https:\/\/www.grieta.org.mx\/index.php\/2020\/09\/13\/defensoras-indigenas-denuncian-agresiones-de-ayuntamiento-de-amealco-queretaro\/defensoras-indigenas-denuncian-agresiones-de-ayuntamiento-de-amealco-qro-sept\/\" data-orig-file=\"https:\/\/www.grieta.org.mx\/wp-content\/uploads\/2020\/09\/Defensoras-indigenas-denuncian-agresiones-de-ayuntamiento-de-Amealco-qro-sept.jpg\" data-orig-size=\"1200,676\" data-comments-opened=\"0\" data-image-meta=\"{&quot;aperture&quot;:&quot;0&quot;,&quot;credit&quot;:&quot;&quot;,&quot;camera&quot;:&quot;&quot;,&quot;caption&quot;:&quot;&quot;,&quot;created_timestamp&quot;:&quot;0&quot;,&quot;copyright&quot;:&quot;&quot;,&quot;focal_length&quot;:&quot;0&quot;,&quot;iso&quot;:&quot;0&quot;,&quot;shutter_speed&quot;:&quot;0&quot;,&quot;title&quot;:&quot;&quot;,&quot;orientation&quot;:&quot;0&quot;}\" data-image-title=\"Defensoras ind\u00edgenas denuncian agresiones de ayuntamiento de Amealco qro sept\" data-image-description=\"\" data-image-caption=\"\" data-medium-file=\"https:\/\/www.grieta.org.mx\/wp-content\/uploads\/2020\/09\/Defensoras-indigenas-denuncian-agresiones-de-ayuntamiento-de-Amealco-qro-sept-300x169.jpg\" data-large-file=\"https:\/\/www.grieta.org.mx\/wp-content\/uploads\/2020\/09\/Defensoras-indigenas-denuncian-agresiones-de-ayuntamiento-de-Amealco-qro-sept-1024x577.jpg\" class=\"alignnone  wp-image-53648\" src=\"http:\/\/www.grieta.org.mx\/wp-content\/uploads\/2020\/09\/Defensoras-indigenas-denuncian-agresiones-de-ayuntamiento-de-Amealco-qro-sept.jpg\" alt=\"\" width=\"656\" height=\"369\" srcset=\"https:\/\/www.grieta.org.mx\/wp-content\/uploads\/2020\/09\/Defensoras-indigenas-denuncian-agresiones-de-ayuntamiento-de-Amealco-qro-sept.jpg 1200w, https:\/\/www.grieta.org.mx\/wp-content\/uploads\/2020\/09\/Defensoras-indigenas-denuncian-agresiones-de-ayuntamiento-de-Amealco-qro-sept-300x169.jpg 300w, https:\/\/www.grieta.org.mx\/wp-content\/uploads\/2020\/09\/Defensoras-indigenas-denuncian-agresiones-de-ayuntamiento-de-Amealco-qro-sept-1024x577.jpg 1024w, https:\/\/www.grieta.org.mx\/wp-content\/uploads\/2020\/09\/Defensoras-indigenas-denuncian-agresiones-de-ayuntamiento-de-Amealco-qro-sept-768x433.jpg 768w, https:\/\/www.grieta.org.mx\/wp-content\/uploads\/2020\/09\/Defensoras-indigenas-denuncian-agresiones-de-ayuntamiento-de-Amealco-qro-sept-888x500.jpg 888w\" sizes=\"auto, (max-width: 656px) 100vw, 656px\" \/><\/p>\n<p>Texto y fotos: Alejandro Ruiz<\/p>\n<p>Pie de P\u00e1gina<\/p>\n<p><strong>Las defensoras comunitarias Sara Hern\u00e1ndez Jim\u00e9nez y Estela Hern\u00e1ndez acusan agresiones del ayuntamiento de Amealco, en Quer\u00e9taro, luego que ellas denunciaron la imposici\u00f3n de obras en su comunidad sin consultar a la poblaci\u00f3n<\/strong><\/p>\n<p>QUER\u00c9TARO.- El pasado 1 de septiembre, la Red Nacional de Defensoras de Derechos Humanos (RNDDHM) emiti\u00f3 dos cartas en donde denuncian las agresiones que grupos estatales y civiles han perpetrado en contra de las defensoras comunitarias Sara Hern\u00e1ndez Jim\u00e9nez y Estela Hern\u00e1ndez Jim\u00e9nez.<\/p>\n<p>En los documentos dirigidos al gobernador del estado de Quer\u00e9taro, Francisco Dom\u00ednguez Servi\u00e9n, y al presidente municipal de Amealco de Bonfil, Rosendo Anaya Aguilar; la RNDDHM se\u00f1ala que el motivo de las agresiones han sido las denuncias que las defensoras comunitarias han hecho sobre la imposici\u00f3n de las obras que el ayuntamiento pretende realizar sin consultar a la comunidad de Santiago Mexquititl\u00e1n, y que afectan tanto al territorio como la cosmovisi\u00f3n del pueblo h\u00f1\u00f6h\u00f1o.<\/p>\n<blockquote class=\"wp-block-quote is-style-large\"><p>\u201cDesde la RNDDHM tenemos conocimiento que estos ataques provienen de agentes estatales y civiles, frente a una nula atenci\u00f3n a la situaci\u00f3n que ambas defensoras han denunciado ante autoridades estatales y federales\u201d.<\/p><\/blockquote>\n<p>Por ello, solicitan la intervenci\u00f3n de las autoridades para que cesen las agresiones agregan en su contra y limiten la defensa de los derechos humanos, especialmente \u201caquellas que puedan ser de manera directa responsabilidad de servidores p\u00fablicos del ayuntamiento\u201d.<\/p>\n<h3>La lucha en defensa de la comunidad<\/h3>\n<p>Desde el injusto encarcelamiento de su madre en 2006, las hermanas Sara y Estela han sostenido una lucha por la defensa y el respeto de su cultura, su identidad y su territorio.<\/p>\n<p>\u201cDesde que comenzamos a luchar por la liberaci\u00f3n de nuestra madre nosotras nos fuimos dando cuenta del estado de abandono institucional que hay en el que nos encontramos los pueblos originarios en M\u00e9xico\u201d, dice Estela Hern\u00e1ndez.<\/p>\n<p>Desde hace m\u00e1s de 10 a\u00f1os ella se ha encargado de promover y defender los derechos de los pueblos originarios en su comunidad, ubicada en el municipio de Amealco, as\u00ed como de impulsar un proyecto de educaci\u00f3n ind\u00edgena.<\/p>\n<p>\u00abComenzamos a tejer relaciones con otras organizaciones para poder ayudar a nuestra comunidad, e iniciamos una campa\u00f1a para la construcci\u00f3n de una nueva educaci\u00f3n ind\u00edgena aqu\u00ed en Santiago, recuperando nuestra lengua y nuestros saberes ancestrales; y as\u00ed fue como han nacido proyectos como el del museo y la biblioteca comunitaria, y de igual forma comenzamos a \u00a0gestionar desde la comunidad becas para que las ni\u00f1a y los ni\u00f1os pudieran continuar con su educaci\u00f3n\u201d, cuenta.<\/p>\n<p>En M\u00e9xico, la poblaci\u00f3n ind\u00edgena muchas de las veces no llega a concluir la educaci\u00f3n primaria, de acuerdo con un estudio elaborado por el Instituto Nacional para la Evaluaci\u00f3n de la Educaci\u00f3n en conjunto con el Fondo de las Naciones Unidas para la Infancia (Unicef) y presentado en 2018. Adem\u00e1s, seg\u00fan el Consejo Nacional de Evaluaci\u00f3n de la Pol\u00edtica de Desarrollo Social (Coneval), siete de cada 10 personas ind\u00edgenas est\u00e1n en situaci\u00f3n de pobreza, y tres de cada 10 en situaci\u00f3n de pobreza extrema.<\/p>\n<p>\u201cEste contexto nos impuls\u00f3 a m\u00ed y a mi hermana a trabajar proyectos enfocados en la educaci\u00f3n ind\u00edgena y la salud comunitaria, pues ella es enfermera y yo docente \u2013se\u00f1ala a Estela Hern\u00e1ndez\u2013 . Cuando comenzamos a gestionar beneficios para la comunidad, al gobierno no le gust\u00f3, pues prefieren mantenernos en la ignorancia y el rezago para aprovecharse de nosotros en \u00e9pocas electorales, pero aqu\u00ed poco a poco fuimos cobrando conciencia de nuestra historia, nuestra cultura y nuestro patrimonio\u201d.<\/p>\n<p>Adem\u00e1s del trabajo comunitario que ellas realizan para mejorar las condiciones de Santiago Mexquititl\u00e1n, desde el 2013, la lucha de las hermanas Hern\u00e1ndez Jim\u00e9nez se ha aglutinado con grandes luchas a nivel nacional, como la lucha en contra de la Reforma Educativa, la consulta sobre la modificaci\u00f3n del art\u00edculo 2 constitucional y la campa\u00f1a a la presidencia de Marichuy, a trav\u00e9s del Congreso Nacional Ind\u00edgena.<\/p>\n<p>Esto, sin embargo, les ha significado ser objeto de diversas agresiones f\u00edsicas y verbales, e incluso ha puesto en riesgo su estabilidad laboral<\/p>\n<p>\u201cEn el 2014 fue cuando sufrimos el primer acto de represi\u00f3n, pues a mi hermana la cambiaron de su lugar de trabajo, sin explicaci\u00f3n alguna. Esto despu\u00e9s de denunciar las irregularidades para el otorgamiento de plazas en el Hospital General de Quer\u00e9taro.\u201d<\/p>\n<p><img loading=\"lazy\" decoding=\"async\" data-attachment-id=\"53649\" data-permalink=\"https:\/\/www.grieta.org.mx\/index.php\/2020\/09\/13\/defensoras-indigenas-denuncian-agresiones-de-ayuntamiento-de-amealco-queretaro\/image2\/\" data-orig-file=\"https:\/\/www.grieta.org.mx\/wp-content\/uploads\/2020\/09\/image2.jpg\" data-orig-size=\"1200,1200\" data-comments-opened=\"0\" data-image-meta=\"{&quot;aperture&quot;:&quot;0&quot;,&quot;credit&quot;:&quot;&quot;,&quot;camera&quot;:&quot;&quot;,&quot;caption&quot;:&quot;&quot;,&quot;created_timestamp&quot;:&quot;0&quot;,&quot;copyright&quot;:&quot;&quot;,&quot;focal_length&quot;:&quot;0&quot;,&quot;iso&quot;:&quot;0&quot;,&quot;shutter_speed&quot;:&quot;0&quot;,&quot;title&quot;:&quot;&quot;,&quot;orientation&quot;:&quot;0&quot;}\" data-image-title=\"image2\" data-image-description=\"\" data-image-caption=\"\" data-medium-file=\"https:\/\/www.grieta.org.mx\/wp-content\/uploads\/2020\/09\/image2-300x300.jpg\" data-large-file=\"https:\/\/www.grieta.org.mx\/wp-content\/uploads\/2020\/09\/image2-1024x1024.jpg\" class=\"alignnone  wp-image-53649\" src=\"http:\/\/www.grieta.org.mx\/wp-content\/uploads\/2020\/09\/image2.jpg\" alt=\"\" width=\"650\" height=\"650\" srcset=\"https:\/\/www.grieta.org.mx\/wp-content\/uploads\/2020\/09\/image2.jpg 1200w, https:\/\/www.grieta.org.mx\/wp-content\/uploads\/2020\/09\/image2-300x300.jpg 300w, https:\/\/www.grieta.org.mx\/wp-content\/uploads\/2020\/09\/image2-1024x1024.jpg 1024w, https:\/\/www.grieta.org.mx\/wp-content\/uploads\/2020\/09\/image2-150x150.jpg 150w, https:\/\/www.grieta.org.mx\/wp-content\/uploads\/2020\/09\/image2-768x768.jpg 768w, https:\/\/www.grieta.org.mx\/wp-content\/uploads\/2020\/09\/image2-130x130.jpg 130w, https:\/\/www.grieta.org.mx\/wp-content\/uploads\/2020\/09\/image2-500x500.jpg 500w\" sizes=\"auto, (max-width: 650px) 100vw, 650px\" \/><\/p>\n<h3>Agresiones y criminalizaci\u00f3n<\/h3>\n<p>De acuerdo con Sara y Estela durante m\u00e1s de seis a\u00f1os las agresiones en su contra han sido constantes, y han ido escalando hacia difamaciones y agresiones f\u00edsicas.<\/p>\n<p>\u201cEn mayo del 2019 \u2013 recuerda Estela \u2013 un grupo de choque dirigido por la actual delegada de la comunidad \u2013 Ver\u00f3nica S\u00e1nchez golpe\u00f3 a mi hermana mientras ella estaba ocup\u00e1ndose de sus responsabilidades en el tianguis. Posterior a eso se interpuso una denuncia en la Fiscal\u00eda, pero hasta la fecha no hemos recibido respuesta alguna\u201d.<\/p>\n<p>Sara y Estela han interpuesto las denuncias correspondientes en la Fiscal\u00eda General del Estado de Quer\u00e9taro, as\u00ed como en la Comisi\u00f3n Estatal de Derechos Humanos, instancias que no les han garantizado el derecho a acceder a la justicia, sino que han propiciado un contexto de revictimizaci\u00f3n y criminalizaci\u00f3n en su contra.<\/p>\n<p>El 8 de febrero pasado, el presidente <strong>Andr\u00e9s Manuel L\u00f3pez Obrador <\/strong>visit\u00f3 a la comunidad de Santiago Mexquititl\u00e1n. Durante la visita, Estela Hern\u00e1ndez denunci\u00f3 las agresiones en contra de la comunidad a ra\u00edz de la defensa de su autonom\u00eda.<\/p>\n<p>A partir de esta denuncia, operadores del ayuntamiento intensificaron una campa\u00f1a de difamaci\u00f3n en contra de las autoridades tradicionales de Santiago Mexquititl\u00e1n, las cuales fueron ratificadas en una Asamblea General el 29 de febrero, y que posteriormente reconoci\u00f3 el Instituto Electoral del Estado de Quer\u00e9taro.<\/p>\n<p>\u201cDurante la asamblea del 29 de febrero \u2013 denuncia Estela Hern\u00e1ndez \u2013 un grupo de choque dirigido por la delegada municipal comenz\u00f3 a gritar acusaciones falsas hacia mi persona, argumentando que soy una ladrona y \u2018vividora\u2019, lo cual es totalmente falso, pues el trabajo que hacemos en la comunidad es desde nuestros propios recursos y con el objetivo de mejorar la calidad de vida de nuestro pueblo\u201d.<\/p>\n<p>A partir de este hecho, las defensoras comunitarias han recibido varios citatorios de la Fiscal\u00eda Estatal, donde se les acusa de usurpaci\u00f3n de las funciones p\u00fablicas, as\u00ed como del delito de da\u00f1os dolosos. Tambi\u00e9n les han cortado por m\u00e1s de una semana el suministro de agua en la comunidad.<\/p>\n<p>\u201cEsto tan s\u00f3lo demuestra la complicidad de las instituciones para la procuraci\u00f3n de justicia con nuestros agresores, a los cuales identificamos como el gobierno municipal de Rosendo Anaya y al Gobierno del Estado \u2013 se\u00f1ala Estela.<\/p>\n<p>Desde el nombramiento de sus autoridades comunitarias, el pueblo de Santiago Mexquititl\u00e1n ha profundizado las estrategias de defensa de su patrimonio hist\u00f3rico y cultural, as\u00ed como de su identidad y territorio ancestral.<\/p>\n<p>\u201cNosotros nos empezamos a organizar para oponernos a la obra que el ayuntamiento quiere realizar en el templo, pero aunque hemos probado con documentos que esta construcci\u00f3n afecta nuestro patrimonio y nuestra identidad, las autoridades competentes no nos han escuchado, o nos han mentido descarademente\u201d, agrega.<\/p>\n<p>Las defensoras comunitarias aseguran que no desistir\u00e1n de la lucha en defensa de su territorio y su dignidad ya que.<\/p>\n<blockquote class=\"wp-block-quote is-style-large\"><p>\u201cLa dignificaci\u00f3n de nuestros pueblos es lo m\u00e1s urgente y lo m\u00e1s importante, porque estamos en v\u00edas de extinci\u00f3n. No estamos dispuestos a morir, existimos y queremos seguir existiendo, queremos seguir viviendo. Queremos mejores condiciones de vida no s\u00f3lo para Santiago Mexquititl\u00e1n, sino para todos los pueblos originarios del pa\u00eds\u201d.<\/p><\/blockquote>\n<p><a href=\"https:\/\/piedepagina.mx\/defensoras-denuncian-agresiones-de-ayuntamiento-en-santiago-mexquititlan\/\" target=\"_blank\" rel=\"noopener noreferrer\">https:\/\/piedepagina.mx\/defensoras-denuncian-agresiones-de-ayuntamiento-en-santiago-mexquititlan\/<\/a><\/p>\n<p>&nbsp;<\/p>\n","protected":false},"excerpt":{"rendered":"<p>Texto y fotos: Alejandro Ruiz Pie de P\u00e1gina Las defensoras comunitarias Sara Hern\u00e1ndez Jim\u00e9nez y Estela Hern\u00e1ndez acusan agresiones del ayuntamiento de Amealco, en Quer\u00e9taro, luego que ellas denunciaron la &hellip; <a href=\"https:\/\/www.grieta.org.mx\/index.php\/2020\/09\/13\/defensoras-indigenas-denuncian-agresiones-de-ayuntamiento-de-amealco-queretaro\/\" class=\"more-link\">Leer m\u00e1s<\/a><\/p>\n","protected":false},"author":2,"featured_media":53648,"comment_status":"closed","ping_status":"closed","sticky":false,"template":"","format":"standard","meta":{"ngg_post_thumbnail":0,"_jetpack_newsletter_access":"","_jetpack_dont_email_post_to_subs":false,"_jetpack_newsletter_tier_id":0,"_jetpack_memberships_contains_paywalled_content":false,"_jetpack_memberships_contains_paid_content":false,"footnotes":""},"categories":[2757,80,2480,2978,2,27,2531],"tags":[2871,2338],"class_list":["post-53647","post","type-post","status-publish","format-standard","has-post-thumbnail","hentry","category-abuso-policiaco-y-tortura-en-queretaro","category-cintillo","category-lucha-y-resistencia-del-pueblo-de-queretaro","category-movilizaciones-y-protestas-de-habitantes-en-queretaro","category-noticias-nacionales","category-queretaro","category-violencia-contra-las-mujeres-en-queretaro","tag-violaciones-a-derechos-humanos-por-fuerzas-represivas","tag-violencia-de-las-fuerzas-represivas","entry"],"jetpack_featured_media_url":"https:\/\/www.grieta.org.mx\/wp-content\/uploads\/2020\/09\/Defensoras-indigenas-denuncian-agresiones-de-ayuntamiento-de-Amealco-qro-sept.jpg","jetpack_sharing_enabled":true,"jetpack_shortlink":"https:\/\/wp.me\/p7ZJR4-dXh","jetpack_likes_enabled":false,"jetpack-related-posts":[{"id":46651,"url":"https:\/\/www.grieta.org.mx\/index.php\/2020\/03\/23\/denuncian-acoso-a-artesanos-en-amealco-queretaro\/","url_meta":{"origin":53647,"position":0},"title":"Denuncian acoso a artesanos en Amealco (Quer\u00e9taro)","author":"grieta","date":"23 marzo, 2020","format":false,"excerpt":"Foto tomada de: www.alertaqronoticias.com Alerta Quer\u00e9taro Noticias Artesanos de Santiago Mexquititan, en Amealco, denunciaron la detenci\u00f3n y desalojo arbitrario, por parte de autoridades de ese municipio, este fin de semana, a consecuencia de su oposici\u00f3n a la propuesta de un tianguis. Narraron que el pasado s\u00e1bado a las 7 de\u2026","rel":"","context":"En &quot;Abuso policiaco y tortura en Quer\u00e9taro&quot;","block_context":{"text":"Abuso policiaco y tortura en Quer\u00e9taro","link":"https:\/\/www.grieta.org.mx\/index.php\/category\/noticias-nacionales\/queretaro\/abuso-policiaco-y-tortura-en-queretaro\/"},"img":{"alt_text":"","src":"https:\/\/i0.wp.com\/www.grieta.org.mx\/wp-content\/uploads\/2020\/03\/Denuncian-acoso-a-artesanos-en-Amealco-qro-mzo.jpg?resize=350%2C200&ssl=1","width":350,"height":200,"srcset":"https:\/\/i0.wp.com\/www.grieta.org.mx\/wp-content\/uploads\/2020\/03\/Denuncian-acoso-a-artesanos-en-Amealco-qro-mzo.jpg?resize=350%2C200&ssl=1 1x, https:\/\/i0.wp.com\/www.grieta.org.mx\/wp-content\/uploads\/2020\/03\/Denuncian-acoso-a-artesanos-en-Amealco-qro-mzo.jpg?resize=525%2C300&ssl=1 1.5x, https:\/\/i0.wp.com\/www.grieta.org.mx\/wp-content\/uploads\/2020\/03\/Denuncian-acoso-a-artesanos-en-Amealco-qro-mzo.jpg?resize=700%2C400&ssl=1 2x"},"classes":[]},{"id":52464,"url":"https:\/\/www.grieta.org.mx\/index.php\/2020\/07\/31\/indigenas-denuncian-actos-violentos-vs-ellos-queretaro\/","url_meta":{"origin":53647,"position":1},"title":"Ind\u00edgenas denuncian actos violentos vs ellos (Quer\u00e9taro)","author":"grieta","date":"31 julio, 2020","format":false,"excerpt":"Foto: Fernando Reyes \/ Diario de Quer\u00e9taro Alejandro Pay\u00e1n \/ Diario de Quer\u00e9taro Aseguran que es ejercida por parte de grupos de choque ligados al alcalde, Rosendo Anaya Ind\u00edgenas de la comunidad de Santiago Mexquititl\u00e1n, Amealco, denunciaron la violencia ejercida por parte de grupos de choque ligados al alcalde, Rosendo\u2026","rel":"","context":"En &quot;CINTILLO&quot;","block_context":{"text":"CINTILLO","link":"https:\/\/www.grieta.org.mx\/index.php\/category\/cintillo\/"},"img":{"alt_text":"","src":"https:\/\/i0.wp.com\/www.grieta.org.mx\/wp-content\/uploads\/2020\/08\/Ind%C3%ADgenas-denuncian-actos-violentos-vs-ellos-qro-ago.jpg?resize=350%2C200&ssl=1","width":350,"height":200,"srcset":"https:\/\/i0.wp.com\/www.grieta.org.mx\/wp-content\/uploads\/2020\/08\/Ind%C3%ADgenas-denuncian-actos-violentos-vs-ellos-qro-ago.jpg?resize=350%2C200&ssl=1 1x, https:\/\/i0.wp.com\/www.grieta.org.mx\/wp-content\/uploads\/2020\/08\/Ind%C3%ADgenas-denuncian-actos-violentos-vs-ellos-qro-ago.jpg?resize=525%2C300&ssl=1 1.5x, https:\/\/i0.wp.com\/www.grieta.org.mx\/wp-content\/uploads\/2020\/08\/Ind%C3%ADgenas-denuncian-actos-violentos-vs-ellos-qro-ago.jpg?resize=700%2C400&ssl=1 2x"},"classes":[]},{"id":50258,"url":"https:\/\/www.grieta.org.mx\/index.php\/2020\/05\/25\/pobladores-de-santiago-mexquititlan-toman-presidencia-municipal-de-amealco-queretaro\/","url_meta":{"origin":53647,"position":2},"title":"Pobladores de Santiago Mexquititl\u00e1n toman presidencia municipal de Amealco (Quer\u00e9taro)","author":"grieta","date":"25 mayo, 2020","format":false,"excerpt":"Imagen tomada de: sanpanchotv.wordpress.com San Pancho TV El 25 de mayo del 2020, tianguistas y pobladores de Santiago Mexquititl\u00e1n tomaron la presidencia del municipio de Amealco, en Quer\u00e9taro, como acto de protesta ante la implementaci\u00f3n de la \u201cley garrote\u201d, as\u00ed como en contra de el corte de agua que ha\u2026","rel":"","context":"En &quot;Abuso policiaco y tortura en Quer\u00e9taro&quot;","block_context":{"text":"Abuso policiaco y tortura en Quer\u00e9taro","link":"https:\/\/www.grieta.org.mx\/index.php\/category\/noticias-nacionales\/queretaro\/abuso-policiaco-y-tortura-en-queretaro\/"},"img":{"alt_text":"","src":"https:\/\/i0.wp.com\/www.grieta.org.mx\/wp-content\/uploads\/2020\/06\/Pobladores-de-Santiago-Mexquititl%C3%A1n-toman-presidencia-municipal-de-Amealco-qro-jun.jpeg?resize=350%2C200&ssl=1","width":350,"height":200},"classes":[]},{"id":51629,"url":"https:\/\/www.grieta.org.mx\/index.php\/2020\/07\/02\/agresiones-al-pueblo-de-santiago-mexquititlan-queretaro\/","url_meta":{"origin":53647,"position":3},"title":"Agresiones al pueblo de Santiago Mexquititl\u00e1n (Quer\u00e9taro)","author":"grieta","date":"2 julio, 2020","format":false,"excerpt":"Imagen tomada de: sicmx.org Agust\u00edn Escobar Ledesma \/ Sistema Informativo Ciudadano Uno de los problemas m\u00e1s acuciantes que tiene Santiago Mexquititl\u00e1n, Amealco, Qro., es que sus seis barrios, repetidamente, son dejados sin el servicio de agua potable. La \u00faltima ocasi\u00f3n, ocurrida entre mayo y junio, fue que la Comisi\u00f3n Estatal\u2026","rel":"","context":"En &quot;Autonom\u00edas&quot;","block_context":{"text":"Autonom\u00edas","link":"https:\/\/www.grieta.org.mx\/index.php\/category\/resistencias\/autonomias\/"},"img":{"alt_text":"","src":"https:\/\/i0.wp.com\/www.grieta.org.mx\/wp-content\/uploads\/2020\/07\/Agresiones-al-pueblo-de-Santiago-Mexquititl%C3%A1n-qro-jul.jpeg?resize=350%2C200&ssl=1","width":350,"height":200,"srcset":"https:\/\/i0.wp.com\/www.grieta.org.mx\/wp-content\/uploads\/2020\/07\/Agresiones-al-pueblo-de-Santiago-Mexquititl%C3%A1n-qro-jul.jpeg?resize=350%2C200&ssl=1 1x, https:\/\/i0.wp.com\/www.grieta.org.mx\/wp-content\/uploads\/2020\/07\/Agresiones-al-pueblo-de-Santiago-Mexquititl%C3%A1n-qro-jul.jpeg?resize=525%2C300&ssl=1 1.5x, https:\/\/i0.wp.com\/www.grieta.org.mx\/wp-content\/uploads\/2020\/07\/Agresiones-al-pueblo-de-Santiago-Mexquititl%C3%A1n-qro-jul.jpeg?resize=700%2C400&ssl=1 2x"},"classes":[]},{"id":60789,"url":"https:\/\/www.grieta.org.mx\/index.php\/2021\/07\/21\/desdena-fiscalia-la-violencia-digital-queretaro\/","url_meta":{"origin":53647,"position":4},"title":"Desde\u00f1a Fiscal\u00eda la violencia digital (Quer\u00e9taro)","author":"grieta","date":"21 julio, 2021","format":false,"excerpt":"Cecilia Conde \/ Diario de Quer\u00e9taro Organizaci\u00f3n de defensa reporta 162 casos; la autoridad \u201cno avanza en investigaciones\u201d Desde hace un a\u00f1o se han reportado 162 casos de violencia digital en la organizaci\u00f3n Defensoras Digitales en Quer\u00e9taro, sin embargo solo el 20% ha denunciado, debido a que la Fiscal\u00eda General\u2026","rel":"","context":"En &quot;Abuso policiaco y tortura en Quer\u00e9taro&quot;","block_context":{"text":"Abuso policiaco y tortura en Quer\u00e9taro","link":"https:\/\/www.grieta.org.mx\/index.php\/category\/noticias-nacionales\/queretaro\/abuso-policiaco-y-tortura-en-queretaro\/"},"img":{"alt_text":"","src":"https:\/\/i0.wp.com\/www.grieta.org.mx\/wp-content\/uploads\/2018\/03\/14524434_1106112876131411_958039263622046936_o.jpg?resize=350%2C200&ssl=1","width":350,"height":200,"srcset":"https:\/\/i0.wp.com\/www.grieta.org.mx\/wp-content\/uploads\/2018\/03\/14524434_1106112876131411_958039263622046936_o.jpg?resize=350%2C200&ssl=1 1x, https:\/\/i0.wp.com\/www.grieta.org.mx\/wp-content\/uploads\/2018\/03\/14524434_1106112876131411_958039263622046936_o.jpg?resize=525%2C300&ssl=1 1.5x, https:\/\/i0.wp.com\/www.grieta.org.mx\/wp-content\/uploads\/2018\/03\/14524434_1106112876131411_958039263622046936_o.jpg?resize=700%2C400&ssl=1 2x"},"classes":[]},{"id":71787,"url":"https:\/\/www.grieta.org.mx\/index.php\/2025\/06\/05\/denunciamos-tortura-y-agresiones-sexuales-en-contra-de-integrantes-de-la-comunidad-indigena-nhonho-otomi-de-santiago-mexquititlan-queretaro\/","url_meta":{"origin":53647,"position":5},"title":"DENUNCIAMOS TORTURA Y AGRESIONES SEXUALES EN CONTRA DE INTEGRANTES DE LA COMUNIDAD IND\u00cdGENA \u00d1H\u00d6\u00d1H\u00d6 (OTOM\u00cd) DE SANTIAGO MEXQUITITL\u00c1N, QUER\u00c9TARO.","author":"grieta","date":"5 junio, 2025","format":false,"excerpt":"DENUNCIAMOS TORTURA Y AGRESIONES SEXUALES EN CONTRA DE INTEGRANTES DE LA COMUNIDAD IND\u00cdGENA \u00d1H\u00d6\u00d1H\u00d6 (OTOM\u00cd) DE SANTIAGO MEXQUITITL\u00c1N, QUER\u00c9TARO. A nuestras hermanas y hermanos del pueblo \u00f1h\u00f6\u00f1h\u00f6 (otom\u00ed) de Santiago Mexquititl\u00e1n, Quer\u00e9taro: Al Concejo Ind\u00edgena de Gobierno de Santiago Mexquititl\u00e1n: A los pueblos de M\u00e9xico y del mundo, A los\u2026","rel":"","context":"En &quot;CINTILLO&quot;","block_context":{"text":"CINTILLO","link":"https:\/\/www.grieta.org.mx\/index.php\/category\/cintillo\/"},"img":{"alt_text":"","src":"https:\/\/i0.wp.com\/www.grieta.org.mx\/wp-content\/uploads\/2025\/06\/CINTILLO_PROP.jpg?resize=350%2C200&ssl=1","width":350,"height":200,"srcset":"https:\/\/i0.wp.com\/www.grieta.org.mx\/wp-content\/uploads\/2025\/06\/CINTILLO_PROP.jpg?resize=350%2C200&ssl=1 1x, https:\/\/i0.wp.com\/www.grieta.org.mx\/wp-content\/uploads\/2025\/06\/CINTILLO_PROP.jpg?resize=525%2C300&ssl=1 1.5x, https:\/\/i0.wp.com\/www.grieta.org.mx\/wp-content\/uploads\/2025\/06\/CINTILLO_PROP.jpg?resize=700%2C400&ssl=1 2x"},"classes":[]}],"_links":{"self":[{"href":"https:\/\/www.grieta.org.mx\/index.php\/wp-json\/wp\/v2\/posts\/53647","targetHints":{"allow":["GET"]}}],"collection":[{"href":"https:\/\/www.grieta.org.mx\/index.php\/wp-json\/wp\/v2\/posts"}],"about":[{"href":"https:\/\/www.grieta.org.mx\/index.php\/wp-json\/wp\/v2\/types\/post"}],"author":[{"embeddable":true,"href":"https:\/\/www.grieta.org.mx\/index.php\/wp-json\/wp\/v2\/users\/2"}],"replies":[{"embeddable":true,"href":"https:\/\/www.grieta.org.mx\/index.php\/wp-json\/wp\/v2\/comments?post=53647"}],"version-history":[{"count":1,"href":"https:\/\/www.grieta.org.mx\/index.php\/wp-json\/wp\/v2\/posts\/53647\/revisions"}],"predecessor-version":[{"id":53650,"href":"https:\/\/www.grieta.org.mx\/index.php\/wp-json\/wp\/v2\/posts\/53647\/revisions\/53650"}],"wp:featuredmedia":[{"embeddable":true,"href":"https:\/\/www.grieta.org.mx\/index.php\/wp-json\/wp\/v2\/media\/53648"}],"wp:attachment":[{"href":"https:\/\/www.grieta.org.mx\/index.php\/wp-json\/wp\/v2\/media?parent=53647"}],"wp:term":[{"taxonomy":"category","embeddable":true,"href":"https:\/\/www.grieta.org.mx\/index.php\/wp-json\/wp\/v2\/categories?post=53647"},{"taxonomy":"post_tag","embeddable":true,"href":"https:\/\/www.grieta.org.mx\/index.php\/wp-json\/wp\/v2\/tags?post=53647"}],"curies":[{"name":"wp","href":"https:\/\/api.w.org\/{rel}","templated":true}]}}