{"id":53630,"date":"2020-09-19T13:36:05","date_gmt":"2020-09-19T18:36:05","guid":{"rendered":"http:\/\/www.grieta.org.mx\/?p=53630"},"modified":"2020-09-20T14:01:42","modified_gmt":"2020-09-20T19:01:42","slug":"a-3-anos-del-19s-apenas-se-avanza-y-no-hay-empresas-sancionadas-acusan-damnificados-en-la-cdmx","status":"publish","type":"post","link":"https:\/\/www.grieta.org.mx\/index.php\/2020\/09\/19\/a-3-anos-del-19s-apenas-se-avanza-y-no-hay-empresas-sancionadas-acusan-damnificados-en-la-cdmx\/","title":{"rendered":"A 3 a\u00f1os del 19S apenas se avanza y no hay empresas sancionadas, acusan damnificados en la CdMx"},"content":{"rendered":"<p><img loading=\"lazy\" decoding=\"async\" data-attachment-id=\"53631\" data-permalink=\"https:\/\/www.grieta.org.mx\/index.php\/2020\/09\/19\/a-3-anos-del-19s-apenas-se-avanza-y-no-hay-empresas-sancionadas-acusan-damnificados-en-la-cdmx\/a-3-anos-del-19s-apenas-se-avanza-y-no-hay-empresas-sancionadas-acusan-damnificados-en-la-cdmx\/\" data-orig-file=\"https:\/\/www.grieta.org.mx\/wp-content\/uploads\/2020\/09\/A-3-anos-del-19S-apenas-se-avanza-y-no-hay-empresas-sancionadas-acusan-damnificados-en-la-CdMx.jpg\" data-orig-size=\"1100,580\" data-comments-opened=\"0\" data-image-meta=\"{&quot;aperture&quot;:&quot;0&quot;,&quot;credit&quot;:&quot;&quot;,&quot;camera&quot;:&quot;&quot;,&quot;caption&quot;:&quot;&quot;,&quot;created_timestamp&quot;:&quot;0&quot;,&quot;copyright&quot;:&quot;&quot;,&quot;focal_length&quot;:&quot;0&quot;,&quot;iso&quot;:&quot;0&quot;,&quot;shutter_speed&quot;:&quot;0&quot;,&quot;title&quot;:&quot;&quot;,&quot;orientation&quot;:&quot;0&quot;}\" data-image-title=\"A 3 a\u00f1os del 19S apenas se avanza y no hay empresas sancionadas, acusan damnificados en la CdMx\" data-image-description=\"\" data-image-caption=\"\" data-medium-file=\"https:\/\/www.grieta.org.mx\/wp-content\/uploads\/2020\/09\/A-3-anos-del-19S-apenas-se-avanza-y-no-hay-empresas-sancionadas-acusan-damnificados-en-la-CdMx-300x158.jpg\" data-large-file=\"https:\/\/www.grieta.org.mx\/wp-content\/uploads\/2020\/09\/A-3-anos-del-19S-apenas-se-avanza-y-no-hay-empresas-sancionadas-acusan-damnificados-en-la-CdMx-1024x540.jpg\" class=\"alignnone  wp-image-53631\" src=\"http:\/\/www.grieta.org.mx\/wp-content\/uploads\/2020\/09\/A-3-anos-del-19S-apenas-se-avanza-y-no-hay-empresas-sancionadas-acusan-damnificados-en-la-CdMx.jpg\" alt=\"\" width=\"610\" height=\"322\" srcset=\"https:\/\/www.grieta.org.mx\/wp-content\/uploads\/2020\/09\/A-3-anos-del-19S-apenas-se-avanza-y-no-hay-empresas-sancionadas-acusan-damnificados-en-la-CdMx.jpg 1100w, https:\/\/www.grieta.org.mx\/wp-content\/uploads\/2020\/09\/A-3-anos-del-19S-apenas-se-avanza-y-no-hay-empresas-sancionadas-acusan-damnificados-en-la-CdMx-300x158.jpg 300w, https:\/\/www.grieta.org.mx\/wp-content\/uploads\/2020\/09\/A-3-anos-del-19S-apenas-se-avanza-y-no-hay-empresas-sancionadas-acusan-damnificados-en-la-CdMx-1024x540.jpg 1024w, https:\/\/www.grieta.org.mx\/wp-content\/uploads\/2020\/09\/A-3-anos-del-19S-apenas-se-avanza-y-no-hay-empresas-sancionadas-acusan-damnificados-en-la-CdMx-768x405.jpg 768w, https:\/\/www.grieta.org.mx\/wp-content\/uploads\/2020\/09\/A-3-anos-del-19S-apenas-se-avanza-y-no-hay-empresas-sancionadas-acusan-damnificados-en-la-CdMx-948x500.jpg 948w\" sizes=\"auto, (max-width: 610px) 100vw, 610px\" \/><\/p>\n<p>Imagen: sinembargo.mx<\/p>\n<p>Dulce Olvera \/ SinEmbargo<\/p>\n<h3>A tres a\u00f1os del terremoto del 19S, la Comisi\u00f3n para la Reconstrucci\u00f3n solo ha entregado 86 de 370 viviendas multifamiliares y 2 mil 260 de 7 mil 294 unifamiliares, de acuerdo con su \u00faltima actualizaci\u00f3n. Hartos de la lentitud en las obras y en la sanci\u00f3n a 12 empresas bajo investigaci\u00f3n, damnificados protestan este s\u00e1bado para exigir la salida del Comisionado C\u00e9sar Cravioto y que la Jefa de Gobierno Claudia Sheinbaum retome las mesas de di\u00e1logo.<\/h3>\n<p>Ciudad de M\u00e9xico, 19 de septiembre (SinEmbargo).\u2013\u00a0\u201cNo fue el <strong>sismo<\/strong>, fue la <strong>mala construcci\u00f3n<\/strong>\u201c, acusa una lona colgada en el edificio ubicado en <strong>Tlalpan 550<\/strong>, al sur de la Ciudad de M\u00e9xico, a <strong>tres a\u00f1os del temblor de septiembre de 2017<\/strong>. Las <strong>390 familias<\/strong> que habitaban el inmueble, con menos de diez a\u00f1os de antig\u00fcedad, exigen un proyecto integral para iniciar la\u00a0<strong>rehabilitaci\u00f3n <\/strong>por parte de Mexpresa, sanci\u00f3n a los responsables y cancelaci\u00f3n de hipotecas. La constructora se\u00f1alada <strong>Arquitectoma<\/strong>, que se autodescribe como\u00a0una de las inmobiliarias m\u00e1s respetadas del pa\u00eds por la calidad y la atenci\u00f3n, es<strong>investigada <\/strong>por la Fiscal\u00eda General de Justicia de la Ciudad de M\u00e9xico.<\/p>\n<blockquote><p>\u201cEspecialistas que vieron el edificio desde octubre de 2017 nos comentaron que no fue el sismo, sino la mala construcci\u00f3n. Un dictamen lo demostr\u00f3\u201d, dijo la habitante Ver\u00f3nica. En el Gobierno local anterior les dieron 117 millones de pesos, pero dos vecinos administradores del inmueble, ya denunciados, cometieron fraude ante la falta de transparencia. El Comisionado para la Reconstrucci\u00f3n actual, <strong>C\u00e9sar Cravioto Romero<\/strong>, fue informado sobre la serie de irregularidades, \u201cpero es una persona muy soberbia, poco profesional, poco emp\u00e1tico, nos da el avi\u00f3n y ha dejado mucho qu\u00e9 desear\u201d, coment\u00f3.<\/p><\/blockquote>\n<p>La semana pasada, hartos de la lentitud, unos 50 vecinos bloquearon la avenida para que les asignen presupuesto y les notifiquen los avances. No fue la primera protesta. \u201cLa gente ya est\u00e1 desesperada queriendo ver resultados. Si todos estamos padeciendo, hay muchos que lo padecen m\u00e1s por enfermedades y hay quienes ya fallecieron.\u00a0Hay muchos pendientes t\u00e9cnicos, jur\u00eddicos, financieros y administrativos. Estamos sin un proyecto integral, sin transparencia y pagando hipotecas; ahorita ya hay embargos\u201d, expuso.<\/p>\n<p><img loading=\"lazy\" decoding=\"async\" data-attachment-id=\"53632\" data-permalink=\"https:\/\/www.grieta.org.mx\/index.php\/2020\/09\/19\/a-3-anos-del-19s-apenas-se-avanza-y-no-hay-empresas-sancionadas-acusan-damnificados-en-la-cdmx\/tlalpan-550\/\" data-orig-file=\"https:\/\/www.grieta.org.mx\/wp-content\/uploads\/2020\/09\/tlalpan-550.jpg\" data-orig-size=\"700,523\" data-comments-opened=\"0\" data-image-meta=\"{&quot;aperture&quot;:&quot;0&quot;,&quot;credit&quot;:&quot;&quot;,&quot;camera&quot;:&quot;&quot;,&quot;caption&quot;:&quot;&quot;,&quot;created_timestamp&quot;:&quot;0&quot;,&quot;copyright&quot;:&quot;&quot;,&quot;focal_length&quot;:&quot;0&quot;,&quot;iso&quot;:&quot;0&quot;,&quot;shutter_speed&quot;:&quot;0&quot;,&quot;title&quot;:&quot;&quot;,&quot;orientation&quot;:&quot;0&quot;}\" data-image-title=\"tlalpan-550\" data-image-description=\"\" data-image-caption=\"\" data-medium-file=\"https:\/\/www.grieta.org.mx\/wp-content\/uploads\/2020\/09\/tlalpan-550-300x224.jpg\" data-large-file=\"https:\/\/www.grieta.org.mx\/wp-content\/uploads\/2020\/09\/tlalpan-550.jpg\" class=\"alignnone  wp-image-53632\" src=\"http:\/\/www.grieta.org.mx\/wp-content\/uploads\/2020\/09\/tlalpan-550.jpg\" alt=\"\" width=\"604\" height=\"451\" srcset=\"https:\/\/www.grieta.org.mx\/wp-content\/uploads\/2020\/09\/tlalpan-550.jpg 700w, https:\/\/www.grieta.org.mx\/wp-content\/uploads\/2020\/09\/tlalpan-550-300x224.jpg 300w, https:\/\/www.grieta.org.mx\/wp-content\/uploads\/2020\/09\/tlalpan-550-669x500.jpg 669w\" sizes=\"auto, (max-width: 604px) 100vw, 604px\" \/><\/p>\n<h6>Lonas colgadas en el edificio Tlalpan 550, al sur de la Ciudad de M\u00e9xico. Foto: Facebook Tlalpan 550.<\/h6>\n<p>Este mediod\u00eda, el colectivo Damnificados Unidos program\u00f3 una misa en el Multifamiliar Tlalpan, donde a\u00fan hay seis familias en dos campamentos, en memoria de las m\u00e1s de 300 v\u00edctimas del terremoto que golpe\u00f3 al Valle de M\u00e9xico, Morelos, Puebla, Guerrero y Oaxaca, as\u00ed como para los que han muerto en espera, incluyendo 11 personas por la COVID-19. Luego de un minuto de silencio, marchar\u00e1n hacia el Z\u00f3calo capitalino para reiterar su petici\u00f3n que han manifestado durante meses de retrasos y abusos de empresas: volver a casa, ahora en medio de una pandemia, a trav\u00e9s de una reconstrucci\u00f3n que no implique endeudamiento a los vecinos ni ser \u201cbot\u00edn del c\u00e1rtel inmobiliario\u201d.<\/p>\n<p>Tambi\u00e9n exigen la destituci\u00f3n del Comisionado C\u00e9sar Cravioto, quien en 2018 prometi\u00f3 concluir en dos a\u00f1os, y que la Jefa de Gobierno Claudia Sheinbaum Pardo retome las reuniones suspendidas desde marzo para que los siga informando de manera transparente.<\/p>\n<p>La Fiscal\u00eda General de Justicia de la Ciudad de M\u00e9xico ha iniciado las investigaciones a las empresas que construyeron los inmuebles en Tlalpan 550 (Arquitectoma), Insurgentes Norte 1260 (Dekah Inmobiliaria) y Zapata 56 (Canad\u00e1 Building), donde murieron dos personas, los cuales tuvieron afectaciones por el sismo por procesos constructivos \u201cque se hicieron de manera irregular o poco eficiente\u201d, de acuerdo con la Comisi\u00f3n para la Reconstrucci\u00f3n.<\/p>\n<blockquote><p>\u201cTodos los procesos de rehabilitaci\u00f3n y reconstrucci\u00f3n tendr\u00edan que ser auditados y fiscalizados al tratarse de recursos p\u00fablicos. Pero lo que es dram\u00e1tico es que incluso las empresas que reconocen que hay que sancionar no lo hacen. Apenas se interpusieron las denuncias ante el Tribunal Superior de Justicia Administrativa. Pero el presidente del Tribunal nos confes\u00f3 que de los 15 expedientes, solo le han llegado 11, porque hay cuatro que la Comisi\u00f3n no ha terminado de solventar\u201d, afirm\u00f3 Israel Ballesteros, del colectivo Damnificados Unidos CDMX. \u201cPero ninguna de las 15 carpetas ha sido dictaminada por los magistrados, es decir, el Tribunal no ha determinado que est\u00e1n sustentadas para iniciar el procedimiento. A eso lo llamamos simulaci\u00f3n. No tienen mano dura sobre empresas que claramente han cometido irregularidades\u201d, lament\u00f3.<\/p><\/blockquote>\n<p><img loading=\"lazy\" decoding=\"async\" data-attachment-id=\"53633\" data-permalink=\"https:\/\/www.grieta.org.mx\/index.php\/2020\/09\/19\/a-3-anos-del-19s-apenas-se-avanza-y-no-hay-empresas-sancionadas-acusan-damnificados-en-la-cdmx\/edificio-insurgentes\/\" data-orig-file=\"https:\/\/www.grieta.org.mx\/wp-content\/uploads\/2020\/09\/edificio-insurgentes.jpg\" data-orig-size=\"700,466\" data-comments-opened=\"0\" data-image-meta=\"{&quot;aperture&quot;:&quot;0&quot;,&quot;credit&quot;:&quot;&quot;,&quot;camera&quot;:&quot;&quot;,&quot;caption&quot;:&quot;&quot;,&quot;created_timestamp&quot;:&quot;0&quot;,&quot;copyright&quot;:&quot;&quot;,&quot;focal_length&quot;:&quot;0&quot;,&quot;iso&quot;:&quot;0&quot;,&quot;shutter_speed&quot;:&quot;0&quot;,&quot;title&quot;:&quot;&quot;,&quot;orientation&quot;:&quot;0&quot;}\" data-image-title=\"edificio-insurgentes\" data-image-description=\"\" data-image-caption=\"\" data-medium-file=\"https:\/\/www.grieta.org.mx\/wp-content\/uploads\/2020\/09\/edificio-insurgentes-300x200.jpg\" data-large-file=\"https:\/\/www.grieta.org.mx\/wp-content\/uploads\/2020\/09\/edificio-insurgentes.jpg\" class=\"alignnone  wp-image-53633\" src=\"http:\/\/www.grieta.org.mx\/wp-content\/uploads\/2020\/09\/edificio-insurgentes.jpg\" alt=\"\" width=\"605\" height=\"403\" srcset=\"https:\/\/www.grieta.org.mx\/wp-content\/uploads\/2020\/09\/edificio-insurgentes.jpg 700w, https:\/\/www.grieta.org.mx\/wp-content\/uploads\/2020\/09\/edificio-insurgentes-300x200.jpg 300w\" sizes=\"auto, (max-width: 605px) 100vw, 605px\" \/><\/p>\n<h6>El edificio en Insurgentes 1260 no ten\u00eda m\u00e1s de dos a\u00f1os de antig\u00fcedad y result\u00f3 afectado por el sismo del 19S. Foto: Damnificados Unidos CDMX.<\/h6>\n<p>Por su parte, la Secretar\u00eda de la Contralor\u00eda General trabaja en la investigaci\u00f3n a compa\u00f1\u00edas que han participado de manera negligente en el proceso de rehabilitaci\u00f3n o reconstrucci\u00f3n de Tlalpan 550, Multifamiliar Tlalpan (DPE, Soluciones Integrales, REM, GAPSA, sin considerar a CAS), R\u00edo Lerma 45, Coquimbo 909, Aluminio 166 (Dise\u00f1o Arquitect\u00f3nico y Construcciones), Vicente Su\u00e1rez 123 e Insurgentes Norte 476 (Darmi, tambi\u00e9n denunciada por fallas en Rinc\u00f3n del Sur 15).<\/p>\n<div class=\"ad_center ad-in-content\"><\/div>\n<blockquote><p>Yukari, damnificada del edificio Insurgentes 476 donde habitaban 28 familias, dijo que deb\u00edan haber regresado desde verano del a\u00f1o pasado, pero Darmi les entreg\u00f3 sin funcionar el elevador, dej\u00f3 da\u00f1os en pisos, puertas, electricidad, as\u00ed como fallas estructurales y hubo sobrecostos. El inmueble tiene siete pisos y, en el \u00faltimo, viven dos personas en silla de ruedas y otra con discapacidad. La Comisi\u00f3n para la Reconstrucci\u00f3n, para \u201cpresionar\u201d y que acepten regresar pese a las irregularidades, les retir\u00f3 el apoyo de renta de 4 mil pesos mensuales y ahora cargan doble presi\u00f3n por los caseros. Damnificados de la alcald\u00eda Benito Ju\u00e1rez, Coyoac\u00e1n y Cuauht\u00e9moc acusaron lo mismo: ya no reciben el apoyo y deben negociar con los arrendatarios.<\/p><\/blockquote>\n<p>\u201cEstamos angustiados porque se nos van acumulando las rentas. Pero nosotros nos negamos a regresar. Derivado del sismo reciente de junio de este a\u00f1o, salieron m\u00e1s vicios ocultos como grietas en la fachada y una columna se cuarte\u00f3. El Comisionado dijo que ya no se puede liberar m\u00e1s recursos. Nosotros solo queremos que nos den la certeza sobre los vicios en la reconstrucci\u00f3n\u201d, afirm\u00f3 la vecina. Sin embargo, la constructora Darmi sigue sin ser sancionada.<\/p>\n<p><strong>AVANCES Y RETRASOS EN RECONSTRUCCI\u00d3N<\/strong><\/p>\n<p>En los dos a\u00f1os de Gobierno de Claudia Sheinbaum Pardo, la Comisi\u00f3n para la Reconstrucci\u00f3n ha entregado m\u00e1s de 5 mil viviendas reconstruidas o rehabilitadas. Este a\u00f1o se invirti\u00f3 poco m\u00e1s de 3 mil 500 millones de pesos para reconstrucci\u00f3n y rehabilitaci\u00f3n, la cual no par\u00f3 en su totalidad pese a la COVID-19.<\/p>\n<p>Al \u00faltimo corte de avances al 31 de julio, actualizado en el portal solo por la presi\u00f3n de Damnificados Unidos CDMX, de 370 inmuebles de <strong>vivienda multifamiliar <\/strong>pendientes, van 196 intervenidos (52 por ciento), 86 entregados y se iniciaron obras de rehabilitaci\u00f3n o reconstrucci\u00f3n en 31 para los dos \u00faltimos meses.<\/p>\n<blockquote><p>\u201cEs un baj\u00edsimo \u00edndice de viviendas entregadas. Es penoso y grave que hayan tenido que esperar a nuestra denuncia desde junio para actualizar la informaci\u00f3n y han avanzado solo porque pedimos la destituci\u00f3n del Comisionado Cravioto\u201d, dijo Israel Ballesteros, del colectivo Damnificados Unidos CDMX. \u201cEs un avance solo de 24 por ciento en entregas y de las ocho unidades habitacionales (104 edificios) no han entregado ninguna y solo han empezado obras en 14 edificios\u201d.<\/p><\/blockquote>\n<p><img loading=\"lazy\" decoding=\"async\" data-attachment-id=\"53634\" data-permalink=\"https:\/\/www.grieta.org.mx\/index.php\/2020\/09\/19\/a-3-anos-del-19s-apenas-se-avanza-y-no-hay-empresas-sancionadas-acusan-damnificados-en-la-cdmx\/multi-campamento\/\" data-orig-file=\"https:\/\/www.grieta.org.mx\/wp-content\/uploads\/2020\/09\/multi-campamento.jpg\" data-orig-size=\"700,467\" data-comments-opened=\"0\" data-image-meta=\"{&quot;aperture&quot;:&quot;0&quot;,&quot;credit&quot;:&quot;&quot;,&quot;camera&quot;:&quot;&quot;,&quot;caption&quot;:&quot;&quot;,&quot;created_timestamp&quot;:&quot;0&quot;,&quot;copyright&quot;:&quot;&quot;,&quot;focal_length&quot;:&quot;0&quot;,&quot;iso&quot;:&quot;0&quot;,&quot;shutter_speed&quot;:&quot;0&quot;,&quot;title&quot;:&quot;&quot;,&quot;orientation&quot;:&quot;0&quot;}\" data-image-title=\"multi-campamento\" data-image-description=\"\" data-image-caption=\"\" data-medium-file=\"https:\/\/www.grieta.org.mx\/wp-content\/uploads\/2020\/09\/multi-campamento-300x200.jpg\" data-large-file=\"https:\/\/www.grieta.org.mx\/wp-content\/uploads\/2020\/09\/multi-campamento.jpg\" class=\"alignnone  wp-image-53634\" src=\"http:\/\/www.grieta.org.mx\/wp-content\/uploads\/2020\/09\/multi-campamento.jpg\" alt=\"\" width=\"603\" height=\"402\" srcset=\"https:\/\/www.grieta.org.mx\/wp-content\/uploads\/2020\/09\/multi-campamento.jpg 700w, https:\/\/www.grieta.org.mx\/wp-content\/uploads\/2020\/09\/multi-campamento-300x200.jpg 300w\" sizes=\"auto, (max-width: 603px) 100vw, 603px\" \/><\/p>\n<h6>A septiembre de 2020, siguen dos campamentos de familias en el Multifamiliar Tlalpan. Foto: Cuartoscuro.<\/h6>\n<p>Entre agosto y septiembre, la Comisi\u00f3n se compromete a entregar 21 multifamiliares de la Ciudad de M\u00e9xico. Sin embargo, el edificio seminuevo da\u00f1ado en Avenida Insurgentes Norte 1260, en la Alcald\u00eda Gustavo A. Madero, iba a ser entregado en julio, por lo que 165 familias siguen esperando. El pasado s\u00e1bado 12 de septiembre, los vecinos bloquearon la v\u00eda para protestar por el retraso de la empresa Demesa. Ese mismo d\u00eda, la Jefa de Gobierno, Claudia Sheinbaum y el Comisionado C\u00e9sar Cravioto entregaron reconstruido a 24 familias el edificio de Rancho del Arco 32, en Alcald\u00eda Coyoac\u00e1n.<\/p>\n<p>Para el \u00faltimo trimestre de este a\u00f1o, se promete entregar 31 inmuebles multifamiliares en las alcald\u00edas Benito Ju\u00e1rez, Venustiano Carranza, Cuauht\u00e9moc, Tlalpan, Coyoac\u00e1n y Miguel Hidalgo.<\/p>\n<p>Respecto a las <strong>viviendas unifamiliares<\/strong>, de 7 mil 294 activas, van 2 mil 260 terminadas (30 por ciento) y 3 mil 305 en proceso de obra (45 por ciento).<\/p>\n<blockquote><p>\u201cUn 30 por ciento a tres a\u00f1os de distancia es muy poco, sobre todo porque en septiembre de 2018 el Comisionado dijo que se tardar\u00eda dos a\u00f1os en terminar la reconstrucci\u00f3n. De las m\u00e1s de 7 mil unifamiliares censadas, reconocen que en 330 a\u00fan no saben si ser\u00e1n rehabilitadas, reconstruidas o reubicadas. A tres a\u00f1os de distancia, ni siquiera tienen un estudio; no saben con certeza el estado\u201d, lament\u00f3 Ballesteros, daminificado del Multifamiliar Tlalpan que ya pudo regresar a su edificio 3B, donde el departamento 210 sigue sin concluirse y la habitante no recibe el apoyo para renta desde febrero.<\/p><\/blockquote>\n<p><img loading=\"lazy\" decoding=\"async\" data-attachment-id=\"53635\" data-permalink=\"https:\/\/www.grieta.org.mx\/index.php\/2020\/09\/19\/a-3-anos-del-19s-apenas-se-avanza-y-no-hay-empresas-sancionadas-acusan-damnificados-en-la-cdmx\/protesta-damnificados\/\" data-orig-file=\"https:\/\/www.grieta.org.mx\/wp-content\/uploads\/2020\/09\/protesta-damnificados.jpg\" data-orig-size=\"700,467\" data-comments-opened=\"0\" data-image-meta=\"{&quot;aperture&quot;:&quot;0&quot;,&quot;credit&quot;:&quot;&quot;,&quot;camera&quot;:&quot;&quot;,&quot;caption&quot;:&quot;&quot;,&quot;created_timestamp&quot;:&quot;0&quot;,&quot;copyright&quot;:&quot;&quot;,&quot;focal_length&quot;:&quot;0&quot;,&quot;iso&quot;:&quot;0&quot;,&quot;shutter_speed&quot;:&quot;0&quot;,&quot;title&quot;:&quot;&quot;,&quot;orientation&quot;:&quot;0&quot;}\" data-image-title=\"protesta-damnificados\" data-image-description=\"\" data-image-caption=\"\" data-medium-file=\"https:\/\/www.grieta.org.mx\/wp-content\/uploads\/2020\/09\/protesta-damnificados-300x200.jpg\" data-large-file=\"https:\/\/www.grieta.org.mx\/wp-content\/uploads\/2020\/09\/protesta-damnificados.jpg\" class=\"alignnone  wp-image-53635\" src=\"http:\/\/www.grieta.org.mx\/wp-content\/uploads\/2020\/09\/protesta-damnificados.jpg\" alt=\"\" width=\"613\" height=\"409\" srcset=\"https:\/\/www.grieta.org.mx\/wp-content\/uploads\/2020\/09\/protesta-damnificados.jpg 700w, https:\/\/www.grieta.org.mx\/wp-content\/uploads\/2020\/09\/protesta-damnificados-300x200.jpg 300w\" sizes=\"auto, (max-width: 613px) 100vw, 613px\" \/><\/p>\n<h6>Protesta de damnificados del 19S en julio de este a\u00f1o. Foto: Cuartoscuro.<\/h6>\n<p>En tanto, se ha avanzado en el 74 por ciento de las demoliciones necesarias (nueve est\u00e1n en proceso y faltan siete). En 17 inmuebles, al no poder acreditar propiedad o leg\u00edtima posesi\u00f3n, se opt\u00f3 por la v\u00eda de la expropiaci\u00f3n para que el Gobierno de la Ciudad de M\u00e9xico lo regule y restituya. Es el caso de Coquimbo 911, Zapata 56, Dr. Lucio 103, entre otros. Asimismo, familias de 314 inmuebles ser\u00e1n reubicadas a un predio en la Alcald\u00eda Tl\u00e1huac.<\/p>\n<p>Sin embargo, el colectivo Damnificados Unidos tiene recelo frente a las cifras de avances, porque antes de su actualizaci\u00f3n se manejaban otros n\u00fameros tanto de viviendas multifamiliares como de unifamiliares censadas. \u201c\u00bfC\u00f3mo dejaron de ser viviendas afectadas si lo eran en 2019? Est\u00e1n simulando avances, porque la manera en como incrementan el porcentaje es borrando viviendas en el portal para la reconstrucci\u00f3n\u201d, consider\u00f3 Ballesteros.<\/p>\n<p><a href=\"https:\/\/www.sinembargo.mx\/19-09-2020\/3861022\" target=\"_blank\" rel=\"noopener noreferrer\">https:\/\/www.sinembargo.mx\/19-09-2020\/3861022<\/a><\/p>\n<p>&nbsp;<\/p>\n","protected":false},"excerpt":{"rendered":"<p>Imagen: sinembargo.mx Dulce Olvera \/ SinEmbargo A tres a\u00f1os del terremoto del 19S, la Comisi\u00f3n para la Reconstrucci\u00f3n solo ha entregado 86 de 370 viviendas multifamiliares y 2 mil 260 &hellip; <a href=\"https:\/\/www.grieta.org.mx\/index.php\/2020\/09\/19\/a-3-anos-del-19s-apenas-se-avanza-y-no-hay-empresas-sancionadas-acusan-damnificados-en-la-cdmx\/\" class=\"more-link\">Leer m\u00e1s<\/a><\/p>\n","protected":false},"author":2,"featured_media":53631,"comment_status":"closed","ping_status":"closed","sticky":false,"template":"","format":"standard","meta":{"ngg_post_thumbnail":0,"_jetpack_newsletter_access":"","_jetpack_dont_email_post_to_subs":false,"_jetpack_newsletter_tier_id":0,"_jetpack_memberships_contains_paywalled_content":false,"_jetpack_memberships_contains_paid_content":false,"footnotes":""},"categories":[80,14,3295,1026,1742,2065,2],"tags":[3366,1028,1362],"class_list":["post-53630","post","type-post","status-publish","format-standard","has-post-thumbnail","hentry","category-cintillo","category-ciudad-de-mexico","category-covid-19-en-ciudad-de-mexico","category-damnificados-por-el-sismo-del-19-de-septiembre","category-damnificados-y-reconstruccion-en-la-ciudad-de-mexico","category-movilizaciones-y-protestas-de-habitantes-de-la-ciudad-de-mexico","category-noticias-nacionales","tag-covd-19","tag-damnificados","tag-movilizaciones-de-damnificados","entry"],"jetpack_featured_media_url":"https:\/\/www.grieta.org.mx\/wp-content\/uploads\/2020\/09\/A-3-anos-del-19S-apenas-se-avanza-y-no-hay-empresas-sancionadas-acusan-damnificados-en-la-CdMx.jpg","jetpack_sharing_enabled":true,"jetpack_shortlink":"https:\/\/wp.me\/p7ZJR4-dX0","jetpack_likes_enabled":false,"jetpack-related-posts":[{"id":27175,"url":"https:\/\/www.grieta.org.mx\/index.php\/2018\/09\/22\/damnificados-del-edificio-centauro-perdieron-sus-escrituras-el-19s-y-no-saben-si-recuperaran-su-hogar\/","url_meta":{"origin":53630,"position":0},"title":"Damnificados del edificio Centauro perdieron sus escrituras el 19S y no saben si recuperar\u00e1n su hogar","author":"grieta","date":"22 septiembre, 2018","format":false,"excerpt":"","rel":"","context":"En &quot;CINTILLO&quot;","block_context":{"text":"CINTILLO","link":"https:\/\/www.grieta.org.mx\/index.php\/category\/cintillo\/"},"img":{"alt_text":"","src":"https:\/\/i0.wp.com\/www.grieta.org.mx\/wp-content\/uploads\/2018\/10\/Demolicion_Edificio_Osa_Mayor-5-e1537582336854-960x500.jpg?resize=350%2C200&ssl=1","width":350,"height":200,"srcset":"https:\/\/i0.wp.com\/www.grieta.org.mx\/wp-content\/uploads\/2018\/10\/Demolicion_Edificio_Osa_Mayor-5-e1537582336854-960x500.jpg?resize=350%2C200&ssl=1 1x, https:\/\/i0.wp.com\/www.grieta.org.mx\/wp-content\/uploads\/2018\/10\/Demolicion_Edificio_Osa_Mayor-5-e1537582336854-960x500.jpg?resize=525%2C300&ssl=1 1.5x, https:\/\/i0.wp.com\/www.grieta.org.mx\/wp-content\/uploads\/2018\/10\/Demolicion_Edificio_Osa_Mayor-5-e1537582336854-960x500.jpg?resize=700%2C400&ssl=1 2x"},"classes":[]},{"id":35785,"url":"https:\/\/www.grieta.org.mx\/index.php\/2019\/07\/02\/deben-aparecer-3-mil-mdp-de-donaciones-damnificados-unidos-de-la-cdmx\/","url_meta":{"origin":53630,"position":1},"title":"Deben aparecer 3 mil mdp de donaciones: Damnificados Unidos de la CDMX","author":"grieta","date":"2 julio, 2019","format":false,"excerpt":"Redacci\u00f3n\/ PROCESO CIUDAD DE M\u00c9XICO (apro).- La organizaci\u00f3n ciudadana Damnificados Unidos de la Ciudad de M\u00e9xico exigi\u00f3 castigar a funcionarios del gobierno de Miguel \u00c1ngel Mancera y de Claudia Sheinbaum \u201cque propiciaron la opacidad\u201d de las donaciones nacionales e internacionales para atender la emergencia de los sismos del 7 y\u2026","rel":"","context":"En &quot;CINTILLO&quot;","block_context":{"text":"CINTILLO","link":"https:\/\/www.grieta.org.mx\/index.php\/category\/cintillo\/"},"img":{"alt_text":"","src":"https:\/\/i0.wp.com\/www.grieta.org.mx\/wp-content\/uploads\/2019\/07\/Damnificados.jpg?resize=350%2C200&ssl=1","width":350,"height":200,"srcset":"https:\/\/i0.wp.com\/www.grieta.org.mx\/wp-content\/uploads\/2019\/07\/Damnificados.jpg?resize=350%2C200&ssl=1 1x, https:\/\/i0.wp.com\/www.grieta.org.mx\/wp-content\/uploads\/2019\/07\/Damnificados.jpg?resize=525%2C300&ssl=1 1.5x, https:\/\/i0.wp.com\/www.grieta.org.mx\/wp-content\/uploads\/2019\/07\/Damnificados.jpg?resize=700%2C400&ssl=1 2x, https:\/\/i0.wp.com\/www.grieta.org.mx\/wp-content\/uploads\/2019\/07\/Damnificados.jpg?resize=1050%2C600&ssl=1 3x"},"classes":[]},{"id":66778,"url":"https:\/\/www.grieta.org.mx\/index.php\/2023\/04\/10\/damnificados-del-19s-denuncian-caos-en-el-invi-para-la-reconstruccion-de-sus-edificios-cdmx\/","url_meta":{"origin":53630,"position":2},"title":"Damnificados del 19S denuncian caos en el Invi para la reconstrucci\u00f3n de sus edificios (CDMX)","author":"grieta","date":"10 abril, 2023","format":false,"excerpt":"Marcha de Damnificados a un a\u00f1o del sismo 19S, para exigir a las autoridades la reconstrucci\u00f3n de sus viviendas. El 19-09-2018. Foto: Germ\u00e1n Canseco Sara Pantoja \/ Proceso En febrero pasado les confirmaron que sus edificios ya no ser\u00e1n atendidos por la Comisi\u00f3n para la Reconstrucci\u00f3n, sino por el Instituto\u2026","rel":"","context":"En &quot;CINTILLO&quot;","block_context":{"text":"CINTILLO","link":"https:\/\/www.grieta.org.mx\/index.php\/category\/cintillo\/"},"img":{"alt_text":"","src":"","width":0,"height":0},"classes":[]},{"id":23950,"url":"https:\/\/www.grieta.org.mx\/index.php\/2018\/06\/22\/damnificados-de-tlalpan-doblan-al-gobierno-de-la-cdmx-consiguen-reconstruccion-con-recursos-publicos\/","url_meta":{"origin":53630,"position":3},"title":"Damnificados de Tlalpan doblan al gobierno de la CDMX: consiguen reconstrucci\u00f3n con recursos p\u00fablicos","author":"grieta","date":"22 junio, 2018","format":false,"excerpt":"Proceso CIUDAD DE M\u00c9XICO (apro).- De manera in\u00e9dita, el gobierno de la Ciudad de M\u00e9xico y la Asamblea Legislativa firmaron una declaratoria de compromisos para iniciar los trabajos de reconstrucci\u00f3n con recursos p\u00fablicos en beneficio de los damnificados que bloquearon alrededor de ocho horas la Calzada de Tlalpan. Esta madrugada,\u2026","rel":"","context":"En &quot;CINTILLO&quot;","block_context":{"text":"CINTILLO","link":"https:\/\/www.grieta.org.mx\/index.php\/category\/cintillo\/"},"img":{"alt_text":"","src":"https:\/\/i0.wp.com\/www.grieta.org.mx\/wp-content\/uploads\/2018\/06\/tlalpan-1.jpg?resize=350%2C200&ssl=1","width":350,"height":200,"srcset":"https:\/\/i0.wp.com\/www.grieta.org.mx\/wp-content\/uploads\/2018\/06\/tlalpan-1.jpg?resize=350%2C200&ssl=1 1x, https:\/\/i0.wp.com\/www.grieta.org.mx\/wp-content\/uploads\/2018\/06\/tlalpan-1.jpg?resize=525%2C300&ssl=1 1.5x, https:\/\/i0.wp.com\/www.grieta.org.mx\/wp-content\/uploads\/2018\/06\/tlalpan-1.jpg?resize=700%2C400&ssl=1 2x"},"classes":[]},{"id":51887,"url":"https:\/\/www.grieta.org.mx\/index.php\/2020\/06\/24\/por-su-inaccion-colectivo-de-damnificados-termina-relacion-con-el-comisionado-cesar-cravioto-ciudad-de-mexico\/","url_meta":{"origin":53630,"position":4},"title":"Por \u201csu inacci\u00f3n\u201d, colectivo de damnificados termina relaci\u00f3n con el comisionado C\u00e9sar Cravioto (Ciudad de M\u00e9xico)","author":"grieta","date":"24 junio, 2020","format":false,"excerpt":"C\u00e9sar Cravioto, comisionado para la Reconstrucci\u00f3n. Foto: Benjam\u00edn Flores Sara Pantoja \/ Proceso CIUDAD DE M\u00c9XICO (apro).- El colectivo Damnificados Unidos de la Ciudad de M\u00e9xico (DUCDMX) dio a conocer que termin\u00f3 la relaci\u00f3n con C\u00e9sar Cravioto, comisionado para la Reconstrucci\u00f3n, debido a \u201csu inacci\u00f3n, ineficacia y falta de resultados\u201d,\u2026","rel":"","context":"En &quot;CINTILLO&quot;","block_context":{"text":"CINTILLO","link":"https:\/\/www.grieta.org.mx\/index.php\/category\/cintillo\/"},"img":{"alt_text":"","src":"https:\/\/i0.wp.com\/www.grieta.org.mx\/wp-content\/uploads\/2020\/07\/Por-%E2%80%9Csu-inacci%C3%B3n%E2%80%9D-colectivo-de-damnificados-termina-relaci%C3%B3n-con-el-comisionado-C%C3%A9sar-Cravioto-cdmx-jul.jpg?resize=350%2C200&ssl=1","width":350,"height":200,"srcset":"https:\/\/i0.wp.com\/www.grieta.org.mx\/wp-content\/uploads\/2020\/07\/Por-%E2%80%9Csu-inacci%C3%B3n%E2%80%9D-colectivo-de-damnificados-termina-relaci%C3%B3n-con-el-comisionado-C%C3%A9sar-Cravioto-cdmx-jul.jpg?resize=350%2C200&ssl=1 1x, https:\/\/i0.wp.com\/www.grieta.org.mx\/wp-content\/uploads\/2020\/07\/Por-%E2%80%9Csu-inacci%C3%B3n%E2%80%9D-colectivo-de-damnificados-termina-relaci%C3%B3n-con-el-comisionado-C%C3%A9sar-Cravioto-cdmx-jul.jpg?resize=525%2C300&ssl=1 1.5x, https:\/\/i0.wp.com\/www.grieta.org.mx\/wp-content\/uploads\/2020\/07\/Por-%E2%80%9Csu-inacci%C3%B3n%E2%80%9D-colectivo-de-damnificados-termina-relaci%C3%B3n-con-el-comisionado-C%C3%A9sar-Cravioto-cdmx-jul.jpg?resize=700%2C400&ssl=1 2x"},"classes":[]},{"id":23394,"url":"https:\/\/www.grieta.org.mx\/index.php\/2018\/05\/30\/damnificados-montan-campamento-en-calzada-de-tlalpan-reclaman-que-autoridades-cumplan-con-reconstruccion\/","url_meta":{"origin":53630,"position":5},"title":"Damnificados montan campamento en calzada de Tlalpan; reclaman que autoridades cumplan con reconstrucci\u00f3n","author":"grieta","date":"30 mayo, 2018","format":false,"excerpt":"Redacci\u00f3n Animal Pol\u00edtico Damnificados del Multifamiliar dijeron que mantendr\u00e1n un campamento en calzada de Tlalpan, hasta que las autoridades de la CDMX cumplan con sus exigencias de reconstrucci\u00f3n de viviendas, luego de los da\u00f1os causados por el sismo del 19 de septiembre. Damnificados del Multifamiliar Tlalpan informaron la noche de\u2026","rel":"","context":"En &quot;CINTILLO&quot;","block_context":{"text":"CINTILLO","link":"https:\/\/www.grieta.org.mx\/index.php\/category\/cintillo\/"},"img":{"alt_text":"","src":"https:\/\/i0.wp.com\/www.grieta.org.mx\/wp-content\/uploads\/2018\/06\/tlalpan-960x500.jpg?resize=350%2C200&ssl=1","width":350,"height":200,"srcset":"https:\/\/i0.wp.com\/www.grieta.org.mx\/wp-content\/uploads\/2018\/06\/tlalpan-960x500.jpg?resize=350%2C200&ssl=1 1x, https:\/\/i0.wp.com\/www.grieta.org.mx\/wp-content\/uploads\/2018\/06\/tlalpan-960x500.jpg?resize=525%2C300&ssl=1 1.5x, https:\/\/i0.wp.com\/www.grieta.org.mx\/wp-content\/uploads\/2018\/06\/tlalpan-960x500.jpg?resize=700%2C400&ssl=1 2x"},"classes":[]}],"_links":{"self":[{"href":"https:\/\/www.grieta.org.mx\/index.php\/wp-json\/wp\/v2\/posts\/53630","targetHints":{"allow":["GET"]}}],"collection":[{"href":"https:\/\/www.grieta.org.mx\/index.php\/wp-json\/wp\/v2\/posts"}],"about":[{"href":"https:\/\/www.grieta.org.mx\/index.php\/wp-json\/wp\/v2\/types\/post"}],"author":[{"embeddable":true,"href":"https:\/\/www.grieta.org.mx\/index.php\/wp-json\/wp\/v2\/users\/2"}],"replies":[{"embeddable":true,"href":"https:\/\/www.grieta.org.mx\/index.php\/wp-json\/wp\/v2\/comments?post=53630"}],"version-history":[{"count":1,"href":"https:\/\/www.grieta.org.mx\/index.php\/wp-json\/wp\/v2\/posts\/53630\/revisions"}],"predecessor-version":[{"id":53636,"href":"https:\/\/www.grieta.org.mx\/index.php\/wp-json\/wp\/v2\/posts\/53630\/revisions\/53636"}],"wp:featuredmedia":[{"embeddable":true,"href":"https:\/\/www.grieta.org.mx\/index.php\/wp-json\/wp\/v2\/media\/53631"}],"wp:attachment":[{"href":"https:\/\/www.grieta.org.mx\/index.php\/wp-json\/wp\/v2\/media?parent=53630"}],"wp:term":[{"taxonomy":"category","embeddable":true,"href":"https:\/\/www.grieta.org.mx\/index.php\/wp-json\/wp\/v2\/categories?post=53630"},{"taxonomy":"post_tag","embeddable":true,"href":"https:\/\/www.grieta.org.mx\/index.php\/wp-json\/wp\/v2\/tags?post=53630"}],"curies":[{"name":"wp","href":"https:\/\/api.w.org\/{rel}","templated":true}]}}