{"id":53623,"date":"2020-09-16T14:42:49","date_gmt":"2020-09-16T19:42:49","guid":{"rendered":"http:\/\/www.grieta.org.mx\/?p=53623"},"modified":"2020-09-19T14:50:02","modified_gmt":"2020-09-19T19:50:02","slug":"vecinos-de-rancho-blanco-llevan-seis-dias-sin-agua-jalisco","status":"publish","type":"post","link":"https:\/\/www.grieta.org.mx\/index.php\/2020\/09\/16\/vecinos-de-rancho-blanco-llevan-seis-dias-sin-agua-jalisco\/","title":{"rendered":"Vecinos de Rancho Blanco llevan seis d\u00edas sin agua (Jalisco)"},"content":{"rendered":"<p><img loading=\"lazy\" decoding=\"async\" data-attachment-id=\"53624\" data-permalink=\"https:\/\/www.grieta.org.mx\/index.php\/2020\/09\/16\/vecinos-de-rancho-blanco-llevan-seis-dias-sin-agua-jalisco\/2020-09-15_10-09-52___5677\/\" data-orig-file=\"https:\/\/www.grieta.org.mx\/wp-content\/uploads\/2020\/09\/2020-09-15_10-09-52___5677.jpg\" data-orig-size=\"750,500\" data-comments-opened=\"0\" data-image-meta=\"{&quot;aperture&quot;:&quot;0&quot;,&quot;credit&quot;:&quot;&quot;,&quot;camera&quot;:&quot;&quot;,&quot;caption&quot;:&quot;&quot;,&quot;created_timestamp&quot;:&quot;0&quot;,&quot;copyright&quot;:&quot;&quot;,&quot;focal_length&quot;:&quot;0&quot;,&quot;iso&quot;:&quot;0&quot;,&quot;shutter_speed&quot;:&quot;0&quot;,&quot;title&quot;:&quot;&quot;,&quot;orientation&quot;:&quot;1&quot;}\" data-image-title=\"2020-09-15_10-09-52___5677\" data-image-description=\"\" data-image-caption=\"\" data-medium-file=\"https:\/\/www.grieta.org.mx\/wp-content\/uploads\/2020\/09\/2020-09-15_10-09-52___5677-300x200.jpg\" data-large-file=\"https:\/\/www.grieta.org.mx\/wp-content\/uploads\/2020\/09\/2020-09-15_10-09-52___5677.jpg\" class=\" wp-image-53624 aligncenter\" src=\"http:\/\/www.grieta.org.mx\/wp-content\/uploads\/2020\/09\/2020-09-15_10-09-52___5677.jpg\" alt=\"\" width=\"798\" height=\"532\" srcset=\"https:\/\/www.grieta.org.mx\/wp-content\/uploads\/2020\/09\/2020-09-15_10-09-52___5677.jpg 750w, https:\/\/www.grieta.org.mx\/wp-content\/uploads\/2020\/09\/2020-09-15_10-09-52___5677-300x200.jpg 300w\" sizes=\"auto, (max-width: 798px) 100vw, 798px\" \/><\/p>\n<p>Foto: Especial<\/p>\n<p>Lauro Rodr\u00edguez \/ El Diario NTR<\/p>\n<p>A la fecha\u00a0a\u00fan no se sabe\u00a0el porqu\u00e9 del desabasto,\u00a0ya que las cuadrillas del Sistema Intermunicipal de los Servicios de Agua Potable y Alcantarillado (Siapa) no han encontrado el problema pese a que solo es una cuadra de afectaci\u00f3n.<\/p>\n<p>Los habitantes del lugar narraron que desde el viernes interpusieron los reportes correspondientes, pero fue hasta el lunes que el\u00a0Siapa\u00a0envi\u00f3 una cuadrilla de trabajadores a revisar la zona.\u00a0Los empleados no\u00a0encontraron el problema y se retiraron con la promesa de que ayer quedar\u00eda resuelto el desabasto.<\/p>\n<p>Ayer acudi\u00f3 otra cuadrilla, inicio un diagn\u00f3stico del asunto y el resultado fue el mismo:\u00a0no\u00a0se encontr\u00f3 la causa.<\/p>\n<p>Vecinos de la zona\u00a0detallaron\u00a0que\u00a0el personal del\u00a0Siapa\u00a0les dijo que lo ideal era abrir la calle para revisar toda la tuber\u00eda,\u00a0aunque tambi\u00e9n les aclar\u00f3 que si acced\u00edan se tendr\u00edan que encargar\u00a0de pagar la reparaci\u00f3n y no el\u00a0Siapa. De lo contrario, tendr\u00edan que seguir a la espera\u00a0de que el l\u00edquido volviera.<\/p>\n<p>Al fijarse dicha\u00a0condicionante,\u00a0los afectados acudieron a este medio de comunicaci\u00f3n para hacer p\u00fablico lo que consideraron como una injusticia. \u201cEl\u00a0Siapa\u00a0es el responsable de que tengamos agua potable, los pagos los tenemos todos al corriente\u201d, expres\u00f3 uno de los habitantes.<\/p>\n<p>Los habitantes tambi\u00e9n expusieron\u00a0que desde el inicio de semana han solicitado pipas, pero el\u00a0Siapa\u00a0se ha negado a proceder bajo el pretexto que hay m\u00e1s colonias afectadas y no alcanzan\u00a0a surtir a todas las zonas.<\/p>\n<p><a href=\"https:\/\/www.ntrguadalajara.com\/post.php?id_nota=154823\">https:\/\/www.ntrguadalajara.com\/post.php?id_nota=154823<\/a><\/p>\n","protected":false},"excerpt":{"rendered":"<p>Foto: Especial Lauro Rodr\u00edguez \/ El Diario NTR A la fecha\u00a0a\u00fan no se sabe\u00a0el porqu\u00e9 del desabasto,\u00a0ya que las cuadrillas del Sistema Intermunicipal de los Servicios de Agua Potable y &hellip; <a href=\"https:\/\/www.grieta.org.mx\/index.php\/2020\/09\/16\/vecinos-de-rancho-blanco-llevan-seis-dias-sin-agua-jalisco\/\" class=\"more-link\">Leer m\u00e1s<\/a><\/p>\n","protected":false},"author":2,"featured_media":53624,"comment_status":"closed","ping_status":"closed","sticky":false,"template":"","format":"standard","meta":{"ngg_post_thumbnail":0,"_jetpack_newsletter_access":"","_jetpack_dont_email_post_to_subs":false,"_jetpack_newsletter_tier_id":0,"_jetpack_memberships_contains_paywalled_content":false,"_jetpack_memberships_contains_paid_content":false,"footnotes":""},"categories":[80,914,20,2,2342,83],"tags":[2403,2172],"class_list":["post-53623","post","type-post","status-publish","format-standard","has-post-thumbnail","hentry","category-cintillo","category-privatizacion-del-agua","category-jalisco","category-noticias-nacionales","category-privatizacion-del-agua-en-jalisco","category-temas-nacionales","tag-crisis-del-agua","tag-desbasto-de-agua","entry"],"jetpack_featured_media_url":"https:\/\/www.grieta.org.mx\/wp-content\/uploads\/2020\/09\/2020-09-15_10-09-52___5677.jpg","jetpack_sharing_enabled":true,"jetpack_shortlink":"https:\/\/wp.me\/p7ZJR4-dWT","jetpack_likes_enabled":false,"jetpack-related-posts":[{"id":59407,"url":"https:\/\/www.grieta.org.mx\/index.php\/2021\/05\/14\/vecinos-de-tabachines-suman-30-horas-con-toma-de-pozo-denuncian-altos-cobros-y-desabasto-de-agua-jalisco\/","url_meta":{"origin":53623,"position":0},"title":"Vecinos de Tabachines suman 30 horas con toma de pozo, denuncian altos cobros y desabasto de agua (Jalisco)","author":"grieta","date":"14 mayo, 2021","format":false,"excerpt":"Foto: Edgar Flores Edgar Flores \/ El Diario NTR Mantienen vecinos de Tabachines, plant\u00f3n en pozo de agua. Ya son casi 30 horas de protesta, y acusan falta de soluciones por parte del director del Sistema Intermunicipal de los Servicios de Agua Potable y Alcantarillado (Siapa), Carlos Enrique Torres Lugo.\u2026","rel":"","context":"En &quot;CINTILLO&quot;","block_context":{"text":"CINTILLO","link":"https:\/\/www.grieta.org.mx\/index.php\/category\/cintillo\/"},"img":{"alt_text":"","src":"https:\/\/i0.wp.com\/www.grieta.org.mx\/wp-content\/uploads\/2021\/05\/2021-05-14_06-05-07___1052-e1621283364314.jpg?resize=350%2C200&ssl=1","width":350,"height":200,"srcset":"https:\/\/i0.wp.com\/www.grieta.org.mx\/wp-content\/uploads\/2021\/05\/2021-05-14_06-05-07___1052-e1621283364314.jpg?resize=350%2C200&ssl=1 1x, https:\/\/i0.wp.com\/www.grieta.org.mx\/wp-content\/uploads\/2021\/05\/2021-05-14_06-05-07___1052-e1621283364314.jpg?resize=525%2C300&ssl=1 1.5x, https:\/\/i0.wp.com\/www.grieta.org.mx\/wp-content\/uploads\/2021\/05\/2021-05-14_06-05-07___1052-e1621283364314.jpg?resize=700%2C400&ssl=1 2x"},"classes":[]},{"id":62414,"url":"https:\/\/www.grieta.org.mx\/index.php\/2021\/10\/11\/padecen-falta-de-agua-en-la-colonia-las-aguilas-jalisco\/","url_meta":{"origin":53623,"position":1},"title":"Padecen falta de agua en la colonia Las \u00c1guilas (Jalisco)","author":"grieta","date":"11 octubre, 2021","format":false,"excerpt":"Foto: Jorge Alberto Mendoza Edgar Flores \/ El Diario NTR Vecinos de la colonia Las \u00c1guilas, en Zapopan, denunciaron que desde hace\u00a015 d\u00edas no cuentan con\u00a0el servicio de\u00a0agua potable. Aunque la escasez\u00a0no es generalizada, s\u00ed afecta a decenas de colonos, quienes acusaron que\u00a0el servicio se les suspendi\u00f3\u00a0sin previo aviso. \u201cNo\u2026","rel":"","context":"En &quot;CINTILLO&quot;","block_context":{"text":"CINTILLO","link":"https:\/\/www.grieta.org.mx\/index.php\/category\/cintillo\/"},"img":{"alt_text":"","src":"https:\/\/i0.wp.com\/www.grieta.org.mx\/wp-content\/uploads\/2021\/10\/2021-10-10_09-10-28___5376.jpg?resize=350%2C200&ssl=1","width":350,"height":200,"srcset":"https:\/\/i0.wp.com\/www.grieta.org.mx\/wp-content\/uploads\/2021\/10\/2021-10-10_09-10-28___5376.jpg?resize=350%2C200&ssl=1 1x, https:\/\/i0.wp.com\/www.grieta.org.mx\/wp-content\/uploads\/2021\/10\/2021-10-10_09-10-28___5376.jpg?resize=525%2C300&ssl=1 1.5x, https:\/\/i0.wp.com\/www.grieta.org.mx\/wp-content\/uploads\/2021\/10\/2021-10-10_09-10-28___5376.jpg?resize=700%2C400&ssl=1 2x"},"classes":[]},{"id":59798,"url":"https:\/\/www.grieta.org.mx\/index.php\/2021\/06\/12\/vecinos-de-tlaquepaque-tienen-meses-que-acarrean-agua-para-sus-hogares-jalisco\/","url_meta":{"origin":53623,"position":2},"title":"Vecinos de Tlaquepaque tienen meses que acarrean agua para sus hogares (Jalisco)","author":"grieta","date":"12 junio, 2021","format":false,"excerpt":"Foto: Georgina Garc\u00eda Georgina Garc\u00eda \/ UDGTV No solo la zona norte de la ciudad carece de agua. En la privada de la Rep\u00fablica de Uruguay, del centro de San Pedro Tlaquepaque, tienen meses con un servicio intermitente. Los vecinos tuvieron que conseguir tinacos que colocaron afuera de sus viviendas\u2026","rel":"","context":"En &quot;CINTILLO&quot;","block_context":{"text":"CINTILLO","link":"https:\/\/www.grieta.org.mx\/index.php\/category\/cintillo\/"},"img":{"alt_text":"","src":"https:\/\/i0.wp.com\/www.grieta.org.mx\/wp-content\/uploads\/2021\/06\/Agua-Georgina-Garci%CC%81a-Soli%CC%81s-560x420-1.jpeg?resize=350%2C200&ssl=1","width":350,"height":200,"srcset":"https:\/\/i0.wp.com\/www.grieta.org.mx\/wp-content\/uploads\/2021\/06\/Agua-Georgina-Garci%CC%81a-Soli%CC%81s-560x420-1.jpeg?resize=350%2C200&ssl=1 1x, https:\/\/i0.wp.com\/www.grieta.org.mx\/wp-content\/uploads\/2021\/06\/Agua-Georgina-Garci%CC%81a-Soli%CC%81s-560x420-1.jpeg?resize=525%2C300&ssl=1 1.5x"},"classes":[]},{"id":58142,"url":"https:\/\/www.grieta.org.mx\/index.php\/2021\/03\/28\/incrementa-hasta-un-70-la-compra-de-pipas-de-agua-en-zmg-jalisco\/","url_meta":{"origin":53623,"position":3},"title":"Incrementa hasta un 70 % la compra de pipas de agua en ZMG (Jalisco)","author":"grieta","date":"28 marzo, 2021","format":false,"excerpt":"Foto: Celia Ni\u00f1o Celia Ni\u00f1o \/ UDGTV Derivado de la actual crisis por\u00a0el desabasto de agua en la Zona Metropolitana de Guadalajara,\u00a0el gremio de los trabajadores de pipas han visto incrementada su actividad hasta en un 70 %. As\u00ed lo se\u00f1al\u00f3 Armando, trabajador de pipas privadas y quien detalla que\u2026","rel":"","context":"En &quot;CINTILLO&quot;","block_context":{"text":"CINTILLO","link":"https:\/\/www.grieta.org.mx\/index.php\/category\/cintillo\/"},"img":{"alt_text":"","src":"https:\/\/i0.wp.com\/www.grieta.org.mx\/wp-content\/uploads\/2021\/04\/Pipas-Celia-Nino-696x522-1.jpeg?resize=350%2C200&ssl=1","width":350,"height":200,"srcset":"https:\/\/i0.wp.com\/www.grieta.org.mx\/wp-content\/uploads\/2021\/04\/Pipas-Celia-Nino-696x522-1.jpeg?resize=350%2C200&ssl=1 1x, https:\/\/i0.wp.com\/www.grieta.org.mx\/wp-content\/uploads\/2021\/04\/Pipas-Celia-Nino-696x522-1.jpeg?resize=525%2C300&ssl=1 1.5x"},"classes":[]},{"id":50800,"url":"https:\/\/www.grieta.org.mx\/index.php\/2020\/06\/08\/vecinos-de-lomas-del-centinela-cierran-periferico-por-falta-de-agua-jalisco\/","url_meta":{"origin":53623,"position":4},"title":"Vecinos de Lomas del Centinela cierran perif\u00e9rico por falta de agua (Jalisco)","author":"grieta","date":"8 junio, 2020","format":false,"excerpt":"Foto: Julio R\u00edos Julio R\u00edos \/ UDGTV Guadalajara, Jalisco.\u00a0En pleno tiempo de calor y confinamiento,\u00a0en Lomas del Centinela ya no soportan m\u00e1s la falta de agua.\u00a0Por eso cerraron el Perif\u00e9rico en su cruce de Tabachines para exigir que les restablezcan el servicio. Juan Manuel Contreras, consejero del COPLADEMUN en esta\u2026","rel":"","context":"En &quot;CINTILLO&quot;","block_context":{"text":"CINTILLO","link":"https:\/\/www.grieta.org.mx\/index.php\/category\/cintillo\/"},"img":{"alt_text":"","src":"https:\/\/i0.wp.com\/www.grieta.org.mx\/wp-content\/uploads\/2020\/06\/Lomas-del-Centinela-Julio-R%C3%ADos-696x392.jpeg?resize=350%2C200&ssl=1","width":350,"height":200,"srcset":"https:\/\/i0.wp.com\/www.grieta.org.mx\/wp-content\/uploads\/2020\/06\/Lomas-del-Centinela-Julio-R%C3%ADos-696x392.jpeg?resize=350%2C200&ssl=1 1x, https:\/\/i0.wp.com\/www.grieta.org.mx\/wp-content\/uploads\/2020\/06\/Lomas-del-Centinela-Julio-R%C3%ADos-696x392.jpeg?resize=525%2C300&ssl=1 1.5x"},"classes":[]},{"id":57351,"url":"https:\/\/www.grieta.org.mx\/index.php\/2021\/03\/02\/sospechosos-cortes-anunciados-por-el-siapa-observatorio-jalisco\/","url_meta":{"origin":53623,"position":5},"title":"Sospechosos, cortes anunciados por el Siapa: Observatorio (Jalisco)","author":"grieta","date":"2 marzo, 2021","format":false,"excerpt":"Foto: Foto: Coordinaci\u00f3n General de Gesti\u00f3n del Territorio Redacci\u00f3n \/ El Diario NTR Resulta sospechoso que el Sistema Intermunicipal de los Servicios de Agua Potable y Alcantarillado (Siapa) opte por afectar el abastecimiento de agua en 214 colonias por el cierre de la Presa Calder\u00f3n, consider\u00f3 Juan Guillermo M\u00e1rquez, coordinador\u2026","rel":"","context":"En &quot;CINTILLO&quot;","block_context":{"text":"CINTILLO","link":"https:\/\/www.grieta.org.mx\/index.php\/category\/cintillo\/"},"img":{"alt_text":"","src":"https:\/\/i0.wp.com\/www.grieta.org.mx\/wp-content\/uploads\/2021\/03\/2021-03-02_11-03-57___4091.jpg?resize=350%2C200&ssl=1","width":350,"height":200,"srcset":"https:\/\/i0.wp.com\/www.grieta.org.mx\/wp-content\/uploads\/2021\/03\/2021-03-02_11-03-57___4091.jpg?resize=350%2C200&ssl=1 1x, https:\/\/i0.wp.com\/www.grieta.org.mx\/wp-content\/uploads\/2021\/03\/2021-03-02_11-03-57___4091.jpg?resize=525%2C300&ssl=1 1.5x, https:\/\/i0.wp.com\/www.grieta.org.mx\/wp-content\/uploads\/2021\/03\/2021-03-02_11-03-57___4091.jpg?resize=700%2C400&ssl=1 2x"},"classes":[]}],"_links":{"self":[{"href":"https:\/\/www.grieta.org.mx\/index.php\/wp-json\/wp\/v2\/posts\/53623","targetHints":{"allow":["GET"]}}],"collection":[{"href":"https:\/\/www.grieta.org.mx\/index.php\/wp-json\/wp\/v2\/posts"}],"about":[{"href":"https:\/\/www.grieta.org.mx\/index.php\/wp-json\/wp\/v2\/types\/post"}],"author":[{"embeddable":true,"href":"https:\/\/www.grieta.org.mx\/index.php\/wp-json\/wp\/v2\/users\/2"}],"replies":[{"embeddable":true,"href":"https:\/\/www.grieta.org.mx\/index.php\/wp-json\/wp\/v2\/comments?post=53623"}],"version-history":[{"count":1,"href":"https:\/\/www.grieta.org.mx\/index.php\/wp-json\/wp\/v2\/posts\/53623\/revisions"}],"predecessor-version":[{"id":53625,"href":"https:\/\/www.grieta.org.mx\/index.php\/wp-json\/wp\/v2\/posts\/53623\/revisions\/53625"}],"wp:featuredmedia":[{"embeddable":true,"href":"https:\/\/www.grieta.org.mx\/index.php\/wp-json\/wp\/v2\/media\/53624"}],"wp:attachment":[{"href":"https:\/\/www.grieta.org.mx\/index.php\/wp-json\/wp\/v2\/media?parent=53623"}],"wp:term":[{"taxonomy":"category","embeddable":true,"href":"https:\/\/www.grieta.org.mx\/index.php\/wp-json\/wp\/v2\/categories?post=53623"},{"taxonomy":"post_tag","embeddable":true,"href":"https:\/\/www.grieta.org.mx\/index.php\/wp-json\/wp\/v2\/tags?post=53623"}],"curies":[{"name":"wp","href":"https:\/\/api.w.org\/{rel}","templated":true}]}}