{"id":53560,"date":"2020-08-13T19:16:41","date_gmt":"2020-08-14T00:16:41","guid":{"rendered":"http:\/\/www.grieta.org.mx\/?p=53560"},"modified":"2020-09-18T19:22:34","modified_gmt":"2020-09-19T00:22:34","slug":"denuncian-abusos-del-inm-contra-migrantes-en-tabasco","status":"publish","type":"post","link":"https:\/\/www.grieta.org.mx\/index.php\/2020\/08\/13\/denuncian-abusos-del-inm-contra-migrantes-en-tabasco\/","title":{"rendered":"Denuncian abusos del INM contra migrantes en Tabasco"},"content":{"rendered":"<p><img loading=\"lazy\" decoding=\"async\" data-attachment-id=\"53561\" data-permalink=\"https:\/\/www.grieta.org.mx\/index.php\/2020\/08\/13\/denuncian-abusos-del-inm-contra-migrantes-en-tabasco\/60d21f8a-inm\/\" data-orig-file=\"https:\/\/www.grieta.org.mx\/wp-content\/uploads\/2020\/09\/60d21f8a-inm.jpg\" data-orig-size=\"512,339\" data-comments-opened=\"0\" data-image-meta=\"{&quot;aperture&quot;:&quot;0&quot;,&quot;credit&quot;:&quot;&quot;,&quot;camera&quot;:&quot;&quot;,&quot;caption&quot;:&quot;&quot;,&quot;created_timestamp&quot;:&quot;0&quot;,&quot;copyright&quot;:&quot;&quot;,&quot;focal_length&quot;:&quot;0&quot;,&quot;iso&quot;:&quot;0&quot;,&quot;shutter_speed&quot;:&quot;0&quot;,&quot;title&quot;:&quot;&quot;,&quot;orientation&quot;:&quot;0&quot;}\" data-image-title=\"60d21f8a-inm\" data-image-description=\"\" data-image-caption=\"\" data-medium-file=\"https:\/\/www.grieta.org.mx\/wp-content\/uploads\/2020\/09\/60d21f8a-inm-300x199.jpg\" data-large-file=\"https:\/\/www.grieta.org.mx\/wp-content\/uploads\/2020\/09\/60d21f8a-inm.jpg\" class=\"alignnone wp-image-53561\" src=\"http:\/\/www.grieta.org.mx\/wp-content\/uploads\/2020\/09\/60d21f8a-inm.jpg\" alt=\"\" width=\"800\" height=\"530\" srcset=\"https:\/\/www.grieta.org.mx\/wp-content\/uploads\/2020\/09\/60d21f8a-inm.jpg 512w, https:\/\/www.grieta.org.mx\/wp-content\/uploads\/2020\/09\/60d21f8a-inm-300x199.jpg 300w\" sizes=\"auto, (max-width: 800px) 100vw, 800px\" \/><\/p>\n<p>Nora Bucio \/ MVS<\/p>\n<p>Esta organizaci\u00f3n manifest\u00f3 su repudio contra la violencia, la criminalizaci\u00f3n y atropello perpetrado por las autoridades contra las personas migrantes.<\/p>\n<p>El Equipo de la 72, hogar refugio para personas migrantes, denunci\u00f3 que el Instituto Nacional de Migraci\u00f3n (INM), ingres\u00f3 de manera violenta a un \u00e1rea de ayuda humanitaria en Tenosique, Tabasco, para forzar a un grupo de migrantes a subir a sus veh\u00edculos para ser deportados. A trav\u00e9s de un comunicado denunci\u00f3 los abusos y violaci\u00f3n a los derechos humanos cometidos por los agentes migratorios este jueves, cuando ingresaron a la media noche sorprendiendo a los aproximadamente 45 hombres, mujeres y ni\u00f1os que se encontraban dormidos en la cancha anexa al albergue.<\/p>\n<p>De acuerdo a la versi\u00f3n de algunos de los migrantes que lograron escapar, al menos una veintena de personas fueron detenidas, golpeadas y sus documentos destruidos por los agentes del INM, esto a pesar de que el art\u00edculo 76 de la Ley de Migraci\u00f3n establece que \u201cel Instituto no podr\u00e1 realizar visitas de verificaci\u00f3n migratoria en los lugares donde se encuentren migrantes albergados por organizaciones de la sociedad civil o personas que realicen actos humanitarios, de asistencia o de protecci\u00f3n a los migrantes\u201d. La 72 alert\u00f3 que ante la emergencia sanitaria por Covid-19, los migrantes fueron trasladados a Villahermosa, Tabasco, debido a que la estaci\u00f3n migratoria de Tenosique se encuentra cerrada. Esta organizaci\u00f3n manifest\u00f3 su repudio contra la violencia, la criminalizaci\u00f3n y atropello perpetrado por las autoridades contra las personas migrantes.<\/p>\n<p><a href=\"https:\/\/mvsnoticias.com\/noticias\/nacionales\/denuncian-abusos-del-inm-contra-migrantes-en-tabasco\/\" rel=\"noopener noreferrer\" target=\"_blank\">https:\/\/mvsnoticias.com\/noticias\/nacionales\/denuncian-abusos-del-inm-contra-migrantes-en-tabasco\/<\/a><\/p>\n","protected":false},"excerpt":{"rendered":"<p>Nora Bucio \/ MVS Esta organizaci\u00f3n manifest\u00f3 su repudio contra la violencia, la criminalizaci\u00f3n y atropello perpetrado por las autoridades contra las personas migrantes. El Equipo de la 72, hogar &hellip; <a href=\"https:\/\/www.grieta.org.mx\/index.php\/2020\/08\/13\/denuncian-abusos-del-inm-contra-migrantes-en-tabasco\/\" class=\"more-link\">Leer m\u00e1s<\/a><\/p>\n","protected":false},"author":2,"featured_media":53561,"comment_status":"closed","ping_status":"closed","sticky":false,"template":"","format":"standard","meta":{"ngg_post_thumbnail":0,"_jetpack_newsletter_access":"","_jetpack_dont_email_post_to_subs":false,"_jetpack_newsletter_tier_id":0,"_jetpack_memberships_contains_paywalled_content":false,"_jetpack_memberships_contains_paid_content":false,"footnotes":""},"categories":[80,3258,86,2,2542,2622,32,83],"tags":[1395,1410,3598],"class_list":["post-53560","post","type-post","status-publish","format-standard","has-post-thumbnail","hentry","category-cintillo","category-conflictos-sociales-por-covid-19-en-tabasco","category-migrantes","category-noticias-nacionales","category-persecucion-y-criminalizacion-de-migrantes-en-tabasco","category-poblaciones-migrantes-en-tabasco","category-tabasco","category-temas-nacionales","tag-abuso-contra-migrantes","tag-abusos-contra-migrantes","tag-albergues-migrantes","entry"],"jetpack_featured_media_url":"https:\/\/www.grieta.org.mx\/wp-content\/uploads\/2020\/09\/60d21f8a-inm.jpg","jetpack_sharing_enabled":true,"jetpack_shortlink":"https:\/\/wp.me\/p7ZJR4-dVS","jetpack_likes_enabled":false,"jetpack-related-posts":[{"id":56843,"url":"https:\/\/www.grieta.org.mx\/index.php\/2021\/02\/04\/ataque-a-migrantes-en-tabasco-deja-un-muerto-y-dos-heridos-inm-estaria-implicado\/","url_meta":{"origin":53560,"position":0},"title":"Ataque a migrantes en Tabasco deja un muerto y dos heridos; INM estar\u00eda implicado","author":"grieta","date":"4 febrero, 2021","format":false,"excerpt":"Las v\u00edctimas del ataque dijeron que los disparos en su contra provinieron de un veh\u00edculo con logos del Instituto Nacional de Migraci\u00f3n Redacci\u00f3n \/ Conexi\u00f3n Migrante Un muerto y dos heridos fue el saldo del ataque que presuntos elementos del Instituto Nacional de Migraci\u00f3n (INM) realizaron contra una camioneta en\u2026","rel":"","context":"En &quot;CINTILLO&quot;","block_context":{"text":"CINTILLO","link":"https:\/\/www.grieta.org.mx\/index.php\/category\/cintillo\/"},"img":{"alt_text":"","src":"https:\/\/i0.wp.com\/www.grieta.org.mx\/wp-content\/uploads\/2021\/02\/Ataque-a-migrantes-en-Tabasco-deja-un-muerto-y-dos-heridos-Movimiento-Migrante-Mesoamericano.jpg?resize=350%2C200&ssl=1","width":350,"height":200,"srcset":"https:\/\/i0.wp.com\/www.grieta.org.mx\/wp-content\/uploads\/2021\/02\/Ataque-a-migrantes-en-Tabasco-deja-un-muerto-y-dos-heridos-Movimiento-Migrante-Mesoamericano.jpg?resize=350%2C200&ssl=1 1x, https:\/\/i0.wp.com\/www.grieta.org.mx\/wp-content\/uploads\/2021\/02\/Ataque-a-migrantes-en-Tabasco-deja-un-muerto-y-dos-heridos-Movimiento-Migrante-Mesoamericano.jpg?resize=525%2C300&ssl=1 1.5x, https:\/\/i0.wp.com\/www.grieta.org.mx\/wp-content\/uploads\/2021\/02\/Ataque-a-migrantes-en-Tabasco-deja-un-muerto-y-dos-heridos-Movimiento-Migrante-Mesoamericano.jpg?resize=700%2C400&ssl=1 2x, https:\/\/i0.wp.com\/www.grieta.org.mx\/wp-content\/uploads\/2021\/02\/Ataque-a-migrantes-en-Tabasco-deja-un-muerto-y-dos-heridos-Movimiento-Migrante-Mesoamericano.jpg?resize=1050%2C600&ssl=1 3x"},"classes":[]},{"id":44310,"url":"https:\/\/www.grieta.org.mx\/index.php\/2020\/02\/12\/cndh-investiga-denuncias-por-maltrato-y-descargas-electricas-contra-migrantes-en-tabasco\/","url_meta":{"origin":53560,"position":1},"title":"CNDH investiga denuncias por maltrato y descargas el\u00e9ctricas contra migrantes en Tabasco","author":"grieta","date":"12 febrero, 2020","format":false,"excerpt":"En enero pasado, una estudiante mexicana que estuvo en la estaci\u00f3n \"El Anexo\", en Tabasco, denunci\u00f3 que los migrantes detenidos fueron maltratados, e incluso sometidos con descargas el\u00e9ctricas, por parte del personal del INM. ANIMAL POL\u00cdTICO La Comisi\u00f3n Nacional de los Derechos Humanos (CNDH) investiga las presuntas vulneraciones cometidas contra\u2026","rel":"","context":"En &quot;CINTILLO&quot;","block_context":{"text":"CINTILLO","link":"https:\/\/www.grieta.org.mx\/index.php\/category\/cintillo\/"},"img":{"alt_text":"","src":"https:\/\/i0.wp.com\/www.grieta.org.mx\/wp-content\/uploads\/2020\/02\/cndh_denuncias_maltrato_migrantes-e1581546296311.jpeg?resize=350%2C200&ssl=1","width":350,"height":200,"srcset":"https:\/\/i0.wp.com\/www.grieta.org.mx\/wp-content\/uploads\/2020\/02\/cndh_denuncias_maltrato_migrantes-e1581546296311.jpeg?resize=350%2C200&ssl=1 1x, https:\/\/i0.wp.com\/www.grieta.org.mx\/wp-content\/uploads\/2020\/02\/cndh_denuncias_maltrato_migrantes-e1581546296311.jpeg?resize=525%2C300&ssl=1 1.5x, https:\/\/i0.wp.com\/www.grieta.org.mx\/wp-content\/uploads\/2020\/02\/cndh_denuncias_maltrato_migrantes-e1581546296311.jpeg?resize=700%2C400&ssl=1 2x, https:\/\/i0.wp.com\/www.grieta.org.mx\/wp-content\/uploads\/2020\/02\/cndh_denuncias_maltrato_migrantes-e1581546296311.jpeg?resize=1050%2C600&ssl=1 3x, https:\/\/i0.wp.com\/www.grieta.org.mx\/wp-content\/uploads\/2020\/02\/cndh_denuncias_maltrato_migrantes-e1581546296311.jpeg?resize=1400%2C800&ssl=1 4x"},"classes":[]},{"id":43740,"url":"https:\/\/www.grieta.org.mx\/index.php\/2020\/01\/22\/autoridades-detienen-a-mas-de-2-mil-migrantes-centroamericanos-en-tabasco-y-chiapas\/","url_meta":{"origin":53560,"position":2},"title":"Autoridades detienen a m\u00e1s de 2 mil migrantes centroamericanos en Tabasco y Chiapas","author":"grieta","date":"22 enero, 2020","format":false,"excerpt":"Redacci\u00f3n \/ Animal Pol\u00edtico Los agentes federales del INM encontraron a mil 300 migrantes en Tabasco y a 800 m\u00e1s en Chiapas; en las pr\u00f3ximas horas se determinar\u00e1 su condici\u00f3n jur\u00eddica. En un solo d\u00eda, el Instituto Nacional de Migraci\u00f3n (INM) asegur\u00f3 a m\u00e1s de 2 mil mujeres, hombres y\u2026","rel":"","context":"En &quot;Abuso de fuerzas represivas en Tabasco&quot;","block_context":{"text":"Abuso de fuerzas represivas en Tabasco","link":"https:\/\/www.grieta.org.mx\/index.php\/category\/noticias-nacionales\/tabasco\/abuso-de-fuerzas-represivas-en-tabasco\/"},"img":{"alt_text":"","src":"https:\/\/i0.wp.com\/www.grieta.org.mx\/wp-content\/uploads\/2020\/01\/cuartoscuro_739649_digital-e1579712765634.jpeg?resize=350%2C200&ssl=1","width":350,"height":200,"srcset":"https:\/\/i0.wp.com\/www.grieta.org.mx\/wp-content\/uploads\/2020\/01\/cuartoscuro_739649_digital-e1579712765634.jpeg?resize=350%2C200&ssl=1 1x, https:\/\/i0.wp.com\/www.grieta.org.mx\/wp-content\/uploads\/2020\/01\/cuartoscuro_739649_digital-e1579712765634.jpeg?resize=525%2C300&ssl=1 1.5x, https:\/\/i0.wp.com\/www.grieta.org.mx\/wp-content\/uploads\/2020\/01\/cuartoscuro_739649_digital-e1579712765634.jpeg?resize=700%2C400&ssl=1 2x, https:\/\/i0.wp.com\/www.grieta.org.mx\/wp-content\/uploads\/2020\/01\/cuartoscuro_739649_digital-e1579712765634.jpeg?resize=1050%2C600&ssl=1 3x, https:\/\/i0.wp.com\/www.grieta.org.mx\/wp-content\/uploads\/2020\/01\/cuartoscuro_739649_digital-e1579712765634.jpeg?resize=1400%2C800&ssl=1 4x"},"classes":[]},{"id":43971,"url":"https:\/\/www.grieta.org.mx\/index.php\/2020\/02\/01\/aplica-inm-electrochoques-a-migrantes-en-tabasco\/","url_meta":{"origin":53560,"position":3},"title":"Aplica INM electrochoques a migrantes en Tabasco","author":"grieta","date":"1 febrero, 2020","format":false,"excerpt":"Redacci\u00f3n \/ Z\u00f3calo Ciudad de M\u00e9xico.- Pese a que la titular de la Comisi\u00f3n Nacional de los Derechos Humanos (CNDH), Rosario Piedra Ibarra, se\u00f1al\u00f3 que no hay agresiones por parte de la Guardia Nacional y el Instituto Nacional de Migraci\u00f3n a la caravana migrante y a quienes intentan transitar por\u2026","rel":"","context":"En &quot;Abuso de fuerzas represivas en Tabasco&quot;","block_context":{"text":"Abuso de fuerzas represivas en Tabasco","link":"https:\/\/www.grieta.org.mx\/index.php\/category\/noticias-nacionales\/tabasco\/abuso-de-fuerzas-represivas-en-tabasco\/"},"img":{"alt_text":"","src":"https:\/\/i0.wp.com\/www.grieta.org.mx\/wp-content\/uploads\/2020\/02\/tabasco-inm-621x354.jpg?resize=350%2C200&ssl=1","width":350,"height":200,"srcset":"https:\/\/i0.wp.com\/www.grieta.org.mx\/wp-content\/uploads\/2020\/02\/tabasco-inm-621x354.jpg?resize=350%2C200&ssl=1 1x, https:\/\/i0.wp.com\/www.grieta.org.mx\/wp-content\/uploads\/2020\/02\/tabasco-inm-621x354.jpg?resize=525%2C300&ssl=1 1.5x"},"classes":[]},{"id":43702,"url":"https:\/\/www.grieta.org.mx\/index.php\/2020\/01\/26\/confunden-a-estudiante-mexicana-con-migrantes-y-la-detienen-tabasco\/","url_meta":{"origin":53560,"position":4},"title":"Confunden a estudiante mexicana con migrantes y la detienen (Tabasco)","author":"grieta","date":"26 enero, 2020","format":false,"excerpt":"Redacci\u00f3n \/ La Verdad La estudiante que fue detenida por el Instituto Nacional de Migraci\u00f3n estuvo reclu\u00edda cinco d\u00edas. El Instituto Nacional de Migraci\u00f3n (INM) realiz\u00f3 la detenci\u00f3n de una mujer estudiante a la que confundi\u00f3 con los migrantes hondure\u00f1os. Se trata de Dulce \"N\", una estudiante originaria del estado\u2026","rel":"","context":"En &quot;Abuso de fuerzas represivas en Tabasco&quot;","block_context":{"text":"Abuso de fuerzas represivas en Tabasco","link":"https:\/\/www.grieta.org.mx\/index.php\/category\/noticias-nacionales\/tabasco\/abuso-de-fuerzas-represivas-en-tabasco\/"},"img":{"alt_text":"","src":"https:\/\/i0.wp.com\/www.grieta.org.mx\/wp-content\/uploads\/2020\/01\/https-_laverdadnoticias.com___export_1580061250258_sites_laverdad_img_2020_01_26_confunden_a_estudiante_mexicana_con_migrantes_y_la_detienen.jpg_1834093470.jpg?resize=350%2C200&ssl=1","width":350,"height":200,"srcset":"https:\/\/i0.wp.com\/www.grieta.org.mx\/wp-content\/uploads\/2020\/01\/https-_laverdadnoticias.com___export_1580061250258_sites_laverdad_img_2020_01_26_confunden_a_estudiante_mexicana_con_migrantes_y_la_detienen.jpg_1834093470.jpg?resize=350%2C200&ssl=1 1x, https:\/\/i0.wp.com\/www.grieta.org.mx\/wp-content\/uploads\/2020\/01\/https-_laverdadnoticias.com___export_1580061250258_sites_laverdad_img_2020_01_26_confunden_a_estudiante_mexicana_con_migrantes_y_la_detienen.jpg_1834093470.jpg?resize=525%2C300&ssl=1 1.5x, https:\/\/i0.wp.com\/www.grieta.org.mx\/wp-content\/uploads\/2020\/01\/https-_laverdadnoticias.com___export_1580061250258_sites_laverdad_img_2020_01_26_confunden_a_estudiante_mexicana_con_migrantes_y_la_detienen.jpg_1834093470.jpg?resize=700%2C400&ssl=1 2x, https:\/\/i0.wp.com\/www.grieta.org.mx\/wp-content\/uploads\/2020\/01\/https-_laverdadnoticias.com___export_1580061250258_sites_laverdad_img_2020_01_26_confunden_a_estudiante_mexicana_con_migrantes_y_la_detienen.jpg_1834093470.jpg?resize=1050%2C600&ssl=1 3x, https:\/\/i0.wp.com\/www.grieta.org.mx\/wp-content\/uploads\/2020\/01\/https-_laverdadnoticias.com___export_1580061250258_sites_laverdad_img_2020_01_26_confunden_a_estudiante_mexicana_con_migrantes_y_la_detienen.jpg_1834093470.jpg?resize=1400%2C800&ssl=1 4x"},"classes":[]},{"id":33147,"url":"https:\/\/www.grieta.org.mx\/index.php\/2019\/05\/04\/mexico-emprende-caceria-contra-migrantes-que-viajan-en-la-bestia-veracruz-tabasco\/","url_meta":{"origin":53560,"position":5},"title":"M\u00e9xico emprende cacer\u00eda contra migrantes que viajan en la Bestia (Veracruz, Tabasco)","author":"grieta","date":"4 mayo, 2019","format":false,"excerpt":"Xiomara Orellana \/ La Prensa Tegucigalpa, Honduras. Desbordada est\u00e1 la situaci\u00f3n migratoria en M\u00e9xico, lo que ha obligado a los agentes del Instituto Nacional de Migraci\u00f3n (INM) a perseguir a los sin papeles que se encuentran a lo largo de las fronteras norte y sur en ese pa\u00eds. Las medidas\u2026","rel":"","context":"En &quot;CINTILLO&quot;","block_context":{"text":"CINTILLO","link":"https:\/\/www.grieta.org.mx\/index.php\/category\/cintillo\/"},"img":{"alt_text":"","src":"https:\/\/i0.wp.com\/www.grieta.org.mx\/wp-content\/uploads\/2019\/05\/dt.common.streams.StreamServer.cls_.jpg?resize=350%2C200&ssl=1","width":350,"height":200,"srcset":"https:\/\/i0.wp.com\/www.grieta.org.mx\/wp-content\/uploads\/2019\/05\/dt.common.streams.StreamServer.cls_.jpg?resize=350%2C200&ssl=1 1x, https:\/\/i0.wp.com\/www.grieta.org.mx\/wp-content\/uploads\/2019\/05\/dt.common.streams.StreamServer.cls_.jpg?resize=525%2C300&ssl=1 1.5x, https:\/\/i0.wp.com\/www.grieta.org.mx\/wp-content\/uploads\/2019\/05\/dt.common.streams.StreamServer.cls_.jpg?resize=700%2C400&ssl=1 2x"},"classes":[]}],"_links":{"self":[{"href":"https:\/\/www.grieta.org.mx\/index.php\/wp-json\/wp\/v2\/posts\/53560","targetHints":{"allow":["GET"]}}],"collection":[{"href":"https:\/\/www.grieta.org.mx\/index.php\/wp-json\/wp\/v2\/posts"}],"about":[{"href":"https:\/\/www.grieta.org.mx\/index.php\/wp-json\/wp\/v2\/types\/post"}],"author":[{"embeddable":true,"href":"https:\/\/www.grieta.org.mx\/index.php\/wp-json\/wp\/v2\/users\/2"}],"replies":[{"embeddable":true,"href":"https:\/\/www.grieta.org.mx\/index.php\/wp-json\/wp\/v2\/comments?post=53560"}],"version-history":[{"count":1,"href":"https:\/\/www.grieta.org.mx\/index.php\/wp-json\/wp\/v2\/posts\/53560\/revisions"}],"predecessor-version":[{"id":53564,"href":"https:\/\/www.grieta.org.mx\/index.php\/wp-json\/wp\/v2\/posts\/53560\/revisions\/53564"}],"wp:featuredmedia":[{"embeddable":true,"href":"https:\/\/www.grieta.org.mx\/index.php\/wp-json\/wp\/v2\/media\/53561"}],"wp:attachment":[{"href":"https:\/\/www.grieta.org.mx\/index.php\/wp-json\/wp\/v2\/media?parent=53560"}],"wp:term":[{"taxonomy":"category","embeddable":true,"href":"https:\/\/www.grieta.org.mx\/index.php\/wp-json\/wp\/v2\/categories?post=53560"},{"taxonomy":"post_tag","embeddable":true,"href":"https:\/\/www.grieta.org.mx\/index.php\/wp-json\/wp\/v2\/tags?post=53560"}],"curies":[{"name":"wp","href":"https:\/\/api.w.org\/{rel}","templated":true}]}}