{"id":53549,"date":"2020-08-11T19:01:59","date_gmt":"2020-08-12T00:01:59","guid":{"rendered":"http:\/\/www.grieta.org.mx\/?p=53549"},"modified":"2020-09-18T19:06:22","modified_gmt":"2020-09-19T00:06:22","slug":"policias-de-veracruz-se-llevaron-a-adrian-mientras-trabajaba-fue-en-2013-y-su-familia-aun-lo-busca","status":"publish","type":"post","link":"https:\/\/www.grieta.org.mx\/index.php\/2020\/08\/11\/policias-de-veracruz-se-llevaron-a-adrian-mientras-trabajaba-fue-en-2013-y-su-familia-aun-lo-busca\/","title":{"rendered":"Polic\u00edas de Veracruz se llevaron a Adri\u00e1n mientras trabajaba. Fue en 2013 y su familia a\u00fan lo busca"},"content":{"rendered":"<p><img loading=\"lazy\" decoding=\"async\" data-attachment-id=\"53550\" data-permalink=\"https:\/\/www.grieta.org.mx\/index.php\/2020\/08\/11\/policias-de-veracruz-se-llevaron-a-adrian-mientras-trabajaba-fue-en-2013-y-su-familia-aun-lo-busca\/ricadrian1\/\" data-orig-file=\"https:\/\/www.grieta.org.mx\/wp-content\/uploads\/2020\/09\/ricadrian1.jpg\" data-orig-size=\"1100,580\" data-comments-opened=\"0\" data-image-meta=\"{&quot;aperture&quot;:&quot;0&quot;,&quot;credit&quot;:&quot;&quot;,&quot;camera&quot;:&quot;&quot;,&quot;caption&quot;:&quot;&quot;,&quot;created_timestamp&quot;:&quot;0&quot;,&quot;copyright&quot;:&quot;&quot;,&quot;focal_length&quot;:&quot;0&quot;,&quot;iso&quot;:&quot;0&quot;,&quot;shutter_speed&quot;:&quot;0&quot;,&quot;title&quot;:&quot;&quot;,&quot;orientation&quot;:&quot;0&quot;}\" data-image-title=\"ricadrian1\" data-image-description=\"\" data-image-caption=\"\" data-medium-file=\"https:\/\/www.grieta.org.mx\/wp-content\/uploads\/2020\/09\/ricadrian1-300x158.jpg\" data-large-file=\"https:\/\/www.grieta.org.mx\/wp-content\/uploads\/2020\/09\/ricadrian1-1024x540.jpg\" class=\"alignnone wp-image-53550\" src=\"http:\/\/www.grieta.org.mx\/wp-content\/uploads\/2020\/09\/ricadrian1.jpg\" alt=\"\" width=\"800\" height=\"422\" srcset=\"https:\/\/www.grieta.org.mx\/wp-content\/uploads\/2020\/09\/ricadrian1.jpg 1100w, https:\/\/www.grieta.org.mx\/wp-content\/uploads\/2020\/09\/ricadrian1-300x158.jpg 300w, https:\/\/www.grieta.org.mx\/wp-content\/uploads\/2020\/09\/ricadrian1-1024x540.jpg 1024w, https:\/\/www.grieta.org.mx\/wp-content\/uploads\/2020\/09\/ricadrian1-768x405.jpg 768w, https:\/\/www.grieta.org.mx\/wp-content\/uploads\/2020\/09\/ricadrian1-948x500.jpg 948w\" sizes=\"auto, (max-width: 800px) 100vw, 800px\" \/><\/p>\n<p>Sugeyry Romina G\u00e1ndara \/ Sin embargo<\/p>\n<p>El pasado 3 de agosto, el Juzgado Quinto de Distrito en Veracruz emiti\u00f3 una sentencia que establece que la Fiscal\u00eda de Veracruz viol\u00f3 los derechos de la familia de Ricardo Adri\u00e1n, v\u00edctima de desaparici\u00f3n forzada, pues no se realiz\u00f3 una b\u00fasqueda eficiente, profesional y tendiente a saber del paradero del joven.<\/p>\n<p>Ciudad de M\u00e9xico, 11 de agosto (SinEmbargo).\u2013 \u201cRicardo, \u00bfd\u00f3nde est\u00e1s?\u201d, es la pregunta que todos los d\u00edas lanza, desde hace siete a\u00f1os, Velia Aurola Garc\u00eda Cruz, madre de Ricardo Adri\u00e1n Garc\u00eda Cruz, desaparecido en Veracruz, Veracruz.<\/p>\n<p>    \u201cYo no pierdo la esperanza de encontrar a mi hijo con vida. No hay un solo d\u00eda en que no piense y me pregunte d\u00f3nde y c\u00f3mo est\u00e1\u201d, platic\u00f3 la mujer en entrevista con SinEmbargo.<\/p>\n<p>Ricardo Adri\u00e1n Garc\u00eda Cruz desapareci\u00f3 en la colonia \u201cFormando Hogar\u201d, al igual que otros ocho j\u00f3venes, luego de un operativo realizado por la Secretar\u00eda de Marina y la entonces Agencia Veracruzana de Investigaci\u00f3n entre el 6 y 11 de diciembre de 2013.<\/p>\n<p>    El pasado 3 de agosto, el Juzgado Quinto de Distrito en Veracruz emiti\u00f3 una sentencia que establece que la Fiscal\u00eda de Veracruz viol\u00f3 los derechos de la familia de Ricardo Adri\u00e1n, pues desde su desaparici\u00f3n no se realiz\u00f3 una b\u00fasqueda eficiente, profesional y tendiente a saber del paradero del joven.<\/p>\n<p>El fallo del juez le ordena a la Fiscal\u00eda veracruzana realizar un plan de investigaci\u00f3n enfocado a conocer el paradero o lo que sucedi\u00f3 con el joven y entregar a la familia las copias del expediente y las diligencias que hayan realizado en estos a\u00f1os.<\/p>\n<p>Ricardo Adri\u00e1n estudio ingenier\u00eda mec\u00e1nica. Quer\u00eda juntar dinero para pronto casarse con su novia, platic\u00f3 su madre. Foto: Especial.<\/p>\n<p>\u00bfQUI\u00c9N ERA RICARDO?<\/p>\n<p>Ricardo ten\u00eda 35 a\u00f1os de edad cuando desapareci\u00f3 en aquel 2013. El joven ingeniero mec\u00e1nico estaba a punto de entrar a trabajar a una plataforma de Pemex y tambi\u00e9n ten\u00eda planes de boda, platic\u00f3 su madre.<\/p>\n<p>    \u201c\u00c9l estaba muy emocionado porque ya hab\u00eda entregado la papeler\u00eda para entrar a trabajar a la plataforma. Trabajar\u00eda 40 d\u00edas y otros 40 d\u00edas iba a descansar. En el tiempo de descanso planeaba hacer mec\u00e1nica por su cuenta\u201d, narr\u00f3 la madre en entrevista.<\/p>\n<p>El 13 de diciembre de 2013, Ricardo se encontraba en su centro de trabajo, acompa\u00f1ado por su compa\u00f1ero David Salas Ariel, cuando de arribaron tres camionetas y de ellas descendieron hombres armados y uniformados de polic\u00edas e integrantes de la Marina.<\/p>\n<p>Big Sean quer\u00eda &#8216;renunciar a la vida&#8217;<\/p>\n<p>Los presuntos agentes irrumpieron en el inmueble y con uso de violencia privaron de la libertad a Ricardo y David. Desde entonces no se ha vuelto a saber de ellos.<\/p>\n<p>Velia Aurora no se enter\u00f3 de la desaparici\u00f3n hasta el d\u00eda despu\u00e9s, cuando su nuera le llam\u00f3 para preguntarle por el paradero del joven.<\/p>\n<p>    \u201cSemanas antes, Ricardo se hab\u00eda ido con un amigo llamado \u00c1ngel a realizar un viaje de tr\u00e1iler; entonces, cuando no lleg\u00f3 a la casa esa noche pens\u00e9 que quiz\u00e1 se fue de nuevo, pero cuando me llam\u00f3 su novia supe que algo andaba mal porque ellos siempre ten\u00edan comunicaci\u00f3n\u201d, narr\u00f3.<\/p>\n<p>La madre comenz\u00f3 a buscar a su hijo con sus amigos y uno de ellos le dijo que al parecer lo hab\u00edan detenido junto con uno de sus compa\u00f1eros, fue entonces que Velia acudi\u00f3 ante las autoridades locales para preguntar por su hijo y obtener informaci\u00f3n sobre paradero de los j\u00f3venes, pero \u00fanicamente recibi\u00f3 respuestas negativas.<\/p>\n<p>    \u201cFui al Penalito de Playa Linda (Unidad Mixta de Atenci\u00f3n al Narcomenudeo) y a varias oficinas, pero no estaban ah\u00ed. Una persona de la Fiscal\u00eda me dijo que a veces tardaban en presentarlos porque primero se los llevaban a dar una vuelta y a golpearlos, fui despu\u00e9s y nada\u201d, relat\u00f3 la entrevistada.<\/p>\n<p>Al no tener noticias sobre su hijo, la se\u00f1ora acudi\u00f3 ante el agente del Ministerio P\u00fablico de la Fiscal\u00eda Especializada en Atenci\u00f3n de Denuncias de Personas Desaparecidas Zona Centro para presentar las denuncias correspondientes.<\/p>\n<p>Las autoridades no han avanzado en las investigaciones, detall\u00f3 la entrevistada. Tampoco han hecho una indagatoria objetiva e imparcial, tendiente a lograr la localizaci\u00f3n de Ricardo y David, as\u00ed como a identificar a los responsables de su ausencia.<\/p>\n<p>    \u201cTodos los de la familia tenemos el coraz\u00f3n desecho por su desaparici\u00f3n. Por a\u00f1os no se hicieron festejos ni reuniones familiares, solo queremos saber donde est\u00e1, qu\u00e9 pas\u00f3 con \u00e9l y justicia\u201d, agreg\u00f3.<\/p>\n<p>Fotograf\u00edas de Ricardo compartidas por la madre. Ella espera que su hijo se encuentre con vida. Foto: Especial<\/p>\n<p>DESAPARECIERON A VARIOS<\/p>\n<p>Ricardo Adri\u00e1n no fue la \u00fanica v\u00edctima de desaparici\u00f3n forzada cometida por fuerzas federales en conjunto con autoridades policiacas locales. Los d\u00edas 6 y 11 de diciembre, elementos de la Agencia Veracruzana de Investigaci\u00f3n y la Secretar\u00eda de Marina se desplegaron en un peque\u00f1o espacio geogr\u00e1fico de la colonia \u201cFormando Hogar\u201d, en la ciudad de Veracruz, Veracruz. Se presume que fueron los escuadrones policiales y de las fuerzas armadas quienes habr\u00edan desaparecido a los j\u00f3venes Ricardo Adr\u00edan Garc\u00eda, Pablo Dar\u00edo Miguel Hern\u00e1ndez, Yonathan Izac Mendoza Berrospe, Jos\u00e9 Armando Cort\u00e9s Arrioja, V\u00edctor \u00c1lvarez Dami\u00e1n, Marco Antonio Ram\u00edrez Hern\u00e1ndez, David Salas Ariel, Jos\u00e9 Ignacio Cruz Gonz\u00e1lez y Vicente Helos.<\/p>\n<p>De acuerdo con los familiares de las v\u00edctimas, los uniformados llevaban fotograf\u00edas y descripciones detalladas de los j\u00f3venes detenidos y desaparecidos, mismas que hasta el momento se desconoce su destino.<\/p>\n<p>\u201cLa detenci\u00f3n colectiva y programada y posterior desaparici\u00f3n de los j\u00f3venes contin\u00faa sin ser investigada por las autoridades estatales o federales\u201d, inform\u00f3 la organizaci\u00f3n civil Idheas que brinda acompa\u00f1amiento a las familias.<\/p>\n<p>EL CASO A UN JUEZ<\/p>\n<p>La familia de Ricardo ha tenido que litigar contra las autoridades para que las mismas rindan cuentas de las diligencias e investiguen de manera profesional.<\/p>\n<p>En septiembre de 2019, la madre de Ricardo solicit\u00f3 al Agente del Ministerio P\u00fablico la expedici\u00f3n de copias de la averiguaci\u00f3n previa, as\u00ed como la elaboraci\u00f3n, explicaci\u00f3n y expedici\u00f3n de una copia simple del plan de investigaci\u00f3n de acuerdo con el Protocolo Homologado de Investigaci\u00f3n del Delito de Desaparici\u00f3n Forzada de Personas, pero el 2 de diciembre de ese a\u00f1o le negaron la petici\u00f3n.<\/p>\n<p>    Debido a la falta de respuesta de las autoridades, la familia de la v\u00edctima junto con la organizaci\u00f3n civil Idheas promovi\u00f3 un juicio de amparo.<br \/>\n    El pasado 3 de agosto de 2020, el juez de distrito resolvi\u00f3 a favor de la familia de Ricardo, pues acredit\u00f3 la existencia de violaciones graves a los derechos humanos por la omisi\u00f3n de la Fiscal\u00eda de Veracruz en implementar una investigaci\u00f3n objetiva, eficaz, completa e imparcial tendente a conocer el paradero o la suerte del joven Ricardo Adri\u00e1n; adem\u00e1s de negar a las v\u00edctimas el acceso al expediente de la investigaci\u00f3n.<\/p>\n<p>En la resoluci\u00f3n, el juzgador le orden\u00f3 a la Fiscal\u00eda de Veracruz que desarrolle un plan de investigaci\u00f3n que se\u00f1ale la ruta de trabajo: \u201cEl ente investigador deber\u00e1 ubicar las hip\u00f3tesis de c\u00f3mo sucedieron los hechos, es decir, deber\u00e1 establecer como hip\u00f3tesis la desaparici\u00f3n forzada. Tambi\u00e9n debe explicar por qu\u00e9 sucedieron los hechos, qui\u00e9nes estuvieron involucrados, qui\u00e9nes formar\u00e1n parte de la investigaci\u00f3n\u201d, detall\u00f3 la organizaci\u00f3n civil Idheas al informar sobre la resoluci\u00f3n del juez.<\/p>\n<p>Otro aspecto que contempla la sentencia es que la Fiscal\u00eda tambi\u00e9n debe entregar un listado de las pruebas que existen al d\u00eda de hoy y de todas las diligencias que corroborar\u00e1n o descartar\u00e1n las hip\u00f3tesis, con el fin de conocer el paradero o suerte del joven\u201d, detall\u00f3 la organizaci\u00f3n civil Idheas.<\/p>\n<p>    \u201cEsta sentencia sienta un importante precedente para las v\u00edctimas en Veracruz, que d\u00eda a d\u00eda nos enfrentamos a las negativas de conocer los expedientes de las desapariciones de nuestros familiares. Tenemos una nueva esperanza\u201d, coment\u00f3 la madre.<\/p>\n<p><a href=\"https:\/\/www.sinembargo.mx\/11-08-2020\/3839814\" rel=\"noopener noreferrer\" target=\"_blank\">https:\/\/www.sinembargo.mx\/11-08-2020\/3839814<\/a><\/p>\n","protected":false},"excerpt":{"rendered":"<p>Sugeyry Romina G\u00e1ndara \/ Sin embargo El pasado 3 de agosto, el Juzgado Quinto de Distrito en Veracruz emiti\u00f3 una sentencia que establece que la Fiscal\u00eda de Veracruz viol\u00f3 los &hellip; <a href=\"https:\/\/www.grieta.org.mx\/index.php\/2020\/08\/11\/policias-de-veracruz-se-llevaron-a-adrian-mientras-trabajaba-fue-en-2013-y-su-familia-aun-lo-busca\/\" class=\"more-link\">Leer m\u00e1s<\/a><\/p>\n","protected":false},"author":2,"featured_media":53550,"comment_status":"closed","ping_status":"closed","sticky":false,"template":"","format":"standard","meta":{"ngg_post_thumbnail":0,"_jetpack_newsletter_access":"","_jetpack_dont_email_post_to_subs":false,"_jetpack_newsletter_tier_id":0,"_jetpack_memberships_contains_paywalled_content":false,"_jetpack_memberships_contains_paid_content":false,"footnotes":""},"categories":[80,87,1012,2,83,35],"tags":[2484,121],"class_list":["post-53549","post","type-post","status-publish","format-standard","has-post-thumbnail","hentry","category-cintillo","category-desaparecidos","category-desaparecidos-en-veracruz","category-noticias-nacionales","category-temas-nacionales","category-veracruz","tag-buscadoras","tag-desaparecidos","entry"],"jetpack_featured_media_url":"https:\/\/www.grieta.org.mx\/wp-content\/uploads\/2020\/09\/ricadrian1.jpg","jetpack_sharing_enabled":true,"jetpack_shortlink":"https:\/\/wp.me\/p7ZJR4-dVH","jetpack_likes_enabled":false,"jetpack-related-posts":[{"id":53516,"url":"https:\/\/www.grieta.org.mx\/index.php\/2020\/08\/21\/caso-formando-hogar-la-desaparicion-forzada-de-6-jovenes-en-veracruz-que-sigue-impune-veracruz\/","url_meta":{"origin":53549,"position":0},"title":"Caso Formando Hogar: la desaparici\u00f3n forzada de 6 j\u00f3venes en Veracruz que sigue impune (Veracruz)","author":"grieta","date":"21 agosto, 2020","format":false,"excerpt":"Eliana Gilet \/ Sputnik news El Juzgado quinto de distrito del estado de Veracruz sentenci\u00f3 que la Fiscal\u00eda local viol\u00f3 los derechos de la familia de Ricardo Adri\u00e1n Garc\u00eda Cruz, v\u00edctima de desaparici\u00f3n forzada desde el a\u00f1o 2013 y mandat\u00f3 a investigar lo sucedido con el joven como un crimen\u2026","rel":"","context":"En &quot;CINTILLO&quot;","block_context":{"text":"CINTILLO","link":"https:\/\/www.grieta.org.mx\/index.php\/category\/cintillo\/"},"img":{"alt_text":"","src":"https:\/\/i0.wp.com\/www.grieta.org.mx\/wp-content\/uploads\/2020\/09\/Screenshot_2020-09-18-Caso-Formando-Hogar-la-desaparicion-forzada-de-6-jovenes-en-Veracruz-que-sigue-impune.png?resize=350%2C200&ssl=1","width":350,"height":200,"srcset":"https:\/\/i0.wp.com\/www.grieta.org.mx\/wp-content\/uploads\/2020\/09\/Screenshot_2020-09-18-Caso-Formando-Hogar-la-desaparicion-forzada-de-6-jovenes-en-Veracruz-que-sigue-impune.png?resize=350%2C200&ssl=1 1x, https:\/\/i0.wp.com\/www.grieta.org.mx\/wp-content\/uploads\/2020\/09\/Screenshot_2020-09-18-Caso-Formando-Hogar-la-desaparicion-forzada-de-6-jovenes-en-Veracruz-que-sigue-impune.png?resize=525%2C300&ssl=1 1.5x, https:\/\/i0.wp.com\/www.grieta.org.mx\/wp-content\/uploads\/2020\/09\/Screenshot_2020-09-18-Caso-Formando-Hogar-la-desaparicion-forzada-de-6-jovenes-en-Veracruz-que-sigue-impune.png?resize=700%2C400&ssl=1 2x, https:\/\/i0.wp.com\/www.grieta.org.mx\/wp-content\/uploads\/2020\/09\/Screenshot_2020-09-18-Caso-Formando-Hogar-la-desaparicion-forzada-de-6-jovenes-en-Veracruz-que-sigue-impune.png?resize=1050%2C600&ssl=1 3x"},"classes":[]},{"id":25692,"url":"https:\/\/www.grieta.org.mx\/index.php\/2018\/08\/05\/lucha-por-los-desaparecidos-en-orizaba-cordoba-veracruz\/","url_meta":{"origin":53549,"position":1},"title":"Lucha por los desaparecidos en Orizaba &#8211; C\u00f3rdoba, Veracruz","author":"grieta","date":"5 agosto, 2018","format":false,"excerpt":"CENCOS \/ Redacci\u00f3n","rel":"","context":"En &quot;CINTILLO&quot;","block_context":{"text":"CINTILLO","link":"https:\/\/www.grieta.org.mx\/index.php\/category\/cintillo\/"},"img":{"alt_text":"","src":"https:\/\/i0.wp.com\/www.grieta.org.mx\/wp-content\/uploads\/2018\/08\/WhatsApp-Image-2016-10-12-at-16.26.19.jpeg?resize=350%2C200&ssl=1","width":350,"height":200,"srcset":"https:\/\/i0.wp.com\/www.grieta.org.mx\/wp-content\/uploads\/2018\/08\/WhatsApp-Image-2016-10-12-at-16.26.19.jpeg?resize=350%2C200&ssl=1 1x, https:\/\/i0.wp.com\/www.grieta.org.mx\/wp-content\/uploads\/2018\/08\/WhatsApp-Image-2016-10-12-at-16.26.19.jpeg?resize=525%2C300&ssl=1 1.5x, https:\/\/i0.wp.com\/www.grieta.org.mx\/wp-content\/uploads\/2018\/08\/WhatsApp-Image-2016-10-12-at-16.26.19.jpeg?resize=700%2C400&ssl=1 2x, https:\/\/i0.wp.com\/www.grieta.org.mx\/wp-content\/uploads\/2018\/08\/WhatsApp-Image-2016-10-12-at-16.26.19.jpeg?resize=1050%2C600&ssl=1 3x"},"classes":[]},{"id":40860,"url":"https:\/\/www.grieta.org.mx\/index.php\/2019\/10\/30\/desaparecen-siete-personas-que-fueron-detenidos-por-la-policia-suman-10-casos-veracruz\/","url_meta":{"origin":53549,"position":2},"title":"Desaparecen siete personas que fueron detenidos por la polic\u00eda; suman 10 casos (Veracruz)","author":"grieta","date":"30 octubre, 2019","format":false,"excerpt":"Texto: Julio Herrera \/ Voz Alterna{ Ixtaczoquitl\u00e1n.- Este municipio se ha convertido en un foco rojo en el tema de desapariciones en la zona centro del estado, ya que suman 10 personas no localizadas en 18 d\u00edas. El pasado 8 de octubre tres j\u00f3venes oriundos de Ixhuatl\u00e1n del Caf\u00e9 desaparecieron.\u2026","rel":"","context":"En &quot;CINTILLO&quot;","block_context":{"text":"CINTILLO","link":"https:\/\/www.grieta.org.mx\/index.php\/category\/cintillo\/"},"img":{"alt_text":"","src":"https:\/\/i0.wp.com\/www.grieta.org.mx\/wp-content\/uploads\/2019\/11\/foto-desaparecidos-oct.jpg?resize=350%2C200&ssl=1","width":350,"height":200,"srcset":"https:\/\/i0.wp.com\/www.grieta.org.mx\/wp-content\/uploads\/2019\/11\/foto-desaparecidos-oct.jpg?resize=350%2C200&ssl=1 1x, https:\/\/i0.wp.com\/www.grieta.org.mx\/wp-content\/uploads\/2019\/11\/foto-desaparecidos-oct.jpg?resize=525%2C300&ssl=1 1.5x, https:\/\/i0.wp.com\/www.grieta.org.mx\/wp-content\/uploads\/2019\/11\/foto-desaparecidos-oct.jpg?resize=700%2C400&ssl=1 2x"},"classes":[]},{"id":53343,"url":"https:\/\/www.grieta.org.mx\/index.php\/2020\/08\/25\/preocupa-aumento-en-desapariciones-de-menores-en-veracruz-solecito\/","url_meta":{"origin":53549,"position":3},"title":"Preocupa aumento en desapariciones de menores en Veracruz: Solecito","author":"grieta","date":"25 agosto, 2020","format":false,"excerpt":"MARCELO L. BERMUDEZ \/ La Silla Rota Por medio de sus redes sociales, integrantes del Colectivo Solecito de b\u00fasqueda de desaparecidos, expresaron su preocupaci\u00f3n por las recientes desapariciones de menores de edad en Veracruz, que en los dos meses anteriores suman al menos 21 casos reportados por la Comisi\u00f3n Estatal\u2026","rel":"","context":"En &quot;CINTILLO&quot;","block_context":{"text":"CINTILLO","link":"https:\/\/www.grieta.org.mx\/index.php\/category\/cintillo\/"},"img":{"alt_text":"","src":"https:\/\/i0.wp.com\/www.grieta.org.mx\/wp-content\/uploads\/2020\/09\/screenshot20200825facebook-focus-0-0-983-557.jpg?resize=350%2C200&ssl=1","width":350,"height":200,"srcset":"https:\/\/i0.wp.com\/www.grieta.org.mx\/wp-content\/uploads\/2020\/09\/screenshot20200825facebook-focus-0-0-983-557.jpg?resize=350%2C200&ssl=1 1x, https:\/\/i0.wp.com\/www.grieta.org.mx\/wp-content\/uploads\/2020\/09\/screenshot20200825facebook-focus-0-0-983-557.jpg?resize=525%2C300&ssl=1 1.5x, https:\/\/i0.wp.com\/www.grieta.org.mx\/wp-content\/uploads\/2020\/09\/screenshot20200825facebook-focus-0-0-983-557.jpg?resize=700%2C400&ssl=1 2x"},"classes":[]},{"id":8525,"url":"https:\/\/www.grieta.org.mx\/index.php\/2015\/07\/03\/movilizaciones-por-ayotzinapa-en-veracruz\/","url_meta":{"origin":53549,"position":4},"title":"Movilizaciones por Ayotzinapa en Veracruz","author":"Admin","date":"3 julio, 2015","format":false,"excerpt":"03\/07\/15. Visita comitiva de los padres de los 43 Desaparecidos y 3 Asesinados Sierras de Veracruz y Oaxaca Zapateando 29\/06\/15. Familiares de desaparecidos unen su lucha con organizaciones ind\u00edgenas del sur de Veracruz Zapateando","rel":"","context":"En &quot;Desaparecidos&quot;","block_context":{"text":"Desaparecidos","link":"https:\/\/www.grieta.org.mx\/index.php\/category\/temas-nacionales\/desaparecidos\/"},"img":{"alt_text":"","src":"https:\/\/i0.wp.com\/www.grieta.org.mx\/wp-content\/uploads\/2018\/03\/14524434_1106112876131411_958039263622046936_o.jpg?resize=350%2C200&ssl=1","width":350,"height":200,"srcset":"https:\/\/i0.wp.com\/www.grieta.org.mx\/wp-content\/uploads\/2018\/03\/14524434_1106112876131411_958039263622046936_o.jpg?resize=350%2C200&ssl=1 1x, https:\/\/i0.wp.com\/www.grieta.org.mx\/wp-content\/uploads\/2018\/03\/14524434_1106112876131411_958039263622046936_o.jpg?resize=525%2C300&ssl=1 1.5x, https:\/\/i0.wp.com\/www.grieta.org.mx\/wp-content\/uploads\/2018\/03\/14524434_1106112876131411_958039263622046936_o.jpg?resize=700%2C400&ssl=1 2x"},"classes":[]},{"id":36786,"url":"https:\/\/www.grieta.org.mx\/index.php\/2019\/07\/19\/visitan-colectivos-del-pais-reclusorios-del-norte-de-veracruz\/","url_meta":{"origin":53549,"position":5},"title":"Visitan colectivos del pa\u00eds reclusorios del norte de Veracruz","author":"Admin","date":"19 julio, 2019","format":false,"excerpt":"Jes\u00fas Rodr\u00edguez \/ Quadrat\u00edn Veracruz POZA RICA, Ver., 19 de julio de 2019.- Integrantes de Colectivos de Personas Desaparecidas provenientes de otras entidades del pa\u00eds visitaron Centros Penitenciarios del norte de Veracruz con la esperanza de buscar alg\u00fan tipo de informaci\u00f3n que los ayude a dar con el paradero de\u2026","rel":"","context":"En &quot;CINTILLO&quot;","block_context":{"text":"CINTILLO","link":"https:\/\/www.grieta.org.mx\/index.php\/category\/cintillo\/"},"img":{"alt_text":"","src":"https:\/\/i0.wp.com\/www.grieta.org.mx\/wp-content\/uploads\/2019\/07\/penal-poza-rica-1160x700.jpg?resize=350%2C200&ssl=1","width":350,"height":200,"srcset":"https:\/\/i0.wp.com\/www.grieta.org.mx\/wp-content\/uploads\/2019\/07\/penal-poza-rica-1160x700.jpg?resize=350%2C200&ssl=1 1x, https:\/\/i0.wp.com\/www.grieta.org.mx\/wp-content\/uploads\/2019\/07\/penal-poza-rica-1160x700.jpg?resize=525%2C300&ssl=1 1.5x, https:\/\/i0.wp.com\/www.grieta.org.mx\/wp-content\/uploads\/2019\/07\/penal-poza-rica-1160x700.jpg?resize=700%2C400&ssl=1 2x, https:\/\/i0.wp.com\/www.grieta.org.mx\/wp-content\/uploads\/2019\/07\/penal-poza-rica-1160x700.jpg?resize=1050%2C600&ssl=1 3x"},"classes":[]}],"_links":{"self":[{"href":"https:\/\/www.grieta.org.mx\/index.php\/wp-json\/wp\/v2\/posts\/53549","targetHints":{"allow":["GET"]}}],"collection":[{"href":"https:\/\/www.grieta.org.mx\/index.php\/wp-json\/wp\/v2\/posts"}],"about":[{"href":"https:\/\/www.grieta.org.mx\/index.php\/wp-json\/wp\/v2\/types\/post"}],"author":[{"embeddable":true,"href":"https:\/\/www.grieta.org.mx\/index.php\/wp-json\/wp\/v2\/users\/2"}],"replies":[{"embeddable":true,"href":"https:\/\/www.grieta.org.mx\/index.php\/wp-json\/wp\/v2\/comments?post=53549"}],"version-history":[{"count":1,"href":"https:\/\/www.grieta.org.mx\/index.php\/wp-json\/wp\/v2\/posts\/53549\/revisions"}],"predecessor-version":[{"id":53553,"href":"https:\/\/www.grieta.org.mx\/index.php\/wp-json\/wp\/v2\/posts\/53549\/revisions\/53553"}],"wp:featuredmedia":[{"embeddable":true,"href":"https:\/\/www.grieta.org.mx\/index.php\/wp-json\/wp\/v2\/media\/53550"}],"wp:attachment":[{"href":"https:\/\/www.grieta.org.mx\/index.php\/wp-json\/wp\/v2\/media?parent=53549"}],"wp:term":[{"taxonomy":"category","embeddable":true,"href":"https:\/\/www.grieta.org.mx\/index.php\/wp-json\/wp\/v2\/categories?post=53549"},{"taxonomy":"post_tag","embeddable":true,"href":"https:\/\/www.grieta.org.mx\/index.php\/wp-json\/wp\/v2\/tags?post=53549"}],"curies":[{"name":"wp","href":"https:\/\/api.w.org\/{rel}","templated":true}]}}