{"id":53528,"date":"2020-09-17T18:15:25","date_gmt":"2020-09-17T23:15:25","guid":{"rendered":"http:\/\/www.grieta.org.mx\/?p=53528"},"modified":"2020-09-18T18:21:14","modified_gmt":"2020-09-18T23:21:14","slug":"tras-resolucion-judicial-minera-exige-reactivar-evaluacion-de-mina-en-ixtacamaxtitlan-puebla","status":"publish","type":"post","link":"https:\/\/www.grieta.org.mx\/index.php\/2020\/09\/17\/tras-resolucion-judicial-minera-exige-reactivar-evaluacion-de-mina-en-ixtacamaxtitlan-puebla\/","title":{"rendered":"Tras resoluci\u00f3n judicial, minera exige reactivar evaluaci\u00f3n de mina en Ixtacamaxtitl\u00e1n (Puebla)"},"content":{"rendered":"<p><img loading=\"lazy\" decoding=\"async\" data-attachment-id=\"53529\" data-permalink=\"https:\/\/www.grieta.org.mx\/index.php\/2020\/09\/17\/tras-resolucion-judicial-minera-exige-reactivar-evaluacion-de-mina-en-ixtacamaxtitlan-puebla\/minera-3\/\" data-orig-file=\"https:\/\/www.grieta.org.mx\/wp-content\/uploads\/2020\/09\/Minera.jpg\" data-orig-size=\"1200,900\" data-comments-opened=\"0\" data-image-meta=\"{&quot;aperture&quot;:&quot;0&quot;,&quot;credit&quot;:&quot;&quot;,&quot;camera&quot;:&quot;&quot;,&quot;caption&quot;:&quot;&quot;,&quot;created_timestamp&quot;:&quot;0&quot;,&quot;copyright&quot;:&quot;&quot;,&quot;focal_length&quot;:&quot;0&quot;,&quot;iso&quot;:&quot;0&quot;,&quot;shutter_speed&quot;:&quot;0&quot;,&quot;title&quot;:&quot;&quot;,&quot;orientation&quot;:&quot;0&quot;}\" data-image-title=\"Minera\" data-image-description=\"\" data-image-caption=\"\" data-medium-file=\"https:\/\/www.grieta.org.mx\/wp-content\/uploads\/2020\/09\/Minera-300x225.jpg\" data-large-file=\"https:\/\/www.grieta.org.mx\/wp-content\/uploads\/2020\/09\/Minera-1024x768.jpg\" class=\"alignnone wp-image-53529\" src=\"http:\/\/www.grieta.org.mx\/wp-content\/uploads\/2020\/09\/Minera-300x225.jpg\" alt=\"\" width=\"800\" height=\"600\" srcset=\"https:\/\/www.grieta.org.mx\/wp-content\/uploads\/2020\/09\/Minera-300x225.jpg 300w, https:\/\/www.grieta.org.mx\/wp-content\/uploads\/2020\/09\/Minera-1024x768.jpg 1024w, https:\/\/www.grieta.org.mx\/wp-content\/uploads\/2020\/09\/Minera-768x576.jpg 768w, https:\/\/www.grieta.org.mx\/wp-content\/uploads\/2020\/09\/Minera-667x500.jpg 667w, https:\/\/www.grieta.org.mx\/wp-content\/uploads\/2020\/09\/Minera.jpg 1200w\" sizes=\"auto, (max-width: 800px) 100vw, 800px\" \/><br \/>\nGabriela Hern\u00e1ndez &#8211; Proceso<\/p>\n<p>PUEBLA, Pue. (apro).- Minera Gorri\u00f3n, subsidiaria de la empresa canadiense Almaden Minerals, inform\u00f3 que obtuvo a su favor una resoluci\u00f3n judicial en contra de la determinaci\u00f3n de la Secretar\u00eda de Medio Ambiente y Recursos Naturales (Semarnat) de suspender el proceso de evaluaci\u00f3n de impacto ambiental de su proyecto de mina a cielo abierto en el municipio de Ixtacamaxtitl\u00e1n, Puebla.<\/p>\n<p>En un comunicado, la empresa pidi\u00f3 a la Semarnat reanudar el proceso de evaluaci\u00f3n que suspendi\u00f3 en octubre de 2019, para que emita un resolutivo sobre la Manifestaci\u00f3n de Impacto Ambiental (MIA) de su proyecto de extraer oro y plata en esa localidad.<\/p>\n<p>Precis\u00f3 que el pasado viernes 4 el Juzgado Segundo de Distrito en Puebla resolvi\u00f3 que la dependencia no es parte de un juicio de amparo que fue interpuesto desde 2015 por parte de pobladores de Ixtacamaxtitl\u00e1n en contra de la minera.<\/p>\n<p>Cuando V\u00edctor Toledo estuvo al frente de la Semarnat resolvi\u00f3 dejar en suspenso la resoluci\u00f3n de la MIA en torno a la mina, bajo el argumento de que estaba en proceso la resoluci\u00f3n definitiva del amparo.<\/p>\n<p>En abril de 2019, el Juzgado Segundo de Distrito en Materia de Amparo Civil, Administrativa, de Trabajo y de Juicios Federales en el Estado de Puebla, fall\u00f3 a favor de la comunidad nahua de Tecoltemi \u2013dentro del juicio de amparo 445\/2015\u2013, la cual aleg\u00f3 que la Secretar\u00eda de Econom\u00eda entreg\u00f3 dos concesiones a la minera canadiense sin consultar a la poblaci\u00f3n ind\u00edgena.<\/p>\n<p>Sin embargo, Almaden Minerals ha continuado el litigio contra esa localidad, pero a la vez ha exigido a las autoridades expedir los permisos, al se\u00f1alar que en su momento actualiz\u00f3 su sistema de concesiones para no afectar los terrenos del ejido Tecoltemi.<\/p>\n<p>Seg\u00fan la minera, el Juzgado se\u00f1al\u00f3 que todas las decisiones de la Semarnat relacionadas con el proceso de autorizaci\u00f3n de la MIA del proyecto Ixtaca no son actos que hayan sido se\u00f1alados en el juicio de amparo, y que por ello tiene libertad de emitir lo que bajo su responsabilidad y facultad corresponda.<\/p>\n<p>Organizaciones como Fundar, el Consejo Tiyat Tlali y la Uni\u00f3n de Comunidades y Ejidos en Defensa del Agua, la Tierra y la Vida, han acompa\u00f1ado la resistencia en contra de este proyecto minero que igual ha reclamado la inconstitucionalidad de art\u00edculos de la Ley Minera, al asegurar que \u00e9sta permite la entrega de territorios a las empresas sin consulta previa.<\/p>\n<p>Pero Almaden Minerals ha basado su defensa en que las nuevas concesiones est\u00e1n incluso alejadas de la localidad que tramit\u00f3 el amparo.<\/p>\n<p><a href=\"https:\/\/www.proceso.com.mx\/648626\/tras-resolucion-judicial-minera-exige-reactivar-evaluacion-de-mina-en-ixtacamaxtitlan\">https:\/\/www.proceso.com.mx\/648626\/tras-resolucion-judicial-minera-exige-reactivar-evaluacion-de-mina-en-ixtacamaxtitlan<\/a><\/p>\n","protected":false},"excerpt":{"rendered":"<p>Gabriela Hern\u00e1ndez &#8211; Proceso PUEBLA, Pue. (apro).- Minera Gorri\u00f3n, subsidiaria de la empresa canadiense Almaden Minerals, inform\u00f3 que obtuvo a su favor una resoluci\u00f3n judicial en contra de la determinaci\u00f3n &hellip; <a href=\"https:\/\/www.grieta.org.mx\/index.php\/2020\/09\/17\/tras-resolucion-judicial-minera-exige-reactivar-evaluacion-de-mina-en-ixtacamaxtitlan-puebla\/\" class=\"more-link\">Leer m\u00e1s<\/a><\/p>\n","protected":false},"author":1,"featured_media":53529,"comment_status":"closed","ping_status":"closed","sticky":false,"template":"","format":"standard","meta":{"ngg_post_thumbnail":0,"_jetpack_newsletter_access":"","_jetpack_dont_email_post_to_subs":false,"_jetpack_newsletter_tier_id":0,"_jetpack_memberships_contains_paywalled_content":false,"_jetpack_memberships_contains_paid_content":false,"footnotes":""},"categories":[80,3,6,1024,2,26],"tags":[2967,1663,109],"class_list":["post-53528","post","type-post","status-publish","format-standard","has-post-thumbnail","hentry","category-cintillo","category-megaproyectos","category-mineria","category-mineria-en-puebla","category-noticias-nacionales","category-puebla","tag-afectaciones-por-mineria","tag-minera-autlan","tag-mineria","entry"],"jetpack_featured_media_url":"https:\/\/www.grieta.org.mx\/wp-content\/uploads\/2020\/09\/Minera.jpg","jetpack_sharing_enabled":true,"jetpack_shortlink":"https:\/\/wp.me\/p7ZJR4-dVm","jetpack_likes_enabled":false,"jetpack-related-posts":[{"id":40588,"url":"https:\/\/www.grieta.org.mx\/index.php\/2019\/10\/22\/ixtacamaxtitlan-pide-a-semarnat-que-pare-proyecto-minero-ixtaca-puebla\/","url_meta":{"origin":53528,"position":0},"title":"Ixtacamaxtitl\u00e1n pide a Semarnat que pare Proyecto Minero Ixtaca (Puebla)","author":"Admin","date":"22 octubre, 2019","format":false,"excerpt":"Paula Carrizosa \/ La Jornada de Oriente Comunidades de Ixtacamaxtitl\u00e1n -organizadas en la Uni\u00f3n de Ejidos y Comunidades en Defensa de la Tierra, el Agua y la Vida Atcolhua as\u00ed como comunidades habitantes de la cuenca del r\u00edo Apulco, acompa\u00f1adas por organizaciones de la sociedad civil se pronunciaron en contra\u2026","rel":"","context":"En &quot;CINTILLO&quot;","block_context":{"text":"CINTILLO","link":"https:\/\/www.grieta.org.mx\/index.php\/category\/cintillo\/"},"img":{"alt_text":"","src":"https:\/\/i0.wp.com\/www.grieta.org.mx\/wp-content\/uploads\/2019\/10\/WhatsApp-Image-2018-11-21-at-10.56.38.jpeg?resize=350%2C200&ssl=1","width":350,"height":200},"classes":[]},{"id":61081,"url":"https:\/\/www.grieta.org.mx\/index.php\/2021\/08\/06\/ixtacamaxtitlan-denuncia-actividades-de-exploracion-ilegal-de-la-minera-almaden-minerals-puebla\/","url_meta":{"origin":53528,"position":1},"title":"Ixtacamaxtitl\u00e1n denuncia actividades de exploraci\u00f3n ilegal de la minera Almaden Minerals (Puebla)","author":"Admin","date":"6 agosto, 2021","format":false,"excerpt":"Gabriela Hern\u00e1ndez \/ Proceso PUEBLA, Pue. (apro).- Pobladores del municipio de Ixtacamaxtitl\u00e1n, ubicado en la Sierra Norte de Puebla, presentaron una denuncia ante la Procuradur\u00eda Federal de Protecci\u00f3n al Ambiente (Profepa) en contra de la empresa Minera Gorri\u00f3n, subsidiaria de la canadiense Almaden Minerals, por iniciar tareas de exploraci\u00f3n en\u2026","rel":"","context":"En &quot;CINTILLO&quot;","block_context":{"text":"CINTILLO","link":"https:\/\/www.grieta.org.mx\/index.php\/category\/cintillo\/"},"img":{"alt_text":"","src":"https:\/\/i0.wp.com\/www.grieta.org.mx\/wp-content\/uploads\/2021\/08\/f800x450-140368_191814_5050.jpg?resize=350%2C200&ssl=1","width":350,"height":200,"srcset":"https:\/\/i0.wp.com\/www.grieta.org.mx\/wp-content\/uploads\/2021\/08\/f800x450-140368_191814_5050.jpg?resize=350%2C200&ssl=1 1x, https:\/\/i0.wp.com\/www.grieta.org.mx\/wp-content\/uploads\/2021\/08\/f800x450-140368_191814_5050.jpg?resize=525%2C300&ssl=1 1.5x, https:\/\/i0.wp.com\/www.grieta.org.mx\/wp-content\/uploads\/2021\/08\/f800x450-140368_191814_5050.jpg?resize=700%2C400&ssl=1 2x"},"classes":[]},{"id":30024,"url":"https:\/\/www.grieta.org.mx\/index.php\/2019\/03\/01\/niegan-a-minera-explotacion-de-oro-y-plata-en-ixtacamaxtitlan-puebla\/","url_meta":{"origin":53528,"position":2},"title":"Niegan a minera explotaci\u00f3n de oro y plata en Ixtacamaxtitl\u00e1n (Puebla)","author":"grieta","date":"1 marzo, 2019","format":false,"excerpt":"Puebla, Pue.- La Secretar\u00eda de Medio Ambiente y Recursos Naturales (Semarnat) neg\u00f3 a la empresa Minera Gorri\u00f3n S.A. de C.V la autorizaci\u00f3n para cambiar el uso de suelo en una extens\u00f3n de mil 44 hect\u00e1reas, donde pretend\u00eda extraer oro y plata. La empresa habr\u00eda presentado un primer proyecto el 18\u2026","rel":"","context":"En &quot;CINTILLO&quot;","block_context":{"text":"CINTILLO","link":"https:\/\/www.grieta.org.mx\/index.php\/category\/cintillo\/"},"img":{"alt_text":"","src":"https:\/\/i0.wp.com\/www.grieta.org.mx\/wp-content\/uploads\/2019\/03\/imagen_minas.jpg?resize=350%2C200&ssl=1","width":350,"height":200,"srcset":"https:\/\/i0.wp.com\/www.grieta.org.mx\/wp-content\/uploads\/2019\/03\/imagen_minas.jpg?resize=350%2C200&ssl=1 1x, https:\/\/i0.wp.com\/www.grieta.org.mx\/wp-content\/uploads\/2019\/03\/imagen_minas.jpg?resize=525%2C300&ssl=1 1.5x"},"classes":[]},{"id":35601,"url":"https:\/\/www.grieta.org.mx\/index.php\/2019\/06\/23\/pobladores-rechazan-mina-ixtaca-clausuran-oficina-puebla\/","url_meta":{"origin":53528,"position":3},"title":"Pobladores rechazan Mina Ixtaca, clausuran oficina (Puebla)","author":"Admin","date":"23 junio, 2019","format":false,"excerpt":"Redacci\u00f3n \/ MUNICIPIOS PUEBLA Ixtacamaxtitl\u00e1n, Pue.- Pobladores marcharon contra el proyecto de mina Ixtaca, que impulsa Minera Gorri\u00f3n, subsidiaria de la canadiense Almaden Minerals, y clausuraron la oficina de informaci\u00f3n que tienen instalada en Ixtacamaxtitl\u00e1n. Esto, a dos d\u00edas de una reuni\u00f3n p\u00fablica de informaci\u00f3n que ha sido convocada por\u2026","rel":"","context":"En &quot;26. Sierra Puebla&quot;","block_context":{"text":"26. Sierra Puebla","link":"https:\/\/www.grieta.org.mx\/index.php\/category\/espejos-de-la-resistencia\/26-sierra-puebla\/"},"img":{"alt_text":"","src":"https:\/\/i0.wp.com\/www.grieta.org.mx\/wp-content\/uploads\/2019\/06\/whatsapp_image_2019-06-23_at_3.57.39_pm_4.jpg?resize=350%2C200&ssl=1","width":350,"height":200,"srcset":"https:\/\/i0.wp.com\/www.grieta.org.mx\/wp-content\/uploads\/2019\/06\/whatsapp_image_2019-06-23_at_3.57.39_pm_4.jpg?resize=350%2C200&ssl=1 1x, https:\/\/i0.wp.com\/www.grieta.org.mx\/wp-content\/uploads\/2019\/06\/whatsapp_image_2019-06-23_at_3.57.39_pm_4.jpg?resize=525%2C300&ssl=1 1.5x, https:\/\/i0.wp.com\/www.grieta.org.mx\/wp-content\/uploads\/2019\/06\/whatsapp_image_2019-06-23_at_3.57.39_pm_4.jpg?resize=700%2C400&ssl=1 2x"},"classes":[]},{"id":32328,"url":"https:\/\/www.grieta.org.mx\/index.php\/2019\/04\/15\/minera-en-ixtacamaxtitlan-sigue-no-entra-en-resolucion-de-demanda-almaden\/","url_meta":{"origin":53528,"position":4},"title":"Minera en Ixtacamaxtitl\u00e1n sigue, no entra en resoluci\u00f3n de demanda: Almaden","author":"grieta","date":"15 abril, 2019","format":false,"excerpt":"Diana Lizeth P\u00e9rez Morales \/ \u00c1ngulo 7 A pesar de que el sistema de concesiones mineras en M\u00e9xico fue declarado inconstitucional, Almaden Minerals inform\u00f3 que contin\u00faa su proyecto en Ixtacamaxtitl\u00e1n porque s\u00ed present\u00f3 su permiso ambiental y no forma parte de la demanda. Por medio de un comunicado emitido este\u2026","rel":"","context":"En &quot;CINTILLO&quot;","block_context":{"text":"CINTILLO","link":"https:\/\/www.grieta.org.mx\/index.php\/category\/cintillo\/"},"img":{"alt_text":"","src":"https:\/\/i0.wp.com\/www.grieta.org.mx\/wp-content\/uploads\/2019\/04\/direct-16.jpg?resize=350%2C200&ssl=1","width":350,"height":200,"srcset":"https:\/\/i0.wp.com\/www.grieta.org.mx\/wp-content\/uploads\/2019\/04\/direct-16.jpg?resize=350%2C200&ssl=1 1x, https:\/\/i0.wp.com\/www.grieta.org.mx\/wp-content\/uploads\/2019\/04\/direct-16.jpg?resize=525%2C300&ssl=1 1.5x"},"classes":[]},{"id":54002,"url":"https:\/\/www.grieta.org.mx\/index.php\/2020\/09\/23\/habitantes-se-resisten-a-mineria-que-extraera-oro-y-plata-en-puebla\/","url_meta":{"origin":53528,"position":5},"title":"Habitantes se resisten a miner\u00eda que extraer\u00e1 oro y plata en Puebla","author":"Admin","date":"23 septiembre, 2020","format":false,"excerpt":"Israel Vel\u00e1zquez - La Silla Rota PUEBLA. -Ni Almaden Minerals ni los habitantes de Ixtacamaxtitl\u00e1n se dan por vencidos. La minera canadiense se empe\u00f1a en extraer oro y plata a cielo abierto en la Sierra Norte de Puebla, y los habitantes insisten en frenarla para proteger el medio ambiente. Almaden\u2026","rel":"","context":"En &quot;CINTILLO&quot;","block_context":{"text":"CINTILLO","link":"https:\/\/www.grieta.org.mx\/index.php\/category\/cintillo\/"},"img":{"alt_text":"","src":"https:\/\/i0.wp.com\/www.grieta.org.mx\/wp-content\/uploads\/2020\/10\/ixtacafotoface2_2-focus-min0.02-0.57-983-557.jpg?resize=350%2C200&ssl=1","width":350,"height":200,"srcset":"https:\/\/i0.wp.com\/www.grieta.org.mx\/wp-content\/uploads\/2020\/10\/ixtacafotoface2_2-focus-min0.02-0.57-983-557.jpg?resize=350%2C200&ssl=1 1x, https:\/\/i0.wp.com\/www.grieta.org.mx\/wp-content\/uploads\/2020\/10\/ixtacafotoface2_2-focus-min0.02-0.57-983-557.jpg?resize=525%2C300&ssl=1 1.5x, https:\/\/i0.wp.com\/www.grieta.org.mx\/wp-content\/uploads\/2020\/10\/ixtacafotoface2_2-focus-min0.02-0.57-983-557.jpg?resize=700%2C400&ssl=1 2x"},"classes":[]}],"_links":{"self":[{"href":"https:\/\/www.grieta.org.mx\/index.php\/wp-json\/wp\/v2\/posts\/53528","targetHints":{"allow":["GET"]}}],"collection":[{"href":"https:\/\/www.grieta.org.mx\/index.php\/wp-json\/wp\/v2\/posts"}],"about":[{"href":"https:\/\/www.grieta.org.mx\/index.php\/wp-json\/wp\/v2\/types\/post"}],"author":[{"embeddable":true,"href":"https:\/\/www.grieta.org.mx\/index.php\/wp-json\/wp\/v2\/users\/1"}],"replies":[{"embeddable":true,"href":"https:\/\/www.grieta.org.mx\/index.php\/wp-json\/wp\/v2\/comments?post=53528"}],"version-history":[{"count":1,"href":"https:\/\/www.grieta.org.mx\/index.php\/wp-json\/wp\/v2\/posts\/53528\/revisions"}],"predecessor-version":[{"id":53530,"href":"https:\/\/www.grieta.org.mx\/index.php\/wp-json\/wp\/v2\/posts\/53528\/revisions\/53530"}],"wp:featuredmedia":[{"embeddable":true,"href":"https:\/\/www.grieta.org.mx\/index.php\/wp-json\/wp\/v2\/media\/53529"}],"wp:attachment":[{"href":"https:\/\/www.grieta.org.mx\/index.php\/wp-json\/wp\/v2\/media?parent=53528"}],"wp:term":[{"taxonomy":"category","embeddable":true,"href":"https:\/\/www.grieta.org.mx\/index.php\/wp-json\/wp\/v2\/categories?post=53528"},{"taxonomy":"post_tag","embeddable":true,"href":"https:\/\/www.grieta.org.mx\/index.php\/wp-json\/wp\/v2\/tags?post=53528"}],"curies":[{"name":"wp","href":"https:\/\/api.w.org\/{rel}","templated":true}]}}