{"id":5352,"date":"2015-08-05T01:34:38","date_gmt":"2015-08-05T01:34:38","guid":{"rendered":"http:\/\/50.22.11.12\/~grietaor\/?p=5352"},"modified":"2016-03-27T01:47:06","modified_gmt":"2016-03-27T01:47:06","slug":"fonatur-mintio-a-semarnat-en-desarrollo-malecon-tajamar-cemda","status":"publish","type":"post","link":"https:\/\/www.grieta.org.mx\/index.php\/2015\/08\/05\/fonatur-mintio-a-semarnat-en-desarrollo-malecon-tajamar-cemda\/","title":{"rendered":"Fonatur minti\u00f3 a Semarnat en desarrollo \u201cMalec\u00f3n Tajamar\u201d: CEMDA"},"content":{"rendered":"<p>Para obtener la autorizaci\u00f3n de impacto ambiental, expedida por la Secretar\u00eda de Medio Ambiente y<br \/>\nRecursos Naturales (Semarnat), que permitiese el desarrollo del proyecto \u201cMalec\u00f3n Tajamar\u201d, en Canc\u00fan, el<br \/>\nFondo Nacional de Fomento al Turismo (Fonatur), present\u00f3 informaci\u00f3n falsa, al omitir la existencia de<br \/>\nmanglares en la zona a desarrollar, de acuerdo con el an\u00e1lisis jur\u00eddico del caso, hecho por el Centro<br \/>\nMexicano de Derecho Ambiental (Cemda)<br \/>\nLa agrupaci\u00f3n interpuso un amparo el 31 de julio pasado, en contra de la autorizaci\u00f3n condicionada que la<br \/>\nSemarnat emiti\u00f3 el 28 de julio del 2005, a favor del Fonatur.<br \/>\nCemda ubic\u00f3 que dicho permiso ambiental presenta vicios de origen que dieron pie a la expedici\u00f3n de<br \/>\npermisos posteriores, igualmente ilegales, en detrimento de los manglares y de la fauna ah\u00ed existente,<br \/>\ncontraviniendo adem\u00e1s la Constituci\u00f3n Mexicana que reconoce como derecho humano, el crecer y gozar de<br \/>\nun medioambiente sano.<br \/>\n\u201cEn la solicitud de amparo estamos diciendo que la autorizaci\u00f3n de impacto ambiental debe invalidarse<br \/>\nporque Fonatur present\u00f3 informaci\u00f3n falsa para obtenerla; omitieron la existencia de manglar en la zona y<br \/>\npor otro lado se\u00f1alan que de haber manglar, \u00e9ste carece de valor o no es representativo\u201d, dijo en entrevista,<br \/>\nla coordinadora regional del Cemda, Alejandra Serrano.<br \/>\nLa organizaci\u00f3n sostiene que \u201cresulta extra\u00f1o y hasta contradictorio\u201d que en la autorizaci\u00f3n ambiental se<br \/>\nmencione que el predio no presenta caracter\u00edsticas naturales \u201crelevantes o excepcionales\u201d, pese a que se<br \/>\nreconoce que el 64 por ciento (37.61 hect\u00e1reas) del total del predio, comprende vegetaci\u00f3n hidr\u00f3fila,<br \/>\nhabiendo ah\u00ed manglar primario, manglar secundario y manglar de Conocarpus-Rhizophora.<br \/>\nGobierno de Quintana Roo se opuso al proyecto<br \/>\nLa activista subray\u00f3 que el propio gobierno de Quintana Roo, a trav\u00e9s de su Instituto de Impacto y Riesgo<br \/>\nAmbiental (INIRA), emiti\u00f3 una opini\u00f3n negativa sobre el proyecto, por la existencia de humedales en los<br \/>\nterrenos.<br \/>\nEn 2005, durante el Proceso de Evaluaci\u00f3n del Impacto Ambiental (PEIA) a que fue sometido el proyecto<br \/>\n\u201cMalec\u00f3n Canc\u00fan\u201d, hoy \u201cMalec\u00f3n Tajamar\u201d, el gobierno quintanarroense, entonces al mando de F\u00e9lix<br \/>\nGonz\u00e1lez Canto, comunic\u00f3 oficialmente al director de Impacto y Riesgo Ambiental (DGIRA), Ricardo<br \/>\nJu\u00e1rez Palacios, su posici\u00f3n respecto al tema, en los siguientes t\u00e9rminos:<br \/>\n\u201cSe deber\u00eda negar la Autorizaci\u00f3n del proyecto, porque pretende afectar el 65 por ciento de la cobertura<br \/>\nvegetal, constituida principalmente por manglar, especie que se encuentra catalogada con estatus de<br \/>\nprotecci\u00f3n especial (\u2026)\u201d.<br \/>\nModificaciones fuera de procedimiento<br \/>\nDespu\u00e9s de haber obtenido la mencionada autorizaci\u00f3n, Fonatur inform\u00f3 a Semarnat que hab\u00eda un error en la<br \/>\nsuperficie de vegetaci\u00f3n que ser\u00eda desmontada. La cantidad a retirar ser\u00eda mayor a lo que Semarnat autoriz\u00f3<br \/>\noriginalmente.<br \/>\n\u201cLo incre\u00edble es que la DGIRA, en lugar de decirle al promovente (Fonatur) que no pod\u00eda hacer cambios,<br \/>\nacept\u00f3. Lo que proced\u00eda era presentar una nueva Manifestaci\u00f3n de Impacto Ambiental, porque aument\u00f3 la<br \/>\nsuperficie de desmonte y por tanto los impactos debieron evaluarse.<br \/>\n\u201cDe esa modificaci\u00f3n vinieron otros permisos, como el cambio de uso de suelo en terrenos forestales;<br \/>\nl\u00f3gicamente tambi\u00e9n presentan vicios de origen (\u2026) Lo que procede es declarar la nulidad de dicha<br \/>\nautorizaci\u00f3n y de las posteriores, adem\u00e1s de restaurar el lugar\u201d, explic\u00f3 Serrano Pav\u00f3n.<br \/>\nLa abogada record\u00f3 que el 28 de julio pasado, ciudadanas de Canc\u00fan y el propio CEMDA, document\u00f3 la<br \/>\nentrada y operaci\u00f3n de trascabos y retroexcavadoras que talaron y removieron vegetaci\u00f3n hidr\u00f3fila \u2013entre la<br \/>\ncual hab\u00eda manglar- en \u201cMalec\u00f3n Tajamar\u201d.<br \/>\nEstas acciones pusieron en \u201cevidente\u201d riesgo al ecosistema y a la fauna presentes en el sitio, sin contar con<br \/>\nque est\u00e1n se escudan en una autorizaci\u00f3n con vicios de origen.<br \/>\nDebido a ello, explic\u00f3 que al demostrarse la existencia de un humedal costero, se debe aplicar la Norma<br \/>\nOficial Mexicana 022, que se refiere a la preservaci\u00f3n, conservaci\u00f3n, aprovechamiento sustentable y<br \/>\nrestauraci\u00f3n de los humedales costeros en zonas de manglar.<br \/>\nTambi\u00e9n el art\u00edculo 60 TER, contenido en la Ley General de Vida Silvestre (LGVS) que proh\u00edbe la<br \/>\nremoci\u00f3n, relleno, trasplante, poda, o cualquier obra o actividad que afecte la integralidad del flujo<br \/>\nhidrol\u00f3gico del manglar; del ecosistema y su zona de influencia.<br \/>\nTanto el Fonatur, como funcionarios del gobierno municipal de Canc\u00fan y del gobierno de Quintana Roo, han<br \/>\nargumentado que dicho marco legal no le es aplicable al proyecto, pues fue autorizado antes de que el<br \/>\nart\u00edculo 60 TER entrara en vigor (2007), lo mismo que la reclasificaci\u00f3n de la Norma Oficial Mexicana 059<br \/>\n(2011) que aumenta la protecci\u00f3n del mangle.<br \/>\n\u201c(\u2026) es fundamental recordar que, al haberse demostrado que s\u00ed existe manglar en la zona, no se afectar\u00eda la<br \/>\ngarant\u00eda de irretroactividad consagrada en el art\u00edculo 14 constitucional, pues en el momento de otorgarse la<br \/>\nAutorizaci\u00f3n existieron violaciones a la ley\u201d, afirm\u00f3 el CEMDA.<\/p>\n<p><a href=\"http:\/\/www.eluniversal.com.mx\/articulo\/estados\/2015\/08\/5\/fonatur-mintio-semarnat-en-desarrollo-malecon-tajamar-cemda\" target=\"_blank\">www.eluniversal.com.mx\/articulo\/estados\/2015\/08\/5\/fonatur-mintio-semarnat-en-desarrollo-malecon-tajamar-cemda<\/a><\/p>\n","protected":false},"excerpt":{"rendered":"<p>Para obtener la autorizaci\u00f3n de impacto ambiental, expedida por la Secretar\u00eda de Medio Ambiente y Recursos Naturales (Semarnat), que permitiese el desarrollo del proyecto \u201cMalec\u00f3n Tajamar\u201d, en Canc\u00fan, el Fondo &hellip; <a href=\"https:\/\/www.grieta.org.mx\/index.php\/2015\/08\/05\/fonatur-mintio-a-semarnat-en-desarrollo-malecon-tajamar-cemda\/\" class=\"more-link\">Leer m\u00e1s<\/a><\/p>\n","protected":false},"author":2,"featured_media":21928,"comment_status":"closed","ping_status":"open","sticky":false,"template":"","format":"standard","meta":{"ngg_post_thumbnail":0,"_jetpack_newsletter_access":"","_jetpack_dont_email_post_to_subs":false,"_jetpack_newsletter_tier_id":0,"_jetpack_memberships_contains_paywalled_content":false,"_jetpack_memberships_contains_paid_content":false,"footnotes":""},"categories":[80,151],"tags":[398,316,356],"class_list":["post-5352","post","type-post","status-publish","format-standard","has-post-thumbnail","hentry","category-cintillo","category-quintana-roo","tag-fonatur","tag-manglar","tag-tajamar","entry"],"jetpack_featured_media_url":"https:\/\/www.grieta.org.mx\/wp-content\/uploads\/2018\/03\/14524434_1106112876131411_958039263622046936_o.jpg","jetpack_sharing_enabled":true,"jetpack_shortlink":"https:\/\/wp.me\/p7ZJR4-1ok","jetpack_likes_enabled":false,"jetpack-related-posts":[{"id":5094,"url":"https:\/\/www.grieta.org.mx\/index.php\/2015\/08\/09\/interponen-amparo-vs-malecon-tajamar\/","url_meta":{"origin":5352,"position":0},"title":"Interponen amparo vs Malec\u00f3n Tajamar","author":"grieta","date":"9 agosto, 2015","format":false,"excerpt":"Canc\u00fan, QR. El Centro Mexicano de Derecho Ambiental (Cemda) interpuso el pasado 31 de julio un amparo en contra de la autorizaci\u00f3n de la Manifestaci\u00f3n Impacto Ambiental (MIA) condicionada que la Secretar\u00eda de Medio Ambiente y Recursos Naturales (Semarnat) otorg\u00f3 en favor del Fondo Nacional de Fomento al Turismo (Fonatur)\u2026","rel":"","context":"En &quot;CINTILLO&quot;","block_context":{"text":"CINTILLO","link":"https:\/\/www.grieta.org.mx\/index.php\/category\/cintillo\/"},"img":{"alt_text":"","src":"https:\/\/i0.wp.com\/www.grieta.org.mx\/wp-content\/uploads\/2018\/03\/14524434_1106112876131411_958039263622046936_o.jpg?resize=350%2C200&ssl=1","width":350,"height":200,"srcset":"https:\/\/i0.wp.com\/www.grieta.org.mx\/wp-content\/uploads\/2018\/03\/14524434_1106112876131411_958039263622046936_o.jpg?resize=350%2C200&ssl=1 1x, https:\/\/i0.wp.com\/www.grieta.org.mx\/wp-content\/uploads\/2018\/03\/14524434_1106112876131411_958039263622046936_o.jpg?resize=525%2C300&ssl=1 1.5x, https:\/\/i0.wp.com\/www.grieta.org.mx\/wp-content\/uploads\/2018\/03\/14524434_1106112876131411_958039263622046936_o.jpg?resize=700%2C400&ssl=1 2x"},"classes":[]},{"id":4486,"url":"https:\/\/www.grieta.org.mx\/index.php\/2016\/06\/10\/protestas-ante-devastacion-provocada-por-malecon-tajamar-quintana-roo\/","url_meta":{"origin":5352,"position":1},"title":"Protestas ante devastaci\u00f3n provocada por Malec\u00f3n Tajamar (Quintana Roo)","author":"grieta","date":"10 junio, 2016","format":false,"excerpt":"10\/06\/16. Afrenta para Canc\u00fan aval de Profepa a Fonatur por destrucci\u00f3n en TajamarMarcrixnoticias 07\/06\/16. No hay delito ambiental en Tajamar Canc\u00fan resolvi\u00f3 la Profepa. El Fonatur actu\u00f3 apegado a lo autorizado por SemarnatNoticaribeNews 12\/04\/16. Ignoran 7 mil denuncias por TajamarLuces del Siglo 11\/02\/16. Defensores del Tajamar se dividen, desconocen a\u2026","rel":"","context":"En &quot;NOTICIAS NACIONALES&quot;","block_context":{"text":"NOTICIAS NACIONALES","link":"https:\/\/www.grieta.org.mx\/index.php\/category\/noticias-nacionales\/"},"img":{"alt_text":"","src":"https:\/\/i0.wp.com\/www.grieta.org.mx\/wp-content\/uploads\/2018\/03\/14524434_1106112876131411_958039263622046936_o.jpg?resize=350%2C200&ssl=1","width":350,"height":200,"srcset":"https:\/\/i0.wp.com\/www.grieta.org.mx\/wp-content\/uploads\/2018\/03\/14524434_1106112876131411_958039263622046936_o.jpg?resize=350%2C200&ssl=1 1x, https:\/\/i0.wp.com\/www.grieta.org.mx\/wp-content\/uploads\/2018\/03\/14524434_1106112876131411_958039263622046936_o.jpg?resize=525%2C300&ssl=1 1.5x, https:\/\/i0.wp.com\/www.grieta.org.mx\/wp-content\/uploads\/2018\/03\/14524434_1106112876131411_958039263622046936_o.jpg?resize=700%2C400&ssl=1 2x"},"classes":[]},{"id":5050,"url":"https:\/\/www.grieta.org.mx\/index.php\/2015\/11\/30\/juicio-contra-tajamar-se-extendera-al-2016\/","url_meta":{"origin":5352,"position":2},"title":"Juicio contra Tajamar se extender\u00e1 al 2016","author":"grieta","date":"30 noviembre, 2015","format":false,"excerpt":"Fonatur minti\u00f3 a las autoridades: Cemda La prolongaci\u00f3n del juicio implica que Fonatur vuelva a tramitar una nueva manifestaci\u00f3n de impacto ambiental. Jes\u00fas V\u00e1zquez Canc\u00fan, QR. El juicio contra los promotores de Malec\u00f3n Tajamar irremediablemente se extender\u00e1 m\u00e1s all\u00e1 de febrero del 2016, fecha en la que vencen los permisos\u2026","rel":"","context":"En &quot;CINTILLO&quot;","block_context":{"text":"CINTILLO","link":"https:\/\/www.grieta.org.mx\/index.php\/category\/cintillo\/"},"img":{"alt_text":"","src":"https:\/\/i0.wp.com\/www.grieta.org.mx\/wp-content\/uploads\/2018\/03\/14524434_1106112876131411_958039263622046936_o.jpg?resize=350%2C200&ssl=1","width":350,"height":200,"srcset":"https:\/\/i0.wp.com\/www.grieta.org.mx\/wp-content\/uploads\/2018\/03\/14524434_1106112876131411_958039263622046936_o.jpg?resize=350%2C200&ssl=1 1x, https:\/\/i0.wp.com\/www.grieta.org.mx\/wp-content\/uploads\/2018\/03\/14524434_1106112876131411_958039263622046936_o.jpg?resize=525%2C300&ssl=1 1.5x, https:\/\/i0.wp.com\/www.grieta.org.mx\/wp-content\/uploads\/2018\/03\/14524434_1106112876131411_958039263622046936_o.jpg?resize=700%2C400&ssl=1 2x"},"classes":[]},{"id":42497,"url":"https:\/\/www.grieta.org.mx\/index.php\/2019\/08\/22\/tajamar-sentencia-incumplida\/","url_meta":{"origin":5352,"position":3},"title":"Tajamar, sentencia incumplida","author":"grieta","date":"22 agosto, 2019","format":false,"excerpt":"Adriana Varillas\/Radio Form\u00fala QR Organizaciones civiles demandan que el gobierno federal destine recursos para financiar su restauraci\u00f3n A poco m\u00e1s de dos a\u00f1os de que el Tercer Tribunal Colegiado de Circuito, orden\u00f3 a la Secretar\u00eda de Medio Ambiente y Recursos Naturales (Semarnat), rehabilitar de forma inmediata los humedales del Malec\u00f3n\u2026","rel":"","context":"En &quot;CINTILLO&quot;","block_context":{"text":"CINTILLO","link":"https:\/\/www.grieta.org.mx\/index.php\/category\/cintillo\/"},"img":{"alt_text":"","src":"https:\/\/i0.wp.com\/www.grieta.org.mx\/wp-content\/uploads\/2019\/12\/malecon-tajamar-1-900x570-e1577397833470.jpg?resize=350%2C200&ssl=1","width":350,"height":200,"srcset":"https:\/\/i0.wp.com\/www.grieta.org.mx\/wp-content\/uploads\/2019\/12\/malecon-tajamar-1-900x570-e1577397833470.jpg?resize=350%2C200&ssl=1 1x, https:\/\/i0.wp.com\/www.grieta.org.mx\/wp-content\/uploads\/2019\/12\/malecon-tajamar-1-900x570-e1577397833470.jpg?resize=525%2C300&ssl=1 1.5x, https:\/\/i0.wp.com\/www.grieta.org.mx\/wp-content\/uploads\/2019\/12\/malecon-tajamar-1-900x570-e1577397833470.jpg?resize=700%2C400&ssl=1 2x"},"classes":[]},{"id":5476,"url":"https:\/\/www.grieta.org.mx\/index.php\/2015\/08\/12\/suspendio-la-profepa-malecon-tajamar\/","url_meta":{"origin":5352,"position":4},"title":"Suspendi\u00f3 la Profepa ?el Malec\u00f3n Tajamar","author":"grieta","date":"12 agosto, 2015","format":false,"excerpt":"Canc\u00fan, QR. La Procuradur\u00eda Federal de Protecci\u00f3n al Ambiente (Profepa) coloc\u00f3 los sellos de suspensi\u00f3n en las obras iniciadas haces dos semanas por la empresa italiana Bi&DI en Malec\u00f3n Tajamar, por no contar con la validaci\u00f3n de la Secretar\u00eda de Medio Ambiente y Recursos Naturales (Semarnat) para el desmonte de\u2026","rel":"","context":"En &quot;CINTILLO&quot;","block_context":{"text":"CINTILLO","link":"https:\/\/www.grieta.org.mx\/index.php\/category\/cintillo\/"},"img":{"alt_text":"","src":"https:\/\/i0.wp.com\/www.grieta.org.mx\/wp-content\/uploads\/2018\/03\/14524434_1106112876131411_958039263622046936_o.jpg?resize=350%2C200&ssl=1","width":350,"height":200,"srcset":"https:\/\/i0.wp.com\/www.grieta.org.mx\/wp-content\/uploads\/2018\/03\/14524434_1106112876131411_958039263622046936_o.jpg?resize=350%2C200&ssl=1 1x, https:\/\/i0.wp.com\/www.grieta.org.mx\/wp-content\/uploads\/2018\/03\/14524434_1106112876131411_958039263622046936_o.jpg?resize=525%2C300&ssl=1 1.5x, https:\/\/i0.wp.com\/www.grieta.org.mx\/wp-content\/uploads\/2018\/03\/14524434_1106112876131411_958039263622046936_o.jpg?resize=700%2C400&ssl=1 2x"},"classes":[]},{"id":5377,"url":"https:\/\/www.grieta.org.mx\/index.php\/2015\/07\/30\/protestan-contra-devastacion-de-manglares-en-cancun\/","url_meta":{"origin":5352,"position":5},"title":"Protestan contra devastaci\u00f3n de manglares en Canc\u00fan","author":"grieta","date":"30 julio, 2015","format":false,"excerpt":"Un grupo de ciudadanos de Canc\u00fan, se manifest\u00f3 la ma\u00f1ana de hoy en Malec\u00f3n Tajamar, en donde maquinaria pesada devasta, en tiempo r\u00e9cord, enormes extensiones de manglares en terrenos vendidos por el Fondo Nacional de Fomento al Turismo (Fonatur) a particulares, quienes desarrollar\u00e1n ah\u00ed diversos proyectos tur\u00edsticos o residenciales. Las\u2026","rel":"","context":"En &quot;CINTILLO&quot;","block_context":{"text":"CINTILLO","link":"https:\/\/www.grieta.org.mx\/index.php\/category\/cintillo\/"},"img":{"alt_text":"","src":"https:\/\/i0.wp.com\/www.grieta.org.mx\/wp-content\/uploads\/2018\/03\/14524434_1106112876131411_958039263622046936_o.jpg?resize=350%2C200&ssl=1","width":350,"height":200,"srcset":"https:\/\/i0.wp.com\/www.grieta.org.mx\/wp-content\/uploads\/2018\/03\/14524434_1106112876131411_958039263622046936_o.jpg?resize=350%2C200&ssl=1 1x, https:\/\/i0.wp.com\/www.grieta.org.mx\/wp-content\/uploads\/2018\/03\/14524434_1106112876131411_958039263622046936_o.jpg?resize=525%2C300&ssl=1 1.5x, https:\/\/i0.wp.com\/www.grieta.org.mx\/wp-content\/uploads\/2018\/03\/14524434_1106112876131411_958039263622046936_o.jpg?resize=700%2C400&ssl=1 2x"},"classes":[]}],"_links":{"self":[{"href":"https:\/\/www.grieta.org.mx\/index.php\/wp-json\/wp\/v2\/posts\/5352","targetHints":{"allow":["GET"]}}],"collection":[{"href":"https:\/\/www.grieta.org.mx\/index.php\/wp-json\/wp\/v2\/posts"}],"about":[{"href":"https:\/\/www.grieta.org.mx\/index.php\/wp-json\/wp\/v2\/types\/post"}],"author":[{"embeddable":true,"href":"https:\/\/www.grieta.org.mx\/index.php\/wp-json\/wp\/v2\/users\/2"}],"replies":[{"embeddable":true,"href":"https:\/\/www.grieta.org.mx\/index.php\/wp-json\/wp\/v2\/comments?post=5352"}],"version-history":[{"count":1,"href":"https:\/\/www.grieta.org.mx\/index.php\/wp-json\/wp\/v2\/posts\/5352\/revisions"}],"predecessor-version":[{"id":5357,"href":"https:\/\/www.grieta.org.mx\/index.php\/wp-json\/wp\/v2\/posts\/5352\/revisions\/5357"}],"wp:featuredmedia":[{"embeddable":true,"href":"https:\/\/www.grieta.org.mx\/index.php\/wp-json\/wp\/v2\/media\/21928"}],"wp:attachment":[{"href":"https:\/\/www.grieta.org.mx\/index.php\/wp-json\/wp\/v2\/media?parent=5352"}],"wp:term":[{"taxonomy":"category","embeddable":true,"href":"https:\/\/www.grieta.org.mx\/index.php\/wp-json\/wp\/v2\/categories?post=5352"},{"taxonomy":"post_tag","embeddable":true,"href":"https:\/\/www.grieta.org.mx\/index.php\/wp-json\/wp\/v2\/tags?post=5352"}],"curies":[{"name":"wp","href":"https:\/\/api.w.org\/{rel}","templated":true}]}}