{"id":53458,"date":"2020-09-18T00:16:55","date_gmt":"2020-09-18T05:16:55","guid":{"rendered":"http:\/\/www.grieta.org.mx\/?p=53458"},"modified":"2020-09-18T00:19:46","modified_gmt":"2020-09-18T05:19:46","slug":"confirman-la-reapertura-albergue-para-migrantes-en-piedras-negras-coahuila","status":"publish","type":"post","link":"https:\/\/www.grieta.org.mx\/index.php\/2020\/09\/18\/confirman-la-reapertura-albergue-para-migrantes-en-piedras-negras-coahuila\/","title":{"rendered":"Confirman la reapertura albergue para migrantes en Piedras Negras (Coahuila)"},"content":{"rendered":"<figure id=\"attachment_53459\" aria-describedby=\"caption-attachment-53459\" style=\"width: 800px\" class=\"wp-caption alignnone\"><img loading=\"lazy\" decoding=\"async\" data-attachment-id=\"53459\" data-permalink=\"https:\/\/www.grieta.org.mx\/index.php\/2020\/09\/18\/confirman-la-reapertura-albergue-para-migrantes-en-piedras-negras-coahuila\/albergue-2\/\" data-orig-file=\"https:\/\/www.grieta.org.mx\/wp-content\/uploads\/2020\/09\/albergue.jpg\" data-orig-size=\"980,735\" data-comments-opened=\"0\" data-image-meta=\"{&quot;aperture&quot;:&quot;0&quot;,&quot;credit&quot;:&quot;&quot;,&quot;camera&quot;:&quot;&quot;,&quot;caption&quot;:&quot;&quot;,&quot;created_timestamp&quot;:&quot;0&quot;,&quot;copyright&quot;:&quot;&quot;,&quot;focal_length&quot;:&quot;0&quot;,&quot;iso&quot;:&quot;0&quot;,&quot;shutter_speed&quot;:&quot;0&quot;,&quot;title&quot;:&quot;&quot;,&quot;orientation&quot;:&quot;0&quot;}\" data-image-title=\"albergue\" data-image-description=\"\" data-image-caption=\"&lt;p&gt;Reabrir\u00e1n las puertas para atender a los menores migrantes, bajo las m\u00e1s estrictas medidas sanitarias, en las que solo se podr\u00e1n albergar temporalmente a seis. INTERNET&lt;\/p&gt;\n\" data-medium-file=\"https:\/\/www.grieta.org.mx\/wp-content\/uploads\/2020\/09\/albergue-300x225.jpg\" data-large-file=\"https:\/\/www.grieta.org.mx\/wp-content\/uploads\/2020\/09\/albergue.jpg\" class=\"wp-image-53459\" src=\"http:\/\/www.grieta.org.mx\/wp-content\/uploads\/2020\/09\/albergue.jpg\" alt=\"\" width=\"800\" height=\"600\" srcset=\"https:\/\/www.grieta.org.mx\/wp-content\/uploads\/2020\/09\/albergue.jpg 980w, https:\/\/www.grieta.org.mx\/wp-content\/uploads\/2020\/09\/albergue-300x225.jpg 300w, https:\/\/www.grieta.org.mx\/wp-content\/uploads\/2020\/09\/albergue-768x576.jpg 768w, https:\/\/www.grieta.org.mx\/wp-content\/uploads\/2020\/09\/albergue-667x500.jpg 667w\" sizes=\"auto, (max-width: 800px) 100vw, 800px\" \/><figcaption id=\"caption-attachment-53459\" class=\"wp-caption-text\">Reabrir\u00e1n las puertas para atender a los menores migrantes, bajo las m\u00e1s estrictas medidas sanitarias, en las que solo se podr\u00e1n albergar temporalmente a seis. INTERNET<\/figcaption><\/figure>\n<p>Josu\u00e9 Rodrpiguez\/ VANGUARDIA MX<\/p>\n<p><strong>La direcci\u00f3n explic\u00f3 que la reapertura es justo a tiempo, pues durante los meses de septiembre, octubre y noviembre es cuando m\u00e1s se registra una mayor cantidad de menores migrantes<\/strong>}<\/p>\n<p>Piedras Negras, Coah.-El albergue para menores migrantes Casa YMCA, anuncio el reinicio de sus actividades, luego de que, al inicio de la pandemia, cerr\u00f3 sus puertas tras la declaratoria de la autoridad sanitaria para prevenir contagios del COVID-19.<\/p>\n<p>El director del organismo, Rafael Mart\u00ednez, dio a conocer que luego de cinco meses, reabrir\u00e1n las puertas para atender a los menores migrantes, bajo las m\u00e1s estrictas medidas sanitarias, en las que solo se podr\u00e1n albergar temporalmente a seis menores que sean deportados.<\/p>\n<p>\u201cDurante el tiempo que estuvo sin operar la Casa MCA, se aprovech\u00f3 para realizar algunas adecuaciones como un cuarto especial para aquellos menores que pudieran presentar s\u00edntomas de COVID-19, lo mismo modificaciones para que haya suficiente distancia entre cada uno de los dormitorios\u201d, subray\u00f3.<\/p>\n<p>Finalmente explic\u00f3 que la reapertura es justo a tiempo, pues durante los meses de septiembre, octubre y noviembre es cuando m\u00e1s se registra una mayor cantidad de menores migrantes porque aprovechan que el clima es mucho m\u00e1s ben\u00e9fico que en emporada de intenso calor como es en junio, julio y agosto.<\/p>\n<p><a href=\"https:\/\/vanguardia.com.mx\/articulo\/confirman-la-reapertura-albergue-para-migrantes-en-piedras-negras\" rel=\"noopener noreferrer\" target=\"_blank\">https:\/\/vanguardia.com.mx\/articulo\/confirman-la-reapertura-albergue-para-migrantes-en-piedras-negras<\/a><\/p>\n","protected":false},"excerpt":{"rendered":"<p>Josu\u00e9 Rodrpiguez\/ VANGUARDIA MX La direcci\u00f3n explic\u00f3 que la reapertura es justo a tiempo, pues durante los meses de septiembre, octubre y noviembre es cuando m\u00e1s se registra una mayor &hellip; <a href=\"https:\/\/www.grieta.org.mx\/index.php\/2020\/09\/18\/confirman-la-reapertura-albergue-para-migrantes-en-piedras-negras-coahuila\/\" class=\"more-link\">Leer m\u00e1s<\/a><\/p>\n","protected":false},"author":2,"featured_media":53459,"comment_status":"closed","ping_status":"closed","sticky":false,"template":"","format":"standard","meta":{"ngg_post_thumbnail":0,"_jetpack_newsletter_access":"","_jetpack_dont_email_post_to_subs":false,"_jetpack_newsletter_tier_id":0,"_jetpack_memberships_contains_paywalled_content":false,"_jetpack_memberships_contains_paid_content":false,"footnotes":""},"categories":[80,419,3317,86,1390,2,83],"tags":[3659,158,3464],"class_list":["post-53458","post","type-post","status-publish","format-standard","has-post-thumbnail","hentry","category-cintillo","category-coahuila","category-la-ninez-en-la-tormenta-capitalista-en-coahuila","category-migrantes","category-migrantes-en-coahuila","category-noticias-nacionales","category-temas-nacionales","tag-albergues","tag-migrantes","tag-ninos","entry"],"jetpack_featured_media_url":"https:\/\/www.grieta.org.mx\/wp-content\/uploads\/2020\/09\/albergue.jpg","jetpack_sharing_enabled":true,"jetpack_shortlink":"https:\/\/wp.me\/p7ZJR4-dUe","jetpack_likes_enabled":false,"jetpack-related-posts":[{"id":61816,"url":"https:\/\/www.grieta.org.mx\/index.php\/2021\/09\/19\/bloquean-llegada-de-mas-migrantes-a-piedras-negras-coahuila\/","url_meta":{"origin":53458,"position":0},"title":"Bloquean llegada de m\u00e1s migrantes a Piedras Negras (Coahuila)","author":"grieta","date":"19 septiembre, 2021","format":false,"excerpt":"Josu\u00e9 Rodr\u00edguez\/ VANGUARDIA MX Indocumentados arribaron a PN e intentaron burlar a polic\u00edas y agentes de migraci\u00f3n para buscar quedarse en la ciudad PIEDRAS NEGRAS.- El alcalde de Piedras Negras, Claudio Bres Garza, relat\u00f3 que, migrantes que buscaban ingresar a Piedras Negras, se bajaron de un transporte for\u00e1neo y se\u2026","rel":"","context":"En &quot;CINTILLO&quot;","block_context":{"text":"CINTILLO","link":"https:\/\/www.grieta.org.mx\/index.php\/category\/cintillo\/"},"img":{"alt_text":"","src":"https:\/\/i0.wp.com\/www.grieta.org.mx\/wp-content\/uploads\/2021\/09\/Mig16_1-268158_20210919085434.jpg?resize=350%2C200&ssl=1","width":350,"height":200,"srcset":"https:\/\/i0.wp.com\/www.grieta.org.mx\/wp-content\/uploads\/2021\/09\/Mig16_1-268158_20210919085434.jpg?resize=350%2C200&ssl=1 1x, https:\/\/i0.wp.com\/www.grieta.org.mx\/wp-content\/uploads\/2021\/09\/Mig16_1-268158_20210919085434.jpg?resize=525%2C300&ssl=1 1.5x, https:\/\/i0.wp.com\/www.grieta.org.mx\/wp-content\/uploads\/2021\/09\/Mig16_1-268158_20210919085434.jpg?resize=700%2C400&ssl=1 2x"},"classes":[]},{"id":24152,"url":"https:\/\/www.grieta.org.mx\/index.php\/2018\/04\/11\/detencion-de-migrantes-genera-xenofobia-en-piedras-negras-coahuila\/","url_meta":{"origin":53458,"position":1},"title":"Detenci\u00f3n de migrantes genera xenofobia en Piedras Negras (Coahuila)","author":"grieta","date":"11 abril, 2018","format":false,"excerpt":"Ren\u00e9 Arellano\/EL SIGLO DE TORRE\u00d3N La detenci\u00f3n de tres centroamericanos indocumentados en la zona Centro de Piedras Negras, por elementos de la Polic\u00eda Preventiva municipal, es una acci\u00f3n que violenta los Derechos Humanos de los migrantes y una acci\u00f3n que no le compete a dicha corporaci\u00f3n polic\u00edaca, adem\u00e1s de genera\u2026","rel":"","context":"En &quot;CINTILLO&quot;","block_context":{"text":"CINTILLO","link":"https:\/\/www.grieta.org.mx\/index.php\/category\/cintillo\/"},"img":{"alt_text":"","src":"https:\/\/i0.wp.com\/www.grieta.org.mx\/wp-content\/uploads\/2018\/03\/14524434_1106112876131411_958039263622046936_o.jpg?resize=350%2C200&ssl=1","width":350,"height":200,"srcset":"https:\/\/i0.wp.com\/www.grieta.org.mx\/wp-content\/uploads\/2018\/03\/14524434_1106112876131411_958039263622046936_o.jpg?resize=350%2C200&ssl=1 1x, https:\/\/i0.wp.com\/www.grieta.org.mx\/wp-content\/uploads\/2018\/03\/14524434_1106112876131411_958039263622046936_o.jpg?resize=525%2C300&ssl=1 1.5x, https:\/\/i0.wp.com\/www.grieta.org.mx\/wp-content\/uploads\/2018\/03\/14524434_1106112876131411_958039263622046936_o.jpg?resize=700%2C400&ssl=1 2x"},"classes":[]},{"id":47473,"url":"https:\/\/www.grieta.org.mx\/index.php\/2020\/04\/03\/tras-motin-concentran-a-migrantes-en-instalaciones-del-inm-en-el-puente-internacional-ii-coahuila\/","url_meta":{"origin":53458,"position":2},"title":"Tras mot\u00edn, concentran a migrantes en instalaciones del INM en el Puente Internacional II (Coahuila)","author":"grieta","date":"3 abril, 2020","format":false,"excerpt":"El traslado de los migrantes fue escoltado por efectivos de la Guardia Nacional Ren\u00e9 Arellano G\u00f3mez\/ EL SIGLO DE TORRE\u00d3N Luego del amotinamiento registrado en un albergue temporal del Intituto Nacional de Migraci\u00f3n (INM), alrededor de 120 migrantes de origen centroamericano, fueron trasladados y concentrados en las instalaciones del Puente\u2026","rel":"","context":"En &quot;CINTILLO&quot;","block_context":{"text":"CINTILLO","link":"https:\/\/www.grieta.org.mx\/index.php\/category\/cintillo\/"},"img":{"alt_text":"","src":"https:\/\/i0.wp.com\/www.grieta.org.mx\/wp-content\/uploads\/2020\/04\/1296332.jpeg?resize=350%2C200&ssl=1","width":350,"height":200,"srcset":"https:\/\/i0.wp.com\/www.grieta.org.mx\/wp-content\/uploads\/2020\/04\/1296332.jpeg?resize=350%2C200&ssl=1 1x, https:\/\/i0.wp.com\/www.grieta.org.mx\/wp-content\/uploads\/2020\/04\/1296332.jpeg?resize=525%2C300&ssl=1 1.5x, https:\/\/i0.wp.com\/www.grieta.org.mx\/wp-content\/uploads\/2020\/04\/1296332.jpeg?resize=700%2C400&ssl=1 2x"},"classes":[]},{"id":29314,"url":"https:\/\/www.grieta.org.mx\/index.php\/2019\/02\/20\/arriban-a-tijuana-integrantes-de-tercera-caravana-migrante-baja-california\/","url_meta":{"origin":53458,"position":3},"title":"Arriban a Tijuana integrantes de tercera caravana migrante (Baja California)","author":"grieta","date":"20 febrero, 2019","format":false,"excerpt":"Zeta Tijuana. Manuel Ayala, Foto: cortes\u00eda\/33 migrantes centroamericanos arribaron este d\u00eda a Tijuana procedente de Piedras Negras. Procedentes de Piedras Negras, Coahuila, integrantes de la tercera caravana migrante arribaron esta ma\u00f1ana a Tijuana, con el prop\u00f3sito de solicitar asilo a las autoridades migratorias de Estados Unidos. El Instituto Nacional de\u2026","rel":"","context":"En &quot;Baja California&quot;","block_context":{"text":"Baja California","link":"https:\/\/www.grieta.org.mx\/index.php\/category\/noticias-nacionales\/baja-california\/"},"img":{"alt_text":"","src":"https:\/\/i0.wp.com\/www.grieta.org.mx\/wp-content\/uploads\/2019\/02\/m.jpeg?resize=350%2C200&ssl=1","width":350,"height":200,"srcset":"https:\/\/i0.wp.com\/www.grieta.org.mx\/wp-content\/uploads\/2019\/02\/m.jpeg?resize=350%2C200&ssl=1 1x, https:\/\/i0.wp.com\/www.grieta.org.mx\/wp-content\/uploads\/2019\/02\/m.jpeg?resize=525%2C300&ssl=1 1.5x, https:\/\/i0.wp.com\/www.grieta.org.mx\/wp-content\/uploads\/2019\/02\/m.jpeg?resize=700%2C400&ssl=1 2x"},"classes":[]},{"id":50645,"url":"https:\/\/www.grieta.org.mx\/index.php\/2020\/06\/09\/atrapa-covid-a-migrantes-coahuila\/","url_meta":{"origin":53458,"position":4},"title":"Atrapa Covid a migrantes (Coahuila)","author":"grieta","date":"9 junio, 2020","format":false,"excerpt":"Silvia Mancha\/ Z\u00d3CALO Est\u00e1n en calles, colonias, etc., dice sacerdote Monclova, Coah.- Por la pandemia del Covid-19 un n\u00famero no conocido de migrantes qued\u00f3 \u201cvarado\u201d en el pa\u00eds de lo cual Monclova no es la excepci\u00f3n, ante lo cual los migrantes est\u00e1n en las colonias, en las calles y en\u2026","rel":"","context":"En &quot;CINTILLO&quot;","block_context":{"text":"CINTILLO","link":"https:\/\/www.grieta.org.mx\/index.php\/category\/cintillo\/"},"img":{"alt_text":"","src":"https:\/\/i0.wp.com\/www.grieta.org.mx\/wp-content\/uploads\/2020\/06\/FAF_0027-621x354.jpg?resize=350%2C200&ssl=1","width":350,"height":200,"srcset":"https:\/\/i0.wp.com\/www.grieta.org.mx\/wp-content\/uploads\/2020\/06\/FAF_0027-621x354.jpg?resize=350%2C200&ssl=1 1x, https:\/\/i0.wp.com\/www.grieta.org.mx\/wp-content\/uploads\/2020\/06\/FAF_0027-621x354.jpg?resize=525%2C300&ssl=1 1.5x"},"classes":[]},{"id":64843,"url":"https:\/\/www.grieta.org.mx\/index.php\/2022\/08\/19\/migrantes-denuncian-que-personal-de-enlace-municipal-de-piedras-negras-los-detuvieron-con-lujo-de-violencia-coahuila\/","url_meta":{"origin":53458,"position":5},"title":"Migrantes denuncian que personal de \u2018Enlace Municipal\u2019 de Piedras Negras los detuvieron con lujo de violencia (Coahuila)","author":"grieta","date":"19 agosto, 2022","format":false,"excerpt":"EL\u00a0 SIGLO DE TORRE\u00d3N\/ Miguel Sagnelli Esta situaci\u00f3n ha sido expuesta varias veces, incluso despu\u00e9s de que estas actividades parecen rebasar su jurisdicci\u00f3n El d\u00eda de ayer en Piedras Negras fue evidenciada en video, la detenci\u00f3n de un migrante por parte del personal de \u2018Enlace Municipal\u2019 con lujo de violencia.\u2026","rel":"","context":"En &quot;CINTILLO&quot;","block_context":{"text":"CINTILLO","link":"https:\/\/www.grieta.org.mx\/index.php\/category\/cintillo\/"},"img":{"alt_text":"","src":"https:\/\/i0.wp.com\/www.grieta.org.mx\/wp-content\/uploads\/2022\/08\/isabel-mateos-cuartoscuro-1568x882_1-2839533_20220819133938.jpg?resize=350%2C200&ssl=1","width":350,"height":200,"srcset":"https:\/\/i0.wp.com\/www.grieta.org.mx\/wp-content\/uploads\/2022\/08\/isabel-mateos-cuartoscuro-1568x882_1-2839533_20220819133938.jpg?resize=350%2C200&ssl=1 1x, https:\/\/i0.wp.com\/www.grieta.org.mx\/wp-content\/uploads\/2022\/08\/isabel-mateos-cuartoscuro-1568x882_1-2839533_20220819133938.jpg?resize=525%2C300&ssl=1 1.5x, https:\/\/i0.wp.com\/www.grieta.org.mx\/wp-content\/uploads\/2022\/08\/isabel-mateos-cuartoscuro-1568x882_1-2839533_20220819133938.jpg?resize=700%2C400&ssl=1 2x, https:\/\/i0.wp.com\/www.grieta.org.mx\/wp-content\/uploads\/2022\/08\/isabel-mateos-cuartoscuro-1568x882_1-2839533_20220819133938.jpg?resize=1050%2C600&ssl=1 3x"},"classes":[]}],"_links":{"self":[{"href":"https:\/\/www.grieta.org.mx\/index.php\/wp-json\/wp\/v2\/posts\/53458","targetHints":{"allow":["GET"]}}],"collection":[{"href":"https:\/\/www.grieta.org.mx\/index.php\/wp-json\/wp\/v2\/posts"}],"about":[{"href":"https:\/\/www.grieta.org.mx\/index.php\/wp-json\/wp\/v2\/types\/post"}],"author":[{"embeddable":true,"href":"https:\/\/www.grieta.org.mx\/index.php\/wp-json\/wp\/v2\/users\/2"}],"replies":[{"embeddable":true,"href":"https:\/\/www.grieta.org.mx\/index.php\/wp-json\/wp\/v2\/comments?post=53458"}],"version-history":[{"count":1,"href":"https:\/\/www.grieta.org.mx\/index.php\/wp-json\/wp\/v2\/posts\/53458\/revisions"}],"predecessor-version":[{"id":53460,"href":"https:\/\/www.grieta.org.mx\/index.php\/wp-json\/wp\/v2\/posts\/53458\/revisions\/53460"}],"wp:featuredmedia":[{"embeddable":true,"href":"https:\/\/www.grieta.org.mx\/index.php\/wp-json\/wp\/v2\/media\/53459"}],"wp:attachment":[{"href":"https:\/\/www.grieta.org.mx\/index.php\/wp-json\/wp\/v2\/media?parent=53458"}],"wp:term":[{"taxonomy":"category","embeddable":true,"href":"https:\/\/www.grieta.org.mx\/index.php\/wp-json\/wp\/v2\/categories?post=53458"},{"taxonomy":"post_tag","embeddable":true,"href":"https:\/\/www.grieta.org.mx\/index.php\/wp-json\/wp\/v2\/tags?post=53458"}],"curies":[{"name":"wp","href":"https:\/\/api.w.org\/{rel}","templated":true}]}}