{"id":5345,"date":"2015-11-13T19:56:14","date_gmt":"2015-11-13T19:56:14","guid":{"rendered":"http:\/\/50.22.11.12\/~grietaor\/?p=5345"},"modified":"2016-03-26T19:58:17","modified_gmt":"2016-03-26T19:58:17","slug":"expropiaran-mas-de-500-hectareas-para-instalacion-de-toyota-en-guanajuato","status":"publish","type":"post","link":"https:\/\/www.grieta.org.mx\/index.php\/2015\/11\/13\/expropiaran-mas-de-500-hectareas-para-instalacion-de-toyota-en-guanajuato\/","title":{"rendered":"Expropiar\u00e1n m\u00e1s de 500 hect\u00e1reas para instalaci\u00f3n de Toyota en Guanajuato"},"content":{"rendered":"<p>Luz Z\u00e1rate,  Guanajuato, Gto. <\/p>\n<p><img loading=\"lazy\" decoding=\"async\" data-attachment-id=\"5348\" data-permalink=\"https:\/\/www.grieta.org.mx\/index.php\/2015\/11\/13\/expropiaran-mas-de-500-hectareas-para-instalacion-de-toyota-en-guanajuato\/c8171d202f60496-am-2\/\" data-orig-file=\"https:\/\/www.grieta.org.mx\/wp-content\/uploads\/2015\/11\/c8171d202f60496-am-2.jpg\" data-orig-size=\"630,430\" data-comments-opened=\"0\" data-image-meta=\"{&quot;aperture&quot;:&quot;0&quot;,&quot;credit&quot;:&quot;&quot;,&quot;camera&quot;:&quot;&quot;,&quot;caption&quot;:&quot;&quot;,&quot;created_timestamp&quot;:&quot;0&quot;,&quot;copyright&quot;:&quot;&quot;,&quot;focal_length&quot;:&quot;0&quot;,&quot;iso&quot;:&quot;0&quot;,&quot;shutter_speed&quot;:&quot;0&quot;,&quot;title&quot;:&quot;&quot;,&quot;orientation&quot;:&quot;0&quot;}\" data-image-title=\"c8171d202f60496  am 2\" data-image-description=\"\" data-image-caption=\"\" data-medium-file=\"https:\/\/www.grieta.org.mx\/wp-content\/uploads\/2015\/11\/c8171d202f60496-am-2-300x205.jpg\" data-large-file=\"https:\/\/www.grieta.org.mx\/wp-content\/uploads\/2015\/11\/c8171d202f60496-am-2.jpg\" src=\"http:\/\/grieta.org.mx\/wp-content\/uploads\/2015\/11\/c8171d202f60496-am-2.jpg\" alt=\"c8171d202f60496  am 2\" width=\"630\" height=\"430\" class=\"alignnone size-full wp-image-5348\" srcset=\"https:\/\/www.grieta.org.mx\/wp-content\/uploads\/2015\/11\/c8171d202f60496-am-2.jpg 630w, https:\/\/www.grieta.org.mx\/wp-content\/uploads\/2015\/11\/c8171d202f60496-am-2-300x205.jpg 300w\" sizes=\"auto, (max-width: 630px) 100vw, 630px\" \/><\/p>\n<p>El Estado solicitar\u00e1 al Congreso local la expropiaci\u00f3n de poco m\u00e1s de 500 hect\u00e1reas ubicadas en Apaseo el Grande para la instalaci\u00f3n de la empresa Toyota, anunci\u00f3 ayer el gobernador Miguel M\u00e1rquez M\u00e1rquez.<\/p>\n<p>Espero que hoy ingresemos al Congreso del Estado el Decreto de Expropiaci\u00f3n para los terrenos de Toyota, donde permita garantizar ya su establecimiento para esta importante empresa que va a cargar una serie de proveedur\u00eda important\u00edsima, que tendr\u00e1 en estos pr\u00f3ximos tres a\u00f1os\u201d, se\u00f1al\u00f3.<\/p>\n<p>Durante su discurso de inauguraci\u00f3n del evento Sapuraiya 2015, el Gobernador destac\u00f3 las virtudes que vienen para esta parte del Estado y el crecimiento econ\u00f3mico de Guanajuato.<\/p>\n<p>\u201cSe est\u00e1 viendo en todo el Estado c\u00f3mo se est\u00e1n integrando todas estas empresas, empresas que, les aseguro, seguir\u00e1n llegando, por eso tenemos que seguir trabajando muy fuerte\u201d, dijo.<\/p>\n<p>Al tiempo que destac\u00f3 que el decreto de expropiaci\u00f3n se necesita para donar estas hect\u00e1reas a la empresa, y mencion\u00f3 que el sector de las exportaciones automotrices creci\u00f3 un 33%.<\/p>\n<p>\u201cEs una industria que tiene un crecimiento a nivel internacional muy importante, estamos hablando que tendr\u00e1 en estos pr\u00f3ximos tres a\u00f1os, mucho m\u00e1s alentador el crecimiento en Guanajuato\u201d.<\/p>\n<p>Aunque no quiso ahondar en detalles, pues el Congreso del Estado lo har\u00eda p\u00fablico, en una entrevista de menos de medio minuto, dijo que esta solicitud al Congreso del Estado es de un poco m\u00e1s de 500 hect\u00e1reas en Apaseo el Grande.<\/p>\n<p>Producir\u00e1 200 mil autos anuales<\/p>\n<p>La planta armadora de veh\u00edculos Toyota que se construir\u00e1 en Guanajuato en 2019, tendr\u00e1 capacidad para producir 200 mil veh\u00edculos al a\u00f1o.<\/p>\n<p>AM public\u00f3 que para la construcci\u00f3n de una planta en la entidad y otra en China en 2018, Toyota Motor Corp. invertir\u00e1 m\u00e1s de mil 250 millones de d\u00f3lares.<\/p>\n<p>El primer modelo a fabricar en esta planta ubicada en el estado ser\u00e1 una nueva versi\u00f3n del sed\u00e1n Corolla, los cuales se enviar\u00e1n a Am\u00e9rica del Norte.<\/p>\n<p>El predio est\u00e1 en el municipio de Apaseo El Grande.<\/p>\n<p>Guanajuato entonces ser\u00e1 el primer estado del pa\u00eds en contar con cinco armadoras de veh\u00edculos ligeros y pesados con la llegada de Toyota Motor Corp.<\/p>\n<p>Actualmente operan General Motors e Hino Motors en Silao, Mazda en Salamanca, Honda en Celaya, y una ensambladora de motores que es Volkswagen en Silao.<\/p>\n<p>Desde septiembre de 2014 Toyota dio a conocer el inter\u00e9s que ten\u00eda por instalar una armadora de veh\u00edculos ligeros en el pa\u00eds, ya que actualmente cuenta con una planta en Tijuana, Baja California, en donde producen 63 mil camionetas Tacoma al a\u00f1o.<\/p>\n<p><a href=\"http:\/\/am.com.mx\/leon\/local\/estado-expropiara-500-hectareas-para-toyota-243062.html\" target=\"_blank\">am.com.mx\/leon\/local\/estado-expropiara-500-hectareas-para-toyota-243062.html<\/a><\/p>\n","protected":false},"excerpt":{"rendered":"<p>Luz Z\u00e1rate, Guanajuato, Gto. El Estado solicitar\u00e1 al Congreso local la expropiaci\u00f3n de poco m\u00e1s de 500 hect\u00e1reas ubicadas en Apaseo el Grande para la instalaci\u00f3n de la empresa Toyota, &hellip; <a href=\"https:\/\/www.grieta.org.mx\/index.php\/2015\/11\/13\/expropiaran-mas-de-500-hectareas-para-instalacion-de-toyota-en-guanajuato\/\" class=\"more-link\">Leer m\u00e1s<\/a><\/p>\n","protected":false},"author":2,"featured_media":21928,"comment_status":"closed","ping_status":"open","sticky":false,"template":"","format":"standard","meta":{"ngg_post_thumbnail":0,"_jetpack_newsletter_access":"","_jetpack_dont_email_post_to_subs":false,"_jetpack_newsletter_tier_id":0,"_jetpack_memberships_contains_paywalled_content":false,"_jetpack_memberships_contains_paid_content":false,"footnotes":""},"categories":[80],"tags":[],"class_list":["post-5345","post","type-post","status-publish","format-standard","has-post-thumbnail","hentry","category-cintillo","entry"],"jetpack_featured_media_url":"https:\/\/www.grieta.org.mx\/wp-content\/uploads\/2018\/03\/14524434_1106112876131411_958039263622046936_o.jpg","jetpack_sharing_enabled":true,"jetpack_shortlink":"https:\/\/wp.me\/p7ZJR4-1od","jetpack_likes_enabled":false,"jetpack-related-posts":[{"id":5327,"url":"https:\/\/www.grieta.org.mx\/index.php\/2015\/12\/01\/toyota-pidio-expropiacion-de-tierras-como-condicion-para-instalarse-en-guanajuato\/","url_meta":{"origin":5345,"position":0},"title":"Toyota pidi\u00f3 expropiaci\u00f3n de tierras como condici\u00f3n para instalarse en Guanajuato","author":"grieta","date":"1 diciembre, 2015","format":false,"excerpt":"Vanya de la Cruz, Le\u00f3n, Gto. El secretario de Desarrollo Econ\u00f3mico Sustentable, Guillermo Romero Pacheco, afirm\u00f3 que la expropiaci\u00f3n de las tierras que ser\u00e1n donadas a Toyota por parte del gobierno del estado fue una de las condicionantes que puso la empresa automotriz. Esto luego de que se diera a\u2026","rel":"","context":"En &quot;CINTILLO&quot;","block_context":{"text":"CINTILLO","link":"https:\/\/www.grieta.org.mx\/index.php\/category\/cintillo\/"},"img":{"alt_text":"","src":"https:\/\/i0.wp.com\/www.grieta.org.mx\/wp-content\/uploads\/2018\/03\/14524434_1106112876131411_958039263622046936_o.jpg?resize=350%2C200&ssl=1","width":350,"height":200,"srcset":"https:\/\/i0.wp.com\/www.grieta.org.mx\/wp-content\/uploads\/2018\/03\/14524434_1106112876131411_958039263622046936_o.jpg?resize=350%2C200&ssl=1 1x, https:\/\/i0.wp.com\/www.grieta.org.mx\/wp-content\/uploads\/2018\/03\/14524434_1106112876131411_958039263622046936_o.jpg?resize=525%2C300&ssl=1 1.5x, https:\/\/i0.wp.com\/www.grieta.org.mx\/wp-content\/uploads\/2018\/03\/14524434_1106112876131411_958039263622046936_o.jpg?resize=700%2C400&ssl=1 2x"},"classes":[]},{"id":5341,"url":"https:\/\/www.grieta.org.mx\/index.php\/2015\/11\/14\/amenazan-con-expropiacion-a-ejidatarios-que-se-niegan-a-regalar-sus-tierras-para-la-instalacion-de-toyota\/","url_meta":{"origin":5345,"position":1},"title":"Amenazan con expropiaci\u00f3n a ejidatarios que se niegan a regalar sus tierras para la instalaci\u00f3n de Toyota","author":"grieta","date":"14 noviembre, 2015","format":false,"excerpt":"Omar Israel Villica\u00f1a, Le\u00f3n, Gto. Ejidatarios de Caleras de Ameche piden de 5 a 10 millones de pesos por cada hect\u00e1rea de su terreno, necesario para la instalaci\u00f3n de la planta armadora de Toyota. Tras el anuncio de la llegada de la armadora a esa zona de Apaseo el Grande,\u2026","rel":"","context":"En &quot;CINTILLO&quot;","block_context":{"text":"CINTILLO","link":"https:\/\/www.grieta.org.mx\/index.php\/category\/cintillo\/"},"img":{"alt_text":"","src":"https:\/\/i0.wp.com\/www.grieta.org.mx\/wp-content\/uploads\/2018\/03\/14524434_1106112876131411_958039263622046936_o.jpg?resize=350%2C200&ssl=1","width":350,"height":200,"srcset":"https:\/\/i0.wp.com\/www.grieta.org.mx\/wp-content\/uploads\/2018\/03\/14524434_1106112876131411_958039263622046936_o.jpg?resize=350%2C200&ssl=1 1x, https:\/\/i0.wp.com\/www.grieta.org.mx\/wp-content\/uploads\/2018\/03\/14524434_1106112876131411_958039263622046936_o.jpg?resize=525%2C300&ssl=1 1.5x, https:\/\/i0.wp.com\/www.grieta.org.mx\/wp-content\/uploads\/2018\/03\/14524434_1106112876131411_958039263622046936_o.jpg?resize=700%2C400&ssl=1 2x"},"classes":[]},{"id":11543,"url":"https:\/\/www.grieta.org.mx\/index.php\/2016\/04\/30\/gobierno-de-guanajuato-compra-terrenos-para-toyota-en-400-mas-de-su-valor\/","url_meta":{"origin":5345,"position":2},"title":"Gobierno de Guanajuato compra terrenos para Toyota en 400% m\u00e1s de su valor","author":"grieta","date":"30 abril, 2016","format":false,"excerpt":"Redacci\u00f3n Poco antes que el gobierno de Guanajuato diera a conocer la compra de 600 hect\u00e1reas donde se ten\u00eda pensado construir una planta automotriz de Toyota en Apaseo el Grande, la empresa Jaos & Sgb Sapi de CV, realiz\u00f3 un acaparamiento de esas tierras y ha revendido por lo menos\u2026","rel":"","context":"En &quot;CINTILLO&quot;","block_context":{"text":"CINTILLO","link":"https:\/\/www.grieta.org.mx\/index.php\/category\/cintillo\/"},"img":{"alt_text":"","src":"https:\/\/i0.wp.com\/www.grieta.org.mx\/wp-content\/uploads\/2018\/03\/14524434_1106112876131411_958039263622046936_o.jpg?resize=350%2C200&ssl=1","width":350,"height":200,"srcset":"https:\/\/i0.wp.com\/www.grieta.org.mx\/wp-content\/uploads\/2018\/03\/14524434_1106112876131411_958039263622046936_o.jpg?resize=350%2C200&ssl=1 1x, https:\/\/i0.wp.com\/www.grieta.org.mx\/wp-content\/uploads\/2018\/03\/14524434_1106112876131411_958039263622046936_o.jpg?resize=525%2C300&ssl=1 1.5x, https:\/\/i0.wp.com\/www.grieta.org.mx\/wp-content\/uploads\/2018\/03\/14524434_1106112876131411_958039263622046936_o.jpg?resize=700%2C400&ssl=1 2x"},"classes":[]},{"id":5334,"url":"https:\/\/www.grieta.org.mx\/index.php\/2015\/11\/25\/gobierno-de-guanajuato-pago-702-millones-de-pesos-por-terrenos-que-donara-a-toyota\/","url_meta":{"origin":5345,"position":3},"title":"Gobierno de Guanajuato pag\u00f3 702 millones de pesos por terrenos que donar\u00e1 a Toyota","author":"grieta","date":"25 noviembre, 2015","format":false,"excerpt":"Vania Jaramillo, Guanajuato, Gto. El Gobierno del Estado pag\u00f3 alrededor de 702 millones 999 mil pesos por los terrenos donados a la empresa Toyota para la instalaci\u00f3n de su planta en Apaseo el Grande. Hasta ahora ha pagado lo referente a 475 hect\u00e1reas de un total de 607 de un\u2026","rel":"","context":"En &quot;CINTILLO&quot;","block_context":{"text":"CINTILLO","link":"https:\/\/www.grieta.org.mx\/index.php\/category\/cintillo\/"},"img":{"alt_text":"","src":"https:\/\/i0.wp.com\/www.grieta.org.mx\/wp-content\/uploads\/2018\/03\/14524434_1106112876131411_958039263622046936_o.jpg?resize=350%2C200&ssl=1","width":350,"height":200,"srcset":"https:\/\/i0.wp.com\/www.grieta.org.mx\/wp-content\/uploads\/2018\/03\/14524434_1106112876131411_958039263622046936_o.jpg?resize=350%2C200&ssl=1 1x, https:\/\/i0.wp.com\/www.grieta.org.mx\/wp-content\/uploads\/2018\/03\/14524434_1106112876131411_958039263622046936_o.jpg?resize=525%2C300&ssl=1 1.5x, https:\/\/i0.wp.com\/www.grieta.org.mx\/wp-content\/uploads\/2018\/03\/14524434_1106112876131411_958039263622046936_o.jpg?resize=700%2C400&ssl=1 2x"},"classes":[]},{"id":5338,"url":"https:\/\/www.grieta.org.mx\/index.php\/2015\/11\/19\/aprueba-congreso-de-guanajuato-donar-607-hectareas-a-toyota\/","url_meta":{"origin":5345,"position":4},"title":"Aprueba Congreso de Guanajuato donar 607 hect\u00e1reas a Toyota","author":"grieta","date":"19 noviembre, 2015","format":false,"excerpt":"Carmen Pizano, Guanajuato, Gto. El Congreso de Guanajuato aprob\u00f3 la desafectaci\u00f3n de 607 hect\u00e1reas, para que el Ejecutivo estatal done los predios a la armadora automotriz Toyota, que est\u00e1 por instalarse en la zona laja-baj\u00edo. De las m\u00e1s de 600 hect\u00e1reas que donar\u00e1 el Gobierno del Estado a la empresa\u2026","rel":"","context":"En &quot;CINTILLO&quot;","block_context":{"text":"CINTILLO","link":"https:\/\/www.grieta.org.mx\/index.php\/category\/cintillo\/"},"img":{"alt_text":"","src":"https:\/\/i0.wp.com\/www.grieta.org.mx\/wp-content\/uploads\/2018\/03\/14524434_1106112876131411_958039263622046936_o.jpg?resize=350%2C200&ssl=1","width":350,"height":200,"srcset":"https:\/\/i0.wp.com\/www.grieta.org.mx\/wp-content\/uploads\/2018\/03\/14524434_1106112876131411_958039263622046936_o.jpg?resize=350%2C200&ssl=1 1x, https:\/\/i0.wp.com\/www.grieta.org.mx\/wp-content\/uploads\/2018\/03\/14524434_1106112876131411_958039263622046936_o.jpg?resize=525%2C300&ssl=1 1.5x, https:\/\/i0.wp.com\/www.grieta.org.mx\/wp-content\/uploads\/2018\/03\/14524434_1106112876131411_958039263622046936_o.jpg?resize=700%2C400&ssl=1 2x"},"classes":[]},{"id":555,"url":"https:\/\/www.grieta.org.mx\/index.php\/2016\/02\/24\/despues-de-donarle-600-hectareas-buscan-gestionar-aun-mas-recursos-para-toyota-en-guanajuato\/","url_meta":{"origin":5345,"position":5},"title":"Despues de donarle 600 hect\u00e1reas buscan gestionar a\u00fan m\u00e1s recursos para Toyota en Guanajuato","author":"grieta","date":"24 febrero, 2016","format":false,"excerpt":"Fernando Vel\u00e1zquez, Guanajuato Le\u00f3n, Gto. Entre agosto y septiembre de este a\u00f1o el Gobierno de Guanajuato presentar\u00e1 ante la Secretar\u00eda de Hacienda diversos proyectos ejecutivos para gestionar recursos federales con los cuales ser\u00e1n llevadas a cabo obras complementarias de la planta de Toyota que estar\u00e1 ubicada en Apaseo el Grande.\u2026","rel":"","context":"En &quot;CINTILLO&quot;","block_context":{"text":"CINTILLO","link":"https:\/\/www.grieta.org.mx\/index.php\/category\/cintillo\/"},"img":{"alt_text":"","src":"https:\/\/i0.wp.com\/www.grieta.org.mx\/wp-content\/uploads\/2018\/03\/14524434_1106112876131411_958039263622046936_o.jpg?resize=350%2C200&ssl=1","width":350,"height":200,"srcset":"https:\/\/i0.wp.com\/www.grieta.org.mx\/wp-content\/uploads\/2018\/03\/14524434_1106112876131411_958039263622046936_o.jpg?resize=350%2C200&ssl=1 1x, https:\/\/i0.wp.com\/www.grieta.org.mx\/wp-content\/uploads\/2018\/03\/14524434_1106112876131411_958039263622046936_o.jpg?resize=525%2C300&ssl=1 1.5x, https:\/\/i0.wp.com\/www.grieta.org.mx\/wp-content\/uploads\/2018\/03\/14524434_1106112876131411_958039263622046936_o.jpg?resize=700%2C400&ssl=1 2x"},"classes":[]}],"_links":{"self":[{"href":"https:\/\/www.grieta.org.mx\/index.php\/wp-json\/wp\/v2\/posts\/5345","targetHints":{"allow":["GET"]}}],"collection":[{"href":"https:\/\/www.grieta.org.mx\/index.php\/wp-json\/wp\/v2\/posts"}],"about":[{"href":"https:\/\/www.grieta.org.mx\/index.php\/wp-json\/wp\/v2\/types\/post"}],"author":[{"embeddable":true,"href":"https:\/\/www.grieta.org.mx\/index.php\/wp-json\/wp\/v2\/users\/2"}],"replies":[{"embeddable":true,"href":"https:\/\/www.grieta.org.mx\/index.php\/wp-json\/wp\/v2\/comments?post=5345"}],"version-history":[{"count":1,"href":"https:\/\/www.grieta.org.mx\/index.php\/wp-json\/wp\/v2\/posts\/5345\/revisions"}],"predecessor-version":[{"id":5350,"href":"https:\/\/www.grieta.org.mx\/index.php\/wp-json\/wp\/v2\/posts\/5345\/revisions\/5350"}],"wp:featuredmedia":[{"embeddable":true,"href":"https:\/\/www.grieta.org.mx\/index.php\/wp-json\/wp\/v2\/media\/21928"}],"wp:attachment":[{"href":"https:\/\/www.grieta.org.mx\/index.php\/wp-json\/wp\/v2\/media?parent=5345"}],"wp:term":[{"taxonomy":"category","embeddable":true,"href":"https:\/\/www.grieta.org.mx\/index.php\/wp-json\/wp\/v2\/categories?post=5345"},{"taxonomy":"post_tag","embeddable":true,"href":"https:\/\/www.grieta.org.mx\/index.php\/wp-json\/wp\/v2\/tags?post=5345"}],"curies":[{"name":"wp","href":"https:\/\/api.w.org\/{rel}","templated":true}]}}