{"id":53437,"date":"2020-09-16T20:54:09","date_gmt":"2020-09-17T01:54:09","guid":{"rendered":"http:\/\/www.grieta.org.mx\/?p=53437"},"modified":"2020-09-17T23:00:27","modified_gmt":"2020-09-18T04:00:27","slug":"en-mexicali-la-estela-de-la-protesta-feminista-baja-california","status":"publish","type":"post","link":"https:\/\/www.grieta.org.mx\/index.php\/2020\/09\/16\/en-mexicali-la-estela-de-la-protesta-feminista-baja-california\/","title":{"rendered":"En Mexicali, la estela de la protesta feminista (Baja California)"},"content":{"rendered":"<p>Zeta Tijuana \/ Eduardo Villa Lugo.<\/p>\n<p><img loading=\"lazy\" decoding=\"async\" data-attachment-id=\"53438\" data-permalink=\"https:\/\/www.grieta.org.mx\/index.php\/2020\/09\/16\/en-mexicali-la-estela-de-la-protesta-feminista-baja-california\/a-51\/\" data-orig-file=\"https:\/\/www.grieta.org.mx\/wp-content\/uploads\/2020\/09\/a.jpeg\" data-orig-size=\"750,500\" data-comments-opened=\"0\" data-image-meta=\"{&quot;aperture&quot;:&quot;0&quot;,&quot;credit&quot;:&quot;&quot;,&quot;camera&quot;:&quot;&quot;,&quot;caption&quot;:&quot;&quot;,&quot;created_timestamp&quot;:&quot;0&quot;,&quot;copyright&quot;:&quot;&quot;,&quot;focal_length&quot;:&quot;0&quot;,&quot;iso&quot;:&quot;0&quot;,&quot;shutter_speed&quot;:&quot;0&quot;,&quot;title&quot;:&quot;&quot;,&quot;orientation&quot;:&quot;0&quot;}\" data-image-title=\"a\" data-image-description=\"\" data-image-caption=\"\" data-medium-file=\"https:\/\/www.grieta.org.mx\/wp-content\/uploads\/2020\/09\/a-300x200.jpeg\" data-large-file=\"https:\/\/www.grieta.org.mx\/wp-content\/uploads\/2020\/09\/a.jpeg\" class=\"alignnone wp-image-53438\" src=\"http:\/\/www.grieta.org.mx\/wp-content\/uploads\/2020\/09\/a.jpeg\" alt=\"\" width=\"800\" height=\"533\" srcset=\"https:\/\/www.grieta.org.mx\/wp-content\/uploads\/2020\/09\/a.jpeg 750w, https:\/\/www.grieta.org.mx\/wp-content\/uploads\/2020\/09\/a-300x200.jpeg 300w\" sizes=\"auto, (max-width: 800px) 100vw, 800px\" \/><br \/>\nFotos: Cristian Torres.<\/p>\n<p>Edificios p\u00fablicos en diversos puntos de Mexicali, amanecieron este mi\u00e9rcoles 16 de septiembre, con pintas de las protestas feminista iniciada la noche previa, en el Centro de Gobierno de Baja California, durante la ceremonia del grito por el 210 Aniversario de la Independencia de M\u00e9xico.<\/p>\n<p>Algunas personas se inconformaron por lo que consideraron como \u201cactos vand\u00e1licos\u201d. Pero tambi\u00e9n un gran sector de la sociedad respald\u00f3 el movimiento, como un recordatorio al gobierno y a la sociedad de la violencia de g\u00e9nero imperante en la Capital del Estado. Las apoyaron, como manifestaciones que buscan crear consciencia y presionar a los bajacalifornianos en general a visibilizar esta problem\u00e1tica, que no es nueva.<\/p>\n<p>La noche del 15 de septiembre, mientras el gobernador Jaime Bonilla Valdez y sus funcionarios, conmemoraban el 210 Aniversario de la Independencia de M\u00e9xico, los colectivos feministas dieron su \u201cAnti grito\u201d, en el cual solicitaban el cese a la violencia contra la mujer y la urgencia de emitir una alerta de g\u00e9nero en Baja California, entidad donde se han documentado m\u00e1s de 163 mujeres asesinadas en los primeros ocho meses del a\u00f1o, pero que s\u00f3lo 25 de estos cr\u00edmenes se han contabilizado como feminicidios.<\/p>\n<p><img loading=\"lazy\" decoding=\"async\" data-attachment-id=\"53439\" data-permalink=\"https:\/\/www.grieta.org.mx\/index.php\/2020\/09\/16\/en-mexicali-la-estela-de-la-protesta-feminista-baja-california\/x-5\/\" data-orig-file=\"https:\/\/www.grieta.org.mx\/wp-content\/uploads\/2020\/09\/X-1.jpg\" data-orig-size=\"639,670\" data-comments-opened=\"0\" data-image-meta=\"{&quot;aperture&quot;:&quot;0&quot;,&quot;credit&quot;:&quot;&quot;,&quot;camera&quot;:&quot;&quot;,&quot;caption&quot;:&quot;&quot;,&quot;created_timestamp&quot;:&quot;0&quot;,&quot;copyright&quot;:&quot;&quot;,&quot;focal_length&quot;:&quot;0&quot;,&quot;iso&quot;:&quot;0&quot;,&quot;shutter_speed&quot;:&quot;0&quot;,&quot;title&quot;:&quot;&quot;,&quot;orientation&quot;:&quot;1&quot;}\" data-image-title=\"X\" data-image-description=\"\" data-image-caption=\"\" data-medium-file=\"https:\/\/www.grieta.org.mx\/wp-content\/uploads\/2020\/09\/X-1-286x300.jpg\" data-large-file=\"https:\/\/www.grieta.org.mx\/wp-content\/uploads\/2020\/09\/X-1.jpg\" class=\"alignnone wp-image-53439\" src=\"http:\/\/www.grieta.org.mx\/wp-content\/uploads\/2020\/09\/X-1.jpg\" alt=\"\" width=\"800\" height=\"839\" srcset=\"https:\/\/www.grieta.org.mx\/wp-content\/uploads\/2020\/09\/X-1.jpg 639w, https:\/\/www.grieta.org.mx\/wp-content\/uploads\/2020\/09\/X-1-286x300.jpg 286w, https:\/\/www.grieta.org.mx\/wp-content\/uploads\/2020\/09\/X-1-477x500.jpg 477w\" sizes=\"auto, (max-width: 800px) 100vw, 800px\" \/><\/p>\n<p>Hist\u00f3ricamente, Baja California se ha ubicado en el quinto o sexto lugar nacional, en denuncias de car\u00e1cter sexual.<\/p>\n<p>Los colectivos feministas protestaron primeramente en el Centro de Gobierno, donde se instal\u00f3 un gran dispositivo de seguridad para proteger a funcionarios de primer y segundo nivel del Gobierno Estatal, quienes acudieron a los festejos del Grito de Independencia. Convertido en un acto para pocos.<\/p>\n<p>Posteriormente, el grupo de aproximadamente 70 mujeres, se desplaz\u00f3 por diversos puntos de Mexicali, como el monumento a Benito Ju\u00e1rez, la Vicerrector\u00eda de la Universidad Aut\u00f3noma de Baja California, la Comisi\u00f3n Estatal de los Derechos Humanos (CEDH), entre otros sitios ic\u00f3nicos, donde expresaron mensajes despectivos contra las autoridades por la ineficiencia en la protecci\u00f3n de las v\u00edctimas.<\/p>\n<p><img loading=\"lazy\" decoding=\"async\" data-attachment-id=\"53440\" data-permalink=\"https:\/\/www.grieta.org.mx\/index.php\/2020\/09\/16\/en-mexicali-la-estela-de-la-protesta-feminista-baja-california\/y\/\" data-orig-file=\"https:\/\/www.grieta.org.mx\/wp-content\/uploads\/2020\/09\/Y.jpg\" data-orig-size=\"1536,889\" data-comments-opened=\"0\" data-image-meta=\"{&quot;aperture&quot;:&quot;0&quot;,&quot;credit&quot;:&quot;&quot;,&quot;camera&quot;:&quot;&quot;,&quot;caption&quot;:&quot;&quot;,&quot;created_timestamp&quot;:&quot;0&quot;,&quot;copyright&quot;:&quot;&quot;,&quot;focal_length&quot;:&quot;0&quot;,&quot;iso&quot;:&quot;0&quot;,&quot;shutter_speed&quot;:&quot;0&quot;,&quot;title&quot;:&quot;&quot;,&quot;orientation&quot;:&quot;0&quot;}\" data-image-title=\"Y\" data-image-description=\"\" data-image-caption=\"\" data-medium-file=\"https:\/\/www.grieta.org.mx\/wp-content\/uploads\/2020\/09\/Y-300x174.jpg\" data-large-file=\"https:\/\/www.grieta.org.mx\/wp-content\/uploads\/2020\/09\/Y-1024x593.jpg\" class=\"alignnone wp-image-53440\" src=\"http:\/\/www.grieta.org.mx\/wp-content\/uploads\/2020\/09\/Y.jpg\" alt=\"\" width=\"800\" height=\"463\" srcset=\"https:\/\/www.grieta.org.mx\/wp-content\/uploads\/2020\/09\/Y.jpg 1536w, https:\/\/www.grieta.org.mx\/wp-content\/uploads\/2020\/09\/Y-300x174.jpg 300w, https:\/\/www.grieta.org.mx\/wp-content\/uploads\/2020\/09\/Y-1024x593.jpg 1024w, https:\/\/www.grieta.org.mx\/wp-content\/uploads\/2020\/09\/Y-768x445.jpg 768w, https:\/\/www.grieta.org.mx\/wp-content\/uploads\/2020\/09\/Y-864x500.jpg 864w\" sizes=\"auto, (max-width: 800px) 100vw, 800px\" \/><\/p>\n<p>\u201cLa polic\u00eda no me cuida\u201d, \u201cM\u00e9xico Feminicida\u201d, \u201curge alerta de g\u00e9nero\u201d, fueron algunos de los mensajes replicados en varios escenarios, los cuales fueron la estela de la lucha feminista.<\/p>\n<p>Otra de las im\u00e1genes pintorescas se dio en las instalaciones de la Facultad de Ingenier\u00eda, donde fue \u201ctachado\u201d parte de su nombre y fue sustituido como \u201cFacultad de machitos\u201d,<\/p>\n<p>Algunas instituciones como la m\u00e1xima casa de estudios, se movilizaron r\u00e1pido para borrar los mensajes plasmados en los logos de la instituci\u00f3n. Lo mismo sucedi\u00f3 en la explanada exterior del Ayuntamiento de Mexicali.<\/p>\n<p><img loading=\"lazy\" decoding=\"async\" data-attachment-id=\"53441\" data-permalink=\"https:\/\/www.grieta.org.mx\/index.php\/2020\/09\/16\/en-mexicali-la-estela-de-la-protesta-feminista-baja-california\/z-6\/\" data-orig-file=\"https:\/\/www.grieta.org.mx\/wp-content\/uploads\/2020\/09\/Z.jpg\" data-orig-size=\"670,356\" data-comments-opened=\"0\" data-image-meta=\"{&quot;aperture&quot;:&quot;0&quot;,&quot;credit&quot;:&quot;&quot;,&quot;camera&quot;:&quot;&quot;,&quot;caption&quot;:&quot;&quot;,&quot;created_timestamp&quot;:&quot;0&quot;,&quot;copyright&quot;:&quot;&quot;,&quot;focal_length&quot;:&quot;0&quot;,&quot;iso&quot;:&quot;0&quot;,&quot;shutter_speed&quot;:&quot;0&quot;,&quot;title&quot;:&quot;&quot;,&quot;orientation&quot;:&quot;1&quot;}\" data-image-title=\"Z\" data-image-description=\"\" data-image-caption=\"\" data-medium-file=\"https:\/\/www.grieta.org.mx\/wp-content\/uploads\/2020\/09\/Z-300x159.jpg\" data-large-file=\"https:\/\/www.grieta.org.mx\/wp-content\/uploads\/2020\/09\/Z.jpg\" class=\"alignnone wp-image-53441\" src=\"http:\/\/www.grieta.org.mx\/wp-content\/uploads\/2020\/09\/Z.jpg\" alt=\"\" width=\"800\" height=\"425\" srcset=\"https:\/\/www.grieta.org.mx\/wp-content\/uploads\/2020\/09\/Z.jpg 670w, https:\/\/www.grieta.org.mx\/wp-content\/uploads\/2020\/09\/Z-300x159.jpg 300w\" sizes=\"auto, (max-width: 800px) 100vw, 800px\" \/><\/p>\n<p><a href=\"https:\/\/zetatijuana.com\/2020\/09\/en-mexicali-la-estela-de-la-protesta-feminista\/\" target=\"_blank\" rel=\"noopener noreferrer\">https:\/\/zetatijuana.com\/2020\/09\/en-mexicali-la-estela-de-la-protesta-feminista\/<\/a><\/p>\n","protected":false},"excerpt":{"rendered":"<p>Zeta Tijuana \/ Eduardo Villa Lugo. Fotos: Cristian Torres. Edificios p\u00fablicos en diversos puntos de Mexicali, amanecieron este mi\u00e9rcoles 16 de septiembre, con pintas de las protestas feminista iniciada la &hellip; <a href=\"https:\/\/www.grieta.org.mx\/index.php\/2020\/09\/16\/en-mexicali-la-estela-de-la-protesta-feminista-baja-california\/\" class=\"more-link\">Leer m\u00e1s<\/a><\/p>\n","protected":false},"author":2,"featured_media":53438,"comment_status":"closed","ping_status":"closed","sticky":false,"template":"","format":"standard","meta":{"ngg_post_thumbnail":0,"_jetpack_newsletter_access":"","_jetpack_dont_email_post_to_subs":false,"_jetpack_newsletter_tier_id":0,"_jetpack_memberships_contains_paywalled_content":false,"_jetpack_memberships_contains_paid_content":false,"footnotes":""},"categories":[5,80,2206,3164,2,1629],"tags":[],"class_list":["post-53437","post","type-post","status-publish","format-standard","has-post-thumbnail","hentry","category-baja-california","category-cintillo","category-feminicidios-en-baja-california","category-la-lucha-de-las-mujeres-en-baja-california","category-noticias-nacionales","category-violencia-contra-las-mujeres-en-baja-california","entry"],"jetpack_featured_media_url":"https:\/\/www.grieta.org.mx\/wp-content\/uploads\/2020\/09\/a.jpeg","jetpack_sharing_enabled":true,"jetpack_shortlink":"https:\/\/wp.me\/p7ZJR4-dTT","jetpack_likes_enabled":false,"jetpack-related-posts":[{"id":46192,"url":"https:\/\/www.grieta.org.mx\/index.php\/2020\/03\/08\/ante-la-violencia-en-baja-california-la-resistencia-y-la-creatividad-de-mujeres\/","url_meta":{"origin":53437,"position":0},"title":"Ante la violencia en Baja California, la resistencia y la creatividad de mujeres","author":"grieta","date":"8 marzo, 2020","format":false,"excerpt":"Lindero Norte \/ Antonio Heras. Mexicali.- Una expresi\u00f3n de protesta por los feminicidios en esta frontera fue la convocatoria tijuanafeminista 2020 para activar la palabra y potenciar la capacidad pol\u00edtica de la comunidad de mujeres y disidencias del g\u00e9nero a trav\u00e9s de la gr\u00e1fica. Alli, en las inmediaciones del palacio\u2026","rel":"","context":"En &quot;Baja California&quot;","block_context":{"text":"Baja California","link":"https:\/\/www.grieta.org.mx\/index.php\/category\/noticias-nacionales\/baja-california\/"},"img":{"alt_text":"","src":"https:\/\/i0.wp.com\/www.grieta.org.mx\/wp-content\/uploads\/2018\/03\/14524434_1106112876131411_958039263622046936_o.jpg?resize=350%2C200&ssl=1","width":350,"height":200,"srcset":"https:\/\/i0.wp.com\/www.grieta.org.mx\/wp-content\/uploads\/2018\/03\/14524434_1106112876131411_958039263622046936_o.jpg?resize=350%2C200&ssl=1 1x, https:\/\/i0.wp.com\/www.grieta.org.mx\/wp-content\/uploads\/2018\/03\/14524434_1106112876131411_958039263622046936_o.jpg?resize=525%2C300&ssl=1 1.5x, https:\/\/i0.wp.com\/www.grieta.org.mx\/wp-content\/uploads\/2018\/03\/14524434_1106112876131411_958039263622046936_o.jpg?resize=700%2C400&ssl=1 2x"},"classes":[]},{"id":31000,"url":"https:\/\/www.grieta.org.mx\/index.php\/2019\/03\/08\/en-mexicali-mujeres-protestan-por-libertades-y-derechos-igualitarios-conmemoran-dia-internacional-de-la-mujer-baja-california\/","url_meta":{"origin":53437,"position":1},"title":"En Mexicali, mujeres protestan por libertades y derechos igualitarios; Conmemoran D\u00eda Internacional de la Mujer (Baja California)","author":"grieta","date":"8 marzo, 2019","format":false,"excerpt":"Lindero Norte. Jorge Heras \/ Lindero Norte Mexicali.- Diferentes causas convergieron en la marcha que convoc\u00f3 un colectivo de feministas de Mexicali para protestar por las calles de esta ciudad en el Dia Internacional de la Mujer. Decenas de mujeres y un grupo reducido de hombres portestaron por las libertades\u2026","rel":"","context":"En &quot;Baja California&quot;","block_context":{"text":"Baja California","link":"https:\/\/www.grieta.org.mx\/index.php\/category\/noticias-nacionales\/baja-california\/"},"img":{"alt_text":"","src":"https:\/\/i0.wp.com\/www.grieta.org.mx\/wp-content\/uploads\/2018\/03\/14524434_1106112876131411_958039263622046936_o.jpg?resize=350%2C200&ssl=1","width":350,"height":200,"srcset":"https:\/\/i0.wp.com\/www.grieta.org.mx\/wp-content\/uploads\/2018\/03\/14524434_1106112876131411_958039263622046936_o.jpg?resize=350%2C200&ssl=1 1x, https:\/\/i0.wp.com\/www.grieta.org.mx\/wp-content\/uploads\/2018\/03\/14524434_1106112876131411_958039263622046936_o.jpg?resize=525%2C300&ssl=1 1.5x, https:\/\/i0.wp.com\/www.grieta.org.mx\/wp-content\/uploads\/2018\/03\/14524434_1106112876131411_958039263622046936_o.jpg?resize=700%2C400&ssl=1 2x"},"classes":[]},{"id":29700,"url":"https:\/\/www.grieta.org.mx\/index.php\/2019\/02\/24\/en-riesgo-centro-de-atencion-a-la-violencia-intrafamiliar-de-mexicali-por-suspension-de-subsidios-federales-rioseco-consejera-de-inmujeres-baja-california\/","url_meta":{"origin":53437,"position":2},"title":"En riesgo Centro de Atenci\u00f3n a la Violencia Intrafamiliar de Mexicali por suspensi\u00f3n de subsidios federales: Rioseco, consejera de Inmujeres (Baja California)","author":"grieta","date":"24 febrero, 2019","format":false,"excerpt":"Lindero Norte. Antonio Heras Mexicali \u2013 La decisi\u00f3n del Gobierno de M\u00e9xico de cancelar la transferencia de presupuesto y recursos a las organizaciones civiles del pa\u00eds afecta en Baja California al Centro de Atenci\u00f3n a la Violencia Intrafamiliar en Mexicali (Cavim), advirti\u00f3 Maricarmen Rioseco, integrante del Consejo Consultivo de INMUJERES.\u2026","rel":"","context":"En &quot;Baja California&quot;","block_context":{"text":"Baja California","link":"https:\/\/www.grieta.org.mx\/index.php\/category\/noticias-nacionales\/baja-california\/"},"img":{"alt_text":"","src":"https:\/\/i0.wp.com\/www.grieta.org.mx\/wp-content\/uploads\/2019\/02\/descarga.jpeg?resize=350%2C200","width":350,"height":200},"classes":[]},{"id":60369,"url":"https:\/\/www.grieta.org.mx\/index.php\/2021\/07\/08\/terrible-violencia-contra-mujeres-en-mexicali-advierte-colectivo-morado-baja-california\/","url_meta":{"origin":53437,"position":3},"title":"Terrible violencia contra mujeres en Mexicali, advierte Colectivo Morado (Baja California)","author":"grieta","date":"8 julio, 2021","format":false,"excerpt":"Lindero Norte \/ Antonio Heras. *Incluye agresiones verbales, golpes, amenazas de muerte y hasta desapariciones Mexicali.- El calvario de Aida Calder\u00f3n inici\u00f3 en 2017 al morir su esposo y ganar un juicio civil pues recibi\u00f3 agresiones verbales y despu\u00e9s f\u00edsicas por integrantes de la familia del difunto hasta que fue\u2026","rel":"","context":"En &quot;Baja California&quot;","block_context":{"text":"Baja California","link":"https:\/\/www.grieta.org.mx\/index.php\/category\/noticias-nacionales\/baja-california\/"},"img":{"alt_text":"","src":"https:\/\/i0.wp.com\/www.grieta.org.mx\/wp-content\/uploads\/2018\/03\/14524434_1106112876131411_958039263622046936_o.jpg?resize=350%2C200&ssl=1","width":350,"height":200,"srcset":"https:\/\/i0.wp.com\/www.grieta.org.mx\/wp-content\/uploads\/2018\/03\/14524434_1106112876131411_958039263622046936_o.jpg?resize=350%2C200&ssl=1 1x, https:\/\/i0.wp.com\/www.grieta.org.mx\/wp-content\/uploads\/2018\/03\/14524434_1106112876131411_958039263622046936_o.jpg?resize=525%2C300&ssl=1 1.5x, https:\/\/i0.wp.com\/www.grieta.org.mx\/wp-content\/uploads\/2018\/03\/14524434_1106112876131411_958039263622046936_o.jpg?resize=700%2C400&ssl=1 2x"},"classes":[]},{"id":11819,"url":"https:\/\/www.grieta.org.mx\/index.php\/2016\/08\/07\/movilizacion-contra-la-violencia-hacia-las-mujeres-en-baja-california\/","url_meta":{"origin":53437,"position":4},"title":"Movilizaci\u00f3n contra la violencia hacia las mujeres en Baja California","author":"grieta","date":"7 agosto, 2016","format":false,"excerpt":"Movilizaciones en contra de la violencia hacia las mujeres 07\/08\/16. \"Se realiz\u00f3 la segunda \u201cMarcha de las Putas\u201d Plex 19\/06\/16. \"\u00a1Fuera sus rosarios de nuestros ovarios!\", exigen en La Marcha de las Putas La Jornada BC 25\/04\/16. Marchan contra la violencia a mujeres en Mexicali Zeta 24\/04\/16. Hoy, intervenci\u00f3n de\u2026","rel":"","context":"En &quot;Baja California&quot;","block_context":{"text":"Baja California","link":"https:\/\/www.grieta.org.mx\/index.php\/category\/noticias-nacionales\/baja-california\/"},"img":{"alt_text":"","src":"https:\/\/i0.wp.com\/www.grieta.org.mx\/wp-content\/uploads\/2018\/03\/14524434_1106112876131411_958039263622046936_o.jpg?resize=350%2C200&ssl=1","width":350,"height":200,"srcset":"https:\/\/i0.wp.com\/www.grieta.org.mx\/wp-content\/uploads\/2018\/03\/14524434_1106112876131411_958039263622046936_o.jpg?resize=350%2C200&ssl=1 1x, https:\/\/i0.wp.com\/www.grieta.org.mx\/wp-content\/uploads\/2018\/03\/14524434_1106112876131411_958039263622046936_o.jpg?resize=525%2C300&ssl=1 1.5x, https:\/\/i0.wp.com\/www.grieta.org.mx\/wp-content\/uploads\/2018\/03\/14524434_1106112876131411_958039263622046936_o.jpg?resize=700%2C400&ssl=1 2x"},"classes":[]},{"id":48140,"url":"https:\/\/www.grieta.org.mx\/index.php\/2020\/04\/23\/pruebas-de-covid-19-son-insuficientes-en-mexicali-y-no-hay-equipo-para-afrontar-el-virus-colegios-de-medicos-baja-california\/","url_meta":{"origin":53437,"position":5},"title":"Pruebas de COVID-19 son insuficientes en Mexicali y no hay equipo para afrontar el virus: Colegios de M\u00e9dicos (Baja California)","author":"grieta","date":"23 abril, 2020","format":false,"excerpt":"Animal Pol\u00edtico \/ Luis Arellano (Pregonero Baja California) Colegios de M\u00e9dicos en Mexicali enviaron un documento al gobierno de Baja California y al federal, para que se les de equipo de seguridad para trabajar en el combate al COVID-19. Cuartoscuro. Presidentes y representantes de Colegios de M\u00e9dicos en Mexicali, mediante\u2026","rel":"","context":"En &quot;Baja California&quot;","block_context":{"text":"Baja California","link":"https:\/\/www.grieta.org.mx\/index.php\/category\/noticias-nacionales\/baja-california\/"},"img":{"alt_text":"","src":"https:\/\/i0.wp.com\/www.grieta.org.mx\/wp-content\/uploads\/2020\/04\/a-1.jpeg?resize=350%2C200&ssl=1","width":350,"height":200,"srcset":"https:\/\/i0.wp.com\/www.grieta.org.mx\/wp-content\/uploads\/2020\/04\/a-1.jpeg?resize=350%2C200&ssl=1 1x, https:\/\/i0.wp.com\/www.grieta.org.mx\/wp-content\/uploads\/2020\/04\/a-1.jpeg?resize=525%2C300&ssl=1 1.5x, https:\/\/i0.wp.com\/www.grieta.org.mx\/wp-content\/uploads\/2020\/04\/a-1.jpeg?resize=700%2C400&ssl=1 2x, https:\/\/i0.wp.com\/www.grieta.org.mx\/wp-content\/uploads\/2020\/04\/a-1.jpeg?resize=1050%2C600&ssl=1 3x"},"classes":[]}],"_links":{"self":[{"href":"https:\/\/www.grieta.org.mx\/index.php\/wp-json\/wp\/v2\/posts\/53437","targetHints":{"allow":["GET"]}}],"collection":[{"href":"https:\/\/www.grieta.org.mx\/index.php\/wp-json\/wp\/v2\/posts"}],"about":[{"href":"https:\/\/www.grieta.org.mx\/index.php\/wp-json\/wp\/v2\/types\/post"}],"author":[{"embeddable":true,"href":"https:\/\/www.grieta.org.mx\/index.php\/wp-json\/wp\/v2\/users\/2"}],"replies":[{"embeddable":true,"href":"https:\/\/www.grieta.org.mx\/index.php\/wp-json\/wp\/v2\/comments?post=53437"}],"version-history":[{"count":1,"href":"https:\/\/www.grieta.org.mx\/index.php\/wp-json\/wp\/v2\/posts\/53437\/revisions"}],"predecessor-version":[{"id":53442,"href":"https:\/\/www.grieta.org.mx\/index.php\/wp-json\/wp\/v2\/posts\/53437\/revisions\/53442"}],"wp:featuredmedia":[{"embeddable":true,"href":"https:\/\/www.grieta.org.mx\/index.php\/wp-json\/wp\/v2\/media\/53438"}],"wp:attachment":[{"href":"https:\/\/www.grieta.org.mx\/index.php\/wp-json\/wp\/v2\/media?parent=53437"}],"wp:term":[{"taxonomy":"category","embeddable":true,"href":"https:\/\/www.grieta.org.mx\/index.php\/wp-json\/wp\/v2\/categories?post=53437"},{"taxonomy":"post_tag","embeddable":true,"href":"https:\/\/www.grieta.org.mx\/index.php\/wp-json\/wp\/v2\/tags?post=53437"}],"curies":[{"name":"wp","href":"https:\/\/api.w.org\/{rel}","templated":true}]}}