{"id":53424,"date":"2020-09-13T20:26:58","date_gmt":"2020-09-14T01:26:58","guid":{"rendered":"http:\/\/www.grieta.org.mx\/?p=53424"},"modified":"2020-09-17T22:30:28","modified_gmt":"2020-09-18T03:30:28","slug":"fiscal-de-oaxaca-admite-493-homicidios-de-mujeres-trato-135-como-feminicidio","status":"publish","type":"post","link":"https:\/\/www.grieta.org.mx\/index.php\/2020\/09\/13\/fiscal-de-oaxaca-admite-493-homicidios-de-mujeres-trato-135-como-feminicidio\/","title":{"rendered":"Fiscal de Oaxaca admite 493 homicidios de mujeres; trat\u00f3 135 como feminicidio"},"content":{"rendered":"<p>Proceso \/ Pedro Mat\u00edas.<\/p>\n<p><img loading=\"lazy\" decoding=\"async\" data-attachment-id=\"53425\" data-permalink=\"https:\/\/www.grieta.org.mx\/index.php\/2020\/09\/13\/fiscal-de-oaxaca-admite-493-homicidios-de-mujeres-trato-135-como-feminicidio\/i-9\/\" data-orig-file=\"https:\/\/www.grieta.org.mx\/wp-content\/uploads\/2020\/09\/I.jpg\" data-orig-size=\"870,522\" data-comments-opened=\"0\" data-image-meta=\"{&quot;aperture&quot;:&quot;0&quot;,&quot;credit&quot;:&quot;&quot;,&quot;camera&quot;:&quot;&quot;,&quot;caption&quot;:&quot;&quot;,&quot;created_timestamp&quot;:&quot;0&quot;,&quot;copyright&quot;:&quot;&quot;,&quot;focal_length&quot;:&quot;0&quot;,&quot;iso&quot;:&quot;0&quot;,&quot;shutter_speed&quot;:&quot;0&quot;,&quot;title&quot;:&quot;&quot;,&quot;orientation&quot;:&quot;0&quot;}\" data-image-title=\"I\" data-image-description=\"\" data-image-caption=\"\" data-medium-file=\"https:\/\/www.grieta.org.mx\/wp-content\/uploads\/2020\/09\/I-300x180.jpg\" data-large-file=\"https:\/\/www.grieta.org.mx\/wp-content\/uploads\/2020\/09\/I.jpg\" class=\"alignnone wp-image-53425\" src=\"http:\/\/www.grieta.org.mx\/wp-content\/uploads\/2020\/09\/I.jpg\" alt=\"\" width=\"800\" height=\"480\" srcset=\"https:\/\/www.grieta.org.mx\/wp-content\/uploads\/2020\/09\/I.jpg 870w, https:\/\/www.grieta.org.mx\/wp-content\/uploads\/2020\/09\/I-300x180.jpg 300w, https:\/\/www.grieta.org.mx\/wp-content\/uploads\/2020\/09\/I-768x461.jpg 768w, https:\/\/www.grieta.org.mx\/wp-content\/uploads\/2020\/09\/I-833x500.jpg 833w\" sizes=\"auto, (max-width: 800px) 100vw, 800px\" \/><br \/>\nEl fiscal de Oaxaca, Rub\u00e9n Vasconcelos M\u00e9ndez, en una comparecencia ante integrantes Comisi\u00f3n de G\u00e9nero y Feminicidios del Congreso del Estado. Foto: Twitter @CongresoOaxLXIV.<\/p>\n<p>OAXACA, Oax. (proceso.com.mx).\u2013 La Fiscal\u00eda General de Oaxaca reconoci\u00f3 que 493 mujeres han sido asesinadas en la entidad del 2017 al mes de agosto de 2020, de las cuales 135 carpetas de investigaci\u00f3n se iniciaron por el delito de feminicidio y 343 por homicidio doloso.<\/p>\n<p>Durante su comparecencia ante la Comisi\u00f3n de G\u00e9nero y Feminicidios del Congreso del Estado, el fiscal general, Rub\u00e9n Vasconcelos M\u00e9ndez, alarde\u00f3 que en Oaxaca \u201cse ha frenado la impunidad y cada vez m\u00e1s responsables de delitos est\u00e1n en la c\u00e1rcel\u201d, al tiempo que afirm\u00f3 que lograron resolver el 71.9% de los feminicidios cometidos en los \u00faltimos 3 a\u00f1os, cifra sin precedente a nivel estatal.<\/p>\n<p>Respecto al tema de desapariciones de mujeres, inform\u00f3 que de 2018 a 2020, en la entidad se han reportado 437 mujeres como no localizadas, 429 de las cuales han sido localizadas por la Fiscal\u00eda, lo que significa una efectividad del 98.16 por ciento.<\/p>\n<p>Vasconcelos M\u00e9ndez resalt\u00f3 que rindi\u00f3 un informe de resultados que la Fiscal\u00eda General del Estado de Oaxaca (FGEO) ha realizado y obtenido en el periodo comprendido de 2017 a 2020, respecto a la atenci\u00f3n y acompa\u00f1amiento a v\u00edctimas de delitos por raz\u00f3n de g\u00e9nero.<\/p>\n<p>Respecto a las v\u00edctimas en orfandad por el delito de feminicidio, el Fiscal General inform\u00f3 que en el periodo 2012-2020, se han atendido a un total de 140 personas, de las cuales 132 son ni\u00f1os, ni\u00f1as y adolescentes, as\u00ed como 8 adultos.<\/p>\n<p>Adem\u00e1s, en el mismo periodo, se han brindado un total de dos mil 824 servicios a 353 personas adultas v\u00edctimas indirectas del delito de feminicidio en el estado.<br \/>\nSaxofonista rociada con \u00e1cido, un caso sin resolver<\/p>\n<p>Estas cifras contrastan con las de organizaciones feministas como el Grupo de Estudios sobre la mujer \u201cRosario Castellanos\u201d (GESMujer) y Consorcio para el Dialogo Parlamentario y la Equidad, as\u00ed como de casos de tentativa de feminicidio como el de la saxofonista Mar\u00eda Elena R\u00edos Ortiz, que a un a\u00f1o del ataque con \u00e1cido que sufri\u00f3 siguen pendientes acciones de justicia, raz\u00f3n por la que han pedido la renuncia del fiscal.<\/p>\n<p>En redes sociales se destac\u00f3 el hashtag #JusticiaParaMale: El 9 de septiembre de 2019, Mar\u00eda Elena R\u00edos Ortiz, saxofonista de 26 a\u00f1os, fue atacada con \u00e1cido al interior de su hogar por Rubicel H.R., quien habr\u00eda sido contratado por el empresario y exdiputado del PRI, Juan Antonio Vera Carrizal y sus c\u00f3mplices\u201d.<\/p>\n<p>Por lo pronto, Consorcio-Oaxaca exigi\u00f3 al fiscal Rub\u00e9n Vasconcelos la aprehensi\u00f3n de Juan Antonio Vera Hern\u00e1ndez, autor intelectual junto con su padre, del ataque con \u00e1cido a Mar\u00eda Elena R\u00edos Ortiz.<\/p>\n<p>A su vez, el Grupo de Estudios sobre la Mujer \u201cRosario Castellanos\u201d (GESMujer) manifest\u00f3 que el gobierno de Alejandro Murat Hinojosa se perfila como el de mayor violencia feminicida en la historia reciente de Oaxaca, con 458 casos de mujeres asesinadas.<\/p>\n<p>\u201cDesafortunadamente lo que se puede constatar es que estamos frente a un Estado fallido, pues la actual administraci\u00f3n de Alejandro Murat, con poco m\u00e1s de tres a\u00f1os de gobierno, ha acumulado 458 casos, el 86% de la cifra m\u00e1s elevada de los \u00faltimos cuatro sexenios\u201d, agreg\u00f3.<\/p>\n<p>Y es que a dos a\u00f1os de la Declaratoria de Alerta por Violencia de G\u00e9nero se mantiene y se extiende la violencia feminicida en Oaxaca, con un acumulado de 243 ni\u00f1as y mujeres asesinadas de manera violenta.<\/p>\n<p>Mientras que Consorcio sostiene, con base en datos de la Plataforma de Violencia Feminicida, que del 31 de agosto de 2018 a la fecha, la desaparici\u00f3n de mujeres se ha incrementado 74.5% (349 casos) respecto a los 200 casos registrados antes del decreto, es decir, del 1 diciembre de 2016 al 31 de agosto de 2018, en los 40 municipios que cuentan con Alerta de G\u00e9nero.<\/p>\n<p>En el mismo periodo, los feminicidios se incrementaron 12% (142 casos) en comparaci\u00f3n con los 127 registrados durante los primeros a\u00f1os del gobierno actual. La mayor\u00eda de las v\u00edctimas fueron asesinadas con arma de fuego (67%) y\/o fueron v\u00edctimas de un ataque armado (43%).<\/p>\n<p><a href=\"https:\/\/www.proceso.com.mx\/648017\/fiscal-de-oaxaca-admite-493-homicidios-de-mujeres-trato-135-como-feminicidio\" target=\"_blank\" rel=\"noopener noreferrer\">https:\/\/www.proceso.com.mx\/648017\/fiscal-de-oaxaca-admite-493-homicidios-de-mujeres-trato-135-como-feminicidio<\/a><\/p>\n","protected":false},"excerpt":{"rendered":"<p>Proceso \/ Pedro Mat\u00edas. El fiscal de Oaxaca, Rub\u00e9n Vasconcelos M\u00e9ndez, en una comparecencia ante integrantes Comisi\u00f3n de G\u00e9nero y Feminicidios del Congreso del Estado. Foto: Twitter @CongresoOaxLXIV. OAXACA, Oax. &hellip; <a href=\"https:\/\/www.grieta.org.mx\/index.php\/2020\/09\/13\/fiscal-de-oaxaca-admite-493-homicidios-de-mujeres-trato-135-como-feminicidio\/\" class=\"more-link\">Leer m\u00e1s<\/a><\/p>\n","protected":false},"author":2,"featured_media":21928,"comment_status":"closed","ping_status":"closed","sticky":false,"template":"","format":"standard","meta":{"ngg_post_thumbnail":0,"_jetpack_newsletter_access":"","_jetpack_dont_email_post_to_subs":false,"_jetpack_newsletter_tier_id":0,"_jetpack_memberships_contains_paywalled_content":false,"_jetpack_memberships_contains_paid_content":false,"footnotes":""},"categories":[80,1325,3163,1477,2,25,1665],"tags":[],"class_list":["post-53424","post","type-post","status-publish","format-standard","has-post-thumbnail","hentry","category-cintillo","category-feminicidios-en-oaxaca-oaxaca","category-la-lucha-de-las-mujeres-en-oaxaca","category-la-ninez-en-la-tormenta-en-oaxaca","category-noticias-nacionales","category-oaxaca","category-violencia-contra-las-mujeres-en-oaxaca","entry"],"jetpack_featured_media_url":"https:\/\/www.grieta.org.mx\/wp-content\/uploads\/2018\/03\/14524434_1106112876131411_958039263622046936_o.jpg","jetpack_sharing_enabled":true,"jetpack_shortlink":"https:\/\/wp.me\/p7ZJR4-dTG","jetpack_likes_enabled":false,"jetpack-related-posts":[{"id":45838,"url":"https:\/\/www.grieta.org.mx\/index.php\/2020\/03\/07\/feministas-exigen-juicio-politico-contra-el-fiscal-de-oaxaca\/","url_meta":{"origin":53424,"position":0},"title":"Feministas exigen juicio pol\u00edtico contra el fiscal de Oaxaca","author":"grieta","date":"7 marzo, 2020","format":false,"excerpt":"Proceso \/ Pedro Mat\u00edas. Grupos feministas colocaron cruces frente a la Fiscal\u00eda de Oaxaca. Foto: @consorciooaxaca. OAXACA, Oax. (apro).- Luego de marchar por distintas calles de la ciudad y colocar cruces en memoria de las mujeres asesinadas en la entidad, un grupo de feministas \u201cclausur\u00f3\u201d la Fiscal\u00eda General del estado\u2026","rel":"","context":"En &quot;CINTILLO&quot;","block_context":{"text":"CINTILLO","link":"https:\/\/www.grieta.org.mx\/index.php\/category\/cintillo\/"},"img":{"alt_text":"","src":"https:\/\/i0.wp.com\/www.grieta.org.mx\/wp-content\/uploads\/2020\/03\/Fiscalia-Oaxaca-870x522.jpg?resize=350%2C200&ssl=1","width":350,"height":200,"srcset":"https:\/\/i0.wp.com\/www.grieta.org.mx\/wp-content\/uploads\/2020\/03\/Fiscalia-Oaxaca-870x522.jpg?resize=350%2C200&ssl=1 1x, https:\/\/i0.wp.com\/www.grieta.org.mx\/wp-content\/uploads\/2020\/03\/Fiscalia-Oaxaca-870x522.jpg?resize=525%2C300&ssl=1 1.5x, https:\/\/i0.wp.com\/www.grieta.org.mx\/wp-content\/uploads\/2020\/03\/Fiscalia-Oaxaca-870x522.jpg?resize=700%2C400&ssl=1 2x"},"classes":[]},{"id":41527,"url":"https:\/\/www.grieta.org.mx\/index.php\/2019\/11\/24\/afro-oaxaquenas-exigen-a-murat-garantizar-la-vida-de-las-oaxaquenas-oaxaca\/","url_meta":{"origin":53424,"position":1},"title":"Afro-Oaxaque\u00f1as exigen a Murat garantizar la vida de las oaxaque\u00f1as (Oaxaca)","author":"grieta","date":"24 noviembre, 2019","format":false,"excerpt":"P\u00e1gina 3 \/ Comunicados. Al presidente de la Rep\u00fablica Lic. Andr\u00e9s Manuel L\u00f3pez Obrador Al gobernador de Oaxaca, Alejandro Murat Al fiscal general de Oaxaca, Rub\u00e9n Vasconcelos M\u00e9ndez A la Secretar\u00eda de la Mujer Oaxaque\u00f1a Las integrantes del \u201cPacto de Mujeres\u201d surgido del VI Foro de Mujeres Lideresas Huatulco 2018,\u2026","rel":"","context":"En &quot;CINTILLO&quot;","block_context":{"text":"CINTILLO","link":"https:\/\/www.grieta.org.mx\/index.php\/category\/cintillo\/"},"img":{"alt_text":"","src":"https:\/\/i0.wp.com\/www.grieta.org.mx\/wp-content\/uploads\/2018\/03\/14524434_1106112876131411_958039263622046936_o.jpg?resize=350%2C200&ssl=1","width":350,"height":200,"srcset":"https:\/\/i0.wp.com\/www.grieta.org.mx\/wp-content\/uploads\/2018\/03\/14524434_1106112876131411_958039263622046936_o.jpg?resize=350%2C200&ssl=1 1x, https:\/\/i0.wp.com\/www.grieta.org.mx\/wp-content\/uploads\/2018\/03\/14524434_1106112876131411_958039263622046936_o.jpg?resize=525%2C300&ssl=1 1.5x, https:\/\/i0.wp.com\/www.grieta.org.mx\/wp-content\/uploads\/2018\/03\/14524434_1106112876131411_958039263622046936_o.jpg?resize=700%2C400&ssl=1 2x"},"classes":[]},{"id":50476,"url":"https:\/\/www.grieta.org.mx\/index.php\/2020\/06\/05\/exigen-se-inicie-juicio-politico-y-destitucion-del-fiscal-ruben-vasconcelos-por-obstruir-la-justicia-para-sol-oaxaca\/","url_meta":{"origin":53424,"position":2},"title":"Exigen se inicie juicio pol\u00edtico y destituci\u00f3n del fiscal Rub\u00e9n Vasconcelos por obstruir la justicia para Sol (Oaxaca)","author":"grieta","date":"5 junio, 2020","format":false,"excerpt":"P\u00e1gina 3 \/ Pedro Mat\u00edas. OAXACA, Oax.- Casi un centenar de organizaciones exigieron al Congreso del Estado de Oaxaca que inicie un juicio pol\u00edtico y la destituci\u00f3n del fiscal General de Justicia de Oaxaca, Rub\u00e9n Vasconcelos M\u00e9ndez, porque a dos a\u00f1os del asesinato de la fotoperiodista Mar\u00eda del Sol Cruz\u2026","rel":"","context":"En &quot;CINTILLO&quot;","block_context":{"text":"CINTILLO","link":"https:\/\/www.grieta.org.mx\/index.php\/category\/cintillo\/"},"img":{"alt_text":"","src":"https:\/\/i0.wp.com\/www.grieta.org.mx\/wp-content\/uploads\/2018\/03\/14524434_1106112876131411_958039263622046936_o.jpg?resize=350%2C200&ssl=1","width":350,"height":200,"srcset":"https:\/\/i0.wp.com\/www.grieta.org.mx\/wp-content\/uploads\/2018\/03\/14524434_1106112876131411_958039263622046936_o.jpg?resize=350%2C200&ssl=1 1x, https:\/\/i0.wp.com\/www.grieta.org.mx\/wp-content\/uploads\/2018\/03\/14524434_1106112876131411_958039263622046936_o.jpg?resize=525%2C300&ssl=1 1.5x, https:\/\/i0.wp.com\/www.grieta.org.mx\/wp-content\/uploads\/2018\/03\/14524434_1106112876131411_958039263622046936_o.jpg?resize=700%2C400&ssl=1 2x"},"classes":[]},{"id":46285,"url":"https:\/\/www.grieta.org.mx\/index.php\/2020\/03\/01\/feminicidios-en-oaxaca-la-justicia-maquillada\/","url_meta":{"origin":53424,"position":3},"title":"Feminicidios en Oaxaca, la justicia maquillada","author":"grieta","date":"1 marzo, 2020","format":false,"excerpt":"Pie de P\u00e1gina \/ Texto y fotograf\u00eda: Antonio Mundaca; Video: Karen Rojas Kauffmann; Ilustraci\u00f3n: Mar\u00eda Vigne; Infograf\u00eda : Daniel Cid Berthely. Alejandro Murat, gobernador de Oaxaca. Los 351 feminicidios registrados por Observatorios Ciudadanos en el primer trienio del gobierno de Alejandro Murat contrastan con las cifras de la Fiscal\u00eda oaxaque\u00f1a,\u2026","rel":"","context":"En &quot;CINTILLO&quot;","block_context":{"text":"CINTILLO","link":"https:\/\/www.grieta.org.mx\/index.php\/category\/cintillo\/"},"img":{"alt_text":"","src":"https:\/\/i0.wp.com\/www.grieta.org.mx\/wp-content\/uploads\/2020\/03\/Murat_feminicidios_Oaxaca_Heriberto_paredes.jpg?resize=350%2C200&ssl=1","width":350,"height":200,"srcset":"https:\/\/i0.wp.com\/www.grieta.org.mx\/wp-content\/uploads\/2020\/03\/Murat_feminicidios_Oaxaca_Heriberto_paredes.jpg?resize=350%2C200&ssl=1 1x, https:\/\/i0.wp.com\/www.grieta.org.mx\/wp-content\/uploads\/2020\/03\/Murat_feminicidios_Oaxaca_Heriberto_paredes.jpg?resize=525%2C300&ssl=1 1.5x, https:\/\/i0.wp.com\/www.grieta.org.mx\/wp-content\/uploads\/2020\/03\/Murat_feminicidios_Oaxaca_Heriberto_paredes.jpg?resize=700%2C400&ssl=1 2x, https:\/\/i0.wp.com\/www.grieta.org.mx\/wp-content\/uploads\/2020\/03\/Murat_feminicidios_Oaxaca_Heriberto_paredes.jpg?resize=1050%2C600&ssl=1 3x"},"classes":[]},{"id":52257,"url":"https:\/\/www.grieta.org.mx\/index.php\/2020\/07\/31\/fiscal-de-oaxaca-comparecera-ante-el-congreso-a-9-anos-de-la-desaparicion-de-jesus-israel\/","url_meta":{"origin":53424,"position":4},"title":"Fiscal de Oaxaca comparecer\u00e1 ante el Congreso a 9 a\u00f1os de la desaparici\u00f3n de Jes\u00fas Israel","author":"grieta","date":"31 julio, 2020","format":false,"excerpt":"Proceso \/ Pedro Mat\u00edas. Jes\u00fas Israel Moreno. Foto: Twitter @idheasdh OAXACA, Oax. (apro).- Por incumplimiento a la resoluci\u00f3n del Comit\u00e9 de Derechos Humanos de la ONU en el caso de la desaparici\u00f3n del universitario Jes\u00fas Israel Moreno P\u00e9rez, el Congreso de Oaxaca cit\u00f3 a comparecer al fiscal Rub\u00e9n Vasconcelos M\u00e9ndez\u2026","rel":"","context":"En &quot;CINTILLO&quot;","block_context":{"text":"CINTILLO","link":"https:\/\/www.grieta.org.mx\/index.php\/category\/cintillo\/"},"img":{"alt_text":"","src":"https:\/\/i0.wp.com\/www.grieta.org.mx\/wp-content\/uploads\/2020\/08\/a-1.jpg?resize=350%2C200&ssl=1","width":350,"height":200,"srcset":"https:\/\/i0.wp.com\/www.grieta.org.mx\/wp-content\/uploads\/2020\/08\/a-1.jpg?resize=350%2C200&ssl=1 1x, https:\/\/i0.wp.com\/www.grieta.org.mx\/wp-content\/uploads\/2020\/08\/a-1.jpg?resize=525%2C300&ssl=1 1.5x, https:\/\/i0.wp.com\/www.grieta.org.mx\/wp-content\/uploads\/2020\/08\/a-1.jpg?resize=700%2C400&ssl=1 2x"},"classes":[]},{"id":57870,"url":"https:\/\/www.grieta.org.mx\/index.php\/2021\/03\/09\/memoria-y-verdad-el-fiscal-en-oaxaca-renuncia-y-deja-510-feminicidios-impunes\/","url_meta":{"origin":53424,"position":5},"title":"Memoria y verdad El fiscal en Oaxaca renuncia y deja 510 feminicidios impunes","author":"grieta","date":"9 marzo, 2021","format":false,"excerpt":"Pi\u00e9 de P\u00e1gina \/ Diana Manzo y Pedro Mat\u00edas \/ P\u00e1gina 3* Mar\u00eda Elena R\u00edos, la mujer saxofonista que fue agredida con \u00e1cido en 2019, reclama al exfiscal de Oaxaca su incapacidad para atender con perspectiva de g\u00e9nero los cr\u00edmenes contra mujeres. No somos casos, somos vidas, reclamaron las mujeres\u2026","rel":"","context":"En &quot;CINTILLO&quot;","block_context":{"text":"CINTILLO","link":"https:\/\/www.grieta.org.mx\/index.php\/category\/cintillo\/"},"img":{"alt_text":"","src":"https:\/\/i0.wp.com\/www.grieta.org.mx\/wp-content\/uploads\/2021\/03\/Mari%CC%81a-Elena-Ri%CC%81os-Ortiz.jpg?resize=350%2C200&ssl=1","width":350,"height":200,"srcset":"https:\/\/i0.wp.com\/www.grieta.org.mx\/wp-content\/uploads\/2021\/03\/Mari%CC%81a-Elena-Ri%CC%81os-Ortiz.jpg?resize=350%2C200&ssl=1 1x, https:\/\/i0.wp.com\/www.grieta.org.mx\/wp-content\/uploads\/2021\/03\/Mari%CC%81a-Elena-Ri%CC%81os-Ortiz.jpg?resize=525%2C300&ssl=1 1.5x, https:\/\/i0.wp.com\/www.grieta.org.mx\/wp-content\/uploads\/2021\/03\/Mari%CC%81a-Elena-Ri%CC%81os-Ortiz.jpg?resize=700%2C400&ssl=1 2x"},"classes":[]}],"_links":{"self":[{"href":"https:\/\/www.grieta.org.mx\/index.php\/wp-json\/wp\/v2\/posts\/53424","targetHints":{"allow":["GET"]}}],"collection":[{"href":"https:\/\/www.grieta.org.mx\/index.php\/wp-json\/wp\/v2\/posts"}],"about":[{"href":"https:\/\/www.grieta.org.mx\/index.php\/wp-json\/wp\/v2\/types\/post"}],"author":[{"embeddable":true,"href":"https:\/\/www.grieta.org.mx\/index.php\/wp-json\/wp\/v2\/users\/2"}],"replies":[{"embeddable":true,"href":"https:\/\/www.grieta.org.mx\/index.php\/wp-json\/wp\/v2\/comments?post=53424"}],"version-history":[{"count":1,"href":"https:\/\/www.grieta.org.mx\/index.php\/wp-json\/wp\/v2\/posts\/53424\/revisions"}],"predecessor-version":[{"id":53426,"href":"https:\/\/www.grieta.org.mx\/index.php\/wp-json\/wp\/v2\/posts\/53424\/revisions\/53426"}],"wp:featuredmedia":[{"embeddable":true,"href":"https:\/\/www.grieta.org.mx\/index.php\/wp-json\/wp\/v2\/media\/21928"}],"wp:attachment":[{"href":"https:\/\/www.grieta.org.mx\/index.php\/wp-json\/wp\/v2\/media?parent=53424"}],"wp:term":[{"taxonomy":"category","embeddable":true,"href":"https:\/\/www.grieta.org.mx\/index.php\/wp-json\/wp\/v2\/categories?post=53424"},{"taxonomy":"post_tag","embeddable":true,"href":"https:\/\/www.grieta.org.mx\/index.php\/wp-json\/wp\/v2\/tags?post=53424"}],"curies":[{"name":"wp","href":"https:\/\/api.w.org\/{rel}","templated":true}]}}