{"id":5341,"date":"2015-11-14T19:53:26","date_gmt":"2015-11-14T19:53:26","guid":{"rendered":"http:\/\/50.22.11.12\/~grietaor\/?p=5341"},"modified":"2016-03-26T19:55:45","modified_gmt":"2016-03-26T19:55:45","slug":"amenazan-con-expropiacion-a-ejidatarios-que-se-niegan-a-regalar-sus-tierras-para-la-instalacion-de-toyota","status":"publish","type":"post","link":"https:\/\/www.grieta.org.mx\/index.php\/2015\/11\/14\/amenazan-con-expropiacion-a-ejidatarios-que-se-niegan-a-regalar-sus-tierras-para-la-instalacion-de-toyota\/","title":{"rendered":"Amenazan con expropiaci\u00f3n a ejidatarios que se niegan a regalar sus tierras para la instalaci\u00f3n de Toyota"},"content":{"rendered":"<p>Omar Israel Villica\u00f1a,  Le\u00f3n, Gto. <\/p>\n<p><img loading=\"lazy\" decoding=\"async\" data-attachment-id=\"5343\" data-permalink=\"https:\/\/www.grieta.org.mx\/index.php\/2015\/11\/14\/amenazan-con-expropiacion-a-ejidatarios-que-se-niegan-a-regalar-sus-tierras-para-la-instalacion-de-toyota\/8a9780d9ffd847b-2-300x205-am\/\" data-orig-file=\"https:\/\/www.grieta.org.mx\/wp-content\/uploads\/2015\/11\/8a9780d9ffd847b-2-300x205-am.jpg\" data-orig-size=\"300,205\" data-comments-opened=\"0\" data-image-meta=\"{&quot;aperture&quot;:&quot;0&quot;,&quot;credit&quot;:&quot;&quot;,&quot;camera&quot;:&quot;&quot;,&quot;caption&quot;:&quot;&quot;,&quot;created_timestamp&quot;:&quot;0&quot;,&quot;copyright&quot;:&quot;&quot;,&quot;focal_length&quot;:&quot;0&quot;,&quot;iso&quot;:&quot;0&quot;,&quot;shutter_speed&quot;:&quot;0&quot;,&quot;title&quot;:&quot;&quot;,&quot;orientation&quot;:&quot;0&quot;}\" data-image-title=\"8a9780d9ffd847b-2-300&amp;#215;205  am\" data-image-description=\"\" data-image-caption=\"\" data-medium-file=\"https:\/\/www.grieta.org.mx\/wp-content\/uploads\/2015\/11\/8a9780d9ffd847b-2-300x205-am-300x205.jpg\" data-large-file=\"https:\/\/www.grieta.org.mx\/wp-content\/uploads\/2015\/11\/8a9780d9ffd847b-2-300x205-am.jpg\" src=\"http:\/\/grieta.org.mx\/wp-content\/uploads\/2015\/11\/8a9780d9ffd847b-2-300x205-am.jpg\" alt=\"8a9780d9ffd847b-2-300x205  am\" width=\"300\" height=\"205\" class=\"alignnone size-full wp-image-5343\" \/><br \/>\nEjidatarios de Caleras de Ameche piden de 5 a 10 millones de pesos por cada hect\u00e1rea de su terreno, necesario para la instalaci\u00f3n de la planta armadora de Toyota.<\/p>\n<p>Tras el anuncio de la llegada de la armadora a esa zona de Apaseo el Grande, gestores se han acercado para negociar y comprar las 500 hect\u00e1reas necesarias para la instalaci\u00f3n de la planta, y se han encontrado con la renuencia de algunos ejidatarios y el alto precio que piden por sus tierras.<\/p>\n<p>Y es por ello que Gobierno del Estado ya prepara la expropiaci\u00f3n de ciertos terrenos, en los que no se ha concretado la venta.<\/p>\n<p>\u201cEst\u00e1n muy renuentes, dicen que si les pagan 10 millones por hect\u00e1rea s\u00ed venden, pero 10 millones ni urbanizadas, est\u00e1n enga\u00f1ados, o est\u00e1n mal asesorados, supongo, por eso la amenaza de la expropiaci\u00f3n\u201d, expres\u00f3 el comisariado ejidal de Caleras de Ameche, Refugio Rubio.<\/p>\n<p>El se\u00f1or Francisco Rodr\u00edguez G\u00f3mez, ejidatario de Caleras de Ameche, por ejemplo, dice que la llegada de Toyota se ha convertido en una amenaza, pues sus tierras de cultivo son todo lo que tiene y el sustento de toda su familia, sin embargo asegura no negarse a vender sus siete hect\u00e1reas, pero exige un precio justo, que para \u00e9l es de 5 millones de pesos por hect\u00e1rea, o ser socio de la empresa.<\/p>\n<p>Toyota requiere de 500 hect\u00e1reas de terreno para la instalaci\u00f3n de su nueva planta armadora en el estado.<\/p>\n<p>El jueves, el gobernador del Estado, Miguel M\u00e1rquez anunci\u00f3 que acudir\u00eda al Congreso del Estado para pedir la expropiaci\u00f3n de las tierras que hacen falta para la armadora, proceso que de hecho inici\u00f3 desde septiembre.<\/p>\n<p>Ejidatarios encarecen terrenos para Toyota<\/p>\n<p>Antes del anuncio de la llegada de Toyota a Apaseo el Grande, una hect\u00e1rea de tierra en la comunidad de Caleras de Ameche no rebasaba los 200 mil pesos, sin embargo se han estado vendiendo hasta en un mill\u00f3n de pesos, por hect\u00e1rea.<\/p>\n<p>As\u00ed lo asegur\u00f3 el comisariado ejidal de Caleras de Ameche, Refugio Rubio, quien afirm\u00f3 que se han vendido 180 hect\u00e1reas a ese precio.<\/p>\n<p>El representante ejidal explic\u00f3 que algunos compradores se han acercado a ofertar por las tierras donde, se dice, se instalar\u00e1 la empresa nipona armadora de autos, Toyota, \u201cninguno se va m\u00e1s all\u00e1 de 100 pesos el metro cuadrado, ofrecen de 80 a 100 pesos por metro\u201d, asegur\u00f3, lo cual representa un mill\u00f3n de pesos por hect\u00e1rea.<\/p>\n<p>Coment\u00f3 que restan entre 60 y 80 hect\u00e1reas para completar el pol\u00edgono donde se instalar\u00e1 la planta, por las cuales se han ofrecido hasta un mill\u00f3n 300 mil pesos por hect\u00e1rea, para no llegar a la expropiaci\u00f3n.<\/p>\n<p>Pero los propietarios de esas tierras no quieren negociar en esa cantidad, \u201cest\u00e1n muy renuentes, dicen que si les pagan 10 millones por hect\u00e1rea s\u00ed venden, pero 10 millones ni urbanizadas, est\u00e1n enga\u00f1ados, o est\u00e1n mal asesorados, supongo, por eso la amenaza de la expropiaci\u00f3n\u201d, expres\u00f3.<\/p>\n<p>El Comisariado reconoci\u00f3 que las tierras se est\u00e1n pagando hasta cinco veces por encima de su valor, pues antes del anuncio de Toyota no rebasaban los 20 pesos por metro cuadrado, es decir 200 mil por hect\u00e1rea, \u201clas est\u00e1n pagando muy bien\u201d, opin\u00f3.<\/p>\n<p>E inform\u00f3 que se han vendido otras 200 hect\u00e1reas de tierras colindantes a Caleras de Ameche.<\/p>\n<p>Cabe recordar que Toyota requiere cerca de 500 hect\u00e1reas, seg\u00fan lo dicho por el gobernador Miguel M\u00e1rquez M\u00e1rquez.<\/p>\n<p>\u201cNo me opongo a vender,pero a precio justo\u201d<\/p>\n<p>Para Francisco Rodr\u00edguez G\u00f3mez, ejidatario de Caleras de Ameche, la llegada de Toyota se ha convertido en una amenaza, pues sus tierras de cultivo son todo lo que tiene y el sustento de toda su familia, sin embargo asegura no negarse a vender sus siete hect\u00e1reas, pero exige un precio justo, que para \u00e9l es de 5 millones de pesos por hect\u00e1rea.<\/p>\n<p>El ejidatario platic\u00f3 que desde muy ni\u00f1o sus tierras, que en ese momento eran de su padre, han sido el sustento de la familia, ya que son campos agr\u00edcolas muy f\u00e9rtiles, de los cuales obtiene una producci\u00f3n de hasta 18 toneladas por hect\u00e1rea cada seis meses, que le dejan una utilidad cercana al mill\u00f3n de pesos al a\u00f1o.<\/p>\n<p>Tierras que ha trabajado durante toda la vida y ahora tambi\u00e9n trabajan sus hijos para sustentar a sus respectivas familias.<\/p>\n<p>Es por eso que afirma no querer, ni haber pensado nunca en vender sus tierras, no obstante \u201cno nos oponemos a vender, pero a un precio justo, para m\u00ed que la (hect\u00e1rea) de cultivo vale 5 millones de pesos cada una, o que nos acepten como socios de la empresa\u201d, manifest\u00f3.<\/p>\n<p>AM recorri\u00f3 sus tierras, donde adem\u00e1s tiene ganado como caballos, cerdos y borregas, y as\u00ed como 260 \u00e1rboles que el plant\u00f3 para circundar su propiedad, a lo que argumenta que ni el gobierno ni Toyota piensan las afectaciones que tendr\u00e1n personas como \u00e9l, \u201c\u00bfa d\u00f3nde nos vamos a ir?, esta es mi vida\u201d, finaliz\u00f3.<\/p>\n<p>Inicia proceso de expropiaci\u00f3n desde septiembre<\/p>\n<p>El proceso para expropiar las tierras faltantes para la instalaci\u00f3n de Toyota inici\u00f3 desde septiembre, cuando la Secretar\u00eda de Desarrollo Econ\u00f3mico Sustentable del Estado hizo una solicitud a la Secretar\u00eda de Gobierno del Estado para que comenzara la gesti\u00f3n.<\/p>\n<p>En los documentos con membrete del Poder Ejecutivo y sellados por la Secretar\u00eda de Gobierno a los que AM tuvo acceso, se solicita la expropiaci\u00f3n de un terreno de m\u00e1s de dos hect\u00e1reas en el predio denominado \u201cEl Plan\u201d, ubicado en la comunidad Caleras de Ameche, Apaseo el Grande.<\/p>\n<p>El escrito justifica la expropiaci\u00f3n \u201cpor causa de utilidad p\u00fablica consistente en la creaci\u00f3n de reservas territoriales para el desarrollo de la industria, as\u00ed como para el fomento econ\u00f3mico, productividad y competitividad de unidades de producci\u00f3n al oriente de la ciudad de Apaseo el Grande\u2026\u201d.<\/p>\n<p>Expresa que la solicitud de la SDES se hizo el 11 de septiembre del 2015, \u201csuscrito por el Secretario de Desarrollo Econ\u00f3mico Sustentable del Estado, recibido con fecha 17 de septiembre del 2015, mediante el cual solicita la expropiaci\u00f3n\u2026\u201d.<\/p>\n<p>Adem\u00e1s se adjuntan las notificaciones que le han hecho llegar a la propietaria del terreno, acerca de la intenci\u00f3n de expropiar su terreno.<\/p>\n<p>El siguiente paso es hacer la solicitud al Congreso, y el jueves, en su visita a Celaya para la inauguraci\u00f3n de la Expo Sapuraiya 2015, el gobernador Miguel M\u00e1rquez M\u00e1rquez dijo que acudir\u00eda para solicitar la expropiaci\u00f3n de las hect\u00e1reas que hacen falta para la instalaci\u00f3n de Toyota en Apaseo el Grande.<\/p>\n<p><a href=\"http:\/\/am.com.mx\/leon\/local\/piden-por-hectarea-hasta-$10-millones-243246.html\" target=\"_blank\">am.com.mx\/leon\/local\/piden-por-hectarea-hasta-$10-millones-243246.html<\/a><\/p>\n","protected":false},"excerpt":{"rendered":"<p>Omar Israel Villica\u00f1a, Le\u00f3n, Gto. Ejidatarios de Caleras de Ameche piden de 5 a 10 millones de pesos por cada hect\u00e1rea de su terreno, necesario para la instalaci\u00f3n de la &hellip; <a href=\"https:\/\/www.grieta.org.mx\/index.php\/2015\/11\/14\/amenazan-con-expropiacion-a-ejidatarios-que-se-niegan-a-regalar-sus-tierras-para-la-instalacion-de-toyota\/\" class=\"more-link\">Leer m\u00e1s<\/a><\/p>\n","protected":false},"author":2,"featured_media":21928,"comment_status":"closed","ping_status":"open","sticky":false,"template":"","format":"standard","meta":{"ngg_post_thumbnail":0,"_jetpack_newsletter_access":"","_jetpack_dont_email_post_to_subs":false,"_jetpack_newsletter_tier_id":0,"_jetpack_memberships_contains_paywalled_content":false,"_jetpack_memberships_contains_paid_content":false,"footnotes":""},"categories":[80],"tags":[],"class_list":["post-5341","post","type-post","status-publish","format-standard","has-post-thumbnail","hentry","category-cintillo","entry"],"jetpack_featured_media_url":"https:\/\/www.grieta.org.mx\/wp-content\/uploads\/2018\/03\/14524434_1106112876131411_958039263622046936_o.jpg","jetpack_sharing_enabled":true,"jetpack_shortlink":"https:\/\/wp.me\/p7ZJR4-1o9","jetpack_likes_enabled":false,"jetpack-related-posts":[{"id":17941,"url":"https:\/\/www.grieta.org.mx\/index.php\/2016\/04\/26\/acusan-presiones-para-abaratar-tierras-destinadas-a-toyota-en-guanajuato\/","url_meta":{"origin":5341,"position":0},"title":"Acusan presiones para abaratar tierras destinadas a Toyota en Guanajuato","author":"grieta","date":"26 abril, 2016","format":false,"excerpt":"POR VER\u00d3NICA ESPINOSA GUANAJUATO, Gto., (apro).- Representantes del ejido Caleras de Ameche, en el municipio de Apaseo el Grande, denunciaron los afanes especulativos que en su perjuicio ha desatado el gobierno del estado en la adquisici\u00f3n de terrenos donde se instalar\u00e1 la nueva planta de la armadora Toyota, proceso que\u2026","rel":"","context":"En &quot;CINTILLO&quot;","block_context":{"text":"CINTILLO","link":"https:\/\/www.grieta.org.mx\/index.php\/category\/cintillo\/"},"img":{"alt_text":"","src":"https:\/\/i0.wp.com\/www.grieta.org.mx\/wp-content\/uploads\/2018\/03\/14524434_1106112876131411_958039263622046936_o.jpg?resize=350%2C200&ssl=1","width":350,"height":200,"srcset":"https:\/\/i0.wp.com\/www.grieta.org.mx\/wp-content\/uploads\/2018\/03\/14524434_1106112876131411_958039263622046936_o.jpg?resize=350%2C200&ssl=1 1x, https:\/\/i0.wp.com\/www.grieta.org.mx\/wp-content\/uploads\/2018\/03\/14524434_1106112876131411_958039263622046936_o.jpg?resize=525%2C300&ssl=1 1.5x, https:\/\/i0.wp.com\/www.grieta.org.mx\/wp-content\/uploads\/2018\/03\/14524434_1106112876131411_958039263622046936_o.jpg?resize=700%2C400&ssl=1 2x"},"classes":[]},{"id":18891,"url":"https:\/\/www.grieta.org.mx\/index.php\/2016\/04\/06\/acusan-presiones-para-abaratar-tierras-destinadas-a-toyota-en-guanajuato-2\/","url_meta":{"origin":5341,"position":1},"title":"Acusan presiones para abaratar tierras destinadas a Toyota en Guanajuato","author":"grieta","date":"6 abril, 2016","format":false,"excerpt":"POR VER\u00d3NICA ESPINOSA GUANAJUATO, Gto., (apro).- Representantes del ejido Caleras de Ameche, en el municipio de Apaseo el Grande, denunciaron los afanes especulativos que en su perjuicio ha desatado el gobierno del estado en la adquisici\u00f3n de terrenos donde se instalar\u00e1 la nueva planta de la armadora Toyota, proceso que\u2026","rel":"","context":"En &quot;CINTILLO&quot;","block_context":{"text":"CINTILLO","link":"https:\/\/www.grieta.org.mx\/index.php\/category\/cintillo\/"},"img":{"alt_text":"","src":"https:\/\/i0.wp.com\/www.grieta.org.mx\/wp-content\/uploads\/2018\/03\/14524434_1106112876131411_958039263622046936_o.jpg?resize=350%2C200&ssl=1","width":350,"height":200,"srcset":"https:\/\/i0.wp.com\/www.grieta.org.mx\/wp-content\/uploads\/2018\/03\/14524434_1106112876131411_958039263622046936_o.jpg?resize=350%2C200&ssl=1 1x, https:\/\/i0.wp.com\/www.grieta.org.mx\/wp-content\/uploads\/2018\/03\/14524434_1106112876131411_958039263622046936_o.jpg?resize=525%2C300&ssl=1 1.5x, https:\/\/i0.wp.com\/www.grieta.org.mx\/wp-content\/uploads\/2018\/03\/14524434_1106112876131411_958039263622046936_o.jpg?resize=700%2C400&ssl=1 2x"},"classes":[]},{"id":5345,"url":"https:\/\/www.grieta.org.mx\/index.php\/2015\/11\/13\/expropiaran-mas-de-500-hectareas-para-instalacion-de-toyota-en-guanajuato\/","url_meta":{"origin":5341,"position":2},"title":"Expropiar\u00e1n m\u00e1s de 500 hect\u00e1reas para instalaci\u00f3n de Toyota en Guanajuato","author":"grieta","date":"13 noviembre, 2015","format":false,"excerpt":"Luz Z\u00e1rate, Guanajuato, Gto. El Estado solicitar\u00e1 al Congreso local la expropiaci\u00f3n de poco m\u00e1s de 500 hect\u00e1reas ubicadas en Apaseo el Grande para la instalaci\u00f3n de la empresa Toyota, anunci\u00f3 ayer el gobernador Miguel M\u00e1rquez M\u00e1rquez. Espero que hoy ingresemos al Congreso del Estado el Decreto de Expropiaci\u00f3n para\u2026","rel":"","context":"En &quot;CINTILLO&quot;","block_context":{"text":"CINTILLO","link":"https:\/\/www.grieta.org.mx\/index.php\/category\/cintillo\/"},"img":{"alt_text":"","src":"https:\/\/i0.wp.com\/www.grieta.org.mx\/wp-content\/uploads\/2018\/03\/14524434_1106112876131411_958039263622046936_o.jpg?resize=350%2C200&ssl=1","width":350,"height":200,"srcset":"https:\/\/i0.wp.com\/www.grieta.org.mx\/wp-content\/uploads\/2018\/03\/14524434_1106112876131411_958039263622046936_o.jpg?resize=350%2C200&ssl=1 1x, https:\/\/i0.wp.com\/www.grieta.org.mx\/wp-content\/uploads\/2018\/03\/14524434_1106112876131411_958039263622046936_o.jpg?resize=525%2C300&ssl=1 1.5x, https:\/\/i0.wp.com\/www.grieta.org.mx\/wp-content\/uploads\/2018\/03\/14524434_1106112876131411_958039263622046936_o.jpg?resize=700%2C400&ssl=1 2x"},"classes":[]},{"id":62950,"url":"https:\/\/www.grieta.org.mx\/index.php\/2021\/12\/21\/ejidatarios-de-halacho-bloquean-de-nuevo-construccion-del-tren-maya-yucatan\/","url_meta":{"origin":5341,"position":3},"title":"Ejidatarios de Halach\u00f3 bloquean de nuevo construcci\u00f3n del Tren Maya (Yucat\u00e1n)","author":"grieta","date":"21 diciembre, 2021","format":false,"excerpt":"Paloma Reyes \/ Haz Ruido Los campesinos denuncian que, tras la destituci\u00f3n de su antiguo comisario por presuntos actos de corrupci\u00f3n, la nueva administraci\u00f3n no ha podido realizar la ceremonia de entrega-recepci\u00f3n. Adem\u00e1s, exigen a las autoridades el pago de 3.5 millones de pesos por hect\u00e1rea por sus tierras. Halach\u00f3,\u2026","rel":"","context":"En &quot;CINTILLO&quot;","block_context":{"text":"CINTILLO","link":"https:\/\/www.grieta.org.mx\/index.php\/category\/cintillo\/"},"img":{"alt_text":"","src":"https:\/\/i0.wp.com\/www.grieta.org.mx\/wp-content\/uploads\/2021\/12\/Halacho-e1640634163838.png?resize=350%2C200&ssl=1","width":350,"height":200,"srcset":"https:\/\/i0.wp.com\/www.grieta.org.mx\/wp-content\/uploads\/2021\/12\/Halacho-e1640634163838.png?resize=350%2C200&ssl=1 1x, https:\/\/i0.wp.com\/www.grieta.org.mx\/wp-content\/uploads\/2021\/12\/Halacho-e1640634163838.png?resize=525%2C300&ssl=1 1.5x, https:\/\/i0.wp.com\/www.grieta.org.mx\/wp-content\/uploads\/2021\/12\/Halacho-e1640634163838.png?resize=700%2C400&ssl=1 2x"},"classes":[]},{"id":4876,"url":"https:\/\/www.grieta.org.mx\/index.php\/2015\/12\/16\/resistencia-de-ejidatarios-contra-armadora-kia-en-nuevo-leon\/","url_meta":{"origin":5341,"position":4},"title":"Resistencia de ejidatarios contra armadora KIA en Nuevo Le\u00f3n","author":"grieta","date":"16 diciembre, 2015","format":false,"excerpt":"16\/12\/15. Ante la falta de agua, ejidatarios bloquean entrada a Kia Motors Multimedios 16\/12\/15. Ejidatarios bloquean carretera a planta de Kia Motors en NLMilenio","rel":"","context":"En &quot;NOTICIAS NACIONALES&quot;","block_context":{"text":"NOTICIAS NACIONALES","link":"https:\/\/www.grieta.org.mx\/index.php\/category\/noticias-nacionales\/"},"img":{"alt_text":"","src":"https:\/\/i0.wp.com\/www.grieta.org.mx\/wp-content\/uploads\/2018\/03\/14524434_1106112876131411_958039263622046936_o.jpg?resize=350%2C200&ssl=1","width":350,"height":200,"srcset":"https:\/\/i0.wp.com\/www.grieta.org.mx\/wp-content\/uploads\/2018\/03\/14524434_1106112876131411_958039263622046936_o.jpg?resize=350%2C200&ssl=1 1x, https:\/\/i0.wp.com\/www.grieta.org.mx\/wp-content\/uploads\/2018\/03\/14524434_1106112876131411_958039263622046936_o.jpg?resize=525%2C300&ssl=1 1.5x, https:\/\/i0.wp.com\/www.grieta.org.mx\/wp-content\/uploads\/2018\/03\/14524434_1106112876131411_958039263622046936_o.jpg?resize=700%2C400&ssl=1 2x"},"classes":[]},{"id":66896,"url":"https:\/\/www.grieta.org.mx\/index.php\/2023\/05\/04\/ejidatarios-de-la-pantera-mantienen-bloqueo-en-la-via-chetumal-merida-seria-permanente\/","url_meta":{"origin":5341,"position":5},"title":"Ejidatarios de &#8220;La Pantera&#8221; mantienen bloqueo en la v\u00eda Chetumal-M\u00e9rida; ser\u00eda permanente","author":"grieta","date":"4 mayo, 2023","format":false,"excerpt":"Abraham Cohu\u00f3 \/ Por Esto! Hasta la tarde de ayer no hab\u00eda un acuerdo entre habitantes de la localidad de Graciano S\u00e1nchez, comunidad tambi\u00e9n conocida como \"La Pantera\", y autoridades federales para retirar el bloqueo carretero de la v\u00eda corta a M\u00e9rida, el cual inici\u00f3 desde las 05:00 horas del\u2026","rel":"","context":"En &quot;CINTILLO&quot;","block_context":{"text":"CINTILLO","link":"https:\/\/www.grieta.org.mx\/index.php\/category\/cintillo\/"},"img":{"alt_text":"","src":"https:\/\/i0.wp.com\/www.grieta.org.mx\/wp-content\/uploads\/2023\/05\/Bloqueo-e1683338844178.jpg?resize=350%2C200&ssl=1","width":350,"height":200,"srcset":"https:\/\/i0.wp.com\/www.grieta.org.mx\/wp-content\/uploads\/2023\/05\/Bloqueo-e1683338844178.jpg?resize=350%2C200&ssl=1 1x, https:\/\/i0.wp.com\/www.grieta.org.mx\/wp-content\/uploads\/2023\/05\/Bloqueo-e1683338844178.jpg?resize=525%2C300&ssl=1 1.5x, https:\/\/i0.wp.com\/www.grieta.org.mx\/wp-content\/uploads\/2023\/05\/Bloqueo-e1683338844178.jpg?resize=700%2C400&ssl=1 2x"},"classes":[]}],"_links":{"self":[{"href":"https:\/\/www.grieta.org.mx\/index.php\/wp-json\/wp\/v2\/posts\/5341","targetHints":{"allow":["GET"]}}],"collection":[{"href":"https:\/\/www.grieta.org.mx\/index.php\/wp-json\/wp\/v2\/posts"}],"about":[{"href":"https:\/\/www.grieta.org.mx\/index.php\/wp-json\/wp\/v2\/types\/post"}],"author":[{"embeddable":true,"href":"https:\/\/www.grieta.org.mx\/index.php\/wp-json\/wp\/v2\/users\/2"}],"replies":[{"embeddable":true,"href":"https:\/\/www.grieta.org.mx\/index.php\/wp-json\/wp\/v2\/comments?post=5341"}],"version-history":[{"count":1,"href":"https:\/\/www.grieta.org.mx\/index.php\/wp-json\/wp\/v2\/posts\/5341\/revisions"}],"predecessor-version":[{"id":5344,"href":"https:\/\/www.grieta.org.mx\/index.php\/wp-json\/wp\/v2\/posts\/5341\/revisions\/5344"}],"wp:featuredmedia":[{"embeddable":true,"href":"https:\/\/www.grieta.org.mx\/index.php\/wp-json\/wp\/v2\/media\/21928"}],"wp:attachment":[{"href":"https:\/\/www.grieta.org.mx\/index.php\/wp-json\/wp\/v2\/media?parent=5341"}],"wp:term":[{"taxonomy":"category","embeddable":true,"href":"https:\/\/www.grieta.org.mx\/index.php\/wp-json\/wp\/v2\/categories?post=5341"},{"taxonomy":"post_tag","embeddable":true,"href":"https:\/\/www.grieta.org.mx\/index.php\/wp-json\/wp\/v2\/tags?post=5341"}],"curies":[{"name":"wp","href":"https:\/\/api.w.org\/{rel}","templated":true}]}}