{"id":5338,"date":"2015-11-19T19:49:55","date_gmt":"2015-11-19T19:49:55","guid":{"rendered":"http:\/\/50.22.11.12\/~grietaor\/?p=5338"},"modified":"2016-03-26T19:51:42","modified_gmt":"2016-03-26T19:51:42","slug":"aprueba-congreso-de-guanajuato-donar-607-hectareas-a-toyota","status":"publish","type":"post","link":"https:\/\/www.grieta.org.mx\/index.php\/2015\/11\/19\/aprueba-congreso-de-guanajuato-donar-607-hectareas-a-toyota\/","title":{"rendered":"Aprueba Congreso de Guanajuato donar 607 hect\u00e1reas a Toyota"},"content":{"rendered":"<p>Carmen Pizano,  Guanajuato, Gto.<\/p>\n<p>El Congreso de Guanajuato aprob\u00f3 la desafectaci\u00f3n de 607 hect\u00e1reas, para que el Ejecutivo estatal done los predios a la armadora automotriz Toyota, que est\u00e1 por instalarse en la zona laja-baj\u00edo.<\/p>\n<p>De las m\u00e1s de 600 hect\u00e1reas que donar\u00e1 el Gobierno del Estado a la empresa automotriz, como parte de los incentivos para que se instalara en la entidad, son 475 hect\u00e1reas que ya fueron adquiridas, pero todav\u00eda hay 132 que son predios ejidales que estar\u00eda por comprar la administraci\u00f3n estatal.<\/p>\n<p>Los terrenos se encuentran ubicados en el municipio de Apaseo el Grande, aunque todav\u00eda se desconoce el monto que ya invirti\u00f3 el Ejecutivo en la compra de las 475 hect\u00e1reas y lo que estar\u00eda por invertir para la compra de los ejidos restantes.<\/p>\n<p>Pide oposici\u00f3n que los empleos se queden para los guanajuatenses<\/p>\n<p>La autorizaci\u00f3n de la desafectaci\u00f3n para la donaci\u00f3n de los terrenos para Toyota fue aprobada por unanimidad; sin embargo, los diputados del PRI, PVEM y Morena pidieron al gobierno estatal cuidar que los empleos que va a generar la armadora sean para los guanajuatenses, pero adem\u00e1s con sueldos bien remunerados.<\/p>\n<p>El diputado del Verde, Juan Antonio M\u00e9ndez, reconoci\u00f3 en tribuna que el crecimiento econ\u00f3mico de Guanajuato est\u00e1 por arriba de la media nacional, pero ahora deben enfocarse los esfuerzos a mejorar los salarios de los trabajadores.<\/p>\n<p>\u201cEstamos convencidos de seguir haciendo los trabajos en beneficio del estado, pero es importante que tambi\u00e9n sea para los guanajuatenses\u201d.<\/p>\n<p>Aprovech\u00f3 el espacio para exhortar al gobierno del estado a que defienda los espacios en las armadoras para los guanajuatenses.<\/p>\n<p>La diputada del PRI, Guadalupe Vel\u00e1zquez D\u00edaz, se\u00f1al\u00f3 que por la cercan\u00eda que se tiene con el estado de Quer\u00e9taro, los empleos podr\u00edan quedarse para habitantes del vecino estado.<\/p>\n<p>La armadora estar\u00e1 a ocho kil\u00f3metros de Quer\u00e9taro y a 17 kil\u00f3metros de Apaseo, aunque todav\u00eda est\u00e1 en territorio guanajuatense.<\/p>\n<p>\u201cEl Ejecutivo del estado deber\u00e1 enfrentarse a la competencia directa con Quer\u00e9taro. El Ejecutivo deber\u00e1 desarrollar las estrategias necesarias de movilidad, de vivienda y de competencia econ\u00f3mica para que los dos mil empleos queden en manos de los guanajuatenses\u201d.<\/p>\n<p>El panista Juan Jos\u00e9 \u00c1lvarez Brunel, habl\u00f3 de la generaci\u00f3n de empleos en Guanajuato con la llegada de empresas trasnacionales como Toyota.<\/p>\n<p>Detall\u00f3 que en la primera etapa, la empresa japonesa va a invertir 948 millones de d\u00f3lares, para generar 2 mil empleos directos, pero se estima que en la segunda etapa se inviertan otros 3 mil millones de d\u00f3lares, se generen seis nuevos parques industriales con 115 empresas y la generaci\u00f3n de 10 mil empleos.<\/p>\n<p>\u201cLa econom\u00eda de Guanajuato es hoy la sexta del pa\u00eds, con un valor superior a los 43 mil millones de d\u00f3lares, la atracci\u00f3n de inversiones ha aumentado exponencialmente en Guanajuato, si hacemos un comparativo desde 1992-1995 donde la atracci\u00f3n de inversi\u00f3n extranjera era de 2 mil millones de d\u00f3lares y en el 2012-2015 estamos a los 8 mil millones de d\u00f3lares, casi cuatro veces m\u00e1s\u201d.<\/p>\n<p>En entrevista por separado con la presidenta de la comisi\u00f3n de Hacienda y Fiscalizaci\u00f3n, Elvira Paniagua, dijo desconocer el monto que va a destinar el gobierno del estado para la compra de los predios.<\/p>\n<p>La diputada panista asegur\u00f3 que desde el Congreso local estar\u00e1n atentos de las negociaciones que haga el gobierno del estado con los propietarios de los ejidos.<\/p>\n<p><a href=\"http:\/\/zonafranca.mx\/autoriza-congreso-de-guanajuato-desafectaciones-para-la-donacion-de-mas-de-600-hectareas-a-toyota\/\" target=\"_blank\">zonafranca.mx\/autoriza-congreso-de-guanajuato-desafectaciones-para-la-donacion-de-mas-de-600-hectareas-a-toyota\/<\/a><\/p>\n","protected":false},"excerpt":{"rendered":"<p>Carmen Pizano, Guanajuato, Gto. El Congreso de Guanajuato aprob\u00f3 la desafectaci\u00f3n de 607 hect\u00e1reas, para que el Ejecutivo estatal done los predios a la armadora automotriz Toyota, que est\u00e1 por &hellip; <a href=\"https:\/\/www.grieta.org.mx\/index.php\/2015\/11\/19\/aprueba-congreso-de-guanajuato-donar-607-hectareas-a-toyota\/\" class=\"more-link\">Leer m\u00e1s<\/a><\/p>\n","protected":false},"author":2,"featured_media":21928,"comment_status":"closed","ping_status":"open","sticky":false,"template":"","format":"standard","meta":{"ngg_post_thumbnail":0,"_jetpack_newsletter_access":"","_jetpack_dont_email_post_to_subs":false,"_jetpack_newsletter_tier_id":0,"_jetpack_memberships_contains_paywalled_content":false,"_jetpack_memberships_contains_paid_content":false,"footnotes":""},"categories":[80],"tags":[],"class_list":["post-5338","post","type-post","status-publish","format-standard","has-post-thumbnail","hentry","category-cintillo","entry"],"jetpack_featured_media_url":"https:\/\/www.grieta.org.mx\/wp-content\/uploads\/2018\/03\/14524434_1106112876131411_958039263622046936_o.jpg","jetpack_sharing_enabled":true,"jetpack_shortlink":"https:\/\/wp.me\/p7ZJR4-1o6","jetpack_likes_enabled":false,"jetpack-related-posts":[{"id":555,"url":"https:\/\/www.grieta.org.mx\/index.php\/2016\/02\/24\/despues-de-donarle-600-hectareas-buscan-gestionar-aun-mas-recursos-para-toyota-en-guanajuato\/","url_meta":{"origin":5338,"position":0},"title":"Despues de donarle 600 hect\u00e1reas buscan gestionar a\u00fan m\u00e1s recursos para Toyota en Guanajuato","author":"grieta","date":"24 febrero, 2016","format":false,"excerpt":"Fernando Vel\u00e1zquez, Guanajuato Le\u00f3n, Gto. Entre agosto y septiembre de este a\u00f1o el Gobierno de Guanajuato presentar\u00e1 ante la Secretar\u00eda de Hacienda diversos proyectos ejecutivos para gestionar recursos federales con los cuales ser\u00e1n llevadas a cabo obras complementarias de la planta de Toyota que estar\u00e1 ubicada en Apaseo el Grande.\u2026","rel":"","context":"En &quot;CINTILLO&quot;","block_context":{"text":"CINTILLO","link":"https:\/\/www.grieta.org.mx\/index.php\/category\/cintillo\/"},"img":{"alt_text":"","src":"https:\/\/i0.wp.com\/www.grieta.org.mx\/wp-content\/uploads\/2018\/03\/14524434_1106112876131411_958039263622046936_o.jpg?resize=350%2C200&ssl=1","width":350,"height":200,"srcset":"https:\/\/i0.wp.com\/www.grieta.org.mx\/wp-content\/uploads\/2018\/03\/14524434_1106112876131411_958039263622046936_o.jpg?resize=350%2C200&ssl=1 1x, https:\/\/i0.wp.com\/www.grieta.org.mx\/wp-content\/uploads\/2018\/03\/14524434_1106112876131411_958039263622046936_o.jpg?resize=525%2C300&ssl=1 1.5x, https:\/\/i0.wp.com\/www.grieta.org.mx\/wp-content\/uploads\/2018\/03\/14524434_1106112876131411_958039263622046936_o.jpg?resize=700%2C400&ssl=1 2x"},"classes":[]},{"id":5323,"url":"https:\/\/www.grieta.org.mx\/index.php\/2016\/02\/24\/despues-de-donarle-600-hectareas-buscan-gestionar-aun-mas-recursos-para-toyota-en-guanajuato-2\/","url_meta":{"origin":5338,"position":1},"title":"Despues de donarle 600 hect\u00e1reas buscan gestionar a\u00fan m\u00e1s recursos para Toyota en Guanajuato","author":"grieta","date":"24 febrero, 2016","format":false,"excerpt":"Fernando Vel\u00e1zquez, Le\u00f3n, Gto. Entre agosto y septiembre de este a\u00f1o el Gobierno de Guanajuato presentar\u00e1 ante la Secretar\u00eda de Hacienda diversos proyectos ejecutivos para gestionar recursos federales con los cuales ser\u00e1n llevadas a cabo obras complementarias de la planta de Toyota que estar\u00e1 ubicada en Apaseo el Grande. As\u00ed\u2026","rel":"","context":"En &quot;CINTILLO&quot;","block_context":{"text":"CINTILLO","link":"https:\/\/www.grieta.org.mx\/index.php\/category\/cintillo\/"},"img":{"alt_text":"","src":"https:\/\/i0.wp.com\/www.grieta.org.mx\/wp-content\/uploads\/2018\/03\/14524434_1106112876131411_958039263622046936_o.jpg?resize=350%2C200&ssl=1","width":350,"height":200,"srcset":"https:\/\/i0.wp.com\/www.grieta.org.mx\/wp-content\/uploads\/2018\/03\/14524434_1106112876131411_958039263622046936_o.jpg?resize=350%2C200&ssl=1 1x, https:\/\/i0.wp.com\/www.grieta.org.mx\/wp-content\/uploads\/2018\/03\/14524434_1106112876131411_958039263622046936_o.jpg?resize=525%2C300&ssl=1 1.5x, https:\/\/i0.wp.com\/www.grieta.org.mx\/wp-content\/uploads\/2018\/03\/14524434_1106112876131411_958039263622046936_o.jpg?resize=700%2C400&ssl=1 2x"},"classes":[]},{"id":11543,"url":"https:\/\/www.grieta.org.mx\/index.php\/2016\/04\/30\/gobierno-de-guanajuato-compra-terrenos-para-toyota-en-400-mas-de-su-valor\/","url_meta":{"origin":5338,"position":2},"title":"Gobierno de Guanajuato compra terrenos para Toyota en 400% m\u00e1s de su valor","author":"grieta","date":"30 abril, 2016","format":false,"excerpt":"Redacci\u00f3n Poco antes que el gobierno de Guanajuato diera a conocer la compra de 600 hect\u00e1reas donde se ten\u00eda pensado construir una planta automotriz de Toyota en Apaseo el Grande, la empresa Jaos & Sgb Sapi de CV, realiz\u00f3 un acaparamiento de esas tierras y ha revendido por lo menos\u2026","rel":"","context":"En &quot;CINTILLO&quot;","block_context":{"text":"CINTILLO","link":"https:\/\/www.grieta.org.mx\/index.php\/category\/cintillo\/"},"img":{"alt_text":"","src":"https:\/\/i0.wp.com\/www.grieta.org.mx\/wp-content\/uploads\/2018\/03\/14524434_1106112876131411_958039263622046936_o.jpg?resize=350%2C200&ssl=1","width":350,"height":200,"srcset":"https:\/\/i0.wp.com\/www.grieta.org.mx\/wp-content\/uploads\/2018\/03\/14524434_1106112876131411_958039263622046936_o.jpg?resize=350%2C200&ssl=1 1x, https:\/\/i0.wp.com\/www.grieta.org.mx\/wp-content\/uploads\/2018\/03\/14524434_1106112876131411_958039263622046936_o.jpg?resize=525%2C300&ssl=1 1.5x, https:\/\/i0.wp.com\/www.grieta.org.mx\/wp-content\/uploads\/2018\/03\/14524434_1106112876131411_958039263622046936_o.jpg?resize=700%2C400&ssl=1 2x"},"classes":[]},{"id":5345,"url":"https:\/\/www.grieta.org.mx\/index.php\/2015\/11\/13\/expropiaran-mas-de-500-hectareas-para-instalacion-de-toyota-en-guanajuato\/","url_meta":{"origin":5338,"position":3},"title":"Expropiar\u00e1n m\u00e1s de 500 hect\u00e1reas para instalaci\u00f3n de Toyota en Guanajuato","author":"grieta","date":"13 noviembre, 2015","format":false,"excerpt":"Luz Z\u00e1rate, Guanajuato, Gto. El Estado solicitar\u00e1 al Congreso local la expropiaci\u00f3n de poco m\u00e1s de 500 hect\u00e1reas ubicadas en Apaseo el Grande para la instalaci\u00f3n de la empresa Toyota, anunci\u00f3 ayer el gobernador Miguel M\u00e1rquez M\u00e1rquez. Espero que hoy ingresemos al Congreso del Estado el Decreto de Expropiaci\u00f3n para\u2026","rel":"","context":"En &quot;CINTILLO&quot;","block_context":{"text":"CINTILLO","link":"https:\/\/www.grieta.org.mx\/index.php\/category\/cintillo\/"},"img":{"alt_text":"","src":"https:\/\/i0.wp.com\/www.grieta.org.mx\/wp-content\/uploads\/2018\/03\/14524434_1106112876131411_958039263622046936_o.jpg?resize=350%2C200&ssl=1","width":350,"height":200,"srcset":"https:\/\/i0.wp.com\/www.grieta.org.mx\/wp-content\/uploads\/2018\/03\/14524434_1106112876131411_958039263622046936_o.jpg?resize=350%2C200&ssl=1 1x, https:\/\/i0.wp.com\/www.grieta.org.mx\/wp-content\/uploads\/2018\/03\/14524434_1106112876131411_958039263622046936_o.jpg?resize=525%2C300&ssl=1 1.5x, https:\/\/i0.wp.com\/www.grieta.org.mx\/wp-content\/uploads\/2018\/03\/14524434_1106112876131411_958039263622046936_o.jpg?resize=700%2C400&ssl=1 2x"},"classes":[]},{"id":5334,"url":"https:\/\/www.grieta.org.mx\/index.php\/2015\/11\/25\/gobierno-de-guanajuato-pago-702-millones-de-pesos-por-terrenos-que-donara-a-toyota\/","url_meta":{"origin":5338,"position":4},"title":"Gobierno de Guanajuato pag\u00f3 702 millones de pesos por terrenos que donar\u00e1 a Toyota","author":"grieta","date":"25 noviembre, 2015","format":false,"excerpt":"Vania Jaramillo, Guanajuato, Gto. El Gobierno del Estado pag\u00f3 alrededor de 702 millones 999 mil pesos por los terrenos donados a la empresa Toyota para la instalaci\u00f3n de su planta en Apaseo el Grande. Hasta ahora ha pagado lo referente a 475 hect\u00e1reas de un total de 607 de un\u2026","rel":"","context":"En &quot;CINTILLO&quot;","block_context":{"text":"CINTILLO","link":"https:\/\/www.grieta.org.mx\/index.php\/category\/cintillo\/"},"img":{"alt_text":"","src":"https:\/\/i0.wp.com\/www.grieta.org.mx\/wp-content\/uploads\/2018\/03\/14524434_1106112876131411_958039263622046936_o.jpg?resize=350%2C200&ssl=1","width":350,"height":200,"srcset":"https:\/\/i0.wp.com\/www.grieta.org.mx\/wp-content\/uploads\/2018\/03\/14524434_1106112876131411_958039263622046936_o.jpg?resize=350%2C200&ssl=1 1x, https:\/\/i0.wp.com\/www.grieta.org.mx\/wp-content\/uploads\/2018\/03\/14524434_1106112876131411_958039263622046936_o.jpg?resize=525%2C300&ssl=1 1.5x, https:\/\/i0.wp.com\/www.grieta.org.mx\/wp-content\/uploads\/2018\/03\/14524434_1106112876131411_958039263622046936_o.jpg?resize=700%2C400&ssl=1 2x"},"classes":[]},{"id":5327,"url":"https:\/\/www.grieta.org.mx\/index.php\/2015\/12\/01\/toyota-pidio-expropiacion-de-tierras-como-condicion-para-instalarse-en-guanajuato\/","url_meta":{"origin":5338,"position":5},"title":"Toyota pidi\u00f3 expropiaci\u00f3n de tierras como condici\u00f3n para instalarse en Guanajuato","author":"grieta","date":"1 diciembre, 2015","format":false,"excerpt":"Vanya de la Cruz, Le\u00f3n, Gto. El secretario de Desarrollo Econ\u00f3mico Sustentable, Guillermo Romero Pacheco, afirm\u00f3 que la expropiaci\u00f3n de las tierras que ser\u00e1n donadas a Toyota por parte del gobierno del estado fue una de las condicionantes que puso la empresa automotriz. Esto luego de que se diera a\u2026","rel":"","context":"En &quot;CINTILLO&quot;","block_context":{"text":"CINTILLO","link":"https:\/\/www.grieta.org.mx\/index.php\/category\/cintillo\/"},"img":{"alt_text":"","src":"https:\/\/i0.wp.com\/www.grieta.org.mx\/wp-content\/uploads\/2018\/03\/14524434_1106112876131411_958039263622046936_o.jpg?resize=350%2C200&ssl=1","width":350,"height":200,"srcset":"https:\/\/i0.wp.com\/www.grieta.org.mx\/wp-content\/uploads\/2018\/03\/14524434_1106112876131411_958039263622046936_o.jpg?resize=350%2C200&ssl=1 1x, https:\/\/i0.wp.com\/www.grieta.org.mx\/wp-content\/uploads\/2018\/03\/14524434_1106112876131411_958039263622046936_o.jpg?resize=525%2C300&ssl=1 1.5x, https:\/\/i0.wp.com\/www.grieta.org.mx\/wp-content\/uploads\/2018\/03\/14524434_1106112876131411_958039263622046936_o.jpg?resize=700%2C400&ssl=1 2x"},"classes":[]}],"_links":{"self":[{"href":"https:\/\/www.grieta.org.mx\/index.php\/wp-json\/wp\/v2\/posts\/5338","targetHints":{"allow":["GET"]}}],"collection":[{"href":"https:\/\/www.grieta.org.mx\/index.php\/wp-json\/wp\/v2\/posts"}],"about":[{"href":"https:\/\/www.grieta.org.mx\/index.php\/wp-json\/wp\/v2\/types\/post"}],"author":[{"embeddable":true,"href":"https:\/\/www.grieta.org.mx\/index.php\/wp-json\/wp\/v2\/users\/2"}],"replies":[{"embeddable":true,"href":"https:\/\/www.grieta.org.mx\/index.php\/wp-json\/wp\/v2\/comments?post=5338"}],"version-history":[{"count":1,"href":"https:\/\/www.grieta.org.mx\/index.php\/wp-json\/wp\/v2\/posts\/5338\/revisions"}],"predecessor-version":[{"id":5339,"href":"https:\/\/www.grieta.org.mx\/index.php\/wp-json\/wp\/v2\/posts\/5338\/revisions\/5339"}],"wp:featuredmedia":[{"embeddable":true,"href":"https:\/\/www.grieta.org.mx\/index.php\/wp-json\/wp\/v2\/media\/21928"}],"wp:attachment":[{"href":"https:\/\/www.grieta.org.mx\/index.php\/wp-json\/wp\/v2\/media?parent=5338"}],"wp:term":[{"taxonomy":"category","embeddable":true,"href":"https:\/\/www.grieta.org.mx\/index.php\/wp-json\/wp\/v2\/categories?post=5338"},{"taxonomy":"post_tag","embeddable":true,"href":"https:\/\/www.grieta.org.mx\/index.php\/wp-json\/wp\/v2\/tags?post=5338"}],"curies":[{"name":"wp","href":"https:\/\/api.w.org\/{rel}","templated":true}]}}