{"id":53366,"date":"2020-09-03T19:25:59","date_gmt":"2020-09-04T00:25:59","guid":{"rendered":"http:\/\/www.grieta.org.mx\/?p=53366"},"modified":"2020-09-15T19:32:01","modified_gmt":"2020-09-16T00:32:01","slug":"con-huelga-de-hambre-activistas-exigen-protocolo-en-fge-veracruz","status":"publish","type":"post","link":"https:\/\/www.grieta.org.mx\/index.php\/2020\/09\/03\/con-huelga-de-hambre-activistas-exigen-protocolo-en-fge-veracruz\/","title":{"rendered":"Con huelga de hambre, activistas exigen protocolo en FGE (Veracruz)"},"content":{"rendered":"<p><img loading=\"lazy\" decoding=\"async\" data-attachment-id=\"53367\" data-permalink=\"https:\/\/www.grieta.org.mx\/index.php\/2020\/09\/03\/con-huelga-de-hambre-activistas-exigen-protocolo-en-fge-veracruz\/lgbt-focus-0-0-983-557\/\" data-orig-file=\"https:\/\/www.grieta.org.mx\/wp-content\/uploads\/2020\/09\/lgbt-focus-0-0-983-557.jpg\" data-orig-size=\"983,557\" data-comments-opened=\"0\" data-image-meta=\"{&quot;aperture&quot;:&quot;0&quot;,&quot;credit&quot;:&quot;&quot;,&quot;camera&quot;:&quot;&quot;,&quot;caption&quot;:&quot;&quot;,&quot;created_timestamp&quot;:&quot;0&quot;,&quot;copyright&quot;:&quot;&quot;,&quot;focal_length&quot;:&quot;0&quot;,&quot;iso&quot;:&quot;0&quot;,&quot;shutter_speed&quot;:&quot;0&quot;,&quot;title&quot;:&quot;&quot;,&quot;orientation&quot;:&quot;0&quot;}\" data-image-title=\"lgbt-focus-0-0-983-557\" data-image-description=\"\" data-image-caption=\"\" data-medium-file=\"https:\/\/www.grieta.org.mx\/wp-content\/uploads\/2020\/09\/lgbt-focus-0-0-983-557-300x170.jpg\" data-large-file=\"https:\/\/www.grieta.org.mx\/wp-content\/uploads\/2020\/09\/lgbt-focus-0-0-983-557.jpg\" class=\"alignnone wp-image-53367\" src=\"http:\/\/www.grieta.org.mx\/wp-content\/uploads\/2020\/09\/lgbt-focus-0-0-983-557.jpg\" alt=\"\" width=\"800\" height=\"453\" srcset=\"https:\/\/www.grieta.org.mx\/wp-content\/uploads\/2020\/09\/lgbt-focus-0-0-983-557.jpg 983w, https:\/\/www.grieta.org.mx\/wp-content\/uploads\/2020\/09\/lgbt-focus-0-0-983-557-300x170.jpg 300w, https:\/\/www.grieta.org.mx\/wp-content\/uploads\/2020\/09\/lgbt-focus-0-0-983-557-768x435.jpg 768w, https:\/\/www.grieta.org.mx\/wp-content\/uploads\/2020\/09\/lgbt-focus-0-0-983-557-882x500.jpg 882w\" sizes=\"auto, (max-width: 800px) 100vw, 800px\" \/><\/p>\n<p>CARLOS CAICEROS \/ La silla rota<\/p>\n<p>Xalapa, Ver.- Tras siete d\u00edas de huelga de hambre, los activistas de la sociedad LGBTTTI advirtieron que ni las reuniones con la Fiscal\u00eda General del Estado (FGE) ni las promesas para aplicar el protocolo de actuaci\u00f3n policial en operativos que involucren la orientaci\u00f3n sexual o identidad de g\u00e9nero, son suficientes para atender, erradicar y sancionar las violencias que experimentan en el estado de Veracruz. <\/p>\n<p>Los activistas demandan la creaci\u00f3n de un protocolo especializado para establecer agravantes en el C\u00f3digo Penal de Veracruz en cr\u00edmenes que est\u00e9n relacionados con identidad de g\u00e9nero u orientaci\u00f3n sexual a fin de establecer en qu\u00e9 casos deben incluirse estas agravantes, ya que a pesar de que existe un protocolo para la actuaci\u00f3n de fiscal\u00eda y procuradur\u00edas a nivel nacional, consideran que no es suficiente. <\/p>\n<p>La coordinadora del Observatorio Nacional contra los Cr\u00edmenes de Odio a las Personas LGBTTTI en Veracruz, Jazz Bustamante, se\u00f1al\u00f3 que en lo que va del a\u00f1o se han cometido 19 asesinatos contra su comunidad, 10 de mujeres trans, dos de mujeres lesbianas y el resto son de hombres gays.  <\/p>\n<p>Por ello, aunque se reunieron con personal del \u00e1rea de Grupos Vulnerables, Derechos Humanos e Ind\u00edgenas de la Fiscal\u00eda y aceptaron que son &#8220;torpes&#8221; en las investigaciones de cr\u00edmenes contra esta comunidad, estos se negaron a firmar un acuerdo para darle seguimiento a sus demandas, por lo cual consideran estas acciones insuficientes.   <\/p>\n<p>&#8220;No firmaron ning\u00fan acuerdo, solamente nos dieron su palabra, no confiamos en la palabra, son servidores p\u00fablicos y por ende queremos que firmen nuestra petici\u00f3n&#8221;, se\u00f1al\u00f3 Jazz Bustamante.  <\/p>\n<p>Ello deriv\u00f3 en que a partir de este jueves la activista contin\u00fae con su huelga de hambre, solo que ahora afuera de las instalaciones de la Fiscal\u00eda, en donde despacha su titular Ver\u00f3nica Hern\u00e1ndez Giad\u00e1ns; se\u00f1al\u00f3 que instalar\u00e1 una casa de campa\u00f1a y seguir\u00e1 sin ingerir alimentos junto con otros ocho activistas, entre ellos Aldahir Jim\u00e9nez, que dej\u00f3 los medicamentos antirretrovirales contra el VIH como parte de su protesta. <\/p>\n<p>Para los activistas tampoco es suficiente la promesa del secretario de Seguridad P\u00fablica, Hugo Guti\u00e9rrez Maldonado, para aplicar el protocolo de actuaci\u00f3n policiaca publicado en la Gaceta Oficial del estado, que establece los principios de actuaci\u00f3n durante el primer contacto, la entrevista, la revisi\u00f3n corporal y f\u00edsica, as\u00ed como la detenci\u00f3n, la atenci\u00f3n a v\u00edctimas, la confidencialidad y la atenci\u00f3n telef\u00f3nica.<br \/>\nProtocolo federal no es suficiente<\/p>\n<p>En 2017 la entonces Procuradur\u00eda General de la Rep\u00fablica emiti\u00f3 el Protocolo de Actuaci\u00f3n para el Personal de las instancias de Procuraci\u00f3n de Justicia el pa\u00eds en los casos que involucren la orientaci\u00f3n sexual o la identidad de g\u00e9nero, que buscaba establecer las reglas de actuaci\u00f3n que debe seguir el personal que intervenga en la investigaci\u00f3n de delitos y la persecuci\u00f3n de los responsables de aquellos en casos que involucran a personas LGBTTTI.<\/p>\n<p>El documento es de observancia obligatoria para servidoras y servidores p\u00fablicos de las Procuradur\u00edas\/Fiscal\u00edas Generales del pa\u00eds en los casos que involucren a personas de la poblaci\u00f3n LGBTTTI que participen, con cualquier calidad, en un procedimiento penal.<\/p>\n<p>Se\u00f1ala que la Comisi\u00f3n Interamericana de Derechos Humanos sugiere a los Estados, independientemente de contar o no con la legislaci\u00f3n penal conducente, investigar en todos los cr\u00edmenes contra personas LGBTI la posibilidad de que hayan sido cometidos por razones de orientaci\u00f3n sexual, identidad de g\u00e9nero, real o percibida de la v\u00edctima. <\/p>\n<p>Y que para desarrollar el concepto de debida diligencia se debe recuperar y preservar el material probatorio, identificar posibles testigos, obtener declaraciones de los testigos, y determinar la naturaleza, causa lugar y momento del acto investigado, adem\u00e1s del examen minucioso de la escena del crimen y realizar los ex\u00e1menes forenses de manera rigurosa, considerando las causas y consecuencias de la violencia por prejuicios.<\/p>\n<p>Ante la dificultad de establecer el elemento subjetivo de la motivaci\u00f3n dada la dificultad de determinar la existencia del prejuicio por parte del perpetrador, existen elementos que podr\u00edan ser indicativos de que el delito pudo estar motivado por prejuicio, particularmente trat\u00e1ndose de personas LGBTI como cuando las declaraciones de la v\u00edctima u ofendido(a) o persona imputada se\u00f1alen que el delito estuvo motivado por prejuicio; por la brutalidad del crimen y signos de ensa\u00f1amiento, incluyendo los casos de homicidio en los que la naturaleza y el nivel de violencia parecen ir m\u00e1s all\u00e1 de la mera intenci\u00f3n de matar y estar dirigidos a castigar o borrar la identidad de la v\u00edctima.<\/p>\n<p>As\u00ed como con la existencia de insultos o comentarios denigrantes realizados por las o los presuntos responsables que hacen referencia a la orientaci\u00f3n sexual, identidad, expresi\u00f3n de g\u00e9nero y\/o caracter\u00edsticas sexuales de la v\u00edctima; tambi\u00e9n por el estatus de la v\u00edctima como activista de temas LGBT como defensor de las personas LGBTI<\/p>\n<p>Se\u00f1ala que el personal ministerial deber\u00e1 actuar en apego a los principios que rigen el procedimiento penal, as\u00ed como los relativos al servicio p\u00fablico y de procuraci\u00f3n de justicia, de manera imparcial a efecto de evitar todo tipo de discriminaci\u00f3n por orientaci\u00f3n sexual, identidad de g\u00e9nero, expresi\u00f3n de g\u00e9nero y\/o caracter\u00edsticas sexuales: asegurando salvaguardar especialmente los siguientes:<\/p>\n<blockquote><p>&#8220;Las autoridades deber\u00e1n brindar la atenci\u00f3n que garantice la igualdad sobre la base de la equidad en el ejercicio de los derechos correspondientes; el enfoque de no discriminaci\u00f3n implica considerar la realidad particular que viven las personas por virtud de su orientaci\u00f3n sexual, identidad de g\u00e9nero expresi\u00f3n de g\u00e9nero y\/o caracter\u00edsticas sexuales, esto es detectar visibilizar y eliminar aquellas desigualdades&#8221;<\/p><\/blockquote>\n<p>El enfoque diferencial busca responder a las particularidades y grado de vulnerabilidad de las v\u00edctimas y faculta a las autoridades para ofrecer en el \u00e1mbito de sus respectivas competencias garant\u00edas especiales y medidas de protecci\u00f3n a los grupos expuestos a un mayor riesgo de violaci\u00f3n a sus derechos. <\/p>\n<p>Agrega que los servidores p\u00fablicos que intervengan en el procedimiento garantizar\u00e1n el manejo y protecci\u00f3n de datos personales y datos personales sensibles.<\/p>\n<p>Y reconoce como un derecho personal\u00edsimo la identidad personal sexual y de g\u00e9nero, pues a partir de estos, las personas se proyectan frente a s\u00ed mismas y dentro de una sociedad <\/p>\n<p>Por ello, destaca que las caracter\u00edsticas y condiciones particulares de la v\u00edctima no podr\u00e1n ser motivo para negar su calidad de v\u00edctimas y el Estado tampoco podr\u00e1 exigir mecanismos o procedimientos que agraven su condici\u00f3n, ni establecer requisitos que obstaculicen e impidan el ejercicio de sus derechos ni la expongan a sufrir por conductas de servidores p\u00fablicos.<\/p>\n<blockquote><p>&#8220;Debe evitarse la violencia institucional entendida como cualquier conducta u omisi\u00f3n cometida por servidores p\u00fablicos que atente contra la integridad fisica o emocional de las personas durante el procedimiento. En caso de registrarse un evento de esta naturaleza el superior jer\u00e1rquico debe hacer la notificaci\u00f3n correspondiente a la instancia competente para su investigaci\u00f3n y en su caso, sanci\u00f3n Protecci\u00f3n integral a los derechos&#8221; <\/p><\/blockquote>\n<p>Las autoridades no deben agravar el sufrimiento de la v\u00edctima ni tratarla en ning\u00fan caso como sospechosa a responsable de la comisi\u00f3n de los hechos que denuncie por motivo de su orientaci\u00f3n sexual o identidad de g\u00e9nero.<br \/>\nQu\u00e9 dice el protocolo de la SSP <\/p>\n<p>Por su parte, el protocolo de actuaci\u00f3n policial de los integrantes operativos de la SSP para la atenci\u00f3n de casos que involucren la orientaci\u00f3n sexual o la identidad de g\u00e9nero se\u00f1ala que la Secretar\u00eda de Seguridad P\u00fablica debe generar espacios de interlocuci\u00f3n y di\u00e1logo permanente con las personas que integran las comunidades l\u00e9sbico, gay, bisexual, transexual, transg\u00e9nero, travesti e intersexualidad para crear l\u00edneas de trabajo conjuntas para disminuir la vulneraci\u00f3n que viven. <\/p>\n<p>Durante los operativos los operativos deber\u00e1n regirse bajo los preceptos de legalidad, objetividad, eficiencia, profesionalismo y honradez, respetando los derechos humanos, evitando discriminar, estigmatizar, estereotipar y consumar prejuicios en determine todo de la dignidad de las personas no heterosexuales, as\u00ed como emitir gestos, ademanes, comentarios o calificativos peyorativos o conductas de intolerancia. <\/p>\n<p>Durante el primer contacto con personas LGBTTI se deben garantizar procedimientos policiales apropiados, con un trato respetuoso, no discriminatorio y proteger su integridad, dignidad y bienes y hacerles conocer sus derechos. <\/p>\n<p>En la entrevista, los elementos deben tratarlos seg\u00fan la identidad de g\u00e9nero y no el sexo legal y si existe duda sobre cu\u00e1les se deber\u00e1 preguntar de forma respetuosa. <\/p>\n<p>&#8220;Los integrantes operativos utilizar\u00e1n el art\u00edculo \u00b4la\u00b4, el pronombre personal \u00b4ella\u00b4 y la adjetivaci\u00f3n femenina con las ciudadanas que son mujeres o transg\u00e9nero femeninas y a la inversa, se utiliza el art\u00edculo \u00b4\u00e9l\u00b4, el pronombre personal \u00b4\u00e9l\u00b4 y la adjetivaci\u00f3n masculina con los ciudadanos que son hombres o transg\u00e9nero masculino&#8221;, explica. <\/p>\n<p>El trato a las familias homoparentales y lesbomaternales debe ser objetivo, respetuoso y emp\u00e1tico, y salvo que se justifique se deber\u00e1n evitar cuestionamientos relacionados a su orientaci\u00f3n sexual. Durante la revisi\u00f3n corporal y f\u00edsica se deben evitar tocamientos lascivos y se debe realizar con el dorso de la mano, con el consentimiento de la persona y llevarse a cabo en lugares no ocultos y ante la presencia de un tercero. <\/p>\n<p>En casos de detenci\u00f3n se deber\u00e1 comunicar el motivo, as\u00ed como leer cartilla de derechos y deber\u00e1 ser tratado con dignidad y derecho a la privacidad. <\/p>\n<p>Durante el uso progresivo de la fuerza, los eventos deben tomar en consideraci\u00f3n el canon corporal, fuerza f\u00edsica y estado de salud de las personas LGBTTTI; el protocolo tambi\u00e9n se\u00f1ala que en la atenci\u00f3n de v\u00edctimas se deben prestar protecci\u00f3n y auxilio inmediato, solicitar atenci\u00f3n m\u00e9dica y psicol\u00f3gica cuando sea necesario, entre otras. <\/p>\n<p>Sobre la confidencialidad de las actuaciones se\u00f1alan que no podr\u00e1n difundir im\u00e1genes de personas detenidas o hacer p\u00fablica la informaci\u00f3n sobre orientaci\u00f3n sexual, discordancia entre sexo legal o g\u00e9nero, as\u00ed como la relativa a datos personales.<\/p>\n<p>Incluso, el protocolo advierte que en las reuniones y asociaciones pac\u00edficas los integrantes operativos deben asegurar el pleno disfrute del derecho a expresar su identidad en acuidades como marchas, actividades culturales, sociales, pol\u00edticas, acad\u00e9micas y deber\u00e1n dar protecci\u00f3n mediante monitoreo, seguridad o vigilancia. Las quejas realizadas por los miembros de la comunidad LGBTTTI ser\u00e1n interpuestas ante la Direcci\u00f3n General de Asuntos Internos de manera personal. <\/p>\n<p>Pese a ello, apenas cuatro meses despu\u00e9s de haber sido publicado este protocolo; es decir, en diciembre, se dio a conocer el caso de Rom Yescas, una mujer trans que trasmiti\u00f3 en su Facebook la detenci\u00f3n aparentemente sin justificaci\u00f3n por parte de polic\u00edas estatales. <\/p>\n<p>El video muestra a los elementos a bordo de la patrulla SP34-11, que detuvieron sin motivo la unidad de taxi donde viajaba, con n\u00famero econ\u00f3mico 1783 en la carretera Tejer\u00eda, cerca del Oxxo de Las Amapolas y aunque no dieron a conocer las razones de la detenci\u00f3n ella alert\u00f3 por el riesgo a su integridad. <\/p>\n<blockquote><p>\n&#8220;Tengo que cuidar mi integridad porque ustedes son una joyita, (&#8230;) Que alguien me ayude porque con esta gente ya ni se sabe y con la inseguridad en Veracruz menos todav\u00eda&#8221; reclam\u00f3 a los polic\u00edas y estos, le notificaron al taxista: &#8220;joven: usted puede seguir, su pasajero es algo especial&#8221;<\/p><\/blockquote>\n<p>Los polic\u00edas esposaron a la pasajera del taxi, y la mujer denunci\u00f3 lesiones y exceso de fuerza de parte de los patrulleros.<\/p>\n<p>&#8220;Me est\u00e1s arrancando el cabello.  Me est\u00e1s lastimando, \u00a1aflojame las esposas que me est\u00e1s lastimando!, \u00a1no sabes lo que acabas de hacer! No est\u00e1s viendo que atoraron mi cabello con las esposas&#8221; reclamo Yescas.<br \/>\nPolic\u00edas acusados por cobrar piso<\/p>\n<p>Trabajadoras sexuales en Xalapa han denunciado que los elementos policiacos las acosan y les exigen el pago de un &#8220;cobro de piso&#8221; para dejarlas trabajar y muchas de ellas han tenido que abandonar su trabajo. <\/p>\n<p>El presidente de la Coalici\u00f3n Estatal LGBTTTIQ, Benjam\u00edn Callejas Hern\u00e1ndez, acus\u00f3 que tienen documentados al menos 30 casos en la capital del estado y que se iniciaron investigaciones en Asunto Internos pero no hab\u00eda avance. <\/p>\n<p>Por ello, presentaron quejas ante la Comisi\u00f3n Estatal de Derechos Humanos (CEDH) y a ra\u00edz de ello se logr\u00f3 una reuni\u00f3n con el secretario de Seguridad P\u00fablica, Hugo Guti\u00e9rrez Maldonado. <\/p>\n<p>&#8220;Las polic\u00edas estatales acosan a personas de la diversidad sexual, principalmente a las trabajadoras sexuales adem\u00e1s al interior de la dependencia hay un acoso grande, incluso algunas denuncias no se presentaban por temor de las trabajadoras sexuales en L\u00e1zaro C\u00e1rdenas; los polic\u00edas las acosan, las extorsionan, les piden derecho de piso y las chicas se ven acorraladas, se ha llevado a la CEDH&#8221;. <\/p>\n<p>En la reuni\u00f3n se estableci\u00f3 el acuerdo de difundir entre los polic\u00edas el protocolo de atenci\u00f3n a la poblaci\u00f3n de la diversidad sexual publicado el 26 de agosto de 2019. <\/p>\n<p>&#8220;Es un avance importante en una instituci\u00f3n que entre la sociedad no es bien vista porque no sabemos si la polic\u00eda nos cuida o nos va a atracar&#8221;. <\/p>\n<p>Y pidieron implementar sanciones para los polic\u00edas que act\u00faen con irregularidades o de manera discriminatoria contra los miembros de la diversidad sexual.<\/p>\n<p>Pese a ello, otro grupo de activistas ha se\u00f1alado que nada de esto es suficiente mientras desde la Fiscal\u00eda de Veracruz no se cree un protocolo para establecer las agravantes en los casos de cr\u00edmenes contra miembros de la diversidad sexual y se establezcan mesas interinstitucional permanentes para atender y dar seguimiento a cada caso.<\/p>\n<p><a href=\"https:\/\/veracruz.lasillarota.com\/estados\/con-huelga-de-hambre-activistas-exigen-protocolo-en-fge-activistas-sociedad-lgbttti-fiscalia\/431213\" rel=\"noopener noreferrer\" target=\"_blank\">https:\/\/veracruz.lasillarota.com\/estados\/con-huelga-de-hambre-activistas-exigen-protocolo-en-fge-activistas-sociedad-lgbttti-fiscalia\/431213<\/a><\/p>\n","protected":false},"excerpt":{"rendered":"<p>CARLOS CAICEROS \/ La silla rota Xalapa, Ver.- Tras siete d\u00edas de huelga de hambre, los activistas de la sociedad LGBTTTI advirtieron que ni las reuniones con la Fiscal\u00eda General &hellip; <a href=\"https:\/\/www.grieta.org.mx\/index.php\/2020\/09\/03\/con-huelga-de-hambre-activistas-exigen-protocolo-en-fge-veracruz\/\" class=\"more-link\">Leer m\u00e1s<\/a><\/p>\n","protected":false},"author":2,"featured_media":53367,"comment_status":"closed","ping_status":"closed","sticky":false,"template":"","format":"standard","meta":{"ngg_post_thumbnail":0,"_jetpack_newsletter_access":"","_jetpack_dont_email_post_to_subs":false,"_jetpack_newsletter_tier_id":0,"_jetpack_memberships_contains_paywalled_content":false,"_jetpack_memberships_contains_paid_content":false,"footnotes":""},"categories":[80,3648,2,35],"tags":[408,1226],"class_list":["post-53366","post","type-post","status-publish","format-standard","has-post-thumbnail","hentry","category-cintillo","category-movilizacion-de-la-comunidad-lgbttti-en-veracruz","category-noticias-nacionales","category-veracruz","tag-derechos-comunidad-lgbttti","tag-violencia-contra-la-comunidad-lgbttti","entry"],"jetpack_featured_media_url":"https:\/\/www.grieta.org.mx\/wp-content\/uploads\/2020\/09\/lgbt-focus-0-0-983-557.jpg","jetpack_sharing_enabled":true,"jetpack_shortlink":"https:\/\/wp.me\/p7ZJR4-dSK","jetpack_likes_enabled":false,"jetpack-related-posts":[{"id":53329,"url":"https:\/\/www.grieta.org.mx\/index.php\/2020\/08\/30\/mas-activistas-se-suman-a-la-huelga-de-hambre-por-crimenes-de-odio-en-veracruz\/","url_meta":{"origin":53366,"position":0},"title":"M\u00e1s activistas se suman a la huelga de hambre por cr\u00edmenes de odio en Veracruz","author":"grieta","date":"30 agosto, 2020","format":false,"excerpt":"Jos\u00e9 Mart\u00edn \/ Vanguardia de Veracruz Xalapa, Ver.- Por lo menos seis integrantes de la comunidad L\u00e9sbico, Gay, Bisexual, Travesti, Transexual, Transg\u00e9nero e Intersexual (LGBTTTI) mantienen una huelga de hambre como protesta ante el incremento de cr\u00edmenes de odio, y crueldad con la que se ataca a las mujeres trans.\u2026","rel":"","context":"En &quot;CINTILLO&quot;","block_context":{"text":"CINTILLO","link":"https:\/\/www.grieta.org.mx\/index.php\/category\/cintillo\/"},"img":{"alt_text":"","src":"https:\/\/i0.wp.com\/www.grieta.org.mx\/wp-content\/uploads\/2020\/09\/mas2.jpg?resize=350%2C200&ssl=1","width":350,"height":200,"srcset":"https:\/\/i0.wp.com\/www.grieta.org.mx\/wp-content\/uploads\/2020\/09\/mas2.jpg?resize=350%2C200&ssl=1 1x, https:\/\/i0.wp.com\/www.grieta.org.mx\/wp-content\/uploads\/2020\/09\/mas2.jpg?resize=525%2C300&ssl=1 1.5x, https:\/\/i0.wp.com\/www.grieta.org.mx\/wp-content\/uploads\/2020\/09\/mas2.jpg?resize=700%2C400&ssl=1 2x, https:\/\/i0.wp.com\/www.grieta.org.mx\/wp-content\/uploads\/2020\/09\/mas2.jpg?resize=1050%2C600&ssl=1 3x"},"classes":[]},{"id":53473,"url":"https:\/\/www.grieta.org.mx\/index.php\/2020\/08\/28\/integrantes-de-la-comunidad-lgbt-protestan-por-asesinato-de-transgenero-en-veracruz\/","url_meta":{"origin":53366,"position":1},"title":"Integrantes de la comunidad LGBT protestan por asesinato de transg\u00e9nero en Veracruz","author":"grieta","date":"28 agosto, 2020","format":false,"excerpt":"No\u00e9 Zavaleta \/ Proceso XALAPA, Ver. (apro).- Activistas LGTB y amigos de Brandy Carolina Melchor protestaron este viernes en la explanada de la Fiscal\u00eda General del estado (FGE) para exigir justicia por el asesinato de la mujer transg\u00e9nero y su madre, Mar\u00eda Luisa Huerta, el pasado mi\u00e9rcoles 26. Brandy, de\u2026","rel":"","context":"En &quot;CINTILLO&quot;","block_context":{"text":"CINTILLO","link":"https:\/\/www.grieta.org.mx\/index.php\/category\/cintillo\/"},"img":{"alt_text":"","src":"https:\/\/i0.wp.com\/www.grieta.org.mx\/wp-content\/uploads\/2020\/09\/asesinato-transexual-protesta-870x522-1.jpg?resize=350%2C200&ssl=1","width":350,"height":200,"srcset":"https:\/\/i0.wp.com\/www.grieta.org.mx\/wp-content\/uploads\/2020\/09\/asesinato-transexual-protesta-870x522-1.jpg?resize=350%2C200&ssl=1 1x, https:\/\/i0.wp.com\/www.grieta.org.mx\/wp-content\/uploads\/2020\/09\/asesinato-transexual-protesta-870x522-1.jpg?resize=525%2C300&ssl=1 1.5x, https:\/\/i0.wp.com\/www.grieta.org.mx\/wp-content\/uploads\/2020\/09\/asesinato-transexual-protesta-870x522-1.jpg?resize=700%2C400&ssl=1 2x"},"classes":[]},{"id":70017,"url":"https:\/\/www.grieta.org.mx\/index.php\/2024\/10\/02\/exigen-justicia-por-asesinato-de-mayte-lopez-mujer-trans-e-integrante-de-la-comunidad-muxe-en-juchitan-oaxaca\/","url_meta":{"origin":53366,"position":2},"title":"Exigen justicia por asesinato de Mayte L\u00f3pez, mujer trans e integrante de la comunidad muxe, en Juchit\u00e1n, Oaxaca","author":"grieta","date":"2 octubre, 2024","format":false,"excerpt":"Imagen: Francisco Ramos \/\u00a0 La cadera de Eva Integrantes de las comunidades LGBTIQ+ exigieron justicia por el asesinato de Mayte L\u00f3pez, el cual se\u00f1alaron que forma parte de una ola de violencia que ha afectado a la comunidad muxe y de la diversidad sexual en Oaxaca y el pa\u00eds. Redacci\u00f3n\u2026","rel":"","context":"En &quot;CINTILLO&quot;","block_context":{"text":"CINTILLO","link":"https:\/\/www.grieta.org.mx\/index.php\/category\/cintillo\/"},"img":{"alt_text":"","src":"https:\/\/i0.wp.com\/www.grieta.org.mx\/wp-content\/uploads\/2024\/10\/mayte-lopez-la-cadera-de-eva-focus-0-0-1260-1050.jpg?resize=350%2C200&ssl=1","width":350,"height":200,"srcset":"https:\/\/i0.wp.com\/www.grieta.org.mx\/wp-content\/uploads\/2024\/10\/mayte-lopez-la-cadera-de-eva-focus-0-0-1260-1050.jpg?resize=350%2C200&ssl=1 1x, https:\/\/i0.wp.com\/www.grieta.org.mx\/wp-content\/uploads\/2024\/10\/mayte-lopez-la-cadera-de-eva-focus-0-0-1260-1050.jpg?resize=525%2C300&ssl=1 1.5x, https:\/\/i0.wp.com\/www.grieta.org.mx\/wp-content\/uploads\/2024\/10\/mayte-lopez-la-cadera-de-eva-focus-0-0-1260-1050.jpg?resize=700%2C400&ssl=1 2x, https:\/\/i0.wp.com\/www.grieta.org.mx\/wp-content\/uploads\/2024\/10\/mayte-lopez-la-cadera-de-eva-focus-0-0-1260-1050.jpg?resize=1050%2C600&ssl=1 3x"},"classes":[]},{"id":57994,"url":"https:\/\/www.grieta.org.mx\/index.php\/2021\/03\/20\/condenan-asesinato-de-mujer-transgenero-en-colima\/","url_meta":{"origin":53366,"position":3},"title":"Condenan asesinato de mujer transg\u00e9nero en Colima","author":"grieta","date":"20 marzo, 2021","format":false,"excerpt":"Foto: Yahir Ceballos Activistas de la diversidad sexual condenaron el asesinato de una mujer transg\u00e9nero en la zona industrial de Tapeixtles del municipio de Manzanillo. Pedro Zamora Brise\u00f1o \/ Proceso COLIMA, Col. (apro).- Activistas de la diversidad sexual condenaron el asesinato de una mujer transg\u00e9nero, ocurrido la madrugada de este\u2026","rel":"","context":"En &quot;CINTILLO&quot;","block_context":{"text":"CINTILLO","link":"https:\/\/www.grieta.org.mx\/index.php\/category\/cintillo\/"},"img":{"alt_text":"","src":"https:\/\/i0.wp.com\/www.grieta.org.mx\/wp-content\/uploads\/2021\/03\/f800x450-131251_182697_5050.jpg?resize=350%2C200&ssl=1","width":350,"height":200,"srcset":"https:\/\/i0.wp.com\/www.grieta.org.mx\/wp-content\/uploads\/2021\/03\/f800x450-131251_182697_5050.jpg?resize=350%2C200&ssl=1 1x, https:\/\/i0.wp.com\/www.grieta.org.mx\/wp-content\/uploads\/2021\/03\/f800x450-131251_182697_5050.jpg?resize=525%2C300&ssl=1 1.5x, https:\/\/i0.wp.com\/www.grieta.org.mx\/wp-content\/uploads\/2021\/03\/f800x450-131251_182697_5050.jpg?resize=700%2C400&ssl=1 2x"},"classes":[]},{"id":57976,"url":"https:\/\/www.grieta.org.mx\/index.php\/2021\/03\/24\/tercer-dia-de-huelga-de-hambre-de-colectivos-de-personas-transexuales-estado-de-mexico\/","url_meta":{"origin":53366,"position":4},"title":"Tercer d\u00eda de huelga de hambre de colectivos de personas transexuales (Estado de M\u00e9xico","author":"grieta","date":"24 marzo, 2021","format":false,"excerpt":"Fotos: Luis Camacho | El Sol de Toluca Adriana Garc\u00eda | El Sol de Toluca Piden que la Ley de Identidad Sexogen\u00e9rica se turne al pleno de la C\u00e1mara de Diputados local Este mi\u00e9rcoles se cumpli\u00f3 el tercer d\u00eda consecutivo de la huelga de hambre que iniciaron colectivos de personas\u2026","rel":"","context":"En &quot;CINTILLO&quot;","block_context":{"text":"CINTILLO","link":"https:\/\/www.grieta.org.mx\/index.php\/category\/cintillo\/"},"img":{"alt_text":"","src":"https:\/\/i0.wp.com\/www.grieta.org.mx\/wp-content\/uploads\/2021\/03\/Tercer-dia-de-huelga-de-hambre-de-colectivos-de-personas-transexuales-edomex-mzo.jpg?resize=350%2C200&ssl=1","width":350,"height":200,"srcset":"https:\/\/i0.wp.com\/www.grieta.org.mx\/wp-content\/uploads\/2021\/03\/Tercer-dia-de-huelga-de-hambre-de-colectivos-de-personas-transexuales-edomex-mzo.jpg?resize=350%2C200&ssl=1 1x, https:\/\/i0.wp.com\/www.grieta.org.mx\/wp-content\/uploads\/2021\/03\/Tercer-dia-de-huelga-de-hambre-de-colectivos-de-personas-transexuales-edomex-mzo.jpg?resize=525%2C300&ssl=1 1.5x, https:\/\/i0.wp.com\/www.grieta.org.mx\/wp-content\/uploads\/2021\/03\/Tercer-dia-de-huelga-de-hambre-de-colectivos-de-personas-transexuales-edomex-mzo.jpg?resize=700%2C400&ssl=1 2x"},"classes":[]},{"id":49627,"url":"https:\/\/www.grieta.org.mx\/index.php\/2020\/05\/17\/en-cinco-anos-25-crimenes-de-odio-contra-la-comunidad-lgtttiq-en-tamaulipas\/","url_meta":{"origin":53366,"position":5},"title":"En cinco a\u00f1os 25 cr\u00edmenes de odio contra la comunidad LGTTTIQ+ en Tamaulipas","author":"grieta","date":"17 mayo, 2020","format":false,"excerpt":"Anahy Meza\/Milenio 17 mayo 2020 Activistas de la comunidad LGTTTIQ+ de la zona sur aseguran que no hay avances suficientes para erradicar discriminaci\u00f3n y cr\u00edmenes de odio Activistas de la comunidad LGTTTIQ+ de la zona sur. Foto: tomada de Milenio En cinco a\u00f1os se han registrado 25 cr\u00edmenes de odio\u2026","rel":"","context":"En &quot;CINTILLO&quot;","block_context":{"text":"CINTILLO","link":"https:\/\/www.grieta.org.mx\/index.php\/category\/cintillo\/"},"img":{"alt_text":"","src":"https:\/\/i0.wp.com\/www.grieta.org.mx\/wp-content\/uploads\/2020\/05\/activistas-de-la-comunidad-lgtttiq_140_0_712_443.jpg?resize=350%2C200&ssl=1","width":350,"height":200,"srcset":"https:\/\/i0.wp.com\/www.grieta.org.mx\/wp-content\/uploads\/2020\/05\/activistas-de-la-comunidad-lgtttiq_140_0_712_443.jpg?resize=350%2C200&ssl=1 1x, https:\/\/i0.wp.com\/www.grieta.org.mx\/wp-content\/uploads\/2020\/05\/activistas-de-la-comunidad-lgtttiq_140_0_712_443.jpg?resize=525%2C300&ssl=1 1.5x, https:\/\/i0.wp.com\/www.grieta.org.mx\/wp-content\/uploads\/2020\/05\/activistas-de-la-comunidad-lgtttiq_140_0_712_443.jpg?resize=700%2C400&ssl=1 2x"},"classes":[]}],"_links":{"self":[{"href":"https:\/\/www.grieta.org.mx\/index.php\/wp-json\/wp\/v2\/posts\/53366","targetHints":{"allow":["GET"]}}],"collection":[{"href":"https:\/\/www.grieta.org.mx\/index.php\/wp-json\/wp\/v2\/posts"}],"about":[{"href":"https:\/\/www.grieta.org.mx\/index.php\/wp-json\/wp\/v2\/types\/post"}],"author":[{"embeddable":true,"href":"https:\/\/www.grieta.org.mx\/index.php\/wp-json\/wp\/v2\/users\/2"}],"replies":[{"embeddable":true,"href":"https:\/\/www.grieta.org.mx\/index.php\/wp-json\/wp\/v2\/comments?post=53366"}],"version-history":[{"count":1,"href":"https:\/\/www.grieta.org.mx\/index.php\/wp-json\/wp\/v2\/posts\/53366\/revisions"}],"predecessor-version":[{"id":53368,"href":"https:\/\/www.grieta.org.mx\/index.php\/wp-json\/wp\/v2\/posts\/53366\/revisions\/53368"}],"wp:featuredmedia":[{"embeddable":true,"href":"https:\/\/www.grieta.org.mx\/index.php\/wp-json\/wp\/v2\/media\/53367"}],"wp:attachment":[{"href":"https:\/\/www.grieta.org.mx\/index.php\/wp-json\/wp\/v2\/media?parent=53366"}],"wp:term":[{"taxonomy":"category","embeddable":true,"href":"https:\/\/www.grieta.org.mx\/index.php\/wp-json\/wp\/v2\/categories?post=53366"},{"taxonomy":"post_tag","embeddable":true,"href":"https:\/\/www.grieta.org.mx\/index.php\/wp-json\/wp\/v2\/tags?post=53366"}],"curies":[{"name":"wp","href":"https:\/\/api.w.org\/{rel}","templated":true}]}}