{"id":53357,"date":"2020-08-26T19:08:51","date_gmt":"2020-08-27T00:08:51","guid":{"rendered":"http:\/\/www.grieta.org.mx\/?p=53357"},"modified":"2020-09-15T19:12:58","modified_gmt":"2020-09-16T00:12:58","slug":"estamos-decepcionados-de-amlo-ejidatarios-de-ayala-morelos","status":"publish","type":"post","link":"https:\/\/www.grieta.org.mx\/index.php\/2020\/08\/26\/estamos-decepcionados-de-amlo-ejidatarios-de-ayala-morelos\/","title":{"rendered":"\u201cEstamos decepcionados de AMLO\u201d: Ejidatarios de Ayala (Morelos)"},"content":{"rendered":"<p><img loading=\"lazy\" decoding=\"async\" data-attachment-id=\"53358\" data-permalink=\"https:\/\/www.grieta.org.mx\/index.php\/2020\/08\/26\/estamos-decepcionados-de-amlo-ejidatarios-de-ayala-morelos\/screenshot_2020-09-15-estamos-decepcionados-de-amlo-ejidatarios-de-ayala\/\" data-orig-file=\"https:\/\/www.grieta.org.mx\/wp-content\/uploads\/2020\/09\/Screenshot_2020-09-15-Estamos-decepcionados-de-AMLO-Ejidatarios-de-Ayala.png\" data-orig-size=\"937,643\" data-comments-opened=\"0\" data-image-meta=\"{&quot;aperture&quot;:&quot;0&quot;,&quot;credit&quot;:&quot;&quot;,&quot;camera&quot;:&quot;&quot;,&quot;caption&quot;:&quot;&quot;,&quot;created_timestamp&quot;:&quot;0&quot;,&quot;copyright&quot;:&quot;&quot;,&quot;focal_length&quot;:&quot;0&quot;,&quot;iso&quot;:&quot;0&quot;,&quot;shutter_speed&quot;:&quot;0&quot;,&quot;title&quot;:&quot;&quot;,&quot;orientation&quot;:&quot;0&quot;}\" data-image-title=\"Screenshot_2020-09-15 \u201cEstamos decepcionados de AMLO\u201d Ejidatarios de Ayala\" data-image-description=\"\" data-image-caption=\"\" data-medium-file=\"https:\/\/www.grieta.org.mx\/wp-content\/uploads\/2020\/09\/Screenshot_2020-09-15-Estamos-decepcionados-de-AMLO-Ejidatarios-de-Ayala-300x206.png\" data-large-file=\"https:\/\/www.grieta.org.mx\/wp-content\/uploads\/2020\/09\/Screenshot_2020-09-15-Estamos-decepcionados-de-AMLO-Ejidatarios-de-Ayala.png\" class=\"alignnone wp-image-53358\" src=\"http:\/\/www.grieta.org.mx\/wp-content\/uploads\/2020\/09\/Screenshot_2020-09-15-Estamos-decepcionados-de-AMLO-Ejidatarios-de-Ayala.png\" alt=\"\" width=\"800\" height=\"549\" srcset=\"https:\/\/www.grieta.org.mx\/wp-content\/uploads\/2020\/09\/Screenshot_2020-09-15-Estamos-decepcionados-de-AMLO-Ejidatarios-de-Ayala.png 937w, https:\/\/www.grieta.org.mx\/wp-content\/uploads\/2020\/09\/Screenshot_2020-09-15-Estamos-decepcionados-de-AMLO-Ejidatarios-de-Ayala-300x206.png 300w, https:\/\/www.grieta.org.mx\/wp-content\/uploads\/2020\/09\/Screenshot_2020-09-15-Estamos-decepcionados-de-AMLO-Ejidatarios-de-Ayala-768x527.png 768w, https:\/\/www.grieta.org.mx\/wp-content\/uploads\/2020\/09\/Screenshot_2020-09-15-Estamos-decepcionados-de-AMLO-Ejidatarios-de-Ayala-729x500.png 729w\" sizes=\"auto, (max-width: 800px) 100vw, 800px\" \/><\/p>\n<p>Emmanuel Ruiz | El Sol de Cuautla<\/p>\n<p>A casi cuatro a\u00f1os de instalarse en un plant\u00f3n permanente en San Pedro Apatlaco, ejidatarios del municipio de Ayala ofrecieron este mi\u00e9rcoles una conferencia de prensa virtual para refrendar su rechazo al Proyecto Integral Morelos, su termoel\u00e9ctrica en Huexca y, particularmente, el acueducto que trasladar\u00e1 agua de la planta de tratamiento de Cuautla a su sistema de enfriamiento.<\/p>\n<p>Durante la conferencia, los ejidatarios mostraron documentos que acreditan su derecho al uso del agua ante la Conagua hasta 2035, luego de una pr\u00f3rroga de 20 a\u00f1os que fue concedida en 2015, as\u00ed como un documento m\u00e1s que aclara que las aguas residuales siguen perteneciendo al r\u00edo Cuautla como \u201cvolumen de retornos\u201d, lo que contravendr\u00eda lo asegurado por las autoridades de este municipio, que han insistido en que el env\u00edo de agua a la termoel\u00e9ctrica no afectar\u00e1 la disponibilidad del l\u00edquido para los campesinos.<\/p>\n<p>En su participaci\u00f3n, Mara Franco, ejidataria de Anenecuilco, record\u00f3 cuando el hoy presidente de la Rep\u00fablica, Andr\u00e9s Manuel L\u00f3pez Obrador, se pronunci\u00f3 contra la termoel\u00e9ctrica de Huexca antes de llegar a su cargo actual:<\/p>\n<p>\u201cYo cre\u00eda en \u00e9l, anduve promoviendo el voto para \u00e9l con mucho cari\u00f1o y respeto, porque \u00e9l prometi\u00f3 darle soluci\u00f3n honesta a este problema, lo dijo a grito abierto, que Morelos no era tierra de conquista\u201d, dijo.<\/p>\n<p>Los ejidatarios recordaron las palabras que L\u00f3pez Obrador pronunci\u00f3 en una visita a Yecapixtla en el a\u00f1o 2014, cuando abiertamente se opuso a la construcci\u00f3n de la termoel\u00e9ctrica en Morelos. Sin embargo, una vez en mandato, ha rescatado las cualidades positivas de este proyecto que tuvo una inversi\u00f3n de 25 mil millones de pesos.<\/p>\n<p><a href=\"https:\/\/www.elsoldecuautla.com.mx\/local\/estamos-decepcionados-de-amlo-ejidatarios-de-ayala-5675140.html\" rel=\"noopener noreferrer\" target=\"_blank\">https:\/\/www.elsoldecuautla.com.mx\/local\/estamos-decepcionados-de-amlo-ejidatarios-de-ayala-5675140.html<\/a><\/p>\n","protected":false},"excerpt":{"rendered":"<p>Emmanuel Ruiz | El Sol de Cuautla A casi cuatro a\u00f1os de instalarse en un plant\u00f3n permanente en San Pedro Apatlaco, ejidatarios del municipio de Ayala ofrecieron este mi\u00e9rcoles una &hellip; <a href=\"https:\/\/www.grieta.org.mx\/index.php\/2020\/08\/26\/estamos-decepcionados-de-amlo-ejidatarios-de-ayala-morelos\/\" class=\"more-link\">Leer m\u00e1s<\/a><\/p>\n","protected":false},"author":2,"featured_media":53358,"comment_status":"closed","ping_status":"closed","sticky":false,"template":"","format":"standard","meta":{"ngg_post_thumbnail":0,"_jetpack_newsletter_access":"","_jetpack_dont_email_post_to_subs":false,"_jetpack_newsletter_tier_id":0,"_jetpack_memberships_contains_paywalled_content":false,"_jetpack_memberships_contains_paid_content":false,"footnotes":""},"categories":[54,55,80,1,3,22,2,1171],"tags":[2087,2471],"class_list":["post-53357","post","type-post","status-publish","format-standard","has-post-thumbnail","hentry","category-10-huexca","category-11-amilcingo","category-cintillo","category-espejos-de-la-resistencia","category-megaproyectos","category-morelos","category-noticias-nacionales","category-rechazo-al-proyecto-integral-morelos-pim-en-morelos","tag-rechazo-a-la-termoelectrica-en-huexca","tag-samir","entry"],"jetpack_featured_media_url":"https:\/\/www.grieta.org.mx\/wp-content\/uploads\/2020\/09\/Screenshot_2020-09-15-Estamos-decepcionados-de-AMLO-Ejidatarios-de-Ayala.png","jetpack_sharing_enabled":true,"jetpack_shortlink":"https:\/\/wp.me\/p7ZJR4-dSB","jetpack_likes_enabled":false,"jetpack-related-posts":[{"id":53369,"url":"https:\/\/www.grieta.org.mx\/index.php\/2020\/08\/31\/refrendan-rechazo-al-pim-morelos\/","url_meta":{"origin":53357,"position":0},"title":"Refrendan rechazo al PIM (Morelos)","author":"grieta","date":"31 agosto, 2020","format":false,"excerpt":"Con 15 amparos para frenar la operaci\u00f3n de la termoel\u00e9ctrica, la CFE est\u00e1 impedida a hacerla funcionar Emmanuel Ruiz | El Sol de Cuautla Si bien el plant\u00f3n de San Pedro Apatlaco, para impedir la conexi\u00f3n entre la tuber\u00eda de la termoel\u00e9ctrica de Huexca y la Planta de Tratamiento de\u2026","rel":"","context":"En &quot;10. Huexca&quot;","block_context":{"text":"10. Huexca","link":"https:\/\/www.grieta.org.mx\/index.php\/category\/espejos-de-la-resistencia\/10-huexca\/"},"img":{"alt_text":"","src":"https:\/\/i0.wp.com\/www.grieta.org.mx\/wp-content\/uploads\/2020\/09\/Las-jornadas-informativas-se-realizaron-en-las-instalaciones-del-planton.jpg?resize=350%2C200&ssl=1","width":350,"height":200,"srcset":"https:\/\/i0.wp.com\/www.grieta.org.mx\/wp-content\/uploads\/2020\/09\/Las-jornadas-informativas-se-realizaron-en-las-instalaciones-del-planton.jpg?resize=350%2C200&ssl=1 1x, https:\/\/i0.wp.com\/www.grieta.org.mx\/wp-content\/uploads\/2020\/09\/Las-jornadas-informativas-se-realizaron-en-las-instalaciones-del-planton.jpg?resize=525%2C300&ssl=1 1.5x, https:\/\/i0.wp.com\/www.grieta.org.mx\/wp-content\/uploads\/2020\/09\/Las-jornadas-informativas-se-realizaron-en-las-instalaciones-del-planton.jpg?resize=700%2C400&ssl=1 2x"},"classes":[]},{"id":45638,"url":"https:\/\/www.grieta.org.mx\/index.php\/2020\/02\/24\/ejidatarios-obtienen-nueva-suspension-de-plano-contra-termoelectrica-de-huexca-morelos\/","url_meta":{"origin":53357,"position":1},"title":"Ejidatarios obtienen nueva suspensi\u00f3n de plano contra termoel\u00e9ctrica de Huexca (Morelos)","author":"Admin","date":"24 febrero, 2020","format":false,"excerpt":"Jaime Luis Brito \/ Proceso CUERNAVACA, Mor. (apro). \u2013 El ejido de Tenextepango, en Ayala, Morelos, logr\u00f3 una nueva suspensi\u00f3n de plano de la termoel\u00e9ctrica de Huexca, para proteger el caudal de mil 158 litros por segundo del r\u00edo Cuautla, que se suma a otras suspensiones logradas por al menos\u2026","rel":"","context":"En &quot;10. Huexca&quot;","block_context":{"text":"10. Huexca","link":"https:\/\/www.grieta.org.mx\/index.php\/category\/espejos-de-la-resistencia\/10-huexca\/"},"img":{"alt_text":"","src":"https:\/\/i0.wp.com\/www.grieta.org.mx\/wp-content\/uploads\/2020\/03\/La-Huexca-Foto-Margarito-Perez-Retana.jpeg?resize=350%2C200&ssl=1","width":350,"height":200,"srcset":"https:\/\/i0.wp.com\/www.grieta.org.mx\/wp-content\/uploads\/2020\/03\/La-Huexca-Foto-Margarito-Perez-Retana.jpeg?resize=350%2C200&ssl=1 1x, https:\/\/i0.wp.com\/www.grieta.org.mx\/wp-content\/uploads\/2020\/03\/La-Huexca-Foto-Margarito-Perez-Retana.jpeg?resize=525%2C300&ssl=1 1.5x, https:\/\/i0.wp.com\/www.grieta.org.mx\/wp-content\/uploads\/2020\/03\/La-Huexca-Foto-Margarito-Perez-Retana.jpeg?resize=700%2C400&ssl=1 2x"},"classes":[]},{"id":56863,"url":"https:\/\/www.grieta.org.mx\/index.php\/2021\/02\/01\/pobladores-y-ejidatarios-de-yecapixtla-acusan-traicion-total-de-amlo-por-continuar-obras-de-termoelectrica-de-huexca-video\/","url_meta":{"origin":53357,"position":2},"title":"Pobladores y ejidatarios de Yecapixtla acusan \u201ctraici\u00f3n total\u201d de AMLO por continuar obras de termoel\u00e9ctrica de Huexca (Video)","author":"grieta","date":"1 febrero, 2021","format":false,"excerpt":"Cecilia Reynoso \/ Latinus Ejidatarios y habitantes de la comunidad ind\u00edgena de Yecapixtla, Morelos, acusan que el presidente L\u00f3pez Obrador y su gobierno cometen una \u201ctraici\u00f3n total\u201d al continuar las obras de la termoel\u00e9ctrica de Huexca, construida por la Comisi\u00f3n Federal de Electricidad (CFE) de 2012 a 2017. La termoel\u00e9ctrica\u2026","rel":"","context":"En &quot;10. Huexca&quot;","block_context":{"text":"10. Huexca","link":"https:\/\/www.grieta.org.mx\/index.php\/category\/espejos-de-la-resistencia\/10-huexca\/"},"img":{"alt_text":"","src":"https:\/\/i0.wp.com\/www.grieta.org.mx\/wp-content\/uploads\/2021\/02\/Screenshot_2021-02-09-Pobladores-y-ejidatarios-de-Yecapixtla-acusan-traicion-total-de-AMLO-por-continuar-obras-de-termoel....png?resize=350%2C200&ssl=1","width":350,"height":200,"srcset":"https:\/\/i0.wp.com\/www.grieta.org.mx\/wp-content\/uploads\/2021\/02\/Screenshot_2021-02-09-Pobladores-y-ejidatarios-de-Yecapixtla-acusan-traicion-total-de-AMLO-por-continuar-obras-de-termoel....png?resize=350%2C200&ssl=1 1x, https:\/\/i0.wp.com\/www.grieta.org.mx\/wp-content\/uploads\/2021\/02\/Screenshot_2021-02-09-Pobladores-y-ejidatarios-de-Yecapixtla-acusan-traicion-total-de-AMLO-por-continuar-obras-de-termoel....png?resize=525%2C300&ssl=1 1.5x, https:\/\/i0.wp.com\/www.grieta.org.mx\/wp-content\/uploads\/2021\/02\/Screenshot_2021-02-09-Pobladores-y-ejidatarios-de-Yecapixtla-acusan-traicion-total-de-AMLO-por-continuar-obras-de-termoel....png?resize=700%2C400&ssl=1 2x"},"classes":[]},{"id":55442,"url":"https:\/\/www.grieta.org.mx\/index.php\/2020\/11\/25\/pueblos-planean-tomar-carreteras-para-frenar-termoelectrica-de-huexca-morelos-puebla-tlaxcala\/","url_meta":{"origin":53357,"position":3},"title":"Pueblos planean tomar carreteras para frenar termoel\u00e9ctrica de Huexca (Morelos, Puebla, Tlaxcala)","author":"Admin","date":"25 noviembre, 2020","format":false,"excerpt":"Texto y Fotos: Estrella Pedroza \/ La Silla Rota CIUDAD AYALA.- Desde la cuna del agrarismo, los pueblos de Morelos emprendieron acciones de protesta por la irrupci\u00f3n de la Guardia Nacional al plant\u00f3n San Pedro Apatlaco, situado a las orillas del R\u00edo Cuautla en Ciudad Ayala, que se instal\u00f3 desde\u2026","rel":"","context":"En &quot;10. Huexca&quot;","block_context":{"text":"10. Huexca","link":"https:\/\/www.grieta.org.mx\/index.php\/category\/espejos-de-la-resistencia\/10-huexca\/"},"img":{"alt_text":"","src":"https:\/\/i0.wp.com\/www.grieta.org.mx\/wp-content\/uploads\/2020\/11\/Captura-de-Pantalla-2020-11-25-a-las-14.17.48.png?resize=350%2C200&ssl=1","width":350,"height":200,"srcset":"https:\/\/i0.wp.com\/www.grieta.org.mx\/wp-content\/uploads\/2020\/11\/Captura-de-Pantalla-2020-11-25-a-las-14.17.48.png?resize=350%2C200&ssl=1 1x, https:\/\/i0.wp.com\/www.grieta.org.mx\/wp-content\/uploads\/2020\/11\/Captura-de-Pantalla-2020-11-25-a-las-14.17.48.png?resize=525%2C300&ssl=1 1.5x, https:\/\/i0.wp.com\/www.grieta.org.mx\/wp-content\/uploads\/2020\/11\/Captura-de-Pantalla-2020-11-25-a-las-14.17.48.png?resize=700%2C400&ssl=1 2x, https:\/\/i0.wp.com\/www.grieta.org.mx\/wp-content\/uploads\/2020\/11\/Captura-de-Pantalla-2020-11-25-a-las-14.17.48.png?resize=1050%2C600&ssl=1 3x, https:\/\/i0.wp.com\/www.grieta.org.mx\/wp-content\/uploads\/2020\/11\/Captura-de-Pantalla-2020-11-25-a-las-14.17.48.png?resize=1400%2C800&ssl=1 4x"},"classes":[]},{"id":53354,"url":"https:\/\/www.grieta.org.mx\/index.php\/2020\/08\/26\/decepciona-el-apoyo-de-amlo-a-termoelectrica-morelos\/","url_meta":{"origin":53357,"position":4},"title":"Decepciona el apoyo de AMLO a termoel\u00e9ctrica  (Morelos)","author":"grieta","date":"26 agosto, 2020","format":false,"excerpt":"Emmanuel Ruiz | El Sol de Cuautla El gobierno la anuncia como una obra que le dar\u00e1 autonom\u00eda a Morelos a la hora de producir su propia energ\u00eda el\u00e9ctrica. Los ejidatarios de Ayala, sin embargo, la ven como un gigante que amenaza con quitarles el agua. Es la termoel\u00e9ctrica de\u2026","rel":"","context":"En &quot;10. Huexca&quot;","block_context":{"text":"10. Huexca","link":"https:\/\/www.grieta.org.mx\/index.php\/category\/espejos-de-la-resistencia\/10-huexca\/"},"img":{"alt_text":"","src":"https:\/\/i0.wp.com\/www.grieta.org.mx\/wp-content\/uploads\/2020\/09\/Termoelectrica.jpg?resize=350%2C200&ssl=1","width":350,"height":200,"srcset":"https:\/\/i0.wp.com\/www.grieta.org.mx\/wp-content\/uploads\/2020\/09\/Termoelectrica.jpg?resize=350%2C200&ssl=1 1x, https:\/\/i0.wp.com\/www.grieta.org.mx\/wp-content\/uploads\/2020\/09\/Termoelectrica.jpg?resize=525%2C300&ssl=1 1.5x, https:\/\/i0.wp.com\/www.grieta.org.mx\/wp-content\/uploads\/2020\/09\/Termoelectrica.jpg?resize=700%2C400&ssl=1 2x"},"classes":[]},{"id":31096,"url":"https:\/\/www.grieta.org.mx\/index.php\/2019\/03\/15\/ejidatarios-mantienen-cinco-amparos-contra-operacion-de-la-termoelectrica-de-huexca\/","url_meta":{"origin":53357,"position":5},"title":"Ejidatarios mantienen cinco amparos contra operaci\u00f3n de la termoel\u00e9ctrica de Huexca","author":"grieta","date":"15 marzo, 2019","format":false,"excerpt":"Jaime Luis Brito \/ Proceso CUERNAVACA, Mor. (apro).- Los ejidos de San Juan Ahuehueyo, Moyotepec y Abelardo Rodr\u00edguez, en el municipio de Ayala, han sido protagonistas en la lucha legal contra la termoel\u00e9ctrica de Huexca y el Proyecto Integral Morelos (PIM), pues han presentado una serie de recursos legales para\u2026","rel":"","context":"En &quot;10. Huexca&quot;","block_context":{"text":"10. Huexca","link":"https:\/\/www.grieta.org.mx\/index.php\/category\/espejos-de-la-resistencia\/10-huexca\/"},"img":{"alt_text":"","src":"https:\/\/i0.wp.com\/www.grieta.org.mx\/wp-content\/uploads\/2019\/03\/La-Huexca-Foto-Margarito-Perez-Retana.jpeg?resize=350%2C200&ssl=1","width":350,"height":200,"srcset":"https:\/\/i0.wp.com\/www.grieta.org.mx\/wp-content\/uploads\/2019\/03\/La-Huexca-Foto-Margarito-Perez-Retana.jpeg?resize=350%2C200&ssl=1 1x, https:\/\/i0.wp.com\/www.grieta.org.mx\/wp-content\/uploads\/2019\/03\/La-Huexca-Foto-Margarito-Perez-Retana.jpeg?resize=525%2C300&ssl=1 1.5x, https:\/\/i0.wp.com\/www.grieta.org.mx\/wp-content\/uploads\/2019\/03\/La-Huexca-Foto-Margarito-Perez-Retana.jpeg?resize=700%2C400&ssl=1 2x"},"classes":[]}],"_links":{"self":[{"href":"https:\/\/www.grieta.org.mx\/index.php\/wp-json\/wp\/v2\/posts\/53357","targetHints":{"allow":["GET"]}}],"collection":[{"href":"https:\/\/www.grieta.org.mx\/index.php\/wp-json\/wp\/v2\/posts"}],"about":[{"href":"https:\/\/www.grieta.org.mx\/index.php\/wp-json\/wp\/v2\/types\/post"}],"author":[{"embeddable":true,"href":"https:\/\/www.grieta.org.mx\/index.php\/wp-json\/wp\/v2\/users\/2"}],"replies":[{"embeddable":true,"href":"https:\/\/www.grieta.org.mx\/index.php\/wp-json\/wp\/v2\/comments?post=53357"}],"version-history":[{"count":1,"href":"https:\/\/www.grieta.org.mx\/index.php\/wp-json\/wp\/v2\/posts\/53357\/revisions"}],"predecessor-version":[{"id":53359,"href":"https:\/\/www.grieta.org.mx\/index.php\/wp-json\/wp\/v2\/posts\/53357\/revisions\/53359"}],"wp:featuredmedia":[{"embeddable":true,"href":"https:\/\/www.grieta.org.mx\/index.php\/wp-json\/wp\/v2\/media\/53358"}],"wp:attachment":[{"href":"https:\/\/www.grieta.org.mx\/index.php\/wp-json\/wp\/v2\/media?parent=53357"}],"wp:term":[{"taxonomy":"category","embeddable":true,"href":"https:\/\/www.grieta.org.mx\/index.php\/wp-json\/wp\/v2\/categories?post=53357"},{"taxonomy":"post_tag","embeddable":true,"href":"https:\/\/www.grieta.org.mx\/index.php\/wp-json\/wp\/v2\/tags?post=53357"}],"curies":[{"name":"wp","href":"https:\/\/api.w.org\/{rel}","templated":true}]}}